{"id":58635,"date":"2024-08-01T12:13:05","date_gmt":"2024-08-01T15:13:05","guid":{"rendered":"https:\/\/ismaelcolosi.com.br\/index.php\/2024\/08\/01\/ribeirao-preto-e-declarada-capital-do-chope-e-das-cervejas-artesanais-entenda\/"},"modified":"2024-08-01T12:13:05","modified_gmt":"2024-08-01T15:13:05","slug":"ribeirao-preto-e-declarada-capital-do-chope-e-das-cervejas-artesanais-entenda","status":"publish","type":"post","link":"https:\/\/ismaelcolosi.com.br\/index.php\/2024\/08\/01\/ribeirao-preto-e-declarada-capital-do-chope-e-das-cervejas-artesanais-entenda\/","title":{"rendered":"Ribeir\u00e3o Preto \u00e9 declarada &#8216;Capital do Chope e das Cervejas Artesanais&#8217;; Entenda"},"content":{"rendered":"<p> <br \/>\n<\/p>\n<div data-td-block-uid=\"tdi_106\">\n<div class=\"tdb-block-inner td-fix-index\">\n<p>Na v\u00e9spera do <strong>Dia Internacional da Cerveja<\/strong>, comemorado em <strong>2 de agosto<\/strong>, <strong>Ribeir\u00e3o Preto<\/strong> foi <strong>oficialmente<\/strong> declarada a <mark style=\"background-color:#fcb900\" class=\"has-inline-color has-black-color\">\u201cCapital do Chope e das Cervejas Artesanais\u201d.<\/mark><\/p>\n<p>O projeto, de autoria do <strong>deputado estadual Rafael Silva<\/strong> (<strong>PSD<\/strong>), foi sancionado nesta <strong>quarta-feira (31 de julho)<\/strong> pelo governado de S\u00e3o Paulo, <strong>Tarc\u00edsio de Freitas<\/strong>, e a lei <a href=\"https:\/\/www.doe.sp.gov.br\/executivo\/leis\/lei-n-18006-de-31-de-julho-de-2024-20240731115210478732\" target=\"_blank\" rel=\"noreferrer noopener\">publicada no Di\u00e1rio Oficial do estado<\/a>, nesta quinta-feira (1\u00ba).<\/p>\n<p>A <strong>justificativa <\/strong>da <strong>proposta <\/strong>apresentada pelo parlamentar \u00e9 um\u00a0<strong>levantamento <\/strong>da plataforma\u00a0Booking.com, especializada em viagens, que em <strong>2021<\/strong> colocou <strong>Ribeir\u00e3o Preto<\/strong> como o melhor destino cervejeiro do mundo.<\/p>\n<p>Segundo o <strong>Anu\u00e1rio da Cerveja no Brasil<\/strong>,\u00a0do<strong>\u00a0<a href=\"https:\/\/www.gov.br\/agricultura\/pt-br\" target=\"_blank\" rel=\"noreferrer noopener\">Minist\u00e9rio da Agricultura, Pecu\u00e1ria e Abastecimento (Mapa)<\/a><\/strong>, com refer\u00eancia em <strong>2023<\/strong>, <strong>Ribeir\u00e3o Preto<\/strong> abriga <strong>17 cervejarias<\/strong>. O munic\u00edpio \u00e9 o <strong>10\u00ba <\/strong>com o <mark style=\"background-color:#fcb900\" class=\"has-inline-color has-black-color\">maior n\u00famero de produtos registrados em cervejarias no pa\u00eds<\/mark>, totalizando <strong>738 registros<\/strong>.<\/p>\n<p>SAIBA MAIS<br \/>Ribeir\u00e3o Preto tem mais de 100 vagas para processo seletivo com sal\u00e1rio de at\u00e9 R$ 5,3 mil<\/p>\n<h4 class=\"wp-block-heading\"><strong>FIQUE ON<\/strong><\/h4>\n<p>Fique ligado em tudo que acontece em Ribeir\u00e3o Preto e regi\u00e3o. Siga os perfis do <strong>acidade on <\/strong>no <a href=\"https:\/\/www.instagram.com\/acidadeonribeirao\" target=\"_blank\" rel=\"noreferrer noopener\">Instagram<\/a> e no <a href=\"https:\/\/www.facebook.com\/acidadeonribeirao\" target=\"_blank\" rel=\"noreferrer noopener\">Facebook<\/a>.<\/p>\n<p>Receba not\u00edcias do acidade on no WhatsApp. Para entrar no grupo, basta <a href=\"https:\/\/chat.whatsapp.com\/Dtv9mxhy6V5BJBotM2OQ5k\" target=\"_blank\" rel=\"noreferrer noopener\">clicar aqui<\/a>.<\/p>\n<p>Fa\u00e7a uma den\u00fancia ou sugira uma reportagem sobre Ribeir\u00e3o Preto e regi\u00e3o pelo WhatsApp: 16 99117 7802.<\/p>\n<p>VEJA TAMB\u00c9M<br \/>Quais casais est\u00e3o juntos em \u2018Brincando com Fogo\u2019?<\/p>\n<p><!-- CONTENT END 1 -->\n<\/div>\n<\/div>\n<p><script async src=\"\/\/www.instagram.com\/embed.js\"><\/script><br \/>\n<br \/><br \/>\n<br \/><a href=\"https:\/\/www.acidadeon.com\/ribeiraopreto\/politica\/ribeirao-preto-e-declarada-capital-do-chope-e-das-cervejas-artesanais-entenda\/\">Source link <\/a><\/p>\n","protected":false},"excerpt":{"rendered":"<p>Na v\u00e9spera do Dia Internacional da Cerveja, comemorado em 2 de agosto, Ribeir\u00e3o Preto foi oficialmente declarada a \u201cCapital do Chope e das Cervejas Artesanais\u201d&#8230;.<\/p>\n","protected":false},"author":1,"featured_media":58636,"comment_status":"open","ping_status":"open","sticky":false,"template":"","format":"standard","meta":{"_uag_custom_page_level_css":"","advanced_seo_description":"","jetpack_seo_html_title":"","jetpack_seo_noindex":false,"jetpack_post_was_ever_published":false,"_jetpack_newsletter_access":"","_jetpack_dont_email_post_to_subs":false,"_jetpack_newsletter_tier_id":0,"_jetpack_memberships_contains_paywalled_content":false,"_jetpack_memberships_contains_paid_content":false,"footnotes":"","jetpack_publicize_message":"","jetpack_publicize_feature_enabled":true,"jetpack_social_post_already_shared":true,"jetpack_social_options":{"image_generator_settings":{"template":"highway","default_image_id":0,"font":"","enabled":false},"version":2}},"categories":[11],"tags":[],"class_list":["post-58635","post","type-post","status-publish","format-standard","has-post-thumbnail","hentry","category-noticias-de-ribeirao-preto-sp-e-regiao-ismael-colosi"],"jetpack_publicize_connections":[],"jetpack_featured_media_url":"https:\/\/i0.wp.com\/ismaelcolosi.com.br\/wp-content\/uploads\/2024\/08\/chope-brinde_2024-08-01_13-41-12_jpg_2024-08-01_13-41-12.webp.webp?fit=612%2C408&ssl=1","uagb_featured_image_src":{"full":["https:\/\/i0.wp.com\/ismaelcolosi.com.br\/wp-content\/uploads\/2024\/08\/chope-brinde_2024-08-01_13-41-12_jpg_2024-08-01_13-41-12.webp.webp?fit=612%2C408&ssl=1",612,408,false],"thumbnail":["https:\/\/i0.wp.com\/ismaelcolosi.com.br\/wp-content\/uploads\/2024\/08\/chope-brinde_2024-08-01_13-41-12_jpg_2024-08-01_13-41-12.webp.webp?resize=150%2C150&ssl=1",150,150,true],"medium":["https:\/\/i0.wp.com\/ismaelcolosi.com.br\/wp-content\/uploads\/2024\/08\/chope-brinde_2024-08-01_13-41-12_jpg_2024-08-01_13-41-12.webp.webp?fit=300%2C200&ssl=1",300,200,true],"medium_large":["https:\/\/i0.wp.com\/ismaelcolosi.com.br\/wp-content\/uploads\/2024\/08\/chope-brinde_2024-08-01_13-41-12_jpg_2024-08-01_13-41-12.webp.webp?fit=612%2C408&ssl=1",612,408,true],"large":["https:\/\/i0.wp.com\/ismaelcolosi.com.br\/wp-content\/uploads\/2024\/08\/chope-brinde_2024-08-01_13-41-12_jpg_2024-08-01_13-41-12.webp.webp?fit=612%2C408&ssl=1",612,408,true],"1536x1536":["https:\/\/i0.wp.com\/ismaelcolosi.com.br\/wp-content\/uploads\/2024\/08\/chope-brinde_2024-08-01_13-41-12_jpg_2024-08-01_13-41-12.webp.webp?fit=612%2C408&ssl=1",612,408,true],"2048x2048":["https:\/\/i0.wp.com\/ismaelcolosi.com.br\/wp-content\/uploads\/2024\/08\/chope-brinde_2024-08-01_13-41-12_jpg_2024-08-01_13-41-12.webp.webp?fit=612%2C408&ssl=1",612,408,true],"really-simple-thumb":["https:\/\/i0.wp.com\/ismaelcolosi.com.br\/wp-content\/uploads\/2024\/08\/chope-brinde_2024-08-01_13-41-12_jpg_2024-08-01_13-41-12.webp.webp?resize=370%2C247&ssl=1",370,247,true]},"uagb_author_info":{"display_name":"ismaelcolosi.com.br","author_link":"https:\/\/ismaelcolosi.com.br\/index.php\/author\/vidareal-online\/"},"uagb_comment_info":0,"uagb_excerpt":"Na v\u00e9spera do Dia Internacional da Cerveja, comemorado em 2 de agosto, Ribeir\u00e3o Preto foi oficialmente declarada a \u201cCapital do Chope e das Cervejas Artesanais\u201d....","jetpack-related-posts":[{"id":58918,"url":"https:\/\/ismaelcolosi.com.br\/index.php\/2024\/08\/04\/ribeirao-preto-tem-duas-vocacoes-segundo-secretario-de-tarcisio-veja-quais-sao\/","url_meta":{"origin":58635,"position":0},"title":"Ribeir\u00e3o Preto tem duas voca\u00e7\u00f5es, segundo secret\u00e1rio de Tarc\u00edsio; Veja quais s\u00e3o","author":"ismaelcolosi.com.br","date":"4 de August de 2024","format":false,"excerpt":"O secret\u00e1rio de Desenvolvimento Econ\u00f4mico de S\u00e3o Paulo, Jorge Lima, afirmou que Ribeir\u00e3o Preto n\u00e3o pode depender de apenas uma voca\u00e7\u00e3o na economia. Em entrevista ao acidade on Ribeir\u00e3o, o secret\u00e1rio afirma que o t\u00edtulo de Capital do Chope e das Cervejas Artesanais pode facilitar o desenvolvimento dessa ind\u00fastria na\u2026","rel":"","context":"In &quot;Not\u00edcias de Ribeir\u00e3o Preto-SP e Regi\u00e3o&quot;","block_context":{"text":"Not\u00edcias de Ribeir\u00e3o Preto-SP e Regi\u00e3o","link":"https:\/\/ismaelcolosi.com.br\/index.php\/category\/noticias-de-ribeirao-preto-sp-e-regiao-ismael-colosi\/"},"img":{"alt_text":"","src":"https:\/\/i0.wp.com\/ismaelcolosi.com.br\/wp-content\/uploads\/2024\/08\/WhatsApp-Image-2024-08-04-at-09.05.30_2024-08-04_12-37-47_jpeg_2024-08-04_12-37-47.webp.webp?fit=1200%2C900&ssl=1&resize=350%2C200","width":350,"height":200,"srcset":"https:\/\/i0.wp.com\/ismaelcolosi.com.br\/wp-content\/uploads\/2024\/08\/WhatsApp-Image-2024-08-04-at-09.05.30_2024-08-04_12-37-47_jpeg_2024-08-04_12-37-47.webp.webp?fit=1200%2C900&ssl=1&resize=350%2C200 1x, https:\/\/i0.wp.com\/ismaelcolosi.com.br\/wp-content\/uploads\/2024\/08\/WhatsApp-Image-2024-08-04-at-09.05.30_2024-08-04_12-37-47_jpeg_2024-08-04_12-37-47.webp.webp?fit=1200%2C900&ssl=1&resize=525%2C300 1.5x, https:\/\/i0.wp.com\/ismaelcolosi.com.br\/wp-content\/uploads\/2024\/08\/WhatsApp-Image-2024-08-04-at-09.05.30_2024-08-04_12-37-47_jpeg_2024-08-04_12-37-47.webp.webp?fit=1200%2C900&ssl=1&resize=700%2C400 2x, https:\/\/i0.wp.com\/ismaelcolosi.com.br\/wp-content\/uploads\/2024\/08\/WhatsApp-Image-2024-08-04-at-09.05.30_2024-08-04_12-37-47_jpeg_2024-08-04_12-37-47.webp.webp?fit=1200%2C900&ssl=1&resize=1050%2C600 3x"},"classes":[]},{"id":31716,"url":"https:\/\/ismaelcolosi.com.br\/index.php\/2024\/01\/23\/ribeirao-recebe-novo-evento-de-carros-antigos-com-chope-e-food-trucks-veja-quando\/","url_meta":{"origin":58635,"position":1},"title":"Ribeir\u00e3o recebe novo evento de carros antigos com chope e food trucks; Veja quando","author":"ismaelcolosi.com.br","date":"23 de January de 2024","format":false,"excerpt":"Neste domingo (28), Ribeir\u00e3o Preto recebe mais um evento para quem \u00e9 apaixonado por carros antigos. A primeira edi\u00e7\u00e3o do \u201cSunday Volks Day\u201d acontece a partir das 9h, no Espa\u00e7o Pantanal, na zona Sul da cidade. Os interessados em participar do evento, ou at\u00e9 mesmo expor o seu ve\u00edculo cl\u00e1ssico,\u2026","rel":"","context":"In &quot;Not\u00edcias de Ribeir\u00e3o Preto-SP e Regi\u00e3o&quot;","block_context":{"text":"Not\u00edcias de Ribeir\u00e3o Preto-SP e Regi\u00e3o","link":"https:\/\/ismaelcolosi.com.br\/index.php\/category\/noticias-de-ribeirao-preto-sp-e-regiao-ismael-colosi\/"},"img":{"alt_text":"","src":"https:\/\/i0.wp.com\/ismaelcolosi.com.br\/wp-content\/uploads\/2024\/01\/Copia-de-Copia-de-TAMANHO-EXATO-PARA-FOTOS-NO-SISTEMA-NOVO-2-1.jpg?fit=1200%2C675&ssl=1&resize=350%2C200","width":350,"height":200,"srcset":"https:\/\/i0.wp.com\/ismaelcolosi.com.br\/wp-content\/uploads\/2024\/01\/Copia-de-Copia-de-TAMANHO-EXATO-PARA-FOTOS-NO-SISTEMA-NOVO-2-1.jpg?fit=1200%2C675&ssl=1&resize=350%2C200 1x, https:\/\/i0.wp.com\/ismaelcolosi.com.br\/wp-content\/uploads\/2024\/01\/Copia-de-Copia-de-TAMANHO-EXATO-PARA-FOTOS-NO-SISTEMA-NOVO-2-1.jpg?fit=1200%2C675&ssl=1&resize=525%2C300 1.5x, https:\/\/i0.wp.com\/ismaelcolosi.com.br\/wp-content\/uploads\/2024\/01\/Copia-de-Copia-de-TAMANHO-EXATO-PARA-FOTOS-NO-SISTEMA-NOVO-2-1.jpg?fit=1200%2C675&ssl=1&resize=700%2C400 2x, https:\/\/i0.wp.com\/ismaelcolosi.com.br\/wp-content\/uploads\/2024\/01\/Copia-de-Copia-de-TAMANHO-EXATO-PARA-FOTOS-NO-SISTEMA-NOVO-2-1.jpg?fit=1200%2C675&ssl=1&resize=1050%2C600 3x"},"classes":[]},{"id":55313,"url":"https:\/\/ismaelcolosi.com.br\/index.php\/2024\/07\/02\/ribeirao-preto-tem-feira-de-vinil-com-musica-ao-vivo-chope-artesanal-e-food-trucks\/","url_meta":{"origin":58635,"position":2},"title":"Ribeir\u00e3o Preto tem feira de vinil com m\u00fasica ao vivo, chope artesanal e food trucks","author":"ismaelcolosi.com.br","date":"2 de July de 2024","format":false,"excerpt":"Ribeir\u00e3o Preto\u00a0recebe no s\u00e1bado (6), a\u00a0Feira de Vinil Ribeir\u00e3o, das 10h \u00e0s 19h, na Cer\u00e2mica S\u00e3o Luiz, na zona Norte da cidade. O evento \u00e9\u00a0gratuito\u00a0e\u00a0aberto ao p\u00fablico. A feira conta com cervejas e chopes artesanais, food trucks, expositores, parque infantil, bate-papo cultural, tatuagem e piercing. A programa\u00e7\u00e3o musical fica por\u2026","rel":"","context":"In &quot;Not\u00edcias de Ribeir\u00e3o Preto-SP e Regi\u00e3o&quot;","block_context":{"text":"Not\u00edcias de Ribeir\u00e3o Preto-SP e Regi\u00e3o","link":"https:\/\/ismaelcolosi.com.br\/index.php\/category\/noticias-de-ribeirao-preto-sp-e-regiao-ismael-colosi\/"},"img":{"alt_text":"","src":"https:\/\/i0.wp.com\/ismaelcolosi.com.br\/wp-content\/uploads\/2024\/07\/container-1867697_1280_2024-07-02_12-45-08_jpg_2024-07-02_12-45-08.webp.webp?fit=1200%2C740&ssl=1&resize=350%2C200","width":350,"height":200,"srcset":"https:\/\/i0.wp.com\/ismaelcolosi.com.br\/wp-content\/uploads\/2024\/07\/container-1867697_1280_2024-07-02_12-45-08_jpg_2024-07-02_12-45-08.webp.webp?fit=1200%2C740&ssl=1&resize=350%2C200 1x, https:\/\/i0.wp.com\/ismaelcolosi.com.br\/wp-content\/uploads\/2024\/07\/container-1867697_1280_2024-07-02_12-45-08_jpg_2024-07-02_12-45-08.webp.webp?fit=1200%2C740&ssl=1&resize=525%2C300 1.5x, https:\/\/i0.wp.com\/ismaelcolosi.com.br\/wp-content\/uploads\/2024\/07\/container-1867697_1280_2024-07-02_12-45-08_jpg_2024-07-02_12-45-08.webp.webp?fit=1200%2C740&ssl=1&resize=700%2C400 2x, https:\/\/i0.wp.com\/ismaelcolosi.com.br\/wp-content\/uploads\/2024\/07\/container-1867697_1280_2024-07-02_12-45-08_jpg_2024-07-02_12-45-08.webp.webp?fit=1200%2C740&ssl=1&resize=1050%2C600 3x"},"classes":[]},{"id":54894,"url":"https:\/\/ismaelcolosi.com.br\/index.php\/2024\/06\/28\/sextou-confira-10-cervejarias-artesanais-para-curtir-em-ribeirao-preto-e-regiao\/","url_meta":{"origin":58635,"position":3},"title":"Sextou! Confira 10 cervejarias artesanais para curtir em Ribeir\u00e3o Preto e regi\u00e3o","author":"ismaelcolosi.com.br","date":"28 de June de 2024","format":false,"excerpt":"As cervejarias artesanais ca\u00edram no gosto dos apreciadores em Ribeir\u00e3o Preto e regi\u00e3o. Ribeir\u00e3o est\u00e1 entre 15 munic\u00edpios em todo o Brasil com mais de 500 registros de cerveja. S\u00e3o 738 produtos na cidade, segundo dados do Anu\u00e1rio da Cerveja no Brasil, do Minist\u00e9rio da Agricultura, Pecu\u00e1ria e Abastecimento (Mapa),\u2026","rel":"","context":"In &quot;Not\u00edcias de Ribeir\u00e3o Preto-SP e Regi\u00e3o&quot;","block_context":{"text":"Not\u00edcias de Ribeir\u00e3o Preto-SP e Regi\u00e3o","link":"https:\/\/ismaelcolosi.com.br\/index.php\/category\/noticias-de-ribeirao-preto-sp-e-regiao-ismael-colosi\/"},"img":{"alt_text":"","src":"https:\/\/i0.wp.com\/ismaelcolosi.com.br\/wp-content\/uploads\/2024\/06\/capital-do-chope-e-da-cerveja-artesanal.jpg?fit=1200%2C800&ssl=1&resize=350%2C200","width":350,"height":200,"srcset":"https:\/\/i0.wp.com\/ismaelcolosi.com.br\/wp-content\/uploads\/2024\/06\/capital-do-chope-e-da-cerveja-artesanal.jpg?fit=1200%2C800&ssl=1&resize=350%2C200 1x, https:\/\/i0.wp.com\/ismaelcolosi.com.br\/wp-content\/uploads\/2024\/06\/capital-do-chope-e-da-cerveja-artesanal.jpg?fit=1200%2C800&ssl=1&resize=525%2C300 1.5x, https:\/\/i0.wp.com\/ismaelcolosi.com.br\/wp-content\/uploads\/2024\/06\/capital-do-chope-e-da-cerveja-artesanal.jpg?fit=1200%2C800&ssl=1&resize=700%2C400 2x, https:\/\/i0.wp.com\/ismaelcolosi.com.br\/wp-content\/uploads\/2024\/06\/capital-do-chope-e-da-cerveja-artesanal.jpg?fit=1200%2C800&ssl=1&resize=1050%2C600 3x"},"classes":[]},{"id":58664,"url":"https:\/\/ismaelcolosi.com.br\/index.php\/2024\/08\/01\/gastronomia-na-casacor-ribeirao-preto-mostra-ganha-cardapios-especiais\/","url_meta":{"origin":58635,"position":4},"title":"Gastronomia na Casacor Ribeir\u00e3o Preto; mostra ganha card\u00e1pios especiais","author":"ismaelcolosi.com.br","date":"1 de August de 2024","format":false,"excerpt":"A gastronomia tamb\u00e9m marca presen\u00e7a na Casacor Ribeir\u00e3o Preto, que acontece entre os dias 20 de agosto e 20 de outubro. O evento que apresenta inspira\u00e7\u00f5es nos segmentos de arquitetura, paisagismo, arte e design de interiores, vai ganhar card\u00e1pios especiais com espa\u00e7os operados por estabelecimentos da cidade. O Latulia Restaurante\u2026","rel":"","context":"In &quot;Not\u00edcias de Ribeir\u00e3o Preto-SP e Regi\u00e3o&quot;","block_context":{"text":"Not\u00edcias de Ribeir\u00e3o Preto-SP e Regi\u00e3o","link":"https:\/\/ismaelcolosi.com.br\/index.php\/category\/noticias-de-ribeirao-preto-sp-e-regiao-ismael-colosi\/"},"img":{"alt_text":"","src":"https:\/\/i0.wp.com\/ismaelcolosi.com.br\/wp-content\/uploads\/2024\/08\/casacor_2024-08-01_17-57-53_jpeg_2024-08-01_17-57-53.webp.webp?fit=1200%2C900&ssl=1&resize=350%2C200","width":350,"height":200,"srcset":"https:\/\/i0.wp.com\/ismaelcolosi.com.br\/wp-content\/uploads\/2024\/08\/casacor_2024-08-01_17-57-53_jpeg_2024-08-01_17-57-53.webp.webp?fit=1200%2C900&ssl=1&resize=350%2C200 1x, https:\/\/i0.wp.com\/ismaelcolosi.com.br\/wp-content\/uploads\/2024\/08\/casacor_2024-08-01_17-57-53_jpeg_2024-08-01_17-57-53.webp.webp?fit=1200%2C900&ssl=1&resize=525%2C300 1.5x, https:\/\/i0.wp.com\/ismaelcolosi.com.br\/wp-content\/uploads\/2024\/08\/casacor_2024-08-01_17-57-53_jpeg_2024-08-01_17-57-53.webp.webp?fit=1200%2C900&ssl=1&resize=700%2C400 2x, https:\/\/i0.wp.com\/ismaelcolosi.com.br\/wp-content\/uploads\/2024\/08\/casacor_2024-08-01_17-57-53_jpeg_2024-08-01_17-57-53.webp.webp?fit=1200%2C900&ssl=1&resize=1050%2C600 3x"},"classes":[]},{"id":64292,"url":"https:\/\/ismaelcolosi.com.br\/index.php\/2024\/09\/06\/champions-beer-ribeirao-preto-recebe-festival-de-cervejas-artesanais\/","url_meta":{"origin":58635,"position":5},"title":"Champions Beer: Ribeir\u00e3o Preto recebe festival de cervejas artesanais","author":"ismaelcolosi.com.br","date":"6 de September de 2024","format":false,"excerpt":"Acontece neste final de semana o festival de cervejas artesanais Champions Beer, no Shopping Iguatemi, em Ribeir\u00e3o Preto. A abertura do festival acontece nesta sexta-feira (6), a partir das 17h. No s\u00e1bado (7) e no domingo (8) a abertura ser\u00e1 \u00e0s 12h. O evento ser\u00e1 retomado entre os dias 13\u2026","rel":"","context":"In &quot;Not\u00edcias de Ribeir\u00e3o Preto-SP e Regi\u00e3o&quot;","block_context":{"text":"Not\u00edcias de Ribeir\u00e3o Preto-SP e Regi\u00e3o","link":"https:\/\/ismaelcolosi.com.br\/index.php\/category\/noticias-de-ribeirao-preto-sp-e-regiao-ismael-colosi\/"},"img":{"alt_text":"","src":"https:\/\/i0.wp.com\/ismaelcolosi.com.br\/wp-content\/uploads\/2024\/09\/champions-beer_2024-09-06_17-47-35_jpeg_2024-09-06_17-47-35.webp.webp?fit=1200%2C675&ssl=1&resize=350%2C200","width":350,"height":200,"srcset":"https:\/\/i0.wp.com\/ismaelcolosi.com.br\/wp-content\/uploads\/2024\/09\/champions-beer_2024-09-06_17-47-35_jpeg_2024-09-06_17-47-35.webp.webp?fit=1200%2C675&ssl=1&resize=350%2C200 1x, https:\/\/i0.wp.com\/ismaelcolosi.com.br\/wp-content\/uploads\/2024\/09\/champions-beer_2024-09-06_17-47-35_jpeg_2024-09-06_17-47-35.webp.webp?fit=1200%2C675&ssl=1&resize=525%2C300 1.5x, https:\/\/i0.wp.com\/ismaelcolosi.com.br\/wp-content\/uploads\/2024\/09\/champions-beer_2024-09-06_17-47-35_jpeg_2024-09-06_17-47-35.webp.webp?fit=1200%2C675&ssl=1&resize=700%2C400 2x, https:\/\/i0.wp.com\/ismaelcolosi.com.br\/wp-content\/uploads\/2024\/09\/champions-beer_2024-09-06_17-47-35_jpeg_2024-09-06_17-47-35.webp.webp?fit=1200%2C675&ssl=1&resize=1050%2C600 3x"},"classes":[]}],"jetpack_sharing_enabled":true,"jetpack_shortlink":"https:\/\/wp.me\/pfMlyK-ffJ","_links":{"self":[{"href":"https:\/\/ismaelcolosi.com.br\/index.php\/wp-json\/wp\/v2\/posts\/58635","targetHints":{"allow":["GET"]}}],"collection":[{"href":"https:\/\/ismaelcolosi.com.br\/index.php\/wp-json\/wp\/v2\/posts"}],"about":[{"href":"https:\/\/ismaelcolosi.com.br\/index.php\/wp-json\/wp\/v2\/types\/post"}],"author":[{"embeddable":true,"href":"https:\/\/ismaelcolosi.com.br\/index.php\/wp-json\/wp\/v2\/users\/1"}],"replies":[{"embeddable":true,"href":"https:\/\/ismaelcolosi.com.br\/index.php\/wp-json\/wp\/v2\/comments?post=58635"}],"version-history":[{"count":0,"href":"https:\/\/ismaelcolosi.com.br\/index.php\/wp-json\/wp\/v2\/posts\/58635\/revisions"}],"wp:featuredmedia":[{"embeddable":true,"href":"https:\/\/ismaelcolosi.com.br\/index.php\/wp-json\/wp\/v2\/media\/58636"}],"wp:attachment":[{"href":"https:\/\/ismaelcolosi.com.br\/index.php\/wp-json\/wp\/v2\/media?parent=58635"}],"wp:term":[{"taxonomy":"category","embeddable":true,"href":"https:\/\/ismaelcolosi.com.br\/index.php\/wp-json\/wp\/v2\/categories?post=58635"},{"taxonomy":"post_tag","embeddable":true,"href":"https:\/\/ismaelcolosi.com.br\/index.php\/wp-json\/wp\/v2\/tags?post=58635"}],"curies":[{"name":"wp","href":"https:\/\/api.w.org\/{rel}","templated":true}]}}