{"id":58631,"date":"2024-08-01T11:56:37","date_gmt":"2024-08-01T14:56:37","guid":{"rendered":"https:\/\/ismaelcolosi.com.br\/index.php\/2024\/08\/01\/feira-do-livro-de-ribeirao-preto-recebe-peca-teatral-gratuita-sobre-sustentabilidade\/"},"modified":"2024-08-01T11:56:37","modified_gmt":"2024-08-01T14:56:37","slug":"feira-do-livro-de-ribeirao-preto-recebe-peca-teatral-gratuita-sobre-sustentabilidade","status":"publish","type":"post","link":"https:\/\/ismaelcolosi.com.br\/index.php\/2024\/08\/01\/feira-do-livro-de-ribeirao-preto-recebe-peca-teatral-gratuita-sobre-sustentabilidade\/","title":{"rendered":"Feira do Livro de Ribeir\u00e3o Preto recebe pe\u00e7a teatral gratuita sobre sustentabilidade"},"content":{"rendered":"<p> <br \/>\n<\/p>\n<div data-td-block-uid=\"tdi_106\">\n<div class=\"tdb-block-inner td-fix-index\">\n<p>A <strong>23\u00aa Feira Internacional do Livro de Ribeir\u00e3o Preto<\/strong>, que come\u00e7ou nesta <strong>quinta-feira (1)<\/strong> e tem na programa\u00e7\u00e3o <strong>mais de 400 atividades gratuitas<\/strong> recebe a pe\u00e7a teatral \u201c<strong>O Rastro do Meu Passo<\/strong>\u201d, projeto que une <strong>sustentabilidade<\/strong>,<strong> inclus\u00e3o<\/strong> e <strong>ocupa\u00e7\u00e3o urbana<\/strong>.<\/p>\n<p>A apresenta\u00e7\u00e3o acontece neste<strong> domingo (4)<\/strong>, \u00e0s <strong>10h<\/strong>, no<strong> Espa\u00e7o Ambient de Leitura<\/strong>, na <strong>Esplanada do Theatro Pedro II<\/strong>. O<strong> projeto h\u00edbrido<\/strong> <strong>de teatro<\/strong> \u00e9 resultado da pesquisa art\u00edstica das atrizes <strong>Miriam Fontona<\/strong> e <strong>Luara Pepita<\/strong> sobre gest\u00e3o de res\u00edduos s\u00f3lidos, ao longo dos \u00faltimos anos.<\/p>\n<h4 class=\"wp-block-heading\"><strong>A pe\u00e7a<\/strong><\/h4>\n<p>Durante a <strong>performance<\/strong>, os <strong>atores andam pelas ruas <\/strong>interagindo com pessoas e espa\u00e7os, usando figurinos totalmente confeccionados com <strong>res\u00edduos s\u00f3lidos<\/strong>, <mark style=\"background-color:#fcb900\" class=\"has-inline-color has-black-color\">sem nenhuma parte do corpo \u00e0 vista.<\/mark><\/p>\n<p>O elenco ser\u00e1 acompanhado por <strong>10 novos integrantes <\/strong>de institui\u00e7\u00f5es parceiras. Eles estar\u00e3o, parcialmente, vestidos com res\u00edduos, como se <strong>estivessem em transforma\u00e7\u00e3o<\/strong>, dando ao p\u00fablico a sensa\u00e7\u00e3o de que aqueles \u201cseres-lixo\u201d est\u00e3o em <strong>metamorfose<\/strong>. \u00a0<\/p>\n<p>Ap\u00f3s a apresenta\u00e7\u00e3o acontece o bate-papo \u201c<strong>E A\u00cd?<\/strong>\u201d, que junto ao p\u00fablico promove a reflex\u00e3o sobre a arte e os temas abordados.<\/p>\n<h4 class=\"wp-block-heading\"><strong>Servi\u00e7o<\/strong>:<\/h4>\n<p><em>O Rastro do Meu Passo <\/em><\/p>\n<p><strong>Quando:<\/strong> 4 de agosto, domingo <br \/><strong>Hor\u00e1rio:<\/strong> 10h<br \/><strong>Local: <\/strong>Espa\u00e7o Ambient de Leitura \u2013 Esplanada do Theatro Pedro II<br \/><strong>Entrada gratuita<\/strong><\/p>\n<p>SAIBA MAIS<br \/>Veja a programa\u00e7\u00e3o do primeiro dia da Feira do Livro de Ribeir\u00e3o Preto<\/p>\n<h4 class=\"wp-block-heading\"><strong>FIQUE ON<\/strong><\/h4>\n<p>Fique ligado em tudo que acontece em Ribeir\u00e3o Preto e regi\u00e3o. Siga os perfis do <strong>acidade on <\/strong>no <a href=\"https:\/\/www.instagram.com\/acidadeonribeirao\" target=\"_blank\" rel=\"noreferrer noopener\">Instagram<\/a> e no <a href=\"https:\/\/www.facebook.com\/acidadeonribeirao\" target=\"_blank\" rel=\"noreferrer noopener\">Facebook<\/a>.<\/p>\n<p>Receba not\u00edcias do acidade on no WhatsApp. Para entrar no grupo, basta <a href=\"https:\/\/chat.whatsapp.com\/Dtv9mxhy6V5BJBotM2OQ5k\" target=\"_blank\" rel=\"noreferrer noopener\">clicar aqui<\/a>.<\/p>\n<p>Fa\u00e7a uma den\u00fancia ou sugira uma reportagem sobre Ribeir\u00e3o Preto e regi\u00e3o pelo WhatsApp: 16 99117 7802.<\/p>\n<p>VEJA TAMB\u00c9M<br \/>Quantas temporadas tem \u2018Brincando com Fogo\u2019?<\/p>\n<p><!-- CONTENT END 1 -->\n<\/div>\n<\/div>\n<p><script async src=\"\/\/www.instagram.com\/embed.js\"><\/script><br \/>\n<br \/><br \/>\n<br \/><a href=\"https:\/\/www.acidadeon.com\/ribeiraopreto\/lazer-e-cultura\/feira-do-livro-de-ribeirao-preto-recebe-peca-teatral-gratuita-sobre-sustentabilidade\/\">Source link <\/a><\/p>\n","protected":false},"excerpt":{"rendered":"<p>A 23\u00aa Feira Internacional do Livro de Ribeir\u00e3o Preto, que come\u00e7ou nesta quinta-feira (1) e tem na programa\u00e7\u00e3o mais de 400 atividades gratuitas recebe a&#8230;<\/p>\n","protected":false},"author":1,"featured_media":58632,"comment_status":"open","ping_status":"open","sticky":false,"template":"","format":"standard","meta":{"_uag_custom_page_level_css":"","advanced_seo_description":"","jetpack_seo_html_title":"","jetpack_seo_noindex":false,"jetpack_post_was_ever_published":false,"_jetpack_newsletter_access":"","_jetpack_dont_email_post_to_subs":false,"_jetpack_newsletter_tier_id":0,"_jetpack_memberships_contains_paywalled_content":false,"_jetpack_memberships_contains_paid_content":false,"footnotes":"","jetpack_publicize_message":"","jetpack_publicize_feature_enabled":true,"jetpack_social_post_already_shared":true,"jetpack_social_options":{"image_generator_settings":{"template":"highway","default_image_id":0,"font":"","enabled":false},"version":2}},"categories":[11],"tags":[],"class_list":["post-58631","post","type-post","status-publish","format-standard","has-post-thumbnail","hentry","category-noticias-de-ribeirao-preto-sp-e-regiao-ismael-colosi"],"jetpack_publicize_connections":[],"jetpack_featured_media_url":"https:\/\/i0.wp.com\/ismaelcolosi.com.br\/wp-content\/uploads\/2024\/08\/Copia-de-Copia-de-TAMANHO-EXATO-PARA-FOTOS-NO-SISTEMA-NOVO-23_2024-08-01_12-57-13_jpg_2024-08-01_12-57-13.webp.webp?fit=1200%2C675&ssl=1","uagb_featured_image_src":{"full":["https:\/\/i0.wp.com\/ismaelcolosi.com.br\/wp-content\/uploads\/2024\/08\/Copia-de-Copia-de-TAMANHO-EXATO-PARA-FOTOS-NO-SISTEMA-NOVO-23_2024-08-01_12-57-13_jpg_2024-08-01_12-57-13.webp.webp?fit=1200%2C675&ssl=1",1200,675,false],"thumbnail":["https:\/\/i0.wp.com\/ismaelcolosi.com.br\/wp-content\/uploads\/2024\/08\/Copia-de-Copia-de-TAMANHO-EXATO-PARA-FOTOS-NO-SISTEMA-NOVO-23_2024-08-01_12-57-13_jpg_2024-08-01_12-57-13.webp.webp?resize=150%2C150&ssl=1",150,150,true],"medium":["https:\/\/i0.wp.com\/ismaelcolosi.com.br\/wp-content\/uploads\/2024\/08\/Copia-de-Copia-de-TAMANHO-EXATO-PARA-FOTOS-NO-SISTEMA-NOVO-23_2024-08-01_12-57-13_jpg_2024-08-01_12-57-13.webp.webp?fit=300%2C169&ssl=1",300,169,true],"medium_large":["https:\/\/i0.wp.com\/ismaelcolosi.com.br\/wp-content\/uploads\/2024\/08\/Copia-de-Copia-de-TAMANHO-EXATO-PARA-FOTOS-NO-SISTEMA-NOVO-23_2024-08-01_12-57-13_jpg_2024-08-01_12-57-13.webp.webp?fit=768%2C432&ssl=1",768,432,true],"large":["https:\/\/i0.wp.com\/ismaelcolosi.com.br\/wp-content\/uploads\/2024\/08\/Copia-de-Copia-de-TAMANHO-EXATO-PARA-FOTOS-NO-SISTEMA-NOVO-23_2024-08-01_12-57-13_jpg_2024-08-01_12-57-13.webp.webp?fit=1024%2C576&ssl=1",1024,576,true],"1536x1536":["https:\/\/i0.wp.com\/ismaelcolosi.com.br\/wp-content\/uploads\/2024\/08\/Copia-de-Copia-de-TAMANHO-EXATO-PARA-FOTOS-NO-SISTEMA-NOVO-23_2024-08-01_12-57-13_jpg_2024-08-01_12-57-13.webp.webp?fit=1200%2C675&ssl=1",1200,675,true],"2048x2048":["https:\/\/i0.wp.com\/ismaelcolosi.com.br\/wp-content\/uploads\/2024\/08\/Copia-de-Copia-de-TAMANHO-EXATO-PARA-FOTOS-NO-SISTEMA-NOVO-23_2024-08-01_12-57-13_jpg_2024-08-01_12-57-13.webp.webp?fit=1200%2C675&ssl=1",1200,675,true],"really-simple-thumb":["https:\/\/i0.wp.com\/ismaelcolosi.com.br\/wp-content\/uploads\/2024\/08\/Copia-de-Copia-de-TAMANHO-EXATO-PARA-FOTOS-NO-SISTEMA-NOVO-23_2024-08-01_12-57-13_jpg_2024-08-01_12-57-13.webp.webp?resize=370%2C247&ssl=1",370,247,true]},"uagb_author_info":{"display_name":"ismaelcolosi.com.br","author_link":"https:\/\/ismaelcolosi.com.br\/index.php\/author\/vidareal-online\/"},"uagb_comment_info":0,"uagb_excerpt":"A 23\u00aa Feira Internacional do Livro de Ribeir\u00e3o Preto, que come\u00e7ou nesta quinta-feira (1) e tem na programa\u00e7\u00e3o mais de 400 atividades gratuitas recebe a...","jetpack-related-posts":[{"id":58647,"url":"https:\/\/ismaelcolosi.com.br\/index.php\/2024\/08\/01\/usp-ribeirao-preto-abre-inscricoes-para-atividades-esportivas-destinadas-a-criancas\/","url_meta":{"origin":58631,"position":0},"title":"USP Ribeir\u00e3o Preto abre inscri\u00e7\u00f5es para atividades esportivas destinadas a crian\u00e7as","author":"ismaelcolosi.com.br","date":"1 de August de 2024","format":false,"excerpt":"A USP (Universidade de S\u00e3o Paulo) de Ribeir\u00e3o Preto, por meio da Escola de Educa\u00e7\u00e3o F\u00edsica e Esportes, est\u00e1 com inscri\u00e7\u00f5es abertas para aulas gratuitas de diversas modalidades esportivas, destinadas a crian\u00e7as, de 7 a 10 anos de idade. As vagas s\u00e3o limitadas. Para se inscrever no projeto \u201cEscolinha Multiesportes\u201d\u2026","rel":"","context":"In &quot;Not\u00edcias de Ribeir\u00e3o Preto-SP e Regi\u00e3o&quot;","block_context":{"text":"Not\u00edcias de Ribeir\u00e3o Preto-SP e Regi\u00e3o","link":"https:\/\/ismaelcolosi.com.br\/index.php\/category\/noticias-de-ribeirao-preto-sp-e-regiao-ismael-colosi\/"},"img":{"alt_text":"","src":"https:\/\/i0.wp.com\/ismaelcolosi.com.br\/wp-content\/uploads\/2024\/08\/Copia-de-Copia-de-TAMANHO-EXATO-PARA-FOTOS-NO-SISTEMA-NOVO-2_2024-08-01_15-44-56_png_2024-08-01_15-44-56.webp.webp?fit=1200%2C675&ssl=1&resize=350%2C200","width":350,"height":200,"srcset":"https:\/\/i0.wp.com\/ismaelcolosi.com.br\/wp-content\/uploads\/2024\/08\/Copia-de-Copia-de-TAMANHO-EXATO-PARA-FOTOS-NO-SISTEMA-NOVO-2_2024-08-01_15-44-56_png_2024-08-01_15-44-56.webp.webp?fit=1200%2C675&ssl=1&resize=350%2C200 1x, https:\/\/i0.wp.com\/ismaelcolosi.com.br\/wp-content\/uploads\/2024\/08\/Copia-de-Copia-de-TAMANHO-EXATO-PARA-FOTOS-NO-SISTEMA-NOVO-2_2024-08-01_15-44-56_png_2024-08-01_15-44-56.webp.webp?fit=1200%2C675&ssl=1&resize=525%2C300 1.5x, https:\/\/i0.wp.com\/ismaelcolosi.com.br\/wp-content\/uploads\/2024\/08\/Copia-de-Copia-de-TAMANHO-EXATO-PARA-FOTOS-NO-SISTEMA-NOVO-2_2024-08-01_15-44-56_png_2024-08-01_15-44-56.webp.webp?fit=1200%2C675&ssl=1&resize=700%2C400 2x, https:\/\/i0.wp.com\/ismaelcolosi.com.br\/wp-content\/uploads\/2024\/08\/Copia-de-Copia-de-TAMANHO-EXATO-PARA-FOTOS-NO-SISTEMA-NOVO-2_2024-08-01_15-44-56_png_2024-08-01_15-44-56.webp.webp?fit=1200%2C675&ssl=1&resize=1050%2C600 3x"},"classes":[]},{"id":41823,"url":"https:\/\/ismaelcolosi.com.br\/index.php\/2024\/03\/11\/zona-norte-de-ribeirao-recebe-apresentacao-teatral-gratuita-saiba-como-assistir\/","url_meta":{"origin":58631,"position":1},"title":"Zona Norte de Ribeir\u00e3o recebe apresenta\u00e7\u00e3o teatral gratuita; Saiba como assistir","author":"ismaelcolosi.com.br","date":"11 de March de 2024","format":false,"excerpt":"Nesta semana, nos dias 13, 14 e 15 de mar\u00e7o, alunos do ensino m\u00e9dio de duas escolas estaduais do Quintino Facci II, na zona Norte de Ribeir\u00e3o Preto, e o p\u00fablico em geral poder\u00e3o assistir a pe\u00e7a \u201cAnDan\u00e7a da Morte e dUmZ\u00e9\u201d, do grupo teatral ApanelA. A apresenta\u00e7\u00e3o tem classifica\u00e7\u00e3o\u2026","rel":"","context":"In &quot;Not\u00edcias de Ribeir\u00e3o Preto-SP e Regi\u00e3o&quot;","block_context":{"text":"Not\u00edcias de Ribeir\u00e3o Preto-SP e Regi\u00e3o","link":"https:\/\/ismaelcolosi.com.br\/index.php\/category\/noticias-de-ribeirao-preto-sp-e-regiao-ismael-colosi\/"},"img":{"alt_text":"","src":"https:\/\/i0.wp.com\/ismaelcolosi.com.br\/wp-content\/uploads\/2024\/03\/Copia-de-Copia-de-TAMANHO-EXATO-PARA-FOTOS-NO-SISTEMA-NOVO-4-1.jpg?fit=1200%2C675&ssl=1&resize=350%2C200","width":350,"height":200,"srcset":"https:\/\/i0.wp.com\/ismaelcolosi.com.br\/wp-content\/uploads\/2024\/03\/Copia-de-Copia-de-TAMANHO-EXATO-PARA-FOTOS-NO-SISTEMA-NOVO-4-1.jpg?fit=1200%2C675&ssl=1&resize=350%2C200 1x, https:\/\/i0.wp.com\/ismaelcolosi.com.br\/wp-content\/uploads\/2024\/03\/Copia-de-Copia-de-TAMANHO-EXATO-PARA-FOTOS-NO-SISTEMA-NOVO-4-1.jpg?fit=1200%2C675&ssl=1&resize=525%2C300 1.5x, https:\/\/i0.wp.com\/ismaelcolosi.com.br\/wp-content\/uploads\/2024\/03\/Copia-de-Copia-de-TAMANHO-EXATO-PARA-FOTOS-NO-SISTEMA-NOVO-4-1.jpg?fit=1200%2C675&ssl=1&resize=700%2C400 2x, https:\/\/i0.wp.com\/ismaelcolosi.com.br\/wp-content\/uploads\/2024\/03\/Copia-de-Copia-de-TAMANHO-EXATO-PARA-FOTOS-NO-SISTEMA-NOVO-4-1.jpg?fit=1200%2C675&ssl=1&resize=1050%2C600 3x"},"classes":[]},{"id":46052,"url":"https:\/\/ismaelcolosi.com.br\/index.php\/2024\/04\/09\/peca-teatral-de-perto-ninguem-e-normal-chega-a-ribeirao-preto-entrada-e-de-graca\/","url_meta":{"origin":58631,"position":2},"title":"Pe\u00e7a teatral \u2018De Perto Ningu\u00e9m \u00e9 Normal\u2019 chega a Ribeir\u00e3o Preto; Entrada \u00e9 de gra\u00e7a","author":"ismaelcolosi.com.br","date":"9 de April de 2024","format":false,"excerpt":"A pe\u00e7a teatral \u201cDe Perto Ningu\u00e9m \u00e9 Normal\u201d chega a Ribeir\u00e3o Preto nesta sexta-feira (12), com mais cinco datas confirmadas para as apresenta\u00e7\u00f5es do espet\u00e1culo (veja abaixo). A com\u00e9dia acontece no teatro do Sesi. Mesmo com entrada de gra\u00e7a, a retirada dos ingressos devem ser pelo site do Sesi \/\u2026","rel":"","context":"In &quot;Not\u00edcias de Ribeir\u00e3o Preto-SP e Regi\u00e3o&quot;","block_context":{"text":"Not\u00edcias de Ribeir\u00e3o Preto-SP e Regi\u00e3o","link":"https:\/\/ismaelcolosi.com.br\/index.php\/category\/noticias-de-ribeirao-preto-sp-e-regiao-ismael-colosi\/"},"img":{"alt_text":"","src":"https:\/\/i0.wp.com\/ismaelcolosi.com.br\/wp-content\/uploads\/2024\/04\/Copia-de-Copia-de-TAMANHO-EXATO-PARA-FOTOS-NO-SISTEMA-NOVO-8-1.jpg?fit=1200%2C675&ssl=1&resize=350%2C200","width":350,"height":200,"srcset":"https:\/\/i0.wp.com\/ismaelcolosi.com.br\/wp-content\/uploads\/2024\/04\/Copia-de-Copia-de-TAMANHO-EXATO-PARA-FOTOS-NO-SISTEMA-NOVO-8-1.jpg?fit=1200%2C675&ssl=1&resize=350%2C200 1x, https:\/\/i0.wp.com\/ismaelcolosi.com.br\/wp-content\/uploads\/2024\/04\/Copia-de-Copia-de-TAMANHO-EXATO-PARA-FOTOS-NO-SISTEMA-NOVO-8-1.jpg?fit=1200%2C675&ssl=1&resize=525%2C300 1.5x, https:\/\/i0.wp.com\/ismaelcolosi.com.br\/wp-content\/uploads\/2024\/04\/Copia-de-Copia-de-TAMANHO-EXATO-PARA-FOTOS-NO-SISTEMA-NOVO-8-1.jpg?fit=1200%2C675&ssl=1&resize=700%2C400 2x, https:\/\/i0.wp.com\/ismaelcolosi.com.br\/wp-content\/uploads\/2024\/04\/Copia-de-Copia-de-TAMANHO-EXATO-PARA-FOTOS-NO-SISTEMA-NOVO-8-1.jpg?fit=1200%2C675&ssl=1&resize=1050%2C600 3x"},"classes":[]},{"id":56115,"url":"https:\/\/ismaelcolosi.com.br\/index.php\/2024\/07\/09\/peca-teatral-que-trata-sobre-o-alzheimer-chega-a-ribeirao-preto-com-entrada-gratuita\/","url_meta":{"origin":58631,"position":3},"title":"Pe\u00e7a teatral que trata sobre o Alzheimer chega a Ribeir\u00e3o Preto com entrada gratuita","author":"ismaelcolosi.com.br","date":"9 de July de 2024","format":false,"excerpt":"A pe\u00e7a teatral \u201cVoz de V\u00f3\u201d que trata sobre a doen\u00e7a de Alzheimer chega a Ribeir\u00e3o Preto nesta quinta-feira (11) e segue at\u00e9 o dia 21 de julho, no teatro do Sesi. A entrada \u00e9 gratuita, mas \u00e9 necess\u00e1rio a reserva dos ingressos pelo site do Sesi\/Meu Sesi (clique aqui).\u2026","rel":"","context":"In &quot;Not\u00edcias de Ribeir\u00e3o Preto-SP e Regi\u00e3o&quot;","block_context":{"text":"Not\u00edcias de Ribeir\u00e3o Preto-SP e Regi\u00e3o","link":"https:\/\/ismaelcolosi.com.br\/index.php\/category\/noticias-de-ribeirao-preto-sp-e-regiao-ismael-colosi\/"},"img":{"alt_text":"","src":"https:\/\/i0.wp.com\/ismaelcolosi.com.br\/wp-content\/uploads\/2024\/07\/Copia-de-Copia-de-TAMANHO-EXATO-PARA-FOTOS-NO-SISTEMA-NOVO-5_2024-07-09_15-43-51_jpg_2024-07-09_15-43-51.webp.webp?fit=1200%2C675&ssl=1&resize=350%2C200","width":350,"height":200,"srcset":"https:\/\/i0.wp.com\/ismaelcolosi.com.br\/wp-content\/uploads\/2024\/07\/Copia-de-Copia-de-TAMANHO-EXATO-PARA-FOTOS-NO-SISTEMA-NOVO-5_2024-07-09_15-43-51_jpg_2024-07-09_15-43-51.webp.webp?fit=1200%2C675&ssl=1&resize=350%2C200 1x, https:\/\/i0.wp.com\/ismaelcolosi.com.br\/wp-content\/uploads\/2024\/07\/Copia-de-Copia-de-TAMANHO-EXATO-PARA-FOTOS-NO-SISTEMA-NOVO-5_2024-07-09_15-43-51_jpg_2024-07-09_15-43-51.webp.webp?fit=1200%2C675&ssl=1&resize=525%2C300 1.5x, https:\/\/i0.wp.com\/ismaelcolosi.com.br\/wp-content\/uploads\/2024\/07\/Copia-de-Copia-de-TAMANHO-EXATO-PARA-FOTOS-NO-SISTEMA-NOVO-5_2024-07-09_15-43-51_jpg_2024-07-09_15-43-51.webp.webp?fit=1200%2C675&ssl=1&resize=700%2C400 2x, https:\/\/i0.wp.com\/ismaelcolosi.com.br\/wp-content\/uploads\/2024\/07\/Copia-de-Copia-de-TAMANHO-EXATO-PARA-FOTOS-NO-SISTEMA-NOVO-5_2024-07-09_15-43-51_jpg_2024-07-09_15-43-51.webp.webp?fit=1200%2C675&ssl=1&resize=1050%2C600 3x"},"classes":[]},{"id":55609,"url":"https:\/\/ismaelcolosi.com.br\/index.php\/2024\/07\/04\/casa-das-artes-de-ribeirao-preto-tem-peca-teatral-gratuita-saiba-quando\/","url_meta":{"origin":58631,"position":4},"title":"Casa das Artes de Ribeir\u00e3o Preto tem pe\u00e7a teatral gratuita; Saiba quando","author":"ismaelcolosi.com.br","date":"4 de July de 2024","format":false,"excerpt":"A Casa das Artes, em Ribeir\u00e3o Preto, inaugura um palco neste s\u00e1bado (6), \u00e0s 20h, com a pe\u00e7a teatral \u201cA Garota Que Guiava Trens, no de Repente de Uma Trag\u00e9dia Sem Tamanho\u201d, da Cia A DitaCuja. A apresenta\u00e7\u00e3o \u00e9 gratuita e aberta ao p\u00fablico. Criado a partir de hist\u00f3rias recolhidas\u2026","rel":"","context":"In &quot;Not\u00edcias de Ribeir\u00e3o Preto-SP e Regi\u00e3o&quot;","block_context":{"text":"Not\u00edcias de Ribeir\u00e3o Preto-SP e Regi\u00e3o","link":"https:\/\/ismaelcolosi.com.br\/index.php\/category\/noticias-de-ribeirao-preto-sp-e-regiao-ismael-colosi\/"},"img":{"alt_text":"","src":"https:\/\/i0.wp.com\/ismaelcolosi.com.br\/wp-content\/uploads\/2024\/07\/A-Garota-que-guiava-trens-Cia-A-DitaCuja-Foto-Aloander-Oliveira-5_2024-07-04_13-25-52_jpg_2024-07-04_13-25-52.webp.webp?fit=1200%2C800&ssl=1&resize=350%2C200","width":350,"height":200,"srcset":"https:\/\/i0.wp.com\/ismaelcolosi.com.br\/wp-content\/uploads\/2024\/07\/A-Garota-que-guiava-trens-Cia-A-DitaCuja-Foto-Aloander-Oliveira-5_2024-07-04_13-25-52_jpg_2024-07-04_13-25-52.webp.webp?fit=1200%2C800&ssl=1&resize=350%2C200 1x, https:\/\/i0.wp.com\/ismaelcolosi.com.br\/wp-content\/uploads\/2024\/07\/A-Garota-que-guiava-trens-Cia-A-DitaCuja-Foto-Aloander-Oliveira-5_2024-07-04_13-25-52_jpg_2024-07-04_13-25-52.webp.webp?fit=1200%2C800&ssl=1&resize=525%2C300 1.5x, https:\/\/i0.wp.com\/ismaelcolosi.com.br\/wp-content\/uploads\/2024\/07\/A-Garota-que-guiava-trens-Cia-A-DitaCuja-Foto-Aloander-Oliveira-5_2024-07-04_13-25-52_jpg_2024-07-04_13-25-52.webp.webp?fit=1200%2C800&ssl=1&resize=700%2C400 2x, https:\/\/i0.wp.com\/ismaelcolosi.com.br\/wp-content\/uploads\/2024\/07\/A-Garota-que-guiava-trens-Cia-A-DitaCuja-Foto-Aloander-Oliveira-5_2024-07-04_13-25-52_jpg_2024-07-04_13-25-52.webp.webp?fit=1200%2C800&ssl=1&resize=1050%2C600 3x"},"classes":[]},{"id":58743,"url":"https:\/\/ismaelcolosi.com.br\/index.php\/2024\/08\/02\/mv-bill-candlelight-e-dori-caymmi-confira-o-que-fazer-no-fim-de-semana-em-ribeirao-preto\/","url_meta":{"origin":58631,"position":5},"title":"MV Bill, \u2018Candlelight\u2019 e Dori Caymmi: Confira o que fazer no fim de semana em Ribeir\u00e3o Preto","author":"ismaelcolosi.com.br","date":"2 de August de 2024","format":false,"excerpt":"Sextou! O primeiro fim de semana de agosto come\u00e7ou e Ribeir\u00e3o Preto conta com diversas atividades culturais para quem n\u00e3o gosta de ficar parado. Entre as op\u00e7\u00f5es est\u00e3o a programa\u00e7\u00e3o da 23\u00aa Feira Internacional do Livro de Ribeir\u00e3o Preto, shows e circo digital. Confira o que fazer neste fim de\u2026","rel":"","context":"In &quot;Not\u00edcias de Ribeir\u00e3o Preto-SP e Regi\u00e3o&quot;","block_context":{"text":"Not\u00edcias de Ribeir\u00e3o Preto-SP e Regi\u00e3o","link":"https:\/\/ismaelcolosi.com.br\/index.php\/category\/noticias-de-ribeirao-preto-sp-e-regiao-ismael-colosi\/"},"img":{"alt_text":"","src":"https:\/\/i0.wp.com\/ismaelcolosi.com.br\/wp-content\/uploads\/2024\/08\/Copia-de-Copia-de-TAMANHO-EXATO-PARA-FOTOS-NO-SISTEMA-NOVO-24_2024-08-02_12-31-16_jpg_2024-08-02_12-31-16.webp.webp?fit=1200%2C675&ssl=1&resize=350%2C200","width":350,"height":200,"srcset":"https:\/\/i0.wp.com\/ismaelcolosi.com.br\/wp-content\/uploads\/2024\/08\/Copia-de-Copia-de-TAMANHO-EXATO-PARA-FOTOS-NO-SISTEMA-NOVO-24_2024-08-02_12-31-16_jpg_2024-08-02_12-31-16.webp.webp?fit=1200%2C675&ssl=1&resize=350%2C200 1x, https:\/\/i0.wp.com\/ismaelcolosi.com.br\/wp-content\/uploads\/2024\/08\/Copia-de-Copia-de-TAMANHO-EXATO-PARA-FOTOS-NO-SISTEMA-NOVO-24_2024-08-02_12-31-16_jpg_2024-08-02_12-31-16.webp.webp?fit=1200%2C675&ssl=1&resize=525%2C300 1.5x, https:\/\/i0.wp.com\/ismaelcolosi.com.br\/wp-content\/uploads\/2024\/08\/Copia-de-Copia-de-TAMANHO-EXATO-PARA-FOTOS-NO-SISTEMA-NOVO-24_2024-08-02_12-31-16_jpg_2024-08-02_12-31-16.webp.webp?fit=1200%2C675&ssl=1&resize=700%2C400 2x, https:\/\/i0.wp.com\/ismaelcolosi.com.br\/wp-content\/uploads\/2024\/08\/Copia-de-Copia-de-TAMANHO-EXATO-PARA-FOTOS-NO-SISTEMA-NOVO-24_2024-08-02_12-31-16_jpg_2024-08-02_12-31-16.webp.webp?fit=1200%2C675&ssl=1&resize=1050%2C600 3x"},"classes":[]}],"jetpack_sharing_enabled":true,"jetpack_shortlink":"https:\/\/wp.me\/pfMlyK-ffF","_links":{"self":[{"href":"https:\/\/ismaelcolosi.com.br\/index.php\/wp-json\/wp\/v2\/posts\/58631","targetHints":{"allow":["GET"]}}],"collection":[{"href":"https:\/\/ismaelcolosi.com.br\/index.php\/wp-json\/wp\/v2\/posts"}],"about":[{"href":"https:\/\/ismaelcolosi.com.br\/index.php\/wp-json\/wp\/v2\/types\/post"}],"author":[{"embeddable":true,"href":"https:\/\/ismaelcolosi.com.br\/index.php\/wp-json\/wp\/v2\/users\/1"}],"replies":[{"embeddable":true,"href":"https:\/\/ismaelcolosi.com.br\/index.php\/wp-json\/wp\/v2\/comments?post=58631"}],"version-history":[{"count":0,"href":"https:\/\/ismaelcolosi.com.br\/index.php\/wp-json\/wp\/v2\/posts\/58631\/revisions"}],"wp:featuredmedia":[{"embeddable":true,"href":"https:\/\/ismaelcolosi.com.br\/index.php\/wp-json\/wp\/v2\/media\/58632"}],"wp:attachment":[{"href":"https:\/\/ismaelcolosi.com.br\/index.php\/wp-json\/wp\/v2\/media?parent=58631"}],"wp:term":[{"taxonomy":"category","embeddable":true,"href":"https:\/\/ismaelcolosi.com.br\/index.php\/wp-json\/wp\/v2\/categories?post=58631"},{"taxonomy":"post_tag","embeddable":true,"href":"https:\/\/ismaelcolosi.com.br\/index.php\/wp-json\/wp\/v2\/tags?post=58631"}],"curies":[{"name":"wp","href":"https:\/\/api.w.org\/{rel}","templated":true}]}}