{"id":58620,"date":"2024-08-01T11:37:42","date_gmt":"2024-08-01T14:37:42","guid":{"rendered":"https:\/\/ismaelcolosi.com.br\/index.php\/2024\/08\/01\/ladrao-usa-carrinho-de-bebe-para-furtar-lampada-em-casa-de-ribeirao-video\/"},"modified":"2024-08-01T11:37:42","modified_gmt":"2024-08-01T14:37:42","slug":"ladrao-usa-carrinho-de-bebe-para-furtar-lampada-em-casa-de-ribeirao-video","status":"publish","type":"post","link":"https:\/\/ismaelcolosi.com.br\/index.php\/2024\/08\/01\/ladrao-usa-carrinho-de-bebe-para-furtar-lampada-em-casa-de-ribeirao-video\/","title":{"rendered":"Ladr\u00e3o usa carrinho de beb\u00ea para furtar l\u00e2mpada em casa de Ribeir\u00e3o; V\u00eddeo"},"content":{"rendered":"<p> <br \/>\n<\/p>\n<div data-td-block-uid=\"tdi_106\">\n<div class=\"tdb-block-inner td-fix-index\">\n<p><strong>Uma c\u00e2mera de seguran\u00e7a flagrou o furto de uma l\u00e2mpada e de um sensor de presen\u00e7a na madrugada da \u00faltima ter\u00e7a-feira (30), na frente de uma casa localizada no Parque Ribeir\u00e3o, zona Oeste de Ribeir\u00e3o Preto.<\/strong><\/p>\n<p><mark style=\"background-color:#fcb900\" class=\"has-inline-color has-black-color\">Pela imagens \u00e9 poss\u00edel ver um homem em uma cal\u00e7ada da rua L\u00facio de Mendon\u00e7a empurando um carrinho de beb\u00ea. Em seguida, ele sobe no carrinho e se equilibra at\u00e9 conseguir alcan\u00e7ar a l\u00e2mpada na resid\u00eancia.<\/mark><\/p>\n<p>Segundo informa\u00e7\u00f5es, um <strong>com\u00e9rcio <\/strong>nas proximidades tamb\u00e9m teria sido <strong>alvo <\/strong>de <strong>furto <\/strong>de l\u00e2mpada e de um sensor de presen\u00e7a.<\/p>\n<p>O <strong>homem <\/strong>deixou o local e ainda n\u00e3o foi registrado <strong>boletim <\/strong>de <strong>ocorr\u00eancia (BO) <\/strong>na <strong>pol\u00edcia <\/strong>sobre os <strong>furtos<\/strong>.<\/p>\n<blockquote class=\"twitter-tweet\" data-media-max-width=\"560\">\n<p lang=\"pt\" dir=\"ltr\">Um homem com um carrinho de beb\u00ea foi flagrado por uma c\u00e2mera de seguran\u00e7a durante o furto de uma l\u00e2mpada e um sensor de presen\u00e7a na frente de uma casa, no Parque Ribeir\u00e3o Preto, na madrugada da \u00faltima ter\u00e7a (30). Nenhum suspeito foi preso. <a href=\"https:\/\/t.co\/u38uvah83P\">pic.twitter.com\/u38uvah83P<\/a><\/p>\n<p>\u2014 acidade on Ribeir\u00e3o e Regi\u00e3o (@acidadeonrp) <a href=\"https:\/\/twitter.com\/acidadeonrp\/status\/1819001253734625629?ref_src=twsrc%5Etfw\">August 1, 2024<\/a><\/p><\/blockquote>\n<p>SAIBA MAIS<\/p>\n<p>Vai ter frente fria em agosto? Confira a previs\u00e3o no estado de SP<\/p>\n<h4 class=\"wp-block-heading\"><strong>FIQUE ON<\/strong><\/h4>\n<p>Fique ligado em tudo que acontece em Ribeir\u00e3o Preto e regi\u00e3o. Siga os perfis do<strong>\u00a0acidade on<\/strong>\u00a0no<a href=\"https:\/\/www.instagram.com\/acidadeonribeirao\" target=\"_blank\" rel=\"noreferrer noopener\">\u00a0Instagram<\/a>\u00a0e no\u00a0<a href=\"https:\/\/www.facebook.com\/acidadeonribeirao\/\" target=\"_blank\" rel=\"noreferrer noopener\">Facebook<\/a>.<\/p>\n<p>Receba not\u00edcias do\u00a0<strong>acidade on<\/strong>\u00a0no WhatsApp.\u00a0<a href=\"https:\/\/chat.whatsapp.com\/Dtv9mxhy6V5BJBotM2OQ5k\" target=\"_blank\" rel=\"noreferrer noopener\">Para entrar no grupo, basta clicar aqui.<\/a><\/p>\n<p>Fa\u00e7a uma den\u00fancia ou sugira uma reportagem sobre Ribeir\u00e3o Preto e regi\u00e3o pelo WhatsApp: 16 99117 7802.<\/p>\n<p>VEJA TAMB\u00c9M<\/p>\n<p>Comemos vespa quando comemos figo?\u00a0<\/p>\n<p><!-- CONTENT END 1 -->\n<\/div>\n<\/div>\n<p><script async src=\"\/\/platform.twitter.com\/widgets.js\" charset=\"utf-8\"><\/script><script async src=\"\/\/www.instagram.com\/embed.js\"><\/script><br \/>\n<br \/><br \/>\n<br \/><a href=\"https:\/\/www.acidadeon.com\/ribeiraopreto\/cotidiano\/ladrao-usa-carrinho-de-bebe-para-furtar-lampada-em-casa-de-ribeirao-video\/\">Source link <\/a><\/p>\n","protected":false},"excerpt":{"rendered":"<p>Uma c\u00e2mera de seguran\u00e7a flagrou o furto de uma l\u00e2mpada e de um sensor de presen\u00e7a na madrugada da \u00faltima ter\u00e7a-feira (30), na frente de&#8230;<\/p>\n","protected":false},"author":1,"featured_media":58621,"comment_status":"open","ping_status":"open","sticky":false,"template":"","format":"standard","meta":{"_uag_custom_page_level_css":"","advanced_seo_description":"","jetpack_seo_html_title":"","jetpack_seo_noindex":false,"jetpack_post_was_ever_published":false,"_jetpack_newsletter_access":"","_jetpack_dont_email_post_to_subs":false,"_jetpack_newsletter_tier_id":0,"_jetpack_memberships_contains_paywalled_content":false,"_jetpack_memberships_contains_paid_content":false,"footnotes":"","jetpack_publicize_message":"","jetpack_publicize_feature_enabled":true,"jetpack_social_post_already_shared":true,"jetpack_social_options":{"image_generator_settings":{"template":"highway","default_image_id":0,"font":"","enabled":false},"version":2}},"categories":[11],"tags":[],"class_list":["post-58620","post","type-post","status-publish","format-standard","has-post-thumbnail","hentry","category-noticias-de-ribeirao-preto-sp-e-regiao-ismael-colosi"],"jetpack_publicize_connections":[],"jetpack_featured_media_url":"https:\/\/i0.wp.com\/ismaelcolosi.com.br\/wp-content\/uploads\/2024\/08\/LADRAO-CARRINHO_2024-08-01_13-32-36_jpg_2024-08-01_13-32-36.webp.webp?fit=2000%2C1320&ssl=1","uagb_featured_image_src":{"full":["https:\/\/i0.wp.com\/ismaelcolosi.com.br\/wp-content\/uploads\/2024\/08\/LADRAO-CARRINHO_2024-08-01_13-32-36_jpg_2024-08-01_13-32-36.webp.webp?fit=2000%2C1320&ssl=1",2000,1320,false],"thumbnail":["https:\/\/i0.wp.com\/ismaelcolosi.com.br\/wp-content\/uploads\/2024\/08\/LADRAO-CARRINHO_2024-08-01_13-32-36_jpg_2024-08-01_13-32-36.webp.webp?resize=150%2C150&ssl=1",150,150,true],"medium":["https:\/\/i0.wp.com\/ismaelcolosi.com.br\/wp-content\/uploads\/2024\/08\/LADRAO-CARRINHO_2024-08-01_13-32-36_jpg_2024-08-01_13-32-36.webp.webp?fit=300%2C198&ssl=1",300,198,true],"medium_large":["https:\/\/i0.wp.com\/ismaelcolosi.com.br\/wp-content\/uploads\/2024\/08\/LADRAO-CARRINHO_2024-08-01_13-32-36_jpg_2024-08-01_13-32-36.webp.webp?fit=768%2C507&ssl=1",768,507,true],"large":["https:\/\/i0.wp.com\/ismaelcolosi.com.br\/wp-content\/uploads\/2024\/08\/LADRAO-CARRINHO_2024-08-01_13-32-36_jpg_2024-08-01_13-32-36.webp.webp?fit=1024%2C676&ssl=1",1024,676,true],"1536x1536":["https:\/\/i0.wp.com\/ismaelcolosi.com.br\/wp-content\/uploads\/2024\/08\/LADRAO-CARRINHO_2024-08-01_13-32-36_jpg_2024-08-01_13-32-36.webp.webp?fit=1536%2C1014&ssl=1",1536,1014,true],"2048x2048":["https:\/\/i0.wp.com\/ismaelcolosi.com.br\/wp-content\/uploads\/2024\/08\/LADRAO-CARRINHO_2024-08-01_13-32-36_jpg_2024-08-01_13-32-36.webp.webp?fit=2000%2C1320&ssl=1",2000,1320,true],"really-simple-thumb":["https:\/\/i0.wp.com\/ismaelcolosi.com.br\/wp-content\/uploads\/2024\/08\/LADRAO-CARRINHO_2024-08-01_13-32-36_jpg_2024-08-01_13-32-36.webp.webp?resize=370%2C247&ssl=1",370,247,true]},"uagb_author_info":{"display_name":"ismaelcolosi.com.br","author_link":"https:\/\/ismaelcolosi.com.br\/index.php\/author\/vidareal-online\/"},"uagb_comment_info":0,"uagb_excerpt":"Uma c\u00e2mera de seguran\u00e7a flagrou o furto de uma l\u00e2mpada e de um sensor de presen\u00e7a na madrugada da \u00faltima ter\u00e7a-feira (30), na frente de...","jetpack-related-posts":[{"id":24177,"url":"https:\/\/ismaelcolosi.com.br\/index.php\/2024\/01\/03\/homem-e-baleado-por-policial-civil-apos-ameacar-escrivao-no-centro-de-ribeirao-1\/","url_meta":{"origin":58620,"position":0},"title":"Homem \u00e9 baleado por policial civil ap\u00f3s amea\u00e7ar escriv\u00e3o no Centro de Ribeir\u00e3o","author":"ismaelcolosi.com.br","date":"3 de January de 2024","format":false,"excerpt":"Um homem foi baleado na perna por um policial civil, ap\u00f3s amea\u00e7ar um escriv\u00e3o e um pedestre com uma faca, em frente \u00e0 CPJ (Central de Pol\u00edcia Judici\u00e1ria) de Ribeir\u00e3o Preto, na rua Duque de Caxias, 1048, no Centro da cidade, na tarde desta quarta-feira (3). De acordo com as\u2026","rel":"","context":"In &quot;Not\u00edcias de Ribeir\u00e3o Preto-SP e Regi\u00e3o&quot;","block_context":{"text":"Not\u00edcias de Ribeir\u00e3o Preto-SP e Regi\u00e3o","link":"https:\/\/ismaelcolosi.com.br\/index.php\/category\/noticias-de-ribeirao-preto-sp-e-regiao-ismael-colosi\/"},"img":{"alt_text":"","src":"https:\/\/i0.wp.com\/ismaelcolosi.com.br\/wp-content\/uploads\/2024\/01\/catador_de_1200x675_03012024144711.jpg?fit=1200%2C675&ssl=1&resize=350%2C200","width":350,"height":200,"srcset":"https:\/\/i0.wp.com\/ismaelcolosi.com.br\/wp-content\/uploads\/2024\/01\/catador_de_1200x675_03012024144711.jpg?fit=1200%2C675&ssl=1&resize=350%2C200 1x, https:\/\/i0.wp.com\/ismaelcolosi.com.br\/wp-content\/uploads\/2024\/01\/catador_de_1200x675_03012024144711.jpg?fit=1200%2C675&ssl=1&resize=525%2C300 1.5x, https:\/\/i0.wp.com\/ismaelcolosi.com.br\/wp-content\/uploads\/2024\/01\/catador_de_1200x675_03012024144711.jpg?fit=1200%2C675&ssl=1&resize=700%2C400 2x, https:\/\/i0.wp.com\/ismaelcolosi.com.br\/wp-content\/uploads\/2024\/01\/catador_de_1200x675_03012024144711.jpg?fit=1200%2C675&ssl=1&resize=1050%2C600 3x"},"classes":[]},{"id":48606,"url":"https:\/\/ismaelcolosi.com.br\/index.php\/2024\/05\/04\/homem-e-preso-por-furto-de-cadeira-de-rodas-em-pronto-socorro-na-regiao-de-ribeirao\/","url_meta":{"origin":58620,"position":1},"title":"Homem \u00e9 preso por furto de cadeira de rodas em pronto-socorro na regi\u00e3o de Ribeir\u00e3o","author":"ismaelcolosi.com.br","date":"4 de May de 2024","format":false,"excerpt":"Um homem foi preso na madrugada deste s\u00e1bado (4), suspeito de furtar uma cadeira de rodas do Pronto-socorro \u00c1lvaro Azzuz, em Franca, cidade a aproximadamente 80 quil\u00f4metros de Ribeir\u00e3o Preto. Segundo a GCM (Guarda Civil Municipal), o homem foi flagrado pela central de monitoramento com a cadeira pela avenida Chico\u2026","rel":"","context":"In &quot;Not\u00edcias de Ribeir\u00e3o Preto-SP e Regi\u00e3o&quot;","block_context":{"text":"Not\u00edcias de Ribeir\u00e3o Preto-SP e Regi\u00e3o","link":"https:\/\/ismaelcolosi.com.br\/index.php\/category\/noticias-de-ribeirao-preto-sp-e-regiao-ismael-colosi\/"},"img":{"alt_text":"","src":"https:\/\/i0.wp.com\/ismaelcolosi.com.br\/wp-content\/uploads\/2024\/05\/WhatsApp-Image-2024-05-04-at-10.27.22_2024-05-04_13-27-38_jpeg_2024-05-04_13-27-39.webp.webp?fit=1200%2C675&ssl=1&resize=350%2C200","width":350,"height":200,"srcset":"https:\/\/i0.wp.com\/ismaelcolosi.com.br\/wp-content\/uploads\/2024\/05\/WhatsApp-Image-2024-05-04-at-10.27.22_2024-05-04_13-27-38_jpeg_2024-05-04_13-27-39.webp.webp?fit=1200%2C675&ssl=1&resize=350%2C200 1x, https:\/\/i0.wp.com\/ismaelcolosi.com.br\/wp-content\/uploads\/2024\/05\/WhatsApp-Image-2024-05-04-at-10.27.22_2024-05-04_13-27-38_jpeg_2024-05-04_13-27-39.webp.webp?fit=1200%2C675&ssl=1&resize=525%2C300 1.5x, https:\/\/i0.wp.com\/ismaelcolosi.com.br\/wp-content\/uploads\/2024\/05\/WhatsApp-Image-2024-05-04-at-10.27.22_2024-05-04_13-27-38_jpeg_2024-05-04_13-27-39.webp.webp?fit=1200%2C675&ssl=1&resize=700%2C400 2x, https:\/\/i0.wp.com\/ismaelcolosi.com.br\/wp-content\/uploads\/2024\/05\/WhatsApp-Image-2024-05-04-at-10.27.22_2024-05-04_13-27-38_jpeg_2024-05-04_13-27-39.webp.webp?fit=1200%2C675&ssl=1&resize=1050%2C600 3x"},"classes":[]},{"id":58122,"url":"https:\/\/ismaelcolosi.com.br\/index.php\/2024\/07\/28\/homem-e-preso-em-perseguicao-apos-furto-de-caminhonete-na-zona-sul-de-ribeirao\/","url_meta":{"origin":58620,"position":2},"title":"Homem \u00e9 preso em persegui\u00e7\u00e3o ap\u00f3s furto de caminhonete na zona Sul de Ribeir\u00e3o","author":"ismaelcolosi.com.br","date":"28 de July de 2024","format":false,"excerpt":"Um homem de 23 anos foi preso em Dumont, na tarde do \u00faltimo s\u00e1bado (27), depois de uma persegui\u00e7\u00e3o. O criminoso \u00e9 acusado de furtar uma caminhonete no Jardim Bot\u00e2nico, na zona Sul de Ribeir\u00e3o Preto. A caminhonete estava estacionada na rua Wanda Bastos Santiago. O dono do ve\u00edculo estava\u2026","rel":"","context":"In &quot;Not\u00edcias de Ribeir\u00e3o Preto-SP e Regi\u00e3o&quot;","block_context":{"text":"Not\u00edcias de Ribeir\u00e3o Preto-SP e Regi\u00e3o","link":"https:\/\/ismaelcolosi.com.br\/index.php\/category\/noticias-de-ribeirao-preto-sp-e-regiao-ismael-colosi\/"},"img":{"alt_text":"","src":"https:\/\/i0.wp.com\/ismaelcolosi.com.br\/wp-content\/uploads\/2024\/07\/1722174352_acidadeon_logos_Prancheta-1-copia-12_edited.jpg?fit=1199%2C1200&ssl=1&resize=350%2C200","width":350,"height":200,"srcset":"https:\/\/i0.wp.com\/ismaelcolosi.com.br\/wp-content\/uploads\/2024\/07\/1722174352_acidadeon_logos_Prancheta-1-copia-12_edited.jpg?fit=1199%2C1200&ssl=1&resize=350%2C200 1x, https:\/\/i0.wp.com\/ismaelcolosi.com.br\/wp-content\/uploads\/2024\/07\/1722174352_acidadeon_logos_Prancheta-1-copia-12_edited.jpg?fit=1199%2C1200&ssl=1&resize=525%2C300 1.5x, https:\/\/i0.wp.com\/ismaelcolosi.com.br\/wp-content\/uploads\/2024\/07\/1722174352_acidadeon_logos_Prancheta-1-copia-12_edited.jpg?fit=1199%2C1200&ssl=1&resize=700%2C400 2x, https:\/\/i0.wp.com\/ismaelcolosi.com.br\/wp-content\/uploads\/2024\/07\/1722174352_acidadeon_logos_Prancheta-1-copia-12_edited.jpg?fit=1199%2C1200&ssl=1&resize=1050%2C600 3x"},"classes":[]},{"id":52835,"url":"https:\/\/ismaelcolosi.com.br\/index.php\/2024\/06\/11\/homem-e-preso-no-dia-do-aniversario-por-furto-e-receptacao-em-ribeirao-preto\/","url_meta":{"origin":58620,"position":3},"title":"Homem \u00e9 preso no dia do anivers\u00e1rio por furto e recepta\u00e7\u00e3o em Ribeir\u00e3o Preto","author":"ismaelcolosi.com.br","date":"11 de June de 2024","format":false,"excerpt":"Um homem foi preso nesta segunda-feira (10), no dia em que completava 39 anos de idade, por suspeita de furto e recepta\u00e7\u00e3o em Ribeir\u00e3o Preto. Segundo o boletim de ocorr\u00eancia (BO), ele foi encontrado enquanto carregava nas m\u00e3os um aparelho de TV de 32 polegadas furtado de uma empresa na\u2026","rel":"","context":"In &quot;Not\u00edcias de Ribeir\u00e3o Preto-SP e Regi\u00e3o&quot;","block_context":{"text":"Not\u00edcias de Ribeir\u00e3o Preto-SP e Regi\u00e3o","link":"https:\/\/ismaelcolosi.com.br\/index.php\/category\/noticias-de-ribeirao-preto-sp-e-regiao-ismael-colosi\/"},"img":{"alt_text":"","src":"https:\/\/i0.wp.com\/ismaelcolosi.com.br\/wp-content\/uploads\/2024\/06\/1718118021_policia_qru_1024x576_05012021161940.jpg?fit=1024%2C576&ssl=1&resize=350%2C200","width":350,"height":200,"srcset":"https:\/\/i0.wp.com\/ismaelcolosi.com.br\/wp-content\/uploads\/2024\/06\/1718118021_policia_qru_1024x576_05012021161940.jpg?fit=1024%2C576&ssl=1&resize=350%2C200 1x, https:\/\/i0.wp.com\/ismaelcolosi.com.br\/wp-content\/uploads\/2024\/06\/1718118021_policia_qru_1024x576_05012021161940.jpg?fit=1024%2C576&ssl=1&resize=525%2C300 1.5x, https:\/\/i0.wp.com\/ismaelcolosi.com.br\/wp-content\/uploads\/2024\/06\/1718118021_policia_qru_1024x576_05012021161940.jpg?fit=1024%2C576&ssl=1&resize=700%2C400 2x"},"classes":[]},{"id":10559,"url":"https:\/\/ismaelcolosi.com.br\/index.php\/2023\/12\/04\/homem-e-morto-apos-ser-acusado-de-furtar-medidor-de-energia-em-ribeirao\/","url_meta":{"origin":58620,"position":4},"title":"Homem \u00e9 morto ap\u00f3s ser acusado de furtar medidor de energia em Ribeir\u00e3o","author":"ismaelcolosi.com.br","date":"4 de December de 2023","format":false,"excerpt":"Um homem foi morto ap\u00f3s ter sido acusado de furtar um rel\u00f3gio de medi\u00e7\u00e3o de energia el\u00e9trica em Ribeir\u00e3o Preto. O crime aconteceu na manh\u00e3 do \u00faltimo s\u00e1bado (4) e o acusado de ter cometido o crime foi preso em flagrante. De acordo com o B.O. (boletim de ocorr\u00eancia), o\u2026","rel":"","context":"In &quot;Not\u00edcias de Ribeir\u00e3o Preto-SP e Regi\u00e3o&quot;","block_context":{"text":"Not\u00edcias de Ribeir\u00e3o Preto-SP e Regi\u00e3o","link":"https:\/\/ismaelcolosi.com.br\/index.php\/category\/noticias-de-ribeirao-preto-sp-e-regiao-ismael-colosi\/"},"img":{"alt_text":"","src":"https:\/\/i0.wp.com\/ismaelcolosi.com.br\/wp-content\/uploads\/2023\/12\/cpj_1024x576_04082020121137.jpg?fit=1024%2C575&ssl=1&resize=350%2C200","width":350,"height":200,"srcset":"https:\/\/i0.wp.com\/ismaelcolosi.com.br\/wp-content\/uploads\/2023\/12\/cpj_1024x576_04082020121137.jpg?fit=1024%2C575&ssl=1&resize=350%2C200 1x, https:\/\/i0.wp.com\/ismaelcolosi.com.br\/wp-content\/uploads\/2023\/12\/cpj_1024x576_04082020121137.jpg?fit=1024%2C575&ssl=1&resize=525%2C300 1.5x, https:\/\/i0.wp.com\/ismaelcolosi.com.br\/wp-content\/uploads\/2023\/12\/cpj_1024x576_04082020121137.jpg?fit=1024%2C575&ssl=1&resize=700%2C400 2x"},"classes":[]},{"id":55860,"url":"https:\/\/ismaelcolosi.com.br\/index.php\/2024\/07\/06\/homem-morre-apos-ser-esfaqueado-durante-discussao-por-furto-de-celular-na-regiao-de-ribeirao\/","url_meta":{"origin":58620,"position":5},"title":"Homem morre ap\u00f3s ser esfaqueado durante discuss\u00e3o por furto de celular na regi\u00e3o de Ribeir\u00e3o","author":"ismaelcolosi.com.br","date":"6 de July de 2024","format":false,"excerpt":"Um homem de 37 anos morreu ap\u00f3s ser esfaqueado durante uma briga, na noite desta sexta-feira (5), em Franca, cidade na regi\u00e3o de Ribeir\u00e3o Preto. De acordo com o boletim de ocorr\u00eancia (BO), o crime aconteceu na frente da esposa da v\u00edtima, depois de uma discuss\u00e3o com um homem suspeito\u2026","rel":"","context":"In &quot;Not\u00edcias de Ribeir\u00e3o Preto-SP e Regi\u00e3o&quot;","block_context":{"text":"Not\u00edcias de Ribeir\u00e3o Preto-SP e Regi\u00e3o","link":"https:\/\/ismaelcolosi.com.br\/index.php\/category\/noticias-de-ribeirao-preto-sp-e-regiao-ismael-colosi\/"},"img":{"alt_text":"","src":"https:\/\/i0.wp.com\/ismaelcolosi.com.br\/wp-content\/uploads\/2024\/07\/giroflex_policia_1024x576_23032020103807.jpg?fit=1024%2C576&ssl=1&resize=350%2C200","width":350,"height":200,"srcset":"https:\/\/i0.wp.com\/ismaelcolosi.com.br\/wp-content\/uploads\/2024\/07\/giroflex_policia_1024x576_23032020103807.jpg?fit=1024%2C576&ssl=1&resize=350%2C200 1x, https:\/\/i0.wp.com\/ismaelcolosi.com.br\/wp-content\/uploads\/2024\/07\/giroflex_policia_1024x576_23032020103807.jpg?fit=1024%2C576&ssl=1&resize=525%2C300 1.5x, https:\/\/i0.wp.com\/ismaelcolosi.com.br\/wp-content\/uploads\/2024\/07\/giroflex_policia_1024x576_23032020103807.jpg?fit=1024%2C576&ssl=1&resize=700%2C400 2x"},"classes":[]}],"jetpack_sharing_enabled":true,"jetpack_shortlink":"https:\/\/wp.me\/pfMlyK-ffu","_links":{"self":[{"href":"https:\/\/ismaelcolosi.com.br\/index.php\/wp-json\/wp\/v2\/posts\/58620","targetHints":{"allow":["GET"]}}],"collection":[{"href":"https:\/\/ismaelcolosi.com.br\/index.php\/wp-json\/wp\/v2\/posts"}],"about":[{"href":"https:\/\/ismaelcolosi.com.br\/index.php\/wp-json\/wp\/v2\/types\/post"}],"author":[{"embeddable":true,"href":"https:\/\/ismaelcolosi.com.br\/index.php\/wp-json\/wp\/v2\/users\/1"}],"replies":[{"embeddable":true,"href":"https:\/\/ismaelcolosi.com.br\/index.php\/wp-json\/wp\/v2\/comments?post=58620"}],"version-history":[{"count":0,"href":"https:\/\/ismaelcolosi.com.br\/index.php\/wp-json\/wp\/v2\/posts\/58620\/revisions"}],"wp:featuredmedia":[{"embeddable":true,"href":"https:\/\/ismaelcolosi.com.br\/index.php\/wp-json\/wp\/v2\/media\/58621"}],"wp:attachment":[{"href":"https:\/\/ismaelcolosi.com.br\/index.php\/wp-json\/wp\/v2\/media?parent=58620"}],"wp:term":[{"taxonomy":"category","embeddable":true,"href":"https:\/\/ismaelcolosi.com.br\/index.php\/wp-json\/wp\/v2\/categories?post=58620"},{"taxonomy":"post_tag","embeddable":true,"href":"https:\/\/ismaelcolosi.com.br\/index.php\/wp-json\/wp\/v2\/tags?post=58620"}],"curies":[{"name":"wp","href":"https:\/\/api.w.org\/{rel}","templated":true}]}}