{"id":58612,"date":"2024-08-01T11:08:33","date_gmt":"2024-08-01T14:08:33","guid":{"rendered":"https:\/\/ismaelcolosi.com.br\/index.php\/2024\/08\/01\/cinema-o-exorcismo-e-tuesday-sao-as-estreias-nesta-quinta-em-ribeirao\/"},"modified":"2024-08-01T11:08:33","modified_gmt":"2024-08-01T14:08:33","slug":"cinema-o-exorcismo-e-tuesday-sao-as-estreias-nesta-quinta-em-ribeirao","status":"publish","type":"post","link":"https:\/\/ismaelcolosi.com.br\/index.php\/2024\/08\/01\/cinema-o-exorcismo-e-tuesday-sao-as-estreias-nesta-quinta-em-ribeirao\/","title":{"rendered":"Cinema: \u2018O Exorcismo\u2019 e \u2018Tuesday\u2019 s\u00e3o as estreias nesta quinta em Ribeir\u00e3o"},"content":{"rendered":"<p> <br \/>\n<\/p>\n<div>\n<p>Na primeira<strong> quinta-feira de agosto<\/strong>, os <strong>cinemas <\/strong>de <strong>Ribeir\u00e3o Preto<\/strong> trazem duas estreias imperd\u00edveis. Entre os lan\u00e7amentos, est\u00e3o: \u201c<strong>O Exorcismo<\/strong>\u201d e \u201c<strong>Tuesday \u2013 O \u00daltimo Abra\u00e7o<\/strong>\u201c, duas produ\u00e7\u00f5es que v\u00e3o desde o terror sobrenatural at\u00e9 o drama comovente.<\/p>\n<p>Ribeir\u00e3o Preto conta com quatro cinemas: o <strong>UCI<\/strong>, localizado no Ribeir\u00e3oShopping, o <strong>Cinep\u00f3lis<\/strong>, nos shoppings Santa \u00darsula e Iguatemi e o <strong>Cinemark<\/strong>, no Novo Shopping.<\/p>\n<h4 class=\"wp-block-heading\"><strong>O Exorcismo<\/strong><\/h4>\n<p>Para os f\u00e3s de terror, \u201c<strong>O Exorcismo<\/strong>\u201d chega \u00e0s telonas como uma boa op\u00e7\u00e3o. O filme acompanha <strong>Anthony Miller<\/strong> (<strong>Russel Crowe<\/strong>), um ator problem\u00e1tico com um passado turbulento envolvendo drogas, mas que agora est\u00e1 determinado a seguir um caminho de sobriedade.<\/p>\n<p>Enquanto grava seu novo filme de terror, ele come\u00e7a a ter um comportamento estranho e agressivo, causando preocupa\u00e7\u00f5es, principalmente em sua filha, que se v\u00ea na miss\u00e3o de investigar se h\u00e1 alguma <strong>for\u00e7a sobrenatural <\/strong>influenciando seu pai. A <mark style=\"background-color:#fcb900\" class=\"has-inline-color has-black-color\">classifica\u00e7\u00e3o indicativa \u00e9 de 16 anos.<\/mark> Veja o trailer abaixo:<\/p>\n<figure class=\"wp-block-embed is-type-video is-provider-youtube wp-block-embed-youtube wp-embed-aspect-16-9 wp-has-aspect-ratio\">\n<p>\n<iframe loading=\"lazy\" title=\"O EXORCISMO Trailer Dublado (Terror, 2024) Russell Crowe\" width=\"500\" height=\"281\" src=\"https:\/\/www.youtube.com\/embed\/NEdHqPWmZmA?feature=oembed\" frameborder=\"0\" allow=\"accelerometer; autoplay; clipboard-write; encrypted-media; gyroscope; picture-in-picture; web-share\" referrerpolicy=\"strict-origin-when-cross-origin\" allowfullscreen><\/iframe>\n<\/p>\n<\/figure>\n<h4 class=\"wp-block-heading\"><strong>Tuesday \u2013 O \u00faltimo Abra\u00e7o<\/strong><\/h4>\n<p>J\u00e1 para quem prefere drama, \u201c<strong>Tuesday \u2013 O \u00daltimo Abra\u00e7o<\/strong>\u201d \u00e9 uma op\u00e7\u00e3o que promete <strong>emocionar<\/strong> o p\u00fablico. O filme conta a hist\u00f3ria de uma m\u00e3e, a <strong>Zora<\/strong> <strong>(Julia Louis-Dreyfus)<\/strong>, que est\u00e1 cuidando de <strong>Tuesday<\/strong> <strong>(Lola Petticrew)<\/strong>, sua filha doente.<\/p>\n<p>M\u00e3e e filha recebem uma visita indesejada, da <strong>Morte<\/strong>, que se apresenta como um <strong>p\u00e1ssaro falante<\/strong>. Confrontada pelo medo de perder a filha, <strong>Zora<\/strong> entra num processo de aceita\u00e7\u00e3o com a ajuda do p\u00e1ssaro, que insiste em ensin\u00e1-la a se despedir. A <mark style=\"background-color:#fcb900\" class=\"has-inline-color has-black-color\">classifica\u00e7\u00e3o indicativa \u00e9 de 14 anos.<\/mark> Assista ao trailer:<\/p>\n<figure class=\"wp-block-embed is-type-video is-provider-youtube wp-block-embed-youtube wp-embed-aspect-16-9 wp-has-aspect-ratio\">\n<div class=\"wp-block-embed__wrapper\">\n<p><iframe loading=\"lazy\" title=\"Tuesday: O \u00daltimo Abra\u00e7o | Trailer Dublado\" width=\"500\" height=\"281\" src=\"https:\/\/www.youtube.com\/embed\/lnmdsgko4FU?feature=oembed\" frameborder=\"0\" allow=\"accelerometer; autoplay; clipboard-write; encrypted-media; gyroscope; picture-in-picture; web-share\" referrerpolicy=\"strict-origin-when-cross-origin\" allowfullscreen><\/iframe><\/p>\n<\/div>\n<\/figure>\n<p>SAIBA MAIS<br \/>Vai ter frente fria em agosto? Confira a previs\u00e3o no estado de SP<\/p>\n<h4 class=\"wp-block-heading\"><strong>FIQUE ON<\/strong><\/h4>\n<p>Fique ligado em tudo que acontece em Ribeir\u00e3o Preto e regi\u00e3o. Siga os perfis do <strong>acidade on <\/strong>no <a href=\"https:\/\/www.instagram.com\/acidadeonribeirao\" target=\"_blank\" rel=\"noreferrer noopener\">Instagram<\/a> e no <a href=\"https:\/\/www.facebook.com\/acidadeonribeirao\" target=\"_blank\" rel=\"noreferrer noopener\">Facebook<\/a>.<\/p>\n<p>Receba not\u00edcias do acidade on no WhatsApp. Para entrar no grupo, basta <a href=\"https:\/\/chat.whatsapp.com\/Dtv9mxhy6V5BJBotM2OQ5k\" target=\"_blank\" rel=\"noreferrer noopener\">clicar aqui<\/a>.<\/p>\n<p>Fa\u00e7a uma den\u00fancia ou sugira uma reportagem sobre Ribeir\u00e3o Preto e regi\u00e3o pelo WhatsApp: 16 99117 7802.<\/p>\n<p>VEJA TAMB\u00c9M<br \/>Lucy Alves \u00e9 quem em \u2018Renascer\u2019?<\/p>\n<p><!-- CONTENT END 1 -->\n<\/div>\n<p><script async src=\"\/\/www.instagram.com\/embed.js\"><\/script><br \/>\n<br \/><br \/>\n<br \/><a href=\"https:\/\/www.acidadeon.com\/ribeiraopreto\/lazer-e-cultura\/cinema-o-exorcismo-e-tuesday-sao-as-estreias-nesta-quinta-em-ribeirao\/\">Source link <\/a><\/p>\n","protected":false},"excerpt":{"rendered":"<p>Na primeira quinta-feira de agosto, os cinemas de Ribeir\u00e3o Preto trazem duas estreias imperd\u00edveis. Entre os lan\u00e7amentos, est\u00e3o: \u201cO Exorcismo\u201d e \u201cTuesday \u2013 O \u00daltimo&#8230;<\/p>\n","protected":false},"author":1,"featured_media":58613,"comment_status":"open","ping_status":"open","sticky":false,"template":"","format":"standard","meta":{"_uag_custom_page_level_css":"","advanced_seo_description":"","jetpack_seo_html_title":"","jetpack_seo_noindex":false,"jetpack_post_was_ever_published":false,"_jetpack_newsletter_access":"","_jetpack_dont_email_post_to_subs":false,"_jetpack_newsletter_tier_id":0,"_jetpack_memberships_contains_paywalled_content":false,"_jetpack_memberships_contains_paid_content":false,"footnotes":"","jetpack_publicize_message":"","jetpack_publicize_feature_enabled":true,"jetpack_social_post_already_shared":true,"jetpack_social_options":{"image_generator_settings":{"template":"highway","default_image_id":0,"font":"","enabled":false},"version":2}},"categories":[11],"tags":[],"class_list":["post-58612","post","type-post","status-publish","format-standard","has-post-thumbnail","hentry","category-noticias-de-ribeirao-preto-sp-e-regiao-ismael-colosi"],"jetpack_publicize_connections":[],"jetpack_featured_media_url":"https:\/\/i0.wp.com\/ismaelcolosi.com.br\/wp-content\/uploads\/2024\/08\/tuesday_2024-08-01_12-11-31_jpg_2024-08-01_12-11-32.webp.webp?fit=1920%2C1080&ssl=1","uagb_featured_image_src":{"full":["https:\/\/i0.wp.com\/ismaelcolosi.com.br\/wp-content\/uploads\/2024\/08\/tuesday_2024-08-01_12-11-31_jpg_2024-08-01_12-11-32.webp.webp?fit=1920%2C1080&ssl=1",1920,1080,false],"thumbnail":["https:\/\/i0.wp.com\/ismaelcolosi.com.br\/wp-content\/uploads\/2024\/08\/tuesday_2024-08-01_12-11-31_jpg_2024-08-01_12-11-32.webp.webp?resize=150%2C150&ssl=1",150,150,true],"medium":["https:\/\/i0.wp.com\/ismaelcolosi.com.br\/wp-content\/uploads\/2024\/08\/tuesday_2024-08-01_12-11-31_jpg_2024-08-01_12-11-32.webp.webp?fit=300%2C169&ssl=1",300,169,true],"medium_large":["https:\/\/i0.wp.com\/ismaelcolosi.com.br\/wp-content\/uploads\/2024\/08\/tuesday_2024-08-01_12-11-31_jpg_2024-08-01_12-11-32.webp.webp?fit=768%2C432&ssl=1",768,432,true],"large":["https:\/\/i0.wp.com\/ismaelcolosi.com.br\/wp-content\/uploads\/2024\/08\/tuesday_2024-08-01_12-11-31_jpg_2024-08-01_12-11-32.webp.webp?fit=1024%2C576&ssl=1",1024,576,true],"1536x1536":["https:\/\/i0.wp.com\/ismaelcolosi.com.br\/wp-content\/uploads\/2024\/08\/tuesday_2024-08-01_12-11-31_jpg_2024-08-01_12-11-32.webp.webp?fit=1536%2C864&ssl=1",1536,864,true],"2048x2048":["https:\/\/i0.wp.com\/ismaelcolosi.com.br\/wp-content\/uploads\/2024\/08\/tuesday_2024-08-01_12-11-31_jpg_2024-08-01_12-11-32.webp.webp?fit=1920%2C1080&ssl=1",1920,1080,true],"really-simple-thumb":["https:\/\/i0.wp.com\/ismaelcolosi.com.br\/wp-content\/uploads\/2024\/08\/tuesday_2024-08-01_12-11-31_jpg_2024-08-01_12-11-32.webp.webp?resize=370%2C247&ssl=1",370,247,true]},"uagb_author_info":{"display_name":"ismaelcolosi.com.br","author_link":"https:\/\/ismaelcolosi.com.br\/index.php\/author\/vidareal-online\/"},"uagb_comment_info":0,"uagb_excerpt":"Na primeira quinta-feira de agosto, os cinemas de Ribeir\u00e3o Preto trazem duas estreias imperd\u00edveis. Entre os lan\u00e7amentos, est\u00e3o: \u201cO Exorcismo\u201d e \u201cTuesday \u2013 O \u00daltimo...","jetpack-related-posts":[{"id":71652,"url":"https:\/\/ismaelcolosi.com.br\/index.php\/2024\/10\/17\/sorria-2-e-o-aprendiz-veja-as-estreias-dos-cinemas-de-ribeirao-preto\/","url_meta":{"origin":58612,"position":0},"title":"\u2018Sorria 2\u2019 e \u2018O Aprendiz\u2019: Veja as estreias dos cinemas de Ribeir\u00e3o Preto","author":"ismaelcolosi.com.br","date":"17 de October de 2024","format":false,"excerpt":"Os cinemas de Ribeir\u00e3o Preto contam com cinco novos filmes na programa\u00e7\u00e3o a partir desta quinta-feira (17). Entre os g\u00eaneros, est\u00e3o anima\u00e7\u00e3o, terror e document\u00e1rio. Os destaques s\u00e3o os filmes \u201cSorria 2\u201d e \u201cO Aprendiz\u201c, que conta a hist\u00f3ria de Donald Trump. Ribeir\u00e3o Preto tem quatro cinemas nos shoppings, o\u2026","rel":"","context":"In &quot;Not\u00edcias de Ribeir\u00e3o Preto-SP e Regi\u00e3o&quot;","block_context":{"text":"Not\u00edcias de Ribeir\u00e3o Preto-SP e Regi\u00e3o","link":"https:\/\/ismaelcolosi.com.br\/index.php\/category\/noticias-de-ribeirao-preto-sp-e-regiao-ismael-colosi\/"},"img":{"alt_text":"","src":"https:\/\/i0.wp.com\/ismaelcolosi.com.br\/wp-content\/uploads\/2024\/10\/1728910365670d141dc469b_1728910365_3x2_md_2024-10-17_13-44-37_jpg_2024-10-17_13-44-37.webp.webp?fit=768%2C512&ssl=1&resize=350%2C200","width":350,"height":200,"srcset":"https:\/\/i0.wp.com\/ismaelcolosi.com.br\/wp-content\/uploads\/2024\/10\/1728910365670d141dc469b_1728910365_3x2_md_2024-10-17_13-44-37_jpg_2024-10-17_13-44-37.webp.webp?fit=768%2C512&ssl=1&resize=350%2C200 1x, https:\/\/i0.wp.com\/ismaelcolosi.com.br\/wp-content\/uploads\/2024\/10\/1728910365670d141dc469b_1728910365_3x2_md_2024-10-17_13-44-37_jpg_2024-10-17_13-44-37.webp.webp?fit=768%2C512&ssl=1&resize=525%2C300 1.5x, https:\/\/i0.wp.com\/ismaelcolosi.com.br\/wp-content\/uploads\/2024\/10\/1728910365670d141dc469b_1728910365_3x2_md_2024-10-17_13-44-37_jpg_2024-10-17_13-44-37.webp.webp?fit=768%2C512&ssl=1&resize=700%2C400 2x"},"classes":[]},{"id":47434,"url":"https:\/\/ismaelcolosi.com.br\/index.php\/2024\/04\/25\/confira-as-estreias-nos-cinemas-de-ribeirao-preto-nesta-quinta-feira-veja-os-trailers\/","url_meta":{"origin":58612,"position":1},"title":"Confira as estreias nos cinemas de Ribeir\u00e3o Preto nesta quinta-feira; Veja os trailers","author":"ismaelcolosi.com.br","date":"25 de April de 2024","format":false,"excerpt":"Esta quinta-feira (25) \u00e9 marcada por lan\u00e7amentos nos cinemas de Ribeir\u00e3o Preto. Entre as op\u00e7\u00f5es est\u00e3o: \u201cRivais, Contra o Mundo\u201d e \u201cAumenta que \u00e9 Rock\u2019n Roll\u201c. Confira a programa\u00e7\u00e3o completa e escolha seu filme. Ribeir\u00e3o Preto conta com quatro cinemas, o UCI localizado no Ribeir\u00e3oShopping, o Cinep\u00f3lis nos shoppings Santa\u2026","rel":"","context":"In &quot;Not\u00edcias de Ribeir\u00e3o Preto-SP e Regi\u00e3o&quot;","block_context":{"text":"Not\u00edcias de Ribeir\u00e3o Preto-SP e Regi\u00e3o","link":"https:\/\/ismaelcolosi.com.br\/index.php\/category\/noticias-de-ribeirao-preto-sp-e-regiao-ismael-colosi\/"},"img":{"alt_text":"","src":"https:\/\/i0.wp.com\/ismaelcolosi.com.br\/wp-content\/uploads\/2024\/04\/rivais-zendaya_2024-04-25_11-26-35_jpg.webp.webp?fit=1200%2C675&ssl=1&resize=350%2C200","width":350,"height":200,"srcset":"https:\/\/i0.wp.com\/ismaelcolosi.com.br\/wp-content\/uploads\/2024\/04\/rivais-zendaya_2024-04-25_11-26-35_jpg.webp.webp?fit=1200%2C675&ssl=1&resize=350%2C200 1x, https:\/\/i0.wp.com\/ismaelcolosi.com.br\/wp-content\/uploads\/2024\/04\/rivais-zendaya_2024-04-25_11-26-35_jpg.webp.webp?fit=1200%2C675&ssl=1&resize=525%2C300 1.5x, https:\/\/i0.wp.com\/ismaelcolosi.com.br\/wp-content\/uploads\/2024\/04\/rivais-zendaya_2024-04-25_11-26-35_jpg.webp.webp?fit=1200%2C675&ssl=1&resize=700%2C400 2x, https:\/\/i0.wp.com\/ismaelcolosi.com.br\/wp-content\/uploads\/2024\/04\/rivais-zendaya_2024-04-25_11-26-35_jpg.webp.webp?fit=1200%2C675&ssl=1&resize=1050%2C600 3x"},"classes":[]},{"id":62794,"url":"https:\/\/ismaelcolosi.com.br\/index.php\/2024\/08\/29\/terror-comedia-e-animacao-confira-as-estreias-nos-cinemas\/","url_meta":{"origin":58612,"position":2},"title":"Terror, com\u00e9dia e anima\u00e7\u00e3o: Confira as estreias nos cinemas","author":"ismaelcolosi.com.br","date":"29 de August de 2024","format":false,"excerpt":"A programa\u00e7\u00e3o das telonas nesta quinta-feira (29) traz boas op\u00e7\u00f5es para os cin\u00e9filos, da com\u00e9dia nacional ao terror produzido pelo ator e diretor Oz Perkins. O acidade on preparou uma lista com as estreias. Confira: Est\u00f4mago 2 \u2013 O Poderoso Chef Dezesseis anos ap\u00f3s o primeiro filme, um dos anti-her\u00f3is\u2026","rel":"","context":"In &quot;Not\u00edcias de Ribeir\u00e3o Preto-SP e Regi\u00e3o&quot;","block_context":{"text":"Not\u00edcias de Ribeir\u00e3o Preto-SP e Regi\u00e3o","link":"https:\/\/ismaelcolosi.com.br\/index.php\/category\/noticias-de-ribeirao-preto-sp-e-regiao-ismael-colosi\/"},"img":{"alt_text":"","src":"https:\/\/i0.wp.com\/ismaelcolosi.com.br\/wp-content\/uploads\/2024\/08\/19132501046175_2024-08-29_12-36-10.webp.webp?fit=1197%2C747&ssl=1&resize=350%2C200","width":350,"height":200,"srcset":"https:\/\/i0.wp.com\/ismaelcolosi.com.br\/wp-content\/uploads\/2024\/08\/19132501046175_2024-08-29_12-36-10.webp.webp?fit=1197%2C747&ssl=1&resize=350%2C200 1x, https:\/\/i0.wp.com\/ismaelcolosi.com.br\/wp-content\/uploads\/2024\/08\/19132501046175_2024-08-29_12-36-10.webp.webp?fit=1197%2C747&ssl=1&resize=525%2C300 1.5x, https:\/\/i0.wp.com\/ismaelcolosi.com.br\/wp-content\/uploads\/2024\/08\/19132501046175_2024-08-29_12-36-10.webp.webp?fit=1197%2C747&ssl=1&resize=700%2C400 2x, https:\/\/i0.wp.com\/ismaelcolosi.com.br\/wp-content\/uploads\/2024\/08\/19132501046175_2024-08-29_12-36-10.webp.webp?fit=1197%2C747&ssl=1&resize=1050%2C600 3x"},"classes":[]},{"id":61549,"url":"https:\/\/ismaelcolosi.com.br\/index.php\/2024\/08\/22\/filmes-de-suspense-e-aventura-tomam-conta-dos-cinemas-nesta-quinta-feira-veja-estreias\/","url_meta":{"origin":58612,"position":3},"title":"Filmes de suspense e aventura tomam conta dos cinemas nesta quinta-feira; Veja estreias","author":"ismaelcolosi.com.br","date":"22 de August de 2024","format":false,"excerpt":"Quinta-feira \u00e9 dia de ficar por dentro das estreias dos cinemas de Ribeir\u00e3o Preto. Esta semana, a programa\u00e7\u00e3o \u00e9 marcada por seis filmes de suspense e aventura. Os grandes destaques s\u00e3o: \u201cO Corvo\u201c, \u201cPisque Duas Vezes\u201d e \u201cTipos de Gentileza\u201d. Ribeir\u00e3o Preto conta com quatro cinemas, o UCI localizado no\u2026","rel":"","context":"In &quot;Not\u00edcias de Ribeir\u00e3o Preto-SP e Regi\u00e3o&quot;","block_context":{"text":"Not\u00edcias de Ribeir\u00e3o Preto-SP e Regi\u00e3o","link":"https:\/\/ismaelcolosi.com.br\/index.php\/category\/noticias-de-ribeirao-preto-sp-e-regiao-ismael-colosi\/"},"img":{"alt_text":"","src":"https:\/\/i0.wp.com\/ismaelcolosi.com.br\/wp-content\/uploads\/2024\/08\/pisque-duas-vezes_2024-08-22_13-12-15_jpg_2024-08-22_13-12-15.webp.webp?fit=1200%2C675&ssl=1&resize=350%2C200","width":350,"height":200,"srcset":"https:\/\/i0.wp.com\/ismaelcolosi.com.br\/wp-content\/uploads\/2024\/08\/pisque-duas-vezes_2024-08-22_13-12-15_jpg_2024-08-22_13-12-15.webp.webp?fit=1200%2C675&ssl=1&resize=350%2C200 1x, https:\/\/i0.wp.com\/ismaelcolosi.com.br\/wp-content\/uploads\/2024\/08\/pisque-duas-vezes_2024-08-22_13-12-15_jpg_2024-08-22_13-12-15.webp.webp?fit=1200%2C675&ssl=1&resize=525%2C300 1.5x, https:\/\/i0.wp.com\/ismaelcolosi.com.br\/wp-content\/uploads\/2024\/08\/pisque-duas-vezes_2024-08-22_13-12-15_jpg_2024-08-22_13-12-15.webp.webp?fit=1200%2C675&ssl=1&resize=700%2C400 2x, https:\/\/i0.wp.com\/ismaelcolosi.com.br\/wp-content\/uploads\/2024\/08\/pisque-duas-vezes_2024-08-22_13-12-15_jpg_2024-08-22_13-12-15.webp.webp?fit=1200%2C675&ssl=1&resize=1050%2C600 3x"},"classes":[]},{"id":67930,"url":"https:\/\/ismaelcolosi.com.br\/index.php\/2024\/09\/26\/transformers-e-pacto-de-redencao-chegam-aos-cinemas-nesta-quinta-veja-estreias\/","url_meta":{"origin":58612,"position":4},"title":"\u2018Transformers\u2019 e \u2018Pacto de Reden\u00e7\u00e3o\u2019 chegam aos cinemas nesta quinta; Veja estreias","author":"ismaelcolosi.com.br","date":"26 de September de 2024","format":false,"excerpt":"Nesta quinta-feira (26), os destaques nas estreias dos cinemas de Ribeir\u00e3o Preto s\u00e3o os filmes \u2018Transformers\u2019 e \u2018Pacto de Reden\u00e7\u00e3o\u2019. Os cin\u00e9filos ainda recebem outros dois lan\u00e7amentos. Para quem gosta, op\u00e7\u00f5es de filme s\u00e3o o que n\u00e3o falta nesta semana. Confira abaixo. Ribeir\u00e3o Preto conta com quatro cinemas, o UCI\u2026","rel":"","context":"In &quot;Not\u00edcias de Ribeir\u00e3o Preto-SP e Regi\u00e3o&quot;","block_context":{"text":"Not\u00edcias de Ribeir\u00e3o Preto-SP e Regi\u00e3o","link":"https:\/\/ismaelcolosi.com.br\/index.php\/category\/noticias-de-ribeirao-preto-sp-e-regiao-ismael-colosi\/"},"img":{"alt_text":"","src":"https:\/\/i0.wp.com\/ismaelcolosi.com.br\/wp-content\/uploads\/2024\/09\/20240724-ovicio-transformers-inicio-elenco-1024x576-1_2024-09-26_11-45-18.webp.webp?fit=1024%2C576&ssl=1&resize=350%2C200","width":350,"height":200,"srcset":"https:\/\/i0.wp.com\/ismaelcolosi.com.br\/wp-content\/uploads\/2024\/09\/20240724-ovicio-transformers-inicio-elenco-1024x576-1_2024-09-26_11-45-18.webp.webp?fit=1024%2C576&ssl=1&resize=350%2C200 1x, https:\/\/i0.wp.com\/ismaelcolosi.com.br\/wp-content\/uploads\/2024\/09\/20240724-ovicio-transformers-inicio-elenco-1024x576-1_2024-09-26_11-45-18.webp.webp?fit=1024%2C576&ssl=1&resize=525%2C300 1.5x, https:\/\/i0.wp.com\/ismaelcolosi.com.br\/wp-content\/uploads\/2024\/09\/20240724-ovicio-transformers-inicio-elenco-1024x576-1_2024-09-26_11-45-18.webp.webp?fit=1024%2C576&ssl=1&resize=700%2C400 2x"},"classes":[]},{"id":65493,"url":"https:\/\/ismaelcolosi.com.br\/index.php\/2024\/09\/12\/silvio-e-meu-amigo-pinguim-veja-as-estreias-desta-semana-nos-cinemas\/","url_meta":{"origin":58612,"position":5},"title":"\u201cSilvio\u201d e \u201cMeu Amigo Pinguim\u201d: Veja as estreias desta semana nos cinemas","author":"ismaelcolosi.com.br","date":"12 de September de 2024","format":false,"excerpt":"Nesta quinta-feira (12), quatro novos filmes entram na programa\u00e7\u00e3o dos cinemas de Ribeir\u00e3o Preto, entre elas, a cinebiografia de Silvio Santos, o longa Silvio e um filme sobre a amizade de um pai e um pequeno pinguim, a aventura Meu Amigo Pinguim. Veja todas as estreias: Ribeir\u00e3o Preto conta com\u2026","rel":"","context":"In &quot;Not\u00edcias de Ribeir\u00e3o Preto-SP e Regi\u00e3o&quot;","block_context":{"text":"Not\u00edcias de Ribeir\u00e3o Preto-SP e Regi\u00e3o","link":"https:\/\/ismaelcolosi.com.br\/index.php\/category\/noticias-de-ribeirao-preto-sp-e-regiao-ismael-colosi\/"},"img":{"alt_text":"","src":"https:\/\/i0.wp.com\/ismaelcolosi.com.br\/wp-content\/uploads\/2024\/09\/daniel-enquadramento-capa-2024-09-11t181520073_2024-09-12_12-21-46_jpg_2024-09-12_12-21-46.webp.webp?fit=1100%2C600&ssl=1&resize=350%2C200","width":350,"height":200,"srcset":"https:\/\/i0.wp.com\/ismaelcolosi.com.br\/wp-content\/uploads\/2024\/09\/daniel-enquadramento-capa-2024-09-11t181520073_2024-09-12_12-21-46_jpg_2024-09-12_12-21-46.webp.webp?fit=1100%2C600&ssl=1&resize=350%2C200 1x, https:\/\/i0.wp.com\/ismaelcolosi.com.br\/wp-content\/uploads\/2024\/09\/daniel-enquadramento-capa-2024-09-11t181520073_2024-09-12_12-21-46_jpg_2024-09-12_12-21-46.webp.webp?fit=1100%2C600&ssl=1&resize=525%2C300 1.5x, https:\/\/i0.wp.com\/ismaelcolosi.com.br\/wp-content\/uploads\/2024\/09\/daniel-enquadramento-capa-2024-09-11t181520073_2024-09-12_12-21-46_jpg_2024-09-12_12-21-46.webp.webp?fit=1100%2C600&ssl=1&resize=700%2C400 2x, https:\/\/i0.wp.com\/ismaelcolosi.com.br\/wp-content\/uploads\/2024\/09\/daniel-enquadramento-capa-2024-09-11t181520073_2024-09-12_12-21-46_jpg_2024-09-12_12-21-46.webp.webp?fit=1100%2C600&ssl=1&resize=1050%2C600 3x"},"classes":[]}],"jetpack_sharing_enabled":true,"jetpack_shortlink":"https:\/\/wp.me\/pfMlyK-ffm","_links":{"self":[{"href":"https:\/\/ismaelcolosi.com.br\/index.php\/wp-json\/wp\/v2\/posts\/58612","targetHints":{"allow":["GET"]}}],"collection":[{"href":"https:\/\/ismaelcolosi.com.br\/index.php\/wp-json\/wp\/v2\/posts"}],"about":[{"href":"https:\/\/ismaelcolosi.com.br\/index.php\/wp-json\/wp\/v2\/types\/post"}],"author":[{"embeddable":true,"href":"https:\/\/ismaelcolosi.com.br\/index.php\/wp-json\/wp\/v2\/users\/1"}],"replies":[{"embeddable":true,"href":"https:\/\/ismaelcolosi.com.br\/index.php\/wp-json\/wp\/v2\/comments?post=58612"}],"version-history":[{"count":0,"href":"https:\/\/ismaelcolosi.com.br\/index.php\/wp-json\/wp\/v2\/posts\/58612\/revisions"}],"wp:featuredmedia":[{"embeddable":true,"href":"https:\/\/ismaelcolosi.com.br\/index.php\/wp-json\/wp\/v2\/media\/58613"}],"wp:attachment":[{"href":"https:\/\/ismaelcolosi.com.br\/index.php\/wp-json\/wp\/v2\/media?parent=58612"}],"wp:term":[{"taxonomy":"category","embeddable":true,"href":"https:\/\/ismaelcolosi.com.br\/index.php\/wp-json\/wp\/v2\/categories?post=58612"},{"taxonomy":"post_tag","embeddable":true,"href":"https:\/\/ismaelcolosi.com.br\/index.php\/wp-json\/wp\/v2\/tags?post=58612"}],"curies":[{"name":"wp","href":"https:\/\/api.w.org\/{rel}","templated":true}]}}