{"id":58603,"date":"2024-08-01T10:07:46","date_gmt":"2024-08-01T13:07:46","guid":{"rendered":"https:\/\/ismaelcolosi.com.br\/index.php\/2024\/08\/01\/ribeirao-preto-tem-mais-de-100-vagas-para-processo-seletivo-com-salario-de-ate-r-53-mil\/"},"modified":"2024-08-01T10:07:46","modified_gmt":"2024-08-01T13:07:46","slug":"ribeirao-preto-tem-mais-de-100-vagas-para-processo-seletivo-com-salario-de-ate-r-53-mil","status":"publish","type":"post","link":"https:\/\/ismaelcolosi.com.br\/index.php\/2024\/08\/01\/ribeirao-preto-tem-mais-de-100-vagas-para-processo-seletivo-com-salario-de-ate-r-53-mil\/","title":{"rendered":"Ribeir\u00e3o Preto tem mais de 100 vagas para processo seletivo com sal\u00e1rio de at\u00e9 R$ 5,3 mil"},"content":{"rendered":"<p> <br \/>\n<\/p>\n<div>\n<p><span style=\"background-color:#f7cc62\" class=\"td_text_highlight_marker\"><mark style=\"background-color:rgba(0, 0, 0, 0)\" class=\"has-inline-color has-black-color\">Um <strong>processo seletivo<\/strong> da <strong>Secretaria de Estado da Educa\u00e7\u00e3o<\/strong>, com <strong>130 vagas para Ribeir\u00e3o Preto<\/strong> e <strong>sal\u00e1rios de R$ 5,3 mil para 40h semanais e R$ 3.312,50 para 25h semanais<\/strong>, est\u00e1 com <strong>inscri\u00e7\u00f5es abertas<\/strong> at\u00e9 a pr\u00f3xima <strong>segunda-feira<\/strong> (5).<\/mark><\/span><\/p>\n<p><strong>Ao todo<\/strong>, no <strong>Estado de S\u00e3o Paulo<\/strong>, s\u00e3o <strong>3 mil oportunidades<\/strong> para <strong>profissionais graduados<\/strong> atuarem em <strong>classes do ensino t\u00e9cnico<\/strong>, a partir de <strong>2025<\/strong>.<\/p>\n<p>Os interessados podem se\u00a0<strong>inscrever<\/strong>\u00a0no\u00a0<strong>site da FGV<\/strong>\u00a0(<a href=\"https:\/\/conhecimento.fgv.br\/concursos\/seducsp24\" target=\"_blank\" rel=\"noreferrer noopener\">clique aqui<\/a>). O valor da\u00a0<strong>taxa de inscri\u00e7\u00e3o<\/strong>\u00a0\u00e9 de<strong>\u00a0R$ 49<\/strong>. No\u00a0<strong>ato da inscri\u00e7\u00e3o<\/strong>, o\u00a0<strong>candidato deve escolher a Diretoria de Ensino<\/strong>\u00a0que deseja atuar.<\/p>\n<p>As\u00a0<strong>provas objetiva e discursiva<\/strong>\u00a0ser\u00e3o no dia\u00a0<strong>29 de setembro<\/strong>.<\/p>\n<h2 class=\"wp-block-heading\"><strong>Sobre as vagas<\/strong><\/h2>\n<p><span style=\"background-color:#f7cc62\" class=\"td_text_highlight_marker\"><mark style=\"background-color:rgba(0, 0, 0, 0)\" class=\"has-inline-color has-black-color\">De acordo com a secretaria, os\u00a0<strong>selecionados v\u00e3o ministrar aulas presenciais aos estudantes dos cursos de administra\u00e7\u00e3o, agroneg\u00f3cio, ci\u00eancia de dados, desenvolvimento de sistemas, enfermagem, farm\u00e1cia, hospedagem, log\u00edstica e vendas<\/strong>.<\/mark><\/span><\/p>\n<p><strong>Podem participar<\/strong>\u00a0da sele\u00e7\u00e3o,\u00a0<strong>n\u00e3o apenas professores<\/strong>, mas todos\u00a0<strong>profissionais formados<\/strong>\u00a0em economia, engenharia, direito, na \u00e1rea da sa\u00fade, entre outros cursos.<\/p>\n<h2 class=\"wp-block-heading\"><strong>Amplia\u00e7\u00e3o vagas<\/strong>\u00a0<strong>e escolas<\/strong><\/h2>\n<p>No pr\u00f3ximo ano, a<strong>\u00a0secretaria deve ampliar de 1.393 para 1.911 escolas estaduais com ensino t\u00e9cnico<\/strong>. Atualmente, s\u00e3o 71,9 mil alunos matriculados nesse modelo e o n\u00famero pode subir para 170 mil.<\/p>\n<p>Na\u00a0<strong>regi\u00e3o de Ribeir\u00e3o Preto<\/strong>, s\u00e3o<strong>\u00a01.851 alunos<\/strong>\u00a0matriculados em\u00a0<strong>41 escolas<\/strong>\u00a0em 2024. O n\u00famero deve subir para\u00a0<strong>5.201 vagas<\/strong>\u00a0em\u00a0<strong>56 escolas\u00a0<\/strong>no pr\u00f3ximo ano.<\/p>\n<p>Al\u00e9m disso,\u00a0 haver\u00e1\u00a0<strong>amplia\u00e7\u00e3o de cidades com escolas de ensino t\u00e9cnico<\/strong>\u00a0na rede estadual, passando de\u00a0<strong>349 para 463 munic\u00edpios<\/strong>.<\/p>\n<p>O ensino t\u00e9cnico na\u00a0<strong>regi\u00e3o de Ribeir\u00e3o Preto<\/strong>\u00a0ser\u00e1 oferecido em\u00a0<strong>26 cidades<\/strong>\u00a0em 2025: Ribeir\u00e3o Preto, Barrinha, Batatais, Bebedouro, Brodowski, Cajuru, C\u00e1ssia dos Coqueiros, Cravinhos, Dumont, Guariba, Guatapar\u00e1, Jaboticabal, Jardin\u00f3polis, Monte Alto, Monte Azul Paulista, Pitangueiras, Pontal, Prad\u00f3polis, Santa Rosa do Viterbo, Santo Ant\u00f4nio da Alegria, S\u00e3o Sim\u00e3o, Serra Azul, Serrana, Sert\u00e3ozinho, Terra Roxa e Viradouro.<\/p>\n<p>SAIBA MAIS<\/p>\n<p>Vai ter frente fria em agosto? Confira a previs\u00e3o no estado de SP<\/p>\n<h4 class=\"wp-block-heading\"><strong>FIQUE ON<\/strong><\/h4>\n<p>Fique ligado em tudo que acontece em Ribeir\u00e3o Preto e regi\u00e3o. Siga os perfis do<strong>\u00a0acidade on<\/strong>\u00a0no<a href=\"https:\/\/www.instagram.com\/acidadeonribeirao\" target=\"_blank\" rel=\"noreferrer noopener\">\u00a0Instagram<\/a>\u00a0e no\u00a0<a href=\"https:\/\/www.facebook.com\/acidadeonribeirao\/\" target=\"_blank\" rel=\"noreferrer noopener\">Facebook<\/a>.<\/p>\n<p>Receba not\u00edcias do\u00a0<strong>acidade on<\/strong>\u00a0no WhatsApp.\u00a0<a href=\"https:\/\/chat.whatsapp.com\/Dtv9mxhy6V5BJBotM2OQ5k\" target=\"_blank\" rel=\"noreferrer noopener\">Para entrar no grupo, basta clicar aqui.<\/a><\/p>\n<p>Fa\u00e7a uma den\u00fancia ou sugira uma reportagem sobre Ribeir\u00e3o Preto e regi\u00e3o pelo WhatsApp: 16 99117 7802.<\/p>\n<p>VEJA TAMB\u00c9M<\/p>\n<p>Comemos vespa quando comemos figo?\u00a0<\/p>\n<p><!-- CONTENT END 1 -->\n<\/div>\n<p><script async src=\"\/\/www.instagram.com\/embed.js\"><\/script><br \/>\n<br \/><br \/>\n<br \/><a href=\"https:\/\/www.acidadeon.com\/ribeiraopreto\/economia\/ribeirao-preto-tem-mais-de-100-vagas-para-processo-seletivo-com-salario-de-ate-r-53-mil\/\">Source link <\/a><\/p>\n","protected":false},"excerpt":{"rendered":"<p>Um processo seletivo da Secretaria de Estado da Educa\u00e7\u00e3o, com 130 vagas para Ribeir\u00e3o Preto e sal\u00e1rios de R$ 5,3 mil para 40h semanais e&#8230;<\/p>\n","protected":false},"author":1,"featured_media":57936,"comment_status":"open","ping_status":"open","sticky":false,"template":"","format":"standard","meta":{"_uag_custom_page_level_css":"","advanced_seo_description":"","jetpack_seo_html_title":"","jetpack_seo_noindex":false,"jetpack_post_was_ever_published":false,"_jetpack_newsletter_access":"","_jetpack_dont_email_post_to_subs":false,"_jetpack_newsletter_tier_id":0,"_jetpack_memberships_contains_paywalled_content":false,"_jetpack_memberships_contains_paid_content":false,"footnotes":"","jetpack_publicize_message":"","jetpack_publicize_feature_enabled":true,"jetpack_social_post_already_shared":true,"jetpack_social_options":{"image_generator_settings":{"template":"highway","default_image_id":0,"font":"","enabled":false},"version":2}},"categories":[11],"tags":[],"class_list":["post-58603","post","type-post","status-publish","format-standard","has-post-thumbnail","hentry","category-noticias-de-ribeirao-preto-sp-e-regiao-ismael-colosi"],"jetpack_publicize_connections":[],"jetpack_featured_media_url":"https:\/\/i0.wp.com\/ismaelcolosi.com.br\/wp-content\/uploads\/2024\/07\/Copia-de-Copia-de-TAMANHO-EXATO-PARA-FOTOS-NO-SISTEMA-NOVO-30_2024-07-25_19-13-25_jpg_2024-07-25_19-13-25.webp.webp?fit=1200%2C675&ssl=1","uagb_featured_image_src":{"full":["https:\/\/i0.wp.com\/ismaelcolosi.com.br\/wp-content\/uploads\/2024\/07\/Copia-de-Copia-de-TAMANHO-EXATO-PARA-FOTOS-NO-SISTEMA-NOVO-30_2024-07-25_19-13-25_jpg_2024-07-25_19-13-25.webp.webp?fit=1200%2C675&ssl=1",1200,675,false],"thumbnail":["https:\/\/i0.wp.com\/ismaelcolosi.com.br\/wp-content\/uploads\/2024\/07\/Copia-de-Copia-de-TAMANHO-EXATO-PARA-FOTOS-NO-SISTEMA-NOVO-30_2024-07-25_19-13-25_jpg_2024-07-25_19-13-25.webp.webp?resize=150%2C150&ssl=1",150,150,true],"medium":["https:\/\/i0.wp.com\/ismaelcolosi.com.br\/wp-content\/uploads\/2024\/07\/Copia-de-Copia-de-TAMANHO-EXATO-PARA-FOTOS-NO-SISTEMA-NOVO-30_2024-07-25_19-13-25_jpg_2024-07-25_19-13-25.webp.webp?fit=300%2C169&ssl=1",300,169,true],"medium_large":["https:\/\/i0.wp.com\/ismaelcolosi.com.br\/wp-content\/uploads\/2024\/07\/Copia-de-Copia-de-TAMANHO-EXATO-PARA-FOTOS-NO-SISTEMA-NOVO-30_2024-07-25_19-13-25_jpg_2024-07-25_19-13-25.webp.webp?fit=768%2C432&ssl=1",768,432,true],"large":["https:\/\/i0.wp.com\/ismaelcolosi.com.br\/wp-content\/uploads\/2024\/07\/Copia-de-Copia-de-TAMANHO-EXATO-PARA-FOTOS-NO-SISTEMA-NOVO-30_2024-07-25_19-13-25_jpg_2024-07-25_19-13-25.webp.webp?fit=1024%2C576&ssl=1",1024,576,true],"1536x1536":["https:\/\/i0.wp.com\/ismaelcolosi.com.br\/wp-content\/uploads\/2024\/07\/Copia-de-Copia-de-TAMANHO-EXATO-PARA-FOTOS-NO-SISTEMA-NOVO-30_2024-07-25_19-13-25_jpg_2024-07-25_19-13-25.webp.webp?fit=1200%2C675&ssl=1",1200,675,true],"2048x2048":["https:\/\/i0.wp.com\/ismaelcolosi.com.br\/wp-content\/uploads\/2024\/07\/Copia-de-Copia-de-TAMANHO-EXATO-PARA-FOTOS-NO-SISTEMA-NOVO-30_2024-07-25_19-13-25_jpg_2024-07-25_19-13-25.webp.webp?fit=1200%2C675&ssl=1",1200,675,true],"really-simple-thumb":["https:\/\/i0.wp.com\/ismaelcolosi.com.br\/wp-content\/uploads\/2024\/07\/Copia-de-Copia-de-TAMANHO-EXATO-PARA-FOTOS-NO-SISTEMA-NOVO-30_2024-07-25_19-13-25_jpg_2024-07-25_19-13-25.webp.webp?resize=370%2C247&ssl=1",370,247,true]},"uagb_author_info":{"display_name":"ismaelcolosi.com.br","author_link":"https:\/\/ismaelcolosi.com.br\/index.php\/author\/vidareal-online\/"},"uagb_comment_info":0,"uagb_excerpt":"Um processo seletivo da Secretaria de Estado da Educa\u00e7\u00e3o, com 130 vagas para Ribeir\u00e3o Preto e sal\u00e1rios de R$ 5,3 mil para 40h semanais e...","jetpack-related-posts":[{"id":57935,"url":"https:\/\/ismaelcolosi.com.br\/index.php\/2024\/07\/25\/educacao-de-sp-esta-com-inscricoes-abertas-para-processo-seletivo-com-3-mil-vagas\/","url_meta":{"origin":58603,"position":0},"title":"Educa\u00e7\u00e3o de SP est\u00e1 com inscri\u00e7\u00f5es abertas para processo seletivo com 3 mil vagas","author":"ismaelcolosi.com.br","date":"25 de July de 2024","format":false,"excerpt":"A Secretaria de Estado da Educa\u00e7\u00e3o est\u00e1 com inscri\u00e7\u00f5es abertas para um processo seletivo com 3 mil vagas em todo Estado de S\u00e3o Paulo, incluindo 130 para a regi\u00e3o de Ribeir\u00e3o Preto. As oportunidades s\u00e3o para profissionais graduados que queiram atuar em 2025 em classes do ensino t\u00e9cnico. O sal\u00e1rio\u2026","rel":"","context":"In &quot;Not\u00edcias de Ribeir\u00e3o Preto-SP e Regi\u00e3o&quot;","block_context":{"text":"Not\u00edcias de Ribeir\u00e3o Preto-SP e Regi\u00e3o","link":"https:\/\/ismaelcolosi.com.br\/index.php\/category\/noticias-de-ribeirao-preto-sp-e-regiao-ismael-colosi\/"},"img":{"alt_text":"","src":"https:\/\/i0.wp.com\/ismaelcolosi.com.br\/wp-content\/uploads\/2024\/07\/Copia-de-Copia-de-TAMANHO-EXATO-PARA-FOTOS-NO-SISTEMA-NOVO-30_2024-07-25_19-13-25_jpg_2024-07-25_19-13-25.webp.webp?fit=1200%2C675&ssl=1&resize=350%2C200","width":350,"height":200,"srcset":"https:\/\/i0.wp.com\/ismaelcolosi.com.br\/wp-content\/uploads\/2024\/07\/Copia-de-Copia-de-TAMANHO-EXATO-PARA-FOTOS-NO-SISTEMA-NOVO-30_2024-07-25_19-13-25_jpg_2024-07-25_19-13-25.webp.webp?fit=1200%2C675&ssl=1&resize=350%2C200 1x, https:\/\/i0.wp.com\/ismaelcolosi.com.br\/wp-content\/uploads\/2024\/07\/Copia-de-Copia-de-TAMANHO-EXATO-PARA-FOTOS-NO-SISTEMA-NOVO-30_2024-07-25_19-13-25_jpg_2024-07-25_19-13-25.webp.webp?fit=1200%2C675&ssl=1&resize=525%2C300 1.5x, https:\/\/i0.wp.com\/ismaelcolosi.com.br\/wp-content\/uploads\/2024\/07\/Copia-de-Copia-de-TAMANHO-EXATO-PARA-FOTOS-NO-SISTEMA-NOVO-30_2024-07-25_19-13-25_jpg_2024-07-25_19-13-25.webp.webp?fit=1200%2C675&ssl=1&resize=700%2C400 2x, https:\/\/i0.wp.com\/ismaelcolosi.com.br\/wp-content\/uploads\/2024\/07\/Copia-de-Copia-de-TAMANHO-EXATO-PARA-FOTOS-NO-SISTEMA-NOVO-30_2024-07-25_19-13-25_jpg_2024-07-25_19-13-25.webp.webp?fit=1200%2C675&ssl=1&resize=1050%2C600 3x"},"classes":[]},{"id":55784,"url":"https:\/\/ismaelcolosi.com.br\/index.php\/2024\/07\/05\/governo-de-sp-abre-concurso-para-professores-do-ensino-tecnico-com-salarios-de-ate-r-53-mil\/","url_meta":{"origin":58603,"position":1},"title":"Governo de SP abre concurso para professores do ensino t\u00e9cnico com sal\u00e1rios de at\u00e9 R$ 5,3 mil","author":"ismaelcolosi.com.br","date":"5 de July de 2024","format":false,"excerpt":"A Secretaria da Educa\u00e7\u00e3o do Estado de S\u00e3o Paulo abre nesta sexta-feira (5) as inscri\u00e7\u00f5es para o processo seletivo para contrata\u00e7\u00e3o tempor\u00e1ria de professores de forma\u00e7\u00e3o t\u00e9cnica profissional do ensino m\u00e9dio da rede estadual. As vagas s\u00e3o destinadas \u00e0 forma\u00e7\u00e3o de cadastro de reserva. A remunera\u00e7\u00e3o \u00e9 de R$ 5.300\u2026","rel":"","context":"In &quot;Not\u00edcias de Ribeir\u00e3o Preto-SP e Regi\u00e3o&quot;","block_context":{"text":"Not\u00edcias de Ribeir\u00e3o Preto-SP e Regi\u00e3o","link":"https:\/\/ismaelcolosi.com.br\/index.php\/category\/noticias-de-ribeirao-preto-sp-e-regiao-ismael-colosi\/"},"img":{"alt_text":"","src":"https:\/\/i0.wp.com\/ismaelcolosi.com.br\/wp-content\/uploads\/2024\/07\/WhatsApp-Image-2024-07-05-at-11.42.40_2024-07-05_15-19-36_jpeg_2024-07-05_15-19-37.webp.webp?fit=1200%2C800&ssl=1&resize=350%2C200","width":350,"height":200,"srcset":"https:\/\/i0.wp.com\/ismaelcolosi.com.br\/wp-content\/uploads\/2024\/07\/WhatsApp-Image-2024-07-05-at-11.42.40_2024-07-05_15-19-36_jpeg_2024-07-05_15-19-37.webp.webp?fit=1200%2C800&ssl=1&resize=350%2C200 1x, https:\/\/i0.wp.com\/ismaelcolosi.com.br\/wp-content\/uploads\/2024\/07\/WhatsApp-Image-2024-07-05-at-11.42.40_2024-07-05_15-19-36_jpeg_2024-07-05_15-19-37.webp.webp?fit=1200%2C800&ssl=1&resize=525%2C300 1.5x, https:\/\/i0.wp.com\/ismaelcolosi.com.br\/wp-content\/uploads\/2024\/07\/WhatsApp-Image-2024-07-05-at-11.42.40_2024-07-05_15-19-36_jpeg_2024-07-05_15-19-37.webp.webp?fit=1200%2C800&ssl=1&resize=700%2C400 2x, https:\/\/i0.wp.com\/ismaelcolosi.com.br\/wp-content\/uploads\/2024\/07\/WhatsApp-Image-2024-07-05-at-11.42.40_2024-07-05_15-19-36_jpeg_2024-07-05_15-19-37.webp.webp?fit=1200%2C800&ssl=1&resize=1050%2C600 3x"},"classes":[]},{"id":54127,"url":"https:\/\/ismaelcolosi.com.br\/index.php\/2024\/06\/21\/faepa-tem-inscricoes-para-processo-seletivo-em-ribeirao-preto-com-salario-de-ate-r-9-mil\/","url_meta":{"origin":58603,"position":2},"title":"Faepa tem inscri\u00e7\u00f5es para processo seletivo em Ribeir\u00e3o Preto com sal\u00e1rio de at\u00e9 R$ 9 mil","author":"ismaelcolosi.com.br","date":"21 de June de 2024","format":false,"excerpt":"A Faepa (Funda\u00e7\u00e3o de Apoio ao Ensino, Pesquisa e Assist\u00eancia do Hospital das Cl\u00ednicas) de Ribeir\u00e3o Preto est\u00e1 com inscri\u00e7\u00f5es abertas para dois processos seletivos (veja abaixo). As oportunidades oferecem sal\u00e1rios s\u00e3o de R$ 2.096,07 a R$ 9.118,37. Os interessados devem se inscrever pelo site da Faepa (clique aqui). Vejas\u2026","rel":"","context":"In &quot;Not\u00edcias de Ribeir\u00e3o Preto-SP e Regi\u00e3o&quot;","block_context":{"text":"Not\u00edcias de Ribeir\u00e3o Preto-SP e Regi\u00e3o","link":"https:\/\/ismaelcolosi.com.br\/index.php\/category\/noticias-de-ribeirao-preto-sp-e-regiao-ismael-colosi\/"},"img":{"alt_text":"","src":"https:\/\/i0.wp.com\/ismaelcolosi.com.br\/wp-content\/uploads\/2024\/05\/Capturar_2024-05-10_20-51-42_jpg_2024-05-10_20-51-42.webp.webp?fit=830%2C371&ssl=1&resize=350%2C200","width":350,"height":200,"srcset":"https:\/\/i0.wp.com\/ismaelcolosi.com.br\/wp-content\/uploads\/2024\/05\/Capturar_2024-05-10_20-51-42_jpg_2024-05-10_20-51-42.webp.webp?fit=830%2C371&ssl=1&resize=350%2C200 1x, https:\/\/i0.wp.com\/ismaelcolosi.com.br\/wp-content\/uploads\/2024\/05\/Capturar_2024-05-10_20-51-42_jpg_2024-05-10_20-51-42.webp.webp?fit=830%2C371&ssl=1&resize=525%2C300 1.5x, https:\/\/i0.wp.com\/ismaelcolosi.com.br\/wp-content\/uploads\/2024\/05\/Capturar_2024-05-10_20-51-42_jpg_2024-05-10_20-51-42.webp.webp?fit=830%2C371&ssl=1&resize=700%2C400 2x"},"classes":[]},{"id":49674,"url":"https:\/\/ismaelcolosi.com.br\/index.php\/2024\/05\/12\/veja-como-se-inscrever-para-o-processo-seletivo-da-faepa-ribeirao-com-salario-de-ate-r-9-mil\/","url_meta":{"origin":58603,"position":3},"title":"Veja como se inscrever para o processo seletivo da Faepa Ribeir\u00e3o com sal\u00e1rio de at\u00e9 R$ 9 mil","author":"ismaelcolosi.com.br","date":"12 de May de 2024","format":false,"excerpt":"As inscri\u00e7\u00f5es para os processos seletivos da Faepa (Funda\u00e7\u00e3o de Apoio ao Ensino, Pesquisa e Assist\u00eancia do Hospital das Cl\u00ednicas) come\u00e7am nesta segunda-feira (13) e devem ser feitas, exclusivamente, pelo site da funda\u00e7\u00e3o (clique aqui). Os sal\u00e1rios s\u00e3o de R$ 2.354,20 a R$ 9.118,97. Os interessados nas vagas para m\u00e9dicos\u2026","rel":"","context":"In &quot;Not\u00edcias de Ribeir\u00e3o Preto-SP e Regi\u00e3o&quot;","block_context":{"text":"Not\u00edcias de Ribeir\u00e3o Preto-SP e Regi\u00e3o","link":"https:\/\/ismaelcolosi.com.br\/index.php\/category\/noticias-de-ribeirao-preto-sp-e-regiao-ismael-colosi\/"},"img":{"alt_text":"","src":"https:\/\/i0.wp.com\/ismaelcolosi.com.br\/wp-content\/uploads\/2024\/05\/Copia-de-Copia-de-TAMANHO-EXATO-PARA-FOTOS-NO-SISTEMA-NOVO-2_2024-05-12_20-35-47_jpg_2024-05-12_20-35-47.webp.webp?fit=1200%2C675&ssl=1&resize=350%2C200","width":350,"height":200,"srcset":"https:\/\/i0.wp.com\/ismaelcolosi.com.br\/wp-content\/uploads\/2024\/05\/Copia-de-Copia-de-TAMANHO-EXATO-PARA-FOTOS-NO-SISTEMA-NOVO-2_2024-05-12_20-35-47_jpg_2024-05-12_20-35-47.webp.webp?fit=1200%2C675&ssl=1&resize=350%2C200 1x, https:\/\/i0.wp.com\/ismaelcolosi.com.br\/wp-content\/uploads\/2024\/05\/Copia-de-Copia-de-TAMANHO-EXATO-PARA-FOTOS-NO-SISTEMA-NOVO-2_2024-05-12_20-35-47_jpg_2024-05-12_20-35-47.webp.webp?fit=1200%2C675&ssl=1&resize=525%2C300 1.5x, https:\/\/i0.wp.com\/ismaelcolosi.com.br\/wp-content\/uploads\/2024\/05\/Copia-de-Copia-de-TAMANHO-EXATO-PARA-FOTOS-NO-SISTEMA-NOVO-2_2024-05-12_20-35-47_jpg_2024-05-12_20-35-47.webp.webp?fit=1200%2C675&ssl=1&resize=700%2C400 2x, https:\/\/i0.wp.com\/ismaelcolosi.com.br\/wp-content\/uploads\/2024\/05\/Copia-de-Copia-de-TAMANHO-EXATO-PARA-FOTOS-NO-SISTEMA-NOVO-2_2024-05-12_20-35-47_jpg_2024-05-12_20-35-47.webp.webp?fit=1200%2C675&ssl=1&resize=1050%2C600 3x"},"classes":[]},{"id":57065,"url":"https:\/\/ismaelcolosi.com.br\/index.php\/2024\/07\/17\/faepa-abre-processo-seletivo-com-vagas-em-ribeirao-e-regiao-com-salarios-de-ate-r-19-mil\/","url_meta":{"origin":58603,"position":4},"title":"Faepa abre processo seletivo com vagas em Ribeir\u00e3o e regi\u00e3o com sal\u00e1rios de at\u00e9 R$ 19 mil","author":"ismaelcolosi.com.br","date":"17 de July de 2024","format":false,"excerpt":"A Faepa (Funda\u00e7\u00e3o de Apoio ao Ensino, Pesquisa e Assist\u00eancia do Hospital das Cl\u00ednicas) de Ribeir\u00e3o Preto est\u00e1 com inscri\u00e7\u00f5es abertas para vagas em Ribeir\u00e3o Preto e Serrana. As oportunidades oferecem sal\u00e1rios de at\u00e9 R$ 19.507,75. As inscri\u00e7\u00f5es podem ser feitas pelos site da funda\u00e7\u00e3o (clique aqui) e os prazos\u2026","rel":"","context":"In &quot;Not\u00edcias de Ribeir\u00e3o Preto-SP e Regi\u00e3o&quot;","block_context":{"text":"Not\u00edcias de Ribeir\u00e3o Preto-SP e Regi\u00e3o","link":"https:\/\/ismaelcolosi.com.br\/index.php\/category\/noticias-de-ribeirao-preto-sp-e-regiao-ismael-colosi\/"},"img":{"alt_text":"","src":"https:\/\/i0.wp.com\/ismaelcolosi.com.br\/wp-content\/uploads\/2024\/07\/Capturar_2024-05-10_20-51-42_jpg_2024-05-10_20-51-42_2024-07-01_14-46-58.webp.webp?fit=830%2C371&ssl=1&resize=350%2C200","width":350,"height":200,"srcset":"https:\/\/i0.wp.com\/ismaelcolosi.com.br\/wp-content\/uploads\/2024\/07\/Capturar_2024-05-10_20-51-42_jpg_2024-05-10_20-51-42_2024-07-01_14-46-58.webp.webp?fit=830%2C371&ssl=1&resize=350%2C200 1x, https:\/\/i0.wp.com\/ismaelcolosi.com.br\/wp-content\/uploads\/2024\/07\/Capturar_2024-05-10_20-51-42_jpg_2024-05-10_20-51-42_2024-07-01_14-46-58.webp.webp?fit=830%2C371&ssl=1&resize=525%2C300 1.5x, https:\/\/i0.wp.com\/ismaelcolosi.com.br\/wp-content\/uploads\/2024\/07\/Capturar_2024-05-10_20-51-42_jpg_2024-05-10_20-51-42_2024-07-01_14-46-58.webp.webp?fit=830%2C371&ssl=1&resize=700%2C400 2x"},"classes":[]},{"id":55212,"url":"https:\/\/ismaelcolosi.com.br\/index.php\/2024\/07\/01\/faepa-tem-novo-processo-seletivo-em-ribeirao-preto-com-salario-de-ate-r-9-mil\/","url_meta":{"origin":58603,"position":5},"title":"Faepa tem novo processo seletivo em Ribeir\u00e3o Preto com sal\u00e1rio de at\u00e9 R$ 9 mil","author":"ismaelcolosi.com.br","date":"1 de July de 2024","format":false,"excerpt":"A Faepa (Funda\u00e7\u00e3o de Apoio ao Ensino, Pesquisa e Assist\u00eancia do Hospital das Cl\u00ednicas) de Ribeir\u00e3o Preto abriu nesta segunda-feira (1) dois novos processos seletivos com vagas para cozinheiro e m\u00e9dico na \u00e1rea de ginecologia e obstetr\u00edcia. Os sal\u00e1rios s\u00e3o de R$ 2.489,10 e R$ 9.118,97. Para se inscrever, os\u2026","rel":"","context":"In &quot;Not\u00edcias de Ribeir\u00e3o Preto-SP e Regi\u00e3o&quot;","block_context":{"text":"Not\u00edcias de Ribeir\u00e3o Preto-SP e Regi\u00e3o","link":"https:\/\/ismaelcolosi.com.br\/index.php\/category\/noticias-de-ribeirao-preto-sp-e-regiao-ismael-colosi\/"},"img":{"alt_text":"","src":"https:\/\/i0.wp.com\/ismaelcolosi.com.br\/wp-content\/uploads\/2024\/07\/Capturar_2024-05-10_20-51-42_jpg_2024-05-10_20-51-42_2024-07-01_14-46-58.webp.webp?fit=830%2C371&ssl=1&resize=350%2C200","width":350,"height":200,"srcset":"https:\/\/i0.wp.com\/ismaelcolosi.com.br\/wp-content\/uploads\/2024\/07\/Capturar_2024-05-10_20-51-42_jpg_2024-05-10_20-51-42_2024-07-01_14-46-58.webp.webp?fit=830%2C371&ssl=1&resize=350%2C200 1x, https:\/\/i0.wp.com\/ismaelcolosi.com.br\/wp-content\/uploads\/2024\/07\/Capturar_2024-05-10_20-51-42_jpg_2024-05-10_20-51-42_2024-07-01_14-46-58.webp.webp?fit=830%2C371&ssl=1&resize=525%2C300 1.5x, https:\/\/i0.wp.com\/ismaelcolosi.com.br\/wp-content\/uploads\/2024\/07\/Capturar_2024-05-10_20-51-42_jpg_2024-05-10_20-51-42_2024-07-01_14-46-58.webp.webp?fit=830%2C371&ssl=1&resize=700%2C400 2x"},"classes":[]}],"jetpack_sharing_enabled":true,"jetpack_shortlink":"https:\/\/wp.me\/pfMlyK-ffd","_links":{"self":[{"href":"https:\/\/ismaelcolosi.com.br\/index.php\/wp-json\/wp\/v2\/posts\/58603","targetHints":{"allow":["GET"]}}],"collection":[{"href":"https:\/\/ismaelcolosi.com.br\/index.php\/wp-json\/wp\/v2\/posts"}],"about":[{"href":"https:\/\/ismaelcolosi.com.br\/index.php\/wp-json\/wp\/v2\/types\/post"}],"author":[{"embeddable":true,"href":"https:\/\/ismaelcolosi.com.br\/index.php\/wp-json\/wp\/v2\/users\/1"}],"replies":[{"embeddable":true,"href":"https:\/\/ismaelcolosi.com.br\/index.php\/wp-json\/wp\/v2\/comments?post=58603"}],"version-history":[{"count":0,"href":"https:\/\/ismaelcolosi.com.br\/index.php\/wp-json\/wp\/v2\/posts\/58603\/revisions"}],"wp:featuredmedia":[{"embeddable":true,"href":"https:\/\/ismaelcolosi.com.br\/index.php\/wp-json\/wp\/v2\/media\/57936"}],"wp:attachment":[{"href":"https:\/\/ismaelcolosi.com.br\/index.php\/wp-json\/wp\/v2\/media?parent=58603"}],"wp:term":[{"taxonomy":"category","embeddable":true,"href":"https:\/\/ismaelcolosi.com.br\/index.php\/wp-json\/wp\/v2\/categories?post=58603"},{"taxonomy":"post_tag","embeddable":true,"href":"https:\/\/ismaelcolosi.com.br\/index.php\/wp-json\/wp\/v2\/tags?post=58603"}],"curies":[{"name":"wp","href":"https:\/\/api.w.org\/{rel}","templated":true}]}}