{"id":58561,"date":"2024-07-31T20:02:13","date_gmt":"2024-07-31T23:02:13","guid":{"rendered":"https:\/\/ismaelcolosi.com.br\/index.php\/2024\/07\/31\/policial-militar-que-matou-mulher-na-zona-sul-de-ribeirao-preto-vai-a-juri-popular\/"},"modified":"2024-07-31T20:02:13","modified_gmt":"2024-07-31T23:02:13","slug":"policial-militar-que-matou-mulher-na-zona-sul-de-ribeirao-preto-vai-a-juri-popular","status":"publish","type":"post","link":"https:\/\/ismaelcolosi.com.br\/index.php\/2024\/07\/31\/policial-militar-que-matou-mulher-na-zona-sul-de-ribeirao-preto-vai-a-juri-popular\/","title":{"rendered":"Policial Militar que matou mulher na zona Sul de Ribeir\u00e3o Preto vai a j\u00fari popular"},"content":{"rendered":"<p> <br \/>\n<\/p>\n<div>\n<p><span style=\"background-color:#f7cc62\" class=\"td_text_highlight_marker\"><mark style=\"background-color:rgba(0, 0, 0, 0)\" class=\"has-inline-color has-black-color\">O <strong>policial militar<\/strong>, <strong>Maicon de Oliveira dos Santos<\/strong>, que <strong>atirou contra dois homens<\/strong> em uma <strong>moto<\/strong> e <strong>um dos disparos atingiu e matou J\u00falia Ferraz Signoretto, de 27 anos, vai a j\u00fari popular<\/strong>.<\/mark><\/span> O <strong>crime aconteceu <\/strong>em <strong>agosto de 2023<\/strong>, quando a v\u00edtima <strong>atravessava a avenida Independ\u00eancia<\/strong>, ap\u00f3s <strong>sair de um bar<\/strong> na zona Sul de <strong>Ribeir\u00e3o Preto<\/strong>.<\/p>\n<p>A <strong>decis\u00e3o da Justi\u00e7a<\/strong> levou em <strong>considera\u00e7\u00e3o<\/strong> o <strong>flagrante do disparo que atingiu J\u00falia<\/strong>, entre <strong>outras provas apresentadas pelo MP-SP<\/strong> (Minist\u00e9rio P\u00fablico de S\u00e3o Paulo). Os <strong>disparos contra os homens<\/strong> na moto teriam <strong>ocorrido por conta de uma briga de tr\u00e2nsito<\/strong>.<\/p>\n<p><strong>Maicon chegou a ser preso<\/strong>, mas foi<strong> liberado em seguida<\/strong>. Agora, o <strong><span style=\"background-color:#f7cc62\" class=\"td_text_highlight_marker\"><mark style=\"background-color:rgba(0, 0, 0, 0)\" class=\"has-inline-color has-black-color\">MP quer que, al\u00e9m de a den\u00fancia ser por homic\u00eddio qualificado (quando h\u00e1 inten\u00e7\u00e3o de matar), o PM seja julgado tamb\u00e9m por duas tentativas de homic\u00eddio<\/mark><\/span><\/strong>.<\/p>\n<blockquote class=\"wp-block-quote\">\n<p>\u201cO policial militar \u00e9 preparado para esse tipo de ocorr\u00eancia. Tem preparo, \u00e9 treinado para isso, por isso, mais grave a conduta dele se torna\u201d.<\/p>\n<p><cite><strong>Marcus T\u00falio Alves Nicolino \u2013 promotor de Justi\u00e7a<\/strong><\/cite><\/p><\/blockquote>\n<p>Para o <strong>advogado da fam\u00edlia de J\u00falia<\/strong>, agora eles esperam que seja <strong>reconsiderada a decis\u00e3o <\/strong>para que ele [Maicon] <strong>seja preso preventivamente<\/strong>.<\/p>\n<p>\u00c0 <strong>EPTV<\/strong>, os <strong>advogados que defendem os jovens<\/strong> que estavam na moto<strong> informaram que n\u00e3o houve tentativa de roubo e que esperam por justi\u00e7a<\/strong>.<\/p>\n<p>J\u00e1 a <strong>defesa de Maicon<\/strong> disse que <strong>avaliar\u00e1 a possibilidade de recurso <\/strong>e que <strong>ele [Maicon] ser\u00e1 absolvido dos crimes que \u00e9 acusado<\/strong>.<\/p>\n<h2 class=\"wp-block-heading\"><strong>Sobre o caso<\/strong><\/h2>\n<p>J\u00falia Ferraz Signoreto, de 27 anos, foi morta ap\u00f3s sair de um bar na zona Sul de Ribeir\u00e3o, no dia 14 de agosto de 2023. Ela foi atingida por uma bala perdida e o policial Maicon de Oliveira dos Santos \u00e9 suspeito de ter atirado ao supostamente reagir a uma tentativa de assalto na avenida Independ\u00eancia. A a\u00e7\u00e3o foi registrada por c\u00e2meras de seguran\u00e7as.<\/p>\n<p><strong><em>*Com informa\u00e7\u00f5es EPTV<\/em><\/strong><\/p>\n<p>SAIBA MAIS <\/p>\n<p>Rodovia Anhanguera na regi\u00e3o de Ribeir\u00e3o Preto tem interdi\u00e7\u00e3o nesta quinta-feira<\/p>\n<h4 class=\"wp-block-heading\"><strong>FIQUE ON<\/strong><\/h4>\n<p>Fique ligado em tudo que acontece em Ribeir\u00e3o Preto e regi\u00e3o. Siga os perfis do<strong>\u00a0acidade on<\/strong>\u00a0no<a href=\"https:\/\/www.instagram.com\/acidadeonribeirao\" target=\"_blank\" rel=\"noreferrer noopener\">\u00a0Instagram<\/a>\u00a0e no\u00a0<a href=\"https:\/\/www.facebook.com\/acidadeonribeirao\/\" target=\"_blank\" rel=\"noreferrer noopener\">Facebook<\/a>.<\/p>\n<p>Receba not\u00edcias do\u00a0<strong>acidade on<\/strong>\u00a0no WhatsApp.\u00a0<a href=\"https:\/\/chat.whatsapp.com\/Dtv9mxhy6V5BJBotM2OQ5k\" target=\"_blank\" rel=\"noreferrer noopener\">Para entrar no grupo, basta clicar aqui.<\/a><\/p>\n<p>Fa\u00e7a uma den\u00fancia ou sugira uma reportagem sobre Ribeir\u00e3o Preto e regi\u00e3o pelo WhatsApp: 16 99117 7802.<\/p>\n<p>VEJA TAMB\u00c9M<br \/>Que horas vai passar \u2018Alma G\u00eamea\u2019 hoje?<\/p>\n<p><!-- CONTENT END 1 -->\n<\/div>\n<p><script async src=\"\/\/www.instagram.com\/embed.js\"><\/script><br \/>\n<br \/><br \/>\n<br \/><a href=\"https:\/\/www.acidadeon.com\/ribeiraopreto\/cotidiano\/policial-militar-que-matou-mulher-na-zona-sul-de-ribeirao-preto-vai-a-juri-popular\/\">Source link <\/a><\/p>\n","protected":false},"excerpt":{"rendered":"<p>O policial militar, Maicon de Oliveira dos Santos, que atirou contra dois homens em uma moto e um dos disparos atingiu e matou J\u00falia Ferraz&#8230;<\/p>\n","protected":false},"author":1,"featured_media":58562,"comment_status":"open","ping_status":"open","sticky":false,"template":"","format":"standard","meta":{"_uag_custom_page_level_css":"","advanced_seo_description":"","jetpack_seo_html_title":"","jetpack_seo_noindex":false,"jetpack_post_was_ever_published":false,"_jetpack_newsletter_access":"","_jetpack_dont_email_post_to_subs":false,"_jetpack_newsletter_tier_id":0,"_jetpack_memberships_contains_paywalled_content":false,"_jetpack_memberships_contains_paid_content":false,"footnotes":"","jetpack_publicize_message":"","jetpack_publicize_feature_enabled":true,"jetpack_social_post_already_shared":true,"jetpack_social_options":{"image_generator_settings":{"template":"highway","default_image_id":0,"font":"","enabled":false},"version":2}},"categories":[11],"tags":[],"class_list":["post-58561","post","type-post","status-publish","format-standard","has-post-thumbnail","hentry","category-noticias-de-ribeirao-preto-sp-e-regiao-ismael-colosi"],"jetpack_publicize_connections":[],"jetpack_featured_media_url":"https:\/\/i0.wp.com\/ismaelcolosi.com.br\/wp-content\/uploads\/2024\/07\/JULIA-1.jpg?fit=2000%2C1275&ssl=1","uagb_featured_image_src":{"full":["https:\/\/i0.wp.com\/ismaelcolosi.com.br\/wp-content\/uploads\/2024\/07\/JULIA-1.jpg?fit=2000%2C1275&ssl=1",2000,1275,false],"thumbnail":["https:\/\/i0.wp.com\/ismaelcolosi.com.br\/wp-content\/uploads\/2024\/07\/JULIA-1.jpg?resize=150%2C150&ssl=1",150,150,true],"medium":["https:\/\/i0.wp.com\/ismaelcolosi.com.br\/wp-content\/uploads\/2024\/07\/JULIA-1.jpg?fit=300%2C191&ssl=1",300,191,true],"medium_large":["https:\/\/i0.wp.com\/ismaelcolosi.com.br\/wp-content\/uploads\/2024\/07\/JULIA-1.jpg?fit=768%2C490&ssl=1",768,490,true],"large":["https:\/\/i0.wp.com\/ismaelcolosi.com.br\/wp-content\/uploads\/2024\/07\/JULIA-1.jpg?fit=1024%2C653&ssl=1",1024,653,true],"1536x1536":["https:\/\/i0.wp.com\/ismaelcolosi.com.br\/wp-content\/uploads\/2024\/07\/JULIA-1.jpg?fit=1536%2C979&ssl=1",1536,979,true],"2048x2048":["https:\/\/i0.wp.com\/ismaelcolosi.com.br\/wp-content\/uploads\/2024\/07\/JULIA-1.jpg?fit=2000%2C1275&ssl=1",2000,1275,true],"really-simple-thumb":["https:\/\/i0.wp.com\/ismaelcolosi.com.br\/wp-content\/uploads\/2024\/07\/JULIA-1.jpg?resize=370%2C247&ssl=1",370,247,true]},"uagb_author_info":{"display_name":"ismaelcolosi.com.br","author_link":"https:\/\/ismaelcolosi.com.br\/index.php\/author\/vidareal-online\/"},"uagb_comment_info":0,"uagb_excerpt":"O policial militar, Maicon de Oliveira dos Santos, que atirou contra dois homens em uma moto e um dos disparos atingiu e matou J\u00falia Ferraz...","jetpack-related-posts":[{"id":46060,"url":"https:\/\/ismaelcolosi.com.br\/index.php\/2024\/04\/09\/justica-marca-audiencia-sobre-caso-de-mulher-morta-ao-sair-de-bar-em-ribeirao-preto\/","url_meta":{"origin":58561,"position":0},"title":"Justi\u00e7a marca audi\u00eancia sobre caso de mulher morta ao sair de bar em Ribeir\u00e3o Preto","author":"ismaelcolosi.com.br","date":"9 de April de 2024","format":false,"excerpt":"O TJ-SP (Tribunal de Justi\u00e7a de S\u00e3o Paulo) marcou a audi\u00eancia para ouvir o policial Militar Maicon de Oliveira dos Santos, de 35 anos, suspeito de ter atirado contra dois homens em uma moto, para se defender de uma suposta tentativa de assalto. Segundo a Pol\u00edcia Civil, um dos disparos\u2026","rel":"","context":"In &quot;Not\u00edcias de Ribeir\u00e3o Preto-SP e Regi\u00e3o&quot;","block_context":{"text":"Not\u00edcias de Ribeir\u00e3o Preto-SP e Regi\u00e3o","link":"https:\/\/ismaelcolosi.com.br\/index.php\/category\/noticias-de-ribeirao-preto-sp-e-regiao-ismael-colosi\/"},"img":{"alt_text":"","src":"https:\/\/i0.wp.com\/ismaelcolosi.com.br\/wp-content\/uploads\/2024\/04\/Capturar-4.jpg?fit=781%2C474&ssl=1&resize=350%2C200","width":350,"height":200,"srcset":"https:\/\/i0.wp.com\/ismaelcolosi.com.br\/wp-content\/uploads\/2024\/04\/Capturar-4.jpg?fit=781%2C474&ssl=1&resize=350%2C200 1x, https:\/\/i0.wp.com\/ismaelcolosi.com.br\/wp-content\/uploads\/2024\/04\/Capturar-4.jpg?fit=781%2C474&ssl=1&resize=525%2C300 1.5x, https:\/\/i0.wp.com\/ismaelcolosi.com.br\/wp-content\/uploads\/2024\/04\/Capturar-4.jpg?fit=781%2C474&ssl=1&resize=700%2C400 2x"},"classes":[]},{"id":48982,"url":"https:\/\/ismaelcolosi.com.br\/index.php\/2024\/05\/07\/justica-realiza-audiencia-de-instrucao-sobre-caso-de-mulher-morta-ao-sair-de-bar-em-ribeirao-preto\/","url_meta":{"origin":58561,"position":1},"title":"Justi\u00e7a realiza audi\u00eancia de instru\u00e7\u00e3o sobre caso de mulher morta ao sair de bar em Ribeir\u00e3o Preto","author":"ismaelcolosi.com.br","date":"7 de May de 2024","format":false,"excerpt":"Aconteceu nesta ter\u00e7a-feira (7), em Ribeir\u00e3o Preto, a audi\u00eancia de instru\u00e7\u00e3o do policial militar Maicon de Oliveira dos Santos, de 35 anos, suspeito de ter atirado contra dois homens em uma moto, para se defender de uma suposta tentativa de assalto, em agosto de 2023. Segundo a Pol\u00edcia Civil, um\u2026","rel":"","context":"In &quot;Not\u00edcias de Ribeir\u00e3o Preto-SP e Regi\u00e3o&quot;","block_context":{"text":"Not\u00edcias de Ribeir\u00e3o Preto-SP e Regi\u00e3o","link":"https:\/\/ismaelcolosi.com.br\/index.php\/category\/noticias-de-ribeirao-preto-sp-e-regiao-ismael-colosi\/"},"img":{"alt_text":"","src":"https:\/\/i0.wp.com\/ismaelcolosi.com.br\/wp-content\/uploads\/2024\/05\/tiros-independencia.jpg?fit=1200%2C801&ssl=1&resize=350%2C200","width":350,"height":200,"srcset":"https:\/\/i0.wp.com\/ismaelcolosi.com.br\/wp-content\/uploads\/2024\/05\/tiros-independencia.jpg?fit=1200%2C801&ssl=1&resize=350%2C200 1x, https:\/\/i0.wp.com\/ismaelcolosi.com.br\/wp-content\/uploads\/2024\/05\/tiros-independencia.jpg?fit=1200%2C801&ssl=1&resize=525%2C300 1.5x, https:\/\/i0.wp.com\/ismaelcolosi.com.br\/wp-content\/uploads\/2024\/05\/tiros-independencia.jpg?fit=1200%2C801&ssl=1&resize=700%2C400 2x, https:\/\/i0.wp.com\/ismaelcolosi.com.br\/wp-content\/uploads\/2024\/05\/tiros-independencia.jpg?fit=1200%2C801&ssl=1&resize=1050%2C600 3x"},"classes":[]},{"id":8677,"url":"https:\/\/ismaelcolosi.com.br\/index.php\/2023\/11\/30\/condenado-de-matar-pm-brama-em-ribeirao-e-encontrado-morto-na-prisao\/","url_meta":{"origin":58561,"position":2},"title":"Condenado por matar PM Brama em Ribeir\u00e3o \u00e9 encontrado morto na pris\u00e3o","author":"ismaelcolosi.com.br","date":"30 de November de 2023","format":false,"excerpt":"O homem condenado pela morte do policial militar Roberto Pereira Abramovicius, conhecido como Brama, foi encontrado morto, na ter\u00e7a-feira (28), por servidores da Penitenci\u00e1ria \u201cDr. Paulo Luciano de Campos\u201d, em Avar\u00e9, cidade no interior de S\u00e3o Paulo. O crime que tirou a vida de Brama aconteceu em 2017, em um\u2026","rel":"","context":"In &quot;Not\u00edcias de Ribeir\u00e3o Preto-SP e Regi\u00e3o&quot;","block_context":{"text":"Not\u00edcias de Ribeir\u00e3o Preto-SP e Regi\u00e3o","link":"https:\/\/ismaelcolosi.com.br\/index.php\/category\/noticias-de-ribeirao-preto-sp-e-regiao-ismael-colosi\/"},"img":{"alt_text":"","src":"https:\/\/i0.wp.com\/ismaelcolosi.com.br\/wp-content\/uploads\/2023\/11\/Alef-Vieira.png?fit=1115%2C759&ssl=1&resize=350%2C200","width":350,"height":200,"srcset":"https:\/\/i0.wp.com\/ismaelcolosi.com.br\/wp-content\/uploads\/2023\/11\/Alef-Vieira.png?fit=1115%2C759&ssl=1&resize=350%2C200 1x, https:\/\/i0.wp.com\/ismaelcolosi.com.br\/wp-content\/uploads\/2023\/11\/Alef-Vieira.png?fit=1115%2C759&ssl=1&resize=525%2C300 1.5x, https:\/\/i0.wp.com\/ismaelcolosi.com.br\/wp-content\/uploads\/2023\/11\/Alef-Vieira.png?fit=1115%2C759&ssl=1&resize=700%2C400 2x, https:\/\/i0.wp.com\/ismaelcolosi.com.br\/wp-content\/uploads\/2023\/11\/Alef-Vieira.png?fit=1115%2C759&ssl=1&resize=1050%2C600 3x"},"classes":[]},{"id":51445,"url":"https:\/\/ismaelcolosi.com.br\/index.php\/2024\/05\/28\/ex-policial-e-chefe-de-grupo-de-exterminio-de-ribeirao-preto-e-condenado-a-30-anos-de-prisao\/","url_meta":{"origin":58561,"position":3},"title":"Ex-policial e chefe de grupo de exterm\u00ednio de Ribeir\u00e3o Preto\u00a0\u00e9 condenado a 30 anos de pris\u00e3o","author":"ismaelcolosi.com.br","date":"28 de May de 2024","format":false,"excerpt":"O ex-policial e chefe de um grupo de exterm\u00ednio, Ricardo Jos\u00e9 Guimar\u00e3es, foi condenado a 30 anos de pris\u00e3o\u00a0pela\u00a0morte de Thiago Xavier de Stefani, na noite desta segunda-feira (27), ap\u00f3s 13 horas de julgamento, em Ribeir\u00e3o Preto.\u00a0 Com a condena\u00e7\u00e3o, Guimar\u00e3es\u00a0soma\u00a0274 anos\u00a0de\u00a0pris\u00e3o\u00a0por\u00a0nove crimes. J\u00e1 Thiago Moreira, apontado como o autor\u2026","rel":"","context":"In &quot;Not\u00edcias de Ribeir\u00e3o Preto-SP e Regi\u00e3o&quot;","block_context":{"text":"Not\u00edcias de Ribeir\u00e3o Preto-SP e Regi\u00e3o","link":"https:\/\/ismaelcolosi.com.br\/index.php\/category\/noticias-de-ribeirao-preto-sp-e-regiao-ismael-colosi\/"},"img":{"alt_text":"","src":"https:\/\/i0.wp.com\/ismaelcolosi.com.br\/wp-content\/uploads\/2024\/05\/Copia-de-Copia-de-TAMANHO-EXATO-PARA-FOTOS-NO-SISTEMA-NOVO-49_2024-05-27_13-52-31_jpg_2024-05-27_13-52-32.webp.webp?fit=1200%2C675&ssl=1&resize=350%2C200","width":350,"height":200,"srcset":"https:\/\/i0.wp.com\/ismaelcolosi.com.br\/wp-content\/uploads\/2024\/05\/Copia-de-Copia-de-TAMANHO-EXATO-PARA-FOTOS-NO-SISTEMA-NOVO-49_2024-05-27_13-52-31_jpg_2024-05-27_13-52-32.webp.webp?fit=1200%2C675&ssl=1&resize=350%2C200 1x, https:\/\/i0.wp.com\/ismaelcolosi.com.br\/wp-content\/uploads\/2024\/05\/Copia-de-Copia-de-TAMANHO-EXATO-PARA-FOTOS-NO-SISTEMA-NOVO-49_2024-05-27_13-52-31_jpg_2024-05-27_13-52-32.webp.webp?fit=1200%2C675&ssl=1&resize=525%2C300 1.5x, https:\/\/i0.wp.com\/ismaelcolosi.com.br\/wp-content\/uploads\/2024\/05\/Copia-de-Copia-de-TAMANHO-EXATO-PARA-FOTOS-NO-SISTEMA-NOVO-49_2024-05-27_13-52-31_jpg_2024-05-27_13-52-32.webp.webp?fit=1200%2C675&ssl=1&resize=700%2C400 2x, https:\/\/i0.wp.com\/ismaelcolosi.com.br\/wp-content\/uploads\/2024\/05\/Copia-de-Copia-de-TAMANHO-EXATO-PARA-FOTOS-NO-SISTEMA-NOVO-49_2024-05-27_13-52-31_jpg_2024-05-27_13-52-32.webp.webp?fit=1200%2C675&ssl=1&resize=1050%2C600 3x"},"classes":[]},{"id":68061,"url":"https:\/\/ismaelcolosi.com.br\/index.php\/2024\/09\/26\/juri-inocenta-acusado-de-transportar-atirador-que-matou-empresario-em-ribeirao\/","url_meta":{"origin":58561,"position":4},"title":"J\u00fari inocenta acusado de transportar atirador que matou empres\u00e1rio em Ribeir\u00e3o","author":"ismaelcolosi.com.br","date":"26 de September de 2024","format":false,"excerpt":"Foi inocentado, nesta quinta-feira (26), o homem que era suspeito de transportar o atirador que matou o empres\u00e1rio Tiago Pereira Fernandes, em Ribeir\u00e3o Preto. O crime aconteceu em mar\u00e7o de 2022, dentro de um centro comercial. O julgamento aconteceu no F\u00f3rum de Ribeir\u00e3o Preto e contou com a participa\u00e7\u00e3o de\u2026","rel":"","context":"In &quot;Not\u00edcias de Ribeir\u00e3o Preto-SP e Regi\u00e3o&quot;","block_context":{"text":"Not\u00edcias de Ribeir\u00e3o Preto-SP e Regi\u00e3o","link":"https:\/\/ismaelcolosi.com.br\/index.php\/category\/noticias-de-ribeirao-preto-sp-e-regiao-ismael-colosi\/"},"img":{"alt_text":"","src":"https:\/\/i0.wp.com\/ismaelcolosi.com.br\/wp-content\/uploads\/2024\/09\/Copia-de-Copia-de-Copia-de-TAMANHO-EXATO-PARA-FOTOS-NO-SISTEMA-NOVO-47_2024-09-26_16-06-41_png_2024-09-26_16-06-41.webp.webp?fit=1200%2C675&ssl=1&resize=350%2C200","width":350,"height":200,"srcset":"https:\/\/i0.wp.com\/ismaelcolosi.com.br\/wp-content\/uploads\/2024\/09\/Copia-de-Copia-de-Copia-de-TAMANHO-EXATO-PARA-FOTOS-NO-SISTEMA-NOVO-47_2024-09-26_16-06-41_png_2024-09-26_16-06-41.webp.webp?fit=1200%2C675&ssl=1&resize=350%2C200 1x, https:\/\/i0.wp.com\/ismaelcolosi.com.br\/wp-content\/uploads\/2024\/09\/Copia-de-Copia-de-Copia-de-TAMANHO-EXATO-PARA-FOTOS-NO-SISTEMA-NOVO-47_2024-09-26_16-06-41_png_2024-09-26_16-06-41.webp.webp?fit=1200%2C675&ssl=1&resize=525%2C300 1.5x, https:\/\/i0.wp.com\/ismaelcolosi.com.br\/wp-content\/uploads\/2024\/09\/Copia-de-Copia-de-Copia-de-TAMANHO-EXATO-PARA-FOTOS-NO-SISTEMA-NOVO-47_2024-09-26_16-06-41_png_2024-09-26_16-06-41.webp.webp?fit=1200%2C675&ssl=1&resize=700%2C400 2x, https:\/\/i0.wp.com\/ismaelcolosi.com.br\/wp-content\/uploads\/2024\/09\/Copia-de-Copia-de-Copia-de-TAMANHO-EXATO-PARA-FOTOS-NO-SISTEMA-NOVO-47_2024-09-26_16-06-41_png_2024-09-26_16-06-41.webp.webp?fit=1200%2C675&ssl=1&resize=1050%2C600 3x"},"classes":[]},{"id":3033,"url":"https:\/\/ismaelcolosi.com.br\/index.php\/2023\/08\/15\/pm-e-preso-apos-atirar-contra-suspeitos-de-assalto-e-matar-pedestre-em-sp\/","url_meta":{"origin":58561,"position":5},"title":"PM \u00e9 preso ap\u00f3s atirar contra suspeitos de assalto e matar pedestre em SP","author":"ismaelcolosi.com.br","date":"15 de August de 2023","format":false,"excerpt":"Um policial militar foi preso em flagrante ap\u00f3s um disparo de arma de fogo efetuado por ele matar uma mulher que sa\u00eda de uma casa noturna, no bairro Alto da Boa Vista, em Ribeir\u00e3o Preto, no interior de S\u00e3o Paulo, na madrugada de segunda-feira (14). J\u00falia Ferraz Signoreto, de 27\u2026","rel":"","context":"In &quot;Not\u00edcias de Ribeir\u00e3o Preto-SP e Regi\u00e3o&quot;","block_context":{"text":"Not\u00edcias de Ribeir\u00e3o Preto-SP e Regi\u00e3o","link":"https:\/\/ismaelcolosi.com.br\/index.php\/category\/noticias-de-ribeirao-preto-sp-e-regiao-ismael-colosi\/"},"img":{"alt_text":"","src":"https:\/\/i0.wp.com\/ismaelcolosi.com.br\/wp-content\/uploads\/2023\/11\/Copia-de-Placeholder-site-2023-08-15T080843.464.jpg?fit=1200%2C675&ssl=1&resize=350%2C200","width":350,"height":200,"srcset":"https:\/\/i0.wp.com\/ismaelcolosi.com.br\/wp-content\/uploads\/2023\/11\/Copia-de-Placeholder-site-2023-08-15T080843.464.jpg?fit=1200%2C675&ssl=1&resize=350%2C200 1x, https:\/\/i0.wp.com\/ismaelcolosi.com.br\/wp-content\/uploads\/2023\/11\/Copia-de-Placeholder-site-2023-08-15T080843.464.jpg?fit=1200%2C675&ssl=1&resize=525%2C300 1.5x, https:\/\/i0.wp.com\/ismaelcolosi.com.br\/wp-content\/uploads\/2023\/11\/Copia-de-Placeholder-site-2023-08-15T080843.464.jpg?fit=1200%2C675&ssl=1&resize=700%2C400 2x, https:\/\/i0.wp.com\/ismaelcolosi.com.br\/wp-content\/uploads\/2023\/11\/Copia-de-Placeholder-site-2023-08-15T080843.464.jpg?fit=1200%2C675&ssl=1&resize=1050%2C600 3x"},"classes":[]}],"jetpack_sharing_enabled":true,"jetpack_shortlink":"https:\/\/wp.me\/pfMlyK-fex","_links":{"self":[{"href":"https:\/\/ismaelcolosi.com.br\/index.php\/wp-json\/wp\/v2\/posts\/58561","targetHints":{"allow":["GET"]}}],"collection":[{"href":"https:\/\/ismaelcolosi.com.br\/index.php\/wp-json\/wp\/v2\/posts"}],"about":[{"href":"https:\/\/ismaelcolosi.com.br\/index.php\/wp-json\/wp\/v2\/types\/post"}],"author":[{"embeddable":true,"href":"https:\/\/ismaelcolosi.com.br\/index.php\/wp-json\/wp\/v2\/users\/1"}],"replies":[{"embeddable":true,"href":"https:\/\/ismaelcolosi.com.br\/index.php\/wp-json\/wp\/v2\/comments?post=58561"}],"version-history":[{"count":0,"href":"https:\/\/ismaelcolosi.com.br\/index.php\/wp-json\/wp\/v2\/posts\/58561\/revisions"}],"wp:featuredmedia":[{"embeddable":true,"href":"https:\/\/ismaelcolosi.com.br\/index.php\/wp-json\/wp\/v2\/media\/58562"}],"wp:attachment":[{"href":"https:\/\/ismaelcolosi.com.br\/index.php\/wp-json\/wp\/v2\/media?parent=58561"}],"wp:term":[{"taxonomy":"category","embeddable":true,"href":"https:\/\/ismaelcolosi.com.br\/index.php\/wp-json\/wp\/v2\/categories?post=58561"},{"taxonomy":"post_tag","embeddable":true,"href":"https:\/\/ismaelcolosi.com.br\/index.php\/wp-json\/wp\/v2\/tags?post=58561"}],"curies":[{"name":"wp","href":"https:\/\/api.w.org\/{rel}","templated":true}]}}