{"id":5822,"date":"2023-11-24T13:11:12","date_gmt":"2023-11-24T16:11:12","guid":{"rendered":"https:\/\/ismaelcolosi.com.br\/index.php\/2023\/11\/24\/video-apos-saida-de-lucas-souza-cezar-black-toma-decisao-nunca-mais\/"},"modified":"2023-11-24T13:11:12","modified_gmt":"2023-11-24T16:11:12","slug":"video-apos-saida-de-lucas-souza-cezar-black-toma-decisao-nunca-mais","status":"publish","type":"post","link":"https:\/\/ismaelcolosi.com.br\/index.php\/2023\/11\/24\/video-apos-saida-de-lucas-souza-cezar-black-toma-decisao-nunca-mais\/","title":{"rendered":"V\u00eddeo: Ap\u00f3s sa\u00edda de Lucas Souza, Cez\u00e1r Black toma decis\u00e3o: \u201cNunca mais\u201d"},"content":{"rendered":"<p> <br \/>\n<\/p>\n<div itemprop=\"text\">\n<p>Estar em confinamento influ\u00eancia os participantes a tomarem diversas decis\u00f5es e posicionamentos. As vezes, parte dessas escolhas trazem grandes consequ\u00eancias e grandes impactos.<\/p>\n<p>A Fazenda 15 est\u00e1 sendo caracterizada por pol\u00eamicas sucessivas. De puni\u00e7\u00f5es a expuls\u00e3o, o reality chegou a contar tamb\u00e9m com uma desist\u00eancia que chocou os participantes.<\/p><div class='code-block code-block-8' style='margin: 8px auto; text-align: center; display: block; clear: both;'>\n<script>\n  atOptions = {\n    'key' : '66e2e2111ca34da796271819fc334058',\n    'format' : 'iframe',\n    'height' : 250,\n    'width' : 300,\n    'params' : {}\n  };\n<\/script>\n<script src=\"https:\/\/www.highperformanceformat.com\/66e2e2111ca34da796271819fc334058\/invoke.js\"><\/script>\n<\/div>\n\n<p>C\u00e9zar Black e Lucas Souza protagonizaram muitos embates durante o programa. O \u00faltimo deles, durante o ao vivo com direito a seguran\u00e7as para conseguir impedir que acontecesse agress\u00e3o.<\/p>\n<p>Lucas Souza fez seu comunicado de desist\u00eancia do programa por n\u00e3o suportar a press\u00e3o do confinamento. Ele agradeceu o carinho dos f\u00e3s mas disse que precisava sair.<\/p>\n<p>A not\u00edcia da desist\u00eancia do pe\u00e3o deixou a casa em estado de choque e come\u00e7ou a trazer muitas reflex\u00f5es entre os participantes. Principalmente para o advers\u00e1rio declarado de Lucas; Black.<\/p>\n<p>Em conversa com Kally Fonseca, ele refletiu sobre a forma\u00e7\u00e3o atual do jogo, como seria a final e sobre uma decis\u00e3o que tomou com rela\u00e7\u00e3o a futuramente participar de realitys.<\/p>\n<p>Para ele, os poss\u00edveis ganhadores do pr\u00eamio s\u00e3o Andr\u00e9, Jaqueline e M\u00e1rcia. C\u00e9zar demostrou ter vontade de ter sa\u00eddo do programa antes e ainda revelou \u201cnunca mais participo de um reality na vida \u201d<\/p>\n<blockquote class=\"twitter-tweet\">\n<p dir=\"ltr\" lang=\"pt\">\ud83d\udc40 Black: \u201cV\u00e3o acabar ficando na final os tr\u00eas de l\u00e1 [M\u00e1rcia, Jaquelline e Andr\u00e9]. J\u00e1 t\u00f4 vendo essa final. [\u2026] Bicho, eu nunca mais participo de um reality na vida! T\u00e1 \u00e9 doido!\u201d <a href=\"https:\/\/twitter.com\/hashtag\/AFazenda?src=hash&amp;ref_src=twsrc%5Etfw\">#AFazenda<\/a> <a href=\"https:\/\/twitter.com\/hashtag\/AFazenda15?src=hash&amp;ref_src=twsrc%5Etfw\">#AFazenda15<\/a> <a href=\"https:\/\/t.co\/wjMH9F8igq\">pic.twitter.com\/wjMH9F8igq<\/a><\/p>\n<p>\u2014 Antenados (@canalantenados) <a href=\"https:\/\/twitter.com\/canalantenados\/status\/1727922645562233145?ref_src=twsrc%5Etfw\">November 24, 2023<\/a><\/p>\n<\/blockquote>\n<p>Ele tamb\u00e9m decidiu adotar uma nova postura no jogo evitando brigas e discuss\u00f5es como fazem outros participantes. Segundo ele, s\u00f3 ir\u00e1 se posicionar no momento da vota\u00e7\u00e3o para bolar uma estrat\u00e9gia de voto e seguir sem comentar de qualquer outro pe\u00e3o.<\/p>\n<\/div>\n<p><script async src=\"\/\/platform.twitter.com\/widgets.js\" charset=\"utf-8\"><\/script><br \/>\n<br \/><br \/>\n<br \/><a href=\"https:\/\/fnmais.com\/video-apos-saida-lucas-souza-cezar-black-toma-decisao-nunca-mais\/\">Source link <\/a><\/p>\n<div class='code-block code-block-4' style='margin: 8px auto 8px 0; text-align: left; display: block; clear: both;'>\n\ud83d\udce2 Aviso Legal\n\nO site ismaelcolosi.com.br atua apenas como um canal de divulga\u00e7\u00e3o de oportunidades de emprego e n\u00e3o se responsabiliza pelo processo seletivo, contrata\u00e7\u00e3o ou qualquer outra etapa relacionada \u00e0s vagas publicadas. Todas as informa\u00e7\u00f5es s\u00e3o de responsabilidade dos anunciantes.\n\n\u26a0\ufe0f Aten\u00e7\u00e3o! Nunca pague por promessas de emprego nem compre cursos que garantam contrata\u00e7\u00e3o. Desconfie de qualquer cobran\u00e7a para participar de sele\u00e7\u00f5es.\n\n\n<div data-type=\"_mgwidget\" data-widget-id=\"2000896\">\n<\/div>\n<script>(function(w,q){w[q]=w[q]||[];w[q].push([\"_mgc.load\"])})(window,\"_mgq\");\n<\/script>\n<\/div>\n<!-- CONTENT END 1 -->\n","protected":false},"excerpt":{"rendered":"<p>Estar em confinamento influ\u00eancia os participantes a tomarem diversas decis\u00f5es e posicionamentos. As vezes, parte dessas escolhas trazem grandes consequ\u00eancias e grandes impactos. A Fazenda&#8230;<\/p>\n","protected":false},"author":1,"featured_media":5823,"comment_status":"open","ping_status":"open","sticky":false,"template":"","format":"standard","meta":{"_uag_custom_page_level_css":"","jetpack_post_was_ever_published":false,"_jetpack_newsletter_access":"","_jetpack_dont_email_post_to_subs":false,"_jetpack_newsletter_tier_id":0,"_jetpack_memberships_contains_paywalled_content":false,"_jetpack_memberships_contains_paid_content":false,"footnotes":"","jetpack_publicize_message":"","jetpack_publicize_feature_enabled":true,"jetpack_social_post_already_shared":true,"jetpack_social_options":{"image_generator_settings":{"template":"highway","default_image_id":0,"font":"","enabled":false},"version":2}},"categories":[1],"tags":[],"class_list":["post-5822","post","type-post","status-publish","format-standard","has-post-thumbnail","hentry","category-blog"],"aioseo_notices":[],"jetpack_publicize_connections":[],"jetpack_featured_media_url":"https:\/\/i0.wp.com\/ismaelcolosi.com.br\/wp-content\/uploads\/2023\/11\/postimg-6560b9d9e69013821.jpg?fit=1200%2C628&ssl=1","uagb_featured_image_src":{"full":["https:\/\/i0.wp.com\/ismaelcolosi.com.br\/wp-content\/uploads\/2023\/11\/postimg-6560b9d9e69013821.jpg?fit=1200%2C628&ssl=1",1200,628,false],"thumbnail":["https:\/\/i0.wp.com\/ismaelcolosi.com.br\/wp-content\/uploads\/2023\/11\/postimg-6560b9d9e69013821.jpg?resize=150%2C150&ssl=1",150,150,true],"medium":["https:\/\/i0.wp.com\/ismaelcolosi.com.br\/wp-content\/uploads\/2023\/11\/postimg-6560b9d9e69013821.jpg?fit=300%2C157&ssl=1",300,157,true],"medium_large":["https:\/\/i0.wp.com\/ismaelcolosi.com.br\/wp-content\/uploads\/2023\/11\/postimg-6560b9d9e69013821.jpg?fit=768%2C402&ssl=1",768,402,true],"large":["https:\/\/i0.wp.com\/ismaelcolosi.com.br\/wp-content\/uploads\/2023\/11\/postimg-6560b9d9e69013821.jpg?fit=1024%2C536&ssl=1",1024,536,true],"1536x1536":["https:\/\/i0.wp.com\/ismaelcolosi.com.br\/wp-content\/uploads\/2023\/11\/postimg-6560b9d9e69013821.jpg?fit=1200%2C628&ssl=1",1200,628,true],"2048x2048":["https:\/\/i0.wp.com\/ismaelcolosi.com.br\/wp-content\/uploads\/2023\/11\/postimg-6560b9d9e69013821.jpg?fit=1200%2C628&ssl=1",1200,628,true],"really-simple-thumb":["https:\/\/i0.wp.com\/ismaelcolosi.com.br\/wp-content\/uploads\/2023\/11\/postimg-6560b9d9e69013821.jpg?resize=370%2C247&ssl=1",370,247,true]},"uagb_author_info":{"display_name":"ismaelcolosi.com.br","author_link":"https:\/\/ismaelcolosi.com.br\/index.php\/author\/vidareal-online\/"},"uagb_comment_info":0,"uagb_excerpt":"Estar em confinamento influ\u00eancia os participantes a tomarem diversas decis\u00f5es e posicionamentos. As vezes, parte dessas escolhas trazem grandes consequ\u00eancias e grandes impactos. A Fazenda...","jetpack-related-posts":[{"id":5304,"url":"https:\/\/ismaelcolosi.com.br\/index.php\/2023\/11\/23\/rachel-sheherazade-declara-apoio-a-lucas-souza-apos-sua-desistencia-de-a-fazenda-15\/","url_meta":{"origin":5822,"position":0},"title":"Rachel Sheherazade declara apoio a Lucas Souza ap\u00f3s sua desist\u00eancia de &#8216;A Fazenda 15&#8217;","author":"ismaelcolosi.com.br","date":"23 de November de 2023","format":false,"excerpt":"A participa\u00e7\u00e3o do ex militar Lucas Souza est\u00e1 dando o que falar desde o come\u00e7o da edi\u00e7\u00e3o. O ex de Jojo Todynho atualmente \u00e9 o assunto do momento ap\u00f3s desistir do programa.Lucas saiu do programa ontem, quarta feira 22 de novembro, alegando n\u00e3o estar se sentindo bem mais dentro da\u2026","rel":"","context":"In &quot;Blog&quot;","block_context":{"text":"Blog","link":"https:\/\/ismaelcolosi.com.br\/index.php\/category\/blog\/"},"img":{"alt_text":"","src":"https:\/\/i0.wp.com\/ismaelcolosi.com.br\/wp-content\/uploads\/2023\/11\/postimg-655f60bd3aaec4332.jpg?fit=1200%2C713&ssl=1&resize=350%2C200","width":350,"height":200,"srcset":"https:\/\/i0.wp.com\/ismaelcolosi.com.br\/wp-content\/uploads\/2023\/11\/postimg-655f60bd3aaec4332.jpg?fit=1200%2C713&ssl=1&resize=350%2C200 1x, https:\/\/i0.wp.com\/ismaelcolosi.com.br\/wp-content\/uploads\/2023\/11\/postimg-655f60bd3aaec4332.jpg?fit=1200%2C713&ssl=1&resize=525%2C300 1.5x, https:\/\/i0.wp.com\/ismaelcolosi.com.br\/wp-content\/uploads\/2023\/11\/postimg-655f60bd3aaec4332.jpg?fit=1200%2C713&ssl=1&resize=700%2C400 2x, https:\/\/i0.wp.com\/ismaelcolosi.com.br\/wp-content\/uploads\/2023\/11\/postimg-655f60bd3aaec4332.jpg?fit=1200%2C713&ssl=1&resize=1050%2C600 3x"},"classes":[]},{"id":5011,"url":"https:\/\/ismaelcolosi.com.br\/index.php\/2023\/11\/22\/peoes-recebem-a-noticia-de-que-lucas-souza-desistiu-do-programa-e-jaqueline-surta\/","url_meta":{"origin":5822,"position":1},"title":"Pe\u00f5es Recebem a Not\u00edcia de que Lucas Souza Desistiu do Programa e Jaqueline Surta","author":"ismaelcolosi.com.br","date":"22 de November de 2023","format":false,"excerpt":"O ex-militar Lucas Souza, envolvido em pol\u00eamicas recentes, optou por abandonar oficialmente a competi\u00e7\u00e3o em \u201cA Fazenda 15\u201d. Segundo informa\u00e7\u00f5es do jornalista Gabriel Perline, do IG, a equipe de Lucas confirmou sua decis\u00e3o de deixar o reality show, mesmo diante das tentativas do diretor Rodrigo Carelli de persuadi-lo a permanecer.A\u2026","rel":"","context":"In &quot;Blog&quot;","block_context":{"text":"Blog","link":"https:\/\/ismaelcolosi.com.br\/index.php\/category\/blog\/"},"img":{"alt_text":"","src":"https:\/\/i0.wp.com\/ismaelcolosi.com.br\/wp-content\/uploads\/2023\/11\/postimg-655e6d35ce4cf1411.jpg?fit=1200%2C628&ssl=1&resize=350%2C200","width":350,"height":200,"srcset":"https:\/\/i0.wp.com\/ismaelcolosi.com.br\/wp-content\/uploads\/2023\/11\/postimg-655e6d35ce4cf1411.jpg?fit=1200%2C628&ssl=1&resize=350%2C200 1x, https:\/\/i0.wp.com\/ismaelcolosi.com.br\/wp-content\/uploads\/2023\/11\/postimg-655e6d35ce4cf1411.jpg?fit=1200%2C628&ssl=1&resize=525%2C300 1.5x, https:\/\/i0.wp.com\/ismaelcolosi.com.br\/wp-content\/uploads\/2023\/11\/postimg-655e6d35ce4cf1411.jpg?fit=1200%2C628&ssl=1&resize=700%2C400 2x, https:\/\/i0.wp.com\/ismaelcolosi.com.br\/wp-content\/uploads\/2023\/11\/postimg-655e6d35ce4cf1411.jpg?fit=1200%2C628&ssl=1&resize=1050%2C600 3x"},"classes":[]},{"id":4510,"url":"https:\/\/ismaelcolosi.com.br\/index.php\/2023\/11\/21\/de-salto-alto-jaqueline-toma-atitude-em-meio-a-briga-de-cezar-black-e-lucas-souza\/","url_meta":{"origin":5822,"position":2},"title":"De salto alto, Jaqueline toma atitude em meio a briga de C\u00e9zar Black e Lucas Souza","author":"ismaelcolosi.com.br","date":"21 de November de 2023","format":false,"excerpt":"Fogo no feno! Se \u00e9 de pol\u00eamicas que o p\u00fablico gosta, A Fazenda d\u00e1 de sobra. As brigas di\u00e1rias no reality s\u00e3o um ingrediente especial para transformar a sede num grande bolo de confus\u00e3o.A briga entre os participantes C\u00e9zar Black e Lucas Souza rendeu uma confus\u00e3o generalizada, mas quem chamou\u2026","rel":"","context":"In &quot;Blog&quot;","block_context":{"text":"Blog","link":"https:\/\/ismaelcolosi.com.br\/index.php\/category\/blog\/"},"img":{"alt_text":"","src":"https:\/\/i0.wp.com\/ismaelcolosi.com.br\/wp-content\/uploads\/2023\/11\/postimg-655cf214eb6b84745.jpg?fit=1200%2C628&ssl=1&resize=350%2C200","width":350,"height":200,"srcset":"https:\/\/i0.wp.com\/ismaelcolosi.com.br\/wp-content\/uploads\/2023\/11\/postimg-655cf214eb6b84745.jpg?fit=1200%2C628&ssl=1&resize=350%2C200 1x, https:\/\/i0.wp.com\/ismaelcolosi.com.br\/wp-content\/uploads\/2023\/11\/postimg-655cf214eb6b84745.jpg?fit=1200%2C628&ssl=1&resize=525%2C300 1.5x, https:\/\/i0.wp.com\/ismaelcolosi.com.br\/wp-content\/uploads\/2023\/11\/postimg-655cf214eb6b84745.jpg?fit=1200%2C628&ssl=1&resize=700%2C400 2x, https:\/\/i0.wp.com\/ismaelcolosi.com.br\/wp-content\/uploads\/2023\/11\/postimg-655cf214eb6b84745.jpg?fit=1200%2C628&ssl=1&resize=1050%2C600 3x"},"classes":[]},{"id":4498,"url":"https:\/\/ismaelcolosi.com.br\/index.php\/2023\/11\/21\/apos-polemicas-sobre-seu-antigo-casamento-jojo-todynho-anuncia-afastamento-das-redes-sociais\/","url_meta":{"origin":5822,"position":3},"title":"Ap\u00f3s pol\u00eamicas sobre seu antigo casamento, Jojo Todynho anuncia afastamento das redes sociais","author":"ismaelcolosi.com.br","date":"21 de November de 2023","format":false,"excerpt":"A manh\u00e3 agitada da cantora Jojo Todynho troxe para ela reflex\u00f5es sobre boatos que vem rebatendo sobre sua reputa\u00e7\u00e3o, sua \u00edndole e seus sentimentos.Ela come\u00e7ou agradecendo aos f\u00e3s que deram apoio a ela durante toda confus\u00e3o e tamb\u00e9m se desculpou sobre ter falado em algum momento de forma inapropriada.O agradecimento\u2026","rel":"","context":"In &quot;Blog&quot;","block_context":{"text":"Blog","link":"https:\/\/ismaelcolosi.com.br\/index.php\/category\/blog\/"},"img":{"alt_text":"","src":"https:\/\/i0.wp.com\/ismaelcolosi.com.br\/wp-content\/uploads\/2023\/11\/postimg-655cff6ca84922717.jpg?fit=1200%2C628&ssl=1&resize=350%2C200","width":350,"height":200,"srcset":"https:\/\/i0.wp.com\/ismaelcolosi.com.br\/wp-content\/uploads\/2023\/11\/postimg-655cff6ca84922717.jpg?fit=1200%2C628&ssl=1&resize=350%2C200 1x, https:\/\/i0.wp.com\/ismaelcolosi.com.br\/wp-content\/uploads\/2023\/11\/postimg-655cff6ca84922717.jpg?fit=1200%2C628&ssl=1&resize=525%2C300 1.5x, https:\/\/i0.wp.com\/ismaelcolosi.com.br\/wp-content\/uploads\/2023\/11\/postimg-655cff6ca84922717.jpg?fit=1200%2C628&ssl=1&resize=700%2C400 2x, https:\/\/i0.wp.com\/ismaelcolosi.com.br\/wp-content\/uploads\/2023\/11\/postimg-655cff6ca84922717.jpg?fit=1200%2C628&ssl=1&resize=1050%2C600 3x"},"classes":[]},{"id":4476,"url":"https:\/\/ismaelcolosi.com.br\/index.php\/2023\/11\/21\/cezar-e-lucas-brigam-feio-e-producao-precisa-intervir-para-acalmar-os-animos\/","url_meta":{"origin":5822,"position":4},"title":"Cezar e Lucas brigam feio e produ\u00e7\u00e3o precisa intervir para acalmar os \u00e2nimos","author":"ismaelcolosi.com.br","date":"21 de November de 2023","format":false,"excerpt":"O reality show A Fazenda 15, exibido na Record, pegou fogo durante uma din\u00e2mica acirrada, que aconteceu na tarde da \u00faltima segunda,\u00a0dia\u00a020 de\u00a0novembro, resultando em um confronto intenso entre os pe\u00f5es Cezar Black e Lucas Souza.A confus\u00e3o teve in\u00edcio ap\u00f3s a vit\u00f3ria do grupo liderado por Jaquelline, desencadeando a disc\u00f3rdia\u2026","rel":"","context":"In &quot;Blog&quot;","block_context":{"text":"Blog","link":"https:\/\/ismaelcolosi.com.br\/index.php\/category\/blog\/"},"img":{"alt_text":"","src":"https:\/\/i0.wp.com\/ismaelcolosi.com.br\/wp-content\/uploads\/2023\/11\/postimg-655cd5d55f9f61524.jpg?fit=1200%2C628&ssl=1&resize=350%2C200","width":350,"height":200,"srcset":"https:\/\/i0.wp.com\/ismaelcolosi.com.br\/wp-content\/uploads\/2023\/11\/postimg-655cd5d55f9f61524.jpg?fit=1200%2C628&ssl=1&resize=350%2C200 1x, https:\/\/i0.wp.com\/ismaelcolosi.com.br\/wp-content\/uploads\/2023\/11\/postimg-655cd5d55f9f61524.jpg?fit=1200%2C628&ssl=1&resize=525%2C300 1.5x, https:\/\/i0.wp.com\/ismaelcolosi.com.br\/wp-content\/uploads\/2023\/11\/postimg-655cd5d55f9f61524.jpg?fit=1200%2C628&ssl=1&resize=700%2C400 2x, https:\/\/i0.wp.com\/ismaelcolosi.com.br\/wp-content\/uploads\/2023\/11\/postimg-655cd5d55f9f61524.jpg?fit=1200%2C628&ssl=1&resize=1050%2C600 3x"},"classes":[]},{"id":4872,"url":"https:\/\/ismaelcolosi.com.br\/index.php\/2023\/11\/22\/briga-ao-vivo-ganha-proporcoes-maiores-e-segurancas-precisam-intervir\/","url_meta":{"origin":5822,"position":5},"title":"Briga ao vivo ganha propor\u00e7\u00f5es maiores e seguran\u00e7as precisam intervir","author":"ismaelcolosi.com.br","date":"22 de November de 2023","format":false,"excerpt":"A Fazenda 15 t\u00e1 rendendo tantas brigas que ultimamente, algumas delas, tem chegado a passar do ponto. \u00c9 expuls\u00e3o, puni\u00e7\u00e3o e agora os seguran\u00e7as da sede precisam estar no meio.Os pe\u00f5es Lucas Souza e C\u00e9zar Black continuam as trocas de farpas entre eles e isso foi parar no ao vivo.\u2026","rel":"","context":"In &quot;Blog&quot;","block_context":{"text":"Blog","link":"https:\/\/ismaelcolosi.com.br\/index.php\/category\/blog\/"},"img":{"alt_text":"","src":"https:\/\/i0.wp.com\/ismaelcolosi.com.br\/wp-content\/uploads\/2023\/11\/postimg-655e1581345252683.jpg?fit=1200%2C713&ssl=1&resize=350%2C200","width":350,"height":200,"srcset":"https:\/\/i0.wp.com\/ismaelcolosi.com.br\/wp-content\/uploads\/2023\/11\/postimg-655e1581345252683.jpg?fit=1200%2C713&ssl=1&resize=350%2C200 1x, https:\/\/i0.wp.com\/ismaelcolosi.com.br\/wp-content\/uploads\/2023\/11\/postimg-655e1581345252683.jpg?fit=1200%2C713&ssl=1&resize=525%2C300 1.5x, https:\/\/i0.wp.com\/ismaelcolosi.com.br\/wp-content\/uploads\/2023\/11\/postimg-655e1581345252683.jpg?fit=1200%2C713&ssl=1&resize=700%2C400 2x, https:\/\/i0.wp.com\/ismaelcolosi.com.br\/wp-content\/uploads\/2023\/11\/postimg-655e1581345252683.jpg?fit=1200%2C713&ssl=1&resize=1050%2C600 3x"},"classes":[]}],"jetpack_sharing_enabled":true,"jetpack_shortlink":"https:\/\/wp.me\/pfMlyK-1vU","_links":{"self":[{"href":"https:\/\/ismaelcolosi.com.br\/index.php\/wp-json\/wp\/v2\/posts\/5822","targetHints":{"allow":["GET"]}}],"collection":[{"href":"https:\/\/ismaelcolosi.com.br\/index.php\/wp-json\/wp\/v2\/posts"}],"about":[{"href":"https:\/\/ismaelcolosi.com.br\/index.php\/wp-json\/wp\/v2\/types\/post"}],"author":[{"embeddable":true,"href":"https:\/\/ismaelcolosi.com.br\/index.php\/wp-json\/wp\/v2\/users\/1"}],"replies":[{"embeddable":true,"href":"https:\/\/ismaelcolosi.com.br\/index.php\/wp-json\/wp\/v2\/comments?post=5822"}],"version-history":[{"count":0,"href":"https:\/\/ismaelcolosi.com.br\/index.php\/wp-json\/wp\/v2\/posts\/5822\/revisions"}],"wp:featuredmedia":[{"embeddable":true,"href":"https:\/\/ismaelcolosi.com.br\/index.php\/wp-json\/wp\/v2\/media\/5823"}],"wp:attachment":[{"href":"https:\/\/ismaelcolosi.com.br\/index.php\/wp-json\/wp\/v2\/media?parent=5822"}],"wp:term":[{"taxonomy":"category","embeddable":true,"href":"https:\/\/ismaelcolosi.com.br\/index.php\/wp-json\/wp\/v2\/categories?post=5822"},{"taxonomy":"post_tag","embeddable":true,"href":"https:\/\/ismaelcolosi.com.br\/index.php\/wp-json\/wp\/v2\/tags?post=5822"}],"curies":[{"name":"wp","href":"https:\/\/api.w.org\/{rel}","templated":true}]}}