{"id":5820,"date":"2023-11-24T13:09:28","date_gmt":"2023-11-24T16:09:28","guid":{"rendered":"https:\/\/ismaelcolosi.com.br\/index.php\/2023\/11\/24\/die-hard-crew-estreia-espetaculo-de-breaking-com-super-herois-com-temporada-na-zona-leste-e-zona-norte\/"},"modified":"2023-11-24T13:09:28","modified_gmt":"2023-11-24T16:09:28","slug":"die-hard-crew-estreia-espetaculo-de-breaking-com-super-herois-com-temporada-na-zona-leste-e-zona-norte","status":"publish","type":"post","link":"https:\/\/ismaelcolosi.com.br\/index.php\/2023\/11\/24\/die-hard-crew-estreia-espetaculo-de-breaking-com-super-herois-com-temporada-na-zona-leste-e-zona-norte\/","title":{"rendered":"Die Hard Crew estreia espet\u00e1culo de breaking com super her\u00f3is com temporada na Zona Leste e Zona Norte"},"content":{"rendered":"<p> <br \/>\n<\/p>\n<div>\n<p>De 24 a 26 de novembro de 2023,\u00a0 sempre \u00e0s 15h30, com entrada gratuita, o premiado coletivo Die Hard Crew (@diehardcrew.oficial) realiza a temporada de estreia do espet\u00e1culo de dan\u00e7a \u201cDie Hard Heroes (Her\u00f3is Urbanos)\u201d em CEUs da cidade de S\u00e3o Paulo.<\/p>\n<p>No dia 24 de novembro (sexta-feira), o grupo se apresenta no CEU Freguesia do \u00d3, na Zona Norte. No dia 25 de novembro (s\u00e1bado), a apresenta\u00e7\u00e3o acontece no CEU Jos\u00e9 Bonif\u00e1cio, na Zona Leste. E no dia 26 de novembro (domingo), no CEU Barro Branco, na Zona Leste de S\u00e3o Paulo \u2013 SP.<\/p>\n<p>Unindo a cultura Hip Hop com a cultura Geek, \u201cDie Hard Heroes (Her\u00f3is Urbanos)\u201d \u00e9 um espet\u00e1culo de dan\u00e7a cosplay que promove uma divertida intera\u00e7\u00e3o entre p\u00fablico e bailarinos, que se apresentam caracterizados como grandes super her\u00f3is das hist\u00f3rias em quadrinhos.<\/p>\n<p>Diante de quatro famosos super-her\u00f3is das hist\u00f3rias em quadrinhos que se revezam em movimentos da dan\u00e7a breaking, crian\u00e7as e adultos s\u00e3o convidados a embarcar em um universo fant\u00e1stico para aprenderem, de forma descontra\u00edda, os primeiros passos desta dan\u00e7a urbana.<\/p>\n<p>Uma esp\u00e9cie de jogo brincante com personagens presentes no imagin\u00e1rio de tantas gera\u00e7\u00f5es, que empolga e diverte quem participa da interven\u00e7\u00e3o, mas tamb\u00e9m quem opta por assistir as performances e habilidades dan\u00e7antes desses seres.<\/p>\n<p>Sobre a Die Hard Crew<\/p>\n<p>A Die Hard Crew \u00e9 um grupo fundado em 1999 sendo constitu\u00eddo essencialmente por dan\u00e7arinos de Breaking, Popping e Locking, que s\u00e3o estilos das dan\u00e7as de rua do movimento Hip Hop.<\/p>\n<p>A Crew (nome dado a um coletivo de breaking) \u00e9 formada por artistas de Suzano, Mogi das Cruzes, Itaim Paulista e Guarulhos, tendo como pesquisa as culturas urbanas, buscando dissemin\u00e1-la atrav\u00e9s do seu trabalho, inspirando a socializa\u00e7\u00e3o, a integra\u00e7\u00e3o, a autonomia e a criticidade.<\/p>\n<p>Al\u00e9m de difundir a cultura Hip Hop atrav\u00e9s da dan\u00e7a de rua, o grupo desenvolve trabalhos voltados a jovens de diversas periferias, a partir de oficinas que oferecem o acesso \u00e0 cultura, ao lazer, \u00e0 informa\u00e7\u00e3o e tamb\u00e9m ao desenvolvimento da consci\u00eancia social.<\/p>\n<p>Desde seu in\u00edcio a Crew participa de campeonatos em categorias individuais e coletivas. As principais conquistas em batalhas foram a 4\u00aa coloca\u00e7\u00e3o na eliminat\u00f3ria do mundial Battle of the Year (BOTY), em 2009, o 1\u00ba lugar no 5\u00ba Ultimate Bboys Battle e o 2\u00ba lugar no campeonato Street Cypher, em 2016.<\/p>\n<p>Eleito pelo Pr\u00eamio Hutuz, um dos pr\u00eamios mais renomados da cultura Hip Hop no Brasil, como Melhor grupo de Breaking de 2004, a Die Hard Crew tamb\u00e9m recebeu outro importante pr\u00eamio no ano seguinte. No Pr\u00eamio Hip Hop Top foi eleito o Melhor Grupo de Breaking da cidade de S\u00e3o Paulo de 2005.<\/p>\n<p>O grupo j\u00e1 se apresentou em espa\u00e7os emblem\u00e1ticos da cultura, como Centro Cultural S\u00e3o Paulo (2006), no \u201cDia da consci\u00eancia negra\u201d (2005) no SESC Santos, Centro de Refer\u00eancia da Dan\u00e7a da cidade de S\u00e3o Paulo (2022), Casa de Cultura S\u00e3o Miguel (2023) e no evento anual do M\u00eas do Hip Hop da Secretaria Municipal de Cultura de S\u00e3o Paulo, percorrendo espa\u00e7os culturais da cidade.<\/p>\n<p>Enquanto uma crew de Breaking, o coletivo sempre esteve presente nas tradicionais batalhas, como Racha na Arena, Red Bull BC ONE, Battle of the Year, Racha das Gangs, Master Crews e \u201cO Duelo\u201d.<\/p>\n<p>Do evento internacional \u201cBattle of the Year\u201d participou das edi\u00e7\u00f5es de 2008, 2009, 2011 e 2014, al\u00e9m de ser um grupo convidado desde 2013 no evento Arte e Cultura na Kebrada, representando um dos quatro elementos da cultura Hip-Hop: o Breaking.<\/p>\n<p>A Crew tamb\u00e9m j\u00e1 participou de programas de TV como \u201cClipper\u201d da TV Gazeta e \u201cManos e Minas\u201d da TV Cultura, al\u00e9m de atuar em um projeto especial para o Metr\u00f4 de S\u00e3o Paulo.<\/p>\n<p>Ficha T\u00e9cnica \u2013 Elenco: Afroluffy (Rog\u00e9rio Gon\u00e7alves), Christian Yoshicava, Eriki Hideki, Ninjinha e Wilson Hancock. Assessoria de Imprensa: Luciana Gandelini. Produ\u00e7\u00e3o: Her\u00f3is Urbanos \u2013 Die Hard Crew<\/p>\n<p>Servi\u00e7o: Estreia espet\u00e1culo \u201cDie Hard Heroes (Her\u00f3is Urbanos)\u201d<\/p>\n<p>Com Die Hard Crew<\/p>\n<p>Sinopse: Do universo fant\u00e1stico das hist\u00f3rias em quadrinhos para as ruas da cidade, quatro super her\u00f3is resolvem se aventurar nos passos do breaking e, ao apresentar suas habilidades e virtuoses, convidam o p\u00fablico a conhecer este que \u00e9 um dos elementos do hip-hop e a tamb\u00e9m embarcar nessa aventura dan\u00e7ante. Dura\u00e7\u00e3o: 40 minutos. Gr\u00e1tis -Classifica\u00e7\u00e3o Livre<\/p>\n<p>Quando: 24 de novembro de 2023 (sexta-feira) \u2013 Hor\u00e1rio: 15h30 \u00e0s 16h30<\/p>\n<p>Onde: CEU Freguesia do \u00d3 \u2013 Endere\u00e7o: R. Jacutiba, 167, Parque S\u00e3o Lu\u00eds \u2013 Zona Norte \u2013\u00a0 S\u00e3o Paulo \u2013 SP<\/p>\n<p>Quando: 25 de novembro de 2023 (s\u00e1bado) \u2013 Hor\u00e1rio: 15h30 \u00e0s 16h30<\/p>\n<p>Onde: CEU Jos\u00e9 Bonif\u00e1cio \u2013 Endere\u00e7o: R. Professora Lucila Cerqueira, 194 \u2013 Zona Leste \u2013\u00a0 S\u00e3o Paulo \u2013 SP<\/p>\n<p>Quando: 26 de novembro de 2023 (domingo) \u2013 Hor\u00e1rio: 15h30 \u00e0s 16h30<\/p>\n<p>Onde: CEU Barro Branco \u2013 Endere\u00e7o: R. Salvador Vigano, 100 \u2013 Zona Leste \u2013\u00a0 S\u00e3o Paulo \u2013 SP<\/p>\n<\/div>\n<p><script>\n\t\t! function(f, b, e, v, n, t, s) {\n\t\t\tif (f.fbq) return;\n\t\t\tn = f.fbq = function() {\n\t\t\t\tn.callMethod ?\n\t\t\t\t\tn.callMethod.apply(n, arguments) : n.queue.push(arguments)\n\t\t\t};\n\t\t\tif (!f._fbq) f._fbq = n;\n\t\t\tn.push = n;\n\t\t\tn.loaded = !0;\n\t\t\tn.version = '2.0';\n\t\t\tn.queue = [];\n\t\t\tt = b.createElement(e);\n\t\t\tt.async = !0;\n\t\t\tt.src = v;\n\t\t\ts = b.getElementsByTagName(e)[0];\n\t\t\ts.parentNode.insertBefore(t, s)\n\t\t}(window, document, 'script',\n\t\t\t'https:\/\/connect.facebook.net\/en_US\/fbevents.js');\n\t\tfbq('init', '338315473262380');\n\t\tfbq('track', 'PageView');\n\t<\/script><br \/>\n<br \/><br \/>\n<br \/><a href=\"https:\/\/catracalivre.com.br\/vila-mundo\/die-hard-crew-estreia-espetaculo-de-breaking-com-super-herois-com-temporada-na-zona-leste-e-zona-norte\/\">Source link <\/a><\/p>\n<div class='code-block code-block-4' style='margin: 8px auto 8px 0; text-align: left; display: block; clear: both;'>\n\ud83d\udce2 Aviso Legal\n\nO site ismaelcolosi.com.br atua apenas como um canal de divulga\u00e7\u00e3o de oportunidades de emprego e n\u00e3o se responsabiliza pelo processo seletivo, contrata\u00e7\u00e3o ou qualquer outra etapa relacionada \u00e0s vagas publicadas. Todas as informa\u00e7\u00f5es s\u00e3o de responsabilidade dos anunciantes.\n\n\u26a0\ufe0f Aten\u00e7\u00e3o! Nunca pague por promessas de emprego nem compre cursos que garantam contrata\u00e7\u00e3o. Desconfie de qualquer cobran\u00e7a para participar de sele\u00e7\u00f5es.\n\n\n\n<\/div>\n<!-- CONTENT END 1 -->\n","protected":false},"excerpt":{"rendered":"<p>De 24 a 26 de novembro de 2023,\u00a0 sempre \u00e0s 15h30, com entrada gratuita, o premiado coletivo Die Hard Crew (@diehardcrew.oficial) realiza a temporada de&#8230;<\/p>\n","protected":false},"author":1,"featured_media":5821,"comment_status":"open","ping_status":"open","sticky":false,"template":"","format":"standard","meta":{"_uag_custom_page_level_css":"","advanced_seo_description":"","jetpack_seo_html_title":"","jetpack_seo_noindex":false,"jetpack_post_was_ever_published":false,"_jetpack_newsletter_access":"","_jetpack_dont_email_post_to_subs":false,"_jetpack_newsletter_tier_id":0,"_jetpack_memberships_contains_paywalled_content":false,"_jetpack_memberships_contains_paid_content":false,"footnotes":"","jetpack_publicize_message":"","jetpack_publicize_feature_enabled":true,"jetpack_social_post_already_shared":true,"jetpack_social_options":{"image_generator_settings":{"template":"highway","default_image_id":0,"font":"","enabled":false},"version":2}},"categories":[19],"tags":[],"class_list":["post-5820","post","type-post","status-publish","format-standard","has-post-thumbnail","hentry","category-variedades"],"jetpack_publicize_connections":[],"jetpack_featured_media_url":"https:\/\/i0.wp.com\/ismaelcolosi.com.br\/wp-content\/uploads\/2023\/11\/herois-urbanios-fotos-de-divulgacao-3.jpeg?fit=1200%2C638&ssl=1","uagb_featured_image_src":{"full":["https:\/\/i0.wp.com\/ismaelcolosi.com.br\/wp-content\/uploads\/2023\/11\/herois-urbanios-fotos-de-divulgacao-3.jpeg?fit=1200%2C638&ssl=1",1200,638,false],"thumbnail":["https:\/\/i0.wp.com\/ismaelcolosi.com.br\/wp-content\/uploads\/2023\/11\/herois-urbanios-fotos-de-divulgacao-3.jpeg?resize=150%2C150&ssl=1",150,150,true],"medium":["https:\/\/i0.wp.com\/ismaelcolosi.com.br\/wp-content\/uploads\/2023\/11\/herois-urbanios-fotos-de-divulgacao-3.jpeg?fit=300%2C160&ssl=1",300,160,true],"medium_large":["https:\/\/i0.wp.com\/ismaelcolosi.com.br\/wp-content\/uploads\/2023\/11\/herois-urbanios-fotos-de-divulgacao-3.jpeg?fit=768%2C408&ssl=1",768,408,true],"large":["https:\/\/i0.wp.com\/ismaelcolosi.com.br\/wp-content\/uploads\/2023\/11\/herois-urbanios-fotos-de-divulgacao-3.jpeg?fit=1024%2C544&ssl=1",1024,544,true],"1536x1536":["https:\/\/i0.wp.com\/ismaelcolosi.com.br\/wp-content\/uploads\/2023\/11\/herois-urbanios-fotos-de-divulgacao-3.jpeg?fit=1200%2C638&ssl=1",1200,638,true],"2048x2048":["https:\/\/i0.wp.com\/ismaelcolosi.com.br\/wp-content\/uploads\/2023\/11\/herois-urbanios-fotos-de-divulgacao-3.jpeg?fit=1200%2C638&ssl=1",1200,638,true],"really-simple-thumb":["https:\/\/i0.wp.com\/ismaelcolosi.com.br\/wp-content\/uploads\/2023\/11\/herois-urbanios-fotos-de-divulgacao-3.jpeg?resize=370%2C247&ssl=1",370,247,true]},"uagb_author_info":{"display_name":"ismaelcolosi.com.br","author_link":"https:\/\/ismaelcolosi.com.br\/index.php\/author\/vidareal-online\/"},"uagb_comment_info":0,"uagb_excerpt":"De 24 a 26 de novembro de 2023,\u00a0 sempre \u00e0s 15h30, com entrada gratuita, o premiado coletivo Die Hard Crew (@diehardcrew.oficial) realiza a temporada de...","jetpack-related-posts":[{"id":9163,"url":"https:\/\/ismaelcolosi.com.br\/index.php\/2023\/12\/01\/espetaculo-de-marionetes-de-fio-laia-e-o-voo-da-imaginacao-estreia-temporada-gratuita-em-sao-paulo\/","url_meta":{"origin":5820,"position":0},"title":"Espet\u00e1culo de marionetes de fio \u201cLaia e o Voo da Imagina\u00e7\u00e3o&#8221; estreia temporada gratuita em S\u00e3o Paulo","author":"ismaelcolosi.com.br","date":"1 de December de 2023","format":false,"excerpt":"De 02 a 16 de dezembro, com entrada gratuita, a Cia Tu Mateixa Marionetes realiza uma temporada gratuita de apresenta\u00e7\u00f5es de \u201cLaia e o Voo da Imagina\u00e7\u00e3o\u201d em centros culturais de S\u00e3o Paulo, al\u00e9m das oficinas gratuitas Dando Vida \u00e0 Mat\u00e9ria \u2013 Princ\u00edpios da Manipula\u00e7\u00e3o de Bonecos. \u201cLaia e o\u2026","rel":"","context":"In &quot;Variedades&quot;","block_context":{"text":"Variedades","link":"https:\/\/ismaelcolosi.com.br\/index.php\/category\/variedades\/"},"img":{"alt_text":"","src":"https:\/\/i0.wp.com\/ismaelcolosi.com.br\/wp-content\/uploads\/2023\/12\/laia-e-o-voo-da-imaginacao-cia-tu-mateixa-foto-marina-decourt-2.jpeg?fit=1200%2C638&ssl=1&resize=350%2C200","width":350,"height":200,"srcset":"https:\/\/i0.wp.com\/ismaelcolosi.com.br\/wp-content\/uploads\/2023\/12\/laia-e-o-voo-da-imaginacao-cia-tu-mateixa-foto-marina-decourt-2.jpeg?fit=1200%2C638&ssl=1&resize=350%2C200 1x, https:\/\/i0.wp.com\/ismaelcolosi.com.br\/wp-content\/uploads\/2023\/12\/laia-e-o-voo-da-imaginacao-cia-tu-mateixa-foto-marina-decourt-2.jpeg?fit=1200%2C638&ssl=1&resize=525%2C300 1.5x, https:\/\/i0.wp.com\/ismaelcolosi.com.br\/wp-content\/uploads\/2023\/12\/laia-e-o-voo-da-imaginacao-cia-tu-mateixa-foto-marina-decourt-2.jpeg?fit=1200%2C638&ssl=1&resize=700%2C400 2x, https:\/\/i0.wp.com\/ismaelcolosi.com.br\/wp-content\/uploads\/2023\/12\/laia-e-o-voo-da-imaginacao-cia-tu-mateixa-foto-marina-decourt-2.jpeg?fit=1200%2C638&ssl=1&resize=1050%2C600 3x"},"classes":[]},{"id":76822,"url":"https:\/\/ismaelcolosi.com.br\/index.php\/2024\/11\/18\/alunos-da-instituicao-aparecido-savegnago-apresentam-concerto-pedagogico-e-6o-festival-de-danca-em-sertaozinho\/","url_meta":{"origin":5820,"position":1},"title":"Alunos da Institui\u00e7\u00e3o Aparecido Savegnago apresentam Concerto Pedag\u00f3gico e 6\u00ba Festival de Dan\u00e7a em Sert\u00e3ozinho","author":"ismaelcolosi.com.br","date":"18 de November de 2024","format":false,"excerpt":"Alunas e alunos da Institui\u00e7\u00e3o Aparecido Savegnago preparam duas apresenta\u00e7\u00f5es para o p\u00fablico neste final de ano em Sert\u00e3ozinho. O 6\u00ba Festival de Dan\u00e7a, com o espet\u00e1culo \u201cA Bela e a Fera\u201d, ser\u00e1 realizado no dia 21 de novembro. J\u00e1 o Concerto Pedag\u00f3gico com a participa\u00e7\u00e3o das classes de metais,\u2026","rel":"","context":"In &quot;Not\u00edcias de Ribeir\u00e3o Preto-SP e Regi\u00e3o&quot;","block_context":{"text":"Not\u00edcias de Ribeir\u00e3o Preto-SP e Regi\u00e3o","link":"https:\/\/ismaelcolosi.com.br\/index.php\/category\/noticias-de-ribeirao-preto-sp-e-regiao-ismael-colosi\/"},"img":{"alt_text":"","src":"https:\/\/i0.wp.com\/ismaelcolosi.com.br\/wp-content\/uploads\/2024\/11\/handler-10.jpg?fit=750%2C500&ssl=1&resize=350%2C200","width":350,"height":200,"srcset":"https:\/\/i0.wp.com\/ismaelcolosi.com.br\/wp-content\/uploads\/2024\/11\/handler-10.jpg?fit=750%2C500&ssl=1&resize=350%2C200 1x, https:\/\/i0.wp.com\/ismaelcolosi.com.br\/wp-content\/uploads\/2024\/11\/handler-10.jpg?fit=750%2C500&ssl=1&resize=525%2C300 1.5x, https:\/\/i0.wp.com\/ismaelcolosi.com.br\/wp-content\/uploads\/2024\/11\/handler-10.jpg?fit=750%2C500&ssl=1&resize=700%2C400 2x"},"classes":[]},{"id":73966,"url":"https:\/\/ismaelcolosi.com.br\/index.php\/2024\/10\/29\/ribeirao-preto-recebe-espetaculo-gratuito-de-palhacaria-confira\/","url_meta":{"origin":5820,"position":2},"title":"Ribeir\u00e3o Preto recebe espet\u00e1culo gratuito de palha\u00e7aria; Confira","author":"ismaelcolosi.com.br","date":"29 de October de 2024","format":false,"excerpt":"Entre os dias 31 de outubro e 14 de novembro a Atua Companhia de Teatro (Atuacia) de Ribeir\u00e3o Preto faz dez apresenta\u00e7\u00f5es abertas e gratuitas do espet\u00e1culo Palha\u00e7a Sola. As sess\u00f5es acontecem em cinco espa\u00e7os diferentes. O espet\u00e1culo c\u00f4mico \u00e9 protagonizado pela atriz Cinthia Vendruscolo e destaca a condi\u00e7\u00e3o feminina\u2026","rel":"","context":"In &quot;Not\u00edcias de Ribeir\u00e3o Preto-SP e Regi\u00e3o&quot;","block_context":{"text":"Not\u00edcias de Ribeir\u00e3o Preto-SP e Regi\u00e3o","link":"https:\/\/ismaelcolosi.com.br\/index.php\/category\/noticias-de-ribeirao-preto-sp-e-regiao-ismael-colosi\/"},"img":{"alt_text":"","src":"https:\/\/i0.wp.com\/ismaelcolosi.com.br\/wp-content\/uploads\/2024\/10\/Copia-de-Copia-de-Copia-de-TAMANHO-EXATO-PARA-FOTOS-NO-SISTEMA-NOVO-24_2024-10-29_13-11-39_jpg_2024-10-29_13-11-39.webp.webp?fit=1200%2C675&ssl=1&resize=350%2C200","width":350,"height":200,"srcset":"https:\/\/i0.wp.com\/ismaelcolosi.com.br\/wp-content\/uploads\/2024\/10\/Copia-de-Copia-de-Copia-de-TAMANHO-EXATO-PARA-FOTOS-NO-SISTEMA-NOVO-24_2024-10-29_13-11-39_jpg_2024-10-29_13-11-39.webp.webp?fit=1200%2C675&ssl=1&resize=350%2C200 1x, https:\/\/i0.wp.com\/ismaelcolosi.com.br\/wp-content\/uploads\/2024\/10\/Copia-de-Copia-de-Copia-de-TAMANHO-EXATO-PARA-FOTOS-NO-SISTEMA-NOVO-24_2024-10-29_13-11-39_jpg_2024-10-29_13-11-39.webp.webp?fit=1200%2C675&ssl=1&resize=525%2C300 1.5x, https:\/\/i0.wp.com\/ismaelcolosi.com.br\/wp-content\/uploads\/2024\/10\/Copia-de-Copia-de-Copia-de-TAMANHO-EXATO-PARA-FOTOS-NO-SISTEMA-NOVO-24_2024-10-29_13-11-39_jpg_2024-10-29_13-11-39.webp.webp?fit=1200%2C675&ssl=1&resize=700%2C400 2x, https:\/\/i0.wp.com\/ismaelcolosi.com.br\/wp-content\/uploads\/2024\/10\/Copia-de-Copia-de-Copia-de-TAMANHO-EXATO-PARA-FOTOS-NO-SISTEMA-NOVO-24_2024-10-29_13-11-39_jpg_2024-10-29_13-11-39.webp.webp?fit=1200%2C675&ssl=1&resize=1050%2C600 3x"},"classes":[]},{"id":76812,"url":"https:\/\/ismaelcolosi.com.br\/index.php\/2024\/11\/18\/cultura-circense-e-arte-flamenca-se-unem-no-espetaculo-gratuito-gran-circo-andaluz\/","url_meta":{"origin":5820,"position":3},"title":"Cultura circense e arte flamenca se unem no espet\u00e1culo gratuito Gran Circo AndaLUZ\u00a0","author":"ismaelcolosi.com.br","date":"18 de November de 2024","format":false,"excerpt":"O Teatro SESI de Ribeir\u00e3o Preto ser\u00e1 palco de quatro apresenta\u00e7\u00f5es gratuitas do espet\u00e1culo Gran Circo AndaLUZ, que foi idealizado pela Casa Aura \u2013 Arte e Produ\u00e7\u00f5es Culturais, a partir das v\u00e1rias conex\u00f5es art\u00edstico-culturais que unem a arte flamenca e o circo. As apresenta\u00e7\u00f5es acontecem nos dias 20, 22 e\u2026","rel":"","context":"In &quot;Not\u00edcias de Ribeir\u00e3o Preto-SP e Regi\u00e3o&quot;","block_context":{"text":"Not\u00edcias de Ribeir\u00e3o Preto-SP e Regi\u00e3o","link":"https:\/\/ismaelcolosi.com.br\/index.php\/category\/noticias-de-ribeirao-preto-sp-e-regiao-ismael-colosi\/"},"img":{"alt_text":"","src":"https:\/\/i0.wp.com\/ismaelcolosi.com.br\/wp-content\/uploads\/2024\/11\/2-flamencaA-COMPA-35-Cred-RICARDO-CEFALLI-scaled.jpg?fit=750%2C500&ssl=1&resize=350%2C200","width":350,"height":200,"srcset":"https:\/\/i0.wp.com\/ismaelcolosi.com.br\/wp-content\/uploads\/2024\/11\/2-flamencaA-COMPA-35-Cred-RICARDO-CEFALLI-scaled.jpg?fit=750%2C500&ssl=1&resize=350%2C200 1x, https:\/\/i0.wp.com\/ismaelcolosi.com.br\/wp-content\/uploads\/2024\/11\/2-flamencaA-COMPA-35-Cred-RICARDO-CEFALLI-scaled.jpg?fit=750%2C500&ssl=1&resize=525%2C300 1.5x, https:\/\/i0.wp.com\/ismaelcolosi.com.br\/wp-content\/uploads\/2024\/11\/2-flamencaA-COMPA-35-Cred-RICARDO-CEFALLI-scaled.jpg?fit=750%2C500&ssl=1&resize=700%2C400 2x"},"classes":[]},{"id":77603,"url":"https:\/\/ismaelcolosi.com.br\/index.php\/2024\/11\/26\/moradores-denunciam-esgoto-a-ceu-aberto-na-zona-leste-de-ribeirao-video\/","url_meta":{"origin":5820,"position":4},"title":"Moradores denunciam esgoto a c\u00e9u aberto na zona Leste de Ribeir\u00e3o; V\u00eddeo","author":"ismaelcolosi.com.br","date":"26 de November de 2024","format":false,"excerpt":"Moradores da zona Leste de Ribeir\u00e3o Preto procuraram o portal acidade on para reclamar sobre um vazamento de esgoto a c\u00e9u aberto, pr\u00f3ximo \u00e0 rua Dr. Alc\u00eddes Palma Gui\u00e3o, na regi\u00e3o do Recreio Internacional \u2013 veja v\u00eddeo abaixo. De acordo com a den\u00fancia, o vazamento de esgoto est\u00e1 causando mau\u2026","rel":"","context":"In &quot;Not\u00edcias de Ribeir\u00e3o Preto-SP e Regi\u00e3o&quot;","block_context":{"text":"Not\u00edcias de Ribeir\u00e3o Preto-SP e Regi\u00e3o","link":"https:\/\/ismaelcolosi.com.br\/index.php\/category\/noticias-de-ribeirao-preto-sp-e-regiao-ismael-colosi\/"},"img":{"alt_text":"","src":"https:\/\/i0.wp.com\/ismaelcolosi.com.br\/wp-content\/uploads\/2024\/11\/Copia-de-Copia-de-Copia-de-TAMANHO-EXATO-PARA-FOTOS-NO-SISTEMA-NOVO-2024-11-26T180951.258_2024-11-26_21-10-02_png_2024-11-26_21-10-03.webp.webp?fit=1200%2C675&ssl=1&resize=350%2C200","width":350,"height":200,"srcset":"https:\/\/i0.wp.com\/ismaelcolosi.com.br\/wp-content\/uploads\/2024\/11\/Copia-de-Copia-de-Copia-de-TAMANHO-EXATO-PARA-FOTOS-NO-SISTEMA-NOVO-2024-11-26T180951.258_2024-11-26_21-10-02_png_2024-11-26_21-10-03.webp.webp?fit=1200%2C675&ssl=1&resize=350%2C200 1x, https:\/\/i0.wp.com\/ismaelcolosi.com.br\/wp-content\/uploads\/2024\/11\/Copia-de-Copia-de-Copia-de-TAMANHO-EXATO-PARA-FOTOS-NO-SISTEMA-NOVO-2024-11-26T180951.258_2024-11-26_21-10-02_png_2024-11-26_21-10-03.webp.webp?fit=1200%2C675&ssl=1&resize=525%2C300 1.5x, https:\/\/i0.wp.com\/ismaelcolosi.com.br\/wp-content\/uploads\/2024\/11\/Copia-de-Copia-de-Copia-de-TAMANHO-EXATO-PARA-FOTOS-NO-SISTEMA-NOVO-2024-11-26T180951.258_2024-11-26_21-10-02_png_2024-11-26_21-10-03.webp.webp?fit=1200%2C675&ssl=1&resize=700%2C400 2x, https:\/\/i0.wp.com\/ismaelcolosi.com.br\/wp-content\/uploads\/2024\/11\/Copia-de-Copia-de-Copia-de-TAMANHO-EXATO-PARA-FOTOS-NO-SISTEMA-NOVO-2024-11-26T180951.258_2024-11-26_21-10-02_png_2024-11-26_21-10-03.webp.webp?fit=1200%2C675&ssl=1&resize=1050%2C600 3x"},"classes":[]},{"id":12170,"url":"https:\/\/ismaelcolosi.com.br\/index.php\/2023\/12\/07\/clarin-cia-de-danca-estreia-espetaculo-fenix-no-sesc-avenida-paulista\/","url_meta":{"origin":5820,"position":5},"title":"Clarin Cia de Dan\u00e7a estreia espet\u00e1culo \u201cFenix\u201d no Sesc Avenida Paulista","author":"ismaelcolosi.com.br","date":"7 de December de 2023","format":false,"excerpt":"De 07 a 17 de dezembro, o palco do Sesc Avenida Paulista recebe o mais recente espet\u00e1culo da Clarin Cia de Dan\u00e7a, intitulado \u201cF\u00eanix\u201d. As apresenta\u00e7\u00f5es acontecem de quinta a s\u00e1bado, \u00e0s 20h e, aos domingos, \u00e0s 18h. A venda de ingressos est\u00e1 sendo realizada pela Central de Relacionamento Digital,\u2026","rel":"","context":"In &quot;Variedades&quot;","block_context":{"text":"Variedades","link":"https:\/\/ismaelcolosi.com.br\/index.php\/category\/variedades\/"},"img":{"alt_text":"","src":"https:\/\/i0.wp.com\/ismaelcolosi.com.br\/wp-content\/uploads\/2023\/12\/foto-rafael-salvador-clarin-cia-de-danca-2.jpeg?fit=1200%2C638&ssl=1&resize=350%2C200","width":350,"height":200,"srcset":"https:\/\/i0.wp.com\/ismaelcolosi.com.br\/wp-content\/uploads\/2023\/12\/foto-rafael-salvador-clarin-cia-de-danca-2.jpeg?fit=1200%2C638&ssl=1&resize=350%2C200 1x, https:\/\/i0.wp.com\/ismaelcolosi.com.br\/wp-content\/uploads\/2023\/12\/foto-rafael-salvador-clarin-cia-de-danca-2.jpeg?fit=1200%2C638&ssl=1&resize=525%2C300 1.5x, https:\/\/i0.wp.com\/ismaelcolosi.com.br\/wp-content\/uploads\/2023\/12\/foto-rafael-salvador-clarin-cia-de-danca-2.jpeg?fit=1200%2C638&ssl=1&resize=700%2C400 2x, https:\/\/i0.wp.com\/ismaelcolosi.com.br\/wp-content\/uploads\/2023\/12\/foto-rafael-salvador-clarin-cia-de-danca-2.jpeg?fit=1200%2C638&ssl=1&resize=1050%2C600 3x"},"classes":[]}],"jetpack_sharing_enabled":true,"jetpack_shortlink":"https:\/\/wp.me\/pfMlyK-1vS","_links":{"self":[{"href":"https:\/\/ismaelcolosi.com.br\/index.php\/wp-json\/wp\/v2\/posts\/5820","targetHints":{"allow":["GET"]}}],"collection":[{"href":"https:\/\/ismaelcolosi.com.br\/index.php\/wp-json\/wp\/v2\/posts"}],"about":[{"href":"https:\/\/ismaelcolosi.com.br\/index.php\/wp-json\/wp\/v2\/types\/post"}],"author":[{"embeddable":true,"href":"https:\/\/ismaelcolosi.com.br\/index.php\/wp-json\/wp\/v2\/users\/1"}],"replies":[{"embeddable":true,"href":"https:\/\/ismaelcolosi.com.br\/index.php\/wp-json\/wp\/v2\/comments?post=5820"}],"version-history":[{"count":0,"href":"https:\/\/ismaelcolosi.com.br\/index.php\/wp-json\/wp\/v2\/posts\/5820\/revisions"}],"wp:featuredmedia":[{"embeddable":true,"href":"https:\/\/ismaelcolosi.com.br\/index.php\/wp-json\/wp\/v2\/media\/5821"}],"wp:attachment":[{"href":"https:\/\/ismaelcolosi.com.br\/index.php\/wp-json\/wp\/v2\/media?parent=5820"}],"wp:term":[{"taxonomy":"category","embeddable":true,"href":"https:\/\/ismaelcolosi.com.br\/index.php\/wp-json\/wp\/v2\/categories?post=5820"},{"taxonomy":"post_tag","embeddable":true,"href":"https:\/\/ismaelcolosi.com.br\/index.php\/wp-json\/wp\/v2\/tags?post=5820"}],"curies":[{"name":"wp","href":"https:\/\/api.w.org\/{rel}","templated":true}]}}