{"id":5814,"date":"2023-11-24T13:02:04","date_gmt":"2023-11-24T16:02:04","guid":{"rendered":"https:\/\/ismaelcolosi.com.br\/index.php\/2023\/11\/24\/estado-de-saude-do-filho-do-sertanejo-cristiano-e-atualizado-apos-cirurgia-delicada\/"},"modified":"2023-11-24T13:02:04","modified_gmt":"2023-11-24T16:02:04","slug":"estado-de-saude-do-filho-do-sertanejo-cristiano-e-atualizado-apos-cirurgia-delicada","status":"publish","type":"post","link":"https:\/\/ismaelcolosi.com.br\/index.php\/2023\/11\/24\/estado-de-saude-do-filho-do-sertanejo-cristiano-e-atualizado-apos-cirurgia-delicada\/","title":{"rendered":"Estado de sa\u00fade do filho do sertanejo Cristiano \u00e9 atualizado ap\u00f3s cirurgia delicada"},"content":{"rendered":"<p> <br \/>\n<\/p>\n<div itemprop=\"text\">\n<p>A vida dos filhos dos famosos se torna uma parte mais acessada para quem acompanha diariamente a rotina dos artistas. O p\u00fablico cria uma rela\u00e7\u00e3o de interesse por tudo que os pequenos vivem.<\/p>\n<p>Quem tem sido muito falado no momento \u00e9 o filho do cantor Cristiano, dupla de Z\u00e9 Neto. Desde que o famoso postou sobre a condi\u00e7\u00e3o do filho, o p\u00fablico se envolveu mandando mensagens positivas pela vida da crian\u00e7a.<\/p>\n<p>Miguel foi diagnosticado com Tetralogia de Fallot. A doen\u00e7a card\u00edaca \u00e9 caracterizada por cinco m\u00e1s forma\u00e7\u00f5es no \u00f3rg\u00e3o card\u00edaco que s\u00f3 \u00e9 corrigida atrav\u00e9s de cirurgia.<\/p>\n<p>O beb\u00ea de apenas cinco meses foi internado para passar pelo procedimento. O pai chegou a postar em suas redes sociais uma foto do pequeno no leiro hospitalar que recebeu muitas mensagens positivas.<\/p>\n<p>A cirurgia ocorreu na segunda feira, 20 de novembro, e hoje o cantor voltou a usar as redes sociais para atualizar o estado de sa\u00fade do filho: <strong>\u201cOl\u00e1, turma! Passando para falar que o Miguel est\u00e1 bem\u201d.<\/strong><\/p>\n<p>Tetralogia de Fallot afeta cerca de 2 a cada 10 mil crian\u00e7as. Essa condi\u00e7\u00e3o chega a afetar valva e a aorta pulmonar, partes fundamentais para o bom funcionamento do m\u00fasculo.<\/p>\n<p>Miguel \u00e9 filho de Cristiano com Paula Vaccari. Dupla de Z\u00e9 Neto, os dois arrastam multid\u00f5es por onde passam. Formada em 2011, a dupla sertaneja entrou para a popularidade em 2016 com o sucesso \u201cSeu Poli\u00e7a\u201d.<\/p>\n<\/div>\n<p><br \/>\n<br \/><a href=\"https:\/\/fnmais.com\/estado-saude-filho-sertanejo-cristiano-atualizado-apos-cirurgia-delicada\/\">Source link <\/a><\/p>\n<div class='code-block code-block-4' style='margin: 8px auto 8px 0; text-align: left; display: block; clear: both;'>\n\ud83d\udce2 Aviso Legal\n\nO site ismaelcolosi.com.br atua apenas como um canal de divulga\u00e7\u00e3o de oportunidades de emprego e n\u00e3o se responsabiliza pelo processo seletivo, contrata\u00e7\u00e3o ou qualquer outra etapa relacionada \u00e0s vagas publicadas. Todas as informa\u00e7\u00f5es s\u00e3o de responsabilidade dos anunciantes.\n\n\u26a0\ufe0f Aten\u00e7\u00e3o! Nunca pague por promessas de emprego nem compre cursos que garantam contrata\u00e7\u00e3o. Desconfie de qualquer cobran\u00e7a para participar de sele\u00e7\u00f5es.\n\n\n\n<\/div>\n<!-- CONTENT END 1 -->\n","protected":false},"excerpt":{"rendered":"<p>A vida dos filhos dos famosos se torna uma parte mais acessada para quem acompanha diariamente a rotina dos artistas. O p\u00fablico cria uma rela\u00e7\u00e3o&#8230;<\/p>\n","protected":false},"author":1,"featured_media":5815,"comment_status":"open","ping_status":"open","sticky":false,"template":"","format":"standard","meta":{"_uag_custom_page_level_css":"","advanced_seo_description":"","jetpack_seo_html_title":"","jetpack_seo_noindex":false,"jetpack_post_was_ever_published":false,"_jetpack_newsletter_access":"","_jetpack_dont_email_post_to_subs":false,"_jetpack_newsletter_tier_id":0,"_jetpack_memberships_contains_paywalled_content":false,"_jetpack_memberships_contains_paid_content":false,"footnotes":"","jetpack_publicize_message":"","jetpack_publicize_feature_enabled":true,"jetpack_social_post_already_shared":true,"jetpack_social_options":{"image_generator_settings":{"template":"highway","default_image_id":0,"font":"","enabled":false},"version":2}},"categories":[1],"tags":[],"class_list":["post-5814","post","type-post","status-publish","format-standard","has-post-thumbnail","hentry","category-blog"],"jetpack_publicize_connections":[],"jetpack_featured_media_url":"https:\/\/i0.wp.com\/ismaelcolosi.com.br\/wp-content\/uploads\/2023\/11\/postimg-6560ba6de3fc67496.jpg?fit=1200%2C628&ssl=1","uagb_featured_image_src":{"full":["https:\/\/i0.wp.com\/ismaelcolosi.com.br\/wp-content\/uploads\/2023\/11\/postimg-6560ba6de3fc67496.jpg?fit=1200%2C628&ssl=1",1200,628,false],"thumbnail":["https:\/\/i0.wp.com\/ismaelcolosi.com.br\/wp-content\/uploads\/2023\/11\/postimg-6560ba6de3fc67496.jpg?resize=150%2C150&ssl=1",150,150,true],"medium":["https:\/\/i0.wp.com\/ismaelcolosi.com.br\/wp-content\/uploads\/2023\/11\/postimg-6560ba6de3fc67496.jpg?fit=300%2C157&ssl=1",300,157,true],"medium_large":["https:\/\/i0.wp.com\/ismaelcolosi.com.br\/wp-content\/uploads\/2023\/11\/postimg-6560ba6de3fc67496.jpg?fit=768%2C402&ssl=1",768,402,true],"large":["https:\/\/i0.wp.com\/ismaelcolosi.com.br\/wp-content\/uploads\/2023\/11\/postimg-6560ba6de3fc67496.jpg?fit=1024%2C536&ssl=1",1024,536,true],"1536x1536":["https:\/\/i0.wp.com\/ismaelcolosi.com.br\/wp-content\/uploads\/2023\/11\/postimg-6560ba6de3fc67496.jpg?fit=1200%2C628&ssl=1",1200,628,true],"2048x2048":["https:\/\/i0.wp.com\/ismaelcolosi.com.br\/wp-content\/uploads\/2023\/11\/postimg-6560ba6de3fc67496.jpg?fit=1200%2C628&ssl=1",1200,628,true],"really-simple-thumb":["https:\/\/i0.wp.com\/ismaelcolosi.com.br\/wp-content\/uploads\/2023\/11\/postimg-6560ba6de3fc67496.jpg?resize=370%2C247&ssl=1",370,247,true]},"uagb_author_info":{"display_name":"ismaelcolosi.com.br","author_link":"https:\/\/ismaelcolosi.com.br\/index.php\/author\/vidareal-online\/"},"uagb_comment_info":0,"uagb_excerpt":"A vida dos filhos dos famosos se torna uma parte mais acessada para quem acompanha diariamente a rotina dos artistas. O p\u00fablico cria uma rela\u00e7\u00e3o...","jetpack-related-posts":[{"id":7035,"url":"https:\/\/ismaelcolosi.com.br\/index.php\/2023\/11\/27\/paula-vaccari-esposa-de-cristiano-fala-sobre-momentos-vividos-apos-alta-o-pos-cirurgico-assusta\/","url_meta":{"origin":5814,"position":0},"title":"Paula Vaccari, esposa de Cristiano, fala sobre momentos vividos ap\u00f3s alta: \u201cO p\u00f3s-cir\u00fargico assusta\u201d","author":"ismaelcolosi.com.br","date":"27 de November de 2023","format":false,"excerpt":"Alguns artistas usam as redes sociais para dividir certos momentos particulares de afli\u00e7\u00e3o e como lidam durante a situa\u00e7\u00e3o com f\u00e9 e otimismo contando tamb\u00e9m com as mensagens positivas do p\u00fablico.O cantor Cristiano, dupla de Z\u00e9 Neto, compartilhou com seus seguidores na semana do dia 20 de novembro, uma foto\u2026","rel":"","context":"In &quot;Blog&quot;","block_context":{"text":"Blog","link":"https:\/\/ismaelcolosi.com.br\/index.php\/category\/blog\/"},"img":{"alt_text":"","src":"https:\/\/i0.wp.com\/ismaelcolosi.com.br\/wp-content\/uploads\/2023\/11\/postimg-6564ad901b46b8973.jpg?fit=1200%2C628&ssl=1&resize=350%2C200","width":350,"height":200,"srcset":"https:\/\/i0.wp.com\/ismaelcolosi.com.br\/wp-content\/uploads\/2023\/11\/postimg-6564ad901b46b8973.jpg?fit=1200%2C628&ssl=1&resize=350%2C200 1x, https:\/\/i0.wp.com\/ismaelcolosi.com.br\/wp-content\/uploads\/2023\/11\/postimg-6564ad901b46b8973.jpg?fit=1200%2C628&ssl=1&resize=525%2C300 1.5x, https:\/\/i0.wp.com\/ismaelcolosi.com.br\/wp-content\/uploads\/2023\/11\/postimg-6564ad901b46b8973.jpg?fit=1200%2C628&ssl=1&resize=700%2C400 2x, https:\/\/i0.wp.com\/ismaelcolosi.com.br\/wp-content\/uploads\/2023\/11\/postimg-6564ad901b46b8973.jpg?fit=1200%2C628&ssl=1&resize=1050%2C600 3x"},"classes":[]},{"id":4126,"url":"https:\/\/ismaelcolosi.com.br\/index.php\/2023\/11\/20\/cantor-cristiano-desabafa-apos-cirurgia-cardiaca-do-filho-dor-imensuravel\/","url_meta":{"origin":5814,"position":1},"title":"Cantor Cristiano desabafa ap\u00f3s cirurgia card\u00edaca do filho: &#8216;dor imensur\u00e1vel&#8217;","author":"ismaelcolosi.com.br","date":"20 de November de 2023","format":false,"excerpt":"A fam\u00edlia do cantor Cristiano, dupla com Z\u00e9 Neto, passou por uma experi\u00eancia bastante estressante nesta segunda-feira (20\/11). Acontece que o filho ca\u00e7ula do cantor precisou passar por cirurgia.O menino, Miguel, tem apenas 5 meses de vida e precisou de uma cirurgia reparadora. O menino nasceu com Tetralogia de Fallot\u2026","rel":"","context":"In &quot;Blog&quot;","block_context":{"text":"Blog","link":"https:\/\/ismaelcolosi.com.br\/index.php\/category\/blog\/"},"img":{"alt_text":"","src":"https:\/\/i0.wp.com\/ismaelcolosi.com.br\/wp-content\/uploads\/2023\/11\/postimg-655c01137046c7626.jpg?fit=1200%2C628&ssl=1&resize=350%2C200","width":350,"height":200,"srcset":"https:\/\/i0.wp.com\/ismaelcolosi.com.br\/wp-content\/uploads\/2023\/11\/postimg-655c01137046c7626.jpg?fit=1200%2C628&ssl=1&resize=350%2C200 1x, https:\/\/i0.wp.com\/ismaelcolosi.com.br\/wp-content\/uploads\/2023\/11\/postimg-655c01137046c7626.jpg?fit=1200%2C628&ssl=1&resize=525%2C300 1.5x, https:\/\/i0.wp.com\/ismaelcolosi.com.br\/wp-content\/uploads\/2023\/11\/postimg-655c01137046c7626.jpg?fit=1200%2C628&ssl=1&resize=700%2C400 2x, https:\/\/i0.wp.com\/ismaelcolosi.com.br\/wp-content\/uploads\/2023\/11\/postimg-655c01137046c7626.jpg?fit=1200%2C628&ssl=1&resize=1050%2C600 3x"},"classes":[]},{"id":47222,"url":"https:\/\/ismaelcolosi.com.br\/index.php\/2024\/04\/25\/mae-doa-rim-para-filho-no-1o-transplante-entre-vivos-realizado-no-hc-ribeirao-apos-pandemia\/","url_meta":{"origin":5814,"position":2},"title":"M\u00e3e doa rim para filho no 1\u00ba transplante entre vivos realizado no HC Ribeir\u00e3o ap\u00f3s pandemia","author":"ismaelcolosi.com.br","date":"25 de April de 2024","format":false,"excerpt":"O Hospital das Cl\u00ednicas de Ribeir\u00e3o Preto realizou o primeiro transplante entre vivos ap\u00f3s a pandemia. A cirurgia aconteceu na segunda-feira (22) e teve um motivo a mais para comemorar o retorno do procedimento: a doa\u00e7\u00e3o do \u00f3rg\u00e3o foi de uma m\u00e3e para o filho. Marcos Taylor Ferreira, de 9\u2026","rel":"","context":"In &quot;Not\u00edcias de Ribeir\u00e3o Preto-SP e Regi\u00e3o&quot;","block_context":{"text":"Not\u00edcias de Ribeir\u00e3o Preto-SP e Regi\u00e3o","link":"https:\/\/ismaelcolosi.com.br\/index.php\/category\/noticias-de-ribeirao-preto-sp-e-regiao-ismael-colosi\/"},"img":{"alt_text":"","src":"https:\/\/i0.wp.com\/ismaelcolosi.com.br\/wp-content\/uploads\/2024\/04\/1_2024-04-24_20-55-21_jpg.webp.webp?fit=794%2C473&ssl=1&resize=350%2C200","width":350,"height":200,"srcset":"https:\/\/i0.wp.com\/ismaelcolosi.com.br\/wp-content\/uploads\/2024\/04\/1_2024-04-24_20-55-21_jpg.webp.webp?fit=794%2C473&ssl=1&resize=350%2C200 1x, https:\/\/i0.wp.com\/ismaelcolosi.com.br\/wp-content\/uploads\/2024\/04\/1_2024-04-24_20-55-21_jpg.webp.webp?fit=794%2C473&ssl=1&resize=525%2C300 1.5x, https:\/\/i0.wp.com\/ismaelcolosi.com.br\/wp-content\/uploads\/2024\/04\/1_2024-04-24_20-55-21_jpg.webp.webp?fit=794%2C473&ssl=1&resize=700%2C400 2x"},"classes":[]},{"id":25634,"url":"https:\/\/ismaelcolosi.com.br\/index.php\/2024\/01\/08\/em-cena-de-cortar-o-coracao-lucinda-abre-os-olhos-apos-coma-profundo-e-tem-desfecho-inesperado\/","url_meta":{"origin":5814,"position":3},"title":"Em cena de cortar o cora\u00e7\u00e3o, Lucinda abre os olhos ap\u00f3s coma profundo e tem desfecho inesperado","author":"ismaelcolosi.com.br","date":"8 de January de 2024","format":false,"excerpt":"Ant\u00f4nio La Selva n\u00e3o tem limites e desta vez foi Lucinda que pagou caro por sua ira e sede de poder. Ap\u00f3s ser preso por causa do sequestro de Aline, o rei da soja, jurou que se vingaria de Marino e contratou um assassino para tirar a vida de Lucinda.A\u2026","rel":"","context":"In &quot;Blog&quot;","block_context":{"text":"Blog","link":"https:\/\/ismaelcolosi.com.br\/index.php\/category\/blog\/"},"img":{"alt_text":"","src":"https:\/\/i0.wp.com\/ismaelcolosi.com.br\/wp-content\/uploads\/2024\/01\/postimg-659b340666ad99263.jpg?fit=1200%2C628&ssl=1&resize=350%2C200","width":350,"height":200,"srcset":"https:\/\/i0.wp.com\/ismaelcolosi.com.br\/wp-content\/uploads\/2024\/01\/postimg-659b340666ad99263.jpg?fit=1200%2C628&ssl=1&resize=350%2C200 1x, https:\/\/i0.wp.com\/ismaelcolosi.com.br\/wp-content\/uploads\/2024\/01\/postimg-659b340666ad99263.jpg?fit=1200%2C628&ssl=1&resize=525%2C300 1.5x, https:\/\/i0.wp.com\/ismaelcolosi.com.br\/wp-content\/uploads\/2024\/01\/postimg-659b340666ad99263.jpg?fit=1200%2C628&ssl=1&resize=700%2C400 2x, https:\/\/i0.wp.com\/ismaelcolosi.com.br\/wp-content\/uploads\/2024\/01\/postimg-659b340666ad99263.jpg?fit=1200%2C628&ssl=1&resize=1050%2C600 3x"},"classes":[]},{"id":20006,"url":"https:\/\/ismaelcolosi.com.br\/index.php\/2023\/12\/23\/triste-noticia-sobre-a-atriz-claudia-alencar-e-exposta-por-seu-filho-em-estado-grave\/","url_meta":{"origin":5814,"position":4},"title":"Triste not\u00edcia sobre a atriz Cl\u00e1udia Alencar \u00e9 exposta por seu filho: em estado grave","author":"ismaelcolosi.com.br","date":"23 de December de 2023","format":false,"excerpt":"Uma triste not\u00edcia sobre a atriz Claudia Alencar, que j\u00e1 participou de v\u00e1rias produ\u00e7\u00f5es de sucesso na TV brasileira, veio \u00e0 tona atrav\u00e9s de seu filho.De acordo com Yann Hatchuel, filho da atriz Claudia Alencar, afirmou que ela est\u00e1 internada em estado grave na Cl\u00ednica S\u00e3o Vicente, localizada na Zona\u2026","rel":"","context":"In &quot;Blog&quot;","block_context":{"text":"Blog","link":"https:\/\/ismaelcolosi.com.br\/index.php\/category\/blog\/"},"img":{"alt_text":"","src":"https:\/\/i0.wp.com\/ismaelcolosi.com.br\/wp-content\/uploads\/2023\/12\/postimg-65876af6465702076.jpg?fit=1200%2C628&ssl=1&resize=350%2C200","width":350,"height":200,"srcset":"https:\/\/i0.wp.com\/ismaelcolosi.com.br\/wp-content\/uploads\/2023\/12\/postimg-65876af6465702076.jpg?fit=1200%2C628&ssl=1&resize=350%2C200 1x, https:\/\/i0.wp.com\/ismaelcolosi.com.br\/wp-content\/uploads\/2023\/12\/postimg-65876af6465702076.jpg?fit=1200%2C628&ssl=1&resize=525%2C300 1.5x, https:\/\/i0.wp.com\/ismaelcolosi.com.br\/wp-content\/uploads\/2023\/12\/postimg-65876af6465702076.jpg?fit=1200%2C628&ssl=1&resize=700%2C400 2x, https:\/\/i0.wp.com\/ismaelcolosi.com.br\/wp-content\/uploads\/2023\/12\/postimg-65876af6465702076.jpg?fit=1200%2C628&ssl=1&resize=1050%2C600 3x"},"classes":[]},{"id":29642,"url":"https:\/\/ismaelcolosi.com.br\/index.php\/2024\/01\/18\/mais-um-gravissimo-acidente-na-br-116-tira-a-vida-de-pai-e-filho\/","url_meta":{"origin":5814,"position":5},"title":"Mais um grav\u00edssimo acidente na BR-116 tira a vida de pai e filho","author":"ismaelcolosi.com.br","date":"18 de January de 2024","format":false,"excerpt":"Duas trag\u00e9dias separadas, ambas igualmente devastadoras, ocorreram na BR-116, deixando um rastro de luto e perguntas sem respostas.Em Correia Pinto, na Serra catarinense, um pai e seu filho foram as v\u00edtimas fatais de um grave acidente no in\u00edcio da noite de quinta, dia 18 de janeiro.O acidente, que envolveu dois\u2026","rel":"","context":"In &quot;Blog&quot;","block_context":{"text":"Blog","link":"https:\/\/ismaelcolosi.com.br\/index.php\/category\/blog\/"},"img":{"alt_text":"","src":"https:\/\/i0.wp.com\/ismaelcolosi.com.br\/wp-content\/uploads\/2024\/01\/postimg-65a9ccf44ece48566.jpg?fit=1200%2C628&ssl=1&resize=350%2C200","width":350,"height":200,"srcset":"https:\/\/i0.wp.com\/ismaelcolosi.com.br\/wp-content\/uploads\/2024\/01\/postimg-65a9ccf44ece48566.jpg?fit=1200%2C628&ssl=1&resize=350%2C200 1x, https:\/\/i0.wp.com\/ismaelcolosi.com.br\/wp-content\/uploads\/2024\/01\/postimg-65a9ccf44ece48566.jpg?fit=1200%2C628&ssl=1&resize=525%2C300 1.5x, https:\/\/i0.wp.com\/ismaelcolosi.com.br\/wp-content\/uploads\/2024\/01\/postimg-65a9ccf44ece48566.jpg?fit=1200%2C628&ssl=1&resize=700%2C400 2x, https:\/\/i0.wp.com\/ismaelcolosi.com.br\/wp-content\/uploads\/2024\/01\/postimg-65a9ccf44ece48566.jpg?fit=1200%2C628&ssl=1&resize=1050%2C600 3x"},"classes":[]}],"jetpack_sharing_enabled":true,"jetpack_shortlink":"https:\/\/wp.me\/pfMlyK-1vM","_links":{"self":[{"href":"https:\/\/ismaelcolosi.com.br\/index.php\/wp-json\/wp\/v2\/posts\/5814","targetHints":{"allow":["GET"]}}],"collection":[{"href":"https:\/\/ismaelcolosi.com.br\/index.php\/wp-json\/wp\/v2\/posts"}],"about":[{"href":"https:\/\/ismaelcolosi.com.br\/index.php\/wp-json\/wp\/v2\/types\/post"}],"author":[{"embeddable":true,"href":"https:\/\/ismaelcolosi.com.br\/index.php\/wp-json\/wp\/v2\/users\/1"}],"replies":[{"embeddable":true,"href":"https:\/\/ismaelcolosi.com.br\/index.php\/wp-json\/wp\/v2\/comments?post=5814"}],"version-history":[{"count":0,"href":"https:\/\/ismaelcolosi.com.br\/index.php\/wp-json\/wp\/v2\/posts\/5814\/revisions"}],"wp:featuredmedia":[{"embeddable":true,"href":"https:\/\/ismaelcolosi.com.br\/index.php\/wp-json\/wp\/v2\/media\/5815"}],"wp:attachment":[{"href":"https:\/\/ismaelcolosi.com.br\/index.php\/wp-json\/wp\/v2\/media?parent=5814"}],"wp:term":[{"taxonomy":"category","embeddable":true,"href":"https:\/\/ismaelcolosi.com.br\/index.php\/wp-json\/wp\/v2\/categories?post=5814"},{"taxonomy":"post_tag","embeddable":true,"href":"https:\/\/ismaelcolosi.com.br\/index.php\/wp-json\/wp\/v2\/tags?post=5814"}],"curies":[{"name":"wp","href":"https:\/\/api.w.org\/{rel}","templated":true}]}}