{"id":5812,"date":"2023-11-24T13:00:31","date_gmt":"2023-11-24T16:00:31","guid":{"rendered":"https:\/\/ismaelcolosi.com.br\/index.php\/2023\/11\/24\/deu-a-louca-na-centauro-todo-o-site-esta-com-ate-80-de-desconto-na-black-friday\/"},"modified":"2023-11-24T13:00:31","modified_gmt":"2023-11-24T16:00:31","slug":"deu-a-louca-na-centauro-todo-o-site-esta-com-ate-80-de-desconto-na-black-friday","status":"publish","type":"post","link":"https:\/\/ismaelcolosi.com.br\/index.php\/2023\/11\/24\/deu-a-louca-na-centauro-todo-o-site-esta-com-ate-80-de-desconto-na-black-friday\/","title":{"rendered":"Deu a louca na Centauro! Todo o site est\u00e1 com at\u00e9 80% de desconto na Black\u00a0Friday"},"content":{"rendered":"<p> <br \/>\n<\/p>\n<p>Tava precisando de um t\u00eanis novo? Problema resolvido! Isso porque a<a href=\"https:\/\/click.linksynergy.com\/fs-bin\/click?id=mYwfeqej\/z4&amp;offerid=1261170.3082&amp;type=3&amp;subid=0\" target=\"_blank\" rel=\"noopener\"> Centauro preparou uma promo\u00e7\u00e3o de Black Friday<\/a> simplesmente imperd\u00edvel, com precinhos realmente interessantes!<\/p>\n<p>Todo o site est\u00e1 com at\u00e9 80% de desconto. S\u00e3o milhares de ofertas incr\u00edveis para produtos de v\u00e1rios tipos, de cal\u00e7ados de corrida a itens de futebol, de t\u00eanis de basquete a pisantes cheios de estilo da Converse e muito mais.<\/p>\n<\/p>\n<div class=\"mythdev mythdev--truvid truvidPos\"><\/div>\n<div id=\"attachment_2313940\" class=\"wp-caption aligncenter\"><a href=\"https:\/\/click.linksynergy.com\/fs-bin\/click?id=mYwfeqej\/z4&amp;offerid=1261170.3082&amp;type=3&amp;subid=0\" target=\"_blank\" rel=\"noopener\"><\/p>\n<div class=\"d-flex justify-content-center\" data-attachment-id=\"2313940\">\n<div class=\"position-relative d-inline-block\"><img data-recalc-dims=\"1\" loading=\"lazy\" decoding=\"async\" data-portal-copyright=\"Divulga\u00e7\u00e3o | Centauro\" class=\"size-large wp-image-2313940\" src=\"https:\/\/i0.wp.com\/catracalivre.com.br\/wp-content\/uploads\/2023\/11\/black-friday-centauro-910x373.jpg?resize=910%2C373&#038;ssl=1\" alt=\"Todo o site da Centauro est\u00e1 com at\u00e9 80% de desconto nesta Black Friday\" width=\"910\" height=\"373\" \/><\/p>\n<div class=\"tag-credits position-absolute\">Cr\u00e9ditos: Divulga\u00e7\u00e3o | Centauro<\/div>\n<\/div>\n<\/div>\n<p><\/a><\/div>\n<p>S\u00f3 fica ligado que a promo\u00e7\u00e3o \u00e9 v\u00e1lida por tempo limitado e est\u00e1 condicionada ao fim dos estoques dos produtos. Agora \u00e9 s\u00f3 se jogar nas ofertas!<\/p>\n<\/p>\n<p>\t\t\t\tvar Content3_slot;<br \/>\n\t\t\t\tgoogletag.cmd.push(function() {<br \/>\n\t\t\t\t\tvar mapping = googletag.sizeMapping().addSize([0, 0], [&#8220;fluid&#8221;, [250, 250],<br \/>\n\t\t\t\t\t\t[300, 250],<br \/>\n\t\t\t\t\t\t[336, 280]<br \/>\n\t\t\t\t\t]).build();<br \/>\n\t\t\t\t\tContent3_slot = googletag.defineSlot(&#8220;\/3781540\/CatracaLivre\/catracalivre_Content3&#8221;, [<br \/>\n\t\t\t\t\t\t\t[250, 250],<br \/>\n\t\t\t\t\t\t\t[300, 250],<br \/>\n\t\t\t\t\t\t\t[336, 280]<br \/>\n\t\t\t\t\t\t], &#8220;Content3&#8221;)<br \/>\n\t\t\t\t\t\t.defineSizeMapping(mapping)<br \/>\n\t\t\t\t\t\t.setCollapseEmptyDiv(true)<br \/>\n\t\t\t\t\t\t.addService(googletag.pubads());<br \/>\n\t\t\t\t\tgoogletag.enableServices();<br \/>\n\t\t\t\t});<\/p>\n<div class=\"mythdev mythdev--p1\" id=\"Content3\">\n<p>\t\t\t\t\tgoogletag.cmd.push(function() {<br \/>\n\t\t\t\t\t\tgoogletag.display(&#8220;Content3&#8221;);<br \/>\n\t\t\t\t\t});<\/p><\/div>\n<p>D\u00e1 s\u00f3 uma olhada nas categorias da <a href=\"https:\/\/click.linksynergy.com\/fs-bin\/click?id=mYwfeqej\/z4&amp;offerid=1261170.3082&amp;type=3&amp;subid=0\" target=\"_blank\" rel=\"noopener\">Black Friday na Centauro<\/a>:<\/p>\n<ul>\n<li><a href=\"https:\/\/click.linksynergy.com\/fs-bin\/click?id=mYwfeqej\/z4&amp;offerid=1261170.3082&amp;type=3&amp;subid=0\" target=\"_blank\" rel=\"noopener\">T\u00eanis, camiseta, bermuda e outros itens de v\u00e1rias marcas com at\u00e9 80% OFF (v\u00e1lido at\u00e9 11h do dia 26 de novembro)<\/a><\/li>\n<li><a href=\"https:\/\/click.linksynergy.com\/fs-bin\/click?id=mYwfeqej\/z4&amp;offerid=1261170.3102&amp;type=3&amp;subid=0\" target=\"_blank\" rel=\"noopener\">T\u00eanis cheios de estilo da Converse com 30% de desconto &#8211; Aplique o c\u00f3digo C30 (v\u00e1lido at\u00e9 28 de novembro)<\/a><\/li>\n<li><a href=\"https:\/\/click.linksynergy.com\/fs-bin\/click?id=mYwfeqej\/z4&amp;offerid=1261170.3083&amp;type=3&amp;subid=0\" target=\"_blank\" rel=\"noopener\">Black Friday de cal\u00e7ados para corrida a partir de R$159,99 (v\u00e1lido at\u00e9 \u00e0s 11h do dia 26 de novembro)<\/a><\/li>\n<li><a href=\"https:\/\/click.linksynergy.com\/fs-bin\/click?id=mYwfeqej\/z4&amp;offerid=1261170.3085&amp;type=3&amp;subid=0\" target=\"_blank\" rel=\"noopener\">Mega oferta de cal\u00e7ados para corrida com at\u00e9 50% de desconto (v\u00e1lido at\u00e9 \u00e0s 11h do dia 26 de novembro)<\/a><\/li>\n<li><a href=\"https:\/\/click.linksynergy.com\/fs-bin\/click?id=mYwfeqej\/z4&amp;offerid=1261170.3087&amp;type=3&amp;subid=0\" target=\"_blank\" rel=\"noopener\">Grandes oportunidades &#8211; cal\u00e7ados para corrida a partir de R$ 209,99 (v\u00e1lido at\u00e9 \u00e0s 11h do dia 26 de novembro)<\/a><\/li>\n<li><a href=\"https:\/\/click.linksynergy.com\/fs-bin\/click?id=mYwfeqej\/z4&amp;offerid=1261170.3084&amp;type=3&amp;subid=0\" target=\"_blank\" rel=\"noopener\">Black Friday de cal\u00e7ados casuais (incluindo t\u00eanis, bota, chinelos e sand\u00e1lias) a partir de R$99,99 (v\u00e1lido at\u00e9 \u00e0s 11h do dia 26 de novembro)<\/a><\/li>\n<li><a href=\"https:\/\/click.linksynergy.com\/fs-bin\/click?id=mYwfeqej\/z4&amp;offerid=1261170.3088&amp;type=3&amp;subid=0\" target=\"_blank\" rel=\"noopener\">Grandes oportunidades &#8211; cal\u00e7ados casuais com at\u00e9 55% off (v\u00e1lido at\u00e9 \u00e0s 11h do dia 26 de novembro)<\/a><\/li>\n<li><a href=\"https:\/\/click.linksynergy.com\/fs-bin\/click?id=mYwfeqej\/z4&amp;offerid=1261170.3089&amp;type=3&amp;subid=0\" target=\"_blank\" rel=\"noopener\">Black Friday de t\u00eanis de basquete com at\u00e9 40% off (v\u00e1lido at\u00e9 \u00e0s 11h do dia 26 de novembro)<\/a><\/li>\n<li><a href=\"https:\/\/click.linksynergy.com\/fs-bin\/click?id=mYwfeqej\/z4&amp;offerid=1261170.3090&amp;type=3&amp;subid=0\" target=\"_blank\" rel=\"noopener\">Black Friday &#8211; itens de futebol com at\u00e9 80% off (v\u00e1lido at\u00e9 \u00e0s 11h do dia 26 de novembro)<\/a><\/li>\n<\/ul>\n<p><br \/>\n<br \/><a href=\"https:\/\/catracalivre.com.br\/economize\/deu-a-louca-na-centauro-todo-o-site-esta-com-ate-80-de-desconto-na-black-friday\/\">Source link <\/a><\/p>\n<div class='code-block code-block-4' style='margin: 8px auto 8px 0; text-align: left; display: block; clear: both;'>\n\ud83d\udce2 Aviso Legal\n\nO site ismaelcolosi.com.br atua apenas como um canal de divulga\u00e7\u00e3o de oportunidades de emprego e n\u00e3o se responsabiliza pelo processo seletivo, contrata\u00e7\u00e3o ou qualquer outra etapa relacionada \u00e0s vagas publicadas. Todas as informa\u00e7\u00f5es s\u00e3o de responsabilidade dos anunciantes.\n\n\u26a0\ufe0f Aten\u00e7\u00e3o! Nunca pague por promessas de emprego nem compre cursos que garantam contrata\u00e7\u00e3o. Desconfie de qualquer cobran\u00e7a para participar de sele\u00e7\u00f5es.\n\n\n\n<\/div>\n<!-- CONTENT END 1 -->\n","protected":false},"excerpt":{"rendered":"<p>Tava precisando de um t\u00eanis novo? Problema resolvido! Isso porque a Centauro preparou uma promo\u00e7\u00e3o de Black Friday simplesmente imperd\u00edvel, com precinhos realmente interessantes! Todo&#8230;<\/p>\n","protected":false},"author":1,"featured_media":5813,"comment_status":"open","ping_status":"open","sticky":false,"template":"","format":"standard","meta":{"_uag_custom_page_level_css":"","advanced_seo_description":"","jetpack_seo_html_title":"","jetpack_seo_noindex":false,"jetpack_post_was_ever_published":false,"_jetpack_newsletter_access":"","_jetpack_dont_email_post_to_subs":false,"_jetpack_newsletter_tier_id":0,"_jetpack_memberships_contains_paywalled_content":false,"_jetpack_memberships_contains_paid_content":false,"footnotes":"","jetpack_publicize_message":"","jetpack_publicize_feature_enabled":true,"jetpack_social_post_already_shared":true,"jetpack_social_options":{"image_generator_settings":{"template":"highway","default_image_id":0,"font":"","enabled":false},"version":2}},"categories":[19],"tags":[],"class_list":["post-5812","post","type-post","status-publish","format-standard","has-post-thumbnail","hentry","category-variedades"],"jetpack_publicize_connections":[],"jetpack_featured_media_url":"https:\/\/i0.wp.com\/ismaelcolosi.com.br\/wp-content\/uploads\/2023\/11\/black-friday-centauro-2.jpg?fit=1200%2C638&ssl=1","uagb_featured_image_src":{"full":["https:\/\/i0.wp.com\/ismaelcolosi.com.br\/wp-content\/uploads\/2023\/11\/black-friday-centauro-2.jpg?fit=1200%2C638&ssl=1",1200,638,false],"thumbnail":["https:\/\/i0.wp.com\/ismaelcolosi.com.br\/wp-content\/uploads\/2023\/11\/black-friday-centauro-2.jpg?resize=150%2C150&ssl=1",150,150,true],"medium":["https:\/\/i0.wp.com\/ismaelcolosi.com.br\/wp-content\/uploads\/2023\/11\/black-friday-centauro-2.jpg?fit=300%2C160&ssl=1",300,160,true],"medium_large":["https:\/\/i0.wp.com\/ismaelcolosi.com.br\/wp-content\/uploads\/2023\/11\/black-friday-centauro-2.jpg?fit=768%2C408&ssl=1",768,408,true],"large":["https:\/\/i0.wp.com\/ismaelcolosi.com.br\/wp-content\/uploads\/2023\/11\/black-friday-centauro-2.jpg?fit=1024%2C544&ssl=1",1024,544,true],"1536x1536":["https:\/\/i0.wp.com\/ismaelcolosi.com.br\/wp-content\/uploads\/2023\/11\/black-friday-centauro-2.jpg?fit=1200%2C638&ssl=1",1200,638,true],"2048x2048":["https:\/\/i0.wp.com\/ismaelcolosi.com.br\/wp-content\/uploads\/2023\/11\/black-friday-centauro-2.jpg?fit=1200%2C638&ssl=1",1200,638,true],"really-simple-thumb":["https:\/\/i0.wp.com\/ismaelcolosi.com.br\/wp-content\/uploads\/2023\/11\/black-friday-centauro-2.jpg?resize=370%2C247&ssl=1",370,247,true]},"uagb_author_info":{"display_name":"ismaelcolosi.com.br","author_link":"https:\/\/ismaelcolosi.com.br\/index.php\/author\/vidareal-online\/"},"uagb_comment_info":0,"uagb_excerpt":"Tava precisando de um t\u00eanis novo? Problema resolvido! Isso porque a Centauro preparou uma promo\u00e7\u00e3o de Black Friday simplesmente imperd\u00edvel, com precinhos realmente interessantes! Todo...","jetpack-related-posts":[{"id":3421,"url":"https:\/\/ismaelcolosi.com.br\/index.php\/2023\/11\/18\/black-friday-veja-as-promocoes-do-shopping-iguatemi-de-ribeirao-preto\/","url_meta":{"origin":5812,"position":0},"title":"Black Friday: Veja as promo\u00e7\u00f5es do Shopping Iguatemi de Ribeir\u00e3o Preto","author":"ismaelcolosi.com.br","date":"18 de November de 2023","format":false,"excerpt":"Falta menos de uma semana para data oficial da Black Friday \u2013 que \u00e9 24 de novembro \u2013 e muitas lojas j\u00e1 iniciaram as promo\u00e7\u00f5es ou j\u00e1 divulgaram a data do in\u00edcio das ofertas. No Shopping Iguatemi, na zona Sul de Ribeir\u00e3o Preto, por exemplo, v\u00e1rias lojas aderiam e divulgaram\u2026","rel":"","context":"In &quot;Not\u00edcias de Ribeir\u00e3o Preto-SP e Regi\u00e3o&quot;","block_context":{"text":"Not\u00edcias de Ribeir\u00e3o Preto-SP e Regi\u00e3o","link":"https:\/\/ismaelcolosi.com.br\/index.php\/category\/noticias-de-ribeirao-preto-sp-e-regiao-ismael-colosi\/"},"img":{"alt_text":"","src":"https:\/\/i0.wp.com\/ismaelcolosi.com.br\/wp-content\/uploads\/2023\/11\/WhatsApp-Image-2023-11-17-at-13.51.16.jpeg?fit=696%2C464&ssl=1&resize=350%2C200","width":350,"height":200,"srcset":"https:\/\/i0.wp.com\/ismaelcolosi.com.br\/wp-content\/uploads\/2023\/11\/WhatsApp-Image-2023-11-17-at-13.51.16.jpeg?fit=696%2C464&ssl=1&resize=350%2C200 1x, https:\/\/i0.wp.com\/ismaelcolosi.com.br\/wp-content\/uploads\/2023\/11\/WhatsApp-Image-2023-11-17-at-13.51.16.jpeg?fit=696%2C464&ssl=1&resize=525%2C300 1.5x"},"classes":[]},{"id":5872,"url":"https:\/\/ismaelcolosi.com.br\/index.php\/2023\/11\/24\/black-friday-da-nike-tem-descontos-de-mais-de-50\/","url_meta":{"origin":5812,"position":1},"title":"Black Friday da Nike tem descontos de mais de 50%","author":"ismaelcolosi.com.br","date":"24 de November de 2023","format":false,"excerpt":"S\u00e3o muitos modelos dispon\u00edveis com aquele precinho camarada. Vem saber tudo: 24 de novembro de 2023 \u00e0s 14:45 Por: Oferecimento Nike Quem ama praticar esportes sem abrir m\u00e3o do estilo vai aproveitar \u2013 e muito \u2013 a Black Friday da Nike. S\u00e3o muitos modelos com desconto de mais de 50%!\u2026","rel":"","context":"In &quot;Variedades&quot;","block_context":{"text":"Variedades","link":"https:\/\/ismaelcolosi.com.br\/index.php\/category\/variedades\/"},"img":{"alt_text":"","src":"https:\/\/i0.wp.com\/ismaelcolosi.com.br\/wp-content\/uploads\/2023\/11\/nike-air-jornan-5-retro.png?fit=1200%2C638&ssl=1&resize=350%2C200","width":350,"height":200,"srcset":"https:\/\/i0.wp.com\/ismaelcolosi.com.br\/wp-content\/uploads\/2023\/11\/nike-air-jornan-5-retro.png?fit=1200%2C638&ssl=1&resize=350%2C200 1x, https:\/\/i0.wp.com\/ismaelcolosi.com.br\/wp-content\/uploads\/2023\/11\/nike-air-jornan-5-retro.png?fit=1200%2C638&ssl=1&resize=525%2C300 1.5x, https:\/\/i0.wp.com\/ismaelcolosi.com.br\/wp-content\/uploads\/2023\/11\/nike-air-jornan-5-retro.png?fit=1200%2C638&ssl=1&resize=700%2C400 2x, https:\/\/i0.wp.com\/ismaelcolosi.com.br\/wp-content\/uploads\/2023\/11\/nike-air-jornan-5-retro.png?fit=1200%2C638&ssl=1&resize=1050%2C600 3x"},"classes":[]},{"id":4584,"url":"https:\/\/ismaelcolosi.com.br\/index.php\/2023\/11\/21\/qatar-airways-oferece-desconto-de-ate-r-17-mil-na-black-friday\/","url_meta":{"origin":5812,"position":2},"title":"Qatar Airways oferece desconto de at\u00e9 R$ 1,7 mil na Black Friday","author":"ismaelcolosi.com.br","date":"21 de November de 2023","format":false,"excerpt":"Qatar Airways est\u00e1 com passagens a\u00e9reas em promo\u00e7\u00e3o durante a semana da a Black Friday. Os descontos nos bilhetes variam entre R$ 1.700 (US 350), em passagens na classe executiva, e R$ 730 (US$ 150) na classe econ\u00f4mica. A promo\u00e7\u00e3o vale para passagens emitidas at\u00e9 24 de novembro diretamente no\u2026","rel":"","context":"In &quot;Variedades&quot;","block_context":{"text":"Variedades","link":"https:\/\/ismaelcolosi.com.br\/index.php\/category\/variedades\/"},"img":{"alt_text":"","src":"https:\/\/i0.wp.com\/ismaelcolosi.com.br\/wp-content\/uploads\/2023\/11\/maldivas-vacina.jpg?fit=1200%2C638&ssl=1&resize=350%2C200","width":350,"height":200,"srcset":"https:\/\/i0.wp.com\/ismaelcolosi.com.br\/wp-content\/uploads\/2023\/11\/maldivas-vacina.jpg?fit=1200%2C638&ssl=1&resize=350%2C200 1x, https:\/\/i0.wp.com\/ismaelcolosi.com.br\/wp-content\/uploads\/2023\/11\/maldivas-vacina.jpg?fit=1200%2C638&ssl=1&resize=525%2C300 1.5x, https:\/\/i0.wp.com\/ismaelcolosi.com.br\/wp-content\/uploads\/2023\/11\/maldivas-vacina.jpg?fit=1200%2C638&ssl=1&resize=700%2C400 2x, https:\/\/i0.wp.com\/ismaelcolosi.com.br\/wp-content\/uploads\/2023\/11\/maldivas-vacina.jpg?fit=1200%2C638&ssl=1&resize=1050%2C600 3x"},"classes":[]},{"id":3212,"url":"https:\/\/ismaelcolosi.com.br\/index.php\/2023\/11\/17\/iguatemi-ribeirao-preto-tem-desconto-ate-80-na-black-friday-2023\/","url_meta":{"origin":5812,"position":3},"title":"Iguatemi Ribeir\u00e3o Preto tem desconto at\u00e9 80% na Black Friday 2023","author":"ismaelcolosi.com.br","date":"17 de November de 2023","format":false,"excerpt":"A Black Friday j\u00e1 se consolidou como uma \u00e9poca muito esperada por varejistas e consumidores. A partir desta segunda-feira, 20\/11, lojas de diferentes segmentos como moda, beleza, eletr\u00f4nicos e infantil, do Iguatemi Ribeir\u00e3o Preto, preparam descontos com no m\u00ednimo 10% em produtos selecionados. Para tornar a experi\u00eancia de consumo ainda\u2026","rel":"","context":"In &quot;Not\u00edcias de Ribeir\u00e3o Preto-SP e Regi\u00e3o&quot;","block_context":{"text":"Not\u00edcias de Ribeir\u00e3o Preto-SP e Regi\u00e3o","link":"https:\/\/ismaelcolosi.com.br\/index.php\/category\/noticias-de-ribeirao-preto-sp-e-regiao-ismael-colosi\/"},"img":{"alt_text":"","src":"https:\/\/i0.wp.com\/ismaelcolosi.com.br\/wp-content\/uploads\/2023\/11\/IMAGEM-1-1.png?fit=1200%2C800&ssl=1&resize=350%2C200","width":350,"height":200,"srcset":"https:\/\/i0.wp.com\/ismaelcolosi.com.br\/wp-content\/uploads\/2023\/11\/IMAGEM-1-1.png?fit=1200%2C800&ssl=1&resize=350%2C200 1x, https:\/\/i0.wp.com\/ismaelcolosi.com.br\/wp-content\/uploads\/2023\/11\/IMAGEM-1-1.png?fit=1200%2C800&ssl=1&resize=525%2C300 1.5x, https:\/\/i0.wp.com\/ismaelcolosi.com.br\/wp-content\/uploads\/2023\/11\/IMAGEM-1-1.png?fit=1200%2C800&ssl=1&resize=700%2C400 2x, https:\/\/i0.wp.com\/ismaelcolosi.com.br\/wp-content\/uploads\/2023\/11\/IMAGEM-1-1.png?fit=1200%2C800&ssl=1&resize=1050%2C600 3x"},"classes":[]},{"id":5895,"url":"https:\/\/ismaelcolosi.com.br\/index.php\/2023\/11\/24\/black-friday-da-netshoes-tem-produtos-com-ate-80-off\/","url_meta":{"origin":5812,"position":4},"title":"Black Friday da Netshoes tem produtos com at\u00e9 80% OFF","author":"ismaelcolosi.com.br","date":"24 de November de 2023","format":false,"excerpt":"O site tem precinhos incr\u00edveis em t\u00eanis, moda \u00edntima, meias, blusinhas, vestidos, camisetas e muito mais. Saiba tudo: 24 de novembro de 2023 \u00e0s 16:15 Por: Oferecimento Netshoes \u00c9 agora que voc\u00ea vai ficar ainda mais estiloso! Isso porque a Black Friday da Netshoes est\u00e1 recheada de produtos desejados tanto\u2026","rel":"","context":"In &quot;Variedades&quot;","block_context":{"text":"Variedades","link":"https:\/\/ismaelcolosi.com.br\/index.php\/category\/variedades\/"},"img":{"alt_text":"","src":"https:\/\/i0.wp.com\/ismaelcolosi.com.br\/wp-content\/uploads\/2023\/11\/black-friday-netshoes-2.jpg?fit=1200%2C638&ssl=1&resize=350%2C200","width":350,"height":200,"srcset":"https:\/\/i0.wp.com\/ismaelcolosi.com.br\/wp-content\/uploads\/2023\/11\/black-friday-netshoes-2.jpg?fit=1200%2C638&ssl=1&resize=350%2C200 1x, https:\/\/i0.wp.com\/ismaelcolosi.com.br\/wp-content\/uploads\/2023\/11\/black-friday-netshoes-2.jpg?fit=1200%2C638&ssl=1&resize=525%2C300 1.5x, https:\/\/i0.wp.com\/ismaelcolosi.com.br\/wp-content\/uploads\/2023\/11\/black-friday-netshoes-2.jpg?fit=1200%2C638&ssl=1&resize=700%2C400 2x, https:\/\/i0.wp.com\/ismaelcolosi.com.br\/wp-content\/uploads\/2023\/11\/black-friday-netshoes-2.jpg?fit=1200%2C638&ssl=1&resize=1050%2C600 3x"},"classes":[]},{"id":2426,"url":"https:\/\/ismaelcolosi.com.br\/index.php\/2023\/11\/15\/hopi-hari-tem-ingressos-com-mais-de-30-de-desconto\/","url_meta":{"origin":5812,"position":5},"title":"Hopi Hari tem ingressos com mais de 30% de desconto","author":"ismaelcolosi.com.br","date":"15 de November de 2023","format":false,"excerpt":"O parque tem\u00e1tico Hopi Hari, no interior de S\u00e3o Paulo, est\u00e1 com ingressos promocionais durante o Esquenta Black Friday. \u00c9 poss\u00edvel comprar as entradas com descontos de mais de 30%, a partir de R$ 84,90 \u2013durante a semana. Para os finais de semana, os ingressos t\u00eam pre\u00e7os a partir e\u2026","rel":"","context":"In &quot;Variedades&quot;","block_context":{"text":"Variedades","link":"https:\/\/ismaelcolosi.com.br\/index.php\/category\/variedades\/"},"img":{"alt_text":"","src":"https:\/\/i0.wp.com\/ismaelcolosi.com.br\/wp-content\/uploads\/2023\/11\/hopi-hari-monta-russa.jpg?fit=1200%2C638&ssl=1&resize=350%2C200","width":350,"height":200,"srcset":"https:\/\/i0.wp.com\/ismaelcolosi.com.br\/wp-content\/uploads\/2023\/11\/hopi-hari-monta-russa.jpg?fit=1200%2C638&ssl=1&resize=350%2C200 1x, https:\/\/i0.wp.com\/ismaelcolosi.com.br\/wp-content\/uploads\/2023\/11\/hopi-hari-monta-russa.jpg?fit=1200%2C638&ssl=1&resize=525%2C300 1.5x, https:\/\/i0.wp.com\/ismaelcolosi.com.br\/wp-content\/uploads\/2023\/11\/hopi-hari-monta-russa.jpg?fit=1200%2C638&ssl=1&resize=700%2C400 2x, https:\/\/i0.wp.com\/ismaelcolosi.com.br\/wp-content\/uploads\/2023\/11\/hopi-hari-monta-russa.jpg?fit=1200%2C638&ssl=1&resize=1050%2C600 3x"},"classes":[]}],"jetpack_sharing_enabled":true,"jetpack_shortlink":"https:\/\/wp.me\/pfMlyK-1vK","_links":{"self":[{"href":"https:\/\/ismaelcolosi.com.br\/index.php\/wp-json\/wp\/v2\/posts\/5812","targetHints":{"allow":["GET"]}}],"collection":[{"href":"https:\/\/ismaelcolosi.com.br\/index.php\/wp-json\/wp\/v2\/posts"}],"about":[{"href":"https:\/\/ismaelcolosi.com.br\/index.php\/wp-json\/wp\/v2\/types\/post"}],"author":[{"embeddable":true,"href":"https:\/\/ismaelcolosi.com.br\/index.php\/wp-json\/wp\/v2\/users\/1"}],"replies":[{"embeddable":true,"href":"https:\/\/ismaelcolosi.com.br\/index.php\/wp-json\/wp\/v2\/comments?post=5812"}],"version-history":[{"count":0,"href":"https:\/\/ismaelcolosi.com.br\/index.php\/wp-json\/wp\/v2\/posts\/5812\/revisions"}],"wp:featuredmedia":[{"embeddable":true,"href":"https:\/\/ismaelcolosi.com.br\/index.php\/wp-json\/wp\/v2\/media\/5813"}],"wp:attachment":[{"href":"https:\/\/ismaelcolosi.com.br\/index.php\/wp-json\/wp\/v2\/media?parent=5812"}],"wp:term":[{"taxonomy":"category","embeddable":true,"href":"https:\/\/ismaelcolosi.com.br\/index.php\/wp-json\/wp\/v2\/categories?post=5812"},{"taxonomy":"post_tag","embeddable":true,"href":"https:\/\/ismaelcolosi.com.br\/index.php\/wp-json\/wp\/v2\/tags?post=5812"}],"curies":[{"name":"wp","href":"https:\/\/api.w.org\/{rel}","templated":true}]}}