{"id":5808,"date":"2023-11-24T11:55:24","date_gmt":"2023-11-24T14:55:24","guid":{"rendered":"https:\/\/ismaelcolosi.com.br\/index.php\/2023\/11\/24\/multinacional-conta-com-vagas-de-emprego-na-regiao-de-ribeirao-veja-como-participar\/"},"modified":"2023-11-24T11:55:24","modified_gmt":"2023-11-24T14:55:24","slug":"multinacional-conta-com-vagas-de-emprego-na-regiao-de-ribeirao-veja-como-participar","status":"publish","type":"post","link":"https:\/\/ismaelcolosi.com.br\/index.php\/2023\/11\/24\/multinacional-conta-com-vagas-de-emprego-na-regiao-de-ribeirao-veja-como-participar\/","title":{"rendered":"Multinacional conta com vagas de emprego na regi\u00e3o de Ribeir\u00e3o; Veja como participar"},"content":{"rendered":"<p> <br \/>\n<\/p>\n<div data-td-block-uid=\"tdi_104\">\n<div class=\"tdb-block-inner td-fix-index\">\n<p><strong>A <a href=\"https:\/\/www.weg.net\/institutional\/BR\/pt\/weg-in-numbers\" target=\"_blank\" rel=\"noreferrer noopener nofollow\">WEG<\/a>, multinacional de equipamentos el\u00e9tricos, conta com vagas de emprego na regi\u00e3o de Ribeir\u00e3o Preto.<\/strong><\/p>\n<p>Em <strong>Sert\u00e3ozinho<\/strong>, <mark style=\"background-color:#fcb900\" class=\"has-inline-color has-black-color\">s\u00e3o 15 vagas abertas para diversos setores<\/mark>, como operador de m\u00e1quinas, analista mec\u00e2nico e t\u00e9cnico em seguran\u00e7a do trabalho.<\/p>\n<p>J\u00e1 para<strong> Monte Alto<\/strong>,<mark style=\"background-color:#fcb900\" class=\"has-inline-color has-black-color\"> h\u00e1 oportunidades para operador de produ\u00e7\u00e3o.<\/mark> Nas duas cidades, ainda est\u00e1 aberto cadastro para o banco de talentos.<\/p>\n<p>Os interessados devem se candidatar pela internet (<a href=\"https:\/\/www.weg.net\/institutional\/BR\/pt\/career\/opportunities\" target=\"_blank\" rel=\"noreferrer noopener nofollow\">clique aqui<\/a>) \u2013 veja todas as vagas dispon\u00edveis na regi\u00e3o.<\/p>\n<h4 class=\"wp-block-heading\"><strong>Vagas dispon\u00edveis em Sert\u00e3ozinho<\/strong><\/h4>\n<ul>\n<li>T\u00e9cnico de servi\u00e7os externos<\/li>\n<\/ul>\n<ul>\n<li>Operador usinagem \u2013 torno vertical<\/li>\n<\/ul>\n<ul>\n<li>Operador usinagem \u2013 mandriladoras<\/li>\n<\/ul>\n<ul>\n<li>Estagi\u00e1rio de engenharia<\/li>\n<\/ul>\n<ul>\n<li>Estagi\u00e1rio de administra\u00e7\u00e3o<\/li>\n<\/ul>\n<ul>\n<li>Operador usinagem \u2013 m\u00e1quina convencional<\/li>\n<\/ul>\n<ul>\n<li>Operador de montagem mec\u00e2nica \u2013 montador<\/li>\n<\/ul>\n<ul>\n<li>Estagi\u00e1rio de log\u00edstica<\/li>\n<\/ul>\n<ul>\n<li>T\u00e9cnico de seguran\u00e7a do trabalho \u2013 PCD<\/li>\n<\/ul>\n<ul>\n<li>Banco de talentos \u2013 PCD<\/li>\n<\/ul>\n<ul>\n<li>Distribuidor de material de montagem<\/li>\n<\/ul>\n<h4 class=\"wp-block-heading\"><strong>Vagas dispon\u00edveis em Monte Alto<\/strong><\/h4>\n<ul>\n<li>Banco de talentos \u2013 vagas administrativas e t\u00e9cnicas<\/li>\n<\/ul>\n<p>VEJA TAMB\u00c9M<br \/>Ribeir\u00e3o Preto tem novo leil\u00e3o de carros antigos; H\u00e1 modelos usados em filmes<\/p>\n<h4 class=\"wp-block-heading\"><strong>FIQUE ON<\/strong><\/h4>\n<p>Fique ligado em tudo que acontece em Ribeir\u00e3o Preto e regi\u00e3o. Siga os perfis do <strong>acidade on<\/strong> no <a href=\"https:\/\/www.instagram.com\/acidadeonribeirao\" target=\"_blank\" rel=\"noreferrer noopener nofollow\">Instagram <\/a>e no <a href=\"https:\/\/www.facebook.com\/acidadeonribeirao\" target=\"_blank\" rel=\"noreferrer noopener nofollow\">Facebook<\/a>.<\/p>\n<p>Receba not\u00edcias do<strong> acidade on <\/strong>no WhatsApp. <a href=\"https:\/\/chat.whatsapp.com\/Bnv2w66ZT4VDyZW3oiZ69n\" target=\"_blank\" rel=\"noreferrer noopener nofollow\">Para entrar no grupo, basta clicar aqui.<\/a><\/p>\n<p>Fa\u00e7a uma den\u00fancia ou sugira uma reportagem sobre a Ribeir\u00e3o Preto e regi\u00e3o pelo WhatsApp: (16) 99117 7802.<\/p>\n<p>LEIA MAIS<br \/><a href=\"https:\/\/www.tudoep.com\/tudo-inovacao\/NOT,0,0,1868153,black-friday-2023-confira-6-dicas-para-comprar-com-seguranca.aspx\" target=\"_blank\" rel=\"noreferrer noopener nofollow\">Black Friday 2023: confira 6 dicas para comprar com seguran\u00e7a<\/a><\/p>\n<p><!-- AI CONTENT END 1 -->\n<\/div>\n<\/div>\n<p><script async src=\"\/\/www.instagram.com\/embed.js\"><\/script><br \/>\n<br \/><br \/>\n<br \/><a href=\"https:\/\/www.acidadeon.com\/ribeiraopreto\/economia\/multinacional-conta-com-vagas-de-emprego-na-regiao-de-ribeirao-veja-como-participar\/\">Source link <\/a><\/p>\n<div class='code-block code-block-4' style='margin: 8px auto 8px 0; text-align: left; display: block; clear: both;'>\n\ud83d\udce2 Aviso Legal\n\nO site ismaelcolosi.com.br atua apenas como um canal de divulga\u00e7\u00e3o de oportunidades de emprego e n\u00e3o se responsabiliza pelo processo seletivo, contrata\u00e7\u00e3o ou qualquer outra etapa relacionada \u00e0s vagas publicadas. Todas as informa\u00e7\u00f5es s\u00e3o de responsabilidade dos anunciantes.\n\n\u26a0\ufe0f Aten\u00e7\u00e3o! Nunca pague por promessas de emprego nem compre cursos que garantam contrata\u00e7\u00e3o. Desconfie de qualquer cobran\u00e7a para participar de sele\u00e7\u00f5es.\n\n\n\n<\/div>\n<!-- CONTENT END 1 -->\n","protected":false},"excerpt":{"rendered":"<p>A WEG, multinacional de equipamentos el\u00e9tricos, conta com vagas de emprego na regi\u00e3o de Ribeir\u00e3o Preto. Em Sert\u00e3ozinho, s\u00e3o 15 vagas abertas para diversos setores,&#8230;<\/p>\n","protected":false},"author":1,"featured_media":5809,"comment_status":"open","ping_status":"open","sticky":false,"template":"","format":"standard","meta":{"_uag_custom_page_level_css":"","advanced_seo_description":"","jetpack_seo_html_title":"","jetpack_seo_noindex":false,"jetpack_post_was_ever_published":false,"_jetpack_newsletter_access":"","_jetpack_dont_email_post_to_subs":false,"_jetpack_newsletter_tier_id":0,"_jetpack_memberships_contains_paywalled_content":false,"_jetpack_memberships_contains_paid_content":false,"footnotes":"","jetpack_publicize_message":"","jetpack_publicize_feature_enabled":true,"jetpack_social_post_already_shared":true,"jetpack_social_options":{"image_generator_settings":{"template":"highway","default_image_id":0,"font":"","enabled":false},"version":2}},"categories":[11],"tags":[265,476,144,648,467,277,26,143,48],"class_list":["post-5808","post","type-post","status-publish","format-standard","has-post-thumbnail","hentry","category-noticias-de-ribeirao-preto-sp-e-regiao-ismael-colosi","tag-como","tag-conta","tag-emprego","tag-multinacional","tag-participar","tag-regiao","tag-ribeirao","tag-vagas","tag-veja"],"jetpack_publicize_connections":[],"jetpack_featured_media_url":"https:\/\/i0.wp.com\/ismaelcolosi.com.br\/wp-content\/uploads\/2023\/11\/Feirao-de-Emprego-.png?fit=1214%2C698&ssl=1","uagb_featured_image_src":{"full":["https:\/\/i0.wp.com\/ismaelcolosi.com.br\/wp-content\/uploads\/2023\/11\/Feirao-de-Emprego-.png?fit=1214%2C698&ssl=1",1214,698,false],"thumbnail":["https:\/\/i0.wp.com\/ismaelcolosi.com.br\/wp-content\/uploads\/2023\/11\/Feirao-de-Emprego-.png?resize=150%2C150&ssl=1",150,150,true],"medium":["https:\/\/i0.wp.com\/ismaelcolosi.com.br\/wp-content\/uploads\/2023\/11\/Feirao-de-Emprego-.png?fit=300%2C172&ssl=1",300,172,true],"medium_large":["https:\/\/i0.wp.com\/ismaelcolosi.com.br\/wp-content\/uploads\/2023\/11\/Feirao-de-Emprego-.png?fit=768%2C442&ssl=1",768,442,true],"large":["https:\/\/i0.wp.com\/ismaelcolosi.com.br\/wp-content\/uploads\/2023\/11\/Feirao-de-Emprego-.png?fit=1024%2C589&ssl=1",1024,589,true],"1536x1536":["https:\/\/i0.wp.com\/ismaelcolosi.com.br\/wp-content\/uploads\/2023\/11\/Feirao-de-Emprego-.png?fit=1214%2C698&ssl=1",1214,698,true],"2048x2048":["https:\/\/i0.wp.com\/ismaelcolosi.com.br\/wp-content\/uploads\/2023\/11\/Feirao-de-Emprego-.png?fit=1214%2C698&ssl=1",1214,698,true],"really-simple-thumb":["https:\/\/i0.wp.com\/ismaelcolosi.com.br\/wp-content\/uploads\/2023\/11\/Feirao-de-Emprego-.png?resize=370%2C247&ssl=1",370,247,true]},"uagb_author_info":{"display_name":"ismaelcolosi.com.br","author_link":"https:\/\/ismaelcolosi.com.br\/index.php\/author\/vidareal-online\/"},"uagb_comment_info":0,"uagb_excerpt":"A WEG, multinacional de equipamentos el\u00e9tricos, conta com vagas de emprego na regi\u00e3o de Ribeir\u00e3o Preto. Em Sert\u00e3ozinho, s\u00e3o 15 vagas abertas para diversos setores,...","jetpack-related-posts":[{"id":43100,"url":"https:\/\/ismaelcolosi.com.br\/index.php\/2024\/03\/19\/empresa-abre-20-vagas-de-emprego-em-ribeirao-preto-veja-como-participar\/","url_meta":{"origin":5808,"position":0},"title":"Empresa abre 20 vagas de emprego em Ribeir\u00e3o Preto; Veja como participar","author":"ismaelcolosi.com.br","date":"19 de March de 2024","format":false,"excerpt":"A VVR Estacionamentos conta com 20 vagas de emprego em Ribeir\u00e3o Preto para as fun\u00e7\u00f5es de manobrista e operador de caixa. Os interessados devem enviar o curr\u00edculo pelo e-mail novasvagas@vvrestacionamentos.com.br. Para concorrer a uma das vagas de manobrista, \u00e9 preciso ter mais de 18 anos e CNH (Carteira Nacional de\u2026","rel":"","context":"In &quot;Not\u00edcias de Ribeir\u00e3o Preto-SP e Regi\u00e3o&quot;","block_context":{"text":"Not\u00edcias de Ribeir\u00e3o Preto-SP e Regi\u00e3o","link":"https:\/\/ismaelcolosi.com.br\/index.php\/category\/noticias-de-ribeirao-preto-sp-e-regiao-ismael-colosi\/"},"img":{"alt_text":"","src":"https:\/\/i0.wp.com\/ismaelcolosi.com.br\/wp-content\/uploads\/2024\/03\/AnyConv.com__vaga-emprego.webp.webp?fit=1200%2C801&ssl=1&resize=350%2C200","width":350,"height":200,"srcset":"https:\/\/i0.wp.com\/ismaelcolosi.com.br\/wp-content\/uploads\/2024\/03\/AnyConv.com__vaga-emprego.webp.webp?fit=1200%2C801&ssl=1&resize=350%2C200 1x, https:\/\/i0.wp.com\/ismaelcolosi.com.br\/wp-content\/uploads\/2024\/03\/AnyConv.com__vaga-emprego.webp.webp?fit=1200%2C801&ssl=1&resize=525%2C300 1.5x, https:\/\/i0.wp.com\/ismaelcolosi.com.br\/wp-content\/uploads\/2024\/03\/AnyConv.com__vaga-emprego.webp.webp?fit=1200%2C801&ssl=1&resize=700%2C400 2x, https:\/\/i0.wp.com\/ismaelcolosi.com.br\/wp-content\/uploads\/2024\/03\/AnyConv.com__vaga-emprego.webp.webp?fit=1200%2C801&ssl=1&resize=1050%2C600 3x"},"classes":[]},{"id":31728,"url":"https:\/\/ismaelcolosi.com.br\/index.php\/2024\/01\/23\/pat-de-ribeirao-preto-conta-com-58-vagas-de-emprego-veja-como-participar\/","url_meta":{"origin":5808,"position":1},"title":"PAT de Ribeir\u00e3o Preto conta com 58 vagas de emprego; Veja como participar","author":"ismaelcolosi.com.br","date":"23 de January de 2024","format":false,"excerpt":"O PAT (Posto de Atendimento ao Trabalhador) de Ribeir\u00e3o Preto conta com 58 vagas de emprego no in\u00edcio desta semana. As oportunidades s\u00e3o para balconistas, recepcionistas, mec\u00e2nicos, motoristas e repositores de mercadoria, entre outras. Os interessados devem comparecer ao posto, das 8h \u00e0s 11h30 e das 13h \u00e0s 16h, munidos\u2026","rel":"","context":"In &quot;Not\u00edcias de Ribeir\u00e3o Preto-SP e Regi\u00e3o&quot;","block_context":{"text":"Not\u00edcias de Ribeir\u00e3o Preto-SP e Regi\u00e3o","link":"https:\/\/ismaelcolosi.com.br\/index.php\/category\/noticias-de-ribeirao-preto-sp-e-regiao-ismael-colosi\/"},"img":{"alt_text":"","src":"https:\/\/i0.wp.com\/ismaelcolosi.com.br\/wp-content\/uploads\/2024\/01\/trabalho_mutirao_do_emprego_caterp_pat_pei_-_foto_guilherme_sircili_4.jpg?fit=1200%2C799&ssl=1&resize=350%2C200","width":350,"height":200,"srcset":"https:\/\/i0.wp.com\/ismaelcolosi.com.br\/wp-content\/uploads\/2024\/01\/trabalho_mutirao_do_emprego_caterp_pat_pei_-_foto_guilherme_sircili_4.jpg?fit=1200%2C799&ssl=1&resize=350%2C200 1x, https:\/\/i0.wp.com\/ismaelcolosi.com.br\/wp-content\/uploads\/2024\/01\/trabalho_mutirao_do_emprego_caterp_pat_pei_-_foto_guilherme_sircili_4.jpg?fit=1200%2C799&ssl=1&resize=525%2C300 1.5x, https:\/\/i0.wp.com\/ismaelcolosi.com.br\/wp-content\/uploads\/2024\/01\/trabalho_mutirao_do_emprego_caterp_pat_pei_-_foto_guilherme_sircili_4.jpg?fit=1200%2C799&ssl=1&resize=700%2C400 2x, https:\/\/i0.wp.com\/ismaelcolosi.com.br\/wp-content\/uploads\/2024\/01\/trabalho_mutirao_do_emprego_caterp_pat_pei_-_foto_guilherme_sircili_4.jpg?fit=1200%2C799&ssl=1&resize=1050%2C600 3x"},"classes":[]},{"id":67052,"url":"https:\/\/ismaelcolosi.com.br\/index.php\/2024\/09\/20\/multinacional-oferece-vagas-de-estagio-e-trainee-na-regiao-de-ribeirao-preto\/","url_meta":{"origin":5808,"position":2},"title":"Multinacional oferece vagas de est\u00e1gio e trainee na regi\u00e3o de Ribeir\u00e3o Preto","author":"ismaelcolosi.com.br","date":"20 de September de 2024","format":false,"excerpt":"A Sylvamo, empresa multinacional produtora de papel com unidade em Luiz Ant\u00f4nio, na regi\u00e3o de Ribeir\u00e3o Preto, est\u00e1 com inscri\u00e7\u00f5es abertas para o seu programa de est\u00e1gio e trainee 2025. No total, s\u00e3o oferecidas 35 vagas. Em Luiz Ant\u00f4nio, h\u00e1 vagas de est\u00e1gio nos cursos de engenharia mec\u00e2nica, engenharia qu\u00edmica\u2026","rel":"","context":"In &quot;Not\u00edcias de Ribeir\u00e3o Preto-SP e Regi\u00e3o&quot;","block_context":{"text":"Not\u00edcias de Ribeir\u00e3o Preto-SP e Regi\u00e3o","link":"https:\/\/ismaelcolosi.com.br\/index.php\/category\/noticias-de-ribeirao-preto-sp-e-regiao-ismael-colosi\/"},"img":{"alt_text":"","src":"https:\/\/i0.wp.com\/ismaelcolosi.com.br\/wp-content\/uploads\/2024\/07\/Copia-de-Copia-de-TAMANHO-EXATO-PARA-FOTOS-NO-SISTEMA-NOVO-16_2024-07-23_19-27-06_jpg_2024-07-23_19-27-07.webp.webp?fit=1200%2C675&ssl=1&resize=350%2C200","width":350,"height":200,"srcset":"https:\/\/i0.wp.com\/ismaelcolosi.com.br\/wp-content\/uploads\/2024\/07\/Copia-de-Copia-de-TAMANHO-EXATO-PARA-FOTOS-NO-SISTEMA-NOVO-16_2024-07-23_19-27-06_jpg_2024-07-23_19-27-07.webp.webp?fit=1200%2C675&ssl=1&resize=350%2C200 1x, https:\/\/i0.wp.com\/ismaelcolosi.com.br\/wp-content\/uploads\/2024\/07\/Copia-de-Copia-de-TAMANHO-EXATO-PARA-FOTOS-NO-SISTEMA-NOVO-16_2024-07-23_19-27-06_jpg_2024-07-23_19-27-07.webp.webp?fit=1200%2C675&ssl=1&resize=525%2C300 1.5x, https:\/\/i0.wp.com\/ismaelcolosi.com.br\/wp-content\/uploads\/2024\/07\/Copia-de-Copia-de-TAMANHO-EXATO-PARA-FOTOS-NO-SISTEMA-NOVO-16_2024-07-23_19-27-06_jpg_2024-07-23_19-27-07.webp.webp?fit=1200%2C675&ssl=1&resize=700%2C400 2x, https:\/\/i0.wp.com\/ismaelcolosi.com.br\/wp-content\/uploads\/2024\/07\/Copia-de-Copia-de-TAMANHO-EXATO-PARA-FOTOS-NO-SISTEMA-NOVO-16_2024-07-23_19-27-06_jpg_2024-07-23_19-27-07.webp.webp?fit=1200%2C675&ssl=1&resize=1050%2C600 3x"},"classes":[]},{"id":67059,"url":"https:\/\/ismaelcolosi.com.br\/index.php\/2024\/09\/20\/multinacional-oferece-vagas-de-estagio-e-trainee-na-regiao-de-ribeirao-preto-2\/","url_meta":{"origin":5808,"position":3},"title":"Multinacional oferece vagas de est\u00e1gio e trainee na regi\u00e3o de Ribeir\u00e3o Preto","author":"ismaelcolosi.com.br","date":"20 de September de 2024","format":false,"excerpt":"A Sylvamo, empresa multinacional produtora de papel com unidade em Luiz Ant\u00f4nio, na regi\u00e3o de Ribeir\u00e3o Preto, est\u00e1 com inscri\u00e7\u00f5es abertas para o seu programa de est\u00e1gio e trainee 2025. No total, s\u00e3o oferecidas 35 vagas. Em Luiz Ant\u00f4nio, h\u00e1 vagas de est\u00e1gio nos cursos de engenharia mec\u00e2nica, engenharia qu\u00edmica\u2026","rel":"","context":"In &quot;Not\u00edcias de Ribeir\u00e3o Preto-SP e Regi\u00e3o&quot;","block_context":{"text":"Not\u00edcias de Ribeir\u00e3o Preto-SP e Regi\u00e3o","link":"https:\/\/ismaelcolosi.com.br\/index.php\/category\/noticias-de-ribeirao-preto-sp-e-regiao-ismael-colosi\/"},"img":{"alt_text":"","src":"https:\/\/i0.wp.com\/ismaelcolosi.com.br\/wp-content\/uploads\/2024\/07\/Copia-de-Copia-de-TAMANHO-EXATO-PARA-FOTOS-NO-SISTEMA-NOVO-16_2024-07-23_19-27-06_jpg_2024-07-23_19-27-07.webp.webp?fit=1200%2C675&ssl=1&resize=350%2C200","width":350,"height":200,"srcset":"https:\/\/i0.wp.com\/ismaelcolosi.com.br\/wp-content\/uploads\/2024\/07\/Copia-de-Copia-de-TAMANHO-EXATO-PARA-FOTOS-NO-SISTEMA-NOVO-16_2024-07-23_19-27-06_jpg_2024-07-23_19-27-07.webp.webp?fit=1200%2C675&ssl=1&resize=350%2C200 1x, https:\/\/i0.wp.com\/ismaelcolosi.com.br\/wp-content\/uploads\/2024\/07\/Copia-de-Copia-de-TAMANHO-EXATO-PARA-FOTOS-NO-SISTEMA-NOVO-16_2024-07-23_19-27-06_jpg_2024-07-23_19-27-07.webp.webp?fit=1200%2C675&ssl=1&resize=525%2C300 1.5x, https:\/\/i0.wp.com\/ismaelcolosi.com.br\/wp-content\/uploads\/2024\/07\/Copia-de-Copia-de-TAMANHO-EXATO-PARA-FOTOS-NO-SISTEMA-NOVO-16_2024-07-23_19-27-06_jpg_2024-07-23_19-27-07.webp.webp?fit=1200%2C675&ssl=1&resize=700%2C400 2x, https:\/\/i0.wp.com\/ismaelcolosi.com.br\/wp-content\/uploads\/2024\/07\/Copia-de-Copia-de-TAMANHO-EXATO-PARA-FOTOS-NO-SISTEMA-NOVO-16_2024-07-23_19-27-06_jpg_2024-07-23_19-27-07.webp.webp?fit=1200%2C675&ssl=1&resize=1050%2C600 3x"},"classes":[]},{"id":67031,"url":"https:\/\/ismaelcolosi.com.br\/index.php\/2024\/09\/20\/multinacional-oferece-vagas-em-programa-de-trainee-veja-como-participar\/","url_meta":{"origin":5808,"position":4},"title":"Multinacional oferece vagas em programa de trainee; Veja como participar","author":"ismaelcolosi.com.br","date":"20 de September de 2024","format":false,"excerpt":"A Multinacional Nestl\u00e9 est\u00e1 com vagas abertas para o seu programa de trainee 2025, inclusive em Ribeir\u00e3o Preto. Podem participar pessoas com forma\u00e7\u00e3o entre dezembro de 2020 e dezembro de 2024, em qualquer curso de gradua\u00e7\u00e3o reconhecido pelo MEC (Minist\u00e9rio da Educa\u00e7\u00e3o) \u2013 bacharelado, licenciatura ou tecn\u00f3logo. As inscri\u00e7\u00f5es devem\u2026","rel":"","context":"In &quot;Not\u00edcias de Ribeir\u00e3o Preto-SP e Regi\u00e3o&quot;","block_context":{"text":"Not\u00edcias de Ribeir\u00e3o Preto-SP e Regi\u00e3o","link":"https:\/\/ismaelcolosi.com.br\/index.php\/category\/noticias-de-ribeirao-preto-sp-e-regiao-ismael-colosi\/"},"img":{"alt_text":"","src":"https:\/\/i0.wp.com\/ismaelcolosi.com.br\/wp-content\/uploads\/2024\/06\/Copia-de-Copia-de-TAMANHO-EXATO-PARA-FOTOS-NO-SISTEMA-NOVO-6_2024-06-11_13-40-15_jpg_2024-06-11_13-40-15.webp.webp?fit=1200%2C675&ssl=1&resize=350%2C200","width":350,"height":200,"srcset":"https:\/\/i0.wp.com\/ismaelcolosi.com.br\/wp-content\/uploads\/2024\/06\/Copia-de-Copia-de-TAMANHO-EXATO-PARA-FOTOS-NO-SISTEMA-NOVO-6_2024-06-11_13-40-15_jpg_2024-06-11_13-40-15.webp.webp?fit=1200%2C675&ssl=1&resize=350%2C200 1x, https:\/\/i0.wp.com\/ismaelcolosi.com.br\/wp-content\/uploads\/2024\/06\/Copia-de-Copia-de-TAMANHO-EXATO-PARA-FOTOS-NO-SISTEMA-NOVO-6_2024-06-11_13-40-15_jpg_2024-06-11_13-40-15.webp.webp?fit=1200%2C675&ssl=1&resize=525%2C300 1.5x, https:\/\/i0.wp.com\/ismaelcolosi.com.br\/wp-content\/uploads\/2024\/06\/Copia-de-Copia-de-TAMANHO-EXATO-PARA-FOTOS-NO-SISTEMA-NOVO-6_2024-06-11_13-40-15_jpg_2024-06-11_13-40-15.webp.webp?fit=1200%2C675&ssl=1&resize=700%2C400 2x, https:\/\/i0.wp.com\/ismaelcolosi.com.br\/wp-content\/uploads\/2024\/06\/Copia-de-Copia-de-TAMANHO-EXATO-PARA-FOTOS-NO-SISTEMA-NOVO-6_2024-06-11_13-40-15_jpg_2024-06-11_13-40-15.webp.webp?fit=1200%2C675&ssl=1&resize=1050%2C600 3x"},"classes":[]},{"id":37506,"url":"https:\/\/ismaelcolosi.com.br\/index.php\/2024\/02\/16\/santander-abre-vagas-de-emprego-em-ribeirao-preto-veja-como-participar\/","url_meta":{"origin":5808,"position":5},"title":"Santander abre vagas de emprego em Ribeir\u00e3o Preto; Veja como participar","author":"ismaelcolosi.com.br","date":"16 de February de 2024","format":false,"excerpt":"O Santander conta com vagas de emprego para assessores de investimentos em Ribeir\u00e3o Preto e Jaboticabal. As vagas s\u00e3o para fazer parte do projeto AAA, em regime CLT e com contrata\u00e7\u00e3o imediata. As inscri\u00e7\u00f5es para concorrer a vagas do Santander AAA devem ser realizadas por meio do site (clique aqui).\u2026","rel":"","context":"In &quot;Not\u00edcias de Ribeir\u00e3o Preto-SP e Regi\u00e3o&quot;","block_context":{"text":"Not\u00edcias de Ribeir\u00e3o Preto-SP e Regi\u00e3o","link":"https:\/\/ismaelcolosi.com.br\/index.php\/category\/noticias-de-ribeirao-preto-sp-e-regiao-ismael-colosi\/"},"img":{"alt_text":"","src":"https:\/\/i0.wp.com\/ismaelcolosi.com.br\/wp-content\/uploads\/2024\/02\/santander.jpg?fit=1200%2C800&ssl=1&resize=350%2C200","width":350,"height":200,"srcset":"https:\/\/i0.wp.com\/ismaelcolosi.com.br\/wp-content\/uploads\/2024\/02\/santander.jpg?fit=1200%2C800&ssl=1&resize=350%2C200 1x, https:\/\/i0.wp.com\/ismaelcolosi.com.br\/wp-content\/uploads\/2024\/02\/santander.jpg?fit=1200%2C800&ssl=1&resize=525%2C300 1.5x, https:\/\/i0.wp.com\/ismaelcolosi.com.br\/wp-content\/uploads\/2024\/02\/santander.jpg?fit=1200%2C800&ssl=1&resize=700%2C400 2x, https:\/\/i0.wp.com\/ismaelcolosi.com.br\/wp-content\/uploads\/2024\/02\/santander.jpg?fit=1200%2C800&ssl=1&resize=1050%2C600 3x"},"classes":[]}],"jetpack_sharing_enabled":true,"jetpack_shortlink":"https:\/\/wp.me\/pfMlyK-1vG","_links":{"self":[{"href":"https:\/\/ismaelcolosi.com.br\/index.php\/wp-json\/wp\/v2\/posts\/5808","targetHints":{"allow":["GET"]}}],"collection":[{"href":"https:\/\/ismaelcolosi.com.br\/index.php\/wp-json\/wp\/v2\/posts"}],"about":[{"href":"https:\/\/ismaelcolosi.com.br\/index.php\/wp-json\/wp\/v2\/types\/post"}],"author":[{"embeddable":true,"href":"https:\/\/ismaelcolosi.com.br\/index.php\/wp-json\/wp\/v2\/users\/1"}],"replies":[{"embeddable":true,"href":"https:\/\/ismaelcolosi.com.br\/index.php\/wp-json\/wp\/v2\/comments?post=5808"}],"version-history":[{"count":0,"href":"https:\/\/ismaelcolosi.com.br\/index.php\/wp-json\/wp\/v2\/posts\/5808\/revisions"}],"wp:featuredmedia":[{"embeddable":true,"href":"https:\/\/ismaelcolosi.com.br\/index.php\/wp-json\/wp\/v2\/media\/5809"}],"wp:attachment":[{"href":"https:\/\/ismaelcolosi.com.br\/index.php\/wp-json\/wp\/v2\/media?parent=5808"}],"wp:term":[{"taxonomy":"category","embeddable":true,"href":"https:\/\/ismaelcolosi.com.br\/index.php\/wp-json\/wp\/v2\/categories?post=5808"},{"taxonomy":"post_tag","embeddable":true,"href":"https:\/\/ismaelcolosi.com.br\/index.php\/wp-json\/wp\/v2\/tags?post=5808"}],"curies":[{"name":"wp","href":"https:\/\/api.w.org\/{rel}","templated":true}]}}