{"id":5804,"date":"2023-11-24T12:50:30","date_gmt":"2023-11-24T15:50:30","guid":{"rendered":"https:\/\/ismaelcolosi.com.br\/index.php\/2023\/11\/24\/gil-do-vigor-comenta-apos-nattanzinho-negar-ser-bissexual-e-ja-tava-pronto\/"},"modified":"2023-11-24T12:50:30","modified_gmt":"2023-11-24T15:50:30","slug":"gil-do-vigor-comenta-apos-nattanzinho-negar-ser-bissexual-e-ja-tava-pronto","status":"publish","type":"post","link":"https:\/\/ismaelcolosi.com.br\/index.php\/2023\/11\/24\/gil-do-vigor-comenta-apos-nattanzinho-negar-ser-bissexual-e-ja-tava-pronto\/","title":{"rendered":"Gil do Vigor comenta ap\u00f3s Nattanzinho negar ser bissexual: \u201cE j\u00e1 tava pronto\u201d"},"content":{"rendered":"<p> <br \/>\n<\/p>\n<div itemprop=\"text\">\n<p>Dentro de uma entrevista, atualmente em podcasts, saem tantas revela\u00e7\u00f5es. E o p\u00f3s tamb\u00e9m d\u00e1 o que falar entre os famosos com as not\u00edcias que saem quentinhas.<\/p>\n<p>Mari Fernandez e Nattanzinho foram os convidados de Camila Loures e Lucas Souza no PodCats. Eles estavam em um bate papo descontra\u00eddo e chegaram ao assunto sobre sexualidade.<\/p>\n<p>A cantora falou abertamente se assumindo bissexual. Ela ainda brincou com a situa\u00e7\u00e3o de que muitas pessoas fazem essa pergunta para ela, questionando se ela j\u00e1 ficou com mulheres e homens.<\/p>\n<p>Dando um sim, ela ainda dedurou o amigo. Mari apontou que Nattan tamb\u00e9m j\u00e1 ficou com homens. Ele ficou desconfort\u00e1vel com a situa\u00e7\u00e3o e come\u00e7ou a cantar.<\/p>\n<p>A cantora ainda tentou insistir no assunto brincando que ele estava fugindo da situa\u00e7\u00e3o. Em minutos, o assunto sobre sexualidade do cantor virou pauta na internet e viralizou.<\/p>\n<p>O cantor usou suas redes sociais para negar dizendo que \u00e9 apenas o jeito dele descontra\u00eddo e leve de ser. Ele enfatizou n\u00e3o ter preconceito, por\u00e9m, negou ser bissexual como afirmou Mari.<\/p>\n<p>A not\u00edcia chegou at\u00e9 Gil do Vigor. Bem humorado que \u00e9, fez quest\u00e3o de brincar com a situa\u00e7\u00e3o: \u201c<strong>Poxa, eu j\u00e1 pronto para casar contigo e tu diz que era resenha. J\u00e1 tinha criado toda a fic na minha cabe\u00e7a<\/strong>\u201c.<\/p>\n<p>Parece que a \u2018investida\u2019 de Gil deu certo. O cantor respondeu ao ex BBB tamb\u00e9m com bom humor declarando que tamb\u00e9m gosta do economista e disse que v\u00e3o marcar de sair.<\/p>\n<\/div>\n<p><br \/>\n<br \/><a href=\"https:\/\/fnmais.com\/gil-vigor-comenta-apos-nattanzinho-negar-ser-bissexual-ja-tava-pronto\/\">Source link <\/a><\/p>\n<div class='code-block code-block-4' style='margin: 8px auto 8px 0; text-align: left; display: block; clear: both;'>\n\ud83d\udce2 Aviso Legal\n\nO site ismaelcolosi.com.br atua apenas como um canal de divulga\u00e7\u00e3o de oportunidades de emprego e n\u00e3o se responsabiliza pelo processo seletivo, contrata\u00e7\u00e3o ou qualquer outra etapa relacionada \u00e0s vagas publicadas. Todas as informa\u00e7\u00f5es s\u00e3o de responsabilidade dos anunciantes.\n\n\u26a0\ufe0f Aten\u00e7\u00e3o! Nunca pague por promessas de emprego nem compre cursos que garantam contrata\u00e7\u00e3o. Desconfie de qualquer cobran\u00e7a para participar de sele\u00e7\u00f5es.\n\n\n\n<\/div>\n<!-- CONTENT END 1 -->\n","protected":false},"excerpt":{"rendered":"<p>Dentro de uma entrevista, atualmente em podcasts, saem tantas revela\u00e7\u00f5es. E o p\u00f3s tamb\u00e9m d\u00e1 o que falar entre os famosos com as not\u00edcias que&#8230;<\/p>\n","protected":false},"author":1,"featured_media":5805,"comment_status":"open","ping_status":"open","sticky":false,"template":"","format":"standard","meta":{"_uag_custom_page_level_css":"","advanced_seo_description":"","jetpack_seo_html_title":"","jetpack_seo_noindex":false,"jetpack_post_was_ever_published":false,"_jetpack_newsletter_access":"","_jetpack_dont_email_post_to_subs":false,"_jetpack_newsletter_tier_id":0,"_jetpack_memberships_contains_paywalled_content":false,"_jetpack_memberships_contains_paid_content":false,"footnotes":"","jetpack_publicize_message":"","jetpack_publicize_feature_enabled":true,"jetpack_social_post_already_shared":true,"jetpack_social_options":{"image_generator_settings":{"template":"highway","default_image_id":0,"font":"","enabled":false},"version":2}},"categories":[1],"tags":[],"class_list":["post-5804","post","type-post","status-publish","format-standard","has-post-thumbnail","hentry","category-blog"],"jetpack_publicize_connections":[],"jetpack_featured_media_url":"https:\/\/i0.wp.com\/ismaelcolosi.com.br\/wp-content\/uploads\/2023\/11\/postimg-6560be180a2fe8091.jpg?fit=1200%2C628&ssl=1","uagb_featured_image_src":{"full":["https:\/\/i0.wp.com\/ismaelcolosi.com.br\/wp-content\/uploads\/2023\/11\/postimg-6560be180a2fe8091.jpg?fit=1200%2C628&ssl=1",1200,628,false],"thumbnail":["https:\/\/i0.wp.com\/ismaelcolosi.com.br\/wp-content\/uploads\/2023\/11\/postimg-6560be180a2fe8091.jpg?resize=150%2C150&ssl=1",150,150,true],"medium":["https:\/\/i0.wp.com\/ismaelcolosi.com.br\/wp-content\/uploads\/2023\/11\/postimg-6560be180a2fe8091.jpg?fit=300%2C157&ssl=1",300,157,true],"medium_large":["https:\/\/i0.wp.com\/ismaelcolosi.com.br\/wp-content\/uploads\/2023\/11\/postimg-6560be180a2fe8091.jpg?fit=768%2C402&ssl=1",768,402,true],"large":["https:\/\/i0.wp.com\/ismaelcolosi.com.br\/wp-content\/uploads\/2023\/11\/postimg-6560be180a2fe8091.jpg?fit=1024%2C536&ssl=1",1024,536,true],"1536x1536":["https:\/\/i0.wp.com\/ismaelcolosi.com.br\/wp-content\/uploads\/2023\/11\/postimg-6560be180a2fe8091.jpg?fit=1200%2C628&ssl=1",1200,628,true],"2048x2048":["https:\/\/i0.wp.com\/ismaelcolosi.com.br\/wp-content\/uploads\/2023\/11\/postimg-6560be180a2fe8091.jpg?fit=1200%2C628&ssl=1",1200,628,true],"really-simple-thumb":["https:\/\/i0.wp.com\/ismaelcolosi.com.br\/wp-content\/uploads\/2023\/11\/postimg-6560be180a2fe8091.jpg?resize=370%2C247&ssl=1",370,247,true]},"uagb_author_info":{"display_name":"ismaelcolosi.com.br","author_link":"https:\/\/ismaelcolosi.com.br\/index.php\/author\/vidareal-online\/"},"uagb_comment_info":0,"uagb_excerpt":"Dentro de uma entrevista, atualmente em podcasts, saem tantas revela\u00e7\u00f5es. E o p\u00f3s tamb\u00e9m d\u00e1 o que falar entre os famosos com as not\u00edcias que...","jetpack-related-posts":[{"id":7507,"url":"https:\/\/ismaelcolosi.com.br\/index.php\/2023\/11\/28\/angelica-rebate-comentario-ousado-de-anitta-sobre-seu-filho\/","url_meta":{"origin":5804,"position":0},"title":"Ang\u00e9lica rebate coment\u00e1rio ousado de Anitta sobre seu filho","author":"ismaelcolosi.com.br","date":"28 de November de 2023","format":false,"excerpt":"Os \u201950 e Tanto\u2019 passou de uma refer\u00eancia de idade para um programa de Tv. A refer\u00eancia faz homenagem a apresentadora Ang\u00e9lica. A esposa de Luciano Hulk completar\u00e1 a idade ainda durante a semana.A loira ir\u00e1 soprar as velinhas no dia 30 de novembro para comemorar a chegada dos 50\u2026","rel":"","context":"In &quot;Blog&quot;","block_context":{"text":"Blog","link":"https:\/\/ismaelcolosi.com.br\/index.php\/category\/blog\/"},"img":{"alt_text":"","src":"https:\/\/i0.wp.com\/ismaelcolosi.com.br\/wp-content\/uploads\/2023\/11\/postimg-6565e9c625dc75229.jpg?fit=1200%2C628&ssl=1&resize=350%2C200","width":350,"height":200,"srcset":"https:\/\/i0.wp.com\/ismaelcolosi.com.br\/wp-content\/uploads\/2023\/11\/postimg-6565e9c625dc75229.jpg?fit=1200%2C628&ssl=1&resize=350%2C200 1x, https:\/\/i0.wp.com\/ismaelcolosi.com.br\/wp-content\/uploads\/2023\/11\/postimg-6565e9c625dc75229.jpg?fit=1200%2C628&ssl=1&resize=525%2C300 1.5x, https:\/\/i0.wp.com\/ismaelcolosi.com.br\/wp-content\/uploads\/2023\/11\/postimg-6565e9c625dc75229.jpg?fit=1200%2C628&ssl=1&resize=700%2C400 2x, https:\/\/i0.wp.com\/ismaelcolosi.com.br\/wp-content\/uploads\/2023\/11\/postimg-6565e9c625dc75229.jpg?fit=1200%2C628&ssl=1&resize=1050%2C600 3x"},"classes":[]},{"id":16428,"url":"https:\/\/ismaelcolosi.com.br\/index.php\/2023\/12\/15\/monique-evans-abre-o-jogo-sobre-como-se-descobriu-bissexual-senti-algo-estranho\/","url_meta":{"origin":5804,"position":1},"title":"Monique Evans abre o jogo sobre como se descobriu bissexual: &#8216;Senti algo estranho&#8217;","author":"ismaelcolosi.com.br","date":"15 de December de 2023","format":false,"excerpt":"Apaixonada, a ex modelo Monique Evans, de 67 anos, quando perguntada por um seguidor, abriu o jogo sobre sexualidade e contou sobre como se descobriu bissexual.\u201cNo dia que eu conheci a Cac\u00e1 senti, algo estranho. E a partir da\u00ed, comecei a pensar muito nela. Me perguntei se estava \u2018ensapatando\u2019. Tinha\u2026","rel":"","context":"In &quot;Blog&quot;","block_context":{"text":"Blog","link":"https:\/\/ismaelcolosi.com.br\/index.php\/category\/blog\/"},"img":{"alt_text":"","src":"https:\/\/i0.wp.com\/ismaelcolosi.com.br\/wp-content\/uploads\/2023\/12\/postimg-657c667380dbf2031.jpg?fit=1200%2C628&ssl=1&resize=350%2C200","width":350,"height":200,"srcset":"https:\/\/i0.wp.com\/ismaelcolosi.com.br\/wp-content\/uploads\/2023\/12\/postimg-657c667380dbf2031.jpg?fit=1200%2C628&ssl=1&resize=350%2C200 1x, https:\/\/i0.wp.com\/ismaelcolosi.com.br\/wp-content\/uploads\/2023\/12\/postimg-657c667380dbf2031.jpg?fit=1200%2C628&ssl=1&resize=525%2C300 1.5x, https:\/\/i0.wp.com\/ismaelcolosi.com.br\/wp-content\/uploads\/2023\/12\/postimg-657c667380dbf2031.jpg?fit=1200%2C628&ssl=1&resize=700%2C400 2x, https:\/\/i0.wp.com\/ismaelcolosi.com.br\/wp-content\/uploads\/2023\/12\/postimg-657c667380dbf2031.jpg?fit=1200%2C628&ssl=1&resize=1050%2C600 3x"},"classes":[]},{"id":16378,"url":"https:\/\/ismaelcolosi.com.br\/index.php\/2023\/12\/15\/com-novo-visual-lexa-ganha-ajudinha-e-beijos-do-namorado-em-ensaio-de-carnaval\/","url_meta":{"origin":5804,"position":2},"title":"Com novo visual, Lexa ganha ajudinha e beijos do namorado em ensaio de Carnaval","author":"ismaelcolosi.com.br","date":"15 de December de 2023","format":false,"excerpt":"O ano novo ainda n\u00e3o iniciou, mas outro assunto tamb\u00e9m anda na boca e no p\u00e9 do povo. O carnaval 2024 j\u00e1 est\u00e1 sendo aquecido pelas escolas de samba e suas estrelas que comp\u00f5e.A cantora Lexa \u00e9 Rainha de Bateria da Unidos da Tijuca e na noite da quinta feira,\u2026","rel":"","context":"In &quot;Blog&quot;","block_context":{"text":"Blog","link":"https:\/\/ismaelcolosi.com.br\/index.php\/category\/blog\/"},"img":{"alt_text":"","src":"https:\/\/i0.wp.com\/ismaelcolosi.com.br\/wp-content\/uploads\/2023\/12\/postimg-657c696fa9abc9052.jpg?fit=1200%2C628&ssl=1&resize=350%2C200","width":350,"height":200,"srcset":"https:\/\/i0.wp.com\/ismaelcolosi.com.br\/wp-content\/uploads\/2023\/12\/postimg-657c696fa9abc9052.jpg?fit=1200%2C628&ssl=1&resize=350%2C200 1x, https:\/\/i0.wp.com\/ismaelcolosi.com.br\/wp-content\/uploads\/2023\/12\/postimg-657c696fa9abc9052.jpg?fit=1200%2C628&ssl=1&resize=525%2C300 1.5x, https:\/\/i0.wp.com\/ismaelcolosi.com.br\/wp-content\/uploads\/2023\/12\/postimg-657c696fa9abc9052.jpg?fit=1200%2C628&ssl=1&resize=700%2C400 2x, https:\/\/i0.wp.com\/ismaelcolosi.com.br\/wp-content\/uploads\/2023\/12\/postimg-657c696fa9abc9052.jpg?fit=1200%2C628&ssl=1&resize=1050%2C600 3x"},"classes":[]},{"id":29836,"url":"https:\/\/ismaelcolosi.com.br\/index.php\/2024\/01\/19\/detonada-por-supostamente-ter-feito-harmonizacao-facil-simony-expoe-grave-diagnostico-que-afeta-seu-rim\/","url_meta":{"origin":5804,"position":3},"title":"Detonada por supostamente ter feito harmoniza\u00e7\u00e3o f\u00e1cil, Simony exp\u00f5e grave diagn\u00f3stico que afeta seu rim","author":"ismaelcolosi.com.br","date":"19 de January de 2024","format":false,"excerpt":"De forma recente, a cantora Simony, que est\u00e1 passando por um tratamento contra o c\u00e2ncer em seu intestino, buscou esclarecer os rumores sobre procedimentos est\u00e9ticos em seu rosto.Atrav\u00e9s de uma grava\u00e7\u00e3o, ela explicou que o incha\u00e7o em seu rosto \u00e9 resultado de uma toxidade grav\u00edssima que afetou o seu rim,\u2026","rel":"","context":"In &quot;Blog&quot;","block_context":{"text":"Blog","link":"https:\/\/ismaelcolosi.com.br\/index.php\/category\/blog\/"},"img":{"alt_text":"","src":"https:\/\/i0.wp.com\/ismaelcolosi.com.br\/wp-content\/uploads\/2024\/01\/postimg-65aa8f38e0da28282.jpg?fit=1200%2C628&ssl=1&resize=350%2C200","width":350,"height":200,"srcset":"https:\/\/i0.wp.com\/ismaelcolosi.com.br\/wp-content\/uploads\/2024\/01\/postimg-65aa8f38e0da28282.jpg?fit=1200%2C628&ssl=1&resize=350%2C200 1x, https:\/\/i0.wp.com\/ismaelcolosi.com.br\/wp-content\/uploads\/2024\/01\/postimg-65aa8f38e0da28282.jpg?fit=1200%2C628&ssl=1&resize=525%2C300 1.5x, https:\/\/i0.wp.com\/ismaelcolosi.com.br\/wp-content\/uploads\/2024\/01\/postimg-65aa8f38e0da28282.jpg?fit=1200%2C628&ssl=1&resize=700%2C400 2x, https:\/\/i0.wp.com\/ismaelcolosi.com.br\/wp-content\/uploads\/2024\/01\/postimg-65aa8f38e0da28282.jpg?fit=1200%2C628&ssl=1&resize=1050%2C600 3x"},"classes":[]},{"id":15826,"url":"https:\/\/ismaelcolosi.com.br\/index.php\/2023\/12\/14\/luisa-sonza-mostrou-bastidores-de-seu-novo-documentario\/","url_meta":{"origin":5804,"position":4},"title":"Lu\u00edsa Sonza mostrou bastidores de seu novo document\u00e1rio","author":"ismaelcolosi.com.br","date":"14 de December de 2023","format":false,"excerpt":"\u201cSe eu fosse Lu\u00edsa Sonza\u201d lan\u00e7ou na \u00faltima quarta feira, 13 dezembro, na Netflix. O document\u00e1rio da cantora fala sobre quest\u00f5es particulares nunca publicadas ou faladas pela cantora.A cantora fez uma lista de 7 acontecimentos marcantes que passou durante certo per\u00edodo da sua vida. Entre eles, ela fala sobre o\u2026","rel":"","context":"In &quot;Blog&quot;","block_context":{"text":"Blog","link":"https:\/\/ismaelcolosi.com.br\/index.php\/category\/blog\/"},"img":{"alt_text":"","src":"https:\/\/i0.wp.com\/ismaelcolosi.com.br\/wp-content\/uploads\/2023\/12\/postimg-657b21ff3f7827043.jpg?fit=1200%2C628&ssl=1&resize=350%2C200","width":350,"height":200,"srcset":"https:\/\/i0.wp.com\/ismaelcolosi.com.br\/wp-content\/uploads\/2023\/12\/postimg-657b21ff3f7827043.jpg?fit=1200%2C628&ssl=1&resize=350%2C200 1x, https:\/\/i0.wp.com\/ismaelcolosi.com.br\/wp-content\/uploads\/2023\/12\/postimg-657b21ff3f7827043.jpg?fit=1200%2C628&ssl=1&resize=525%2C300 1.5x, https:\/\/i0.wp.com\/ismaelcolosi.com.br\/wp-content\/uploads\/2023\/12\/postimg-657b21ff3f7827043.jpg?fit=1200%2C628&ssl=1&resize=700%2C400 2x, https:\/\/i0.wp.com\/ismaelcolosi.com.br\/wp-content\/uploads\/2023\/12\/postimg-657b21ff3f7827043.jpg?fit=1200%2C628&ssl=1&resize=1050%2C600 3x"},"classes":[]},{"id":17456,"url":"https:\/\/ismaelcolosi.com.br\/index.php\/2023\/12\/18\/to-com-medo-de-me-baterem\/","url_meta":{"origin":5804,"position":5},"title":"\u201ct\u00f4 com medo de me baterem\u201d","author":"ismaelcolosi.com.br","date":"18 de December de 2023","format":false,"excerpt":"O que uma foto em viagem pode causar? Muito burburinho, coment\u00e1rios, especula\u00e7\u00f5es e at\u00e9 medo. Isso ap\u00f3s uma suposta brincadeira ser mau vista pelos internautas.A situa\u00e7\u00e3o aconteceu com Camilla Diniz. Ela \u00e9 amiga da cantora Juliette e seu namorado Kaique Cerveny. Ela, que est\u00e1 em viagem em Areia Vermelha, na\u2026","rel":"","context":"In &quot;Blog&quot;","block_context":{"text":"Blog","link":"https:\/\/ismaelcolosi.com.br\/index.php\/category\/blog\/"},"img":{"alt_text":"","src":"https:\/\/i0.wp.com\/ismaelcolosi.com.br\/wp-content\/uploads\/2023\/12\/postimg-65806f4a076d01625.jpg?fit=1200%2C628&ssl=1&resize=350%2C200","width":350,"height":200,"srcset":"https:\/\/i0.wp.com\/ismaelcolosi.com.br\/wp-content\/uploads\/2023\/12\/postimg-65806f4a076d01625.jpg?fit=1200%2C628&ssl=1&resize=350%2C200 1x, https:\/\/i0.wp.com\/ismaelcolosi.com.br\/wp-content\/uploads\/2023\/12\/postimg-65806f4a076d01625.jpg?fit=1200%2C628&ssl=1&resize=525%2C300 1.5x, https:\/\/i0.wp.com\/ismaelcolosi.com.br\/wp-content\/uploads\/2023\/12\/postimg-65806f4a076d01625.jpg?fit=1200%2C628&ssl=1&resize=700%2C400 2x, https:\/\/i0.wp.com\/ismaelcolosi.com.br\/wp-content\/uploads\/2023\/12\/postimg-65806f4a076d01625.jpg?fit=1200%2C628&ssl=1&resize=1050%2C600 3x"},"classes":[]}],"jetpack_sharing_enabled":true,"jetpack_shortlink":"https:\/\/wp.me\/pfMlyK-1vC","_links":{"self":[{"href":"https:\/\/ismaelcolosi.com.br\/index.php\/wp-json\/wp\/v2\/posts\/5804","targetHints":{"allow":["GET"]}}],"collection":[{"href":"https:\/\/ismaelcolosi.com.br\/index.php\/wp-json\/wp\/v2\/posts"}],"about":[{"href":"https:\/\/ismaelcolosi.com.br\/index.php\/wp-json\/wp\/v2\/types\/post"}],"author":[{"embeddable":true,"href":"https:\/\/ismaelcolosi.com.br\/index.php\/wp-json\/wp\/v2\/users\/1"}],"replies":[{"embeddable":true,"href":"https:\/\/ismaelcolosi.com.br\/index.php\/wp-json\/wp\/v2\/comments?post=5804"}],"version-history":[{"count":0,"href":"https:\/\/ismaelcolosi.com.br\/index.php\/wp-json\/wp\/v2\/posts\/5804\/revisions"}],"wp:featuredmedia":[{"embeddable":true,"href":"https:\/\/ismaelcolosi.com.br\/index.php\/wp-json\/wp\/v2\/media\/5805"}],"wp:attachment":[{"href":"https:\/\/ismaelcolosi.com.br\/index.php\/wp-json\/wp\/v2\/media?parent=5804"}],"wp:term":[{"taxonomy":"category","embeddable":true,"href":"https:\/\/ismaelcolosi.com.br\/index.php\/wp-json\/wp\/v2\/categories?post=5804"},{"taxonomy":"post_tag","embeddable":true,"href":"https:\/\/ismaelcolosi.com.br\/index.php\/wp-json\/wp\/v2\/tags?post=5804"}],"curies":[{"name":"wp","href":"https:\/\/api.w.org\/{rel}","templated":true}]}}