{"id":5802,"date":"2023-11-24T12:45:22","date_gmt":"2023-11-24T15:45:22","guid":{"rendered":"https:\/\/ismaelcolosi.com.br\/index.php\/2023\/11\/24\/estudo-comprova-ligacao-entre-ultraprocessados-e-tres-tipos-de-cancer\/"},"modified":"2023-11-24T12:45:22","modified_gmt":"2023-11-24T15:45:22","slug":"estudo-comprova-ligacao-entre-ultraprocessados-e-tres-tipos-de-cancer","status":"publish","type":"post","link":"https:\/\/ismaelcolosi.com.br\/index.php\/2023\/11\/24\/estudo-comprova-ligacao-entre-ultraprocessados-e-tres-tipos-de-cancer\/","title":{"rendered":"Estudo comprova liga\u00e7\u00e3o entre ultraprocessados e tr\u00eas tipos de c\u00e2ncer"},"content":{"rendered":"<p> <br \/>\n<\/p>\n<div>\n<p>O consumo de alimentos <a href=\"https:\/\/catracalivre.com.br\/saude-bem-estar\/alimentos-ultraprocessados-estao-ligados-a-mortes-prematuras\/\">ultraprocessados<\/a> vem sendo h\u00e1 tempos ligado a mortes prematuras. Agora, um novo estudo comprovou que esse tipo de alimento pode provocar tr\u00eas tipos de <a href=\"https:\/\/catracalivre.com.br\/saude-bem-estar\/6-sintomas-que-podem-indicar-algum-tipo-de-cancer\/\">c\u00e2ncer<\/a>: de boca, garganta e <a href=\"https:\/\/catracalivre.com.br\/saude-bem-estar\/o-que-causa-e-quais-os-sintomas-do-cancer-de-esofago\/\">es\u00f4fago<\/a>.<\/p>\n<p>Segundo os pesquisadores, as pessoas que consumiram 10% mais alimentos ultraprocessados \u200b\u200bdo que outras pessoas no estudo tiveram um risco 23% maior de <a href=\"https:\/\/catracalivre.com.br\/saude-bem-estar\/sintomas-de-cancer-de-cabeca-e-pescoco-que-voce-nao-deve-ignorar\/\">c\u00e2ncer de cabe\u00e7a e pesco\u00e7o<\/a>.<\/p>\n<p>Elas tamb\u00e9m tiveram um risco 24% maior de adenocarcinoma de es\u00f4fago, um tipo de c\u00e2ncer que cresce nas gl\u00e2ndulas que revestem o interior dos \u00f3rg\u00e3os.<\/p>\n<h2>Detalhes da descoberta<\/h2>\n<p>O estudo foi realizado por pesquisadores da Universidade de Bristol, nos Estados Unidos, e publicado no European Journal of Nutrition. Os cientistas analisaram as dietas e estilos de vida de quase meio milh\u00e3o de pessoas durante mais de uma d\u00e9cada.<\/p>\n<p>Os ultraprocessados populares incluem batatas fritas, salgadinhos fritos, carnes processadas, p\u00e3o produzido em massa, refrigerantes, doces e chocolate, sorvetes, bolos, iogurtes com sabor de frutas, refei\u00e7\u00f5es prontas e algumas bebidas alco\u00f3licas.<\/p>\n<p>Geralmente, os produtos desta categoria s\u00e3o ricos em gordura de m\u00e1 qualidade, adi\u00e7\u00e3o de a\u00e7\u00facar e sal, al\u00e9m de baixa densidade de vitaminas e fibras.<\/p>\n<p>S\u00e3o tamb\u00e9m economicamente rent\u00e1veis para a ind\u00fastria e mais baratos para o consumidor.<\/p>\n<div id=\"attachment_2313893\" class=\"wp-caption alignnone\">\n<div class=\"d-flex justify-content-center\" data-attachment-id=\"2313893\">\n<div class=\"position-relative d-inline-block\"><img data-recalc-dims=\"1\" data-portal-copyright=\"Sanny11\/istock\" decoding=\"async\" fetchpriority=\"high\" class=\"wp-image-2313893 size-large\" src=\"https:\/\/i0.wp.com\/catracalivre.com.br\/wp-content\/uploads\/2023\/11\/istock-1056738732-910x607.jpg?resize=910%2C607&#038;ssl=1\" alt=\"Consumo de alimentos ultraprocessados aumenta risco de c\u00e2ncer, comprova estudo\" width=\"910\" height=\"607\" srcset=\"https:\/\/catracalivre.com.br\/wp-content\/uploads\/2023\/11\/istock-1056738732-910x607.jpg 910w, https:\/\/catracalivre.com.br\/wp-content\/uploads\/2023\/11\/istock-1056738732-450x300.jpg 450w, https:\/\/catracalivre.com.br\/wp-content\/uploads\/2023\/11\/istock-1056738732-768x512.jpg 768w\" sizes=\"(max-width: 910px) 100vw, 910px\"\/><\/p>\n<p>Cr\u00e9ditos: Sanny11\/istock<\/p>\n<\/div>\n<\/div>\n<p><span class=\"post-imagem__legenda\">Consumo de alimentos ultraprocessados aumenta risco de c\u00e2ncer, comprova estudo<\/span><\/p>\n<\/div>\n<h2>Aditivos culpados<\/h2>\n<p>Embora a obesidade associada ao elevado consumo de ultraprocessados seja frequentemente responsabilizada pelo aumento do risco de c\u00e2ncer, este \u00faltimo estudo prova que pode n\u00e3o ser o \u00fanico fator culpado.<\/p>\n<p>Os autores do estudo sugeriram que outros mecanismos poderiam explicar os riscos mais elevados associados de c\u00e2ncer da boca e de garganta \u2013 tais como a presen\u00e7a de aditivos, incluindo emulsionantes e ado\u00e7antes artificiais, anteriormente associados a um risco aumentado de desenvolvimento de doen\u00e7as.<\/p>\n<p>Al\u00e9m disso, os pesquisadores teorizam que os contaminantes das embalagens s\u00e3o mantidos, bem como o processo de fabrica\u00e7\u00e3o, poderiam ajudar a explicar a liga\u00e7\u00e3o entre o consumo desses alimentos e o c\u00e2ncer de boca e garganta.<\/p>\n<\/div>\n<p><script>\n\t\t! function(f, b, e, v, n, t, s) {\n\t\t\tif (f.fbq) return;\n\t\t\tn = f.fbq = function() {\n\t\t\t\tn.callMethod ?\n\t\t\t\t\tn.callMethod.apply(n, arguments) : n.queue.push(arguments)\n\t\t\t};\n\t\t\tif (!f._fbq) f._fbq = n;\n\t\t\tn.push = n;\n\t\t\tn.loaded = !0;\n\t\t\tn.version = '2.0';\n\t\t\tn.queue = [];\n\t\t\tt = b.createElement(e);\n\t\t\tt.async = !0;\n\t\t\tt.src = v;\n\t\t\ts = b.getElementsByTagName(e)[0];\n\t\t\ts.parentNode.insertBefore(t, s)\n\t\t}(window, document, 'script',\n\t\t\t'https:\/\/connect.facebook.net\/en_US\/fbevents.js');\n\t\tfbq('init', '338315473262380');\n\t\tfbq('track', 'PageView');\n\t<\/script><br \/>\n<br \/><br \/>\n<br \/><a href=\"https:\/\/catracalivre.com.br\/saude-bem-estar\/estudo-comprova-ligacao-entre-ultraprocessados-e-tres-tipos-de-cancer\/\">Source link <\/a><\/p>\n<div class='code-block code-block-4' style='margin: 8px auto 8px 0; text-align: left; display: block; clear: both;'>\n\ud83d\udce2 Aviso Legal\n\nO site ismaelcolosi.com.br atua apenas como um canal de divulga\u00e7\u00e3o de oportunidades de emprego e n\u00e3o se responsabiliza pelo processo seletivo, contrata\u00e7\u00e3o ou qualquer outra etapa relacionada \u00e0s vagas publicadas. Todas as informa\u00e7\u00f5es s\u00e3o de responsabilidade dos anunciantes.\n\n\u26a0\ufe0f Aten\u00e7\u00e3o! Nunca pague por promessas de emprego nem compre cursos que garantam contrata\u00e7\u00e3o. Desconfie de qualquer cobran\u00e7a para participar de sele\u00e7\u00f5es.\n\n\n\n<\/div>\n<!-- CONTENT END 1 -->\n","protected":false},"excerpt":{"rendered":"<p>O consumo de alimentos ultraprocessados vem sendo h\u00e1 tempos ligado a mortes prematuras. Agora, um novo estudo comprovou que esse tipo de alimento pode provocar&#8230;<\/p>\n","protected":false},"author":1,"featured_media":5803,"comment_status":"open","ping_status":"open","sticky":false,"template":"","format":"standard","meta":{"_uag_custom_page_level_css":"","advanced_seo_description":"","jetpack_seo_html_title":"","jetpack_seo_noindex":false,"jetpack_post_was_ever_published":false,"_jetpack_newsletter_access":"","_jetpack_dont_email_post_to_subs":false,"_jetpack_newsletter_tier_id":0,"_jetpack_memberships_contains_paywalled_content":false,"_jetpack_memberships_contains_paid_content":false,"footnotes":"","jetpack_publicize_message":"","jetpack_publicize_feature_enabled":true,"jetpack_social_post_already_shared":true,"jetpack_social_options":{"image_generator_settings":{"template":"highway","default_image_id":0,"font":"","enabled":false},"version":2}},"categories":[19],"tags":[],"class_list":["post-5802","post","type-post","status-publish","format-standard","has-post-thumbnail","hentry","category-variedades"],"jetpack_publicize_connections":[],"jetpack_featured_media_url":"https:\/\/i0.wp.com\/ismaelcolosi.com.br\/wp-content\/uploads\/2023\/11\/istock-1056738732.jpg?fit=1200%2C638&ssl=1","uagb_featured_image_src":{"full":["https:\/\/i0.wp.com\/ismaelcolosi.com.br\/wp-content\/uploads\/2023\/11\/istock-1056738732.jpg?fit=1200%2C638&ssl=1",1200,638,false],"thumbnail":["https:\/\/i0.wp.com\/ismaelcolosi.com.br\/wp-content\/uploads\/2023\/11\/istock-1056738732.jpg?resize=150%2C150&ssl=1",150,150,true],"medium":["https:\/\/i0.wp.com\/ismaelcolosi.com.br\/wp-content\/uploads\/2023\/11\/istock-1056738732.jpg?fit=300%2C160&ssl=1",300,160,true],"medium_large":["https:\/\/i0.wp.com\/ismaelcolosi.com.br\/wp-content\/uploads\/2023\/11\/istock-1056738732.jpg?fit=768%2C408&ssl=1",768,408,true],"large":["https:\/\/i0.wp.com\/ismaelcolosi.com.br\/wp-content\/uploads\/2023\/11\/istock-1056738732.jpg?fit=1024%2C544&ssl=1",1024,544,true],"1536x1536":["https:\/\/i0.wp.com\/ismaelcolosi.com.br\/wp-content\/uploads\/2023\/11\/istock-1056738732.jpg?fit=1200%2C638&ssl=1",1200,638,true],"2048x2048":["https:\/\/i0.wp.com\/ismaelcolosi.com.br\/wp-content\/uploads\/2023\/11\/istock-1056738732.jpg?fit=1200%2C638&ssl=1",1200,638,true],"really-simple-thumb":["https:\/\/i0.wp.com\/ismaelcolosi.com.br\/wp-content\/uploads\/2023\/11\/istock-1056738732.jpg?resize=370%2C247&ssl=1",370,247,true]},"uagb_author_info":{"display_name":"ismaelcolosi.com.br","author_link":"https:\/\/ismaelcolosi.com.br\/index.php\/author\/vidareal-online\/"},"uagb_comment_info":0,"uagb_excerpt":"O consumo de alimentos ultraprocessados vem sendo h\u00e1 tempos ligado a mortes prematuras. Agora, um novo estudo comprovou que esse tipo de alimento pode provocar...","jetpack-related-posts":[{"id":19615,"url":"https:\/\/ismaelcolosi.com.br\/index.php\/2023\/12\/22\/estudo-indica-quais-alimentos-elevam-risco-de-cancer-de-intestino\/","url_meta":{"origin":5802,"position":0},"title":"Estudo indica quais alimentos elevam risco de c\u00e2ncer de intestino","author":"ismaelcolosi.com.br","date":"22 de December de 2023","format":false,"excerpt":"Para a preven\u00e7\u00e3o do c\u00e2ncer do intestino, o conhecimento sobre quais alimentos est\u00e3o associados a um maior risco de sua ocorr\u00eancia \u00e9 vital. Segundo dados do Instituto Nacional de C\u00e2ncer (INCA), o c\u00e2ncer de intestino \u00e9 o terceiro mais frequente entre os homens e o segundo entre as mulheres, superado\u2026","rel":"","context":"In &quot;Variedades&quot;","block_context":{"text":"Variedades","link":"https:\/\/ismaelcolosi.com.br\/index.php\/category\/variedades\/"},"img":{"alt_text":"","src":"https:\/\/i0.wp.com\/ismaelcolosi.com.br\/wp-content\/uploads\/2023\/12\/istock-1499888697.jpg?fit=1200%2C638&ssl=1&resize=350%2C200","width":350,"height":200,"srcset":"https:\/\/i0.wp.com\/ismaelcolosi.com.br\/wp-content\/uploads\/2023\/12\/istock-1499888697.jpg?fit=1200%2C638&ssl=1&resize=350%2C200 1x, https:\/\/i0.wp.com\/ismaelcolosi.com.br\/wp-content\/uploads\/2023\/12\/istock-1499888697.jpg?fit=1200%2C638&ssl=1&resize=525%2C300 1.5x, https:\/\/i0.wp.com\/ismaelcolosi.com.br\/wp-content\/uploads\/2023\/12\/istock-1499888697.jpg?fit=1200%2C638&ssl=1&resize=700%2C400 2x, https:\/\/i0.wp.com\/ismaelcolosi.com.br\/wp-content\/uploads\/2023\/12\/istock-1499888697.jpg?fit=1200%2C638&ssl=1&resize=1050%2C600 3x"},"classes":[]},{"id":16786,"url":"https:\/\/ismaelcolosi.com.br\/index.php\/2023\/12\/16\/tres-atividades-fisicas-que-diminuem-as-chances-de-cancer\/","url_meta":{"origin":5802,"position":1},"title":"Tr\u00eas atividades f\u00edsicas que diminuem as chances de c\u00e2ncer","author":"ismaelcolosi.com.br","date":"16 de December de 2023","format":false,"excerpt":"Cr\u00e9ditos: Getty Images\/iStockphotoPr\u00e1tica de atividades f\u00edsicas est\u00e1 associada a menor risco de c\u00e2ncer de cabe\u00e7a e pesco\u00e7o, est\u00f4mago, p\u00e2ncreas, f\u00edgado, intestino, reto, rim, pulm\u00e3o e es\u00f4fago \u2013 iStock\/Getty Images Uma boa forma de reduzir significativamente o risco de c\u00e2ncer \u00e9 praticando determinadas atividades f\u00edsicas, indica estudo publicado no British Journal\u2026","rel":"","context":"In &quot;Variedades&quot;","block_context":{"text":"Variedades","link":"https:\/\/ismaelcolosi.com.br\/index.php\/category\/variedades\/"},"img":{"alt_text":"","src":"https:\/\/i0.wp.com\/ismaelcolosi.com.br\/wp-content\/uploads\/2023\/12\/istock-1209522780.jpg?fit=1200%2C638&ssl=1&resize=350%2C200","width":350,"height":200,"srcset":"https:\/\/i0.wp.com\/ismaelcolosi.com.br\/wp-content\/uploads\/2023\/12\/istock-1209522780.jpg?fit=1200%2C638&ssl=1&resize=350%2C200 1x, https:\/\/i0.wp.com\/ismaelcolosi.com.br\/wp-content\/uploads\/2023\/12\/istock-1209522780.jpg?fit=1200%2C638&ssl=1&resize=525%2C300 1.5x, https:\/\/i0.wp.com\/ismaelcolosi.com.br\/wp-content\/uploads\/2023\/12\/istock-1209522780.jpg?fit=1200%2C638&ssl=1&resize=700%2C400 2x, https:\/\/i0.wp.com\/ismaelcolosi.com.br\/wp-content\/uploads\/2023\/12\/istock-1209522780.jpg?fit=1200%2C638&ssl=1&resize=1050%2C600 3x"},"classes":[]},{"id":8092,"url":"https:\/\/ismaelcolosi.com.br\/index.php\/2023\/11\/29\/pesquisa-lista-8-habitos-que-evitam-varios-tipos-de-cancer\/","url_meta":{"origin":5802,"position":2},"title":"Pesquisa lista 8 h\u00e1bitos que evitam v\u00e1rios tipos de c\u00e2ncer","author":"ismaelcolosi.com.br","date":"29 de November de 2023","format":false,"excerpt":"Um estudo rec\u00e9m-publicado no BMC Medicine avaliou como as pessoas podem reduzir o risco de desenvolver qualquer tipo de c\u00e2ncer adotando 8 h\u00e1bitos de vida. O objetivo do estudo era investigar se as recomenda\u00e7\u00f5es de sa\u00fade do Fundo Mundial de Investiga\u00e7\u00e3o do C\u00e2ncer (WCRF, em ingl\u00eas) impactava os riscos de\u2026","rel":"","context":"In &quot;Variedades&quot;","block_context":{"text":"Variedades","link":"https:\/\/ismaelcolosi.com.br\/index.php\/category\/variedades\/"},"img":{"alt_text":"","src":"https:\/\/i0.wp.com\/ismaelcolosi.com.br\/wp-content\/uploads\/2023\/11\/1701274079_depositphotos-40056837-xl-scaled.jpg?fit=1200%2C638&ssl=1&resize=350%2C200","width":350,"height":200,"srcset":"https:\/\/i0.wp.com\/ismaelcolosi.com.br\/wp-content\/uploads\/2023\/11\/1701274079_depositphotos-40056837-xl-scaled.jpg?fit=1200%2C638&ssl=1&resize=350%2C200 1x, https:\/\/i0.wp.com\/ismaelcolosi.com.br\/wp-content\/uploads\/2023\/11\/1701274079_depositphotos-40056837-xl-scaled.jpg?fit=1200%2C638&ssl=1&resize=525%2C300 1.5x, https:\/\/i0.wp.com\/ismaelcolosi.com.br\/wp-content\/uploads\/2023\/11\/1701274079_depositphotos-40056837-xl-scaled.jpg?fit=1200%2C638&ssl=1&resize=700%2C400 2x, https:\/\/i0.wp.com\/ismaelcolosi.com.br\/wp-content\/uploads\/2023\/11\/1701274079_depositphotos-40056837-xl-scaled.jpg?fit=1200%2C638&ssl=1&resize=1050%2C600 3x"},"classes":[]},{"id":13677,"url":"https:\/\/ismaelcolosi.com.br\/index.php\/2023\/12\/10\/deficiencia-de-vitamina-aumenta-risco-de-cancer-alertam-especialistas\/","url_meta":{"origin":5802,"position":3},"title":"Defici\u00eancia de vitamina aumenta risco de c\u00e2ncer, alertam especialistas","author":"ismaelcolosi.com.br","date":"10 de December de 2023","format":false,"excerpt":"Cr\u00e9ditos: Getty ImagesEntenda por que defici\u00eancia de vitamina est\u00e1 relacionada a diagn\u00f3stico de c\u00e2ncer de intestino \u2013 iStock\/Getty Images Pesquisas recentes destacam que a car\u00eancia de \u00e1cido f\u00f3lico, conhecido tamb\u00e9m como vitamina B9, pode ter consequ\u00eancias ainda mais not\u00e1veis, incluindo um potencial aumento no risco de se desenvolver c\u00e2ncer de\u2026","rel":"","context":"In &quot;Variedades&quot;","block_context":{"text":"Variedades","link":"https:\/\/ismaelcolosi.com.br\/index.php\/category\/variedades\/"},"img":{"alt_text":"","src":"https:\/\/i0.wp.com\/ismaelcolosi.com.br\/wp-content\/uploads\/2023\/12\/istock-1074199182.jpg?fit=1200%2C638&ssl=1&resize=350%2C200","width":350,"height":200,"srcset":"https:\/\/i0.wp.com\/ismaelcolosi.com.br\/wp-content\/uploads\/2023\/12\/istock-1074199182.jpg?fit=1200%2C638&ssl=1&resize=350%2C200 1x, https:\/\/i0.wp.com\/ismaelcolosi.com.br\/wp-content\/uploads\/2023\/12\/istock-1074199182.jpg?fit=1200%2C638&ssl=1&resize=525%2C300 1.5x, https:\/\/i0.wp.com\/ismaelcolosi.com.br\/wp-content\/uploads\/2023\/12\/istock-1074199182.jpg?fit=1200%2C638&ssl=1&resize=700%2C400 2x, https:\/\/i0.wp.com\/ismaelcolosi.com.br\/wp-content\/uploads\/2023\/12\/istock-1074199182.jpg?fit=1200%2C638&ssl=1&resize=1050%2C600 3x"},"classes":[]},{"id":16988,"url":"https:\/\/ismaelcolosi.com.br\/index.php\/2023\/12\/17\/ingredientes-ocultos-podem-provocar-doenca-cardiaca\/","url_meta":{"origin":5802,"position":4},"title":"ingredientes ocultos podem provocar doen\u00e7a card\u00edaca","author":"ismaelcolosi.com.br","date":"17 de December de 2023","format":false,"excerpt":"Cr\u00e9ditos: Getty Images\/iStockphotoQuando o assunto envolve algum alimento favorito, muitas pessoas ignoram os ingredientes ocultos associados \u00e0 doen\u00e7a card\u00edaca \u2013 iStock\/Getty Images Alguns ingredientes, geralmente presentes em alimentos processados, podem n\u00e3o s\u00f3 afetar negativamente a sa\u00fade, mas tamb\u00e9m colocar as pessoas em risco de doen\u00e7as card\u00edacas mortais, conforme um estudo\u2026","rel":"","context":"In &quot;Variedades&quot;","block_context":{"text":"Variedades","link":"https:\/\/ismaelcolosi.com.br\/index.php\/category\/variedades\/"},"img":{"alt_text":"","src":"https:\/\/i0.wp.com\/ismaelcolosi.com.br\/wp-content\/uploads\/2023\/12\/istock-1203027277.jpg?fit=1200%2C638&ssl=1&resize=350%2C200","width":350,"height":200,"srcset":"https:\/\/i0.wp.com\/ismaelcolosi.com.br\/wp-content\/uploads\/2023\/12\/istock-1203027277.jpg?fit=1200%2C638&ssl=1&resize=350%2C200 1x, https:\/\/i0.wp.com\/ismaelcolosi.com.br\/wp-content\/uploads\/2023\/12\/istock-1203027277.jpg?fit=1200%2C638&ssl=1&resize=525%2C300 1.5x, https:\/\/i0.wp.com\/ismaelcolosi.com.br\/wp-content\/uploads\/2023\/12\/istock-1203027277.jpg?fit=1200%2C638&ssl=1&resize=700%2C400 2x, https:\/\/i0.wp.com\/ismaelcolosi.com.br\/wp-content\/uploads\/2023\/12\/istock-1203027277.jpg?fit=1200%2C638&ssl=1&resize=1050%2C600 3x"},"classes":[]},{"id":15112,"url":"https:\/\/ismaelcolosi.com.br\/index.php\/2023\/12\/13\/comer-banana-desse-jeito-reduz-o-risco-de-cancer-em-60-diz-pesquisa\/","url_meta":{"origin":5802,"position":5},"title":"Comer banana desse jeito reduz o risco de c\u00e2ncer em 60%, diz pesquisa","author":"ismaelcolosi.com.br","date":"13 de December de 2023","format":false,"excerpt":"Cr\u00e9ditos: Depositphotos\/serezniyComo consumir banana pode prevenir c\u00e2ncer J\u00e1 se perguntou o que uma fruta popular como a banana pode ter em comum com a luta contra o c\u00e2ncer? Pois bem, uma pesquisa indica que comer banana antes de amadurecer pode prevenir diferentes tipos de c\u00e2ncer. \u00c9 isso mesmo! O estudo,\u2026","rel":"","context":"In &quot;Variedades&quot;","block_context":{"text":"Variedades","link":"https:\/\/ismaelcolosi.com.br\/index.php\/category\/variedades\/"},"img":{"alt_text":"","src":"https:\/\/i0.wp.com\/ismaelcolosi.com.br\/wp-content\/uploads\/2023\/12\/depositphotos-411566722-xl-scaled.jpg?fit=1200%2C638&ssl=1&resize=350%2C200","width":350,"height":200,"srcset":"https:\/\/i0.wp.com\/ismaelcolosi.com.br\/wp-content\/uploads\/2023\/12\/depositphotos-411566722-xl-scaled.jpg?fit=1200%2C638&ssl=1&resize=350%2C200 1x, https:\/\/i0.wp.com\/ismaelcolosi.com.br\/wp-content\/uploads\/2023\/12\/depositphotos-411566722-xl-scaled.jpg?fit=1200%2C638&ssl=1&resize=525%2C300 1.5x, https:\/\/i0.wp.com\/ismaelcolosi.com.br\/wp-content\/uploads\/2023\/12\/depositphotos-411566722-xl-scaled.jpg?fit=1200%2C638&ssl=1&resize=700%2C400 2x, https:\/\/i0.wp.com\/ismaelcolosi.com.br\/wp-content\/uploads\/2023\/12\/depositphotos-411566722-xl-scaled.jpg?fit=1200%2C638&ssl=1&resize=1050%2C600 3x"},"classes":[]}],"jetpack_sharing_enabled":true,"jetpack_shortlink":"https:\/\/wp.me\/pfMlyK-1vA","_links":{"self":[{"href":"https:\/\/ismaelcolosi.com.br\/index.php\/wp-json\/wp\/v2\/posts\/5802","targetHints":{"allow":["GET"]}}],"collection":[{"href":"https:\/\/ismaelcolosi.com.br\/index.php\/wp-json\/wp\/v2\/posts"}],"about":[{"href":"https:\/\/ismaelcolosi.com.br\/index.php\/wp-json\/wp\/v2\/types\/post"}],"author":[{"embeddable":true,"href":"https:\/\/ismaelcolosi.com.br\/index.php\/wp-json\/wp\/v2\/users\/1"}],"replies":[{"embeddable":true,"href":"https:\/\/ismaelcolosi.com.br\/index.php\/wp-json\/wp\/v2\/comments?post=5802"}],"version-history":[{"count":0,"href":"https:\/\/ismaelcolosi.com.br\/index.php\/wp-json\/wp\/v2\/posts\/5802\/revisions"}],"wp:featuredmedia":[{"embeddable":true,"href":"https:\/\/ismaelcolosi.com.br\/index.php\/wp-json\/wp\/v2\/media\/5803"}],"wp:attachment":[{"href":"https:\/\/ismaelcolosi.com.br\/index.php\/wp-json\/wp\/v2\/media?parent=5802"}],"wp:term":[{"taxonomy":"category","embeddable":true,"href":"https:\/\/ismaelcolosi.com.br\/index.php\/wp-json\/wp\/v2\/categories?post=5802"},{"taxonomy":"post_tag","embeddable":true,"href":"https:\/\/ismaelcolosi.com.br\/index.php\/wp-json\/wp\/v2\/tags?post=5802"}],"curies":[{"name":"wp","href":"https:\/\/api.w.org\/{rel}","templated":true}]}}