{"id":5792,"date":"2023-11-24T12:12:38","date_gmt":"2023-11-24T15:12:38","guid":{"rendered":"https:\/\/ismaelcolosi.com.br\/index.php\/2023\/11\/24\/famosos-bar-flutuante-do-caixa-daco-e-devastado-pelas-chamas\/"},"modified":"2023-11-24T12:12:38","modified_gmt":"2023-11-24T15:12:38","slug":"famosos-bar-flutuante-do-caixa-daco-e-devastado-pelas-chamas","status":"publish","type":"post","link":"https:\/\/ismaelcolosi.com.br\/index.php\/2023\/11\/24\/famosos-bar-flutuante-do-caixa-daco-e-devastado-pelas-chamas\/","title":{"rendered":"Famosos Bar flutuante do Caixa D\u2019A\u00e7o \u00e9 devastado pelas chamas"},"content":{"rendered":"<p> <br \/>\n<\/p>\n<div itemprop=\"text\">\n<p>Uma madrugada que deveria ser tranquila se transformou em caos na Praia do Caixa D\u2019A\u00e7o, no bairro Ara\u00e7\u00e1 em Porto Belo, nesta sexta, dia 24 de novembro. Um bar flutuante foi consumido por um inc\u00eandio de propor\u00e7\u00f5es alarmantes, desafiando a calmaria do litoral.<\/p>\n<p>Por volta das 4h13, os moradores foram surpreendidos por chamas que devoravam o estabelecimento, localizado a cerca de 400 metros da costa.<\/p>\n<p>A equipe de bombeiros do 13\u00ba Batalh\u00e3o prontamente respondeu ao chamado da Central de Opera\u00e7\u00f5es do Corpo de Bombeiros Militar (COBOM), enviando as viaturas ASU 473 e ABTR 56 para conter o fogo.<\/p>\n<p>O desafio n\u00e3o era apenas o isolamento do bar, mas tamb\u00e9m o acesso limitado. Com coragem e criatividade, os bombeiros contaram com a ajuda de um bote cedido por um morador para alcan\u00e7ar o local em chamas.<\/p>\n<p>Utilizando baldes e a \u00e1gua do mar como aliados, conseguiram extinguir as chamas e realizar o rescaldo. O estabelecimento, um ponto conhecido na regi\u00e3o, com seus 120 metros quadrados, foi gravemente danificado.<\/p>\n<p>Posteriormente, o propriet\u00e1rio, Sr. J.J.A., chegou \u00e0 cena do incidente e recebeu orienta\u00e7\u00f5es das autoridades. Por sorte, n\u00e3o houve registro de v\u00edtimas durante o inc\u00eandio.<\/p>\n<p><iframe loading=\"lazy\" style=\"border: none; overflow: hidden;\" src=\"https:\/\/www.facebook.com\/plugins\/video.php?height=476&amp;href=https%3A%2F%2Fwww.facebook.com%2Fvipsocial%2Fvideos%2F647753083930669%2F&amp;show_text=false&amp;width=267&amp;t=0\" width=\"267\" height=\"476\" frameborder=\"0\" scrolling=\"no\" allowfullscreen=\"allowfullscreen\"><\/iframe><\/p>\n<p>Contudo, o mist\u00e9rio paira no ar. Informa\u00e7\u00f5es extraoficiais sinalizam a possibilidade de inc\u00eandio criminoso, um detalhe que levanta questionamentos sobre as circunst\u00e2ncias que levaram a esse desastre \u00e0 beira-mar.<\/p>\n<p>Autoridades est\u00e3o investigando essa hip\u00f3tese, enquanto a \u00e1rea permanece sob os cuidados do propriet\u00e1rio, aguardando novos desdobramentos.<\/p>\n<p>Enquanto os destro\u00e7os fumegantes do bar flutuante permanecem \u00e0 deriva, a comunidade local aguarda respostas para desvendar esse enigma que perturbou a tranquilidade costeira.<\/p>\n<\/div>\n<p><br \/>\n<br \/><a href=\"https:\/\/fnmais.com\/misterio-em-sc-famosos-bar-flutuante-caixa-daco-devastado-pelas-chamas\/\">Source link <\/a><\/p>\n<div class='code-block code-block-4' style='margin: 8px auto 8px 0; text-align: left; display: block; clear: both;'>\n\ud83d\udce2 Aviso Legal\n\nO site ismaelcolosi.com.br atua apenas como um canal de divulga\u00e7\u00e3o de oportunidades de emprego e n\u00e3o se responsabiliza pelo processo seletivo, contrata\u00e7\u00e3o ou qualquer outra etapa relacionada \u00e0s vagas publicadas. Todas as informa\u00e7\u00f5es s\u00e3o de responsabilidade dos anunciantes.\n\n\u26a0\ufe0f Aten\u00e7\u00e3o! Nunca pague por promessas de emprego nem compre cursos que garantam contrata\u00e7\u00e3o. Desconfie de qualquer cobran\u00e7a para participar de sele\u00e7\u00f5es.\n\n\n\n<\/div>\n<!-- CONTENT END 1 -->\n","protected":false},"excerpt":{"rendered":"<p>Uma madrugada que deveria ser tranquila se transformou em caos na Praia do Caixa D\u2019A\u00e7o, no bairro Ara\u00e7\u00e1 em Porto Belo, nesta sexta, dia 24&#8230;<\/p>\n","protected":false},"author":1,"featured_media":5793,"comment_status":"open","ping_status":"open","sticky":false,"template":"","format":"standard","meta":{"_uag_custom_page_level_css":"","advanced_seo_description":"","jetpack_seo_html_title":"","jetpack_seo_noindex":false,"jetpack_post_was_ever_published":false,"_jetpack_newsletter_access":"","_jetpack_dont_email_post_to_subs":false,"_jetpack_newsletter_tier_id":0,"_jetpack_memberships_contains_paywalled_content":false,"_jetpack_memberships_contains_paid_content":false,"footnotes":"","jetpack_publicize_message":"","jetpack_publicize_feature_enabled":true,"jetpack_social_post_already_shared":true,"jetpack_social_options":{"image_generator_settings":{"template":"highway","default_image_id":0,"font":"","enabled":false},"version":2}},"categories":[1],"tags":[],"class_list":["post-5792","post","type-post","status-publish","format-standard","has-post-thumbnail","hentry","category-blog"],"jetpack_publicize_connections":[],"jetpack_featured_media_url":"https:\/\/i0.wp.com\/ismaelcolosi.com.br\/wp-content\/uploads\/2023\/11\/postimg-6560baa9f30558686.jpg?fit=1200%2C628&ssl=1","uagb_featured_image_src":{"full":["https:\/\/i0.wp.com\/ismaelcolosi.com.br\/wp-content\/uploads\/2023\/11\/postimg-6560baa9f30558686.jpg?fit=1200%2C628&ssl=1",1200,628,false],"thumbnail":["https:\/\/i0.wp.com\/ismaelcolosi.com.br\/wp-content\/uploads\/2023\/11\/postimg-6560baa9f30558686.jpg?resize=150%2C150&ssl=1",150,150,true],"medium":["https:\/\/i0.wp.com\/ismaelcolosi.com.br\/wp-content\/uploads\/2023\/11\/postimg-6560baa9f30558686.jpg?fit=300%2C157&ssl=1",300,157,true],"medium_large":["https:\/\/i0.wp.com\/ismaelcolosi.com.br\/wp-content\/uploads\/2023\/11\/postimg-6560baa9f30558686.jpg?fit=768%2C402&ssl=1",768,402,true],"large":["https:\/\/i0.wp.com\/ismaelcolosi.com.br\/wp-content\/uploads\/2023\/11\/postimg-6560baa9f30558686.jpg?fit=1024%2C536&ssl=1",1024,536,true],"1536x1536":["https:\/\/i0.wp.com\/ismaelcolosi.com.br\/wp-content\/uploads\/2023\/11\/postimg-6560baa9f30558686.jpg?fit=1200%2C628&ssl=1",1200,628,true],"2048x2048":["https:\/\/i0.wp.com\/ismaelcolosi.com.br\/wp-content\/uploads\/2023\/11\/postimg-6560baa9f30558686.jpg?fit=1200%2C628&ssl=1",1200,628,true],"really-simple-thumb":["https:\/\/i0.wp.com\/ismaelcolosi.com.br\/wp-content\/uploads\/2023\/11\/postimg-6560baa9f30558686.jpg?resize=370%2C247&ssl=1",370,247,true]},"uagb_author_info":{"display_name":"ismaelcolosi.com.br","author_link":"https:\/\/ismaelcolosi.com.br\/index.php\/author\/vidareal-online\/"},"uagb_comment_info":0,"uagb_excerpt":"Uma madrugada que deveria ser tranquila se transformou em caos na Praia do Caixa D\u2019A\u00e7o, no bairro Ara\u00e7\u00e1 em Porto Belo, nesta sexta, dia 24...","jetpack-related-posts":[{"id":29324,"url":"https:\/\/ismaelcolosi.com.br\/index.php\/2024\/01\/18\/incendio-assusta-moradores-em-condominio-na-zona-sul\/","url_meta":{"origin":5792,"position":0},"title":"Inc\u00eandio assusta moradores em condom\u00ednio na zona Sul","author":"ismaelcolosi.com.br","date":"18 de January de 2024","format":false,"excerpt":"Suspeita \u00e9 que explos\u00e3o de botij\u00e3o de g\u00e1s possa ter causado as chamas, que chegaram a tr\u00eas metros de altura 17 de janeiro de 2024 | 15:42 2Por: Alfredo Risk e Adalberto LuqueUm inc\u00eandio atingiu o quintal e a cozinha de uma resid\u00eancia, em um condom\u00ednio pr\u00f3ximo ao Centro de\u2026","rel":"","context":"In &quot;Not\u00edcias de Ribeir\u00e3o Preto-SP e Regi\u00e3o&quot;","block_context":{"text":"Not\u00edcias de Ribeir\u00e3o Preto-SP e Regi\u00e3o","link":"https:\/\/ismaelcolosi.com.br\/index.php\/category\/noticias-de-ribeirao-preto-sp-e-regiao-ismael-colosi\/"},"img":{"alt_text":"","src":"https:\/\/i0.wp.com\/ismaelcolosi.com.br\/wp-content\/uploads\/2024\/01\/00-17-jan-2024-incendio-bonfim-01-foto-alfredo-risk-scaled.jpg?fit=1000%2C563&ssl=1&resize=350%2C200","width":350,"height":200,"srcset":"https:\/\/i0.wp.com\/ismaelcolosi.com.br\/wp-content\/uploads\/2024\/01\/00-17-jan-2024-incendio-bonfim-01-foto-alfredo-risk-scaled.jpg?fit=1000%2C563&ssl=1&resize=350%2C200 1x, https:\/\/i0.wp.com\/ismaelcolosi.com.br\/wp-content\/uploads\/2024\/01\/00-17-jan-2024-incendio-bonfim-01-foto-alfredo-risk-scaled.jpg?fit=1000%2C563&ssl=1&resize=525%2C300 1.5x, https:\/\/i0.wp.com\/ismaelcolosi.com.br\/wp-content\/uploads\/2024\/01\/00-17-jan-2024-incendio-bonfim-01-foto-alfredo-risk-scaled.jpg?fit=1000%2C563&ssl=1&resize=700%2C400 2x"},"classes":[]},{"id":45023,"url":"https:\/\/ismaelcolosi.com.br\/index.php\/2024\/04\/01\/video-mostra-jovem-antes-de-se-afogar-e-desaparecer-no-rio-pardo-em-ribeirao-preto\/","url_meta":{"origin":5792,"position":1},"title":"V\u00eddeo mostra jovem antes de se afogar e desaparecer no rio Pardo em Ribeir\u00e3o Preto","author":"ismaelcolosi.com.br","date":"1 de April de 2024","format":false,"excerpt":"Um v\u00eddeo que circula pelas redes sociais mostra os dois jovens que se afogaram e um deles, que est\u00e1 desaparecido, em cima de uma jangada (prancha flutuante) na tarde de domingo, no rio Pardo em Ribeir\u00e3o Preto (veja abaixo). As imagens mostram os dois dentro do rio remando com peda\u00e7os\u2026","rel":"","context":"In &quot;Not\u00edcias de Ribeir\u00e3o Preto-SP e Regi\u00e3o&quot;","block_context":{"text":"Not\u00edcias de Ribeir\u00e3o Preto-SP e Regi\u00e3o","link":"https:\/\/ismaelcolosi.com.br\/index.php\/category\/noticias-de-ribeirao-preto-sp-e-regiao-ismael-colosi\/"},"img":{"alt_text":"","src":"https:\/\/i0.wp.com\/ismaelcolosi.com.br\/wp-content\/uploads\/2024\/04\/Copia-de-Copia-de-TAMANHO-EXATO-PARA-FOTOS-NO-SISTEMA-NOVO-18.jpg?fit=1200%2C675&ssl=1&resize=350%2C200","width":350,"height":200,"srcset":"https:\/\/i0.wp.com\/ismaelcolosi.com.br\/wp-content\/uploads\/2024\/04\/Copia-de-Copia-de-TAMANHO-EXATO-PARA-FOTOS-NO-SISTEMA-NOVO-18.jpg?fit=1200%2C675&ssl=1&resize=350%2C200 1x, https:\/\/i0.wp.com\/ismaelcolosi.com.br\/wp-content\/uploads\/2024\/04\/Copia-de-Copia-de-TAMANHO-EXATO-PARA-FOTOS-NO-SISTEMA-NOVO-18.jpg?fit=1200%2C675&ssl=1&resize=525%2C300 1.5x, https:\/\/i0.wp.com\/ismaelcolosi.com.br\/wp-content\/uploads\/2024\/04\/Copia-de-Copia-de-TAMANHO-EXATO-PARA-FOTOS-NO-SISTEMA-NOVO-18.jpg?fit=1200%2C675&ssl=1&resize=700%2C400 2x, https:\/\/i0.wp.com\/ismaelcolosi.com.br\/wp-content\/uploads\/2024\/04\/Copia-de-Copia-de-TAMANHO-EXATO-PARA-FOTOS-NO-SISTEMA-NOVO-18.jpg?fit=1200%2C675&ssl=1&resize=1050%2C600 3x"},"classes":[]},{"id":12454,"url":"https:\/\/ismaelcolosi.com.br\/index.php\/2023\/12\/08\/video-flagra-mulher-ateando-fogo-em-marido-que-estava-dentro-de-bar-imagens-viralizam\/","url_meta":{"origin":5792,"position":2},"title":"V\u00eddeo flagra mulher ateando fogo em marido que estava dentro de bar \u2013 Imagens viralizam","author":"ismaelcolosi.com.br","date":"8 de December de 2023","format":false,"excerpt":"Nas \u00faltimas horas um v\u00eddeo come\u00e7ou a circular nas redes sociais e as imagens chocantes viralizaram. As imagens foram capturadas por uma c\u00e2mera de seguran\u00e7a de um estabelecimento que se parece com um bar.\u00c9 poss\u00edvel ver o momento em que uma mulher ateia fogo em um homem que pelas informa\u00e7\u00f5es\u2026","rel":"","context":"In &quot;Blog&quot;","block_context":{"text":"Blog","link":"https:\/\/ismaelcolosi.com.br\/index.php\/category\/blog\/"},"img":{"alt_text":"","src":"https:\/\/i0.wp.com\/ismaelcolosi.com.br\/wp-content\/uploads\/2023\/12\/postimg-657298117a3751587.jpg?fit=1200%2C628&ssl=1&resize=350%2C200","width":350,"height":200,"srcset":"https:\/\/i0.wp.com\/ismaelcolosi.com.br\/wp-content\/uploads\/2023\/12\/postimg-657298117a3751587.jpg?fit=1200%2C628&ssl=1&resize=350%2C200 1x, https:\/\/i0.wp.com\/ismaelcolosi.com.br\/wp-content\/uploads\/2023\/12\/postimg-657298117a3751587.jpg?fit=1200%2C628&ssl=1&resize=525%2C300 1.5x, https:\/\/i0.wp.com\/ismaelcolosi.com.br\/wp-content\/uploads\/2023\/12\/postimg-657298117a3751587.jpg?fit=1200%2C628&ssl=1&resize=700%2C400 2x, https:\/\/i0.wp.com\/ismaelcolosi.com.br\/wp-content\/uploads\/2023\/12\/postimg-657298117a3751587.jpg?fit=1200%2C628&ssl=1&resize=1050%2C600 3x"},"classes":[]},{"id":27703,"url":"https:\/\/ismaelcolosi.com.br\/index.php\/2024\/01\/13\/video-fogo-em-veiculo-na-maurilio-biagi\/","url_meta":{"origin":5792,"position":3},"title":"V\u00cdDEO &#8211; Fogo em ve\u00edculo na Maur\u00edlio Biagi","author":"ismaelcolosi.com.br","date":"13 de January de 2024","format":false,"excerpt":"N\u00e3o h\u00e1 registros de feridos, mas RP Mobi interditou pista para combate \u00e0s chamas 12 de janeiro de 2024 | 15:5312 de janeiro de 2024 | 15:56 2Por: Adalberto LuqueUm ve\u00edculo e um reboque atrelado foram completamente destru\u00eddos pelo fogo, no final da manh\u00e3 desta sexta-feira (12). O inc\u00eandio ocorreu\u2026","rel":"","context":"In &quot;Not\u00edcias de Ribeir\u00e3o Preto-SP e Regi\u00e3o&quot;","block_context":{"text":"Not\u00edcias de Ribeir\u00e3o Preto-SP e Regi\u00e3o","link":"https:\/\/ismaelcolosi.com.br\/index.php\/category\/noticias-de-ribeirao-preto-sp-e-regiao-ismael-colosi\/"},"img":{"alt_text":"","src":"https:\/\/i0.wp.com\/ismaelcolosi.com.br\/wp-content\/uploads\/2024\/01\/00-12-jan-2024-veiculo-incendiado-b-foto-rp-mobi.jpg?fit=812%2C645&ssl=1&resize=350%2C200","width":350,"height":200,"srcset":"https:\/\/i0.wp.com\/ismaelcolosi.com.br\/wp-content\/uploads\/2024\/01\/00-12-jan-2024-veiculo-incendiado-b-foto-rp-mobi.jpg?fit=812%2C645&ssl=1&resize=350%2C200 1x, https:\/\/i0.wp.com\/ismaelcolosi.com.br\/wp-content\/uploads\/2024\/01\/00-12-jan-2024-veiculo-incendiado-b-foto-rp-mobi.jpg?fit=812%2C645&ssl=1&resize=525%2C300 1.5x, https:\/\/i0.wp.com\/ismaelcolosi.com.br\/wp-content\/uploads\/2024\/01\/00-12-jan-2024-veiculo-incendiado-b-foto-rp-mobi.jpg?fit=812%2C645&ssl=1&resize=700%2C400 2x"},"classes":[]},{"id":16294,"url":"https:\/\/ismaelcolosi.com.br\/index.php\/2023\/12\/15\/escola-pega-fogo-no-centro-de-ribeirao-preto\/","url_meta":{"origin":5792,"position":4},"title":"Escola pega fogo no Centro de Ribeir\u00e3o Preto","author":"ismaelcolosi.com.br","date":"15 de December de 2023","format":false,"excerpt":"Segundo o Corpo de Bombeiros, n\u00e3o foi registrado nenhum ferido 15 de dezembro de 2023 | 10:4515 de dezembro de 2023 | 10:56 3Por: Adalberto LuqueUm inc\u00eandio atingiu o pr\u00e9dio onde funciona uma escola de idiomas, na noite desta quinta-feira (14). As chamas ocorreram no estabelecimento que funciona na Rua\u2026","rel":"","context":"In &quot;Not\u00edcias de Ribeir\u00e3o Preto-SP e Regi\u00e3o&quot;","block_context":{"text":"Not\u00edcias de Ribeir\u00e3o Preto-SP e Regi\u00e3o","link":"https:\/\/ismaelcolosi.com.br\/index.php\/category\/noticias-de-ribeirao-preto-sp-e-regiao-ismael-colosi\/"},"img":{"alt_text":"","src":"https:\/\/i0.wp.com\/ismaelcolosi.com.br\/wp-content\/uploads\/2023\/12\/00-15-dez-2023-incendio-centro-foto-redes-sociais-1.jpg?fit=473%2C255&ssl=1&resize=350%2C200","width":350,"height":200},"classes":[]},{"id":50729,"url":"https:\/\/ismaelcolosi.com.br\/index.php\/2024\/05\/18\/incendio-atinge-galpao-e-destroi-veiculos-em-ribeirao-preto\/","url_meta":{"origin":5792,"position":5},"title":"Inc\u00eandio atinge galp\u00e3o e destr\u00f3i ve\u00edculos em Ribeir\u00e3o Preto","author":"ismaelcolosi.com.br","date":"18 de May de 2024","format":false,"excerpt":"Um inc\u00eandio atinge um galp\u00e3o com ve\u00edculos na Vila Virg\u00ednia, zona Oeste de Ribeir\u00e3o Preto, no in\u00edcio da tarde deste s\u00e1bado (18) \u2013 veja o v\u00eddeo abaixo. Ningu\u00e9m ficou ferido. De acordo com o Corpo de Bombeiros, pelo menos, seis ve\u00edculos foram atingidos pelas chamas que come\u00e7ou no im\u00f3vel, que\u2026","rel":"","context":"In &quot;Not\u00edcias de Ribeir\u00e3o Preto-SP e Regi\u00e3o&quot;","block_context":{"text":"Not\u00edcias de Ribeir\u00e3o Preto-SP e Regi\u00e3o","link":"https:\/\/ismaelcolosi.com.br\/index.php\/category\/noticias-de-ribeirao-preto-sp-e-regiao-ismael-colosi\/"},"img":{"alt_text":"","src":"https:\/\/i0.wp.com\/ismaelcolosi.com.br\/wp-content\/uploads\/2024\/05\/incedio-ribeirao-preto_2024-05-18_17-07-34_jpg_2024-05-18_17-07-34.webp.webp?fit=1200%2C675&ssl=1&resize=350%2C200","width":350,"height":200,"srcset":"https:\/\/i0.wp.com\/ismaelcolosi.com.br\/wp-content\/uploads\/2024\/05\/incedio-ribeirao-preto_2024-05-18_17-07-34_jpg_2024-05-18_17-07-34.webp.webp?fit=1200%2C675&ssl=1&resize=350%2C200 1x, https:\/\/i0.wp.com\/ismaelcolosi.com.br\/wp-content\/uploads\/2024\/05\/incedio-ribeirao-preto_2024-05-18_17-07-34_jpg_2024-05-18_17-07-34.webp.webp?fit=1200%2C675&ssl=1&resize=525%2C300 1.5x, https:\/\/i0.wp.com\/ismaelcolosi.com.br\/wp-content\/uploads\/2024\/05\/incedio-ribeirao-preto_2024-05-18_17-07-34_jpg_2024-05-18_17-07-34.webp.webp?fit=1200%2C675&ssl=1&resize=700%2C400 2x, https:\/\/i0.wp.com\/ismaelcolosi.com.br\/wp-content\/uploads\/2024\/05\/incedio-ribeirao-preto_2024-05-18_17-07-34_jpg_2024-05-18_17-07-34.webp.webp?fit=1200%2C675&ssl=1&resize=1050%2C600 3x"},"classes":[]}],"jetpack_sharing_enabled":true,"jetpack_shortlink":"https:\/\/wp.me\/pfMlyK-1vq","_links":{"self":[{"href":"https:\/\/ismaelcolosi.com.br\/index.php\/wp-json\/wp\/v2\/posts\/5792","targetHints":{"allow":["GET"]}}],"collection":[{"href":"https:\/\/ismaelcolosi.com.br\/index.php\/wp-json\/wp\/v2\/posts"}],"about":[{"href":"https:\/\/ismaelcolosi.com.br\/index.php\/wp-json\/wp\/v2\/types\/post"}],"author":[{"embeddable":true,"href":"https:\/\/ismaelcolosi.com.br\/index.php\/wp-json\/wp\/v2\/users\/1"}],"replies":[{"embeddable":true,"href":"https:\/\/ismaelcolosi.com.br\/index.php\/wp-json\/wp\/v2\/comments?post=5792"}],"version-history":[{"count":0,"href":"https:\/\/ismaelcolosi.com.br\/index.php\/wp-json\/wp\/v2\/posts\/5792\/revisions"}],"wp:featuredmedia":[{"embeddable":true,"href":"https:\/\/ismaelcolosi.com.br\/index.php\/wp-json\/wp\/v2\/media\/5793"}],"wp:attachment":[{"href":"https:\/\/ismaelcolosi.com.br\/index.php\/wp-json\/wp\/v2\/media?parent=5792"}],"wp:term":[{"taxonomy":"category","embeddable":true,"href":"https:\/\/ismaelcolosi.com.br\/index.php\/wp-json\/wp\/v2\/categories?post=5792"},{"taxonomy":"post_tag","embeddable":true,"href":"https:\/\/ismaelcolosi.com.br\/index.php\/wp-json\/wp\/v2\/tags?post=5792"}],"curies":[{"name":"wp","href":"https:\/\/api.w.org\/{rel}","templated":true}]}}