{"id":5790,"date":"2023-11-24T12:09:02","date_gmt":"2023-11-24T15:09:02","guid":{"rendered":"https:\/\/ismaelcolosi.com.br\/index.php\/2023\/11\/24\/ufmg-oferece-cursos-em-saude-para-profissionais-do-sus\/"},"modified":"2023-11-24T12:09:02","modified_gmt":"2023-11-24T15:09:02","slug":"ufmg-oferece-cursos-em-saude-para-profissionais-do-sus","status":"publish","type":"post","link":"https:\/\/ismaelcolosi.com.br\/index.php\/2023\/11\/24\/ufmg-oferece-cursos-em-saude-para-profissionais-do-sus\/","title":{"rendered":"UFMG oferece cursos em sa\u00fade para profissionais do SUS"},"content":{"rendered":"<p> <br \/>\n<\/p>\n<div>\n<p>A Faculdade de Medicina da UFMG, em parceria com o <a href=\"https:\/\/www.gov.br\/saude\/pt-br\" target=\"_blank\" rel=\"noopener\">Minist\u00e9rio da Sa\u00fade<\/a>, lan\u00e7ou tr\u00eas cursos online para trabalhadores do Sistema \u00danico de Sa\u00fade (<a href=\"https:\/\/catracalivre.com.br\/cidadania\/sus-eletronico\/\">SUS<\/a>) de todo o pa\u00eds.<\/p>\n<p>O conte\u00fado est\u00e1 dispon\u00edvel na plataforma Educa e-SUS APS. A oferta visa atender a demanda do Minist\u00e9rio para qualificar a aten\u00e7\u00e3o prim\u00e1ria \u00e0 sa\u00fade no uso de aplicativos como o Prontu\u00e1rio Eletr\u00f4nico do Cidad\u00e3o (PEC).<\/p>\n<p>Poder\u00e3o fazer os cursos os profissionais de sa\u00fade, profissionais de sa\u00fade bucal, profissionais de tecnologia da informa\u00e7\u00e3o, agentes de sa\u00fade e t\u00e9cnicos da aten\u00e7\u00e3o prim\u00e1ria e gestores.<\/p>\n<div id=\"attachment_2313864\" class=\"wp-caption alignnone\">\n<div class=\"d-flex justify-content-center\" data-attachment-id=\"2313864\">\n<div class=\"position-relative d-inline-block\"><img data-recalc-dims=\"1\" data-portal-copyright=\"Tomaz Silva\/Ag\u00eancia Brasil\" decoding=\"async\" fetchpriority=\"high\" class=\"wp-image-2313864 size-large\" src=\"https:\/\/i0.wp.com\/catracalivre.com.br\/wp-content\/uploads\/2023\/11\/sus-1-910x606.jpg?resize=910%2C606&#038;ssl=1\" alt=\"UFMG tem cursos voltados para profissionais do SUS\" width=\"910\" height=\"606\" srcset=\"https:\/\/catracalivre.com.br\/wp-content\/uploads\/2023\/11\/sus-1-910x606.jpg 910w, https:\/\/catracalivre.com.br\/wp-content\/uploads\/2023\/11\/sus-1-450x300.jpg 450w, https:\/\/catracalivre.com.br\/wp-content\/uploads\/2023\/11\/sus-1-768x511.jpg 768w\" sizes=\"(max-width: 910px) 100vw, 910px\"\/><\/p>\n<p>Cr\u00e9ditos: Tomaz Silva\/Ag\u00eancia Brasil<\/p>\n<\/div>\n<\/div>\n<p><span class=\"post-imagem__legenda\">UFMG tem cursos voltados para profissionais do SUS<\/span><\/p>\n<\/div>\n<h2>Cursos liberados<\/h2>\n<p>Dois cursos s\u00e3o destinados para enfermeiros, m\u00e9dicos da equipe de sa\u00fade da fam\u00edlia e equipes multiprofissionais. O terceiro \u00e9 destinado a profissionais de sa\u00fade bucal.<\/p>\n<p>J\u00e1 est\u00e3o dispon\u00edveis o curso \u201cPanorama da sa\u00fade digital na APS\u201d, com 25 horas de aula, al\u00e9m do \u201cRegistro de sa\u00fade na APS\u201d, com carga hor\u00e1ria de 20 horas.<\/p>\n<p>Ao todo, 12 cursos far\u00e3o parte da plataforma e dever\u00e3o contemplar 800 mil trabalhadores do SUS.<\/p>\n<p>De acordo com a diretora da Faculdade de Medicina, Alamanda Kfoury, a plataforma tem o objetivo de qualificar os profissionais de sa\u00fade para um melhor atendimento no SUS.<\/p>\n<p>\u201cO que n\u00f3s queremos no final das contas \u00e9 um pa\u00eds com condi\u00e7\u00f5es de sa\u00fade, com sistemas que funcionem e que, de fato, tenham uma relev\u00e2ncia ampla para o cidad\u00e3o\u201d, disse Kfoury.<\/p>\n<p><a href=\"https:\/\/educaesusaps.medicina.ufmg.br\/\" target=\"_blank\" rel=\"noopener\">Acesse a plataforma aqui.<\/a><\/p>\n<\/div>\n<p><script>\n\t\t! function(f, b, e, v, n, t, s) {\n\t\t\tif (f.fbq) return;\n\t\t\tn = f.fbq = function() {\n\t\t\t\tn.callMethod ?\n\t\t\t\t\tn.callMethod.apply(n, arguments) : n.queue.push(arguments)\n\t\t\t};\n\t\t\tif (!f._fbq) f._fbq = n;\n\t\t\tn.push = n;\n\t\t\tn.loaded = !0;\n\t\t\tn.version = '2.0';\n\t\t\tn.queue = [];\n\t\t\tt = b.createElement(e);\n\t\t\tt.async = !0;\n\t\t\tt.src = v;\n\t\t\ts = b.getElementsByTagName(e)[0];\n\t\t\ts.parentNode.insertBefore(t, s)\n\t\t}(window, document, 'script',\n\t\t\t'https:\/\/connect.facebook.net\/en_US\/fbevents.js');\n\t\tfbq('init', '338315473262380');\n\t\tfbq('track', 'PageView');\n\t<\/script><br \/>\n<br \/><br \/>\n<br \/><a href=\"https:\/\/catracalivre.com.br\/saude-bem-estar\/ufmg-oferece-cursos-em-saude-para-profissionais-do-sus\/\">Source link <\/a><\/p>\n<div class='code-block code-block-4' style='margin: 8px auto 8px 0; text-align: left; display: block; clear: both;'>\n\ud83d\udce2 Aviso Legal\n\nO site ismaelcolosi.com.br atua apenas como um canal de divulga\u00e7\u00e3o de oportunidades de emprego e n\u00e3o se responsabiliza pelo processo seletivo, contrata\u00e7\u00e3o ou qualquer outra etapa relacionada \u00e0s vagas publicadas. Todas as informa\u00e7\u00f5es s\u00e3o de responsabilidade dos anunciantes.\n\n\u26a0\ufe0f Aten\u00e7\u00e3o! Nunca pague por promessas de emprego nem compre cursos que garantam contrata\u00e7\u00e3o. Desconfie de qualquer cobran\u00e7a para participar de sele\u00e7\u00f5es.\n\n\n\n<\/div>\n<!-- CONTENT END 1 -->\n","protected":false},"excerpt":{"rendered":"<p>A Faculdade de Medicina da UFMG, em parceria com o Minist\u00e9rio da Sa\u00fade, lan\u00e7ou tr\u00eas cursos online para trabalhadores do Sistema \u00danico de Sa\u00fade (SUS)&#8230;<\/p>\n","protected":false},"author":1,"featured_media":5791,"comment_status":"open","ping_status":"open","sticky":false,"template":"","format":"standard","meta":{"_uag_custom_page_level_css":"","advanced_seo_description":"","jetpack_seo_html_title":"","jetpack_seo_noindex":false,"jetpack_post_was_ever_published":false,"_jetpack_newsletter_access":"","_jetpack_dont_email_post_to_subs":false,"_jetpack_newsletter_tier_id":0,"_jetpack_memberships_contains_paywalled_content":false,"_jetpack_memberships_contains_paid_content":false,"footnotes":"","jetpack_publicize_message":"","jetpack_publicize_feature_enabled":true,"jetpack_social_post_already_shared":true,"jetpack_social_options":{"image_generator_settings":{"template":"highway","default_image_id":0,"font":"","enabled":false},"version":2}},"categories":[19],"tags":[],"class_list":["post-5790","post","type-post","status-publish","format-standard","has-post-thumbnail","hentry","category-variedades"],"jetpack_publicize_connections":[],"jetpack_featured_media_url":"https:\/\/i0.wp.com\/ismaelcolosi.com.br\/wp-content\/uploads\/2023\/11\/sus-1-scaled.jpg?fit=1200%2C638&ssl=1","uagb_featured_image_src":{"full":["https:\/\/i0.wp.com\/ismaelcolosi.com.br\/wp-content\/uploads\/2023\/11\/sus-1-scaled.jpg?fit=1200%2C638&ssl=1",1200,638,false],"thumbnail":["https:\/\/i0.wp.com\/ismaelcolosi.com.br\/wp-content\/uploads\/2023\/11\/sus-1-scaled.jpg?resize=150%2C150&ssl=1",150,150,true],"medium":["https:\/\/i0.wp.com\/ismaelcolosi.com.br\/wp-content\/uploads\/2023\/11\/sus-1-scaled.jpg?fit=300%2C160&ssl=1",300,160,true],"medium_large":["https:\/\/i0.wp.com\/ismaelcolosi.com.br\/wp-content\/uploads\/2023\/11\/sus-1-scaled.jpg?fit=768%2C408&ssl=1",768,408,true],"large":["https:\/\/i0.wp.com\/ismaelcolosi.com.br\/wp-content\/uploads\/2023\/11\/sus-1-scaled.jpg?fit=1024%2C544&ssl=1",1024,544,true],"1536x1536":["https:\/\/i0.wp.com\/ismaelcolosi.com.br\/wp-content\/uploads\/2023\/11\/sus-1-scaled.jpg?fit=1200%2C638&ssl=1",1200,638,true],"2048x2048":["https:\/\/i0.wp.com\/ismaelcolosi.com.br\/wp-content\/uploads\/2023\/11\/sus-1-scaled.jpg?fit=1200%2C638&ssl=1",1200,638,true],"really-simple-thumb":["https:\/\/i0.wp.com\/ismaelcolosi.com.br\/wp-content\/uploads\/2023\/11\/sus-1-scaled.jpg?resize=370%2C247&ssl=1",370,247,true]},"uagb_author_info":{"display_name":"ismaelcolosi.com.br","author_link":"https:\/\/ismaelcolosi.com.br\/index.php\/author\/vidareal-online\/"},"uagb_comment_info":0,"uagb_excerpt":"A Faculdade de Medicina da UFMG, em parceria com o Minist\u00e9rio da Sa\u00fade, lan\u00e7ou tr\u00eas cursos online para trabalhadores do Sistema \u00danico de Sa\u00fade (SUS)...","jetpack-related-posts":[{"id":50239,"url":"https:\/\/ismaelcolosi.com.br\/index.php\/2024\/05\/15\/ufmg-oferece-3-200-vagas-em-curso-online-gratuito\/","url_meta":{"origin":5790,"position":0},"title":"UFMG oferece 3.200 vagas em curso online gratuito","author":"ismaelcolosi.com.br","date":"15 de May de 2024","format":false,"excerpt":"A Universidade Federal de Minas Gerais (UFMG), por meio de sua Faculdade de Odontologia, anuncia a abertura de inscri\u00e7\u00f5es para o curso gratuito \u201cForma\u00e7\u00e3o em Sa\u00fade Bucal: processo de trabalho na Aten\u00e7\u00e3o B\u00e1sica e implementa\u00e7\u00e3o municipal da Pol\u00edtica Nacional de Sa\u00fade Bucal (FormaSB)\u201d. Este curso, totalmente online, \u00e9 destinado a\u2026","rel":"","context":"In &quot;Cursos Gratuitos e Bolsas de Estudos&quot;","block_context":{"text":"Cursos Gratuitos e Bolsas de Estudos","link":"https:\/\/ismaelcolosi.com.br\/index.php\/category\/cursos-gratuitos-e-bolsas-de-estudos-ribeirao-preto\/"},"img":{"alt_text":"","src":"https:\/\/i0.wp.com\/ismaelcolosi.com.br\/wp-content\/uploads\/2024\/05\/UFMG-oferece-3.200-vagas-em-curso-online-gratuito.png?fit=1200%2C630&ssl=1&resize=350%2C200","width":350,"height":200,"srcset":"https:\/\/i0.wp.com\/ismaelcolosi.com.br\/wp-content\/uploads\/2024\/05\/UFMG-oferece-3.200-vagas-em-curso-online-gratuito.png?fit=1200%2C630&ssl=1&resize=350%2C200 1x, https:\/\/i0.wp.com\/ismaelcolosi.com.br\/wp-content\/uploads\/2024\/05\/UFMG-oferece-3.200-vagas-em-curso-online-gratuito.png?fit=1200%2C630&ssl=1&resize=525%2C300 1.5x, https:\/\/i0.wp.com\/ismaelcolosi.com.br\/wp-content\/uploads\/2024\/05\/UFMG-oferece-3.200-vagas-em-curso-online-gratuito.png?fit=1200%2C630&ssl=1&resize=700%2C400 2x, https:\/\/i0.wp.com\/ismaelcolosi.com.br\/wp-content\/uploads\/2024\/05\/UFMG-oferece-3.200-vagas-em-curso-online-gratuito.png?fit=1200%2C630&ssl=1&resize=1050%2C600 3x"},"classes":[]},{"id":85539,"url":"https:\/\/ismaelcolosi.com.br\/index.php\/2025\/05\/21\/programa-mais-medicos-abre-31-mil-novas-vagas-no-pais-veja-cidades-e-como-se-inscrever-2\/","url_meta":{"origin":5790,"position":1},"title":"Programa Mais M\u00e9dicos abre 3,1 mil novas vagas no pa\u00eds; veja cidades e como se inscrever","author":"ismaelcolosi.com.br","date":"21 de May de 2025","format":false,"excerpt":"O Governo Federal divulgou o novo edital do programa Mais M\u00e9dicos do Sistema \u00danico de Sa\u00fade (SUS). S\u00e3o 3.174 vagas dispon\u00edveis para inscri\u00e7\u00e3o desde a \u00faltima segunda-feira, 5 de maio, nas 27 Unidades Federativas. +Conab publica edital de concurso p\u00fablico nacional com 403 vagas Ao todo ser\u00e3o 3.066 vagas distribu\u00eddas\u2026","rel":"","context":"In &quot;Empregos - Classificados&quot;","block_context":{"text":"Empregos - Classificados","link":"https:\/\/ismaelcolosi.com.br\/index.php\/category\/empregos-classificados-vagas-trabalho\/"},"img":{"alt_text":"","src":"","width":0,"height":0},"classes":[]},{"id":85207,"url":"https:\/\/ismaelcolosi.com.br\/index.php\/2025\/05\/06\/programa-mais-medicos-abre-31-mil-novas-vagas-no-pais-veja-cidades-e-como-se-inscrever\/","url_meta":{"origin":5790,"position":2},"title":"Programa Mais M\u00e9dicos abre 3,1 mil novas vagas no pa\u00eds; veja cidades e como se inscrever","author":"ismaelcolosi.com.br","date":"6 de May de 2025","format":false,"excerpt":"Da reda\u00e7\u00e3oi Da reda\u00e7\u00e3o 06\/05\/2025 - 7:30 O Governo Federal divulgou o novo edital do programa Mais M\u00e9dicos do Sistema \u00danico de Sa\u00fade (SUS). S\u00e3o 3.174 vagas dispon\u00edveis para inscri\u00e7\u00e3o desde a \u00faltima segunda-feira, 5 de maio, nas 27 Unidades Federativas.+Conab publica edital de concurso p\u00fablico nacional com 403 vagasAo\u2026","rel":"","context":"In &quot;Empregos - Classificados&quot;","block_context":{"text":"Empregos - Classificados","link":"https:\/\/ismaelcolosi.com.br\/index.php\/category\/empregos-classificados-vagas-trabalho\/"},"img":{"alt_text":"","src":"https:\/\/i0.wp.com\/ismaelcolosi.com.br\/wp-content\/uploads\/2025\/05\/mais-medicos.jpg?fit=1170%2C700&ssl=1&resize=350%2C200","width":350,"height":200,"srcset":"https:\/\/i0.wp.com\/ismaelcolosi.com.br\/wp-content\/uploads\/2025\/05\/mais-medicos.jpg?fit=1170%2C700&ssl=1&resize=350%2C200 1x, https:\/\/i0.wp.com\/ismaelcolosi.com.br\/wp-content\/uploads\/2025\/05\/mais-medicos.jpg?fit=1170%2C700&ssl=1&resize=525%2C300 1.5x, https:\/\/i0.wp.com\/ismaelcolosi.com.br\/wp-content\/uploads\/2025\/05\/mais-medicos.jpg?fit=1170%2C700&ssl=1&resize=700%2C400 2x, https:\/\/i0.wp.com\/ismaelcolosi.com.br\/wp-content\/uploads\/2025\/05\/mais-medicos.jpg?fit=1170%2C700&ssl=1&resize=1050%2C600 3x"},"classes":[]},{"id":48922,"url":"https:\/\/ismaelcolosi.com.br\/index.php\/2024\/05\/07\/veja-onde-serao-construidas-novas-unidades-de-saude-em-ribeirao-preto\/","url_meta":{"origin":5790,"position":3},"title":"Veja onde ser\u00e3o constru\u00eddas novas unidades de sa\u00fade em Ribeir\u00e3o Preto","author":"ismaelcolosi.com.br","date":"7 de May de 2024","format":false,"excerpt":"O Minist\u00e9rio da Sa\u00fade liberou repasses do Novo PAC para constru\u00e7\u00e3o de unidades de sa\u00fade em Ribeir\u00e3o Preto. Segundo a prefeitura, as novas UBSs (Unidades B\u00e1sicas de Sa\u00fade) ser\u00e3o constru\u00eddas nas zonas Leste e Norte da cidade. O repasse foi publicado por meio de portaria na \u00faltima segunda-feira (6). Para\u2026","rel":"","context":"In &quot;Not\u00edcias de Ribeir\u00e3o Preto-SP e Regi\u00e3o&quot;","block_context":{"text":"Not\u00edcias de Ribeir\u00e3o Preto-SP e Regi\u00e3o","link":"https:\/\/ismaelcolosi.com.br\/index.php\/category\/noticias-de-ribeirao-preto-sp-e-regiao-ismael-colosi\/"},"img":{"alt_text":"","src":"https:\/\/i0.wp.com\/ismaelcolosi.com.br\/wp-content\/uploads\/2024\/05\/AnyConv.com__unidade-saude-ribeirao-preto_2024-05-07_17-34-57.webp.webp?fit=1200%2C798&ssl=1&resize=350%2C200","width":350,"height":200,"srcset":"https:\/\/i0.wp.com\/ismaelcolosi.com.br\/wp-content\/uploads\/2024\/05\/AnyConv.com__unidade-saude-ribeirao-preto_2024-05-07_17-34-57.webp.webp?fit=1200%2C798&ssl=1&resize=350%2C200 1x, https:\/\/i0.wp.com\/ismaelcolosi.com.br\/wp-content\/uploads\/2024\/05\/AnyConv.com__unidade-saude-ribeirao-preto_2024-05-07_17-34-57.webp.webp?fit=1200%2C798&ssl=1&resize=525%2C300 1.5x, https:\/\/i0.wp.com\/ismaelcolosi.com.br\/wp-content\/uploads\/2024\/05\/AnyConv.com__unidade-saude-ribeirao-preto_2024-05-07_17-34-57.webp.webp?fit=1200%2C798&ssl=1&resize=700%2C400 2x, https:\/\/i0.wp.com\/ismaelcolosi.com.br\/wp-content\/uploads\/2024\/05\/AnyConv.com__unidade-saude-ribeirao-preto_2024-05-07_17-34-57.webp.webp?fit=1200%2C798&ssl=1&resize=1050%2C600 3x"},"classes":[]},{"id":64878,"url":"https:\/\/ismaelcolosi.com.br\/index.php\/2024\/09\/09\/veja-as-propostas-para-area-da-saude-dos-candidatos-a-prefeito-em-ribeirao-preto\/","url_meta":{"origin":5790,"position":4},"title":"Veja as propostas para \u00e1rea da sa\u00fade dos candidatos a prefeito em Ribeir\u00e3o Preto","author":"ismaelcolosi.com.br","date":"9 de September de 2024","format":false,"excerpt":"O portal acidade on reuniu as propostas dos candidatos \u00e0 Prefeitura de Ribeir\u00e3o Preto na \u00e1rea da sa\u00fade. O setor foi considerado o problema atual mais grave na cidade, conforme resultado da pesquisa Quaest, contratada pela EPTV. O primeiro turno das elei\u00e7\u00f5es 2024 est\u00e1 marcado para o dia 6 de\u2026","rel":"","context":"In &quot;Not\u00edcias de Ribeir\u00e3o Preto-SP e Regi\u00e3o&quot;","block_context":{"text":"Not\u00edcias de Ribeir\u00e3o Preto-SP e Regi\u00e3o","link":"https:\/\/ismaelcolosi.com.br\/index.php\/category\/noticias-de-ribeirao-preto-sp-e-regiao-ismael-colosi\/"},"img":{"alt_text":"","src":"https:\/\/i0.wp.com\/ismaelcolosi.com.br\/wp-content\/uploads\/2024\/09\/Copia-de-Copia-de-Copia-de-TAMANHO-EXATO-PARA-FOTOS-NO-SISTEMA-NOVO-39_2024-09-09_20-40-42_png_2024-09-09_20-40-43.webp.webp?fit=1200%2C675&ssl=1&resize=350%2C200","width":350,"height":200,"srcset":"https:\/\/i0.wp.com\/ismaelcolosi.com.br\/wp-content\/uploads\/2024\/09\/Copia-de-Copia-de-Copia-de-TAMANHO-EXATO-PARA-FOTOS-NO-SISTEMA-NOVO-39_2024-09-09_20-40-42_png_2024-09-09_20-40-43.webp.webp?fit=1200%2C675&ssl=1&resize=350%2C200 1x, https:\/\/i0.wp.com\/ismaelcolosi.com.br\/wp-content\/uploads\/2024\/09\/Copia-de-Copia-de-Copia-de-TAMANHO-EXATO-PARA-FOTOS-NO-SISTEMA-NOVO-39_2024-09-09_20-40-42_png_2024-09-09_20-40-43.webp.webp?fit=1200%2C675&ssl=1&resize=525%2C300 1.5x, https:\/\/i0.wp.com\/ismaelcolosi.com.br\/wp-content\/uploads\/2024\/09\/Copia-de-Copia-de-Copia-de-TAMANHO-EXATO-PARA-FOTOS-NO-SISTEMA-NOVO-39_2024-09-09_20-40-42_png_2024-09-09_20-40-43.webp.webp?fit=1200%2C675&ssl=1&resize=700%2C400 2x, https:\/\/i0.wp.com\/ismaelcolosi.com.br\/wp-content\/uploads\/2024\/09\/Copia-de-Copia-de-Copia-de-TAMANHO-EXATO-PARA-FOTOS-NO-SISTEMA-NOVO-39_2024-09-09_20-40-42_png_2024-09-09_20-40-43.webp.webp?fit=1200%2C675&ssl=1&resize=1050%2C600 3x"},"classes":[]},{"id":84352,"url":"https:\/\/ismaelcolosi.com.br\/index.php\/2025\/04\/07\/usp-ribeirao-preto-procura-profissionais-de-saude-para-projeto-sobre-pre-eclampsia-bolsas-de-ate-r-3-300\/","url_meta":{"origin":5790,"position":5},"title":"USP Ribeir\u00e3o Preto Procura Profissionais de Sa\u00fade para Projeto sobre Pr\u00e9-Ecl\u00e2mpsia \u2013 Bolsas de at\u00e9 R$ 3.300!","author":"Arthur Tijolo","date":"7 de April de 2025","format":false,"excerpt":"O Projeto Papagaio da Faculdade de Medicina de Ribeir\u00e3o Preto (FMRP) da USP busca profissionais da \u00e1rea da sa\u00fade para atuar como bolsista em projeto de investiga\u00e7\u00e3o de pacientes com suspeita de pr\u00e9-ecl\u00e2mpsia, que causa hipertens\u00e3o arterial durante a gravidez e analisar os fatores de crescimento placent\u00e1rio para redu\u00e7\u00e3o de\u2026","rel":"","context":"In &quot;Cursos Gratuitos e Bolsas de Estudos&quot;","block_context":{"text":"Cursos Gratuitos e Bolsas de Estudos","link":"https:\/\/ismaelcolosi.com.br\/index.php\/category\/cursos-gratuitos-e-bolsas-de-estudos-ribeirao-preto\/"},"img":{"alt_text":"","src":"https:\/\/i0.wp.com\/ismaelcolosi.com.br\/wp-content\/uploads\/2025\/04\/physiotherapist-doing-healing-treatment-womans-back-back-pain-patient-treatment-medical-doctor-massage-therapistoffice-syndrome-scaled.jpg?fit=1200%2C800&ssl=1&resize=350%2C200","width":350,"height":200,"srcset":"https:\/\/i0.wp.com\/ismaelcolosi.com.br\/wp-content\/uploads\/2025\/04\/physiotherapist-doing-healing-treatment-womans-back-back-pain-patient-treatment-medical-doctor-massage-therapistoffice-syndrome-scaled.jpg?fit=1200%2C800&ssl=1&resize=350%2C200 1x, https:\/\/i0.wp.com\/ismaelcolosi.com.br\/wp-content\/uploads\/2025\/04\/physiotherapist-doing-healing-treatment-womans-back-back-pain-patient-treatment-medical-doctor-massage-therapistoffice-syndrome-scaled.jpg?fit=1200%2C800&ssl=1&resize=525%2C300 1.5x, https:\/\/i0.wp.com\/ismaelcolosi.com.br\/wp-content\/uploads\/2025\/04\/physiotherapist-doing-healing-treatment-womans-back-back-pain-patient-treatment-medical-doctor-massage-therapistoffice-syndrome-scaled.jpg?fit=1200%2C800&ssl=1&resize=700%2C400 2x, https:\/\/i0.wp.com\/ismaelcolosi.com.br\/wp-content\/uploads\/2025\/04\/physiotherapist-doing-healing-treatment-womans-back-back-pain-patient-treatment-medical-doctor-massage-therapistoffice-syndrome-scaled.jpg?fit=1200%2C800&ssl=1&resize=1050%2C600 3x"},"classes":[]}],"jetpack_sharing_enabled":true,"jetpack_shortlink":"https:\/\/wp.me\/pfMlyK-1vo","_links":{"self":[{"href":"https:\/\/ismaelcolosi.com.br\/index.php\/wp-json\/wp\/v2\/posts\/5790","targetHints":{"allow":["GET"]}}],"collection":[{"href":"https:\/\/ismaelcolosi.com.br\/index.php\/wp-json\/wp\/v2\/posts"}],"about":[{"href":"https:\/\/ismaelcolosi.com.br\/index.php\/wp-json\/wp\/v2\/types\/post"}],"author":[{"embeddable":true,"href":"https:\/\/ismaelcolosi.com.br\/index.php\/wp-json\/wp\/v2\/users\/1"}],"replies":[{"embeddable":true,"href":"https:\/\/ismaelcolosi.com.br\/index.php\/wp-json\/wp\/v2\/comments?post=5790"}],"version-history":[{"count":0,"href":"https:\/\/ismaelcolosi.com.br\/index.php\/wp-json\/wp\/v2\/posts\/5790\/revisions"}],"wp:featuredmedia":[{"embeddable":true,"href":"https:\/\/ismaelcolosi.com.br\/index.php\/wp-json\/wp\/v2\/media\/5791"}],"wp:attachment":[{"href":"https:\/\/ismaelcolosi.com.br\/index.php\/wp-json\/wp\/v2\/media?parent=5790"}],"wp:term":[{"taxonomy":"category","embeddable":true,"href":"https:\/\/ismaelcolosi.com.br\/index.php\/wp-json\/wp\/v2\/categories?post=5790"},{"taxonomy":"post_tag","embeddable":true,"href":"https:\/\/ismaelcolosi.com.br\/index.php\/wp-json\/wp\/v2\/tags?post=5790"}],"curies":[{"name":"wp","href":"https:\/\/api.w.org\/{rel}","templated":true}]}}