{"id":57833,"date":"2024-07-24T19:16:55","date_gmt":"2024-07-24T22:16:55","guid":{"rendered":"https:\/\/ismaelcolosi.com.br\/index.php\/2024\/07\/24\/avenida-joao-fiusa-em-ribeirao-preto-fica-maior-entenda\/"},"modified":"2024-07-24T19:16:55","modified_gmt":"2024-07-24T22:16:55","slug":"avenida-joao-fiusa-em-ribeirao-preto-fica-maior-entenda","status":"publish","type":"post","link":"https:\/\/ismaelcolosi.com.br\/index.php\/2024\/07\/24\/avenida-joao-fiusa-em-ribeirao-preto-fica-maior-entenda\/","title":{"rendered":"Avenida Jo\u00e3o Fi\u00fasa em Ribeir\u00e3o Preto fica maior; Entenda"},"content":{"rendered":"<p> <br \/>\n<\/p>\n<div data-td-block-uid=\"tdi_106\">\n<div class=\"tdb-block-inner td-fix-index\">\n<p><span style=\"background-color:#f7cc62\" class=\"td_text_highlight_marker\"><mark style=\"background-color:rgba(0, 0, 0, 0)\" class=\"has-inline-color has-black-color\">A <strong>avenida Professor Jo\u00e3o Fi\u00fasa<\/strong>, na zona Sul de <strong>Ribeir\u00e3o Preto<\/strong>, <strong>ficou maior<\/strong> ap\u00f3s<strong> a extens\u00e3o da via<\/strong>, com <strong>in\u00edcio no curso d\u2019 \u00e1gua Ribeir\u00e3o Preto<\/strong> at\u00e9 a <strong>avenida Deputado S\u00e9rgio Cardoso de Almeida<\/strong><\/mark><\/span>, no bairro Jardim <strong>Olhos d\u2019 \u00c1gua<\/strong>.<\/p>\n<p>O <strong>decreto do prefeito Duarte Nogueira<\/strong>, que nomeou como <strong>Jo\u00e3o Fi\u00fasa<\/strong> o trecho, foi <strong>publicado<\/strong> nesta <strong>quarta-feira<\/strong> (24) no <strong>DOM<\/strong> (Di\u00e1rio Oficial do Munic\u00edpio).<\/p>\n<p>De acordo com a publica\u00e7\u00e3o, o <strong>decreto foi baseado na Lei Complementar 2.204 de 2007<\/strong>, que \u00e9 sobre o <strong>Plano Vi\u00e1rio Municipal<\/strong>.<\/p>\n<p>SAIBA MAIS <\/p>\n<p>Grupo Fran\u00e7a e os Chor\u00f5es se apresenta no \u2018Chorinho na 7\u2019 em pra\u00e7a no Centro de Ribeir\u00e3o<\/p>\n<h4 class=\"wp-block-heading\"><strong>FIQUE ON<\/strong><\/h4>\n<p>Fique ligado em tudo que acontece em Ribeir\u00e3o Preto e regi\u00e3o. Siga os perfis do\u00a0<strong>acidade on\u00a0<\/strong>no\u00a0<a href=\"https:\/\/www.instagram.com\/acidadeonribeirao\" target=\"_blank\" rel=\"noreferrer noopener\">Instagram<\/a>\u00a0e no\u00a0<a href=\"https:\/\/www.facebook.com\/acidadeonribeirao\/\" target=\"_blank\" rel=\"noreferrer noopener\">Facebook<\/a>.<\/p>\n<p>Receba not\u00edcias do<strong>\u00a0acidade on<\/strong>\u00a0no WhatsApp.\u00a0<a href=\"https:\/\/chat.whatsapp.com\/CdrZ6xrf7quD44Vw3WlPuZ\" target=\"_blank\" rel=\"noreferrer noopener\">Para entrar no grupo, basta clicar aqui.<\/a><\/p>\n<p>Fa\u00e7a uma den\u00fancia ou sugira uma reportagem sobre Ribeir\u00e3o Preto e regi\u00e3o pelo WhatsApp: 16 99117 7802.<\/p>\n<p>VEJA TAMB\u00c9M<br \/>Quanto ganha o Pr\u00edncipe William?<\/p>\n<p><!-- AI CONTENT END 1 -->\n<\/div>\n<\/div>\n<p><script async src=\"\/\/www.instagram.com\/embed.js\"><\/script><br \/>\n<br \/><br \/>\n<br \/><a href=\"https:\/\/www.acidadeon.com\/ribeiraopreto\/cotidiano\/avenida-joao-fiusa-em-ribeirao-preto-fica-maior-entenda\/\">Source link <\/a><\/p>\n<div class='code-block code-block-4' style='margin: 8px auto 8px 0; text-align: left; display: block; clear: both;'>\n\ud83d\udce2 Aviso Legal\n\nO site ismaelcolosi.com.br atua apenas como um canal de divulga\u00e7\u00e3o de oportunidades de emprego e n\u00e3o se responsabiliza pelo processo seletivo, contrata\u00e7\u00e3o ou qualquer outra etapa relacionada \u00e0s vagas publicadas. Todas as informa\u00e7\u00f5es s\u00e3o de responsabilidade dos anunciantes.\n\n\u26a0\ufe0f Aten\u00e7\u00e3o! Nunca pague por promessas de emprego nem compre cursos que garantam contrata\u00e7\u00e3o. Desconfie de qualquer cobran\u00e7a para participar de sele\u00e7\u00f5es.\n\n\n\n<\/div>\n<!-- CONTENT END 1 -->\n","protected":false},"excerpt":{"rendered":"<p>A avenida Professor Jo\u00e3o Fi\u00fasa, na zona Sul de Ribeir\u00e3o Preto, ficou maior ap\u00f3s a extens\u00e3o da via, com in\u00edcio no curso d\u2019 \u00e1gua Ribeir\u00e3o&#8230;<\/p>\n","protected":false},"author":1,"featured_media":57834,"comment_status":"open","ping_status":"open","sticky":false,"template":"","format":"standard","meta":{"_uag_custom_page_level_css":"","advanced_seo_description":"","jetpack_seo_html_title":"","jetpack_seo_noindex":false,"jetpack_post_was_ever_published":false,"_jetpack_newsletter_access":"","_jetpack_dont_email_post_to_subs":false,"_jetpack_newsletter_tier_id":0,"_jetpack_memberships_contains_paywalled_content":false,"_jetpack_memberships_contains_paid_content":false,"footnotes":"","jetpack_publicize_message":"","jetpack_publicize_feature_enabled":true,"jetpack_social_post_already_shared":true,"jetpack_social_options":{"image_generator_settings":{"template":"highway","default_image_id":0,"font":"","enabled":false},"version":2}},"categories":[11],"tags":[],"class_list":["post-57833","post","type-post","status-publish","format-standard","has-post-thumbnail","hentry","category-noticias-de-ribeirao-preto-sp-e-regiao-ismael-colosi"],"jetpack_publicize_connections":[],"jetpack_featured_media_url":"https:\/\/i0.wp.com\/ismaelcolosi.com.br\/wp-content\/uploads\/2024\/07\/Copia-de-Copia-de-TAMANHO-EXATO-PARA-FOTOS-NO-SISTEMA-NOVO-24_2024-07-24_21-41-30_jpg_2024-07-24_21-41-31.webp.webp?fit=1200%2C675&ssl=1","uagb_featured_image_src":{"full":["https:\/\/i0.wp.com\/ismaelcolosi.com.br\/wp-content\/uploads\/2024\/07\/Copia-de-Copia-de-TAMANHO-EXATO-PARA-FOTOS-NO-SISTEMA-NOVO-24_2024-07-24_21-41-30_jpg_2024-07-24_21-41-31.webp.webp?fit=1200%2C675&ssl=1",1200,675,false],"thumbnail":["https:\/\/i0.wp.com\/ismaelcolosi.com.br\/wp-content\/uploads\/2024\/07\/Copia-de-Copia-de-TAMANHO-EXATO-PARA-FOTOS-NO-SISTEMA-NOVO-24_2024-07-24_21-41-30_jpg_2024-07-24_21-41-31.webp.webp?resize=150%2C150&ssl=1",150,150,true],"medium":["https:\/\/i0.wp.com\/ismaelcolosi.com.br\/wp-content\/uploads\/2024\/07\/Copia-de-Copia-de-TAMANHO-EXATO-PARA-FOTOS-NO-SISTEMA-NOVO-24_2024-07-24_21-41-30_jpg_2024-07-24_21-41-31.webp.webp?fit=300%2C169&ssl=1",300,169,true],"medium_large":["https:\/\/i0.wp.com\/ismaelcolosi.com.br\/wp-content\/uploads\/2024\/07\/Copia-de-Copia-de-TAMANHO-EXATO-PARA-FOTOS-NO-SISTEMA-NOVO-24_2024-07-24_21-41-30_jpg_2024-07-24_21-41-31.webp.webp?fit=768%2C432&ssl=1",768,432,true],"large":["https:\/\/i0.wp.com\/ismaelcolosi.com.br\/wp-content\/uploads\/2024\/07\/Copia-de-Copia-de-TAMANHO-EXATO-PARA-FOTOS-NO-SISTEMA-NOVO-24_2024-07-24_21-41-30_jpg_2024-07-24_21-41-31.webp.webp?fit=1024%2C576&ssl=1",1024,576,true],"1536x1536":["https:\/\/i0.wp.com\/ismaelcolosi.com.br\/wp-content\/uploads\/2024\/07\/Copia-de-Copia-de-TAMANHO-EXATO-PARA-FOTOS-NO-SISTEMA-NOVO-24_2024-07-24_21-41-30_jpg_2024-07-24_21-41-31.webp.webp?fit=1200%2C675&ssl=1",1200,675,true],"2048x2048":["https:\/\/i0.wp.com\/ismaelcolosi.com.br\/wp-content\/uploads\/2024\/07\/Copia-de-Copia-de-TAMANHO-EXATO-PARA-FOTOS-NO-SISTEMA-NOVO-24_2024-07-24_21-41-30_jpg_2024-07-24_21-41-31.webp.webp?fit=1200%2C675&ssl=1",1200,675,true],"really-simple-thumb":["https:\/\/i0.wp.com\/ismaelcolosi.com.br\/wp-content\/uploads\/2024\/07\/Copia-de-Copia-de-TAMANHO-EXATO-PARA-FOTOS-NO-SISTEMA-NOVO-24_2024-07-24_21-41-30_jpg_2024-07-24_21-41-31.webp.webp?resize=370%2C247&ssl=1",370,247,true]},"uagb_author_info":{"display_name":"ismaelcolosi.com.br","author_link":"https:\/\/ismaelcolosi.com.br\/index.php\/author\/vidareal-online\/"},"uagb_comment_info":0,"uagb_excerpt":"A avenida Professor Jo\u00e3o Fi\u00fasa, na zona Sul de Ribeir\u00e3o Preto, ficou maior ap\u00f3s a extens\u00e3o da via, com in\u00edcio no curso d\u2019 \u00e1gua Ribeir\u00e3o...","jetpack-related-posts":[{"id":58780,"url":"https:\/\/ismaelcolosi.com.br\/index.php\/2024\/08\/02\/saiba-quem-foi-joao-fiusa-homenageado-em-avenida-de-ribeirao-preto\/","url_meta":{"origin":57833,"position":0},"title":"Saiba quem foi Jo\u00e3o Fiusa, homenageado em avenida de Ribeir\u00e3o Preto","author":"ismaelcolosi.com.br","date":"2 de August de 2024","format":false,"excerpt":"Muitos se perguntam quem foi Jo\u00e3o Fiusa, que \u00e9 homenageado em uma das avenidas mais conhecidas de Ribeir\u00e3o Preto. A hist\u00f3ria de quem foi a pessoa por tr\u00e1s do nome da avenida localizada na zona Sul da cidade ainda \u00e9 desconhecida por boa parte da popula\u00e7\u00e3o ribeir\u00e3o-pretana. Uma mat\u00e9ria publicada\u2026","rel":"","context":"In &quot;Not\u00edcias de Ribeir\u00e3o Preto-SP e Regi\u00e3o&quot;","block_context":{"text":"Not\u00edcias de Ribeir\u00e3o Preto-SP e Regi\u00e3o","link":"https:\/\/ismaelcolosi.com.br\/index.php\/category\/noticias-de-ribeirao-preto-sp-e-regiao-ismael-colosi\/"},"img":{"alt_text":"","src":"https:\/\/i0.wp.com\/ismaelcolosi.com.br\/wp-content\/uploads\/2024\/08\/Copia-de-Copia-de-TAMANHO-EXATO-PARA-FOTOS-NO-SISTEMA-NOVO-25_2024-08-02_15-00-52_jpg_2024-08-02_15-00-52.webp.webp?fit=1200%2C675&ssl=1&resize=350%2C200","width":350,"height":200,"srcset":"https:\/\/i0.wp.com\/ismaelcolosi.com.br\/wp-content\/uploads\/2024\/08\/Copia-de-Copia-de-TAMANHO-EXATO-PARA-FOTOS-NO-SISTEMA-NOVO-25_2024-08-02_15-00-52_jpg_2024-08-02_15-00-52.webp.webp?fit=1200%2C675&ssl=1&resize=350%2C200 1x, https:\/\/i0.wp.com\/ismaelcolosi.com.br\/wp-content\/uploads\/2024\/08\/Copia-de-Copia-de-TAMANHO-EXATO-PARA-FOTOS-NO-SISTEMA-NOVO-25_2024-08-02_15-00-52_jpg_2024-08-02_15-00-52.webp.webp?fit=1200%2C675&ssl=1&resize=525%2C300 1.5x, https:\/\/i0.wp.com\/ismaelcolosi.com.br\/wp-content\/uploads\/2024\/08\/Copia-de-Copia-de-TAMANHO-EXATO-PARA-FOTOS-NO-SISTEMA-NOVO-25_2024-08-02_15-00-52_jpg_2024-08-02_15-00-52.webp.webp?fit=1200%2C675&ssl=1&resize=700%2C400 2x, https:\/\/i0.wp.com\/ismaelcolosi.com.br\/wp-content\/uploads\/2024\/08\/Copia-de-Copia-de-TAMANHO-EXATO-PARA-FOTOS-NO-SISTEMA-NOVO-25_2024-08-02_15-00-52_jpg_2024-08-02_15-00-52.webp.webp?fit=1200%2C675&ssl=1&resize=1050%2C600 3x"},"classes":[]},{"id":71441,"url":"https:\/\/ismaelcolosi.com.br\/index.php\/2024\/10\/16\/caminhonete-destroi-fachada-de-comercio-na-fiusa-em-ribeirao-preto\/","url_meta":{"origin":57833,"position":1},"title":"Caminhonete destr\u00f3i fachada de com\u00e9rcio na Fi\u00fasa em Ribeir\u00e3o Preto","author":"ismaelcolosi.com.br","date":"16 de October de 2024","format":false,"excerpt":"Uma caminhonete destruiu parte da frente de um com\u00e9rcio de comida congelada na madrugada desta quarta-feira (16), na avenida Jo\u00e3o Fi\u00fasa, no Alto da Boa Vista, zona Sul de Ribeir\u00e3o Preto. Assista ao v\u00eddeo abaixo. Segundo informa\u00e7\u00f5es de uma funcion\u00e1ria do estabelecimento, o ve\u00edculo foi encontrado no local durante a\u2026","rel":"","context":"In &quot;Not\u00edcias de Ribeir\u00e3o Preto-SP e Regi\u00e3o&quot;","block_context":{"text":"Not\u00edcias de Ribeir\u00e3o Preto-SP e Regi\u00e3o","link":"https:\/\/ismaelcolosi.com.br\/index.php\/category\/noticias-de-ribeirao-preto-sp-e-regiao-ismael-colosi\/"},"img":{"alt_text":"","src":"https:\/\/i0.wp.com\/ismaelcolosi.com.br\/wp-content\/uploads\/2024\/10\/WhatsApp-Image-2024-10-16-at-11.37.18_2024-10-16_14-49-29_jpeg_2024-10-16_14-49-29.webp.webp?fit=1200%2C1036&ssl=1&resize=350%2C200","width":350,"height":200,"srcset":"https:\/\/i0.wp.com\/ismaelcolosi.com.br\/wp-content\/uploads\/2024\/10\/WhatsApp-Image-2024-10-16-at-11.37.18_2024-10-16_14-49-29_jpeg_2024-10-16_14-49-29.webp.webp?fit=1200%2C1036&ssl=1&resize=350%2C200 1x, https:\/\/i0.wp.com\/ismaelcolosi.com.br\/wp-content\/uploads\/2024\/10\/WhatsApp-Image-2024-10-16-at-11.37.18_2024-10-16_14-49-29_jpeg_2024-10-16_14-49-29.webp.webp?fit=1200%2C1036&ssl=1&resize=525%2C300 1.5x, https:\/\/i0.wp.com\/ismaelcolosi.com.br\/wp-content\/uploads\/2024\/10\/WhatsApp-Image-2024-10-16-at-11.37.18_2024-10-16_14-49-29_jpeg_2024-10-16_14-49-29.webp.webp?fit=1200%2C1036&ssl=1&resize=700%2C400 2x, https:\/\/i0.wp.com\/ismaelcolosi.com.br\/wp-content\/uploads\/2024\/10\/WhatsApp-Image-2024-10-16-at-11.37.18_2024-10-16_14-49-29_jpeg_2024-10-16_14-49-29.webp.webp?fit=1200%2C1036&ssl=1&resize=1050%2C600 3x"},"classes":[]},{"id":69665,"url":"https:\/\/ismaelcolosi.com.br\/index.php\/2024\/10\/07\/vandalismo-em-poco-causa-falta-dagua-em-bairros-de-ribeirao-preto-veja-locais-afetados\/","url_meta":{"origin":57833,"position":2},"title":"Vandalismo em po\u00e7o causa falta d\u2019\u00e1gua em bairros de Ribeir\u00e3o Preto; Veja locais afetados","author":"ismaelcolosi.com.br","date":"7 de October de 2024","format":false,"excerpt":"A Saerp (Secretaria de \u00c1gua e Esgoto de Ribeir\u00e3o Preto) informou nesta segunda-feira (7) que bairros e condom\u00ednios de Ribeir\u00e3o Preto podem ficar sem \u00e1gua. De acordo com a secretaria, o Po\u00e7o Splash Park foi alvo de vandalismo e a parte el\u00e9trica do sistema de abastecimento foi danificado, o que\u2026","rel":"","context":"In &quot;Not\u00edcias de Ribeir\u00e3o Preto-SP e Regi\u00e3o&quot;","block_context":{"text":"Not\u00edcias de Ribeir\u00e3o Preto-SP e Regi\u00e3o","link":"https:\/\/ismaelcolosi.com.br\/index.php\/category\/noticias-de-ribeirao-preto-sp-e-regiao-ismael-colosi\/"},"img":{"alt_text":"","src":"https:\/\/i0.wp.com\/ismaelcolosi.com.br\/wp-content\/uploads\/2024\/08\/Copia-de-Copia-de-Copia-de-TAMANHO-EXATO-PARA-FOTOS-NO-SISTEMA-NOVO-10_2024-08-19_12-12-48_jpg_2024-08-19_12-12-48.webp.webp?fit=1200%2C675&ssl=1&resize=350%2C200","width":350,"height":200,"srcset":"https:\/\/i0.wp.com\/ismaelcolosi.com.br\/wp-content\/uploads\/2024\/08\/Copia-de-Copia-de-Copia-de-TAMANHO-EXATO-PARA-FOTOS-NO-SISTEMA-NOVO-10_2024-08-19_12-12-48_jpg_2024-08-19_12-12-48.webp.webp?fit=1200%2C675&ssl=1&resize=350%2C200 1x, https:\/\/i0.wp.com\/ismaelcolosi.com.br\/wp-content\/uploads\/2024\/08\/Copia-de-Copia-de-Copia-de-TAMANHO-EXATO-PARA-FOTOS-NO-SISTEMA-NOVO-10_2024-08-19_12-12-48_jpg_2024-08-19_12-12-48.webp.webp?fit=1200%2C675&ssl=1&resize=525%2C300 1.5x, https:\/\/i0.wp.com\/ismaelcolosi.com.br\/wp-content\/uploads\/2024\/08\/Copia-de-Copia-de-Copia-de-TAMANHO-EXATO-PARA-FOTOS-NO-SISTEMA-NOVO-10_2024-08-19_12-12-48_jpg_2024-08-19_12-12-48.webp.webp?fit=1200%2C675&ssl=1&resize=700%2C400 2x, https:\/\/i0.wp.com\/ismaelcolosi.com.br\/wp-content\/uploads\/2024\/08\/Copia-de-Copia-de-Copia-de-TAMANHO-EXATO-PARA-FOTOS-NO-SISTEMA-NOVO-10_2024-08-19_12-12-48_jpg_2024-08-19_12-12-48.webp.webp?fit=1200%2C675&ssl=1&resize=1050%2C600 3x"},"classes":[]},{"id":57831,"url":"https:\/\/ismaelcolosi.com.br\/index.php\/2024\/07\/24\/batida-entre-carro-e-caminhao-deixa-vitimas-graves-em-rodovia-da-regiao-de-ribeirao-preto\/","url_meta":{"origin":57833,"position":3},"title":"Batida entre carro e caminh\u00e3o deixa v\u00edtimas graves em rodovia da regi\u00e3o de Ribeir\u00e3o Preto","author":"ismaelcolosi.com.br","date":"24 de July de 2024","format":false,"excerpt":"Uma batida entre um carro e um caminh\u00e3o deixou ao menos duas v\u00edtimas graves, na noite desta quarta-feira (24), no quil\u00f4metro 24 da rodovia Altino Arantes, em Altin\u00f3polis, na regi\u00e3o de Ribeir\u00e3o Preto. As primeiras informa\u00e7\u00f5es foram passadas pelo Corpo de Bombeiros de Ribeir\u00e3o Preto, que segue com equipes para\u2026","rel":"","context":"In &quot;Not\u00edcias de Ribeir\u00e3o Preto-SP e Regi\u00e3o&quot;","block_context":{"text":"Not\u00edcias de Ribeir\u00e3o Preto-SP e Regi\u00e3o","link":"https:\/\/ismaelcolosi.com.br\/index.php\/category\/noticias-de-ribeirao-preto-sp-e-regiao-ismael-colosi\/"},"img":{"alt_text":"","src":"https:\/\/i0.wp.com\/ismaelcolosi.com.br\/wp-content\/uploads\/2024\/07\/Copia-de-Copia-de-TAMANHO-EXATO-PARA-FOTOS-NO-SISTEMA-NOVO-25_2024-07-24_21-52-28_jpg_2024-07-24_21-52-28.webp.webp?fit=1200%2C675&ssl=1&resize=350%2C200","width":350,"height":200,"srcset":"https:\/\/i0.wp.com\/ismaelcolosi.com.br\/wp-content\/uploads\/2024\/07\/Copia-de-Copia-de-TAMANHO-EXATO-PARA-FOTOS-NO-SISTEMA-NOVO-25_2024-07-24_21-52-28_jpg_2024-07-24_21-52-28.webp.webp?fit=1200%2C675&ssl=1&resize=350%2C200 1x, https:\/\/i0.wp.com\/ismaelcolosi.com.br\/wp-content\/uploads\/2024\/07\/Copia-de-Copia-de-TAMANHO-EXATO-PARA-FOTOS-NO-SISTEMA-NOVO-25_2024-07-24_21-52-28_jpg_2024-07-24_21-52-28.webp.webp?fit=1200%2C675&ssl=1&resize=525%2C300 1.5x, https:\/\/i0.wp.com\/ismaelcolosi.com.br\/wp-content\/uploads\/2024\/07\/Copia-de-Copia-de-TAMANHO-EXATO-PARA-FOTOS-NO-SISTEMA-NOVO-25_2024-07-24_21-52-28_jpg_2024-07-24_21-52-28.webp.webp?fit=1200%2C675&ssl=1&resize=700%2C400 2x, https:\/\/i0.wp.com\/ismaelcolosi.com.br\/wp-content\/uploads\/2024\/07\/Copia-de-Copia-de-TAMANHO-EXATO-PARA-FOTOS-NO-SISTEMA-NOVO-25_2024-07-24_21-52-28_jpg_2024-07-24_21-52-28.webp.webp?fit=1200%2C675&ssl=1&resize=1050%2C600 3x"},"classes":[]},{"id":58788,"url":"https:\/\/ismaelcolosi.com.br\/index.php\/2024\/08\/02\/regiao-da-avenida-dom-pedro-i-ganha-novas-vagas-de-area-azul-veja-onde\/","url_meta":{"origin":57833,"position":4},"title":"Regi\u00e3o da avenida Dom Pedro I ganha novas vagas de \u00e1rea azul; Veja onde","author":"ismaelcolosi.com.br","date":"2 de August de 2024","format":false,"excerpt":"O entorno da pra\u00e7a Pedro Biagi, no bairro Ipiranga, na zona Norte de Ribeir\u00e3o Preto, ter\u00e1 novas vagas de estacionamento nos pr\u00f3ximos dias. Os locais j\u00e1 est\u00e3o demarcados e sinalizados, mas a cobran\u00e7a da \u00e1rea azul, ainda, n\u00e3o tem data definida. A solicita\u00e7\u00e3o da Acirp (Associa\u00e7\u00e3o Comercial e Industrial de\u2026","rel":"","context":"In &quot;Not\u00edcias de Ribeir\u00e3o Preto-SP e Regi\u00e3o&quot;","block_context":{"text":"Not\u00edcias de Ribeir\u00e3o Preto-SP e Regi\u00e3o","link":"https:\/\/ismaelcolosi.com.br\/index.php\/category\/noticias-de-ribeirao-preto-sp-e-regiao-ismael-colosi\/"},"img":{"alt_text":"","src":"https:\/\/i0.wp.com\/ismaelcolosi.com.br\/wp-content\/uploads\/2024\/08\/4_2024-08-02_16-01-17_jpg_2024-08-02_16-01-17.webp.webp?fit=1200%2C675&ssl=1&resize=350%2C200","width":350,"height":200,"srcset":"https:\/\/i0.wp.com\/ismaelcolosi.com.br\/wp-content\/uploads\/2024\/08\/4_2024-08-02_16-01-17_jpg_2024-08-02_16-01-17.webp.webp?fit=1200%2C675&ssl=1&resize=350%2C200 1x, https:\/\/i0.wp.com\/ismaelcolosi.com.br\/wp-content\/uploads\/2024\/08\/4_2024-08-02_16-01-17_jpg_2024-08-02_16-01-17.webp.webp?fit=1200%2C675&ssl=1&resize=525%2C300 1.5x, https:\/\/i0.wp.com\/ismaelcolosi.com.br\/wp-content\/uploads\/2024\/08\/4_2024-08-02_16-01-17_jpg_2024-08-02_16-01-17.webp.webp?fit=1200%2C675&ssl=1&resize=700%2C400 2x, https:\/\/i0.wp.com\/ismaelcolosi.com.br\/wp-content\/uploads\/2024\/08\/4_2024-08-02_16-01-17_jpg_2024-08-02_16-01-17.webp.webp?fit=1200%2C675&ssl=1&resize=1050%2C600 3x"},"classes":[]},{"id":19089,"url":"https:\/\/ismaelcolosi.com.br\/index.php\/2023\/12\/21\/caravana-de-natal-da-coca-cola-encerra-hoje-desfiles-em-ribeirao-preto\/","url_meta":{"origin":57833,"position":5},"title":"Caravana de Natal da Coca-Cola encerra hoje desfiles em Ribeir\u00e3o Preto","author":"ismaelcolosi.com.br","date":"21 de December de 2023","format":false,"excerpt":"A Caravana de Natal da Coca-Cola encerra, nesta quinta-feira (21), a partir das 19 horas, os desfiles em Ribeir\u00e3o Preto. Na terceira e \u00faltima passagem da comitiva em 2023, os caminh\u00f5es enfeitados v\u00e3o transitar pela zona Sul, incluindo a avenida Jo\u00e3o Fi\u00fasa e o distrito de Bonfim Paulista. De acordo\u2026","rel":"","context":"In &quot;Not\u00edcias de Ribeir\u00e3o Preto-SP e Regi\u00e3o&quot;","block_context":{"text":"Not\u00edcias de Ribeir\u00e3o Preto-SP e Regi\u00e3o","link":"https:\/\/ismaelcolosi.com.br\/index.php\/category\/noticias-de-ribeirao-preto-sp-e-regiao-ismael-colosi\/"},"img":{"alt_text":"","src":"https:\/\/i0.wp.com\/ismaelcolosi.com.br\/wp-content\/uploads\/2023\/12\/mapa.jpg?fit=918%2C618&ssl=1&resize=350%2C200","width":350,"height":200,"srcset":"https:\/\/i0.wp.com\/ismaelcolosi.com.br\/wp-content\/uploads\/2023\/12\/mapa.jpg?fit=918%2C618&ssl=1&resize=350%2C200 1x, https:\/\/i0.wp.com\/ismaelcolosi.com.br\/wp-content\/uploads\/2023\/12\/mapa.jpg?fit=918%2C618&ssl=1&resize=525%2C300 1.5x, https:\/\/i0.wp.com\/ismaelcolosi.com.br\/wp-content\/uploads\/2023\/12\/mapa.jpg?fit=918%2C618&ssl=1&resize=700%2C400 2x"},"classes":[]}],"jetpack_sharing_enabled":true,"jetpack_shortlink":"https:\/\/wp.me\/pfMlyK-f2N","_links":{"self":[{"href":"https:\/\/ismaelcolosi.com.br\/index.php\/wp-json\/wp\/v2\/posts\/57833","targetHints":{"allow":["GET"]}}],"collection":[{"href":"https:\/\/ismaelcolosi.com.br\/index.php\/wp-json\/wp\/v2\/posts"}],"about":[{"href":"https:\/\/ismaelcolosi.com.br\/index.php\/wp-json\/wp\/v2\/types\/post"}],"author":[{"embeddable":true,"href":"https:\/\/ismaelcolosi.com.br\/index.php\/wp-json\/wp\/v2\/users\/1"}],"replies":[{"embeddable":true,"href":"https:\/\/ismaelcolosi.com.br\/index.php\/wp-json\/wp\/v2\/comments?post=57833"}],"version-history":[{"count":0,"href":"https:\/\/ismaelcolosi.com.br\/index.php\/wp-json\/wp\/v2\/posts\/57833\/revisions"}],"wp:featuredmedia":[{"embeddable":true,"href":"https:\/\/ismaelcolosi.com.br\/index.php\/wp-json\/wp\/v2\/media\/57834"}],"wp:attachment":[{"href":"https:\/\/ismaelcolosi.com.br\/index.php\/wp-json\/wp\/v2\/media?parent=57833"}],"wp:term":[{"taxonomy":"category","embeddable":true,"href":"https:\/\/ismaelcolosi.com.br\/index.php\/wp-json\/wp\/v2\/categories?post=57833"},{"taxonomy":"post_tag","embeddable":true,"href":"https:\/\/ismaelcolosi.com.br\/index.php\/wp-json\/wp\/v2\/tags?post=57833"}],"curies":[{"name":"wp","href":"https:\/\/api.w.org\/{rel}","templated":true}]}}