{"id":57831,"date":"2024-07-24T19:04:49","date_gmt":"2024-07-24T22:04:49","guid":{"rendered":"https:\/\/ismaelcolosi.com.br\/index.php\/2024\/07\/24\/batida-entre-carro-e-caminhao-deixa-vitimas-graves-em-rodovia-da-regiao-de-ribeirao-preto\/"},"modified":"2024-07-24T19:04:49","modified_gmt":"2024-07-24T22:04:49","slug":"batida-entre-carro-e-caminhao-deixa-vitimas-graves-em-rodovia-da-regiao-de-ribeirao-preto","status":"publish","type":"post","link":"https:\/\/ismaelcolosi.com.br\/index.php\/2024\/07\/24\/batida-entre-carro-e-caminhao-deixa-vitimas-graves-em-rodovia-da-regiao-de-ribeirao-preto\/","title":{"rendered":"Batida entre carro e caminh\u00e3o deixa v\u00edtimas graves em rodovia da regi\u00e3o de Ribeir\u00e3o Preto"},"content":{"rendered":"<p> <br \/>\n<\/p>\n<div data-td-block-uid=\"tdi_106\">\n<div class=\"tdb-block-inner td-fix-index\">\n<p>Uma <strong>batida entre um carro e um caminh\u00e3o <\/strong>deixou <strong>ao menos duas v\u00edtimas graves<\/strong>, na noite desta quarta-feira (24), no quil\u00f4metro 24 da <strong>rodovia Altino Arantes<\/strong>, em <strong>Altin\u00f3polis<\/strong>, na regi\u00e3o de <strong>Ribeir\u00e3o Preto<\/strong>.<\/p>\n<p>As primeiras informa\u00e7\u00f5es foram passadas pelo <strong>Corpo de Bombeiros de Ribeir\u00e3o<\/strong> <strong>Preto<\/strong>, que segue com equipes para realizar o atendimento as <strong>v\u00edtimas presas \u00e0s ferragens<\/strong>.<\/p>\n<p><strong><em>*Mat\u00e9ria em atualiza\u00e7\u00e3o<\/em><\/strong><\/p>\n<p>SAIBA MAIS <\/p>\n<p>Avenida Jo\u00e3o Fi\u00fasa em Ribeir\u00e3o Preto fica maior; Entenda<\/p>\n<h4 class=\"wp-block-heading\"><strong>FIQUE ON<\/strong><\/h4>\n<p>Fique ligado em tudo que acontece em Ribeir\u00e3o Preto e regi\u00e3o. Siga os perfis do\u00a0<strong>acidade on\u00a0<\/strong>no\u00a0<a href=\"https:\/\/www.instagram.com\/acidadeonribeirao\" target=\"_blank\" rel=\"noreferrer noopener\">Instagram<\/a>\u00a0e no\u00a0<a href=\"https:\/\/www.facebook.com\/acidadeonribeirao\/\" target=\"_blank\" rel=\"noreferrer noopener\">Facebook<\/a>.<\/p>\n<p>Receba not\u00edcias do<strong>\u00a0acidade on<\/strong>\u00a0no WhatsApp.\u00a0<a href=\"https:\/\/chat.whatsapp.com\/CdrZ6xrf7quD44Vw3WlPuZ\" target=\"_blank\" rel=\"noreferrer noopener\">Para entrar no grupo, basta clicar aqui.<\/a><\/p>\n<p>Fa\u00e7a uma den\u00fancia ou sugira uma reportagem sobre Ribeir\u00e3o Preto e regi\u00e3o pelo WhatsApp: 16 99117 7802.<\/p>\n<p>VEJA TAMB\u00c9M<br \/>Quanto ganha o Pr\u00edncipe William?<\/p>\n<p><!-- AI CONTENT END 1 -->\n<\/div>\n<\/div>\n<p><script async src=\"\/\/www.instagram.com\/embed.js\"><\/script><br \/>\n<br \/><br \/>\n<br \/><a href=\"https:\/\/www.acidadeon.com\/ribeiraopreto\/cotidiano\/batida-entre-carro-e-caminhao-deixa-vitimas-graves-em-rodovia-da-regiao-de-ribeirao-preto\/\">Source link <\/a><\/p>\n<div class='code-block code-block-4' style='margin: 8px auto 8px 0; text-align: left; display: block; clear: both;'>\n\ud83d\udce2 Aviso Legal\n\nO site ismaelcolosi.com.br atua apenas como um canal de divulga\u00e7\u00e3o de oportunidades de emprego e n\u00e3o se responsabiliza pelo processo seletivo, contrata\u00e7\u00e3o ou qualquer outra etapa relacionada \u00e0s vagas publicadas. Todas as informa\u00e7\u00f5es s\u00e3o de responsabilidade dos anunciantes.\n\n\u26a0\ufe0f Aten\u00e7\u00e3o! Nunca pague por promessas de emprego nem compre cursos que garantam contrata\u00e7\u00e3o. Desconfie de qualquer cobran\u00e7a para participar de sele\u00e7\u00f5es.\n\n\n\n<\/div>\n<!-- CONTENT END 1 -->\n","protected":false},"excerpt":{"rendered":"<p>Uma batida entre um carro e um caminh\u00e3o deixou ao menos duas v\u00edtimas graves, na noite desta quarta-feira (24), no quil\u00f4metro 24 da rodovia Altino&#8230;<\/p>\n","protected":false},"author":1,"featured_media":57832,"comment_status":"open","ping_status":"open","sticky":false,"template":"","format":"standard","meta":{"_uag_custom_page_level_css":"","advanced_seo_description":"","jetpack_seo_html_title":"","jetpack_seo_noindex":false,"jetpack_post_was_ever_published":false,"_jetpack_newsletter_access":"","_jetpack_dont_email_post_to_subs":false,"_jetpack_newsletter_tier_id":0,"_jetpack_memberships_contains_paywalled_content":false,"_jetpack_memberships_contains_paid_content":false,"footnotes":"","jetpack_publicize_message":"","jetpack_publicize_feature_enabled":true,"jetpack_social_post_already_shared":true,"jetpack_social_options":{"image_generator_settings":{"template":"highway","default_image_id":0,"font":"","enabled":false},"version":2}},"categories":[11],"tags":[],"class_list":["post-57831","post","type-post","status-publish","format-standard","has-post-thumbnail","hentry","category-noticias-de-ribeirao-preto-sp-e-regiao-ismael-colosi"],"jetpack_publicize_connections":[],"jetpack_featured_media_url":"https:\/\/i0.wp.com\/ismaelcolosi.com.br\/wp-content\/uploads\/2024\/07\/Copia-de-Copia-de-TAMANHO-EXATO-PARA-FOTOS-NO-SISTEMA-NOVO-25_2024-07-24_21-52-28_jpg_2024-07-24_21-52-28.webp.webp?fit=1200%2C675&ssl=1","uagb_featured_image_src":{"full":["https:\/\/i0.wp.com\/ismaelcolosi.com.br\/wp-content\/uploads\/2024\/07\/Copia-de-Copia-de-TAMANHO-EXATO-PARA-FOTOS-NO-SISTEMA-NOVO-25_2024-07-24_21-52-28_jpg_2024-07-24_21-52-28.webp.webp?fit=1200%2C675&ssl=1",1200,675,false],"thumbnail":["https:\/\/i0.wp.com\/ismaelcolosi.com.br\/wp-content\/uploads\/2024\/07\/Copia-de-Copia-de-TAMANHO-EXATO-PARA-FOTOS-NO-SISTEMA-NOVO-25_2024-07-24_21-52-28_jpg_2024-07-24_21-52-28.webp.webp?resize=150%2C150&ssl=1",150,150,true],"medium":["https:\/\/i0.wp.com\/ismaelcolosi.com.br\/wp-content\/uploads\/2024\/07\/Copia-de-Copia-de-TAMANHO-EXATO-PARA-FOTOS-NO-SISTEMA-NOVO-25_2024-07-24_21-52-28_jpg_2024-07-24_21-52-28.webp.webp?fit=300%2C169&ssl=1",300,169,true],"medium_large":["https:\/\/i0.wp.com\/ismaelcolosi.com.br\/wp-content\/uploads\/2024\/07\/Copia-de-Copia-de-TAMANHO-EXATO-PARA-FOTOS-NO-SISTEMA-NOVO-25_2024-07-24_21-52-28_jpg_2024-07-24_21-52-28.webp.webp?fit=768%2C432&ssl=1",768,432,true],"large":["https:\/\/i0.wp.com\/ismaelcolosi.com.br\/wp-content\/uploads\/2024\/07\/Copia-de-Copia-de-TAMANHO-EXATO-PARA-FOTOS-NO-SISTEMA-NOVO-25_2024-07-24_21-52-28_jpg_2024-07-24_21-52-28.webp.webp?fit=1024%2C576&ssl=1",1024,576,true],"1536x1536":["https:\/\/i0.wp.com\/ismaelcolosi.com.br\/wp-content\/uploads\/2024\/07\/Copia-de-Copia-de-TAMANHO-EXATO-PARA-FOTOS-NO-SISTEMA-NOVO-25_2024-07-24_21-52-28_jpg_2024-07-24_21-52-28.webp.webp?fit=1200%2C675&ssl=1",1200,675,true],"2048x2048":["https:\/\/i0.wp.com\/ismaelcolosi.com.br\/wp-content\/uploads\/2024\/07\/Copia-de-Copia-de-TAMANHO-EXATO-PARA-FOTOS-NO-SISTEMA-NOVO-25_2024-07-24_21-52-28_jpg_2024-07-24_21-52-28.webp.webp?fit=1200%2C675&ssl=1",1200,675,true],"really-simple-thumb":["https:\/\/i0.wp.com\/ismaelcolosi.com.br\/wp-content\/uploads\/2024\/07\/Copia-de-Copia-de-TAMANHO-EXATO-PARA-FOTOS-NO-SISTEMA-NOVO-25_2024-07-24_21-52-28_jpg_2024-07-24_21-52-28.webp.webp?resize=370%2C247&ssl=1",370,247,true]},"uagb_author_info":{"display_name":"ismaelcolosi.com.br","author_link":"https:\/\/ismaelcolosi.com.br\/index.php\/author\/vidareal-online\/"},"uagb_comment_info":0,"uagb_excerpt":"Uma batida entre um carro e um caminh\u00e3o deixou ao menos duas v\u00edtimas graves, na noite desta quarta-feira (24), no quil\u00f4metro 24 da rodovia Altino...","jetpack-related-posts":[{"id":57910,"url":"https:\/\/ismaelcolosi.com.br\/index.php\/2024\/07\/25\/identificadas-vitimas-que-morreram-em-batida-entre-carro-e-caminhao-na-regiao-de-ribeirao\/","url_meta":{"origin":57831,"position":0},"title":"Identificadas v\u00edtimas que morreram em batida entre carro e caminh\u00e3o na regi\u00e3o de Ribeir\u00e3o","author":"ismaelcolosi.com.br","date":"25 de July de 2024","format":false,"excerpt":"Dois jovens morreram, na noite de quarta-feira (24), ap\u00f3s o carro em que estavam bater contra um caminh\u00e3o, no quil\u00f4metro 24 da rodovia Altino Arantes\u00a0(SP-351), em\u00a0Altin\u00f3polis, na regi\u00e3o de\u00a0Ribeir\u00e3o Preto. As v\u00edtimas foram identificadas como Breno Edmar Luz Teixeira, de 22 anos, e Jo\u00e3o Pedro Fortunato da Silva, de 24\u2026","rel":"","context":"In &quot;Not\u00edcias de Ribeir\u00e3o Preto-SP e Regi\u00e3o&quot;","block_context":{"text":"Not\u00edcias de Ribeir\u00e3o Preto-SP e Regi\u00e3o","link":"https:\/\/ismaelcolosi.com.br\/index.php\/category\/noticias-de-ribeirao-preto-sp-e-regiao-ismael-colosi\/"},"img":{"alt_text":"","src":"https:\/\/i0.wp.com\/ismaelcolosi.com.br\/wp-content\/uploads\/2024\/07\/Copia-de-Copia-de-TAMANHO-EXATO-PARA-FOTOS-NO-SISTEMA-NOVO-28_2024-07-25_00-31-56_jpg_2024-07-25_00-31-56.webp.webp?fit=1200%2C675&ssl=1&resize=350%2C200","width":350,"height":200,"srcset":"https:\/\/i0.wp.com\/ismaelcolosi.com.br\/wp-content\/uploads\/2024\/07\/Copia-de-Copia-de-TAMANHO-EXATO-PARA-FOTOS-NO-SISTEMA-NOVO-28_2024-07-25_00-31-56_jpg_2024-07-25_00-31-56.webp.webp?fit=1200%2C675&ssl=1&resize=350%2C200 1x, https:\/\/i0.wp.com\/ismaelcolosi.com.br\/wp-content\/uploads\/2024\/07\/Copia-de-Copia-de-TAMANHO-EXATO-PARA-FOTOS-NO-SISTEMA-NOVO-28_2024-07-25_00-31-56_jpg_2024-07-25_00-31-56.webp.webp?fit=1200%2C675&ssl=1&resize=525%2C300 1.5x, https:\/\/i0.wp.com\/ismaelcolosi.com.br\/wp-content\/uploads\/2024\/07\/Copia-de-Copia-de-TAMANHO-EXATO-PARA-FOTOS-NO-SISTEMA-NOVO-28_2024-07-25_00-31-56_jpg_2024-07-25_00-31-56.webp.webp?fit=1200%2C675&ssl=1&resize=700%2C400 2x, https:\/\/i0.wp.com\/ismaelcolosi.com.br\/wp-content\/uploads\/2024\/07\/Copia-de-Copia-de-TAMANHO-EXATO-PARA-FOTOS-NO-SISTEMA-NOVO-28_2024-07-25_00-31-56_jpg_2024-07-25_00-31-56.webp.webp?fit=1200%2C675&ssl=1&resize=1050%2C600 3x"},"classes":[]},{"id":48485,"url":"https:\/\/ismaelcolosi.com.br\/index.php\/2024\/05\/03\/carro-capota-apos-batida-e-deixa-vitima-grave-na-rodovia-anhanguera\/","url_meta":{"origin":57831,"position":1},"title":"Carro capota ap\u00f3s batida e deixa v\u00edtima grave na rodovia Anhanguera","author":"ismaelcolosi.com.br","date":"3 de May de 2024","format":false,"excerpt":"Duas pessoas ficaram feridas \u2013 uma delas em estado grave \u2013 depois de uma batida entre um carro e uma caminh\u00e3o na manh\u00e3 desta sexta-feira (3), no km 310 da rodovia Anhanguera (SP-330), em Ribeir\u00e3o Preto. As v\u00edtimas estavam no carro, que capotou em seguida. Segundo a concession\u00e1ria ViaPaulista, houve\u2026","rel":"","context":"In &quot;Not\u00edcias de Ribeir\u00e3o Preto-SP e Regi\u00e3o&quot;","block_context":{"text":"Not\u00edcias de Ribeir\u00e3o Preto-SP e Regi\u00e3o","link":"https:\/\/ismaelcolosi.com.br\/index.php\/category\/noticias-de-ribeirao-preto-sp-e-regiao-ismael-colosi\/"},"img":{"alt_text":"","src":"https:\/\/i0.wp.com\/ismaelcolosi.com.br\/wp-content\/uploads\/2024\/05\/20220618_052659306_bombeiro_bombeiros_600x338_24052022170711.jpg?fit=600%2C337&ssl=1&resize=350%2C200","width":350,"height":200,"srcset":"https:\/\/i0.wp.com\/ismaelcolosi.com.br\/wp-content\/uploads\/2024\/05\/20220618_052659306_bombeiro_bombeiros_600x338_24052022170711.jpg?fit=600%2C337&ssl=1&resize=350%2C200 1x, https:\/\/i0.wp.com\/ismaelcolosi.com.br\/wp-content\/uploads\/2024\/05\/20220618_052659306_bombeiro_bombeiros_600x338_24052022170711.jpg?fit=600%2C337&ssl=1&resize=525%2C300 1.5x"},"classes":[]},{"id":52628,"url":"https:\/\/ismaelcolosi.com.br\/index.php\/2024\/06\/08\/identificadas-vitimas-que-morreram-em-acidente-na-rodovia-abrao-assed-em-ribeirao\/","url_meta":{"origin":57831,"position":2},"title":"Identificadas v\u00edtimas que morreram em acidente na rodovia Abr\u00e3o Assed em Ribeir\u00e3o","author":"ismaelcolosi.com.br","date":"8 de June de 2024","format":false,"excerpt":"O casal que morreu, ap\u00f3s a moto em que estava ser atingida por um carro, na rodovia Abr\u00e3o Assed (SP-333) em Ribeir\u00e3o Preto, foi identificado. Segundo o boletim de ocorr\u00eancia, o motociclista era Fernando Lu\u00eds Martins, de 40 anos, e a passageira Gisele Cristina Barbosa, de 30 anos. Eles eram\u2026","rel":"","context":"In &quot;Not\u00edcias de Ribeir\u00e3o Preto-SP e Regi\u00e3o&quot;","block_context":{"text":"Not\u00edcias de Ribeir\u00e3o Preto-SP e Regi\u00e3o","link":"https:\/\/ismaelcolosi.com.br\/index.php\/category\/noticias-de-ribeirao-preto-sp-e-regiao-ismael-colosi\/"},"img":{"alt_text":"","src":"https:\/\/i0.wp.com\/ismaelcolosi.com.br\/wp-content\/uploads\/2024\/06\/Copia-de-Copia-de-TAMANHO-EXATO-PARA-FOTOS-NO-SISTEMA-NOVO_2024-06-08_20-08-20_jpg_2024-06-08_20-08-20.webp.webp?fit=1200%2C675&ssl=1&resize=350%2C200","width":350,"height":200,"srcset":"https:\/\/i0.wp.com\/ismaelcolosi.com.br\/wp-content\/uploads\/2024\/06\/Copia-de-Copia-de-TAMANHO-EXATO-PARA-FOTOS-NO-SISTEMA-NOVO_2024-06-08_20-08-20_jpg_2024-06-08_20-08-20.webp.webp?fit=1200%2C675&ssl=1&resize=350%2C200 1x, https:\/\/i0.wp.com\/ismaelcolosi.com.br\/wp-content\/uploads\/2024\/06\/Copia-de-Copia-de-TAMANHO-EXATO-PARA-FOTOS-NO-SISTEMA-NOVO_2024-06-08_20-08-20_jpg_2024-06-08_20-08-20.webp.webp?fit=1200%2C675&ssl=1&resize=525%2C300 1.5x, https:\/\/i0.wp.com\/ismaelcolosi.com.br\/wp-content\/uploads\/2024\/06\/Copia-de-Copia-de-TAMANHO-EXATO-PARA-FOTOS-NO-SISTEMA-NOVO_2024-06-08_20-08-20_jpg_2024-06-08_20-08-20.webp.webp?fit=1200%2C675&ssl=1&resize=700%2C400 2x, https:\/\/i0.wp.com\/ismaelcolosi.com.br\/wp-content\/uploads\/2024\/06\/Copia-de-Copia-de-TAMANHO-EXATO-PARA-FOTOS-NO-SISTEMA-NOVO_2024-06-08_20-08-20_jpg_2024-06-08_20-08-20.webp.webp?fit=1200%2C675&ssl=1&resize=1050%2C600 3x"},"classes":[]},{"id":50392,"url":"https:\/\/ismaelcolosi.com.br\/index.php\/2024\/05\/16\/identificado-motorista-de-24-anos-morto-apos-batida-em-rodovia-de-ribeirao-preto\/","url_meta":{"origin":57831,"position":3},"title":"Identificado motorista de 24 anos morto ap\u00f3s batida em rodovia de Ribeir\u00e3o Preto","author":"ismaelcolosi.com.br","date":"16 de May de 2024","format":false,"excerpt":"A Pol\u00edcia Civil identificou o motorista de um carro que morreu nesta quarta-feira (15), ap\u00f3s se envolver em uma batida com um caminh\u00e3o, no km 2 da rodovia M\u00e1rio Doneg\u00e1 (SP-291), em Ribeir\u00e3o Preto. Segundo o boletim de ocorr\u00eancia (BO), a v\u00edtima Guilherme Roberto Gonzaga Moreschi, de 24 anos, n\u00e3o\u2026","rel":"","context":"In &quot;Not\u00edcias de Ribeir\u00e3o Preto-SP e Regi\u00e3o&quot;","block_context":{"text":"Not\u00edcias de Ribeir\u00e3o Preto-SP e Regi\u00e3o","link":"https:\/\/ismaelcolosi.com.br\/index.php\/category\/noticias-de-ribeirao-preto-sp-e-regiao-ismael-colosi\/"},"img":{"alt_text":"","src":"https:\/\/i0.wp.com\/ismaelcolosi.com.br\/wp-content\/uploads\/2024\/05\/ACIDENTE_2024-05-16_11-13-46_jpg_2024-05-16_11-13-47.webp.webp?fit=1200%2C916&ssl=1&resize=350%2C200","width":350,"height":200,"srcset":"https:\/\/i0.wp.com\/ismaelcolosi.com.br\/wp-content\/uploads\/2024\/05\/ACIDENTE_2024-05-16_11-13-46_jpg_2024-05-16_11-13-47.webp.webp?fit=1200%2C916&ssl=1&resize=350%2C200 1x, https:\/\/i0.wp.com\/ismaelcolosi.com.br\/wp-content\/uploads\/2024\/05\/ACIDENTE_2024-05-16_11-13-46_jpg_2024-05-16_11-13-47.webp.webp?fit=1200%2C916&ssl=1&resize=525%2C300 1.5x, https:\/\/i0.wp.com\/ismaelcolosi.com.br\/wp-content\/uploads\/2024\/05\/ACIDENTE_2024-05-16_11-13-46_jpg_2024-05-16_11-13-47.webp.webp?fit=1200%2C916&ssl=1&resize=700%2C400 2x, https:\/\/i0.wp.com\/ismaelcolosi.com.br\/wp-content\/uploads\/2024\/05\/ACIDENTE_2024-05-16_11-13-46_jpg_2024-05-16_11-13-47.webp.webp?fit=1200%2C916&ssl=1&resize=1050%2C600 3x"},"classes":[]},{"id":20981,"url":"https:\/\/ismaelcolosi.com.br\/index.php\/2023\/12\/26\/acidente-entre-onibus-e-caminhao-mobiliza-os-bombeiros-em-rodovia-da-regiao-de-ribeirao\/","url_meta":{"origin":57831,"position":4},"title":"Acidente entre \u00f4nibus e caminh\u00e3o mobiliza os bombeiros em rodovia da regi\u00e3o de Ribeir\u00e3o","author":"ismaelcolosi.com.br","date":"26 de December de 2023","format":false,"excerpt":"Um acidente, envolvendo um \u00f4nibus e um caminh\u00e3o, na rodovia Deputado Cunha Bueno, em Prad\u00f3polis, mobiliza o Corpo de Bombeiros no in\u00edcio da noite desta ter\u00e7a-feira (26). Segundo as primeiras informa\u00e7\u00f5es, o \u00f4nibus da empresa Petitto transportava pessoas que trabalham em Ribeir\u00e3o Preto. J\u00e1 o caminh\u00e3o estaria carregado de leite.\u2026","rel":"","context":"In &quot;Not\u00edcias de Ribeir\u00e3o Preto-SP e Regi\u00e3o&quot;","block_context":{"text":"Not\u00edcias de Ribeir\u00e3o Preto-SP e Regi\u00e3o","link":"https:\/\/ismaelcolosi.com.br\/index.php\/category\/noticias-de-ribeirao-preto-sp-e-regiao-ismael-colosi\/"},"img":{"alt_text":"","src":"https:\/\/i0.wp.com\/ismaelcolosi.com.br\/wp-content\/uploads\/2023\/12\/WhatsApp-Image-2023-12-26-at-18.11.53-1-scaled.jpeg?fit=1200%2C720&ssl=1&resize=350%2C200","width":350,"height":200,"srcset":"https:\/\/i0.wp.com\/ismaelcolosi.com.br\/wp-content\/uploads\/2023\/12\/WhatsApp-Image-2023-12-26-at-18.11.53-1-scaled.jpeg?fit=1200%2C720&ssl=1&resize=350%2C200 1x, https:\/\/i0.wp.com\/ismaelcolosi.com.br\/wp-content\/uploads\/2023\/12\/WhatsApp-Image-2023-12-26-at-18.11.53-1-scaled.jpeg?fit=1200%2C720&ssl=1&resize=525%2C300 1.5x, https:\/\/i0.wp.com\/ismaelcolosi.com.br\/wp-content\/uploads\/2023\/12\/WhatsApp-Image-2023-12-26-at-18.11.53-1-scaled.jpeg?fit=1200%2C720&ssl=1&resize=700%2C400 2x, https:\/\/i0.wp.com\/ismaelcolosi.com.br\/wp-content\/uploads\/2023\/12\/WhatsApp-Image-2023-12-26-at-18.11.53-1-scaled.jpeg?fit=1200%2C720&ssl=1&resize=1050%2C600 3x"},"classes":[]},{"id":70912,"url":"https:\/\/ismaelcolosi.com.br\/index.php\/2024\/10\/14\/medico-e-socorrido-apos-batida-entre-carro-e-caminhao-na-regiao-de-ribeirao-preto\/","url_meta":{"origin":57831,"position":5},"title":"M\u00e9dico \u00e9 socorrido ap\u00f3s batida entre carro e caminh\u00e3o na regi\u00e3o de Ribeir\u00e3o Preto","author":"ismaelcolosi.com.br","date":"14 de October de 2024","format":false,"excerpt":"Um m\u00e9dico ficou ferido na noite deste domingo (13), ap\u00f3s bater o carro na traseira de um caminh\u00e3o, na rodovia C\u00e2ndido Portinari (SP-334), em Franca, cidade a aproximadamente 80 quil\u00f4metros de Ribeir\u00e3o Preto. De acordo com o Corpo de Bombeiros, o acidente ocorreu pr\u00f3ximo ao Jardim Paineiras, quando o motorista\u2026","rel":"","context":"In &quot;Not\u00edcias de Ribeir\u00e3o Preto-SP e Regi\u00e3o&quot;","block_context":{"text":"Not\u00edcias de Ribeir\u00e3o Preto-SP e Regi\u00e3o","link":"https:\/\/ismaelcolosi.com.br\/index.php\/category\/noticias-de-ribeirao-preto-sp-e-regiao-ismael-colosi\/"},"img":{"alt_text":"","src":"https:\/\/i0.wp.com\/ismaelcolosi.com.br\/wp-content\/uploads\/2024\/10\/ACIDENTE-_2024-10-14_10-00-29_jpg_2024-10-14_10-00-29.webp.webp?fit=1200%2C866&ssl=1&resize=350%2C200","width":350,"height":200,"srcset":"https:\/\/i0.wp.com\/ismaelcolosi.com.br\/wp-content\/uploads\/2024\/10\/ACIDENTE-_2024-10-14_10-00-29_jpg_2024-10-14_10-00-29.webp.webp?fit=1200%2C866&ssl=1&resize=350%2C200 1x, https:\/\/i0.wp.com\/ismaelcolosi.com.br\/wp-content\/uploads\/2024\/10\/ACIDENTE-_2024-10-14_10-00-29_jpg_2024-10-14_10-00-29.webp.webp?fit=1200%2C866&ssl=1&resize=525%2C300 1.5x, https:\/\/i0.wp.com\/ismaelcolosi.com.br\/wp-content\/uploads\/2024\/10\/ACIDENTE-_2024-10-14_10-00-29_jpg_2024-10-14_10-00-29.webp.webp?fit=1200%2C866&ssl=1&resize=700%2C400 2x, https:\/\/i0.wp.com\/ismaelcolosi.com.br\/wp-content\/uploads\/2024\/10\/ACIDENTE-_2024-10-14_10-00-29_jpg_2024-10-14_10-00-29.webp.webp?fit=1200%2C866&ssl=1&resize=1050%2C600 3x"},"classes":[]}],"jetpack_sharing_enabled":true,"jetpack_shortlink":"https:\/\/wp.me\/pfMlyK-f2L","_links":{"self":[{"href":"https:\/\/ismaelcolosi.com.br\/index.php\/wp-json\/wp\/v2\/posts\/57831","targetHints":{"allow":["GET"]}}],"collection":[{"href":"https:\/\/ismaelcolosi.com.br\/index.php\/wp-json\/wp\/v2\/posts"}],"about":[{"href":"https:\/\/ismaelcolosi.com.br\/index.php\/wp-json\/wp\/v2\/types\/post"}],"author":[{"embeddable":true,"href":"https:\/\/ismaelcolosi.com.br\/index.php\/wp-json\/wp\/v2\/users\/1"}],"replies":[{"embeddable":true,"href":"https:\/\/ismaelcolosi.com.br\/index.php\/wp-json\/wp\/v2\/comments?post=57831"}],"version-history":[{"count":0,"href":"https:\/\/ismaelcolosi.com.br\/index.php\/wp-json\/wp\/v2\/posts\/57831\/revisions"}],"wp:featuredmedia":[{"embeddable":true,"href":"https:\/\/ismaelcolosi.com.br\/index.php\/wp-json\/wp\/v2\/media\/57832"}],"wp:attachment":[{"href":"https:\/\/ismaelcolosi.com.br\/index.php\/wp-json\/wp\/v2\/media?parent=57831"}],"wp:term":[{"taxonomy":"category","embeddable":true,"href":"https:\/\/ismaelcolosi.com.br\/index.php\/wp-json\/wp\/v2\/categories?post=57831"},{"taxonomy":"post_tag","embeddable":true,"href":"https:\/\/ismaelcolosi.com.br\/index.php\/wp-json\/wp\/v2\/tags?post=57831"}],"curies":[{"name":"wp","href":"https:\/\/api.w.org\/{rel}","templated":true}]}}