{"id":57562,"date":"2024-07-22T18:46:27","date_gmt":"2024-07-22T21:46:27","guid":{"rendered":"https:\/\/ismaelcolosi.com.br\/index.php\/2024\/07\/22\/prouni-abre-inscricoes-para-processo-seletivo-nesta-terca-feira\/"},"modified":"2024-07-22T18:46:27","modified_gmt":"2024-07-22T21:46:27","slug":"prouni-abre-inscricoes-para-processo-seletivo-nesta-terca-feira","status":"publish","type":"post","link":"https:\/\/ismaelcolosi.com.br\/index.php\/2024\/07\/22\/prouni-abre-inscricoes-para-processo-seletivo-nesta-terca-feira\/","title":{"rendered":"ProUni abre inscri\u00e7\u00f5es para processo seletivo nesta ter\u00e7a-feira"},"content":{"rendered":"<p> <br \/>\n<\/p>\n<div>\n<p><span style=\"background-color:#f7cc62\" class=\"td_text_highlight_marker\"><mark style=\"background-color:rgba(0, 0, 0, 0)\" class=\"has-inline-color has-black-color\">As <strong>inscri\u00e7\u00f5es<\/strong> para o <strong>processo seletivo do ProUni<\/strong> (Programa Universidade para Todos) <strong>come\u00e7am<\/strong> nesta <strong>ter\u00e7a-feira<\/strong> (23). As <strong>oportunidades<\/strong> s\u00e3o para o <strong>segundo semestre deste ano<\/strong> e, ao todo, s\u00e3o <strong>243.850 bolsas <\/strong>de estudo.<\/mark><\/span><\/p>\n<p>Os <strong>interessados <\/strong>podem se inscrever <strong>at\u00e9 sexta-feira<\/strong> (26) pelo <strong>site do Portal \u00danico de Acesso ao Ensino Superior <\/strong>(<a href=\"https:\/\/acessounico.mec.gov.br\/prouni\" target=\"_blank\" rel=\"noreferrer noopener nofollow\">clique aqui<\/a>).<\/p>\n<p>Com <strong>inscri\u00e7\u00f5es gratuitas<\/strong>, a <strong>previs\u00e3o<\/strong> \u00e9 de que os<strong> resultados da 1\u00aa e 2\u00aa chamadas<\/strong> sejam anunciados nos dias <strong>31 de julho e 20 de agosto<\/strong>, respectivamente. O <strong>prazo para manifesta\u00e7\u00e3o <\/strong>de interesse na lista de espera vai do dia 9 ao dia 10 de setembro; e o resultado da lista de espera sair\u00e1 em 13 de setembro.<\/p>\n<blockquote class=\"wp-block-quote\">\n<p>\u201cPara participar do processo seletivo, \u00e9 necess\u00e1rio que o candidato tenha participado do Exame Nacional do Ensino M\u00e9dio (Enem) nas edi\u00e7\u00f5es de 2022 ou 2023, obtendo nota m\u00ednima de 450 pontos na m\u00e9dia das cinco provas e nota acima de zero na reda\u00e7\u00e3o\u201d, informa o Minist\u00e9rio da Educa\u00e7\u00e3o (MEC).<\/p>\n<\/blockquote>\n<p>\u00c9 <strong>tamb\u00e9m necess\u00e1rio <\/strong>que o <strong>candidato<\/strong> se enquadre nos <strong>crit\u00e9rios socioecon\u00f4micos<\/strong> \u2013 incluindo <strong>renda familiar\u00a0<em>per capita\u00a0<\/em>que n\u00e3o exceda um sal\u00e1rio-m\u00ednimo e meio<\/strong> para <strong>bolsas integrais<\/strong> e <strong>tr\u00eas sal\u00e1rios-m\u00ednimos para bolsas parciais \u2013 e esteja cadastrado no\u00a0<em>login<\/em>\u00a0\u00danico<\/strong> do governo federal que pode ser feito no <strong>portal gov.br<\/strong>.<\/p>\n<p><em>\u201cNo momento da inscri\u00e7\u00e3o, \u00e9 preciso:\u202finformar\u202fendere\u00e7o de\u202fe-mail\u202fe n\u00famero de telefone v\u00e1lidos;\u202fpreencher dados cadastrais pr\u00f3prios e referentes ao grupo familiar; e\u202fselecionar,\u202fpor\u202fordem de prefer\u00eancia, at\u00e9\u202fduas\u202fop\u00e7\u00f5es de institui\u00e7\u00e3o, local de oferta, curso, turno, tipo de bolsa e modalidade de concorr\u00eancia dentre as dispon\u00edveis,\u202fconforme\u202fa\u202frenda familiar bruta mensal per capita\u202fdo\u202fcandidato\u202fe a adequa\u00e7\u00e3o aos crit\u00e9rios da Portaria Normativa MEC n\u00ba 1,\u202fde 2015\u201d<\/em>, explicou MEC.\u202f\u202f<\/p>\n<p>Segundo o minist\u00e9rio, a <strong>escolha pelos cursos <\/strong>e <strong>institui\u00e7\u00f5es <\/strong>podem ser feitas por ordem de prefer\u00eancia. <strong>Informa\u00e7\u00f5es<\/strong> mais <strong>detalhadas<\/strong> sobre oferta de bolsas (curso, turno, institui\u00e7\u00e3o e local de oferta) podem ser acessadas\u00a0<a href=\"https:\/\/prounialuno.mec.gov.br\/\" target=\"_blank\" rel=\"noreferrer noopener\"><strong>na p\u00e1gina\u202fdo\u202fProuni<\/strong><\/a>.\u202f<\/p>\n<p>SAIBA MAIS <\/p>\n<p>Carro capota e deixa uma pessoa ferida em rodovia na regi\u00e3o de Ribeir\u00e3o Preto<\/p>\n<p><strong>FIQUE ON<\/strong><\/p>\n<p>Fique ligado em tudo que acontece em Ribeir\u00e3o Preto e regi\u00e3o. Siga os perfis do\u00a0<strong>acidade on\u00a0<\/strong>no<a href=\"https:\/\/www.instagram.com\/acidadeonribeirao\" target=\"_blank\" rel=\"noreferrer noopener\">\u00a0Instagram\u00a0<\/a>e no\u00a0<a href=\"https:\/\/www.facebook.com\/acidadeonribeirao\/\" target=\"_blank\" rel=\"noreferrer noopener\">Facebook<\/a>.Receba not\u00edcias do\u00a0<strong>acidade on<\/strong>\u00a0no WhatsApp.<a href=\"https:\/\/chat.whatsapp.com\/CdrZ6xrf7quD44Vw3WlPuZ\" target=\"_blank\" rel=\"noreferrer noopener\">\u00a0Para entrar no grupo, basta clicar aqui.<\/a><\/p>\n<p>Fa\u00e7a uma den\u00fancia ou sugira uma reportagem sobre Ribeir\u00e3o Preto e regi\u00e3o pelo WhatsApp: 16 99117 7802.<\/p>\n<p>VEJA TAMB\u00c9M<\/p>\n<p>Como \u00e9 a prova do concurso BNDES?<\/p>\n<p><!-- AI CONTENT END 1 -->\n<\/div>\n<p><script async src=\"\/\/www.instagram.com\/embed.js\"><\/script><br \/>\n<br \/><br \/>\n<br \/><a href=\"https:\/\/www.acidadeon.com\/ribeiraopreto\/cotidiano\/prouni-abre-inscricoes-para-processo-seletivo-nesta-terca-feira\/\">Source link <\/a><\/p>\n<div class='code-block code-block-4' style='margin: 8px auto 8px 0; text-align: left; display: block; clear: both;'>\n\ud83d\udce2 Aviso Legal\n\nO site ismaelcolosi.com.br atua apenas como um canal de divulga\u00e7\u00e3o de oportunidades de emprego e n\u00e3o se responsabiliza pelo processo seletivo, contrata\u00e7\u00e3o ou qualquer outra etapa relacionada \u00e0s vagas publicadas. Todas as informa\u00e7\u00f5es s\u00e3o de responsabilidade dos anunciantes.\n\n\u26a0\ufe0f Aten\u00e7\u00e3o! Nunca pague por promessas de emprego nem compre cursos que garantam contrata\u00e7\u00e3o. Desconfie de qualquer cobran\u00e7a para participar de sele\u00e7\u00f5es.\n\n\n\n<\/div>\n<!-- CONTENT END 1 -->\n","protected":false},"excerpt":{"rendered":"<p>As inscri\u00e7\u00f5es para o processo seletivo do ProUni (Programa Universidade para Todos) come\u00e7am nesta ter\u00e7a-feira (23). As oportunidades s\u00e3o para o segundo semestre deste ano&#8230;<\/p>\n","protected":false},"author":1,"featured_media":57563,"comment_status":"open","ping_status":"open","sticky":false,"template":"","format":"standard","meta":{"_uag_custom_page_level_css":"","advanced_seo_description":"","jetpack_seo_html_title":"","jetpack_seo_noindex":false,"jetpack_post_was_ever_published":false,"_jetpack_newsletter_access":"","_jetpack_dont_email_post_to_subs":false,"_jetpack_newsletter_tier_id":0,"_jetpack_memberships_contains_paywalled_content":false,"_jetpack_memberships_contains_paid_content":false,"footnotes":"","jetpack_publicize_message":"","jetpack_publicize_feature_enabled":true,"jetpack_social_post_already_shared":true,"jetpack_social_options":{"image_generator_settings":{"template":"highway","default_image_id":0,"font":"","enabled":false},"version":2}},"categories":[11],"tags":[],"class_list":["post-57562","post","type-post","status-publish","format-standard","has-post-thumbnail","hentry","category-noticias-de-ribeirao-preto-sp-e-regiao-ismael-colosi"],"jetpack_publicize_connections":[],"jetpack_featured_media_url":"https:\/\/i0.wp.com\/ismaelcolosi.com.br\/wp-content\/uploads\/2024\/07\/sala_de_aula_ensino_medio_2024-07-22_20-54-48.webp.webp?fit=1170%2C700&ssl=1","uagb_featured_image_src":{"full":["https:\/\/i0.wp.com\/ismaelcolosi.com.br\/wp-content\/uploads\/2024\/07\/sala_de_aula_ensino_medio_2024-07-22_20-54-48.webp.webp?fit=1170%2C700&ssl=1",1170,700,false],"thumbnail":["https:\/\/i0.wp.com\/ismaelcolosi.com.br\/wp-content\/uploads\/2024\/07\/sala_de_aula_ensino_medio_2024-07-22_20-54-48.webp.webp?resize=150%2C150&ssl=1",150,150,true],"medium":["https:\/\/i0.wp.com\/ismaelcolosi.com.br\/wp-content\/uploads\/2024\/07\/sala_de_aula_ensino_medio_2024-07-22_20-54-48.webp.webp?fit=300%2C179&ssl=1",300,179,true],"medium_large":["https:\/\/i0.wp.com\/ismaelcolosi.com.br\/wp-content\/uploads\/2024\/07\/sala_de_aula_ensino_medio_2024-07-22_20-54-48.webp.webp?fit=768%2C459&ssl=1",768,459,true],"large":["https:\/\/i0.wp.com\/ismaelcolosi.com.br\/wp-content\/uploads\/2024\/07\/sala_de_aula_ensino_medio_2024-07-22_20-54-48.webp.webp?fit=1024%2C613&ssl=1",1024,613,true],"1536x1536":["https:\/\/i0.wp.com\/ismaelcolosi.com.br\/wp-content\/uploads\/2024\/07\/sala_de_aula_ensino_medio_2024-07-22_20-54-48.webp.webp?fit=1170%2C700&ssl=1",1170,700,true],"2048x2048":["https:\/\/i0.wp.com\/ismaelcolosi.com.br\/wp-content\/uploads\/2024\/07\/sala_de_aula_ensino_medio_2024-07-22_20-54-48.webp.webp?fit=1170%2C700&ssl=1",1170,700,true],"really-simple-thumb":["https:\/\/i0.wp.com\/ismaelcolosi.com.br\/wp-content\/uploads\/2024\/07\/sala_de_aula_ensino_medio_2024-07-22_20-54-48.webp.webp?resize=370%2C247&ssl=1",370,247,true]},"uagb_author_info":{"display_name":"ismaelcolosi.com.br","author_link":"https:\/\/ismaelcolosi.com.br\/index.php\/author\/vidareal-online\/"},"uagb_comment_info":0,"uagb_excerpt":"As inscri\u00e7\u00f5es para o processo seletivo do ProUni (Programa Universidade para Todos) come\u00e7am nesta ter\u00e7a-feira (23). As oportunidades s\u00e3o para o segundo semestre deste ano...","jetpack-related-posts":[{"id":35467,"url":"https:\/\/ismaelcolosi.com.br\/index.php\/2024\/02\/06\/prouni-divulga-lista-de-pre-selecionados-nesta-terca-feira\/","url_meta":{"origin":57562,"position":0},"title":"ProUni divulga lista de pr\u00e9-selecionados nesta ter\u00e7a-feira","author":"ismaelcolosi.com.br","date":"6 de February de 2024","format":false,"excerpt":"A lista dos pr\u00e9-selecionados na primeira chamada do ProUni (Programa Universidade para Todos), do Governo Federal, \u00a0ser\u00e1 divulgada nesta ter\u00e7a-feira (6), no site Portal \u00danico de Acesso ao Ensino Superior.\u00a0 Os candidatos que tiverem os nomes divulgados nesta lista devem comparecer nas institui\u00e7\u00f5es para comprova\u00e7\u00e3o das informa\u00e7\u00f5es passadas na inscri\u00e7\u00e3o.\u2026","rel":"","context":"In &quot;Not\u00edcias de Ribeir\u00e3o Preto-SP e Regi\u00e3o&quot;","block_context":{"text":"Not\u00edcias de Ribeir\u00e3o Preto-SP e Regi\u00e3o","link":"https:\/\/ismaelcolosi.com.br\/index.php\/category\/noticias-de-ribeirao-preto-sp-e-regiao-ismael-colosi\/"},"img":{"alt_text":"","src":"https:\/\/i0.wp.com\/ismaelcolosi.com.br\/wp-content\/uploads\/2024\/02\/Capturar-4.jpg?fit=742%2C637&ssl=1&resize=350%2C200","width":350,"height":200,"srcset":"https:\/\/i0.wp.com\/ismaelcolosi.com.br\/wp-content\/uploads\/2024\/02\/Capturar-4.jpg?fit=742%2C637&ssl=1&resize=350%2C200 1x, https:\/\/i0.wp.com\/ismaelcolosi.com.br\/wp-content\/uploads\/2024\/02\/Capturar-4.jpg?fit=742%2C637&ssl=1&resize=525%2C300 1.5x, https:\/\/i0.wp.com\/ismaelcolosi.com.br\/wp-content\/uploads\/2024\/02\/Capturar-4.jpg?fit=742%2C637&ssl=1&resize=700%2C400 2x"},"classes":[]},{"id":33555,"url":"https:\/\/ismaelcolosi.com.br\/index.php\/2024\/01\/29\/inscricoes-para-o-prouni-comecam-nesta-segunda\/","url_meta":{"origin":57562,"position":1},"title":"Inscri\u00e7\u00f5es para o Prouni come\u00e7am nesta segunda","author":"ismaelcolosi.com.br","date":"29 de January de 2024","format":false,"excerpt":"29 de janeiro de 2024 | 12:0029 de janeiro de 2024 | 9:47 0As inscri\u00e7\u00f5es para o Programa Universidade Para Todos (Prouni) do primeiro semestre de 2024 come\u00e7am nesta segunda-feira (29). O prazo segue at\u00e9 a pr\u00f3xima quinta-feira (1\u00ba) e elas s\u00e3o feitas exclusivamente pelo\u00a0Portal \u00danico de Acesso ao Ensino\u2026","rel":"","context":"In &quot;Not\u00edcias de Ribeir\u00e3o Preto-SP e Regi\u00e3o&quot;","block_context":{"text":"Not\u00edcias de Ribeir\u00e3o Preto-SP e Regi\u00e3o","link":"https:\/\/ismaelcolosi.com.br\/index.php\/category\/noticias-de-ribeirao-preto-sp-e-regiao-ismael-colosi\/"},"img":{"alt_text":"","src":"https:\/\/i0.wp.com\/ismaelcolosi.com.br\/wp-content\/uploads\/2024\/01\/b762735334576429caa5e7b809058ff0ec3ca2d9.png?fit=1200%2C639&ssl=1&resize=350%2C200","width":350,"height":200,"srcset":"https:\/\/i0.wp.com\/ismaelcolosi.com.br\/wp-content\/uploads\/2024\/01\/b762735334576429caa5e7b809058ff0ec3ca2d9.png?fit=1200%2C639&ssl=1&resize=350%2C200 1x, https:\/\/i0.wp.com\/ismaelcolosi.com.br\/wp-content\/uploads\/2024\/01\/b762735334576429caa5e7b809058ff0ec3ca2d9.png?fit=1200%2C639&ssl=1&resize=525%2C300 1.5x, https:\/\/i0.wp.com\/ismaelcolosi.com.br\/wp-content\/uploads\/2024\/01\/b762735334576429caa5e7b809058ff0ec3ca2d9.png?fit=1200%2C639&ssl=1&resize=700%2C400 2x, https:\/\/i0.wp.com\/ismaelcolosi.com.br\/wp-content\/uploads\/2024\/01\/b762735334576429caa5e7b809058ff0ec3ca2d9.png?fit=1200%2C639&ssl=1&resize=1050%2C600 3x"},"classes":[]},{"id":33059,"url":"https:\/\/ismaelcolosi.com.br\/index.php\/2024\/01\/27\/inscricoes-para-o-prouni-comecam-na-segunda-feira-saiba-quem-tem-direito\/","url_meta":{"origin":57562,"position":2},"title":"Inscri\u00e7\u00f5es para o ProUni come\u00e7am na segunda-feira; Saiba quem tem direito","author":"ismaelcolosi.com.br","date":"27 de January de 2024","format":false,"excerpt":"As inscri\u00e7\u00f5es para o ProUni (Programa Universidade para Todos) come\u00e7am na segunda-feira (29) e v\u00e3o at\u00e9 o dia 1\u00ba de fevereiro. Os interessados devem se inscrever pelo Portal \u00danico de Acesso ao Ensino Superior. Ao todo, est\u00e3o previstas para o 1\u00ba semestre, 403.711 bolsas, sendo 306.908 integrais e 96.803 parciais\u2026","rel":"","context":"In &quot;Not\u00edcias de Ribeir\u00e3o Preto-SP e Regi\u00e3o&quot;","block_context":{"text":"Not\u00edcias de Ribeir\u00e3o Preto-SP e Regi\u00e3o","link":"https:\/\/ismaelcolosi.com.br\/index.php\/category\/noticias-de-ribeirao-preto-sp-e-regiao-ismael-colosi\/"},"img":{"alt_text":"","src":"https:\/\/i0.wp.com\/ismaelcolosi.com.br\/wp-content\/uploads\/2024\/01\/prouni.jpeg?fit=640%2C370&ssl=1&resize=350%2C200","width":350,"height":200,"srcset":"https:\/\/i0.wp.com\/ismaelcolosi.com.br\/wp-content\/uploads\/2024\/01\/prouni.jpeg?fit=640%2C370&ssl=1&resize=350%2C200 1x, https:\/\/i0.wp.com\/ismaelcolosi.com.br\/wp-content\/uploads\/2024\/01\/prouni.jpeg?fit=640%2C370&ssl=1&resize=525%2C300 1.5x"},"classes":[]},{"id":33390,"url":"https:\/\/ismaelcolosi.com.br\/index.php\/2024\/01\/29\/inscricoes-para-o-prouni-comecam-nesta-segunda-feira-29-de-janeiro\/","url_meta":{"origin":57562,"position":3},"title":"Inscri\u00e7\u00f5es para o Prouni come\u00e7am nesta segunda-feira, 29 de janeiro","author":"ismaelcolosi.com.br","date":"29 de January de 2024","format":false,"excerpt":"Ag\u00eancia Brasili Ag\u00eancia Brasil 29\/01\/2024 - 9:04 As inscri\u00e7\u00f5es para o Programa Universidade Para Todos (Prouni) do primeiro semestre de 2024 come\u00e7am nesta segunda-feira (29). O prazo segue at\u00e9 a pr\u00f3xima quinta-feira (1\u00ba) e elas s\u00e3o feitas exclusivamente pelo Portal \u00danico de Acesso ao Ensino Superior.+MEC disponibiliza mais de 402\u2026","rel":"","context":"In &quot;Vagas de Emprego em Ribeir\u00e3o Preto-SP&quot;","block_context":{"text":"Vagas de Emprego em Ribeir\u00e3o Preto-SP","link":"https:\/\/ismaelcolosi.com.br\/index.php\/category\/empregos-classificados-vagas-trabalho\/vagas-de-empregos-em-ribeirao-preto-regiao-brasil\/"},"img":{"alt_text":"","src":"https:\/\/i0.wp.com\/ismaelcolosi.com.br\/wp-content\/uploads\/2024\/01\/prouni-600x381-1.jpg?fit=600%2C381&ssl=1&resize=350%2C200","width":350,"height":200,"srcset":"https:\/\/i0.wp.com\/ismaelcolosi.com.br\/wp-content\/uploads\/2024\/01\/prouni-600x381-1.jpg?fit=600%2C381&ssl=1&resize=350%2C200 1x, https:\/\/i0.wp.com\/ismaelcolosi.com.br\/wp-content\/uploads\/2024\/01\/prouni-600x381-1.jpg?fit=600%2C381&ssl=1&resize=525%2C300 1.5x"},"classes":[]},{"id":38387,"url":"https:\/\/ismaelcolosi.com.br\/index.php\/2024\/02\/19\/prouni-prazo-para-comprovar-dados-termina-nesta-terca\/","url_meta":{"origin":57562,"position":4},"title":"Prouni: prazo para comprovar dados termina nesta ter\u00e7a","author":"ismaelcolosi.com.br","date":"19 de February de 2024","format":false,"excerpt":"19 de fevereiro de 2024 | 18:0019 de fevereiro de 2024 | 11:00 0Pr\u00e9-selecionados na primeira chamada do Programa Universidade para Todos (Prouni) do primeiro semestre de 2024 t\u00eam at\u00e9 esta ter\u00e7a-feira (20) para comprovar os dados informados no ato da inscri\u00e7\u00e3o.O prazo para a entrega dos documentos come\u00e7ou no\u2026","rel":"","context":"In &quot;Not\u00edcias de Ribeir\u00e3o Preto-SP e Regi\u00e3o&quot;","block_context":{"text":"Not\u00edcias de Ribeir\u00e3o Preto-SP e Regi\u00e3o","link":"https:\/\/ismaelcolosi.com.br\/index.php\/category\/noticias-de-ribeirao-preto-sp-e-regiao-ismael-colosi\/"},"img":{"alt_text":"","src":"https:\/\/i0.wp.com\/ismaelcolosi.com.br\/wp-content\/uploads\/2024\/02\/23c13d42-5efa-466a-8938-5fe14756dedc-scaled.jpg?fit=1000%2C598&ssl=1&resize=350%2C200","width":350,"height":200,"srcset":"https:\/\/i0.wp.com\/ismaelcolosi.com.br\/wp-content\/uploads\/2024\/02\/23c13d42-5efa-466a-8938-5fe14756dedc-scaled.jpg?fit=1000%2C598&ssl=1&resize=350%2C200 1x, https:\/\/i0.wp.com\/ismaelcolosi.com.br\/wp-content\/uploads\/2024\/02\/23c13d42-5efa-466a-8938-5fe14756dedc-scaled.jpg?fit=1000%2C598&ssl=1&resize=525%2C300 1.5x, https:\/\/i0.wp.com\/ismaelcolosi.com.br\/wp-content\/uploads\/2024\/02\/23c13d42-5efa-466a-8938-5fe14756dedc-scaled.jpg?fit=1000%2C598&ssl=1&resize=700%2C400 2x"},"classes":[]},{"id":85632,"url":"https:\/\/ismaelcolosi.com.br\/index.php\/2025\/05\/22\/inscricoes-para-concurso-do-iphan-encerram-nesta-terca-feira-salarios-chegam-a-r-9-mil-2\/","url_meta":{"origin":57562,"position":5},"title":"Inscri\u00e7\u00f5es para concurso do Iphan encerram nesta ter\u00e7a-feira; sal\u00e1rios chegam a R$ 9 mil","author":"ismaelcolosi.com.br","date":"22 de May de 2025","format":false,"excerpt":"As inscri\u00e7\u00f5es do concurso p\u00fablico para trabalhar no Instituto do Patrim\u00f4nio Hist\u00f3rico e Art\u00edstico Nacional (Iphan) encerram \u00e0s 16h desta ter\u00e7a-feira. As vagas a serem preenchidas s\u00e3o para as \u00e1reas de Analista Ambiental, Antropologia, Arqueologia, Arquitetura e Urbanismo, Educa\u00e7\u00e3o Patrimonial e, por fim, Geoprocessamento. S\u00e3o 31 vagas com sal\u00e1rios que\u2026","rel":"","context":"In &quot;Empregos - Classificados&quot;","block_context":{"text":"Empregos - Classificados","link":"https:\/\/ismaelcolosi.com.br\/index.php\/category\/empregos-classificados-vagas-trabalho\/"},"img":{"alt_text":"","src":"","width":0,"height":0},"classes":[]}],"jetpack_sharing_enabled":true,"jetpack_shortlink":"https:\/\/wp.me\/pfMlyK-eYq","_links":{"self":[{"href":"https:\/\/ismaelcolosi.com.br\/index.php\/wp-json\/wp\/v2\/posts\/57562","targetHints":{"allow":["GET"]}}],"collection":[{"href":"https:\/\/ismaelcolosi.com.br\/index.php\/wp-json\/wp\/v2\/posts"}],"about":[{"href":"https:\/\/ismaelcolosi.com.br\/index.php\/wp-json\/wp\/v2\/types\/post"}],"author":[{"embeddable":true,"href":"https:\/\/ismaelcolosi.com.br\/index.php\/wp-json\/wp\/v2\/users\/1"}],"replies":[{"embeddable":true,"href":"https:\/\/ismaelcolosi.com.br\/index.php\/wp-json\/wp\/v2\/comments?post=57562"}],"version-history":[{"count":0,"href":"https:\/\/ismaelcolosi.com.br\/index.php\/wp-json\/wp\/v2\/posts\/57562\/revisions"}],"wp:featuredmedia":[{"embeddable":true,"href":"https:\/\/ismaelcolosi.com.br\/index.php\/wp-json\/wp\/v2\/media\/57563"}],"wp:attachment":[{"href":"https:\/\/ismaelcolosi.com.br\/index.php\/wp-json\/wp\/v2\/media?parent=57562"}],"wp:term":[{"taxonomy":"category","embeddable":true,"href":"https:\/\/ismaelcolosi.com.br\/index.php\/wp-json\/wp\/v2\/categories?post=57562"},{"taxonomy":"post_tag","embeddable":true,"href":"https:\/\/ismaelcolosi.com.br\/index.php\/wp-json\/wp\/v2\/tags?post=57562"}],"curies":[{"name":"wp","href":"https:\/\/api.w.org\/{rel}","templated":true}]}}