{"id":57558,"date":"2024-07-22T17:36:30","date_gmt":"2024-07-22T20:36:30","guid":{"rendered":"https:\/\/ismaelcolosi.com.br\/index.php\/2024\/07\/22\/carro-capota-e-deixa-uma-pessoa-ferida-em-rodovia-na-regiao-de-ribeirao-preto\/"},"modified":"2024-07-22T17:36:30","modified_gmt":"2024-07-22T20:36:30","slug":"carro-capota-e-deixa-uma-pessoa-ferida-em-rodovia-na-regiao-de-ribeirao-preto","status":"publish","type":"post","link":"https:\/\/ismaelcolosi.com.br\/index.php\/2024\/07\/22\/carro-capota-e-deixa-uma-pessoa-ferida-em-rodovia-na-regiao-de-ribeirao-preto\/","title":{"rendered":"Carro capota e deixa uma pessoa ferida em rodovia na regi\u00e3o de Ribeir\u00e3o Preto"},"content":{"rendered":"<p> <br \/>\n<\/p>\n<p>Um <strong>carro capotou<\/strong> e <strong>deixou uma pessoa ferida<\/strong>, na tarde desta <strong>segunda-feira (22), no quil\u00f4metro 126 da rodovia Carlos Tonani<\/strong>, em <strong>Jaboticabal<\/strong>, na regi\u00e3o de <strong>Ribeir\u00e3o Preto<\/strong>.<\/p>\n<p>Segundo o<strong> Corpo de Bombeiros<\/strong>, uma <strong>v\u00edtima<\/strong> foi socorrida pela ambul\u00e2ncia da concession\u00e1ria que administra o trecho.<\/p>\n<p>Ainda n\u00e3o h\u00e1 informa\u00e7\u00f5es sobre o estado de sa\u00fade da v\u00edtima e as causas do acidente ser\u00e3o apuradas.<\/p>\n<p>SAIBA MAIS <\/p>\n<p>Detran-SP retoma leil\u00f5es de ve\u00edculos no interior de SP nesta semana; Veja como participar<\/p>\n<p><strong>FIQUE ON<\/strong><\/p>\n<p>Fique ligado em tudo que acontece em Ribeir\u00e3o Preto e regi\u00e3o. Siga os perfis do&nbsp;<strong>acidade on&nbsp;<\/strong>no<a href=\"https:\/\/www.instagram.com\/acidadeonribeirao\" target=\"_blank\" rel=\"noreferrer noopener\">&nbsp;Instagram&nbsp;<\/a>e no&nbsp;<a href=\"https:\/\/www.facebook.com\/acidadeonribeirao\/\" target=\"_blank\" rel=\"noreferrer noopener\">Facebook<\/a>.Receba not\u00edcias do&nbsp;<strong>acidade on<\/strong>&nbsp;no WhatsApp.<a href=\"https:\/\/chat.whatsapp.com\/CdrZ6xrf7quD44Vw3WlPuZ\" target=\"_blank\" rel=\"noreferrer noopener\">&nbsp;Para entrar no grupo, basta clicar aqui.<\/a><\/p>\n<p>Fa\u00e7a uma den\u00fancia ou sugira uma reportagem sobre Ribeir\u00e3o Preto e regi\u00e3o pelo WhatsApp: 16 99117 7802.VEJA TAMB\u00c9M<\/p>\n<p>Como \u00e9 a prova do concurso BNDES?<\/p>\n<p>O post Carro capota e deixa uma pessoa ferida em rodovia na regi\u00e3o de Ribeir\u00e3o Preto apareceu primeiro em ACidade ON Ribeir\u00e3o Preto.<\/p>\n<p><script async src=\"\/\/www.instagram.com\/embed.js\"><\/script><br \/>\n<br \/><br \/>\n<br \/><a href=\"https:\/\/www.acidadeon.com\/ribeiraopreto\/cotidiano\/carro-capota-e-deixa-uma-pessoa-ferida-em-rodovia-na-regiao-de-ribeirao-preto\/\">Source link <\/a><\/p>\n<div class='code-block code-block-4' style='margin: 8px auto 8px 0; text-align: left; display: block; clear: both;'>\n\ud83d\udce2 Aviso Legal\n\nO site ismaelcolosi.com.br atua apenas como um canal de divulga\u00e7\u00e3o de oportunidades de emprego e n\u00e3o se responsabiliza pelo processo seletivo, contrata\u00e7\u00e3o ou qualquer outra etapa relacionada \u00e0s vagas publicadas. Todas as informa\u00e7\u00f5es s\u00e3o de responsabilidade dos anunciantes.\n\n\u26a0\ufe0f Aten\u00e7\u00e3o! Nunca pague por promessas de emprego nem compre cursos que garantam contrata\u00e7\u00e3o. Desconfie de qualquer cobran\u00e7a para participar de sele\u00e7\u00f5es.\n\n\n\n<\/div>\n<!-- CONTENT END 1 -->\n","protected":false},"excerpt":{"rendered":"<p>Um carro capotou e deixou uma pessoa ferida, na tarde desta segunda-feira (22), no quil\u00f4metro 126 da rodovia Carlos Tonani, em Jaboticabal, na regi\u00e3o de&#8230;<\/p>\n","protected":false},"author":1,"featured_media":57559,"comment_status":"open","ping_status":"open","sticky":false,"template":"","format":"standard","meta":{"_uag_custom_page_level_css":"","advanced_seo_description":"","jetpack_seo_html_title":"","jetpack_seo_noindex":false,"jetpack_post_was_ever_published":false,"_jetpack_newsletter_access":"","_jetpack_dont_email_post_to_subs":false,"_jetpack_newsletter_tier_id":0,"_jetpack_memberships_contains_paywalled_content":false,"_jetpack_memberships_contains_paid_content":false,"footnotes":"","jetpack_publicize_message":"","jetpack_publicize_feature_enabled":true,"jetpack_social_post_already_shared":true,"jetpack_social_options":{"image_generator_settings":{"template":"highway","default_image_id":0,"font":"","enabled":false},"version":2}},"categories":[11],"tags":[],"class_list":["post-57558","post","type-post","status-publish","format-standard","has-post-thumbnail","hentry","category-noticias-de-ribeirao-preto-sp-e-regiao-ismael-colosi"],"jetpack_publicize_connections":[],"jetpack_featured_media_url":"https:\/\/i0.wp.com\/ismaelcolosi.com.br\/wp-content\/uploads\/2024\/07\/Copia-de-Copia-de-TAMANHO-EXATO-PARA-FOTOS-NO-SISTEMA-NOVO-6_2024-07-22_20-29-38_jpg_2024-07-22_20-29-39.webp.webp?fit=1200%2C675&ssl=1","uagb_featured_image_src":{"full":["https:\/\/i0.wp.com\/ismaelcolosi.com.br\/wp-content\/uploads\/2024\/07\/Copia-de-Copia-de-TAMANHO-EXATO-PARA-FOTOS-NO-SISTEMA-NOVO-6_2024-07-22_20-29-38_jpg_2024-07-22_20-29-39.webp.webp?fit=1200%2C675&ssl=1",1200,675,false],"thumbnail":["https:\/\/i0.wp.com\/ismaelcolosi.com.br\/wp-content\/uploads\/2024\/07\/Copia-de-Copia-de-TAMANHO-EXATO-PARA-FOTOS-NO-SISTEMA-NOVO-6_2024-07-22_20-29-38_jpg_2024-07-22_20-29-39.webp.webp?resize=150%2C150&ssl=1",150,150,true],"medium":["https:\/\/i0.wp.com\/ismaelcolosi.com.br\/wp-content\/uploads\/2024\/07\/Copia-de-Copia-de-TAMANHO-EXATO-PARA-FOTOS-NO-SISTEMA-NOVO-6_2024-07-22_20-29-38_jpg_2024-07-22_20-29-39.webp.webp?fit=300%2C169&ssl=1",300,169,true],"medium_large":["https:\/\/i0.wp.com\/ismaelcolosi.com.br\/wp-content\/uploads\/2024\/07\/Copia-de-Copia-de-TAMANHO-EXATO-PARA-FOTOS-NO-SISTEMA-NOVO-6_2024-07-22_20-29-38_jpg_2024-07-22_20-29-39.webp.webp?fit=768%2C432&ssl=1",768,432,true],"large":["https:\/\/i0.wp.com\/ismaelcolosi.com.br\/wp-content\/uploads\/2024\/07\/Copia-de-Copia-de-TAMANHO-EXATO-PARA-FOTOS-NO-SISTEMA-NOVO-6_2024-07-22_20-29-38_jpg_2024-07-22_20-29-39.webp.webp?fit=1024%2C576&ssl=1",1024,576,true],"1536x1536":["https:\/\/i0.wp.com\/ismaelcolosi.com.br\/wp-content\/uploads\/2024\/07\/Copia-de-Copia-de-TAMANHO-EXATO-PARA-FOTOS-NO-SISTEMA-NOVO-6_2024-07-22_20-29-38_jpg_2024-07-22_20-29-39.webp.webp?fit=1200%2C675&ssl=1",1200,675,true],"2048x2048":["https:\/\/i0.wp.com\/ismaelcolosi.com.br\/wp-content\/uploads\/2024\/07\/Copia-de-Copia-de-TAMANHO-EXATO-PARA-FOTOS-NO-SISTEMA-NOVO-6_2024-07-22_20-29-38_jpg_2024-07-22_20-29-39.webp.webp?fit=1200%2C675&ssl=1",1200,675,true],"really-simple-thumb":["https:\/\/i0.wp.com\/ismaelcolosi.com.br\/wp-content\/uploads\/2024\/07\/Copia-de-Copia-de-TAMANHO-EXATO-PARA-FOTOS-NO-SISTEMA-NOVO-6_2024-07-22_20-29-38_jpg_2024-07-22_20-29-39.webp.webp?resize=370%2C247&ssl=1",370,247,true]},"uagb_author_info":{"display_name":"ismaelcolosi.com.br","author_link":"https:\/\/ismaelcolosi.com.br\/index.php\/author\/vidareal-online\/"},"uagb_comment_info":0,"uagb_excerpt":"Um carro capotou e deixou uma pessoa ferida, na tarde desta segunda-feira (22), no quil\u00f4metro 126 da rodovia Carlos Tonani, em Jaboticabal, na regi\u00e3o de...","jetpack-related-posts":[{"id":54194,"url":"https:\/\/ismaelcolosi.com.br\/index.php\/2024\/06\/22\/colisao-entre-carro-e-caminhao-deixa-um-ferido-na-anhanguera\/","url_meta":{"origin":57558,"position":0},"title":"Colis\u00e3o entre carro e caminh\u00e3o deixa um ferido na Anhanguera","author":"ismaelcolosi.com.br","date":"22 de June de 2024","format":false,"excerpt":"Um acidente entre um carro e um caminh\u00e3o deixou uma pessoa ferida na rodovia Anhanguera, em Cravinhos, regi\u00e3o de Ribeir\u00e3o Preto, na manh\u00e3 deste s\u00e1bado (22). Segundo o Corpo de Bombeiros, a v\u00edtima chegou a ficar presa nas ferragens. O acidente aconteceu por volta das 10h30, na altura do quil\u00f4metro\u2026","rel":"","context":"In &quot;Not\u00edcias de Ribeir\u00e3o Preto-SP e Regi\u00e3o&quot;","block_context":{"text":"Not\u00edcias de Ribeir\u00e3o Preto-SP e Regi\u00e3o","link":"https:\/\/ismaelcolosi.com.br\/index.php\/category\/noticias-de-ribeirao-preto-sp-e-regiao-ismael-colosi\/"},"img":{"alt_text":"","src":"https:\/\/i0.wp.com\/ismaelcolosi.com.br\/wp-content\/uploads\/2024\/06\/AnyConv.com__acesso-anhanguera-cravinhos_2024-06-22_15-28-46.webp.webp?fit=1162%2C689&ssl=1&resize=350%2C200","width":350,"height":200,"srcset":"https:\/\/i0.wp.com\/ismaelcolosi.com.br\/wp-content\/uploads\/2024\/06\/AnyConv.com__acesso-anhanguera-cravinhos_2024-06-22_15-28-46.webp.webp?fit=1162%2C689&ssl=1&resize=350%2C200 1x, https:\/\/i0.wp.com\/ismaelcolosi.com.br\/wp-content\/uploads\/2024\/06\/AnyConv.com__acesso-anhanguera-cravinhos_2024-06-22_15-28-46.webp.webp?fit=1162%2C689&ssl=1&resize=525%2C300 1.5x, https:\/\/i0.wp.com\/ismaelcolosi.com.br\/wp-content\/uploads\/2024\/06\/AnyConv.com__acesso-anhanguera-cravinhos_2024-06-22_15-28-46.webp.webp?fit=1162%2C689&ssl=1&resize=700%2C400 2x, https:\/\/i0.wp.com\/ismaelcolosi.com.br\/wp-content\/uploads\/2024\/06\/AnyConv.com__acesso-anhanguera-cravinhos_2024-06-22_15-28-46.webp.webp?fit=1162%2C689&ssl=1&resize=1050%2C600 3x"},"classes":[]},{"id":52599,"url":"https:\/\/ismaelcolosi.com.br\/index.php\/2024\/06\/07\/kombi-capota-em-rodovia-e-deixa-uma-pessoa-ferida-em-ribeirao-preto\/","url_meta":{"origin":57558,"position":1},"title":"Kombi capota em rodovia e deixa uma pessoa ferida em Ribeir\u00e3o Preto","author":"ismaelcolosi.com.br","date":"7 de June de 2024","format":false,"excerpt":"Uma pessoa ficou ferida ap\u00f3s se envolver em um acidente de tr\u00e2nsito no km 307 da rodovia Anhanguera (SP-330), em Ribeir\u00e3o Preto, na noite desta sexta-feira (07). De acordo com as primeiras informa\u00e7\u00f5es da Arteris ViaPaulista, concession\u00e1ria que administra o trecho, equipes foram acionadas para atender um choque contra objeto\u2026","rel":"","context":"In &quot;Not\u00edcias de Ribeir\u00e3o Preto-SP e Regi\u00e3o&quot;","block_context":{"text":"Not\u00edcias de Ribeir\u00e3o Preto-SP e Regi\u00e3o","link":"https:\/\/ismaelcolosi.com.br\/index.php\/category\/noticias-de-ribeirao-preto-sp-e-regiao-ismael-colosi\/"},"img":{"alt_text":"","src":"https:\/\/i0.wp.com\/ismaelcolosi.com.br\/wp-content\/uploads\/2024\/05\/BOMBEIROS-1024x575-1_2024-05-31_13-44-44_jpg_2024-05-31_13-44-44.webp.webp?fit=1024%2C575&ssl=1&resize=350%2C200","width":350,"height":200,"srcset":"https:\/\/i0.wp.com\/ismaelcolosi.com.br\/wp-content\/uploads\/2024\/05\/BOMBEIROS-1024x575-1_2024-05-31_13-44-44_jpg_2024-05-31_13-44-44.webp.webp?fit=1024%2C575&ssl=1&resize=350%2C200 1x, https:\/\/i0.wp.com\/ismaelcolosi.com.br\/wp-content\/uploads\/2024\/05\/BOMBEIROS-1024x575-1_2024-05-31_13-44-44_jpg_2024-05-31_13-44-44.webp.webp?fit=1024%2C575&ssl=1&resize=525%2C300 1.5x, https:\/\/i0.wp.com\/ismaelcolosi.com.br\/wp-content\/uploads\/2024\/05\/BOMBEIROS-1024x575-1_2024-05-31_13-44-44_jpg_2024-05-31_13-44-44.webp.webp?fit=1024%2C575&ssl=1&resize=700%2C400 2x"},"classes":[]},{"id":52608,"url":"https:\/\/ismaelcolosi.com.br\/index.php\/2024\/06\/08\/duas-pessoas-morrem-em-acidente-na-rodovia-abrao-assed-em-ribeirao-preto\/","url_meta":{"origin":57558,"position":2},"title":"Duas pessoas morrem em acidente na rodovia Abr\u00e3o Assed em Ribeir\u00e3o Preto","author":"ismaelcolosi.com.br","date":"8 de June de 2024","format":false,"excerpt":"Duas pessoas morreram na noite de sexta-feira (7), no quil\u00f4metro 050 da rodovia Abr\u00e3o Assed (SP-333) em Ribeir\u00e3o Preto, ap\u00f3s se envolverem em um acidente entre carro e moto. Segundo a Pol\u00edcia Rodovi\u00e1ria, as v\u00edtimas estavam na moto com placas de Sert\u00e3ozinho seguindo pela rodovia sentido Serrana, quando, por motivos\u2026","rel":"","context":"In &quot;Not\u00edcias de Ribeir\u00e3o Preto-SP e Regi\u00e3o&quot;","block_context":{"text":"Not\u00edcias de Ribeir\u00e3o Preto-SP e Regi\u00e3o","link":"https:\/\/ismaelcolosi.com.br\/index.php\/category\/noticias-de-ribeirao-preto-sp-e-regiao-ismael-colosi\/"},"img":{"alt_text":"","src":"https:\/\/i0.wp.com\/ismaelcolosi.com.br\/wp-content\/uploads\/2024\/06\/1717851981_PMR-3.jpg?fit=1200%2C907&ssl=1&resize=350%2C200","width":350,"height":200,"srcset":"https:\/\/i0.wp.com\/ismaelcolosi.com.br\/wp-content\/uploads\/2024\/06\/1717851981_PMR-3.jpg?fit=1200%2C907&ssl=1&resize=350%2C200 1x, https:\/\/i0.wp.com\/ismaelcolosi.com.br\/wp-content\/uploads\/2024\/06\/1717851981_PMR-3.jpg?fit=1200%2C907&ssl=1&resize=525%2C300 1.5x, https:\/\/i0.wp.com\/ismaelcolosi.com.br\/wp-content\/uploads\/2024\/06\/1717851981_PMR-3.jpg?fit=1200%2C907&ssl=1&resize=700%2C400 2x, https:\/\/i0.wp.com\/ismaelcolosi.com.br\/wp-content\/uploads\/2024\/06\/1717851981_PMR-3.jpg?fit=1200%2C907&ssl=1&resize=1050%2C600 3x"},"classes":[]},{"id":63662,"url":"https:\/\/ismaelcolosi.com.br\/index.php\/2024\/09\/03\/acidente-entre-carro-e-onibus-deixa-uma-mulher-ferida-em-ribeirao\/","url_meta":{"origin":57558,"position":3},"title":"Acidente entre carro e \u00f4nibus deixa uma mulher ferida em Ribeir\u00e3o","author":"ismaelcolosi.com.br","date":"3 de September de 2024","format":false,"excerpt":"Um acidente entre um \u00f4nibus e um carro, na manh\u00e3 desta ter\u00e7a-feira (3), deixou uma mulher ferida no bairro Ant\u00f4nio Palocci, zona Oeste de Ribeir\u00e3o Preto. A v\u00edtima, que n\u00e3o teve a identidade revelada, ficou presa nas ferragens. O Corpo de Bombeiros foi acionado e precisou cortar o ve\u00edculo para\u2026","rel":"","context":"In &quot;Not\u00edcias de Ribeir\u00e3o Preto-SP e Regi\u00e3o&quot;","block_context":{"text":"Not\u00edcias de Ribeir\u00e3o Preto-SP e Regi\u00e3o","link":"https:\/\/ismaelcolosi.com.br\/index.php\/category\/noticias-de-ribeirao-preto-sp-e-regiao-ismael-colosi\/"},"img":{"alt_text":"","src":"https:\/\/i0.wp.com\/ismaelcolosi.com.br\/wp-content\/uploads\/2024\/09\/Imagem-do-WhatsApp-de-2024-09-03-as-12.03.56_7e869bb8_2024-09-03_15-12-14_jpg_2024-09-03_15-12-14.webp.webp?fit=1187%2C844&ssl=1&resize=350%2C200","width":350,"height":200,"srcset":"https:\/\/i0.wp.com\/ismaelcolosi.com.br\/wp-content\/uploads\/2024\/09\/Imagem-do-WhatsApp-de-2024-09-03-as-12.03.56_7e869bb8_2024-09-03_15-12-14_jpg_2024-09-03_15-12-14.webp.webp?fit=1187%2C844&ssl=1&resize=350%2C200 1x, https:\/\/i0.wp.com\/ismaelcolosi.com.br\/wp-content\/uploads\/2024\/09\/Imagem-do-WhatsApp-de-2024-09-03-as-12.03.56_7e869bb8_2024-09-03_15-12-14_jpg_2024-09-03_15-12-14.webp.webp?fit=1187%2C844&ssl=1&resize=525%2C300 1.5x, https:\/\/i0.wp.com\/ismaelcolosi.com.br\/wp-content\/uploads\/2024\/09\/Imagem-do-WhatsApp-de-2024-09-03-as-12.03.56_7e869bb8_2024-09-03_15-12-14_jpg_2024-09-03_15-12-14.webp.webp?fit=1187%2C844&ssl=1&resize=700%2C400 2x, https:\/\/i0.wp.com\/ismaelcolosi.com.br\/wp-content\/uploads\/2024\/09\/Imagem-do-WhatsApp-de-2024-09-03-as-12.03.56_7e869bb8_2024-09-03_15-12-14_jpg_2024-09-03_15-12-14.webp.webp?fit=1187%2C844&ssl=1&resize=1050%2C600 3x"},"classes":[]},{"id":58933,"url":"https:\/\/ismaelcolosi.com.br\/index.php\/2024\/08\/04\/colisao-em-rodovia-deixa-um-morto-e-cinco-feridos-na-regiao-de-ribeirao\/","url_meta":{"origin":57558,"position":4},"title":"Colis\u00e3o em rodovia deixa um morto e cinco feridos na regi\u00e3o de Ribeir\u00e3o","author":"ismaelcolosi.com.br","date":"4 de August de 2024","format":false,"excerpt":"Uma pessoa morreu e outras cinco ficaram feridas ap\u00f3s um acidente de tr\u00e2nsito envolvendo dois ve\u00edculos na rodovia C\u00e2ndido Portinari (SP-334), em Batatais, cidade na regi\u00e3o de Ribeir\u00e3o Preto, na manh\u00e3 deste domingo (4). De acordo com o Corpo de Bombeiros, a colis\u00e3o envolveu um Fiat Siena, com motorista e\u2026","rel":"","context":"In &quot;Not\u00edcias de Ribeir\u00e3o Preto-SP e Regi\u00e3o&quot;","block_context":{"text":"Not\u00edcias de Ribeir\u00e3o Preto-SP e Regi\u00e3o","link":"https:\/\/ismaelcolosi.com.br\/index.php\/category\/noticias-de-ribeirao-preto-sp-e-regiao-ismael-colosi\/"},"img":{"alt_text":"","src":"https:\/\/i0.wp.com\/ismaelcolosi.com.br\/wp-content\/uploads\/2024\/08\/Copia-de-Copia-de-TAMANHO-EXATO-PARA-FOTOS-NO-SISTEMA-NOVO-2024-08-04T133507.967_2024-08-04_16-35-51_png_2024-08-04_16-35-51.webp.webp?fit=1200%2C675&ssl=1&resize=350%2C200","width":350,"height":200,"srcset":"https:\/\/i0.wp.com\/ismaelcolosi.com.br\/wp-content\/uploads\/2024\/08\/Copia-de-Copia-de-TAMANHO-EXATO-PARA-FOTOS-NO-SISTEMA-NOVO-2024-08-04T133507.967_2024-08-04_16-35-51_png_2024-08-04_16-35-51.webp.webp?fit=1200%2C675&ssl=1&resize=350%2C200 1x, https:\/\/i0.wp.com\/ismaelcolosi.com.br\/wp-content\/uploads\/2024\/08\/Copia-de-Copia-de-TAMANHO-EXATO-PARA-FOTOS-NO-SISTEMA-NOVO-2024-08-04T133507.967_2024-08-04_16-35-51_png_2024-08-04_16-35-51.webp.webp?fit=1200%2C675&ssl=1&resize=525%2C300 1.5x, https:\/\/i0.wp.com\/ismaelcolosi.com.br\/wp-content\/uploads\/2024\/08\/Copia-de-Copia-de-TAMANHO-EXATO-PARA-FOTOS-NO-SISTEMA-NOVO-2024-08-04T133507.967_2024-08-04_16-35-51_png_2024-08-04_16-35-51.webp.webp?fit=1200%2C675&ssl=1&resize=700%2C400 2x, https:\/\/i0.wp.com\/ismaelcolosi.com.br\/wp-content\/uploads\/2024\/08\/Copia-de-Copia-de-TAMANHO-EXATO-PARA-FOTOS-NO-SISTEMA-NOVO-2024-08-04T133507.967_2024-08-04_16-35-51_png_2024-08-04_16-35-51.webp.webp?fit=1200%2C675&ssl=1&resize=1050%2C600 3x"},"classes":[]},{"id":58923,"url":"https:\/\/ismaelcolosi.com.br\/index.php\/2024\/08\/04\/motociclista-morre-e-mulher-fica-ferida-apos-acidente-em-rodovia-na-regiao-de-ribeirao-preto\/","url_meta":{"origin":57558,"position":5},"title":"Motociclista morre e mulher fica ferida ap\u00f3s acidente em rodovia na regi\u00e3o de Ribeir\u00e3o Preto","author":"ismaelcolosi.com.br","date":"4 de August de 2024","format":false,"excerpt":"Um homem morreu e uma mulher ficou ferida ap\u00f3s um acidente na rodovia Carlos Tonani (SP-333), pr\u00f3ximo ao quil\u00f4metro 97, em Sert\u00e3ozinho, cidade na regi\u00e3o de Ribeir\u00e3o Preto, na noite deste s\u00e1bado (3). De acordo com o boletim de ocorr\u00eancia (BO), William Yudy Matayoshi Da Silva, de 28 anos, seguia\u2026","rel":"","context":"In &quot;Not\u00edcias de Ribeir\u00e3o Preto-SP e Regi\u00e3o&quot;","block_context":{"text":"Not\u00edcias de Ribeir\u00e3o Preto-SP e Regi\u00e3o","link":"https:\/\/ismaelcolosi.com.br\/index.php\/category\/noticias-de-ribeirao-preto-sp-e-regiao-ismael-colosi\/"},"img":{"alt_text":"","src":"https:\/\/i0.wp.com\/ismaelcolosi.com.br\/wp-content\/uploads\/2024\/08\/Copia-de-Copia-de-TAMANHO-EXATO-PARA-FOTOS-NO-SISTEMA-NOVO-2024-08-04T113336.227_2024-08-04_14-33-41_png_2024-08-04_14-33-41.webp.webp?fit=1200%2C675&ssl=1&resize=350%2C200","width":350,"height":200,"srcset":"https:\/\/i0.wp.com\/ismaelcolosi.com.br\/wp-content\/uploads\/2024\/08\/Copia-de-Copia-de-TAMANHO-EXATO-PARA-FOTOS-NO-SISTEMA-NOVO-2024-08-04T113336.227_2024-08-04_14-33-41_png_2024-08-04_14-33-41.webp.webp?fit=1200%2C675&ssl=1&resize=350%2C200 1x, https:\/\/i0.wp.com\/ismaelcolosi.com.br\/wp-content\/uploads\/2024\/08\/Copia-de-Copia-de-TAMANHO-EXATO-PARA-FOTOS-NO-SISTEMA-NOVO-2024-08-04T113336.227_2024-08-04_14-33-41_png_2024-08-04_14-33-41.webp.webp?fit=1200%2C675&ssl=1&resize=525%2C300 1.5x, https:\/\/i0.wp.com\/ismaelcolosi.com.br\/wp-content\/uploads\/2024\/08\/Copia-de-Copia-de-TAMANHO-EXATO-PARA-FOTOS-NO-SISTEMA-NOVO-2024-08-04T113336.227_2024-08-04_14-33-41_png_2024-08-04_14-33-41.webp.webp?fit=1200%2C675&ssl=1&resize=700%2C400 2x, https:\/\/i0.wp.com\/ismaelcolosi.com.br\/wp-content\/uploads\/2024\/08\/Copia-de-Copia-de-TAMANHO-EXATO-PARA-FOTOS-NO-SISTEMA-NOVO-2024-08-04T113336.227_2024-08-04_14-33-41_png_2024-08-04_14-33-41.webp.webp?fit=1200%2C675&ssl=1&resize=1050%2C600 3x"},"classes":[]}],"jetpack_sharing_enabled":true,"jetpack_shortlink":"https:\/\/wp.me\/pfMlyK-eYm","_links":{"self":[{"href":"https:\/\/ismaelcolosi.com.br\/index.php\/wp-json\/wp\/v2\/posts\/57558","targetHints":{"allow":["GET"]}}],"collection":[{"href":"https:\/\/ismaelcolosi.com.br\/index.php\/wp-json\/wp\/v2\/posts"}],"about":[{"href":"https:\/\/ismaelcolosi.com.br\/index.php\/wp-json\/wp\/v2\/types\/post"}],"author":[{"embeddable":true,"href":"https:\/\/ismaelcolosi.com.br\/index.php\/wp-json\/wp\/v2\/users\/1"}],"replies":[{"embeddable":true,"href":"https:\/\/ismaelcolosi.com.br\/index.php\/wp-json\/wp\/v2\/comments?post=57558"}],"version-history":[{"count":0,"href":"https:\/\/ismaelcolosi.com.br\/index.php\/wp-json\/wp\/v2\/posts\/57558\/revisions"}],"wp:featuredmedia":[{"embeddable":true,"href":"https:\/\/ismaelcolosi.com.br\/index.php\/wp-json\/wp\/v2\/media\/57559"}],"wp:attachment":[{"href":"https:\/\/ismaelcolosi.com.br\/index.php\/wp-json\/wp\/v2\/media?parent=57558"}],"wp:term":[{"taxonomy":"category","embeddable":true,"href":"https:\/\/ismaelcolosi.com.br\/index.php\/wp-json\/wp\/v2\/categories?post=57558"},{"taxonomy":"post_tag","embeddable":true,"href":"https:\/\/ismaelcolosi.com.br\/index.php\/wp-json\/wp\/v2\/tags?post=57558"}],"curies":[{"name":"wp","href":"https:\/\/api.w.org\/{rel}","templated":true}]}}