{"id":57551,"date":"2024-07-22T16:55:47","date_gmt":"2024-07-22T19:55:47","guid":{"rendered":"https:\/\/ismaelcolosi.com.br\/index.php\/2024\/07\/22\/detran-sp-retoma-leiloes-de-veiculos-no-interior-de-sp-nesta-semana-veja-como-participar\/"},"modified":"2024-07-22T16:55:47","modified_gmt":"2024-07-22T19:55:47","slug":"detran-sp-retoma-leiloes-de-veiculos-no-interior-de-sp-nesta-semana-veja-como-participar","status":"publish","type":"post","link":"https:\/\/ismaelcolosi.com.br\/index.php\/2024\/07\/22\/detran-sp-retoma-leiloes-de-veiculos-no-interior-de-sp-nesta-semana-veja-como-participar\/","title":{"rendered":"Detran-SP retoma leil\u00f5es de ve\u00edculos no interior de SP nesta semana; Veja como participar"},"content":{"rendered":"<p> <br \/>\n<\/p>\n<div>\n<p>O<strong><a href=\"https:\/\/www.detran.sp.gov.br\/wps\/portal\/portaldetran\/cidadao\/home\" target=\"_blank\" rel=\"noreferrer noopener nofollow\"> Dentran-SP<\/a><\/strong> vai retomar nesta ter\u00e7a-feira (23) os leil\u00f5es de ve\u00edculos no<strong> interior de S\u00e3o Paulo<\/strong>. Os leil\u00f5es estavam suspensos desde 2023. De acordo com o \u00f3rg\u00e3o, <mark style=\"background-color:#fcb900\" class=\"has-inline-color has-black-color\">mais de 400 ve\u00edculos recolhidos na regi\u00e3o de Botucatu v\u00e3o \u00e0 venda a partir das 10h.<\/mark><\/p>\n<p>Pode participar quem fez a inscri\u00e7\u00e3o at\u00e9 o \u00faltimo domingo (21). As sess\u00f5es acontecem no <a href=\"https:\/\/www.ricoleiloes.com.br\/\" target=\"_blank\" rel=\"noreferrer noopener nofollow\">site da <strong>Rico Leil\u00f5es<\/strong> (clique aqui).<\/a><\/p>\n<h4 class=\"wp-block-heading\"><strong>O leil\u00e3o do Detran-SP<\/strong><\/h4>\n<p>No primeiro dia, os participantes poder\u00e3o dar seu pre\u00e7o por um dos 197 ve\u00edculos em condi\u00e7\u00f5es de circula\u00e7\u00e3o dispon\u00edveis. Na quarta-feira (24), ser\u00e1 a vez da venda dos 204 lotes de sucata aproveit\u00e1vel para desmontagem e, na quinta-feira (25), da oferta de 7 toneladas de sucata inserv\u00edvel, destinada \u00e0 reciclagem por empresas de siderurgia ou fundi\u00e7\u00e3o.<\/p>\n<h4 class=\"wp-block-heading\"><strong>Novo leil\u00e3o<\/strong><\/h4>\n<p>Tamb\u00e9m na quarta-feira, t\u00eam in\u00edcio os pr\u00e9-lances para o segundo leil\u00e3o agendado pelo Detran-SP. O certame vai reunir ve\u00edculos recolhidos nas cidades de Capela do Alto e Ces\u00e1rio Lange:<\/p>\n<ul>\n<li>38 unidades em condi\u00e7\u00f5es de circula\u00e7\u00e3o, 136 unidades de sucata aproveit\u00e1vel para desmonte e 11 unidades de sucata inserv\u00edvel.<\/li>\n<\/ul>\n<p>Desta vez, as sess\u00f5es ser\u00e3o realizadas pelo<a href=\"https:\/\/www.amaralleiloes.com.br\/\" target=\"_blank\" rel=\"noreferrer noopener nofollow\"> site da <strong>Amaral Leil\u00f5es<\/strong> (clique aqui).<\/a><\/p>\n<p>A inscri\u00e7\u00e3o para participar de cada leil\u00e3o deve ser feita at\u00e9 48 horas antes do evento no site da leiloeira respons\u00e1vel. O certame de Capela do Alto e Ces\u00e1rio Lange est\u00e1 marcado para come\u00e7ar dia 13 de agosto.<\/p>\n<p><strong>Regras do leil\u00e3o do Detran-SP<\/strong><\/p>\n<p>Quando aberta a sess\u00e3o p\u00fablica de venda dos ve\u00edculos de Botucatu, todos os inscritos poder\u00e3o sugerir um pre\u00e7o para uma das unidades dispon\u00edveis.\u00a0<\/p>\n<p>No caso dos carros e motos em condi\u00e7\u00f5es de circular, de acordo com o edital do certame, o valor entre um incremento e outro deve ser de R$ 100. J\u00e1 no caso das sucatas aproveit\u00e1veis, o valor \u00e9 de R$ 30. E, no das sucatas para reciclagem, medidas por quilo, de R$ 0,02 por peso do lote.<\/p>\n<p>Como os ve\u00edculos j\u00e1 t\u00eam pr\u00e9-lance, o incremento ser\u00e1 feito a partir dos valores que constam do site da leiloeira. Vale lembrar que, se n\u00e3o ultrapassado por outro em at\u00e9 30 segundos, o \u00faltimo lance dado ser\u00e1 declarado vencedor.<\/p>\n<p>O mesmo vale para o pr\u00e9-lance: se nenhum lance surgir para super\u00e1-lo, ele levar\u00e1 o ve\u00edculo. Uma vez aceito, um lance n\u00e3o pode ser desfeito. Pela Lei federal n\u00ba 14.133\/2021, n\u00e3o h\u00e1 possibilidade de desist\u00eancia.<\/p>\n<p>Vale ressaltar que, mesmo que tenha um pr\u00e9-lance tenha sido feito, o propriet\u00e1rio do ve\u00edculo listado para leil\u00e3o tem o direito de recuper\u00e1-lo at\u00e9 um dia \u00fatil antes do certame, mediante a quita\u00e7\u00e3o dos d\u00e9bitos pendentes, entre infra\u00e7\u00f5es e tarifas de remo\u00e7\u00e3o e cust\u00f3dia em p\u00e1tio.<\/p>\n<p><span style=\"color: initial;\">SAIBA MAIS<\/span><\/p>\n<p>BNDES abre concurso p\u00fablico com 150 vagas e sal\u00e1rios de R$ 20 mil<\/p>\n<p><strong style=\"color: var(--td_text_color, #111111); font-family: Roboto, sans-serif; font-size: 19px;\">FIQUE ON<\/strong>   <\/p>\n<p>Fique ligado em tudo que acontece em Ribeir\u00e3o Preto e regi\u00e3o. Siga os perfis do <strong>acidade on <\/strong>no<a href=\"https:\/\/www.instagram.com\/acidadeonribeirao\" target=\"_blank\" rel=\"noreferrer noopener nofollow\"> Instagram <\/a>e no <a href=\"https:\/\/www.facebook.com\/acidadeonribeirao\/\" target=\"_blank\" rel=\"noreferrer noopener nofollow\">Facebook<\/a>.<\/p>\n<p><span style=\"color: initial;\">Receba not\u00edcias do <\/span><strong style=\"color: initial;\">acidade on<\/strong><span style=\"color: initial;\"> no WhatsApp.<\/span><a href=\"https:\/\/chat.whatsapp.com\/CdrZ6xrf7quD44Vw3WlPuZ\" target=\"_blank\" rel=\"noreferrer noopener nofollow\"> Para entrar no grupo, basta clicar aqui.<\/a>   <\/p>\n<p>Fa\u00e7a uma den\u00fancia ou sugira uma reportagem sobre Ribeir\u00e3o Preto e regi\u00e3o pelo WhatsApp: 16 99117 7802.<\/p>\n<p><span style=\"color: initial;\">VEJA TAMB\u00c9M<\/span> <\/p>\n<p>Como \u00e9 a prova do concurso BNDES?<\/p>\n<p><!-- AI CONTENT END 1 -->\n<\/div>\n<p><script async src=\"\/\/www.instagram.com\/embed.js\"><\/script><br \/>\n<br \/><br \/>\n<br \/><a href=\"https:\/\/www.acidadeon.com\/ribeiraopreto\/economia\/detran-sp-retoma-leiloes-de-veiculos-no-interior-de-sp-nesta-semana-veja-como-participar\/\">Source link <\/a><\/p>\n<div class='code-block code-block-4' style='margin: 8px auto 8px 0; text-align: left; display: block; clear: both;'>\n\ud83d\udce2 Aviso Legal\n\nO site ismaelcolosi.com.br atua apenas como um canal de divulga\u00e7\u00e3o de oportunidades de emprego e n\u00e3o se responsabiliza pelo processo seletivo, contrata\u00e7\u00e3o ou qualquer outra etapa relacionada \u00e0s vagas publicadas. Todas as informa\u00e7\u00f5es s\u00e3o de responsabilidade dos anunciantes.\n\n\u26a0\ufe0f Aten\u00e7\u00e3o! Nunca pague por promessas de emprego nem compre cursos que garantam contrata\u00e7\u00e3o. Desconfie de qualquer cobran\u00e7a para participar de sele\u00e7\u00f5es.\n\n\n\n<\/div>\n<!-- CONTENT END 1 -->\n","protected":false},"excerpt":{"rendered":"<p>O Dentran-SP vai retomar nesta ter\u00e7a-feira (23) os leil\u00f5es de ve\u00edculos no interior de S\u00e3o Paulo. Os leil\u00f5es estavam suspensos desde 2023. De acordo com&#8230;<\/p>\n","protected":false},"author":1,"featured_media":54309,"comment_status":"open","ping_status":"open","sticky":false,"template":"","format":"standard","meta":{"_uag_custom_page_level_css":"","advanced_seo_description":"","jetpack_seo_html_title":"","jetpack_seo_noindex":false,"jetpack_post_was_ever_published":false,"_jetpack_newsletter_access":"","_jetpack_dont_email_post_to_subs":false,"_jetpack_newsletter_tier_id":0,"_jetpack_memberships_contains_paywalled_content":false,"_jetpack_memberships_contains_paid_content":false,"footnotes":"","jetpack_publicize_message":"","jetpack_publicize_feature_enabled":true,"jetpack_social_post_already_shared":true,"jetpack_social_options":{"image_generator_settings":{"template":"highway","default_image_id":0,"font":"","enabled":false},"version":2}},"categories":[11],"tags":[],"class_list":["post-57551","post","type-post","status-publish","format-standard","has-post-thumbnail","hentry","category-noticias-de-ribeirao-preto-sp-e-regiao-ismael-colosi"],"jetpack_publicize_connections":[],"jetpack_featured_media_url":"https:\/\/i0.wp.com\/ismaelcolosi.com.br\/wp-content\/uploads\/2024\/06\/AnyConv.com__patio-detran_2024-06-24_14-44-08.webp.webp?fit=2048%2C1536&ssl=1","uagb_featured_image_src":{"full":["https:\/\/i0.wp.com\/ismaelcolosi.com.br\/wp-content\/uploads\/2024\/06\/AnyConv.com__patio-detran_2024-06-24_14-44-08.webp.webp?fit=2048%2C1536&ssl=1",2048,1536,false],"thumbnail":["https:\/\/i0.wp.com\/ismaelcolosi.com.br\/wp-content\/uploads\/2024\/06\/AnyConv.com__patio-detran_2024-06-24_14-44-08.webp.webp?resize=150%2C150&ssl=1",150,150,true],"medium":["https:\/\/i0.wp.com\/ismaelcolosi.com.br\/wp-content\/uploads\/2024\/06\/AnyConv.com__patio-detran_2024-06-24_14-44-08.webp.webp?fit=300%2C225&ssl=1",300,225,true],"medium_large":["https:\/\/i0.wp.com\/ismaelcolosi.com.br\/wp-content\/uploads\/2024\/06\/AnyConv.com__patio-detran_2024-06-24_14-44-08.webp.webp?fit=768%2C576&ssl=1",768,576,true],"large":["https:\/\/i0.wp.com\/ismaelcolosi.com.br\/wp-content\/uploads\/2024\/06\/AnyConv.com__patio-detran_2024-06-24_14-44-08.webp.webp?fit=1024%2C768&ssl=1",1024,768,true],"1536x1536":["https:\/\/i0.wp.com\/ismaelcolosi.com.br\/wp-content\/uploads\/2024\/06\/AnyConv.com__patio-detran_2024-06-24_14-44-08.webp.webp?fit=1536%2C1152&ssl=1",1536,1152,true],"2048x2048":["https:\/\/i0.wp.com\/ismaelcolosi.com.br\/wp-content\/uploads\/2024\/06\/AnyConv.com__patio-detran_2024-06-24_14-44-08.webp.webp?fit=2048%2C1536&ssl=1",2048,1536,true],"really-simple-thumb":["https:\/\/i0.wp.com\/ismaelcolosi.com.br\/wp-content\/uploads\/2024\/06\/AnyConv.com__patio-detran_2024-06-24_14-44-08.webp.webp?resize=370%2C247&ssl=1",370,247,true]},"uagb_author_info":{"display_name":"ismaelcolosi.com.br","author_link":"https:\/\/ismaelcolosi.com.br\/index.php\/author\/vidareal-online\/"},"uagb_comment_info":0,"uagb_excerpt":"O Dentran-SP vai retomar nesta ter\u00e7a-feira (23) os leil\u00f5es de ve\u00edculos no interior de S\u00e3o Paulo. Os leil\u00f5es estavam suspensos desde 2023. De acordo com...","jetpack-related-posts":[{"id":55812,"url":"https:\/\/ismaelcolosi.com.br\/index.php\/2024\/07\/05\/detran-anuncia-tres-novos-leiloes-de-veiculos-no-interior-de-sp-veja-as-cidades\/","url_meta":{"origin":57551,"position":0},"title":"Detran anuncia tr\u00eas novos leil\u00f5es de ve\u00edculos no interior de SP; Veja as cidades","author":"ismaelcolosi.com.br","date":"5 de July de 2024","format":false,"excerpt":"O Departamento Estadual de Tr\u00e2nsito de S\u00e3o Paulo (Detran-SP) retomou a programa\u00e7\u00e3o de leil\u00f5es de ve\u00edculos retidos \u00a0no p\u00e1tio da institui\u00e7\u00e3o e anunciou, nesta sexta-feira (5), lotes de tr\u00eas novas cidades do interior paulista. Com um total de 385 ve\u00edculos ofertados, os editais foram publicados no Di\u00e1rio Oficial do Estado\u2026","rel":"","context":"In &quot;Not\u00edcias de Ribeir\u00e3o Preto-SP e Regi\u00e3o&quot;","block_context":{"text":"Not\u00edcias de Ribeir\u00e3o Preto-SP e Regi\u00e3o","link":"https:\/\/ismaelcolosi.com.br\/index.php\/category\/noticias-de-ribeirao-preto-sp-e-regiao-ismael-colosi\/"},"img":{"alt_text":"","src":"https:\/\/i0.wp.com\/ismaelcolosi.com.br\/wp-content\/uploads\/2024\/07\/Leilao-de-veiculos_2024-07-05_20-01-05_png_2024-07-05_20-01-05.webp.webp?fit=1130%2C720&ssl=1&resize=350%2C200","width":350,"height":200,"srcset":"https:\/\/i0.wp.com\/ismaelcolosi.com.br\/wp-content\/uploads\/2024\/07\/Leilao-de-veiculos_2024-07-05_20-01-05_png_2024-07-05_20-01-05.webp.webp?fit=1130%2C720&ssl=1&resize=350%2C200 1x, https:\/\/i0.wp.com\/ismaelcolosi.com.br\/wp-content\/uploads\/2024\/07\/Leilao-de-veiculos_2024-07-05_20-01-05_png_2024-07-05_20-01-05.webp.webp?fit=1130%2C720&ssl=1&resize=525%2C300 1.5x, https:\/\/i0.wp.com\/ismaelcolosi.com.br\/wp-content\/uploads\/2024\/07\/Leilao-de-veiculos_2024-07-05_20-01-05_png_2024-07-05_20-01-05.webp.webp?fit=1130%2C720&ssl=1&resize=700%2C400 2x, https:\/\/i0.wp.com\/ismaelcolosi.com.br\/wp-content\/uploads\/2024\/07\/Leilao-de-veiculos_2024-07-05_20-01-05_png_2024-07-05_20-01-05.webp.webp?fit=1130%2C720&ssl=1&resize=1050%2C600 3x"},"classes":[]},{"id":55820,"url":"https:\/\/ismaelcolosi.com.br\/index.php\/2024\/07\/05\/detran-anuncia-novos-leiloes-de-veiculos-no-interior-de-sp-veja-em-quais-cidades\/","url_meta":{"origin":57551,"position":1},"title":"Detran anuncia novos leil\u00f5es de ve\u00edculos no interior de SP; Veja em quais cidades","author":"ismaelcolosi.com.br","date":"5 de July de 2024","format":false,"excerpt":"O Departamento Estadual de Tr\u00e2nsito de S\u00e3o Paulo (Detran-SP) retomou a programa\u00e7\u00e3o de leil\u00f5es de ve\u00edculos retidos \u00a0no p\u00e1tio da institui\u00e7\u00e3o e anunciou, nesta sexta-feira (5), lotes de tr\u00eas novas cidades do interior paulista. Com um total de 385 ve\u00edculos ofertados, os editais foram publicados no Di\u00e1rio Oficial do Estado\u2026","rel":"","context":"In &quot;Not\u00edcias de Ribeir\u00e3o Preto-SP e Regi\u00e3o&quot;","block_context":{"text":"Not\u00edcias de Ribeir\u00e3o Preto-SP e Regi\u00e3o","link":"https:\/\/ismaelcolosi.com.br\/index.php\/category\/noticias-de-ribeirao-preto-sp-e-regiao-ismael-colosi\/"},"img":{"alt_text":"","src":"https:\/\/i0.wp.com\/ismaelcolosi.com.br\/wp-content\/uploads\/2024\/06\/AnyConv.com__patio-detran_2024-06-24_14-44-08.webp.webp?fit=1200%2C900&ssl=1&resize=350%2C200","width":350,"height":200,"srcset":"https:\/\/i0.wp.com\/ismaelcolosi.com.br\/wp-content\/uploads\/2024\/06\/AnyConv.com__patio-detran_2024-06-24_14-44-08.webp.webp?fit=1200%2C900&ssl=1&resize=350%2C200 1x, https:\/\/i0.wp.com\/ismaelcolosi.com.br\/wp-content\/uploads\/2024\/06\/AnyConv.com__patio-detran_2024-06-24_14-44-08.webp.webp?fit=1200%2C900&ssl=1&resize=525%2C300 1.5x, https:\/\/i0.wp.com\/ismaelcolosi.com.br\/wp-content\/uploads\/2024\/06\/AnyConv.com__patio-detran_2024-06-24_14-44-08.webp.webp?fit=1200%2C900&ssl=1&resize=700%2C400 2x, https:\/\/i0.wp.com\/ismaelcolosi.com.br\/wp-content\/uploads\/2024\/06\/AnyConv.com__patio-detran_2024-06-24_14-44-08.webp.webp?fit=1200%2C900&ssl=1&resize=1050%2C600 3x"},"classes":[]},{"id":54308,"url":"https:\/\/ismaelcolosi.com.br\/index.php\/2024\/06\/24\/detran-sp-retoma-leiloes-de-veiculos-no-interior-de-sp-veja-como-participar\/","url_meta":{"origin":57551,"position":2},"title":"Detran-SP retoma leil\u00f5es de ve\u00edculos no interior de SP; Veja como participar","author":"ismaelcolosi.com.br","date":"24 de June de 2024","format":false,"excerpt":"O Detran-SP marcou para o dia 23 julho a retomada dos leil\u00f5es de ve\u00edculos no interior de S\u00e3o Paulo, suspensos em 2023. Na primeira leva, com motos e autom\u00f3veis recolhidos na regi\u00e3o de Botucatu, ser\u00e3o ofertadas 418 unidades. A inscri\u00e7\u00e3o para participar deve ser feita at\u00e9 48 horas antes do\u2026","rel":"","context":"In &quot;Not\u00edcias de Ribeir\u00e3o Preto-SP e Regi\u00e3o&quot;","block_context":{"text":"Not\u00edcias de Ribeir\u00e3o Preto-SP e Regi\u00e3o","link":"https:\/\/ismaelcolosi.com.br\/index.php\/category\/noticias-de-ribeirao-preto-sp-e-regiao-ismael-colosi\/"},"img":{"alt_text":"","src":"https:\/\/i0.wp.com\/ismaelcolosi.com.br\/wp-content\/uploads\/2024\/06\/AnyConv.com__patio-detran_2024-06-24_14-44-08.webp.webp?fit=1200%2C900&ssl=1&resize=350%2C200","width":350,"height":200,"srcset":"https:\/\/i0.wp.com\/ismaelcolosi.com.br\/wp-content\/uploads\/2024\/06\/AnyConv.com__patio-detran_2024-06-24_14-44-08.webp.webp?fit=1200%2C900&ssl=1&resize=350%2C200 1x, https:\/\/i0.wp.com\/ismaelcolosi.com.br\/wp-content\/uploads\/2024\/06\/AnyConv.com__patio-detran_2024-06-24_14-44-08.webp.webp?fit=1200%2C900&ssl=1&resize=525%2C300 1.5x, https:\/\/i0.wp.com\/ismaelcolosi.com.br\/wp-content\/uploads\/2024\/06\/AnyConv.com__patio-detran_2024-06-24_14-44-08.webp.webp?fit=1200%2C900&ssl=1&resize=700%2C400 2x, https:\/\/i0.wp.com\/ismaelcolosi.com.br\/wp-content\/uploads\/2024\/06\/AnyConv.com__patio-detran_2024-06-24_14-44-08.webp.webp?fit=1200%2C900&ssl=1&resize=1050%2C600 3x"},"classes":[]},{"id":58794,"url":"https:\/\/ismaelcolosi.com.br\/index.php\/2024\/08\/02\/detran-anuncia-novo-leilao-de-veiculos-no-interior-de-sp-veja-como-participar\/","url_meta":{"origin":57551,"position":3},"title":"Detran anuncia novo leil\u00e3o de ve\u00edculos no interior de SP; Veja como participar","author":"ismaelcolosi.com.br","date":"2 de August de 2024","format":false,"excerpt":"O Detran-SP (Departamento Estadual de Tr\u00e2nsito de S\u00e3o Paulo) anunciou nesta sexta-feira (2) um novo leil\u00e3o de ve\u00edculos no interior de S\u00e3o Paulo. O certame vai acontecer no dia 12 de setembro em Bragan\u00e7a Paulista, com 202 lotes, divididos entre tr\u00eas p\u00e1tios autorizados. S\u00e3o 107 ve\u00edculos com condi\u00e7\u00f5es de circula\u00e7\u00e3o,\u2026","rel":"","context":"In &quot;Not\u00edcias de Ribeir\u00e3o Preto-SP e Regi\u00e3o&quot;","block_context":{"text":"Not\u00edcias de Ribeir\u00e3o Preto-SP e Regi\u00e3o","link":"https:\/\/ismaelcolosi.com.br\/index.php\/category\/noticias-de-ribeirao-preto-sp-e-regiao-ismael-colosi\/"},"img":{"alt_text":"","src":"https:\/\/i0.wp.com\/ismaelcolosi.com.br\/wp-content\/uploads\/2024\/06\/AnyConv.com__patio-detran_2024-06-24_14-44-08.webp.webp?fit=1200%2C900&ssl=1&resize=350%2C200","width":350,"height":200,"srcset":"https:\/\/i0.wp.com\/ismaelcolosi.com.br\/wp-content\/uploads\/2024\/06\/AnyConv.com__patio-detran_2024-06-24_14-44-08.webp.webp?fit=1200%2C900&ssl=1&resize=350%2C200 1x, https:\/\/i0.wp.com\/ismaelcolosi.com.br\/wp-content\/uploads\/2024\/06\/AnyConv.com__patio-detran_2024-06-24_14-44-08.webp.webp?fit=1200%2C900&ssl=1&resize=525%2C300 1.5x, https:\/\/i0.wp.com\/ismaelcolosi.com.br\/wp-content\/uploads\/2024\/06\/AnyConv.com__patio-detran_2024-06-24_14-44-08.webp.webp?fit=1200%2C900&ssl=1&resize=700%2C400 2x, https:\/\/i0.wp.com\/ismaelcolosi.com.br\/wp-content\/uploads\/2024\/06\/AnyConv.com__patio-detran_2024-06-24_14-44-08.webp.webp?fit=1200%2C900&ssl=1&resize=1050%2C600 3x"},"classes":[]},{"id":66784,"url":"https:\/\/ismaelcolosi.com.br\/index.php\/2024\/09\/19\/leiloes-do-detran-sp-tem-mais-de-800-carros-disponiveis-veja-como-participar\/","url_meta":{"origin":57551,"position":4},"title":"Leil\u00f5es do Detran-SP t\u00eam mais de 800 carros dispon\u00edveis; Veja como participar","author":"ismaelcolosi.com.br","date":"19 de September de 2024","format":false,"excerpt":"O Detran de S\u00e3o Paulo realiza tr\u00eas leil\u00f5es de ve\u00edculos durante os pr\u00f3ximos 30 dias. Ao todo, 6.218 lotes apreendidos em quatro cidades do estado ser\u00e3o ofertados. O prazo de inscri\u00e7\u00e3o, para cada leil\u00e3o, se encerra 48 horas antes da abertura para o primeiro lance. Na cidade de Pederneiras, o\u2026","rel":"","context":"In &quot;Not\u00edcias de Ribeir\u00e3o Preto-SP e Regi\u00e3o&quot;","block_context":{"text":"Not\u00edcias de Ribeir\u00e3o Preto-SP e Regi\u00e3o","link":"https:\/\/ismaelcolosi.com.br\/index.php\/category\/noticias-de-ribeirao-preto-sp-e-regiao-ismael-colosi\/"},"img":{"alt_text":"","src":"https:\/\/i0.wp.com\/ismaelcolosi.com.br\/wp-content\/uploads\/2024\/09\/transportation-ownership-concept-customer-salesman-with-car-key_2024-09-19_14-17-26_jpg_2024-09-19_14-17-28-scaled.webp.webp?fit=1200%2C800&ssl=1&resize=350%2C200","width":350,"height":200,"srcset":"https:\/\/i0.wp.com\/ismaelcolosi.com.br\/wp-content\/uploads\/2024\/09\/transportation-ownership-concept-customer-salesman-with-car-key_2024-09-19_14-17-26_jpg_2024-09-19_14-17-28-scaled.webp.webp?fit=1200%2C800&ssl=1&resize=350%2C200 1x, https:\/\/i0.wp.com\/ismaelcolosi.com.br\/wp-content\/uploads\/2024\/09\/transportation-ownership-concept-customer-salesman-with-car-key_2024-09-19_14-17-26_jpg_2024-09-19_14-17-28-scaled.webp.webp?fit=1200%2C800&ssl=1&resize=525%2C300 1.5x, https:\/\/i0.wp.com\/ismaelcolosi.com.br\/wp-content\/uploads\/2024\/09\/transportation-ownership-concept-customer-salesman-with-car-key_2024-09-19_14-17-26_jpg_2024-09-19_14-17-28-scaled.webp.webp?fit=1200%2C800&ssl=1&resize=700%2C400 2x, https:\/\/i0.wp.com\/ismaelcolosi.com.br\/wp-content\/uploads\/2024\/09\/transportation-ownership-concept-customer-salesman-with-car-key_2024-09-19_14-17-26_jpg_2024-09-19_14-17-28-scaled.webp.webp?fit=1200%2C800&ssl=1&resize=1050%2C600 3x"},"classes":[]},{"id":16010,"url":"https:\/\/ismaelcolosi.com.br\/index.php\/2023\/12\/14\/utm_sourcerssutm_mediumrssutm_campaigndeic-rp-deflagra-operacao-noel-23-contra-quadrilha-que-promovia-falsos-leiloes-do-detran-no-estado-de-sp\/","url_meta":{"origin":57551,"position":5},"title":"DEIC RP deflagra Opera\u00e7\u00e3o Noel 23 contra quadrilha que promovia falsos leil\u00f5es do Detran no estado de SP \u2013 X Tudo Ribeir\u00e3o","author":"ismaelcolosi.com.br","date":"14 de December de 2023","format":false,"excerpt":"A Divis\u00e3o Especial de Investiga\u00e7\u00f5es Criminais (DEIC) de Ribeir\u00e3o Preto deflagrou, na madrugada desta quinta-feira (14), a \u201cOpera\u00e7\u00e3o Noel 23\u201d, contra uma quadrilha que promovia falsos leil\u00f5es, supostamente de ve\u00edculos apreendidos pelo Detran-SP. A opera\u00e7\u00e3o foi realizada nas cidades de Santo Andr\u00e9 e S\u00e3o Bernardo do Campo, na Grande S\u00e3o\u2026","rel":"","context":"In &quot;Not\u00edcias de Ribeir\u00e3o Preto-SP e Regi\u00e3o&quot;","block_context":{"text":"Not\u00edcias de Ribeir\u00e3o Preto-SP e Regi\u00e3o","link":"https:\/\/ismaelcolosi.com.br\/index.php\/category\/noticias-de-ribeirao-preto-sp-e-regiao-ismael-colosi\/"},"img":{"alt_text":"","src":"https:\/\/i0.wp.com\/ismaelcolosi.com.br\/wp-content\/uploads\/2023\/12\/00-14-dez-2023-operacao-noel-23-00-foto-deic-scaled-1.jpg?fit=1000%2C525&ssl=1&resize=350%2C200","width":350,"height":200,"srcset":"https:\/\/i0.wp.com\/ismaelcolosi.com.br\/wp-content\/uploads\/2023\/12\/00-14-dez-2023-operacao-noel-23-00-foto-deic-scaled-1.jpg?fit=1000%2C525&ssl=1&resize=350%2C200 1x, https:\/\/i0.wp.com\/ismaelcolosi.com.br\/wp-content\/uploads\/2023\/12\/00-14-dez-2023-operacao-noel-23-00-foto-deic-scaled-1.jpg?fit=1000%2C525&ssl=1&resize=525%2C300 1.5x, https:\/\/i0.wp.com\/ismaelcolosi.com.br\/wp-content\/uploads\/2023\/12\/00-14-dez-2023-operacao-noel-23-00-foto-deic-scaled-1.jpg?fit=1000%2C525&ssl=1&resize=700%2C400 2x"},"classes":[]}],"jetpack_sharing_enabled":true,"jetpack_shortlink":"https:\/\/wp.me\/pfMlyK-eYf","_links":{"self":[{"href":"https:\/\/ismaelcolosi.com.br\/index.php\/wp-json\/wp\/v2\/posts\/57551","targetHints":{"allow":["GET"]}}],"collection":[{"href":"https:\/\/ismaelcolosi.com.br\/index.php\/wp-json\/wp\/v2\/posts"}],"about":[{"href":"https:\/\/ismaelcolosi.com.br\/index.php\/wp-json\/wp\/v2\/types\/post"}],"author":[{"embeddable":true,"href":"https:\/\/ismaelcolosi.com.br\/index.php\/wp-json\/wp\/v2\/users\/1"}],"replies":[{"embeddable":true,"href":"https:\/\/ismaelcolosi.com.br\/index.php\/wp-json\/wp\/v2\/comments?post=57551"}],"version-history":[{"count":0,"href":"https:\/\/ismaelcolosi.com.br\/index.php\/wp-json\/wp\/v2\/posts\/57551\/revisions"}],"wp:featuredmedia":[{"embeddable":true,"href":"https:\/\/ismaelcolosi.com.br\/index.php\/wp-json\/wp\/v2\/media\/54309"}],"wp:attachment":[{"href":"https:\/\/ismaelcolosi.com.br\/index.php\/wp-json\/wp\/v2\/media?parent=57551"}],"wp:term":[{"taxonomy":"category","embeddable":true,"href":"https:\/\/ismaelcolosi.com.br\/index.php\/wp-json\/wp\/v2\/categories?post=57551"},{"taxonomy":"post_tag","embeddable":true,"href":"https:\/\/ismaelcolosi.com.br\/index.php\/wp-json\/wp\/v2\/tags?post=57551"}],"curies":[{"name":"wp","href":"https:\/\/api.w.org\/{rel}","templated":true}]}}