{"id":57540,"date":"2024-07-22T16:01:12","date_gmt":"2024-07-22T19:01:12","guid":{"rendered":"https:\/\/ismaelcolosi.com.br\/index.php\/2024\/07\/22\/bndes-abre-concurso-publico-com-150-vagas-e-salarios-de-r-20-mil\/"},"modified":"2024-07-22T16:01:12","modified_gmt":"2024-07-22T19:01:12","slug":"bndes-abre-concurso-publico-com-150-vagas-e-salarios-de-r-20-mil","status":"publish","type":"post","link":"https:\/\/ismaelcolosi.com.br\/index.php\/2024\/07\/22\/bndes-abre-concurso-publico-com-150-vagas-e-salarios-de-r-20-mil\/","title":{"rendered":"BNDES abre concurso p\u00fablico com 150 vagas e sal\u00e1rios de R$ 20 mil"},"content":{"rendered":"<p> <br \/>\n<\/p>\n<p>O <strong><a href=\"https:\/\/www.bndes.gov.br\/wps\/portal\/site\/home\" target=\"_blank\" rel=\"noreferrer noopener nofollow\">BNDES (Banco Nacional de Desenvolvimento Econ\u00f4mico e Social) <\/a><\/strong>publicou edital de <strong>concurso p\u00fablico<\/strong> de n\u00edvel superior <mark style=\"background-color:#fcb900\" class=\"has-inline-color has-black-color\">com 150 vagas e sal\u00e1rios de R$ 20,9 mil.<\/mark> Al\u00e9m disso, h\u00e1 750 vagas para o cadastro de reserva.<\/p>\n<p>As inscri\u00e7\u00f5es devem ser realizadas no <a href=\"https:\/\/concursos.cesgranrio.org.br\/portal\/avaliacoes\/14\" target=\"_blank\" rel=\"noreferrer noopener nofollow\">site da <strong>Funda\u00e7\u00e3o Cesgranrio<\/strong> (clique aqui)<\/a> no per\u00edodo entre 26 de julho e 19 de agosto de 2024. O valor da taxa de inscri\u00e7\u00e3o custa R$ 110.<\/p>\n<h4 class=\"wp-block-heading\"><strong>Veja as vagas:<\/strong><\/h4>\n<ul>\n<li>Administra\u00e7\u00e3o, An\u00e1lise de Sistemas &#8211; Ciberseguran\u00e7a, An\u00e1lise de Sistemas &#8211; Desenvolvimento, An\u00e1lise de Sistemas &#8211; Suporte, Arquitetura &#8211; Urbanismo, Arquivologia Digital, Ci\u00eancias Cont\u00e1beis, Ci\u00eancia de Dados, Comunica\u00e7\u00e3o Social, Direito, Economia, Engenharia e Psicologia Organizacional.<\/li>\n<\/ul>\n<p>As provas objetivas e discursiva ser\u00e3o realizadas em todas as 26 capitais dos estados brasileiros e no Distrito Federal, <mark style=\"background-color:#fcb900\" class=\"has-inline-color has-black-color\">no dia 13 de outubro<\/mark>.<\/p>\n<p>SAIBA MAIS<br \/>PAT Ribeir\u00e3o Preto realiza mutir\u00e3o de emprego com quase 300 vagas<\/p>\n<h4 class=\"wp-block-heading\"><strong>FIQUE ON<\/strong><\/h4>\n<p>Fique ligado em tudo que acontece em Ribeir\u00e3o Preto e regi\u00e3o. Siga os perfis do <strong>acidade on <\/strong>no <a href=\"https:\/\/www.instagram.com\/acidadeonribeirao\" target=\"_blank\" rel=\"noreferrer noopener nofollow\">Instagram<\/a> e no <a href=\"https:\/\/www.facebook.com\/acidadeonribeirao\/\" target=\"_blank\" rel=\"noreferrer noopener nofollow\">Facebook<\/a>.<\/p>\n<p>Receba not\u00edcias do<strong> acidade on<\/strong> no WhatsApp. <a href=\"https:\/\/chat.whatsapp.com\/CdrZ6xrf7quD44Vw3WlPuZ\" target=\"_blank\" rel=\"noreferrer noopener nofollow\">Para entrar no grupo, basta clicar aqui.<\/a><\/p>\n<p>Fa\u00e7a uma den\u00fancia ou sugira uma reportagem sobre Ribeir\u00e3o Preto e regi\u00e3o pelo WhatsApp: 16 99117 7802.<\/p>\n<p>VEJA TAMB\u00c9M<br \/>Como \u00e9 a prova do concurso BNDES?<\/p>\n<p>O post BNDES abre concurso p\u00fablico com 150 vagas e sal\u00e1rios de R$ 20 mil apareceu primeiro em ACidade ON Ribeir\u00e3o Preto.<\/p>\n<p><script async src=\"\/\/www.instagram.com\/embed.js\"><\/script><br \/>\n<br \/><br \/>\n<br \/><a href=\"https:\/\/www.acidadeon.com\/ribeiraopreto\/economia\/bndes-abre-concurso-publico-com-150-vagas-e-salarios-de-r-20-mil\/\">Source link <\/a><\/p>\n<div class='code-block code-block-4' style='margin: 8px auto 8px 0; text-align: left; display: block; clear: both;'>\n\ud83d\udce2 Aviso Legal\n\nO site ismaelcolosi.com.br atua apenas como um canal de divulga\u00e7\u00e3o de oportunidades de emprego e n\u00e3o se responsabiliza pelo processo seletivo, contrata\u00e7\u00e3o ou qualquer outra etapa relacionada \u00e0s vagas publicadas. Todas as informa\u00e7\u00f5es s\u00e3o de responsabilidade dos anunciantes.\n\n\u26a0\ufe0f Aten\u00e7\u00e3o! Nunca pague por promessas de emprego nem compre cursos que garantam contrata\u00e7\u00e3o. Desconfie de qualquer cobran\u00e7a para participar de sele\u00e7\u00f5es.\n\n\n\n<\/div>\n<!-- CONTENT END 1 -->\n","protected":false},"excerpt":{"rendered":"<p>O BNDES (Banco Nacional de Desenvolvimento Econ\u00f4mico e Social) publicou edital de concurso p\u00fablico de n\u00edvel superior com 150 vagas e sal\u00e1rios de R$ 20,9&#8230;<\/p>\n","protected":false},"author":1,"featured_media":52824,"comment_status":"open","ping_status":"open","sticky":false,"template":"","format":"standard","meta":{"_uag_custom_page_level_css":"","advanced_seo_description":"","jetpack_seo_html_title":"","jetpack_seo_noindex":false,"jetpack_post_was_ever_published":false,"_jetpack_newsletter_access":"","_jetpack_dont_email_post_to_subs":false,"_jetpack_newsletter_tier_id":0,"_jetpack_memberships_contains_paywalled_content":false,"_jetpack_memberships_contains_paid_content":false,"footnotes":"","jetpack_publicize_message":"","jetpack_publicize_feature_enabled":true,"jetpack_social_post_already_shared":true,"jetpack_social_options":{"image_generator_settings":{"template":"highway","default_image_id":0,"font":"","enabled":false},"version":2}},"categories":[11],"tags":[],"class_list":["post-57540","post","type-post","status-publish","format-standard","has-post-thumbnail","hentry","category-noticias-de-ribeirao-preto-sp-e-regiao-ismael-colosi"],"jetpack_publicize_connections":[],"jetpack_featured_media_url":"https:\/\/i0.wp.com\/ismaelcolosi.com.br\/wp-content\/uploads\/2024\/06\/Copia-de-Copia-de-TAMANHO-EXATO-PARA-FOTOS-NO-SISTEMA-NOVO-6_2024-06-11_13-40-15_jpg_2024-06-11_13-40-15.webp.webp?fit=1200%2C675&ssl=1","uagb_featured_image_src":{"full":["https:\/\/i0.wp.com\/ismaelcolosi.com.br\/wp-content\/uploads\/2024\/06\/Copia-de-Copia-de-TAMANHO-EXATO-PARA-FOTOS-NO-SISTEMA-NOVO-6_2024-06-11_13-40-15_jpg_2024-06-11_13-40-15.webp.webp?fit=1200%2C675&ssl=1",1200,675,false],"thumbnail":["https:\/\/i0.wp.com\/ismaelcolosi.com.br\/wp-content\/uploads\/2024\/06\/Copia-de-Copia-de-TAMANHO-EXATO-PARA-FOTOS-NO-SISTEMA-NOVO-6_2024-06-11_13-40-15_jpg_2024-06-11_13-40-15.webp.webp?resize=150%2C150&ssl=1",150,150,true],"medium":["https:\/\/i0.wp.com\/ismaelcolosi.com.br\/wp-content\/uploads\/2024\/06\/Copia-de-Copia-de-TAMANHO-EXATO-PARA-FOTOS-NO-SISTEMA-NOVO-6_2024-06-11_13-40-15_jpg_2024-06-11_13-40-15.webp.webp?fit=300%2C169&ssl=1",300,169,true],"medium_large":["https:\/\/i0.wp.com\/ismaelcolosi.com.br\/wp-content\/uploads\/2024\/06\/Copia-de-Copia-de-TAMANHO-EXATO-PARA-FOTOS-NO-SISTEMA-NOVO-6_2024-06-11_13-40-15_jpg_2024-06-11_13-40-15.webp.webp?fit=768%2C432&ssl=1",768,432,true],"large":["https:\/\/i0.wp.com\/ismaelcolosi.com.br\/wp-content\/uploads\/2024\/06\/Copia-de-Copia-de-TAMANHO-EXATO-PARA-FOTOS-NO-SISTEMA-NOVO-6_2024-06-11_13-40-15_jpg_2024-06-11_13-40-15.webp.webp?fit=1024%2C576&ssl=1",1024,576,true],"1536x1536":["https:\/\/i0.wp.com\/ismaelcolosi.com.br\/wp-content\/uploads\/2024\/06\/Copia-de-Copia-de-TAMANHO-EXATO-PARA-FOTOS-NO-SISTEMA-NOVO-6_2024-06-11_13-40-15_jpg_2024-06-11_13-40-15.webp.webp?fit=1200%2C675&ssl=1",1200,675,true],"2048x2048":["https:\/\/i0.wp.com\/ismaelcolosi.com.br\/wp-content\/uploads\/2024\/06\/Copia-de-Copia-de-TAMANHO-EXATO-PARA-FOTOS-NO-SISTEMA-NOVO-6_2024-06-11_13-40-15_jpg_2024-06-11_13-40-15.webp.webp?fit=1200%2C675&ssl=1",1200,675,true],"really-simple-thumb":["https:\/\/i0.wp.com\/ismaelcolosi.com.br\/wp-content\/uploads\/2024\/06\/Copia-de-Copia-de-TAMANHO-EXATO-PARA-FOTOS-NO-SISTEMA-NOVO-6_2024-06-11_13-40-15_jpg_2024-06-11_13-40-15.webp.webp?resize=370%2C247&ssl=1",370,247,true]},"uagb_author_info":{"display_name":"ismaelcolosi.com.br","author_link":"https:\/\/ismaelcolosi.com.br\/index.php\/author\/vidareal-online\/"},"uagb_comment_info":0,"uagb_excerpt":"O BNDES (Banco Nacional de Desenvolvimento Econ\u00f4mico e Social) publicou edital de concurso p\u00fablico de n\u00edvel superior com 150 vagas e sal\u00e1rios de R$ 20,9...","jetpack-related-posts":[{"id":45993,"url":"https:\/\/ismaelcolosi.com.br\/index.php\/2024\/04\/09\/bndes-anuncia-concurso-com-150-vagas-em-concurso-publico-e-salario-inicial-de-r-209-mil\/","url_meta":{"origin":57540,"position":0},"title":"BNDES anuncia concurso com 150 vagas em concurso p\u00fablico e sal\u00e1rio inicial de R$ 20,9 mil","author":"ismaelcolosi.com.br","date":"9 de April de 2024","format":false,"excerpt":"Da reda\u00e7\u00e3oi Da reda\u00e7\u00e3o 09\/04\/2024 - 9:44 O BNDES (Banco Nacional de Desenvolvimento Econ\u00f4mico e Social) confirmou um concurso p\u00fablico no qual vai oferecer 150 vagas e sal\u00e1rio inicial de R$ 20,9 mil.As oportunidades s\u00e3o para o cargo de analista e de preenchimento imediato, al\u00e9m de forma\u00e7\u00e3o de cadastro de\u2026","rel":"","context":"In &quot;Empregos - Classificados&quot;","block_context":{"text":"Empregos - Classificados","link":"https:\/\/ismaelcolosi.com.br\/index.php\/category\/empregos-classificados-vagas-trabalho\/"},"img":{"alt_text":"","src":"https:\/\/i0.wp.com\/ismaelcolosi.com.br\/wp-content\/uploads\/2024\/04\/concurso-1.jpg?fit=1200%2C690&ssl=1&resize=350%2C200","width":350,"height":200,"srcset":"https:\/\/i0.wp.com\/ismaelcolosi.com.br\/wp-content\/uploads\/2024\/04\/concurso-1.jpg?fit=1200%2C690&ssl=1&resize=350%2C200 1x, https:\/\/i0.wp.com\/ismaelcolosi.com.br\/wp-content\/uploads\/2024\/04\/concurso-1.jpg?fit=1200%2C690&ssl=1&resize=525%2C300 1.5x, https:\/\/i0.wp.com\/ismaelcolosi.com.br\/wp-content\/uploads\/2024\/04\/concurso-1.jpg?fit=1200%2C690&ssl=1&resize=700%2C400 2x, https:\/\/i0.wp.com\/ismaelcolosi.com.br\/wp-content\/uploads\/2024\/04\/concurso-1.jpg?fit=1200%2C690&ssl=1&resize=1050%2C600 3x"},"classes":[]},{"id":57443,"url":"https:\/\/ismaelcolosi.com.br\/index.php\/2024\/07\/22\/bndes-abre-concurso-com-900-vagas-e-salario-inicial-de-r-209-mil\/","url_meta":{"origin":57540,"position":1},"title":"BNDES abre concurso com 900 vagas e sal\u00e1rio inicial\u00a0de\u00a0R$ 20,9\u00a0mil","author":"ismaelcolosi.com.br","date":"22 de July de 2024","format":false,"excerpt":"Da reda\u00e7\u00e3oi Da reda\u00e7\u00e3o 22\/07\/2024 - 8:49 O BNDES (Banco Nacional de Desenvolvimento Econ\u00f4mico e Social) abriu um concurso p\u00fablico para cargos de n\u00edvel superior, com 150 vagas e outras 750 para forma\u00e7\u00e3o de cadastro de reserva. O edital foi publicado nesta segunda-feira, 22, no Di\u00e1rio Oficial da Uni\u00e3o.Vale ressaltar\u2026","rel":"","context":"In &quot;Empregos - Classificados&quot;","block_context":{"text":"Empregos - Classificados","link":"https:\/\/ismaelcolosi.com.br\/index.php\/category\/empregos-classificados-vagas-trabalho\/"},"img":{"alt_text":"","src":"https:\/\/i0.wp.com\/ismaelcolosi.com.br\/wp-content\/uploads\/2024\/07\/bndes.jpg?fit=1011%2C617&ssl=1&resize=350%2C200","width":350,"height":200,"srcset":"https:\/\/i0.wp.com\/ismaelcolosi.com.br\/wp-content\/uploads\/2024\/07\/bndes.jpg?fit=1011%2C617&ssl=1&resize=350%2C200 1x, https:\/\/i0.wp.com\/ismaelcolosi.com.br\/wp-content\/uploads\/2024\/07\/bndes.jpg?fit=1011%2C617&ssl=1&resize=525%2C300 1.5x, https:\/\/i0.wp.com\/ismaelcolosi.com.br\/wp-content\/uploads\/2024\/07\/bndes.jpg?fit=1011%2C617&ssl=1&resize=700%2C400 2x"},"classes":[]},{"id":57975,"url":"https:\/\/ismaelcolosi.com.br\/index.php\/2024\/07\/26\/salario-de-r-209-mil-inscricoes-para-concurso-do-bndes-comecam-hoje\/","url_meta":{"origin":57540,"position":2},"title":"Sal\u00e1rio de R$ 20,9 mil: inscri\u00e7\u00f5es para concurso do BNDES come\u00e7am hoje","author":"ismaelcolosi.com.br","date":"26 de July de 2024","format":false,"excerpt":"Da reda\u00e7\u00e3oi Da reda\u00e7\u00e3o 26\/07\/2024 - 5:00 O\u00a0BNDES (Banco Nacional de Desenvolvimento Econ\u00f4mico e Social) anunciou abertura de um concurso p\u00fablico para cargos de n\u00edvel superior,\u00a0com 150 vagas e outras 750 para forma\u00e7\u00e3o de cadastro de reserva.As inscri\u00e7\u00f5es para podem ser feitas a partir das 10h desta sexta-feira, 26, e\u2026","rel":"","context":"In &quot;Empregos - Classificados&quot;","block_context":{"text":"Empregos - Classificados","link":"https:\/\/ismaelcolosi.com.br\/index.php\/category\/empregos-classificados-vagas-trabalho\/"},"img":{"alt_text":"","src":"https:\/\/i0.wp.com\/ismaelcolosi.com.br\/wp-content\/uploads\/2024\/07\/1721981337_bndes.jpg?fit=1011%2C617&ssl=1&resize=350%2C200","width":350,"height":200,"srcset":"https:\/\/i0.wp.com\/ismaelcolosi.com.br\/wp-content\/uploads\/2024\/07\/1721981337_bndes.jpg?fit=1011%2C617&ssl=1&resize=350%2C200 1x, https:\/\/i0.wp.com\/ismaelcolosi.com.br\/wp-content\/uploads\/2024\/07\/1721981337_bndes.jpg?fit=1011%2C617&ssl=1&resize=525%2C300 1.5x, https:\/\/i0.wp.com\/ismaelcolosi.com.br\/wp-content\/uploads\/2024\/07\/1721981337_bndes.jpg?fit=1011%2C617&ssl=1&resize=700%2C400 2x"},"classes":[]},{"id":71046,"url":"https:\/\/ismaelcolosi.com.br\/index.php\/2024\/10\/14\/gabarito-do-concurso-do-bndes-ja-esta-disponivel-veja-como-acessar\/","url_meta":{"origin":57540,"position":3},"title":"Gabarito do concurso do BNDES j\u00e1 est\u00e1 dispon\u00edvel; veja como acessar","author":"ismaelcolosi.com.br","date":"14 de October de 2024","format":false,"excerpt":"Da reda\u00e7\u00e3oi Da reda\u00e7\u00e3o 14\/10\/2024 - 17:01 O concurso do BNDES realizado neste domingo, 13, j\u00e1 teve divulgado o gabarito das provas atrav\u00e9s do site da Cesgranrio, institui\u00e7\u00e3o respons\u00e1vel por aplicar as provas. Confira as respostas corretas das perguntas objetivas neste link.Dos 90.871 inscritos, 42.912 candidatos fizeram as duas provas,\u2026","rel":"","context":"In &quot;Empregos - Classificados&quot;","block_context":{"text":"Empregos - Classificados","link":"https:\/\/ismaelcolosi.com.br\/index.php\/category\/empregos-classificados-vagas-trabalho\/"},"img":{"alt_text":"","src":"https:\/\/i0.wp.com\/ismaelcolosi.com.br\/wp-content\/uploads\/2024\/10\/tagreuters.com2024binary_LYNXMPEK960MQ-VIEWIMAGE.jpg?fit=450%2C272&ssl=1&resize=350%2C200","width":350,"height":200},"classes":[]},{"id":60891,"url":"https:\/\/ismaelcolosi.com.br\/index.php\/2024\/08\/19\/inscricoes-para-concurso-do-bndes-com-salario-de-r-209-mil-terminam-hoje\/","url_meta":{"origin":57540,"position":4},"title":"Inscri\u00e7\u00f5es para concurso do BNDES com sal\u00e1rio de R$ 20,9 mil terminam hoje","author":"ismaelcolosi.com.br","date":"19 de August de 2024","format":false,"excerpt":"Da reda\u00e7\u00e3oi Da reda\u00e7\u00e3o 19\/08\/2024 - 8:39 As inscri\u00e7\u00f5es para o concurso p\u00fablico do BNDES (Banco Nacional de Desenvolvimento Econ\u00f4mico e Social) terminam nesta segunda-feira, 19, \u00e0s 23h59. Para aderir, os interessados devem acessar o site da Funda\u00e7\u00e3o Cesgranrio.Vale destacar que o concurso ocorre ap\u00f3s 12 anos sem processos de\u2026","rel":"","context":"In &quot;Empregos - Classificados&quot;","block_context":{"text":"Empregos - Classificados","link":"https:\/\/ismaelcolosi.com.br\/index.php\/category\/empregos-classificados-vagas-trabalho\/"},"img":{"alt_text":"","src":"https:\/\/i0.wp.com\/ismaelcolosi.com.br\/wp-content\/uploads\/2024\/08\/bndes00.jpg?fit=1022%2C572&ssl=1&resize=350%2C200","width":350,"height":200,"srcset":"https:\/\/i0.wp.com\/ismaelcolosi.com.br\/wp-content\/uploads\/2024\/08\/bndes00.jpg?fit=1022%2C572&ssl=1&resize=350%2C200 1x, https:\/\/i0.wp.com\/ismaelcolosi.com.br\/wp-content\/uploads\/2024\/08\/bndes00.jpg?fit=1022%2C572&ssl=1&resize=525%2C300 1.5x, https:\/\/i0.wp.com\/ismaelcolosi.com.br\/wp-content\/uploads\/2024\/08\/bndes00.jpg?fit=1022%2C572&ssl=1&resize=700%2C400 2x"},"classes":[]},{"id":57578,"url":"https:\/\/ismaelcolosi.com.br\/index.php\/2024\/07\/23\/concurso-do-bndes-veja-vagas-salario-e-datas\/","url_meta":{"origin":57540,"position":5},"title":"Concurso do BNDES: veja vagas, sal\u00e1rio e datas","author":"ismaelcolosi.com.br","date":"23 de July de 2024","format":false,"excerpt":"Ana Carolinai Ana Carolina - 23\/07\/2024 - 6:00 O\u00a0BNDES (Banco Nacional de Desenvolvimento Econ\u00f4mico e Social) anunciou por meio de edital no Di\u00e1rio Oficial da Uni\u00e3o (DOU) publicado na segunda-feira, 22, a abertura de um concurso p\u00fablico para cargos de n\u00edvel superior.+ Sebrae abre concurso com vagas preferenciais para negros\u2026","rel":"","context":"In &quot;Empregos - Classificados&quot;","block_context":{"text":"Empregos - Classificados","link":"https:\/\/ismaelcolosi.com.br\/index.php\/category\/empregos-classificados-vagas-trabalho\/"},"img":{"alt_text":"","src":"https:\/\/i0.wp.com\/ismaelcolosi.com.br\/wp-content\/uploads\/2024\/07\/edificio-sede-do-bndes250620211187-e1678104001315.jpg?fit=640%2C480&ssl=1&resize=350%2C200","width":350,"height":200,"srcset":"https:\/\/i0.wp.com\/ismaelcolosi.com.br\/wp-content\/uploads\/2024\/07\/edificio-sede-do-bndes250620211187-e1678104001315.jpg?fit=640%2C480&ssl=1&resize=350%2C200 1x, https:\/\/i0.wp.com\/ismaelcolosi.com.br\/wp-content\/uploads\/2024\/07\/edificio-sede-do-bndes250620211187-e1678104001315.jpg?fit=640%2C480&ssl=1&resize=525%2C300 1.5x"},"classes":[]}],"jetpack_sharing_enabled":true,"jetpack_shortlink":"https:\/\/wp.me\/pfMlyK-eY4","_links":{"self":[{"href":"https:\/\/ismaelcolosi.com.br\/index.php\/wp-json\/wp\/v2\/posts\/57540","targetHints":{"allow":["GET"]}}],"collection":[{"href":"https:\/\/ismaelcolosi.com.br\/index.php\/wp-json\/wp\/v2\/posts"}],"about":[{"href":"https:\/\/ismaelcolosi.com.br\/index.php\/wp-json\/wp\/v2\/types\/post"}],"author":[{"embeddable":true,"href":"https:\/\/ismaelcolosi.com.br\/index.php\/wp-json\/wp\/v2\/users\/1"}],"replies":[{"embeddable":true,"href":"https:\/\/ismaelcolosi.com.br\/index.php\/wp-json\/wp\/v2\/comments?post=57540"}],"version-history":[{"count":0,"href":"https:\/\/ismaelcolosi.com.br\/index.php\/wp-json\/wp\/v2\/posts\/57540\/revisions"}],"wp:featuredmedia":[{"embeddable":true,"href":"https:\/\/ismaelcolosi.com.br\/index.php\/wp-json\/wp\/v2\/media\/52824"}],"wp:attachment":[{"href":"https:\/\/ismaelcolosi.com.br\/index.php\/wp-json\/wp\/v2\/media?parent=57540"}],"wp:term":[{"taxonomy":"category","embeddable":true,"href":"https:\/\/ismaelcolosi.com.br\/index.php\/wp-json\/wp\/v2\/categories?post=57540"},{"taxonomy":"post_tag","embeddable":true,"href":"https:\/\/ismaelcolosi.com.br\/index.php\/wp-json\/wp\/v2\/tags?post=57540"}],"curies":[{"name":"wp","href":"https:\/\/api.w.org\/{rel}","templated":true}]}}