{"id":57532,"date":"2024-07-22T15:33:37","date_gmt":"2024-07-22T18:33:37","guid":{"rendered":"https:\/\/ismaelcolosi.com.br\/index.php\/2024\/07\/22\/tse-libera-prazo-para-transferencia-temporaria-de-locais-de-votacao-veja-quem-pode-solicitar\/"},"modified":"2024-07-22T15:33:37","modified_gmt":"2024-07-22T18:33:37","slug":"tse-libera-prazo-para-transferencia-temporaria-de-locais-de-votacao-veja-quem-pode-solicitar","status":"publish","type":"post","link":"https:\/\/ismaelcolosi.com.br\/index.php\/2024\/07\/22\/tse-libera-prazo-para-transferencia-temporaria-de-locais-de-votacao-veja-quem-pode-solicitar\/","title":{"rendered":"TSE libera prazo para transfer\u00eancia tempor\u00e1ria de locais de vota\u00e7\u00e3o; Veja quem pode solicitar"},"content":{"rendered":"<p> <br \/>\n<\/p>\n<div data-td-block-uid=\"tdi_106\">\n<div class=\"tdb-block-inner td-fix-index\">\n<p><span style=\"background-color:#f7cc62\" class=\"td_text_highlight_marker\"><mark style=\"background-color:rgba(0, 0, 0, 0)\" class=\"has-inline-color has-black-color\">O <strong>TSE<\/strong> (Tribunal Eleitoral Superior) <strong>liberou<\/strong>, nesta <strong>segunda-feira<\/strong> (22), o <strong>prazo<\/strong> para que e<strong>leitores<\/strong> que <strong>precisam alterar a se\u00e7\u00e3o ou local de vota\u00e7\u00e3o<\/strong>, no <strong>mesmo munic\u00edpio<\/strong>, para as <strong>elei\u00e7\u00f5es<\/strong> deste ano, possam<strong> solicitar<\/strong> a <strong>transfer\u00eancia tempor\u00e1ria<\/strong>. A solicita\u00e7\u00e3o pode ser feita <strong>at\u00e9 <\/strong>o dia <strong>22 de agosto<\/strong>.<\/mark><\/span><\/p>\n<p>O <strong>objetivo da medida<\/strong> \u00e9 permitir que pessoas, em raz\u00e3o de trabalho, de dificuldades de locomo\u00e7\u00e3o ou por estarem privadas provisoriamente de liberdade (<strong>veja abaixo<\/strong>), tenham a <strong>oportunidade de votar em sess\u00f5es eleitorais diferentes das que est\u00e3o registradas<\/strong> junto a <strong>Justi\u00e7a Eleitoral<\/strong>. Contudo, a <strong>altera\u00e7\u00e3o \u00e9 permitida somente<\/strong> para o eleitor que <strong>estiver com a situa\u00e7\u00e3o regular no cadastro eleitoral<\/strong>.<\/p>\n<h2 class=\"wp-block-heading\"><strong>Confira quem pode solicitar a transfer\u00eancia tempor\u00e1ria:<\/strong><\/h2>\n<ul>\n<li>presas, presos provis\u00f3rios e adolescentes em unidades de interna\u00e7\u00e3o<\/li>\n<li>militares, agentes e seguran\u00e7a p\u00fablica e guardas municipais em servi\u00e7o<\/li>\n<li>pessoas com defici\u00eancia ou com mobilidade reduzida<\/li>\n<li>ind\u00edgenas, quilombolas, integrantes de comunidade tradicional ou residentes em assentamento rural<\/li>\n<li>ju\u00edzas e ju\u00edzes eleitorais, ju\u00edzas e ju\u00edzes auxiliares, servidoras e servidores da Justi\u00e7a Eleitoral e promotoras e promotores eleitorais<\/li>\n<\/ul>\n<p>SAIBA MAIS <\/p>\n<p>PAT Ribeir\u00e3o Preto realiza mutir\u00e3o de emprego com quase 300 vagas<\/p>\n<h4 class=\"wp-block-heading\"><strong>FIQUE ON<\/strong><\/h4>\n<p>Fique ligado em tudo que acontece em Ribeir\u00e3o Preto e regi\u00e3o. Siga os perfis do\u00a0<strong>acidade on<\/strong>\u00a0no<a href=\"https:\/\/www.instagram.com\/acidadeonribeirao\" target=\"_blank\" rel=\"noreferrer noopener\">\u00a0Instagram<\/a>\u00a0e no\u00a0<a href=\"https:\/\/www.facebook.com\/acidadeonribeirao\/\" target=\"_blank\" rel=\"noreferrer noopener\">Facebook<\/a>.<\/p>\n<p>Receba not\u00edcias do\u00a0<strong>acidade on<\/strong>\u00a0no WhatsApp.\u00a0<a href=\"https:\/\/chat.whatsapp.com\/CdrZ6xrf7quD44Vw3WlPuZ\" target=\"_blank\" rel=\"noreferrer noopener\">Para entrar no grupo, basta clicar aqui.<\/a><\/p>\n<p>Fa\u00e7a uma den\u00fancia ou sugira uma reportagem sobre Ribeir\u00e3o Preto e regi\u00e3o pelo WhatsApp: 16 99117 7802.<\/p>\n<p>VEJA TAMB\u00c9M<\/p>\n<p>Do que morreu o ator Thommy Schiavo?<\/p>\n<p><!-- AI CONTENT END 1 -->\n<\/div>\n<\/div>\n<p><script async src=\"\/\/www.instagram.com\/embed.js\"><\/script><br \/>\n<br \/><br \/>\n<br \/><a href=\"https:\/\/www.acidadeon.com\/ribeiraopreto\/politica\/tse-libera-prazo-para-transferencia-temporaria-de-locais-de-votacao-veja-quem-pode-solicitar\/\">Source link <\/a><\/p>\n<div class='code-block code-block-4' style='margin: 8px auto 8px 0; text-align: left; display: block; clear: both;'>\n\ud83d\udce2 Aviso Legal\n\nO site ismaelcolosi.com.br atua apenas como um canal de divulga\u00e7\u00e3o de oportunidades de emprego e n\u00e3o se responsabiliza pelo processo seletivo, contrata\u00e7\u00e3o ou qualquer outra etapa relacionada \u00e0s vagas publicadas. Todas as informa\u00e7\u00f5es s\u00e3o de responsabilidade dos anunciantes.\n\n\u26a0\ufe0f Aten\u00e7\u00e3o! Nunca pague por promessas de emprego nem compre cursos que garantam contrata\u00e7\u00e3o. Desconfie de qualquer cobran\u00e7a para participar de sele\u00e7\u00f5es.\n\n\n\n<\/div>\n<!-- CONTENT END 1 -->\n","protected":false},"excerpt":{"rendered":"<p>O TSE (Tribunal Eleitoral Superior) liberou, nesta segunda-feira (22), o prazo para que eleitores que precisam alterar a se\u00e7\u00e3o ou local de vota\u00e7\u00e3o, no mesmo&#8230;<\/p>\n","protected":false},"author":1,"featured_media":57533,"comment_status":"open","ping_status":"open","sticky":false,"template":"","format":"standard","meta":{"_uag_custom_page_level_css":"","advanced_seo_description":"","jetpack_seo_html_title":"","jetpack_seo_noindex":false,"jetpack_post_was_ever_published":false,"_jetpack_newsletter_access":"","_jetpack_dont_email_post_to_subs":false,"_jetpack_newsletter_tier_id":0,"_jetpack_memberships_contains_paywalled_content":false,"_jetpack_memberships_contains_paid_content":false,"footnotes":"","jetpack_publicize_message":"","jetpack_publicize_feature_enabled":true,"jetpack_social_post_already_shared":true,"jetpack_social_options":{"image_generator_settings":{"template":"highway","default_image_id":0,"font":"","enabled":false},"version":2}},"categories":[11],"tags":[],"class_list":["post-57532","post","type-post","status-publish","format-standard","has-post-thumbnail","hentry","category-noticias-de-ribeirao-preto-sp-e-regiao-ismael-colosi"],"jetpack_publicize_connections":[],"jetpack_featured_media_url":"https:\/\/i0.wp.com\/ismaelcolosi.com.br\/wp-content\/uploads\/2024\/07\/Copia-de-Copia-de-TAMANHO-EXATO-PARA-FOTOS-NO-SISTEMA-NOVO-5_2024-07-22_17-58-13_jpg_2024-07-22_17-58-13.webp.webp?fit=1200%2C675&ssl=1","uagb_featured_image_src":{"full":["https:\/\/i0.wp.com\/ismaelcolosi.com.br\/wp-content\/uploads\/2024\/07\/Copia-de-Copia-de-TAMANHO-EXATO-PARA-FOTOS-NO-SISTEMA-NOVO-5_2024-07-22_17-58-13_jpg_2024-07-22_17-58-13.webp.webp?fit=1200%2C675&ssl=1",1200,675,false],"thumbnail":["https:\/\/i0.wp.com\/ismaelcolosi.com.br\/wp-content\/uploads\/2024\/07\/Copia-de-Copia-de-TAMANHO-EXATO-PARA-FOTOS-NO-SISTEMA-NOVO-5_2024-07-22_17-58-13_jpg_2024-07-22_17-58-13.webp.webp?resize=150%2C150&ssl=1",150,150,true],"medium":["https:\/\/i0.wp.com\/ismaelcolosi.com.br\/wp-content\/uploads\/2024\/07\/Copia-de-Copia-de-TAMANHO-EXATO-PARA-FOTOS-NO-SISTEMA-NOVO-5_2024-07-22_17-58-13_jpg_2024-07-22_17-58-13.webp.webp?fit=300%2C169&ssl=1",300,169,true],"medium_large":["https:\/\/i0.wp.com\/ismaelcolosi.com.br\/wp-content\/uploads\/2024\/07\/Copia-de-Copia-de-TAMANHO-EXATO-PARA-FOTOS-NO-SISTEMA-NOVO-5_2024-07-22_17-58-13_jpg_2024-07-22_17-58-13.webp.webp?fit=768%2C432&ssl=1",768,432,true],"large":["https:\/\/i0.wp.com\/ismaelcolosi.com.br\/wp-content\/uploads\/2024\/07\/Copia-de-Copia-de-TAMANHO-EXATO-PARA-FOTOS-NO-SISTEMA-NOVO-5_2024-07-22_17-58-13_jpg_2024-07-22_17-58-13.webp.webp?fit=1024%2C576&ssl=1",1024,576,true],"1536x1536":["https:\/\/i0.wp.com\/ismaelcolosi.com.br\/wp-content\/uploads\/2024\/07\/Copia-de-Copia-de-TAMANHO-EXATO-PARA-FOTOS-NO-SISTEMA-NOVO-5_2024-07-22_17-58-13_jpg_2024-07-22_17-58-13.webp.webp?fit=1200%2C675&ssl=1",1200,675,true],"2048x2048":["https:\/\/i0.wp.com\/ismaelcolosi.com.br\/wp-content\/uploads\/2024\/07\/Copia-de-Copia-de-TAMANHO-EXATO-PARA-FOTOS-NO-SISTEMA-NOVO-5_2024-07-22_17-58-13_jpg_2024-07-22_17-58-13.webp.webp?fit=1200%2C675&ssl=1",1200,675,true],"really-simple-thumb":["https:\/\/i0.wp.com\/ismaelcolosi.com.br\/wp-content\/uploads\/2024\/07\/Copia-de-Copia-de-TAMANHO-EXATO-PARA-FOTOS-NO-SISTEMA-NOVO-5_2024-07-22_17-58-13_jpg_2024-07-22_17-58-13.webp.webp?resize=370%2C247&ssl=1",370,247,true]},"uagb_author_info":{"display_name":"ismaelcolosi.com.br","author_link":"https:\/\/ismaelcolosi.com.br\/index.php\/author\/vidareal-online\/"},"uagb_comment_info":0,"uagb_excerpt":"O TSE (Tribunal Eleitoral Superior) liberou, nesta segunda-feira (22), o prazo para que eleitores que precisam alterar a se\u00e7\u00e3o ou local de vota\u00e7\u00e3o, no mesmo...","jetpack-related-posts":[{"id":63890,"url":"https:\/\/ismaelcolosi.com.br\/index.php\/2024\/09\/04\/eleicoes-2024-saiba-como-consultar-o-seu-local-de-votacao\/","url_meta":{"origin":57532,"position":0},"title":"Elei\u00e7\u00f5es 2024: Saiba como consultar o seu local de vota\u00e7\u00e3o","author":"ismaelcolosi.com.br","date":"4 de September de 2024","format":false,"excerpt":"As eleitoras e eleitores que solicitaram a transfer\u00eancia tempor\u00e1ria do local de vota\u00e7\u00e3o j\u00e1 podem consultar, por meio do e-T\u00edtulo, o aplicativo da Justi\u00e7a Eleitoral, onde v\u00e3o votar nas Elei\u00e7\u00f5es Municipais de 2024.\u00a0\u00a0 Tamb\u00e9m \u00e9 poss\u00edvel fazer a pesquisa pelo Portal do TSE (Tribunal Superior Eleitoral), no link \u201cLocal de\u2026","rel":"","context":"In &quot;Not\u00edcias de Ribeir\u00e3o Preto-SP e Regi\u00e3o&quot;","block_context":{"text":"Not\u00edcias de Ribeir\u00e3o Preto-SP e Regi\u00e3o","link":"https:\/\/ismaelcolosi.com.br\/index.php\/category\/noticias-de-ribeirao-preto-sp-e-regiao-ismael-colosi\/"},"img":{"alt_text":"","src":"https:\/\/i0.wp.com\/ismaelcolosi.com.br\/wp-content\/uploads\/2024\/07\/urna-eletronica_2024-07-20_21-25-53_jpg_2024-07-20_21-25-53.webp.webp?fit=1170%2C700&ssl=1&resize=350%2C200","width":350,"height":200,"srcset":"https:\/\/i0.wp.com\/ismaelcolosi.com.br\/wp-content\/uploads\/2024\/07\/urna-eletronica_2024-07-20_21-25-53_jpg_2024-07-20_21-25-53.webp.webp?fit=1170%2C700&ssl=1&resize=350%2C200 1x, https:\/\/i0.wp.com\/ismaelcolosi.com.br\/wp-content\/uploads\/2024\/07\/urna-eletronica_2024-07-20_21-25-53_jpg_2024-07-20_21-25-53.webp.webp?fit=1170%2C700&ssl=1&resize=525%2C300 1.5x, https:\/\/i0.wp.com\/ismaelcolosi.com.br\/wp-content\/uploads\/2024\/07\/urna-eletronica_2024-07-20_21-25-53_jpg_2024-07-20_21-25-53.webp.webp?fit=1170%2C700&ssl=1&resize=700%2C400 2x, https:\/\/i0.wp.com\/ismaelcolosi.com.br\/wp-content\/uploads\/2024\/07\/urna-eletronica_2024-07-20_21-25-53_jpg_2024-07-20_21-25-53.webp.webp?fit=1170%2C700&ssl=1&resize=1050%2C600 3x"},"classes":[]},{"id":68514,"url":"https:\/\/ismaelcolosi.com.br\/index.php\/2024\/09\/30\/veja-mapa-interativo-com-todos-os-locais-de-votacao-em-ribeirao-preto\/","url_meta":{"origin":57532,"position":1},"title":"Veja mapa interativo com todos os locais de vota\u00e7\u00e3o em Ribeir\u00e3o Preto","author":"ismaelcolosi.com.br","date":"30 de September de 2024","format":false,"excerpt":"O 1\u00ba turno das Elei\u00e7\u00f5es Municipais de 2024 acontece neste domingo (6), das 8h \u00e0s 17h, em diversas institui\u00e7\u00f5es de Ribeir\u00e3o Preto. Com isso, o portal acidade on preparou um mapa com todos os locais de vota\u00e7\u00e3o na cidade. Os locais foram agrupados conforme rela\u00e7\u00e3o enviada a reportagem pelas zonas\u2026","rel":"","context":"In &quot;Not\u00edcias de Ribeir\u00e3o Preto-SP e Regi\u00e3o&quot;","block_context":{"text":"Not\u00edcias de Ribeir\u00e3o Preto-SP e Regi\u00e3o","link":"https:\/\/ismaelcolosi.com.br\/index.php\/category\/noticias-de-ribeirao-preto-sp-e-regiao-ismael-colosi\/"},"img":{"alt_text":"","src":"https:\/\/i0.wp.com\/ismaelcolosi.com.br\/wp-content\/uploads\/2024\/09\/Copia-de-Copia-de-Copia-de-TAMANHO-EXATO-PARA-FOTOS-NO-SISTEMA-NOVO-82_2024-09-30_17-21-38_png_2024-09-30_17-21-38.webp.webp?fit=1200%2C675&ssl=1&resize=350%2C200","width":350,"height":200,"srcset":"https:\/\/i0.wp.com\/ismaelcolosi.com.br\/wp-content\/uploads\/2024\/09\/Copia-de-Copia-de-Copia-de-TAMANHO-EXATO-PARA-FOTOS-NO-SISTEMA-NOVO-82_2024-09-30_17-21-38_png_2024-09-30_17-21-38.webp.webp?fit=1200%2C675&ssl=1&resize=350%2C200 1x, https:\/\/i0.wp.com\/ismaelcolosi.com.br\/wp-content\/uploads\/2024\/09\/Copia-de-Copia-de-Copia-de-TAMANHO-EXATO-PARA-FOTOS-NO-SISTEMA-NOVO-82_2024-09-30_17-21-38_png_2024-09-30_17-21-38.webp.webp?fit=1200%2C675&ssl=1&resize=525%2C300 1.5x, https:\/\/i0.wp.com\/ismaelcolosi.com.br\/wp-content\/uploads\/2024\/09\/Copia-de-Copia-de-Copia-de-TAMANHO-EXATO-PARA-FOTOS-NO-SISTEMA-NOVO-82_2024-09-30_17-21-38_png_2024-09-30_17-21-38.webp.webp?fit=1200%2C675&ssl=1&resize=700%2C400 2x, https:\/\/i0.wp.com\/ismaelcolosi.com.br\/wp-content\/uploads\/2024\/09\/Copia-de-Copia-de-Copia-de-TAMANHO-EXATO-PARA-FOTOS-NO-SISTEMA-NOVO-82_2024-09-30_17-21-38_png_2024-09-30_17-21-38.webp.webp?fit=1200%2C675&ssl=1&resize=1050%2C600 3x"},"classes":[]},{"id":41669,"url":"https:\/\/ismaelcolosi.com.br\/index.php\/2024\/03\/10\/prazo-esta-acabando-veja-ate-quando-voce-pode-regularizar-o-titulo-de-eleitor\/","url_meta":{"origin":57532,"position":2},"title":"Prazo est\u00e1 acabando! Veja at\u00e9 quando voc\u00ea pode regularizar o t\u00edtulo de eleitor","author":"ismaelcolosi.com.br","date":"10 de March de 2024","format":false,"excerpt":"O primeiro turno das elei\u00e7\u00f5es municipais de 2024 est\u00e1 marcado para o dia 6 de outubro. Por isso, os eleitores t\u00eam at\u00e9 o dia 8 de abril para regularizar a situa\u00e7\u00e3o eleitoral pelo autoatendimento pela internet. De acordo com o TSE (Tribunal Superior Eleitoral), Ribeir\u00e3o Preto tem 474.634 eleitores registrados,\u2026","rel":"","context":"In &quot;Not\u00edcias de Ribeir\u00e3o Preto-SP e Regi\u00e3o&quot;","block_context":{"text":"Not\u00edcias de Ribeir\u00e3o Preto-SP e Regi\u00e3o","link":"https:\/\/ismaelcolosi.com.br\/index.php\/category\/noticias-de-ribeirao-preto-sp-e-regiao-ismael-colosi\/"},"img":{"alt_text":"","src":"https:\/\/i0.wp.com\/ismaelcolosi.com.br\/wp-content\/uploads\/2024\/03\/AnyConv.com__titulo-eleitor.webp.webp?fit=717%2C409&ssl=1&resize=350%2C200","width":350,"height":200,"srcset":"https:\/\/i0.wp.com\/ismaelcolosi.com.br\/wp-content\/uploads\/2024\/03\/AnyConv.com__titulo-eleitor.webp.webp?fit=717%2C409&ssl=1&resize=350%2C200 1x, https:\/\/i0.wp.com\/ismaelcolosi.com.br\/wp-content\/uploads\/2024\/03\/AnyConv.com__titulo-eleitor.webp.webp?fit=717%2C409&ssl=1&resize=525%2C300 1.5x, https:\/\/i0.wp.com\/ismaelcolosi.com.br\/wp-content\/uploads\/2024\/03\/AnyConv.com__titulo-eleitor.webp.webp?fit=717%2C409&ssl=1&resize=700%2C400 2x"},"classes":[]},{"id":45912,"url":"https:\/\/ismaelcolosi.com.br\/index.php\/2024\/04\/08\/saiba-como-regularizar-a-situacao-eleitoral-em-ribeirao-preto\/","url_meta":{"origin":57532,"position":3},"title":"Saiba como regularizar a situa\u00e7\u00e3o eleitoral em Ribeir\u00e3o Preto","author":"ismaelcolosi.com.br","date":"8 de April de 2024","format":false,"excerpt":"Nesta segunda-feira (8), termina o prazo para que eleitores sem biometria cadastrada regularizem a situa\u00e7\u00e3o eleitoral pela internet. Ap\u00f3s essa data, o atendimento ser\u00e1 apenas de forma presencial nos cart\u00f3rios eleitorais. Ribeir\u00e3o Preto tem 474.634 eleitores registrados, sendo que 164.803 ainda precisam registrar a biometria \u2013 consulte aqui a sua\u2026","rel":"","context":"In &quot;Not\u00edcias de Ribeir\u00e3o Preto-SP e Regi\u00e3o&quot;","block_context":{"text":"Not\u00edcias de Ribeir\u00e3o Preto-SP e Regi\u00e3o","link":"https:\/\/ismaelcolosi.com.br\/index.php\/category\/noticias-de-ribeirao-preto-sp-e-regiao-ismael-colosi\/"},"img":{"alt_text":"","src":"https:\/\/i0.wp.com\/ismaelcolosi.com.br\/wp-content\/uploads\/2024\/04\/AnyConv.com__cartorio-eleitoral-ribeirao-preto.webp.webp?fit=867%2C485&ssl=1&resize=350%2C200","width":350,"height":200,"srcset":"https:\/\/i0.wp.com\/ismaelcolosi.com.br\/wp-content\/uploads\/2024\/04\/AnyConv.com__cartorio-eleitoral-ribeirao-preto.webp.webp?fit=867%2C485&ssl=1&resize=350%2C200 1x, https:\/\/i0.wp.com\/ismaelcolosi.com.br\/wp-content\/uploads\/2024\/04\/AnyConv.com__cartorio-eleitoral-ribeirao-preto.webp.webp?fit=867%2C485&ssl=1&resize=525%2C300 1.5x, https:\/\/i0.wp.com\/ismaelcolosi.com.br\/wp-content\/uploads\/2024\/04\/AnyConv.com__cartorio-eleitoral-ribeirao-preto.webp.webp?fit=867%2C485&ssl=1&resize=700%2C400 2x"},"classes":[]},{"id":68527,"url":"https:\/\/ismaelcolosi.com.br\/index.php\/2024\/09\/30\/eleicoes-2024-saiba-como-justificar-a-ausencia-pelo-e-titulo\/","url_meta":{"origin":57532,"position":4},"title":"Elei\u00e7\u00f5es 2024: Saiba como justificar a aus\u00eancia pelo e-T\u00edtulo","author":"ismaelcolosi.com.br","date":"30 de September de 2024","format":false,"excerpt":"Quem estiver fora do seu domic\u00edlio eleitoral e n\u00e3o puder votar nas elei\u00e7\u00f5es municipais 2024 poder\u00e1 justificar a aus\u00eancia no dia da vota\u00e7\u00e3o por meio do aplicativo e-T\u00edtulo ou preenchendo formul\u00e1rio entregue nos locais de vota\u00e7\u00e3o. No caso do formul\u00e1rio, ele deve ser preenchido obrigatoriamente com o n\u00famero do t\u00edtulo\u2026","rel":"","context":"In &quot;Not\u00edcias de Ribeir\u00e3o Preto-SP e Regi\u00e3o&quot;","block_context":{"text":"Not\u00edcias de Ribeir\u00e3o Preto-SP e Regi\u00e3o","link":"https:\/\/ismaelcolosi.com.br\/index.php\/category\/noticias-de-ribeirao-preto-sp-e-regiao-ismael-colosi\/"},"img":{"alt_text":"","src":"https:\/\/i0.wp.com\/ismaelcolosi.com.br\/wp-content\/uploads\/2024\/05\/AnyConv.com__titulo-de-eleitor_2024-05-05_17-12-29.webp.webp?fit=1167%2C698&ssl=1&resize=350%2C200","width":350,"height":200,"srcset":"https:\/\/i0.wp.com\/ismaelcolosi.com.br\/wp-content\/uploads\/2024\/05\/AnyConv.com__titulo-de-eleitor_2024-05-05_17-12-29.webp.webp?fit=1167%2C698&ssl=1&resize=350%2C200 1x, https:\/\/i0.wp.com\/ismaelcolosi.com.br\/wp-content\/uploads\/2024\/05\/AnyConv.com__titulo-de-eleitor_2024-05-05_17-12-29.webp.webp?fit=1167%2C698&ssl=1&resize=525%2C300 1.5x, https:\/\/i0.wp.com\/ismaelcolosi.com.br\/wp-content\/uploads\/2024\/05\/AnyConv.com__titulo-de-eleitor_2024-05-05_17-12-29.webp.webp?fit=1167%2C698&ssl=1&resize=700%2C400 2x, https:\/\/i0.wp.com\/ismaelcolosi.com.br\/wp-content\/uploads\/2024\/05\/AnyConv.com__titulo-de-eleitor_2024-05-05_17-12-29.webp.webp?fit=1167%2C698&ssl=1&resize=1050%2C600 3x"},"classes":[]},{"id":48672,"url":"https:\/\/ismaelcolosi.com.br\/index.php\/2024\/05\/05\/esta-acabando-prazo-para-regularizar-situacao-eleitoral-vai-ate-o-dia-8\/","url_meta":{"origin":57532,"position":5},"title":"Est\u00e1 acabando! Prazo para regularizar situa\u00e7\u00e3o eleitoral vai at\u00e9 o dia 8","author":"ismaelcolosi.com.br","date":"5 de May de 2024","format":false,"excerpt":"As eleitoras e eleitores t\u00eam at\u00e9 8 de maio para ficar em dia com a Justi\u00e7a Eleitoral e votar na elei\u00e7\u00f5es municipais de 2024, no pr\u00f3ximo m\u00eas de outubro. Na segunda (6), ter\u00e7a (7) e quarta-feira (8), os cart\u00f3rios eleitorais v\u00e3o funcionar das 9h \u00e0s 17h. Neste domingo, os cart\u00f3rios\u2026","rel":"","context":"In &quot;Not\u00edcias de Ribeir\u00e3o Preto-SP e Regi\u00e3o&quot;","block_context":{"text":"Not\u00edcias de Ribeir\u00e3o Preto-SP e Regi\u00e3o","link":"https:\/\/ismaelcolosi.com.br\/index.php\/category\/noticias-de-ribeirao-preto-sp-e-regiao-ismael-colosi\/"},"img":{"alt_text":"","src":"https:\/\/i0.wp.com\/ismaelcolosi.com.br\/wp-content\/uploads\/2024\/05\/AnyConv.com__titulo-de-eleitor_2024-05-05_17-12-29.webp.webp?fit=1167%2C698&ssl=1&resize=350%2C200","width":350,"height":200,"srcset":"https:\/\/i0.wp.com\/ismaelcolosi.com.br\/wp-content\/uploads\/2024\/05\/AnyConv.com__titulo-de-eleitor_2024-05-05_17-12-29.webp.webp?fit=1167%2C698&ssl=1&resize=350%2C200 1x, https:\/\/i0.wp.com\/ismaelcolosi.com.br\/wp-content\/uploads\/2024\/05\/AnyConv.com__titulo-de-eleitor_2024-05-05_17-12-29.webp.webp?fit=1167%2C698&ssl=1&resize=525%2C300 1.5x, https:\/\/i0.wp.com\/ismaelcolosi.com.br\/wp-content\/uploads\/2024\/05\/AnyConv.com__titulo-de-eleitor_2024-05-05_17-12-29.webp.webp?fit=1167%2C698&ssl=1&resize=700%2C400 2x, https:\/\/i0.wp.com\/ismaelcolosi.com.br\/wp-content\/uploads\/2024\/05\/AnyConv.com__titulo-de-eleitor_2024-05-05_17-12-29.webp.webp?fit=1167%2C698&ssl=1&resize=1050%2C600 3x"},"classes":[]}],"jetpack_sharing_enabled":true,"jetpack_shortlink":"https:\/\/wp.me\/pfMlyK-eXW","_links":{"self":[{"href":"https:\/\/ismaelcolosi.com.br\/index.php\/wp-json\/wp\/v2\/posts\/57532","targetHints":{"allow":["GET"]}}],"collection":[{"href":"https:\/\/ismaelcolosi.com.br\/index.php\/wp-json\/wp\/v2\/posts"}],"about":[{"href":"https:\/\/ismaelcolosi.com.br\/index.php\/wp-json\/wp\/v2\/types\/post"}],"author":[{"embeddable":true,"href":"https:\/\/ismaelcolosi.com.br\/index.php\/wp-json\/wp\/v2\/users\/1"}],"replies":[{"embeddable":true,"href":"https:\/\/ismaelcolosi.com.br\/index.php\/wp-json\/wp\/v2\/comments?post=57532"}],"version-history":[{"count":0,"href":"https:\/\/ismaelcolosi.com.br\/index.php\/wp-json\/wp\/v2\/posts\/57532\/revisions"}],"wp:featuredmedia":[{"embeddable":true,"href":"https:\/\/ismaelcolosi.com.br\/index.php\/wp-json\/wp\/v2\/media\/57533"}],"wp:attachment":[{"href":"https:\/\/ismaelcolosi.com.br\/index.php\/wp-json\/wp\/v2\/media?parent=57532"}],"wp:term":[{"taxonomy":"category","embeddable":true,"href":"https:\/\/ismaelcolosi.com.br\/index.php\/wp-json\/wp\/v2\/categories?post=57532"},{"taxonomy":"post_tag","embeddable":true,"href":"https:\/\/ismaelcolosi.com.br\/index.php\/wp-json\/wp\/v2\/tags?post=57532"}],"curies":[{"name":"wp","href":"https:\/\/api.w.org\/{rel}","templated":true}]}}