{"id":57526,"date":"2024-07-22T14:58:36","date_gmt":"2024-07-22T17:58:36","guid":{"rendered":"https:\/\/ismaelcolosi.com.br\/index.php\/2024\/07\/22\/pat-ribeirao-preto-realiza-mutirao-de-emprego-com-quase-300-vagas\/"},"modified":"2024-07-22T14:58:36","modified_gmt":"2024-07-22T17:58:36","slug":"pat-ribeirao-preto-realiza-mutirao-de-emprego-com-quase-300-vagas","status":"publish","type":"post","link":"https:\/\/ismaelcolosi.com.br\/index.php\/2024\/07\/22\/pat-ribeirao-preto-realiza-mutirao-de-emprego-com-quase-300-vagas\/","title":{"rendered":"PAT Ribeir\u00e3o Preto realiza mutir\u00e3o de emprego com quase 300 vagas"},"content":{"rendered":"<p> <br \/>\n<\/p>\n<div data-td-block-uid=\"tdi_106\">\n<div class=\"tdb-block-inner td-fix-index\">\n<p><span style=\"background-color:#f7cc62\" class=\"td_text_highlight_marker\"><mark style=\"background-color:rgba(0, 0, 0, 0)\" class=\"has-inline-color has-black-color\">O <strong>PAT<\/strong> (Posto de Atendimento ao Trabalhador)<strong> realiza<\/strong> um <strong>mutir\u00e3o de emprego<\/strong> com <strong>296 vagas em Ribeir\u00e3o Preto<\/strong>. A a\u00e7\u00e3o <strong>come\u00e7ou<\/strong> nesta <strong>segunda-feira <\/strong>(22) e segue at\u00e9 o <strong>dia 26<\/strong>. Para <strong>cada fun\u00e7\u00e3o<\/strong> oferecida tem uma <strong>data<\/strong> e <strong>hor\u00e1rio<\/strong> para <strong>comparecer ao posto<\/strong>.<\/mark><\/span><\/p>\n<p>Os <strong>interessados<\/strong> devem ir at\u00e9 o PAT, que fica na avenida Doutor Francisco Junqueira, 2.625, no bairro Jardim Macedo, com <strong>documento de identidade<\/strong> (RG ou CPF), <strong>carteira de trabalho<\/strong> (f\u00edsica ou digital) e um <strong>comprovante de resid\u00eancia<\/strong>.<\/p>\n<h2 class=\"wp-block-heading\"><strong>Veja as vagas, dias e hor\u00e1rios dos processos seletivos:<\/strong><\/h2>\n<ul>\n<li><strong>Vendedor externo (5 vagas)<\/strong><br \/>Segunda-feira (<strong>22\/07<\/strong>), \u00e0s 14h<br \/>Requisitos: experi\u00eancia, ensino m\u00e9dio completo e disponibilidade para viagens<\/li>\n<li><strong>Auxiliar de cobran\u00e7a (25 vagas)<\/strong><br \/>Ter\u00e7a-feira (<strong>23\/07<\/strong>), \u00e0s 9h<br \/>Requisitos: CNH categoria A e disponibilidade para viagens<\/li>\n<li><strong>Servente de servi\u00e7os gerais (10 vagas)<\/strong><br \/>Quarta-feira (<strong>24\/07<\/strong>), \u00e0s 10h<\/li>\n<li><strong>Servente de obras (3 vagas) e pedreiro (3 vagas)<\/strong><br \/>Quinta-feira (<strong>25\/07<\/strong>), \u00e0s 9h<br \/>Requisitos: experi\u00eancia<\/li>\n<li><strong>Recuperador de cr\u00e9dito (250 vagas)<\/strong><br \/>Sexta-feira (<strong>26\/07<\/strong>), \u00e0s 9h<br \/>Requisitos: ensino m\u00e9dio completo<\/li>\n<\/ul>\n<h2 class=\"wp-block-heading\"><strong>Servi\u00e7o<\/strong>:<\/h2>\n<p><strong>Mutir\u00e3o de vagas de emprego no PAT Ribeir\u00e3o Preto<\/strong><br \/>Per\u00edodo: de 22 a 26\/07<br \/>Local: av. Dr. Francisco Junqueira, 2625 \u2013 Jardim Macedo<\/p>\n<p>SAIBA MAIS <\/p>\n<p>M\u00e3e denuncia abuso sexual contra filha de 9 anos em Ribeir\u00e3o Preto<\/p>\n<h4 class=\"wp-block-heading\"><strong>FIQUE ON<\/strong><\/h4>\n<p>Fique ligado em tudo que acontece em Ribeir\u00e3o Preto e regi\u00e3o. Siga os perfis do\u00a0<strong>acidade on<\/strong>\u00a0no<a href=\"https:\/\/www.instagram.com\/acidadeonribeirao\" target=\"_blank\" rel=\"noreferrer noopener\">\u00a0Instagram<\/a>\u00a0e no\u00a0<a href=\"https:\/\/www.facebook.com\/acidadeonribeirao\/\" target=\"_blank\" rel=\"noreferrer noopener\">Facebook<\/a>.<\/p>\n<p>Receba not\u00edcias do\u00a0<strong>acidade on<\/strong>\u00a0no WhatsApp.\u00a0<a href=\"https:\/\/chat.whatsapp.com\/CdrZ6xrf7quD44Vw3WlPuZ\" target=\"_blank\" rel=\"noreferrer noopener\">Para entrar no grupo, basta clicar aqui.<\/a><\/p>\n<p>Fa\u00e7a uma den\u00fancia ou sugira uma reportagem sobre Ribeir\u00e3o Preto e regi\u00e3o pelo WhatsApp: 16 99117 7802.<\/p>\n<p>VEJA TAMB\u00c9M<\/p>\n<p>Do que morreu o ator Thommy Schiavo?<\/p>\n<p><!-- AI CONTENT END 1 -->\n<\/div>\n<\/div>\n<p><script async src=\"\/\/www.instagram.com\/embed.js\"><\/script><br \/>\n<br \/><br \/>\n<br \/><a href=\"https:\/\/www.acidadeon.com\/ribeiraopreto\/cotidiano\/pat-ribeirao-preto-realiza-mutirao-de-emprego-com-quase-300-vagas\/\">Source link <\/a><\/p>\n<div class='code-block code-block-4' style='margin: 8px auto 8px 0; text-align: left; display: block; clear: both;'>\n\ud83d\udce2 Aviso Legal\n\nO site ismaelcolosi.com.br atua apenas como um canal de divulga\u00e7\u00e3o de oportunidades de emprego e n\u00e3o se responsabiliza pelo processo seletivo, contrata\u00e7\u00e3o ou qualquer outra etapa relacionada \u00e0s vagas publicadas. Todas as informa\u00e7\u00f5es s\u00e3o de responsabilidade dos anunciantes.\n\n\u26a0\ufe0f Aten\u00e7\u00e3o! Nunca pague por promessas de emprego nem compre cursos que garantam contrata\u00e7\u00e3o. Desconfie de qualquer cobran\u00e7a para participar de sele\u00e7\u00f5es.\n\n\n\n<\/div>\n<!-- CONTENT END 1 -->\n","protected":false},"excerpt":{"rendered":"<p>O PAT (Posto de Atendimento ao Trabalhador) realiza um mutir\u00e3o de emprego com 296 vagas em Ribeir\u00e3o Preto. A a\u00e7\u00e3o come\u00e7ou nesta segunda-feira (22) e&#8230;<\/p>\n","protected":false},"author":1,"featured_media":57527,"comment_status":"open","ping_status":"open","sticky":false,"template":"","format":"standard","meta":{"_uag_custom_page_level_css":"","advanced_seo_description":"","jetpack_seo_html_title":"","jetpack_seo_noindex":false,"jetpack_post_was_ever_published":false,"_jetpack_newsletter_access":"","_jetpack_dont_email_post_to_subs":false,"_jetpack_newsletter_tier_id":0,"_jetpack_memberships_contains_paywalled_content":false,"_jetpack_memberships_contains_paid_content":false,"footnotes":"","jetpack_publicize_message":"","jetpack_publicize_feature_enabled":true,"jetpack_social_post_already_shared":true,"jetpack_social_options":{"image_generator_settings":{"template":"highway","default_image_id":0,"font":"","enabled":false},"version":2}},"categories":[11],"tags":[],"class_list":["post-57526","post","type-post","status-publish","format-standard","has-post-thumbnail","hentry","category-noticias-de-ribeirao-preto-sp-e-regiao-ismael-colosi"],"jetpack_publicize_connections":[],"jetpack_featured_media_url":"https:\/\/i0.wp.com\/ismaelcolosi.com.br\/wp-content\/uploads\/2024\/07\/Copia-de-Copia-de-TAMANHO-EXATO-PARA-FOTOS-NO-SISTEMA-NOVO-4_2024-07-22_17-22-00_jpg_2024-07-22_17-22-00.webp.webp?fit=1200%2C675&ssl=1","uagb_featured_image_src":{"full":["https:\/\/i0.wp.com\/ismaelcolosi.com.br\/wp-content\/uploads\/2024\/07\/Copia-de-Copia-de-TAMANHO-EXATO-PARA-FOTOS-NO-SISTEMA-NOVO-4_2024-07-22_17-22-00_jpg_2024-07-22_17-22-00.webp.webp?fit=1200%2C675&ssl=1",1200,675,false],"thumbnail":["https:\/\/i0.wp.com\/ismaelcolosi.com.br\/wp-content\/uploads\/2024\/07\/Copia-de-Copia-de-TAMANHO-EXATO-PARA-FOTOS-NO-SISTEMA-NOVO-4_2024-07-22_17-22-00_jpg_2024-07-22_17-22-00.webp.webp?resize=150%2C150&ssl=1",150,150,true],"medium":["https:\/\/i0.wp.com\/ismaelcolosi.com.br\/wp-content\/uploads\/2024\/07\/Copia-de-Copia-de-TAMANHO-EXATO-PARA-FOTOS-NO-SISTEMA-NOVO-4_2024-07-22_17-22-00_jpg_2024-07-22_17-22-00.webp.webp?fit=300%2C169&ssl=1",300,169,true],"medium_large":["https:\/\/i0.wp.com\/ismaelcolosi.com.br\/wp-content\/uploads\/2024\/07\/Copia-de-Copia-de-TAMANHO-EXATO-PARA-FOTOS-NO-SISTEMA-NOVO-4_2024-07-22_17-22-00_jpg_2024-07-22_17-22-00.webp.webp?fit=768%2C432&ssl=1",768,432,true],"large":["https:\/\/i0.wp.com\/ismaelcolosi.com.br\/wp-content\/uploads\/2024\/07\/Copia-de-Copia-de-TAMANHO-EXATO-PARA-FOTOS-NO-SISTEMA-NOVO-4_2024-07-22_17-22-00_jpg_2024-07-22_17-22-00.webp.webp?fit=1024%2C576&ssl=1",1024,576,true],"1536x1536":["https:\/\/i0.wp.com\/ismaelcolosi.com.br\/wp-content\/uploads\/2024\/07\/Copia-de-Copia-de-TAMANHO-EXATO-PARA-FOTOS-NO-SISTEMA-NOVO-4_2024-07-22_17-22-00_jpg_2024-07-22_17-22-00.webp.webp?fit=1200%2C675&ssl=1",1200,675,true],"2048x2048":["https:\/\/i0.wp.com\/ismaelcolosi.com.br\/wp-content\/uploads\/2024\/07\/Copia-de-Copia-de-TAMANHO-EXATO-PARA-FOTOS-NO-SISTEMA-NOVO-4_2024-07-22_17-22-00_jpg_2024-07-22_17-22-00.webp.webp?fit=1200%2C675&ssl=1",1200,675,true],"really-simple-thumb":["https:\/\/i0.wp.com\/ismaelcolosi.com.br\/wp-content\/uploads\/2024\/07\/Copia-de-Copia-de-TAMANHO-EXATO-PARA-FOTOS-NO-SISTEMA-NOVO-4_2024-07-22_17-22-00_jpg_2024-07-22_17-22-00.webp.webp?resize=370%2C247&ssl=1",370,247,true]},"uagb_author_info":{"display_name":"ismaelcolosi.com.br","author_link":"https:\/\/ismaelcolosi.com.br\/index.php\/author\/vidareal-online\/"},"uagb_comment_info":0,"uagb_excerpt":"O PAT (Posto de Atendimento ao Trabalhador) realiza um mutir\u00e3o de emprego com 296 vagas em Ribeir\u00e3o Preto. A a\u00e7\u00e3o come\u00e7ou nesta segunda-feira (22) e...","jetpack-related-posts":[{"id":48781,"url":"https:\/\/ismaelcolosi.com.br\/index.php\/2024\/05\/06\/ribeirao-preto-tem-mutirao-de-emprego-com-mais-de-300-vagas-saiba-mais\/","url_meta":{"origin":57526,"position":0},"title":"Ribeir\u00e3o Preto tem mutir\u00e3o de emprego com mais de 300 vagas; Saiba mais","author":"ismaelcolosi.com.br","date":"6 de May de 2024","format":false,"excerpt":"A Prefeitura de Ribeir\u00e3o Preto realiza nesta quarta-feira (8) um \u201cMutir\u00e3o de Emprego\u201d com mais de 300 vagas. A a\u00e7\u00e3o ser\u00e1 no Terminal Rodovi\u00e1rio, que fica na avenida Jer\u00f4nimo Gon\u00e7alves, 640, das 9h \u00e0s 12h. Os interessados em concorrer a uma das vagas, que v\u00e3o desde est\u00e1gios at\u00e9 recoloca\u00e7\u00e3o no\u2026","rel":"","context":"In &quot;Not\u00edcias de Ribeir\u00e3o Preto-SP e Regi\u00e3o&quot;","block_context":{"text":"Not\u00edcias de Ribeir\u00e3o Preto-SP e Regi\u00e3o","link":"https:\/\/ismaelcolosi.com.br\/index.php\/category\/noticias-de-ribeirao-preto-sp-e-regiao-ismael-colosi\/"},"img":{"alt_text":"","src":"https:\/\/i0.wp.com\/ismaelcolosi.com.br\/wp-content\/uploads\/2024\/05\/closeup-de-candidato-a-emprego-dando-seu-curriculo-durante-a-entrevista-de-emprego-no-escritorio-scaled.jpg?fit=1200%2C800&ssl=1&resize=350%2C200","width":350,"height":200,"srcset":"https:\/\/i0.wp.com\/ismaelcolosi.com.br\/wp-content\/uploads\/2024\/05\/closeup-de-candidato-a-emprego-dando-seu-curriculo-durante-a-entrevista-de-emprego-no-escritorio-scaled.jpg?fit=1200%2C800&ssl=1&resize=350%2C200 1x, https:\/\/i0.wp.com\/ismaelcolosi.com.br\/wp-content\/uploads\/2024\/05\/closeup-de-candidato-a-emprego-dando-seu-curriculo-durante-a-entrevista-de-emprego-no-escritorio-scaled.jpg?fit=1200%2C800&ssl=1&resize=525%2C300 1.5x, https:\/\/i0.wp.com\/ismaelcolosi.com.br\/wp-content\/uploads\/2024\/05\/closeup-de-candidato-a-emprego-dando-seu-curriculo-durante-a-entrevista-de-emprego-no-escritorio-scaled.jpg?fit=1200%2C800&ssl=1&resize=700%2C400 2x, https:\/\/i0.wp.com\/ismaelcolosi.com.br\/wp-content\/uploads\/2024\/05\/closeup-de-candidato-a-emprego-dando-seu-curriculo-durante-a-entrevista-de-emprego-no-escritorio-scaled.jpg?fit=1200%2C800&ssl=1&resize=1050%2C600 3x"},"classes":[]},{"id":43182,"url":"https:\/\/ismaelcolosi.com.br\/index.php\/2024\/03\/19\/ribeirao-preto-tem-mutirao-de-emprego-com-vagas-para-empresa-de-transporte-e-logistica\/","url_meta":{"origin":57526,"position":1},"title":"Ribeir\u00e3o Preto tem mutir\u00e3o de emprego com vagas para empresa de transporte e log\u00edstica","author":"ismaelcolosi.com.br","date":"19 de March de 2024","format":false,"excerpt":"A empresa de transporte e log\u00edstica Rodonaves realiza um mutir\u00e3o de emprego em Ribeir\u00e3o Preto, nesta quinta-feira (21). A a\u00e7\u00e3o, em parceria com a prefeitura, oferecer\u00e1 cerca de 50 vagas para setores diversos do grupo (veja abaixo). O mutir\u00e3o acontecer\u00e1 das 10h \u00e0s 14h, na rua Lafaiete, 394, no Centro\u2026","rel":"","context":"In &quot;Not\u00edcias de Ribeir\u00e3o Preto-SP e Regi\u00e3o&quot;","block_context":{"text":"Not\u00edcias de Ribeir\u00e3o Preto-SP e Regi\u00e3o","link":"https:\/\/ismaelcolosi.com.br\/index.php\/category\/noticias-de-ribeirao-preto-sp-e-regiao-ismael-colosi\/"},"img":{"alt_text":"","src":"https:\/\/i0.wp.com\/ismaelcolosi.com.br\/wp-content\/uploads\/2024\/03\/Copia-de-Copia-de-TAMANHO-EXATO-PARA-FOTOS-NO-SISTEMA-NOVO-68.jpg?fit=1200%2C675&ssl=1&resize=350%2C200","width":350,"height":200,"srcset":"https:\/\/i0.wp.com\/ismaelcolosi.com.br\/wp-content\/uploads\/2024\/03\/Copia-de-Copia-de-TAMANHO-EXATO-PARA-FOTOS-NO-SISTEMA-NOVO-68.jpg?fit=1200%2C675&ssl=1&resize=350%2C200 1x, https:\/\/i0.wp.com\/ismaelcolosi.com.br\/wp-content\/uploads\/2024\/03\/Copia-de-Copia-de-TAMANHO-EXATO-PARA-FOTOS-NO-SISTEMA-NOVO-68.jpg?fit=1200%2C675&ssl=1&resize=525%2C300 1.5x, https:\/\/i0.wp.com\/ismaelcolosi.com.br\/wp-content\/uploads\/2024\/03\/Copia-de-Copia-de-TAMANHO-EXATO-PARA-FOTOS-NO-SISTEMA-NOVO-68.jpg?fit=1200%2C675&ssl=1&resize=700%2C400 2x, https:\/\/i0.wp.com\/ismaelcolosi.com.br\/wp-content\/uploads\/2024\/03\/Copia-de-Copia-de-TAMANHO-EXATO-PARA-FOTOS-NO-SISTEMA-NOVO-68.jpg?fit=1200%2C675&ssl=1&resize=1050%2C600 3x"},"classes":[]},{"id":34060,"url":"https:\/\/ismaelcolosi.com.br\/index.php\/2024\/01\/31\/rp-realiza-mutirao-de-emprego-com-mais-de-300-oportunidades-nesta-quinta-01\/","url_meta":{"origin":57526,"position":2},"title":"RP realiza mutir\u00e3o de emprego com mais de 300 oportunidades nesta quinta, 01","author":"ismaelcolosi.com.br","date":"31 de January de 2024","format":false,"excerpt":"O Terminal Rodovi\u00e1rio de Ribeir\u00e3o Preto recebe nesta quinta-feira, dia primeiro de fevereiro o 3\u00ba Mini Mutir\u00e3o do Emprego, com mais de 300 vagas de trabalho. Realizado pela Prefeitura de Ribeir\u00e3o Preto, o evento, que acontece das 10h \u00e0s 14h, apresenta uma chance \u00edmpar para os cidad\u00e3os acessarem oportunidades de\u2026","rel":"","context":"In &quot;Not\u00edcias de Ribeir\u00e3o Preto-SP e Regi\u00e3o&quot;","block_context":{"text":"Not\u00edcias de Ribeir\u00e3o Preto-SP e Regi\u00e3o","link":"https:\/\/ismaelcolosi.com.br\/index.php\/category\/noticias-de-ribeirao-preto-sp-e-regiao-ismael-colosi\/"},"img":{"alt_text":"","src":"https:\/\/i0.wp.com\/ismaelcolosi.com.br\/wp-content\/uploads\/2024\/01\/mutirao-de-emprego.jpg?fit=900%2C600&ssl=1&resize=350%2C200","width":350,"height":200,"srcset":"https:\/\/i0.wp.com\/ismaelcolosi.com.br\/wp-content\/uploads\/2024\/01\/mutirao-de-emprego.jpg?fit=900%2C600&ssl=1&resize=350%2C200 1x, https:\/\/i0.wp.com\/ismaelcolosi.com.br\/wp-content\/uploads\/2024\/01\/mutirao-de-emprego.jpg?fit=900%2C600&ssl=1&resize=525%2C300 1.5x, https:\/\/i0.wp.com\/ismaelcolosi.com.br\/wp-content\/uploads\/2024\/01\/mutirao-de-emprego.jpg?fit=900%2C600&ssl=1&resize=700%2C400 2x"},"classes":[]},{"id":40017,"url":"https:\/\/ismaelcolosi.com.br\/index.php\/2024\/02\/29\/ribeirao-preto-realiza-mutirao-de-empregos-no-dia-7-de-marco\/","url_meta":{"origin":57526,"position":3},"title":"Ribeir\u00e3o Preto realiza Mutir\u00e3o de Empregos no dia 7 de mar\u00e7o","author":"ismaelcolosi.com.br","date":"29 de February de 2024","format":false,"excerpt":"A Prefeitura de Ribeir\u00e3o Preto, por meio da Secretaria de Inova\u00e7\u00e3o e Desenvolvimento, realizar\u00e1 na quinta-feira, dia 7 de mar\u00e7o, mais um Mutir\u00e3o de Empregos, com 600 vagas em diversas \u00e1reas. Pessoas com defici\u00eancia tamb\u00e9m podem participar do evento. O Mutir\u00e3o acontecer\u00e1 das 08 \u00e0s 13h, no audit\u00f3rio do Centro\u2026","rel":"","context":"In &quot;Not\u00edcias de Ribeir\u00e3o Preto-SP e Regi\u00e3o&quot;","block_context":{"text":"Not\u00edcias de Ribeir\u00e3o Preto-SP e Regi\u00e3o","link":"https:\/\/ismaelcolosi.com.br\/index.php\/category\/noticias-de-ribeirao-preto-sp-e-regiao-ismael-colosi\/"},"img":{"alt_text":"","src":"https:\/\/i0.wp.com\/ismaelcolosi.com.br\/wp-content\/uploads\/2024\/02\/mutirao_de_empregos_-_foto_guilherme_sircili_1-scaled.jpg?fit=970%2C645&ssl=1&resize=350%2C200","width":350,"height":200,"srcset":"https:\/\/i0.wp.com\/ismaelcolosi.com.br\/wp-content\/uploads\/2024\/02\/mutirao_de_empregos_-_foto_guilherme_sircili_1-scaled.jpg?fit=970%2C645&ssl=1&resize=350%2C200 1x, https:\/\/i0.wp.com\/ismaelcolosi.com.br\/wp-content\/uploads\/2024\/02\/mutirao_de_empregos_-_foto_guilherme_sircili_1-scaled.jpg?fit=970%2C645&ssl=1&resize=525%2C300 1.5x, https:\/\/i0.wp.com\/ismaelcolosi.com.br\/wp-content\/uploads\/2024\/02\/mutirao_de_empregos_-_foto_guilherme_sircili_1-scaled.jpg?fit=970%2C645&ssl=1&resize=700%2C400 2x"},"classes":[]},{"id":40839,"url":"https:\/\/ismaelcolosi.com.br\/index.php\/2024\/03\/05\/ribeirao-preto-tem-mutirao-de-emprego-com-600-vagas-nesta-semana\/","url_meta":{"origin":57526,"position":4},"title":"Ribeir\u00e3o Preto tem mutir\u00e3o de emprego com 600 vagas nesta semana","author":"ismaelcolosi.com.br","date":"5 de March de 2024","format":false,"excerpt":"A Prefeitura de Ribeir\u00e3o Preto, por meio da Secretaria de Inova\u00e7\u00e3o e Desenvolvimento, realiza nesta quinta-feira (7), das 8h \u00e0s 13h, no audit\u00f3rio do Centro M\u00e9dico do Ribeir\u00e3o Shopping, mais um Mutir\u00e3o de Emprego com 600 vagas dispon\u00edveis em diversas \u00e1reas. De acordo com a pasta, a iniciativa tem o\u2026","rel":"","context":"In &quot;Not\u00edcias de Ribeir\u00e3o Preto-SP e Regi\u00e3o&quot;","block_context":{"text":"Not\u00edcias de Ribeir\u00e3o Preto-SP e Regi\u00e3o","link":"https:\/\/ismaelcolosi.com.br\/index.php\/category\/noticias-de-ribeirao-preto-sp-e-regiao-ismael-colosi\/"},"img":{"alt_text":"","src":"https:\/\/i0.wp.com\/ismaelcolosi.com.br\/wp-content\/uploads\/2024\/03\/female-candidate-sitting-queue-receiving-cv-files-waiting-start-job-interview-about-career-opportunity-woman-getting-ready-attend-recruitment-meeting-with-hr-employee-scaled.jpg?fit=1200%2C675&ssl=1&resize=350%2C200","width":350,"height":200,"srcset":"https:\/\/i0.wp.com\/ismaelcolosi.com.br\/wp-content\/uploads\/2024\/03\/female-candidate-sitting-queue-receiving-cv-files-waiting-start-job-interview-about-career-opportunity-woman-getting-ready-attend-recruitment-meeting-with-hr-employee-scaled.jpg?fit=1200%2C675&ssl=1&resize=350%2C200 1x, https:\/\/i0.wp.com\/ismaelcolosi.com.br\/wp-content\/uploads\/2024\/03\/female-candidate-sitting-queue-receiving-cv-files-waiting-start-job-interview-about-career-opportunity-woman-getting-ready-attend-recruitment-meeting-with-hr-employee-scaled.jpg?fit=1200%2C675&ssl=1&resize=525%2C300 1.5x, https:\/\/i0.wp.com\/ismaelcolosi.com.br\/wp-content\/uploads\/2024\/03\/female-candidate-sitting-queue-receiving-cv-files-waiting-start-job-interview-about-career-opportunity-woman-getting-ready-attend-recruitment-meeting-with-hr-employee-scaled.jpg?fit=1200%2C675&ssl=1&resize=700%2C400 2x, https:\/\/i0.wp.com\/ismaelcolosi.com.br\/wp-content\/uploads\/2024\/03\/female-candidate-sitting-queue-receiving-cv-files-waiting-start-job-interview-about-career-opportunity-woman-getting-ready-attend-recruitment-meeting-with-hr-employee-scaled.jpg?fit=1200%2C675&ssl=1&resize=1050%2C600 3x"},"classes":[]},{"id":79153,"url":"https:\/\/ismaelcolosi.com.br\/index.php\/2024\/12\/13\/ribeirao-preto-mais-que-dobrou-numero-de-contratacoes-de-estrangeiros-a-cidade-recebe-mutirao-do-emprego-para-esse-perfil-nesta-sexta\/","url_meta":{"origin":57526,"position":5},"title":"Ribeir\u00e3o Preto mais que dobrou n\u00famero de contrata\u00e7\u00f5es de estrangeiros; a cidade recebe mutir\u00e3o do emprego para esse perfil nesta sexta","author":"ismaelcolosi.com.br","date":"13 de December de 2024","format":false,"excerpt":"Ribeir\u00e3o Preto mais que dobrou n\u00famero de contrata\u00e7\u00f5es de estrangeiros; a cidade recebe mutir\u00e3o do emprego para esse perfil nesta sexta O saldo de contrata\u00e7\u00f5es de estrangeiros em Ribeir\u00e3o Preto cresceu 102,5% de 2023 at\u00e9 o m\u00eas de outubro de 2024. Em 2023, o saldo foi de 40 novas contra\u00e7\u00f5es\u2026","rel":"","context":"In &quot;Blog&quot;","block_context":{"text":"Blog","link":"https:\/\/ismaelcolosi.com.br\/index.php\/category\/blog\/"},"img":{"alt_text":"","src":"https:\/\/i0.wp.com\/ismaelcolosi.com.br\/wp-content\/uploads\/2024\/12\/WhatsApp-Image-2024-12-13-at-15.02.17.jpeg?fit=1080%2C1080&ssl=1&resize=350%2C200","width":350,"height":200,"srcset":"https:\/\/i0.wp.com\/ismaelcolosi.com.br\/wp-content\/uploads\/2024\/12\/WhatsApp-Image-2024-12-13-at-15.02.17.jpeg?fit=1080%2C1080&ssl=1&resize=350%2C200 1x, https:\/\/i0.wp.com\/ismaelcolosi.com.br\/wp-content\/uploads\/2024\/12\/WhatsApp-Image-2024-12-13-at-15.02.17.jpeg?fit=1080%2C1080&ssl=1&resize=525%2C300 1.5x, https:\/\/i0.wp.com\/ismaelcolosi.com.br\/wp-content\/uploads\/2024\/12\/WhatsApp-Image-2024-12-13-at-15.02.17.jpeg?fit=1080%2C1080&ssl=1&resize=700%2C400 2x, https:\/\/i0.wp.com\/ismaelcolosi.com.br\/wp-content\/uploads\/2024\/12\/WhatsApp-Image-2024-12-13-at-15.02.17.jpeg?fit=1080%2C1080&ssl=1&resize=1050%2C600 3x"},"classes":[]}],"jetpack_sharing_enabled":true,"jetpack_shortlink":"https:\/\/wp.me\/pfMlyK-eXQ","_links":{"self":[{"href":"https:\/\/ismaelcolosi.com.br\/index.php\/wp-json\/wp\/v2\/posts\/57526","targetHints":{"allow":["GET"]}}],"collection":[{"href":"https:\/\/ismaelcolosi.com.br\/index.php\/wp-json\/wp\/v2\/posts"}],"about":[{"href":"https:\/\/ismaelcolosi.com.br\/index.php\/wp-json\/wp\/v2\/types\/post"}],"author":[{"embeddable":true,"href":"https:\/\/ismaelcolosi.com.br\/index.php\/wp-json\/wp\/v2\/users\/1"}],"replies":[{"embeddable":true,"href":"https:\/\/ismaelcolosi.com.br\/index.php\/wp-json\/wp\/v2\/comments?post=57526"}],"version-history":[{"count":0,"href":"https:\/\/ismaelcolosi.com.br\/index.php\/wp-json\/wp\/v2\/posts\/57526\/revisions"}],"wp:featuredmedia":[{"embeddable":true,"href":"https:\/\/ismaelcolosi.com.br\/index.php\/wp-json\/wp\/v2\/media\/57527"}],"wp:attachment":[{"href":"https:\/\/ismaelcolosi.com.br\/index.php\/wp-json\/wp\/v2\/media?parent=57526"}],"wp:term":[{"taxonomy":"category","embeddable":true,"href":"https:\/\/ismaelcolosi.com.br\/index.php\/wp-json\/wp\/v2\/categories?post=57526"},{"taxonomy":"post_tag","embeddable":true,"href":"https:\/\/ismaelcolosi.com.br\/index.php\/wp-json\/wp\/v2\/tags?post=57526"}],"curies":[{"name":"wp","href":"https:\/\/api.w.org\/{rel}","templated":true}]}}