{"id":57520,"date":"2024-07-22T14:28:21","date_gmt":"2024-07-22T17:28:21","guid":{"rendered":"https:\/\/ismaelcolosi.com.br\/index.php\/2024\/07\/22\/teatro-de-arena-de-ribeirao-preto-recebe-festival-sobre-diversidade-religiosa\/"},"modified":"2024-07-22T14:28:21","modified_gmt":"2024-07-22T17:28:21","slug":"teatro-de-arena-de-ribeirao-preto-recebe-festival-sobre-diversidade-religiosa","status":"publish","type":"post","link":"https:\/\/ismaelcolosi.com.br\/index.php\/2024\/07\/22\/teatro-de-arena-de-ribeirao-preto-recebe-festival-sobre-diversidade-religiosa\/","title":{"rendered":"Teatro de Arena de Ribeir\u00e3o Preto recebe festival sobre diversidade religiosa"},"content":{"rendered":"<p> <br \/>\n<\/p>\n<div data-td-block-uid=\"tdi_106\">\n<div class=\"tdb-block-inner td-fix-index\">\n<p>O <strong>Teatro de Arena de Ribeir\u00e3o Preto<\/strong> recebe no pr\u00f3ximo domingo (28) o \u201c<strong>Nas Encruzas Festival\u201d<\/strong>, sobre diversidade religiosa. <mark style=\"background-color:#fcb900\" class=\"has-inline-color has-black-color\">O evento contar\u00e1 com m\u00fasica, oficina, feirinha de artesanato, comida e bebida.<\/mark><\/p>\n<p>O festival come\u00e7a a partir das 15h30 e foi criado com o objetivo de \u201creunir as pessoas em torno dos orix\u00e1s e entidades das religi\u00f5es de matriz africana\u201d, informa a organiza\u00e7\u00e3o.<\/p>\n<p>Entre as atra\u00e7\u00f5es, o evento contar\u00e1 com apresenta\u00e7\u00f5es de maracatu e roda de curimba. Confira:<\/p>\n<h4 class=\"wp-block-heading\"><strong>Atra\u00e7\u00f5es<\/strong><\/h4>\n<ul>\n<li>Bat Macumba, com Exu Selecta.<\/li>\n<\/ul>\n<ul>\n<li>Roda de Curimba dos terreiros de Ribeir\u00e3o Preto.<\/li>\n<\/ul>\n<ul>\n<li>M\u00fasica, oficina, feirinha de artesanato, comida e bebida.<\/li>\n<\/ul>\n<h4 class=\"wp-block-heading\"><strong>Servi\u00e7o<\/strong><\/h4>\n<p><strong>Nas Encruzas Festival<\/strong><\/p>\n<p>Quando: domingo, 28 de julho, das 15h30 \u00e0s 22h<br \/>Onde: Teatro de Arena \u2013 Pra\u00e7a Alto do S\u00e3o Bento, s\/n<br \/>Entrada: Gratuita<\/p>\n<p>SAIBA MAIS<br \/>Inmet emite alerta laranja de perigo para o interior de SP; Veja cidades afetadas<\/p>\n<h4 class=\"wp-block-heading\"><strong>FIQUE ON<\/strong><\/h4>\n<p>Fique ligado em tudo que acontece em Ribeir\u00e3o Preto e regi\u00e3o. Siga os perfis do <strong>acidade on<\/strong> no <a href=\"https:\/\/www.instagram.com\/acidadeonribeirao\" target=\"_blank\" rel=\"noreferrer noopener nofollow\">Instagram<\/a> e no <a href=\"https:\/\/www.facebook.com\/acidadeonribeirao\/\" target=\"_blank\" rel=\"noreferrer noopener nofollow\">Facebook<\/a>.<\/p>\n<p>Receba not\u00edcias do <strong>acidade on<\/strong> no WhatsApp. <a href=\"https:\/\/chat.whatsapp.com\/CdrZ6xrf7quD44Vw3WlPuZ\" target=\"_blank\" rel=\"noreferrer noopener nofollow\">Para entrar no grupo, basta clicar aqui.<\/a><\/p>\n<p>Fa\u00e7a uma den\u00fancia ou sugira uma reportagem sobre Ribeir\u00e3o Preto e regi\u00e3o pelo WhatsApp: 16 99117 7802.<\/p>\n<p>VEJA TAMB\u00c9M<br \/>Quando \u00e9 o show do Travis Scott em S\u00e3o Paulo?<\/p>\n<p><!-- AI CONTENT END 1 -->\n<\/div>\n<\/div>\n<p><script async src=\"\/\/www.instagram.com\/embed.js\"><\/script><br \/>\n<br \/><br \/>\n<br \/><a href=\"https:\/\/www.acidadeon.com\/ribeiraopreto\/lazer-e-cultura\/teatro-de-arena-ribeirao-preto-recebe-festival-sobre-diversidade-religiosa\/\">Source link <\/a><\/p>\n<div class='code-block code-block-4' style='margin: 8px auto 8px 0; text-align: left; display: block; clear: both;'>\n\ud83d\udce2 Aviso Legal\n\nO site ismaelcolosi.com.br atua apenas como um canal de divulga\u00e7\u00e3o de oportunidades de emprego e n\u00e3o se responsabiliza pelo processo seletivo, contrata\u00e7\u00e3o ou qualquer outra etapa relacionada \u00e0s vagas publicadas. Todas as informa\u00e7\u00f5es s\u00e3o de responsabilidade dos anunciantes.\n\n\u26a0\ufe0f Aten\u00e7\u00e3o! Nunca pague por promessas de emprego nem compre cursos que garantam contrata\u00e7\u00e3o. Desconfie de qualquer cobran\u00e7a para participar de sele\u00e7\u00f5es.\n\n\n\n<\/div>\n<!-- CONTENT END 1 -->\n","protected":false},"excerpt":{"rendered":"<p>O Teatro de Arena de Ribeir\u00e3o Preto recebe no pr\u00f3ximo domingo (28) o \u201cNas Encruzas Festival\u201d, sobre diversidade religiosa. O evento contar\u00e1 com m\u00fasica, oficina,&#8230;<\/p>\n","protected":false},"author":1,"featured_media":57521,"comment_status":"open","ping_status":"open","sticky":false,"template":"","format":"standard","meta":{"_uag_custom_page_level_css":"","advanced_seo_description":"","jetpack_seo_html_title":"","jetpack_seo_noindex":false,"jetpack_post_was_ever_published":false,"_jetpack_newsletter_access":"","_jetpack_dont_email_post_to_subs":false,"_jetpack_newsletter_tier_id":0,"_jetpack_memberships_contains_paywalled_content":false,"_jetpack_memberships_contains_paid_content":false,"footnotes":"","jetpack_publicize_message":"","jetpack_publicize_feature_enabled":true,"jetpack_social_post_already_shared":true,"jetpack_social_options":{"image_generator_settings":{"template":"highway","default_image_id":0,"font":"","enabled":false},"version":2}},"categories":[11],"tags":[],"class_list":["post-57520","post","type-post","status-publish","format-standard","has-post-thumbnail","hentry","category-noticias-de-ribeirao-preto-sp-e-regiao-ismael-colosi"],"jetpack_publicize_connections":[],"jetpack_featured_media_url":"https:\/\/i0.wp.com\/ismaelcolosi.com.br\/wp-content\/uploads\/2024\/07\/nas-encruzas_2024-07-22_17-15-15_jpg_2024-07-22_17-15-15.webp.webp?fit=1199%2C852&ssl=1","uagb_featured_image_src":{"full":["https:\/\/i0.wp.com\/ismaelcolosi.com.br\/wp-content\/uploads\/2024\/07\/nas-encruzas_2024-07-22_17-15-15_jpg_2024-07-22_17-15-15.webp.webp?fit=1199%2C852&ssl=1",1199,852,false],"thumbnail":["https:\/\/i0.wp.com\/ismaelcolosi.com.br\/wp-content\/uploads\/2024\/07\/nas-encruzas_2024-07-22_17-15-15_jpg_2024-07-22_17-15-15.webp.webp?resize=150%2C150&ssl=1",150,150,true],"medium":["https:\/\/i0.wp.com\/ismaelcolosi.com.br\/wp-content\/uploads\/2024\/07\/nas-encruzas_2024-07-22_17-15-15_jpg_2024-07-22_17-15-15.webp.webp?fit=300%2C213&ssl=1",300,213,true],"medium_large":["https:\/\/i0.wp.com\/ismaelcolosi.com.br\/wp-content\/uploads\/2024\/07\/nas-encruzas_2024-07-22_17-15-15_jpg_2024-07-22_17-15-15.webp.webp?fit=768%2C546&ssl=1",768,546,true],"large":["https:\/\/i0.wp.com\/ismaelcolosi.com.br\/wp-content\/uploads\/2024\/07\/nas-encruzas_2024-07-22_17-15-15_jpg_2024-07-22_17-15-15.webp.webp?fit=1024%2C728&ssl=1",1024,728,true],"1536x1536":["https:\/\/i0.wp.com\/ismaelcolosi.com.br\/wp-content\/uploads\/2024\/07\/nas-encruzas_2024-07-22_17-15-15_jpg_2024-07-22_17-15-15.webp.webp?fit=1199%2C852&ssl=1",1199,852,true],"2048x2048":["https:\/\/i0.wp.com\/ismaelcolosi.com.br\/wp-content\/uploads\/2024\/07\/nas-encruzas_2024-07-22_17-15-15_jpg_2024-07-22_17-15-15.webp.webp?fit=1199%2C852&ssl=1",1199,852,true],"really-simple-thumb":["https:\/\/i0.wp.com\/ismaelcolosi.com.br\/wp-content\/uploads\/2024\/07\/nas-encruzas_2024-07-22_17-15-15_jpg_2024-07-22_17-15-15.webp.webp?resize=370%2C247&ssl=1",370,247,true]},"uagb_author_info":{"display_name":"ismaelcolosi.com.br","author_link":"https:\/\/ismaelcolosi.com.br\/index.php\/author\/vidareal-online\/"},"uagb_comment_info":0,"uagb_excerpt":"O Teatro de Arena de Ribeir\u00e3o Preto recebe no pr\u00f3ximo domingo (28) o \u201cNas Encruzas Festival\u201d, sobre diversidade religiosa. O evento contar\u00e1 com m\u00fasica, oficina,...","jetpack-related-posts":[{"id":58045,"url":"https:\/\/ismaelcolosi.com.br\/index.php\/2024\/07\/26\/beatles-cordel-kiko-loureiro-e-festival-no-arena-veja-o-que-fazer-em-ribeirao-preto\/","url_meta":{"origin":57520,"position":0},"title":"Beatles Cordel, Kiko Loureiro e festival no Arena: Veja o que fazer em Ribeir\u00e3o Preto","author":"ismaelcolosi.com.br","date":"26 de July de 2024","format":false,"excerpt":"O final de semana conta com op\u00e7\u00f5es para quem gosta de Beatles em Ribeir\u00e3o Preto. Tamb\u00e9m h\u00e1 op\u00e7\u00f5es para ver o guitarrista Kiko Loureiro e o festival de diversidade religiosa no Teatro de Arena. Confira o que fazer em Ribeir\u00e3o Preto no final de semana: Beatles Cordel O Beatles Cordel\u2026","rel":"","context":"In &quot;Not\u00edcias de Ribeir\u00e3o Preto-SP e Regi\u00e3o&quot;","block_context":{"text":"Not\u00edcias de Ribeir\u00e3o Preto-SP e Regi\u00e3o","link":"https:\/\/ismaelcolosi.com.br\/index.php\/category\/noticias-de-ribeirao-preto-sp-e-regiao-ismael-colosi\/"},"img":{"alt_text":"","src":"https:\/\/i0.wp.com\/ismaelcolosi.com.br\/wp-content\/uploads\/2024\/07\/beatles-cordel_2024-07-26_16-42-40_jpg_2024-07-26_16-42-40.webp.webp?fit=970%2C647&ssl=1&resize=350%2C200","width":350,"height":200,"srcset":"https:\/\/i0.wp.com\/ismaelcolosi.com.br\/wp-content\/uploads\/2024\/07\/beatles-cordel_2024-07-26_16-42-40_jpg_2024-07-26_16-42-40.webp.webp?fit=970%2C647&ssl=1&resize=350%2C200 1x, https:\/\/i0.wp.com\/ismaelcolosi.com.br\/wp-content\/uploads\/2024\/07\/beatles-cordel_2024-07-26_16-42-40_jpg_2024-07-26_16-42-40.webp.webp?fit=970%2C647&ssl=1&resize=525%2C300 1.5x, https:\/\/i0.wp.com\/ismaelcolosi.com.br\/wp-content\/uploads\/2024\/07\/beatles-cordel_2024-07-26_16-42-40_jpg_2024-07-26_16-42-40.webp.webp?fit=970%2C647&ssl=1&resize=700%2C400 2x"},"classes":[]},{"id":38539,"url":"https:\/\/ismaelcolosi.com.br\/index.php\/2024\/02\/20\/teatro-de-arena-de-ribeirao-recebe-festival-de-djs-veja-data-e-como-comprar-ingressos\/","url_meta":{"origin":57520,"position":1},"title":"Teatro de Arena de Ribeir\u00e3o recebe festival de DJs; Veja data e como comprar ingressos","author":"ismaelcolosi.com.br","date":"20 de February de 2024","format":false,"excerpt":"A 1\u00aa edi\u00e7\u00e3o do Tutu DJs Fest ser\u00e1 realizada no Teatro de Arena de Ribeir\u00e3o Preto, em mar\u00e7o. Em comemora\u00e7\u00e3o ao Dia Mundial do DJ, em 9 de mar\u00e7o, o festival ir\u00e1 reunir nesta data v\u00e1rios DJs atuantes, com m\u00fasica das 15h \u00e0s 22h. Os ingressos j\u00e1 est\u00e3o dispon\u00edveis por\u2026","rel":"","context":"In &quot;Not\u00edcias de Ribeir\u00e3o Preto-SP e Regi\u00e3o&quot;","block_context":{"text":"Not\u00edcias de Ribeir\u00e3o Preto-SP e Regi\u00e3o","link":"https:\/\/ismaelcolosi.com.br\/index.php\/category\/noticias-de-ribeirao-preto-sp-e-regiao-ismael-colosi\/"},"img":{"alt_text":"","src":"https:\/\/i0.wp.com\/ismaelcolosi.com.br\/wp-content\/uploads\/2024\/02\/Foto-DJ-Taui.jpg?fit=1200%2C800&ssl=1&resize=350%2C200","width":350,"height":200,"srcset":"https:\/\/i0.wp.com\/ismaelcolosi.com.br\/wp-content\/uploads\/2024\/02\/Foto-DJ-Taui.jpg?fit=1200%2C800&ssl=1&resize=350%2C200 1x, https:\/\/i0.wp.com\/ismaelcolosi.com.br\/wp-content\/uploads\/2024\/02\/Foto-DJ-Taui.jpg?fit=1200%2C800&ssl=1&resize=525%2C300 1.5x, https:\/\/i0.wp.com\/ismaelcolosi.com.br\/wp-content\/uploads\/2024\/02\/Foto-DJ-Taui.jpg?fit=1200%2C800&ssl=1&resize=700%2C400 2x, https:\/\/i0.wp.com\/ismaelcolosi.com.br\/wp-content\/uploads\/2024\/02\/Foto-DJ-Taui.jpg?fit=1200%2C800&ssl=1&resize=1050%2C600 3x"},"classes":[]},{"id":54833,"url":"https:\/\/ismaelcolosi.com.br\/index.php\/2024\/06\/28\/festival-de-musica-acontece-no-teatro-de-arena-de-ribeirao-preto-veja-as-atracoes\/","url_meta":{"origin":57520,"position":2},"title":"Festival de m\u00fasica acontece no Teatro de Arena de Ribeir\u00e3o Preto; Veja as atra\u00e7\u00f5es","author":"ismaelcolosi.com.br","date":"28 de June de 2024","format":false,"excerpt":"O projeto \u201cM\u00fasica Para Todos\u201d traz sete atra\u00e7\u00f5es musicais de g\u00eaneros variados, dentre elas a banda Balaco e o grupo Choro da Casa para o palco do Teatro de Arena \u201cJaime Zeiger\u201d, no domingo (30), das 13h30 \u00e0s 20h. O evento integra programa\u00e7\u00e3o de anivers\u00e1rio de 168 anos de Ribeir\u00e3o\u2026","rel":"","context":"In &quot;Not\u00edcias de Ribeir\u00e3o Preto-SP e Regi\u00e3o&quot;","block_context":{"text":"Not\u00edcias de Ribeir\u00e3o Preto-SP e Regi\u00e3o","link":"https:\/\/ismaelcolosi.com.br\/index.php\/category\/noticias-de-ribeirao-preto-sp-e-regiao-ismael-colosi\/"},"img":{"alt_text":"","src":"https:\/\/i0.wp.com\/ismaelcolosi.com.br\/wp-content\/uploads\/2024\/06\/TEATRO-DE-ARENA-ENTRADA_2024-06-24_11-51-10_jpeg_2024-06-24_11-51-11.webp.webp?fit=1200%2C800&ssl=1&resize=350%2C200","width":350,"height":200,"srcset":"https:\/\/i0.wp.com\/ismaelcolosi.com.br\/wp-content\/uploads\/2024\/06\/TEATRO-DE-ARENA-ENTRADA_2024-06-24_11-51-10_jpeg_2024-06-24_11-51-11.webp.webp?fit=1200%2C800&ssl=1&resize=350%2C200 1x, https:\/\/i0.wp.com\/ismaelcolosi.com.br\/wp-content\/uploads\/2024\/06\/TEATRO-DE-ARENA-ENTRADA_2024-06-24_11-51-10_jpeg_2024-06-24_11-51-11.webp.webp?fit=1200%2C800&ssl=1&resize=525%2C300 1.5x, https:\/\/i0.wp.com\/ismaelcolosi.com.br\/wp-content\/uploads\/2024\/06\/TEATRO-DE-ARENA-ENTRADA_2024-06-24_11-51-10_jpeg_2024-06-24_11-51-11.webp.webp?fit=1200%2C800&ssl=1&resize=700%2C400 2x, https:\/\/i0.wp.com\/ismaelcolosi.com.br\/wp-content\/uploads\/2024\/06\/TEATRO-DE-ARENA-ENTRADA_2024-06-24_11-51-10_jpeg_2024-06-24_11-51-11.webp.webp?fit=1200%2C800&ssl=1&resize=1050%2C600 3x"},"classes":[]},{"id":38525,"url":"https:\/\/ismaelcolosi.com.br\/index.php\/2024\/02\/20\/teatro-de-arena-de-ribeirao-preto-recebe-1a-edicao-do-tutu-djs-fest\/","url_meta":{"origin":57520,"position":3},"title":"Teatro de Arena de Ribeir\u00e3o Preto recebe 1\u00aa edi\u00e7\u00e3o do Tutu DJs Fest","author":"ismaelcolosi.com.br","date":"20 de February de 2024","format":false,"excerpt":"O Dia Mundial do DJ \u00e9 comemorado em 09 de mar\u00e7o, data em que o Teatro de Arena de Ribeir\u00e3o Preto ser\u00e1 palco do Tutu DJs Fest, que reunir\u00e1 v\u00e1rios DJs atuantes em um espa\u00e7o hist\u00f3rico da cidade, com m\u00fasica das 15h \u00e0s 22h.Realizado pelo coletivo Tutu DJs e Pantera\u2026","rel":"","context":"In &quot;Not\u00edcias de Ribeir\u00e3o Preto-SP e Regi\u00e3o&quot;","block_context":{"text":"Not\u00edcias de Ribeir\u00e3o Preto-SP e Regi\u00e3o","link":"https:\/\/ismaelcolosi.com.br\/index.php\/category\/noticias-de-ribeirao-preto-sp-e-regiao-ismael-colosi\/"},"img":{"alt_text":"","src":"https:\/\/i0.wp.com\/ismaelcolosi.com.br\/wp-content\/uploads\/2024\/02\/Foto-DJ-Taui-scaled.jpg?fit=968%2C645&ssl=1&resize=350%2C200","width":350,"height":200,"srcset":"https:\/\/i0.wp.com\/ismaelcolosi.com.br\/wp-content\/uploads\/2024\/02\/Foto-DJ-Taui-scaled.jpg?fit=968%2C645&ssl=1&resize=350%2C200 1x, https:\/\/i0.wp.com\/ismaelcolosi.com.br\/wp-content\/uploads\/2024\/02\/Foto-DJ-Taui-scaled.jpg?fit=968%2C645&ssl=1&resize=525%2C300 1.5x, https:\/\/i0.wp.com\/ismaelcolosi.com.br\/wp-content\/uploads\/2024\/02\/Foto-DJ-Taui-scaled.jpg?fit=968%2C645&ssl=1&resize=700%2C400 2x"},"classes":[]},{"id":48426,"url":"https:\/\/ismaelcolosi.com.br\/index.php\/2024\/05\/02\/ribeirao-tem-festival-de-cultura-e-gastronomia-afro-com-show-da-cantora-ellen-oleria-saiba-quando\/","url_meta":{"origin":57520,"position":4},"title":"Ribeir\u00e3o tem festival de cultura e gastronomia afro com show da cantora Ellen Ol\u00e9ria; Saiba quando","author":"ismaelcolosi.com.br","date":"2 de May de 2024","format":false,"excerpt":"Ribeir\u00e3o Preto vai receber o 2\u00ba Festival de Cultura e Gastronomia Afro nos dias 4 e 12 de maio, no Centro Cultural Or\u00f9nmil\u00e1, localizado na zona Norte da cidade. Com entrada gratuita, a programa\u00e7\u00e3o do evento contar\u00e1 com diferentes segmentos art\u00edsticos, interven\u00e7\u00e3o e exposi\u00e7\u00e3o fotogr\u00e1fica, al\u00e9m de oficina e degusta\u00e7\u00e3o\u2026","rel":"","context":"In &quot;Not\u00edcias de Ribeir\u00e3o Preto-SP e Regi\u00e3o&quot;","block_context":{"text":"Not\u00edcias de Ribeir\u00e3o Preto-SP e Regi\u00e3o","link":"https:\/\/ismaelcolosi.com.br\/index.php\/category\/noticias-de-ribeirao-preto-sp-e-regiao-ismael-colosi\/"},"img":{"alt_text":"","src":"https:\/\/i0.wp.com\/ismaelcolosi.com.br\/wp-content\/uploads\/2024\/05\/AnyConv.com__B6P1925-800x425-1_2024-05-02_21-39-15.webp.webp?fit=800%2C425&ssl=1&resize=350%2C200","width":350,"height":200,"srcset":"https:\/\/i0.wp.com\/ismaelcolosi.com.br\/wp-content\/uploads\/2024\/05\/AnyConv.com__B6P1925-800x425-1_2024-05-02_21-39-15.webp.webp?fit=800%2C425&ssl=1&resize=350%2C200 1x, https:\/\/i0.wp.com\/ismaelcolosi.com.br\/wp-content\/uploads\/2024\/05\/AnyConv.com__B6P1925-800x425-1_2024-05-02_21-39-15.webp.webp?fit=800%2C425&ssl=1&resize=525%2C300 1.5x, https:\/\/i0.wp.com\/ismaelcolosi.com.br\/wp-content\/uploads\/2024\/05\/AnyConv.com__B6P1925-800x425-1_2024-05-02_21-39-15.webp.webp?fit=800%2C425&ssl=1&resize=700%2C400 2x"},"classes":[]},{"id":68639,"url":"https:\/\/ismaelcolosi.com.br\/index.php\/2024\/10\/01\/ribeirao-preto-recebe-feira-com-flores-musica-ao-vivo-e-praca-de-alimentacao\/","url_meta":{"origin":57520,"position":5},"title":"Ribeir\u00e3o Preto recebe feira com flores, m\u00fasica ao vivo e pra\u00e7a de alimenta\u00e7\u00e3o","author":"ismaelcolosi.com.br","date":"1 de October de 2024","format":false,"excerpt":"Ribeir\u00e3o Preto recebe nos dias 4 e 5 de outubro a nova edi\u00e7\u00e3o da Ceagesp em Flor. A feira conta com diversas atra\u00e7\u00f5es, entre elas flores, m\u00fasica ao vivo, pra\u00e7a de alimenta\u00e7\u00e3o e sorteio de brindes. A entrada \u00e9 gratuita. O evento acontece no Entreposto de Ribeir\u00e3o Preto, localizado na\u2026","rel":"","context":"In &quot;Not\u00edcias de Ribeir\u00e3o Preto-SP e Regi\u00e3o&quot;","block_context":{"text":"Not\u00edcias de Ribeir\u00e3o Preto-SP e Regi\u00e3o","link":"https:\/\/ismaelcolosi.com.br\/index.php\/category\/noticias-de-ribeirao-preto-sp-e-regiao-ismael-colosi\/"},"img":{"alt_text":"","src":"https:\/\/i0.wp.com\/ismaelcolosi.com.br\/wp-content\/uploads\/2024\/10\/2024-09-24-CEAGESP-EM-FLOR-RIBEIRAO-PRETO-4_2024-10-01_13-27-05_jpeg_2024-10-01_13-27-06.webp.webp?fit=1200%2C675&ssl=1&resize=350%2C200","width":350,"height":200,"srcset":"https:\/\/i0.wp.com\/ismaelcolosi.com.br\/wp-content\/uploads\/2024\/10\/2024-09-24-CEAGESP-EM-FLOR-RIBEIRAO-PRETO-4_2024-10-01_13-27-05_jpeg_2024-10-01_13-27-06.webp.webp?fit=1200%2C675&ssl=1&resize=350%2C200 1x, https:\/\/i0.wp.com\/ismaelcolosi.com.br\/wp-content\/uploads\/2024\/10\/2024-09-24-CEAGESP-EM-FLOR-RIBEIRAO-PRETO-4_2024-10-01_13-27-05_jpeg_2024-10-01_13-27-06.webp.webp?fit=1200%2C675&ssl=1&resize=525%2C300 1.5x, https:\/\/i0.wp.com\/ismaelcolosi.com.br\/wp-content\/uploads\/2024\/10\/2024-09-24-CEAGESP-EM-FLOR-RIBEIRAO-PRETO-4_2024-10-01_13-27-05_jpeg_2024-10-01_13-27-06.webp.webp?fit=1200%2C675&ssl=1&resize=700%2C400 2x, https:\/\/i0.wp.com\/ismaelcolosi.com.br\/wp-content\/uploads\/2024\/10\/2024-09-24-CEAGESP-EM-FLOR-RIBEIRAO-PRETO-4_2024-10-01_13-27-05_jpeg_2024-10-01_13-27-06.webp.webp?fit=1200%2C675&ssl=1&resize=1050%2C600 3x"},"classes":[]}],"jetpack_sharing_enabled":true,"jetpack_shortlink":"https:\/\/wp.me\/pfMlyK-eXK","_links":{"self":[{"href":"https:\/\/ismaelcolosi.com.br\/index.php\/wp-json\/wp\/v2\/posts\/57520","targetHints":{"allow":["GET"]}}],"collection":[{"href":"https:\/\/ismaelcolosi.com.br\/index.php\/wp-json\/wp\/v2\/posts"}],"about":[{"href":"https:\/\/ismaelcolosi.com.br\/index.php\/wp-json\/wp\/v2\/types\/post"}],"author":[{"embeddable":true,"href":"https:\/\/ismaelcolosi.com.br\/index.php\/wp-json\/wp\/v2\/users\/1"}],"replies":[{"embeddable":true,"href":"https:\/\/ismaelcolosi.com.br\/index.php\/wp-json\/wp\/v2\/comments?post=57520"}],"version-history":[{"count":0,"href":"https:\/\/ismaelcolosi.com.br\/index.php\/wp-json\/wp\/v2\/posts\/57520\/revisions"}],"wp:featuredmedia":[{"embeddable":true,"href":"https:\/\/ismaelcolosi.com.br\/index.php\/wp-json\/wp\/v2\/media\/57521"}],"wp:attachment":[{"href":"https:\/\/ismaelcolosi.com.br\/index.php\/wp-json\/wp\/v2\/media?parent=57520"}],"wp:term":[{"taxonomy":"category","embeddable":true,"href":"https:\/\/ismaelcolosi.com.br\/index.php\/wp-json\/wp\/v2\/categories?post=57520"},{"taxonomy":"post_tag","embeddable":true,"href":"https:\/\/ismaelcolosi.com.br\/index.php\/wp-json\/wp\/v2\/tags?post=57520"}],"curies":[{"name":"wp","href":"https:\/\/api.w.org\/{rel}","templated":true}]}}