{"id":57516,"date":"2024-07-22T14:14:39","date_gmt":"2024-07-22T17:14:39","guid":{"rendered":"https:\/\/ismaelcolosi.com.br\/index.php\/2024\/07\/22\/mulher-e-presa-no-interior-de-sp-apos-confusao-com-faca-em-hospital\/"},"modified":"2024-07-22T14:14:39","modified_gmt":"2024-07-22T17:14:39","slug":"mulher-e-presa-no-interior-de-sp-apos-confusao-com-faca-em-hospital","status":"publish","type":"post","link":"https:\/\/ismaelcolosi.com.br\/index.php\/2024\/07\/22\/mulher-e-presa-no-interior-de-sp-apos-confusao-com-faca-em-hospital\/","title":{"rendered":"Mulher \u00e9 presa no interior de SP ap\u00f3s confus\u00e3o com faca em hospital"},"content":{"rendered":"<p> <br \/>\n<\/p>\n<div data-td-block-uid=\"tdi_106\">\n<div class=\"tdb-block-inner td-fix-index\">\n<p>Uma mulher de 32 anos, que estava armada com uma faca, foi presa em<strong> Guariba<\/strong>, no <strong>interior de S\u00e3o Paulo<\/strong>, depois de amea\u00e7ar funcion\u00e1rios de um hospital com uma faca, na noite do \u00faltimo s\u00e1bado (20).<mark style=\"background-color:#fcb900\" class=\"has-inline-color has-black-color\"> A mulher tamb\u00e9m quebrou o vidro da viatura da pol\u00edcia.<\/mark><\/p>\n<p>Segundo a mulher, ela estaria protegendo a irm\u00e3, que foi esfaqueada em um desentendimento, durante uma festa, por outra pessoa. As amea\u00e7as foram registradas em v\u00eddeo por pacientes que estavam na Santa Casa.<\/p>\n<p>A Pol\u00edcia Militar foi acionada e tentou fazer com que ela largasse a faca. Como n\u00e3o soltou, foi imobilizada e algemada. O caso foi registrado como porte de arma branca.<\/p>\n<p><strong><mark style=\"background-color:#fcb900\" class=\"has-inline-color has-black-color\">Confus\u00e3o anterior<\/mark><\/strong><\/p>\n<p>De acordo com o BO (boletim de ocorr\u00eancia), a irm\u00e3 da mulher estava em uma confraterniza\u00e7\u00e3o, quando houve uma confus\u00e3o e outra suspeita teria esfaqueado tr\u00eas pessoas no local (com informa\u00e7\u00f5es EPTV).<\/p>\n<p>SAIBA MAIS<br \/>Troca de bomba provoca falta d\u2019\u00e1gua em sete bairros de Ribeir\u00e3o Preto<\/p>\n<h4 class=\"wp-block-heading\"><strong>FIQUE ON<\/strong><\/h4>\n<p>Fique ligado em tudo que acontece em Ribeir\u00e3o Preto e regi\u00e3o. Siga os perfis do<strong> acidade on <\/strong>no<a href=\"https:\/\/www.instagram.com\/acidadeonribeirao\" target=\"_blank\" rel=\"noreferrer noopener nofollow\"> Instagram<\/a> e no <a href=\"https:\/\/www.facebook.com\/acidadeonribeirao\/\" target=\"_blank\" rel=\"noreferrer noopener nofollow\">Facebook<\/a>.<\/p>\n<p>Receba not\u00edcias do<strong> acidade on <\/strong>no WhatsApp. <a href=\"https:\/\/chat.whatsapp.com\/CdrZ6xrf7quD44Vw3WlPuZ\" target=\"_blank\" rel=\"noreferrer noopener nofollow\">Para entrar no grupo, basta clicar aqui.<\/a><\/p>\n<p>Fa\u00e7a uma den\u00fancia ou sugira uma reportagem sobre Ribeir\u00e3o Preto e regi\u00e3o pelo WhatsApp: 16 99117 7802.<\/p>\n<p>VEJA TAMB\u00c9M<br \/>\u2018Simpsons\u2019 acertaram previs\u00e3o sobre Kamala Harris?<\/p>\n<p><!-- AI CONTENT END 1 -->\n<\/div>\n<\/div>\n<p><script async src=\"\/\/www.instagram.com\/embed.js\"><\/script><br \/>\n<br \/><br \/>\n<br \/><a href=\"https:\/\/www.acidadeon.com\/ribeiraopreto\/cotidiano\/mulher-e-presa-no-interior-de-sp-apos-confusao-com-faca-em-hospital\/\">Source link <\/a><\/p>\n<div class='code-block code-block-4' style='margin: 8px auto 8px 0; text-align: left; display: block; clear: both;'>\n\ud83d\udce2 Aviso Legal\n\nO site ismaelcolosi.com.br atua apenas como um canal de divulga\u00e7\u00e3o de oportunidades de emprego e n\u00e3o se responsabiliza pelo processo seletivo, contrata\u00e7\u00e3o ou qualquer outra etapa relacionada \u00e0s vagas publicadas. Todas as informa\u00e7\u00f5es s\u00e3o de responsabilidade dos anunciantes.\n\n\u26a0\ufe0f Aten\u00e7\u00e3o! Nunca pague por promessas de emprego nem compre cursos que garantam contrata\u00e7\u00e3o. Desconfie de qualquer cobran\u00e7a para participar de sele\u00e7\u00f5es.\n\n\n\n<\/div>\n<!-- CONTENT END 1 -->\n","protected":false},"excerpt":{"rendered":"<p>Uma mulher de 32 anos, que estava armada com uma faca, foi presa em Guariba, no interior de S\u00e3o Paulo, depois de amea\u00e7ar funcion\u00e1rios de&#8230;<\/p>\n","protected":false},"author":1,"featured_media":57517,"comment_status":"open","ping_status":"open","sticky":false,"template":"","format":"standard","meta":{"_uag_custom_page_level_css":"","advanced_seo_description":"","jetpack_seo_html_title":"","jetpack_seo_noindex":false,"jetpack_post_was_ever_published":false,"_jetpack_newsletter_access":"","_jetpack_dont_email_post_to_subs":false,"_jetpack_newsletter_tier_id":0,"_jetpack_memberships_contains_paywalled_content":false,"_jetpack_memberships_contains_paid_content":false,"footnotes":"","jetpack_publicize_message":"","jetpack_publicize_feature_enabled":true,"jetpack_social_post_already_shared":true,"jetpack_social_options":{"image_generator_settings":{"template":"highway","default_image_id":0,"font":"","enabled":false},"version":2}},"categories":[11],"tags":[],"class_list":["post-57516","post","type-post","status-publish","format-standard","has-post-thumbnail","hentry","category-noticias-de-ribeirao-preto-sp-e-regiao-ismael-colosi"],"jetpack_publicize_connections":[],"jetpack_featured_media_url":"https:\/\/i0.wp.com\/ismaelcolosi.com.br\/wp-content\/uploads\/2024\/07\/faca-guariba_2024-07-22_15-32-12_jpeg_2024-07-22_15-32-12.webp.webp?fit=1920%2C1079&ssl=1","uagb_featured_image_src":{"full":["https:\/\/i0.wp.com\/ismaelcolosi.com.br\/wp-content\/uploads\/2024\/07\/faca-guariba_2024-07-22_15-32-12_jpeg_2024-07-22_15-32-12.webp.webp?fit=1920%2C1079&ssl=1",1920,1079,false],"thumbnail":["https:\/\/i0.wp.com\/ismaelcolosi.com.br\/wp-content\/uploads\/2024\/07\/faca-guariba_2024-07-22_15-32-12_jpeg_2024-07-22_15-32-12.webp.webp?resize=150%2C150&ssl=1",150,150,true],"medium":["https:\/\/i0.wp.com\/ismaelcolosi.com.br\/wp-content\/uploads\/2024\/07\/faca-guariba_2024-07-22_15-32-12_jpeg_2024-07-22_15-32-12.webp.webp?fit=300%2C169&ssl=1",300,169,true],"medium_large":["https:\/\/i0.wp.com\/ismaelcolosi.com.br\/wp-content\/uploads\/2024\/07\/faca-guariba_2024-07-22_15-32-12_jpeg_2024-07-22_15-32-12.webp.webp?fit=768%2C432&ssl=1",768,432,true],"large":["https:\/\/i0.wp.com\/ismaelcolosi.com.br\/wp-content\/uploads\/2024\/07\/faca-guariba_2024-07-22_15-32-12_jpeg_2024-07-22_15-32-12.webp.webp?fit=1024%2C575&ssl=1",1024,575,true],"1536x1536":["https:\/\/i0.wp.com\/ismaelcolosi.com.br\/wp-content\/uploads\/2024\/07\/faca-guariba_2024-07-22_15-32-12_jpeg_2024-07-22_15-32-12.webp.webp?fit=1536%2C863&ssl=1",1536,863,true],"2048x2048":["https:\/\/i0.wp.com\/ismaelcolosi.com.br\/wp-content\/uploads\/2024\/07\/faca-guariba_2024-07-22_15-32-12_jpeg_2024-07-22_15-32-12.webp.webp?fit=1920%2C1079&ssl=1",1920,1079,true],"really-simple-thumb":["https:\/\/i0.wp.com\/ismaelcolosi.com.br\/wp-content\/uploads\/2024\/07\/faca-guariba_2024-07-22_15-32-12_jpeg_2024-07-22_15-32-12.webp.webp?resize=370%2C247&ssl=1",370,247,true]},"uagb_author_info":{"display_name":"ismaelcolosi.com.br","author_link":"https:\/\/ismaelcolosi.com.br\/index.php\/author\/vidareal-online\/"},"uagb_comment_info":0,"uagb_excerpt":"Uma mulher de 32 anos, que estava armada com uma faca, foi presa em Guariba, no interior de S\u00e3o Paulo, depois de amea\u00e7ar funcion\u00e1rios de...","jetpack-related-posts":[{"id":43476,"url":"https:\/\/ismaelcolosi.com.br\/index.php\/2024\/03\/21\/veja-o-que-diz-a-defesa-da-mulher-presa-apos-confusao-em-loja-de-conveniencia-de-ribeirao\/","url_meta":{"origin":57516,"position":0},"title":"Veja o que diz a defesa da mulher presa ap\u00f3s confus\u00e3o em loja de conveni\u00eancia de Ribeir\u00e3o","author":"ismaelcolosi.com.br","date":"21 de March de 2024","format":false,"excerpt":"A defesa da engenheira agr\u00f4noma Ana Paula Junqueira, que foi presa na noite do \u00faltimo s\u00e1bado (16), ap\u00f3s uma confus\u00e3o em uma loja de conveni\u00eancia de um posto de combust\u00edveis no Jardim Paulista, em Ribeir\u00e3o Preto, pediu para Justi\u00e7a a liberdade da mulher. A defesa alega que Ana Paula faz\u2026","rel":"","context":"In &quot;Not\u00edcias de Ribeir\u00e3o Preto-SP e Regi\u00e3o&quot;","block_context":{"text":"Not\u00edcias de Ribeir\u00e3o Preto-SP e Regi\u00e3o","link":"https:\/\/ismaelcolosi.com.br\/index.php\/category\/noticias-de-ribeirao-preto-sp-e-regiao-ismael-colosi\/"},"img":{"alt_text":"","src":"https:\/\/i0.wp.com\/ismaelcolosi.com.br\/wp-content\/uploads\/2024\/03\/ENGENHEIRA.jpg?fit=1200%2C809&ssl=1&resize=350%2C200","width":350,"height":200,"srcset":"https:\/\/i0.wp.com\/ismaelcolosi.com.br\/wp-content\/uploads\/2024\/03\/ENGENHEIRA.jpg?fit=1200%2C809&ssl=1&resize=350%2C200 1x, https:\/\/i0.wp.com\/ismaelcolosi.com.br\/wp-content\/uploads\/2024\/03\/ENGENHEIRA.jpg?fit=1200%2C809&ssl=1&resize=525%2C300 1.5x, https:\/\/i0.wp.com\/ismaelcolosi.com.br\/wp-content\/uploads\/2024\/03\/ENGENHEIRA.jpg?fit=1200%2C809&ssl=1&resize=700%2C400 2x, https:\/\/i0.wp.com\/ismaelcolosi.com.br\/wp-content\/uploads\/2024\/03\/ENGENHEIRA.jpg?fit=1200%2C809&ssl=1&resize=1050%2C600 3x"},"classes":[]},{"id":46725,"url":"https:\/\/ismaelcolosi.com.br\/index.php\/2024\/04\/13\/mulher-e-presa-acusada-de-matar-o-companheiro-a-facadas-na-regiao-de-ribeirao-preto\/","url_meta":{"origin":57516,"position":1},"title":"Mulher \u00e9 presa acusada de matar o companheiro a facadas na regi\u00e3o de Ribeir\u00e3o Preto","author":"ismaelcolosi.com.br","date":"13 de April de 2024","format":false,"excerpt":"Uma mulher, de 44 anos, foi presa ap\u00f3s matar a facadas o companheiro, de 49 anos, em Barretos, cidade na regi\u00e3o de Ribeir\u00e3o Preto, na manh\u00e3 deste s\u00e1bado (13). De acordo com as informa\u00e7\u00f5es da Pol\u00edcia Civil, por meio da DIG (Delegacia de Investiga\u00e7\u00f5es Gerais) de Barretos, a pris\u00e3o aconteceu\u2026","rel":"","context":"In &quot;Not\u00edcias de Ribeir\u00e3o Preto-SP e Regi\u00e3o&quot;","block_context":{"text":"Not\u00edcias de Ribeir\u00e3o Preto-SP e Regi\u00e3o","link":"https:\/\/ismaelcolosi.com.br\/index.php\/category\/noticias-de-ribeirao-preto-sp-e-regiao-ismael-colosi\/"},"img":{"alt_text":"","src":"https:\/\/i0.wp.com\/ismaelcolosi.com.br\/wp-content\/uploads\/2024\/04\/giroflex_policia_1024x576_23032020103807.jpg?fit=1024%2C576&ssl=1&resize=350%2C200","width":350,"height":200,"srcset":"https:\/\/i0.wp.com\/ismaelcolosi.com.br\/wp-content\/uploads\/2024\/04\/giroflex_policia_1024x576_23032020103807.jpg?fit=1024%2C576&ssl=1&resize=350%2C200 1x, https:\/\/i0.wp.com\/ismaelcolosi.com.br\/wp-content\/uploads\/2024\/04\/giroflex_policia_1024x576_23032020103807.jpg?fit=1024%2C576&ssl=1&resize=525%2C300 1.5x, https:\/\/i0.wp.com\/ismaelcolosi.com.br\/wp-content\/uploads\/2024\/04\/giroflex_policia_1024x576_23032020103807.jpg?fit=1024%2C576&ssl=1&resize=700%2C400 2x"},"classes":[]},{"id":26243,"url":"https:\/\/ismaelcolosi.com.br\/index.php\/2024\/01\/09\/policia-e-acionada-apos-confusao-em-encontro-amoroso-na-zona-sul-de-ribeirao\/","url_meta":{"origin":57516,"position":2},"title":"Pol\u00edcia \u00e9 acionada ap\u00f3s confus\u00e3o em encontro amoroso na zona Sul de Ribeir\u00e3o","author":"ismaelcolosi.com.br","date":"9 de January de 2024","format":false,"excerpt":"Um homem, de 31 anos, foi agredido no \u00faltimo domingo (7), em uma resid\u00eancia do bairro Vila Seixas, na zona Sul de Ribeir\u00e3o Preto, ap\u00f3s realizar um encontro sexual com uma mulher, de 33 anos. De acordo com o boletim de ocorr\u00eancia, a v\u00edtima teria informado aos policiais que contratou\u2026","rel":"","context":"In &quot;Not\u00edcias de Ribeir\u00e3o Preto-SP e Regi\u00e3o&quot;","block_context":{"text":"Not\u00edcias de Ribeir\u00e3o Preto-SP e Regi\u00e3o","link":"https:\/\/ismaelcolosi.com.br\/index.php\/category\/noticias-de-ribeirao-preto-sp-e-regiao-ismael-colosi\/"},"img":{"alt_text":"","src":"https:\/\/ismaelcolosi.com.br\/wp-content\/uploads\/2023\/11\/whatsapp_image_2022-08-14_at_12_10_03.jpe","width":350,"height":200,"srcset":"https:\/\/ismaelcolosi.com.br\/wp-content\/uploads\/2023\/11\/whatsapp_image_2022-08-14_at_12_10_03.jpe 1x, https:\/\/ismaelcolosi.com.br\/wp-content\/uploads\/2023\/11\/whatsapp_image_2022-08-14_at_12_10_03.jpe 1.5x, https:\/\/ismaelcolosi.com.br\/wp-content\/uploads\/2023\/11\/whatsapp_image_2022-08-14_at_12_10_03.jpe 2x, https:\/\/ismaelcolosi.com.br\/wp-content\/uploads\/2023\/11\/whatsapp_image_2022-08-14_at_12_10_03.jpe 3x"},"classes":[]},{"id":46949,"url":"https:\/\/ismaelcolosi.com.br\/index.php\/2024\/04\/15\/justica-decide-soltar-mulher-que-assumiu-ter-matado-a-facadas-companheiro-na-regiao-de-ribeirao\/","url_meta":{"origin":57516,"position":3},"title":"Justi\u00e7a decide soltar mulher que assumiu ter matado a facadas companheiro\u00a0na regi\u00e3o de Ribeir\u00e3o","author":"ismaelcolosi.com.br","date":"15 de April de 2024","format":false,"excerpt":"O juiz H\u00e9lio Alberto de Oliveira Serra e Navarro decidiu soltar a mulher que havia sido presa em flagrante ap\u00f3s matar a facadas o companheiro, na manh\u00e3 de s\u00e1bado (13), em Barretos, cidade na regi\u00e3o de Ribeir\u00e3o Preto. A senten\u00e7a foi deferida em audi\u00eancia de cust\u00f3dia, realizada no domingo (14).\u2026","rel":"","context":"In &quot;Not\u00edcias de Ribeir\u00e3o Preto-SP e Regi\u00e3o&quot;","block_context":{"text":"Not\u00edcias de Ribeir\u00e3o Preto-SP e Regi\u00e3o","link":"https:\/\/ismaelcolosi.com.br\/index.php\/category\/noticias-de-ribeirao-preto-sp-e-regiao-ismael-colosi\/"},"img":{"alt_text":"","src":"https:\/\/i0.wp.com\/ismaelcolosi.com.br\/wp-content\/uploads\/2024\/04\/sirene_giroflex_1024x576_11032021085153.jpg?fit=1024%2C576&ssl=1&resize=350%2C200","width":350,"height":200,"srcset":"https:\/\/i0.wp.com\/ismaelcolosi.com.br\/wp-content\/uploads\/2024\/04\/sirene_giroflex_1024x576_11032021085153.jpg?fit=1024%2C576&ssl=1&resize=350%2C200 1x, https:\/\/i0.wp.com\/ismaelcolosi.com.br\/wp-content\/uploads\/2024\/04\/sirene_giroflex_1024x576_11032021085153.jpg?fit=1024%2C576&ssl=1&resize=525%2C300 1.5x, https:\/\/i0.wp.com\/ismaelcolosi.com.br\/wp-content\/uploads\/2024\/04\/sirene_giroflex_1024x576_11032021085153.jpg?fit=1024%2C576&ssl=1&resize=700%2C400 2x"},"classes":[]},{"id":22011,"url":"https:\/\/ismaelcolosi.com.br\/index.php\/2023\/12\/29\/mulher-e-presa-apos-furto-de-roupas-no-centro-de-ribeirao-preto\/","url_meta":{"origin":57516,"position":4},"title":"Mulher \u00e9 presa ap\u00f3s furto de roupas no Centro de Ribeir\u00e3o Preto","author":"ismaelcolosi.com.br","date":"29 de December de 2023","format":false,"excerpt":"Uma mulher de 30 anos foi presa ap\u00f3s furtar 20 pe\u00e7as de roupas e uma bolsa em lojas no Centro de Ribeir\u00e3o Preto, na \u00faltima quarta-feira (27). De acordo com o B.O. (Boletim de ocorr\u00eancia), a acusada estava com duas crian\u00e7as, sendo que uma delas era o filho dela e\u2026","rel":"","context":"In &quot;Not\u00edcias de Ribeir\u00e3o Preto-SP e Regi\u00e3o&quot;","block_context":{"text":"Not\u00edcias de Ribeir\u00e3o Preto-SP e Regi\u00e3o","link":"https:\/\/ismaelcolosi.com.br\/index.php\/category\/noticias-de-ribeirao-preto-sp-e-regiao-ismael-colosi\/"},"img":{"alt_text":"","src":"https:\/\/i0.wp.com\/ismaelcolosi.com.br\/wp-content\/uploads\/2023\/12\/loja-de-roupa.jpg?fit=1200%2C800&ssl=1&resize=350%2C200","width":350,"height":200,"srcset":"https:\/\/i0.wp.com\/ismaelcolosi.com.br\/wp-content\/uploads\/2023\/12\/loja-de-roupa.jpg?fit=1200%2C800&ssl=1&resize=350%2C200 1x, https:\/\/i0.wp.com\/ismaelcolosi.com.br\/wp-content\/uploads\/2023\/12\/loja-de-roupa.jpg?fit=1200%2C800&ssl=1&resize=525%2C300 1.5x, https:\/\/i0.wp.com\/ismaelcolosi.com.br\/wp-content\/uploads\/2023\/12\/loja-de-roupa.jpg?fit=1200%2C800&ssl=1&resize=700%2C400 2x, https:\/\/i0.wp.com\/ismaelcolosi.com.br\/wp-content\/uploads\/2023\/12\/loja-de-roupa.jpg?fit=1200%2C800&ssl=1&resize=1050%2C600 3x"},"classes":[]},{"id":55730,"url":"https:\/\/ismaelcolosi.com.br\/index.php\/2024\/07\/05\/mulher-morre-apos-sofrer-espancamento-em-ribeirao-preto-namorado-e-suspeito\/","url_meta":{"origin":57516,"position":5},"title":"Mulher morre ap\u00f3s sofrer espancamento em Ribeir\u00e3o Preto; Namorado \u00e9 suspeito","author":"ismaelcolosi.com.br","date":"5 de July de 2024","format":false,"excerpt":"Uma mulher de 22 anos morreu nesta quinta-feira (4), ap\u00f3s sofrer um espancamento na \u00faltima quinta-feira (27), em Ribeir\u00e3o Preto. O namorado \u00e9 apontado pela fam\u00edlia da v\u00edtima como principal suspeito do crime. Segundo o boletim de ocorr\u00eancia (BO), a m\u00e3e da v\u00edtima disse \u00e0 pol\u00edcia que a filha residia\u2026","rel":"","context":"In &quot;Not\u00edcias de Ribeir\u00e3o Preto-SP e Regi\u00e3o&quot;","block_context":{"text":"Not\u00edcias de Ribeir\u00e3o Preto-SP e Regi\u00e3o","link":"https:\/\/ismaelcolosi.com.br\/index.php\/category\/noticias-de-ribeirao-preto-sp-e-regiao-ismael-colosi\/"},"img":{"alt_text":"","src":"https:\/\/ismaelcolosi.com.br\/wp-content\/uploads\/2024\/02\/whatsapp_image_2022-08-14_at_12_10_03.jpe","width":350,"height":200,"srcset":"https:\/\/ismaelcolosi.com.br\/wp-content\/uploads\/2024\/02\/whatsapp_image_2022-08-14_at_12_10_03.jpe 1x, https:\/\/ismaelcolosi.com.br\/wp-content\/uploads\/2024\/02\/whatsapp_image_2022-08-14_at_12_10_03.jpe 1.5x, https:\/\/ismaelcolosi.com.br\/wp-content\/uploads\/2024\/02\/whatsapp_image_2022-08-14_at_12_10_03.jpe 2x, https:\/\/ismaelcolosi.com.br\/wp-content\/uploads\/2024\/02\/whatsapp_image_2022-08-14_at_12_10_03.jpe 3x"},"classes":[]}],"jetpack_sharing_enabled":true,"jetpack_shortlink":"https:\/\/wp.me\/pfMlyK-eXG","_links":{"self":[{"href":"https:\/\/ismaelcolosi.com.br\/index.php\/wp-json\/wp\/v2\/posts\/57516","targetHints":{"allow":["GET"]}}],"collection":[{"href":"https:\/\/ismaelcolosi.com.br\/index.php\/wp-json\/wp\/v2\/posts"}],"about":[{"href":"https:\/\/ismaelcolosi.com.br\/index.php\/wp-json\/wp\/v2\/types\/post"}],"author":[{"embeddable":true,"href":"https:\/\/ismaelcolosi.com.br\/index.php\/wp-json\/wp\/v2\/users\/1"}],"replies":[{"embeddable":true,"href":"https:\/\/ismaelcolosi.com.br\/index.php\/wp-json\/wp\/v2\/comments?post=57516"}],"version-history":[{"count":0,"href":"https:\/\/ismaelcolosi.com.br\/index.php\/wp-json\/wp\/v2\/posts\/57516\/revisions"}],"wp:featuredmedia":[{"embeddable":true,"href":"https:\/\/ismaelcolosi.com.br\/index.php\/wp-json\/wp\/v2\/media\/57517"}],"wp:attachment":[{"href":"https:\/\/ismaelcolosi.com.br\/index.php\/wp-json\/wp\/v2\/media?parent=57516"}],"wp:term":[{"taxonomy":"category","embeddable":true,"href":"https:\/\/ismaelcolosi.com.br\/index.php\/wp-json\/wp\/v2\/categories?post=57516"},{"taxonomy":"post_tag","embeddable":true,"href":"https:\/\/ismaelcolosi.com.br\/index.php\/wp-json\/wp\/v2\/tags?post=57516"}],"curies":[{"name":"wp","href":"https:\/\/api.w.org\/{rel}","templated":true}]}}