{"id":57513,"date":"2024-07-22T13:58:25","date_gmt":"2024-07-22T16:58:25","guid":{"rendered":"https:\/\/ismaelcolosi.com.br\/index.php\/2024\/07\/22\/mae-denuncia-abuso-sexual-contra-filha-de-9-anos-em-ribeirao-preto\/"},"modified":"2024-07-22T13:58:25","modified_gmt":"2024-07-22T16:58:25","slug":"mae-denuncia-abuso-sexual-contra-filha-de-9-anos-em-ribeirao-preto","status":"publish","type":"post","link":"https:\/\/ismaelcolosi.com.br\/index.php\/2024\/07\/22\/mae-denuncia-abuso-sexual-contra-filha-de-9-anos-em-ribeirao-preto\/","title":{"rendered":"M\u00e3e denuncia abuso sexual contra filha de 9 anos em Ribeir\u00e3o Preto"},"content":{"rendered":"<p> <br \/>\n<\/p>\n<div data-td-block-uid=\"tdi_106\">\n<div class=\"tdb-block-inner td-fix-index\">\n<p><strong>A m\u00e3e de uma menina de 9 anos denunciou \u00e0 Pol\u00edcia Civil um caso de importuna\u00e7\u00e3o sexual contra a filha em Ribeir\u00e3o Preto.<\/strong><\/p>\n<p>Segundo a <strong>m\u00e3e <\/strong>disse no <strong>boletim de ocorr\u00eancia (BO)<\/strong>, <mark style=\"background-color:#fcb900\" class=\"has-inline-color has-black-color\">ao vistoriar o aparelho celular da filha na \u00faltima quinta-feira (18), descobriu fotos e v\u00eddeos \u00edntimos da crian\u00e7a na galeria.<\/mark><\/p>\n<p>Ainda conforme a <strong>m\u00e3e<\/strong>, ao questionar a <strong>filha<\/strong>, <mark style=\"background-color:#fcb900\" class=\"has-inline-color has-black-color\">a menina contou que recebeu uma mensagem via Tik Tok, que a orientou a criar uma conta no WhatsApp por meio de um link para o envio das imagens.<\/mark><\/p>\n<p>A <strong>menina <\/strong>disse \u00e0 <strong>m\u00e3e <\/strong>que <strong>criou <\/strong>a <strong>conta <\/strong>e que <strong>enviou fotos <\/strong>e <strong>v\u00eddeos \u00edntimos <\/strong>e, em seguida, excluiu o aplicativo de mensagem.<\/p>\n<p>A m\u00e3e afirmou \u00e0 pol\u00edcia que, mesmo ap\u00f3s a exclus\u00e3o, ainda recebia mensagens pedindo para que enviasse mais fotos.<\/p>\n<p>O <strong>celular <\/strong>foi <strong>apreendido <\/strong>pela pol\u00edcia para a <strong>investiga\u00e7\u00e3o <\/strong>do caso. <mark style=\"background-color:#fcb900\" class=\"has-inline-color has-black-color\">Nenhum suspeito foi preso.<\/mark><\/p>\n<h4 class=\"wp-block-heading\"><strong>Justi\u00e7a<\/strong><\/h4>\n<p>O <strong>juiz <\/strong>da <strong>Vara da Inf\u00e2ncia e Juventude de Ribeir\u00e3o Preto<\/strong>, <strong>Paulo Cesar Gentile<\/strong>, disse em entrevista \u00e0 EPTV que este tipo de <strong>crime <\/strong>tem <strong>pena <\/strong>de <strong>um a oito ano de pris\u00e3o<\/strong>.<\/p>\n<blockquote class=\"wp-block-quote\">\n<p>\u201cAl\u00e9m do aspecto criminal, existe o aspecto do dano moral contra essa crian\u00e7a, que vai sofrer as sequelas. Isso tamb\u00e9m pode gerar a\u00e7\u00f5es de natureza civil que implicar\u00e3o na a\u00e7\u00e3o de essa pessoa pagar uma indeniza\u00e7\u00e3o para reparar o dano moral\u201d<\/p>\n<p><cite><strong>Paulo Cesar Gentile<\/strong>, juiz da Inf\u00e2ncia e Juventude<\/cite><\/p><\/blockquote>\n<p>SAIBA MAIS<\/p>\n<p>Mulher \u00e9 presa no interior de SP ap\u00f3s confus\u00e3o com faca em hospital<\/p>\n<h4 class=\"wp-block-heading\"><strong>FIQUE ON<\/strong><\/h4>\n<p>Fique ligado em tudo que acontece em Ribeir\u00e3o Preto e regi\u00e3o. Siga os perfis do\u00a0<strong>acidade on<\/strong>\u00a0no<a href=\"https:\/\/www.instagram.com\/acidadeonribeirao\" target=\"_blank\" rel=\"noreferrer noopener\">\u00a0Instagram<\/a>\u00a0e no\u00a0<a href=\"https:\/\/www.facebook.com\/acidadeonribeirao\/\" target=\"_blank\" rel=\"noreferrer noopener\">Facebook<\/a>.<\/p>\n<p>Receba not\u00edcias do\u00a0<strong>acidade on<\/strong>\u00a0no WhatsApp.\u00a0<a href=\"https:\/\/chat.whatsapp.com\/CdrZ6xrf7quD44Vw3WlPuZ\" target=\"_blank\" rel=\"noreferrer noopener\">Para entrar no grupo, basta clicar aqui.<\/a><\/p>\n<p>Fa\u00e7a uma den\u00fancia ou sugira uma reportagem sobre Ribeir\u00e3o Preto e regi\u00e3o pelo WhatsApp: 16 99117 7802.<\/p>\n<p>VEJA TAMB\u00c9M<\/p>\n<p>\u2060Qual \u00e9 a previs\u00e3o do tempo para a semana em SP?<\/p>\n<p><!-- AI CONTENT END 1 -->\n<\/div>\n<\/div>\n<p><script async src=\"\/\/www.instagram.com\/embed.js\"><\/script><br \/>\n<br \/><br \/>\n<br \/><a href=\"https:\/\/www.acidadeon.com\/ribeiraopreto\/cotidiano\/mae-denuncia-abuso-sexual-contra-filha-de-9-anos-em-ribeirao-preto\/\">Source link <\/a><\/p>\n<div class='code-block code-block-4' style='margin: 8px auto 8px 0; text-align: left; display: block; clear: both;'>\n\ud83d\udce2 Aviso Legal\n\nO site ismaelcolosi.com.br atua apenas como um canal de divulga\u00e7\u00e3o de oportunidades de emprego e n\u00e3o se responsabiliza pelo processo seletivo, contrata\u00e7\u00e3o ou qualquer outra etapa relacionada \u00e0s vagas publicadas. Todas as informa\u00e7\u00f5es s\u00e3o de responsabilidade dos anunciantes.\n\n\u26a0\ufe0f Aten\u00e7\u00e3o! Nunca pague por promessas de emprego nem compre cursos que garantam contrata\u00e7\u00e3o. Desconfie de qualquer cobran\u00e7a para participar de sele\u00e7\u00f5es.\n\n\n\n<\/div>\n<!-- CONTENT END 1 -->\n","protected":false},"excerpt":{"rendered":"<p>A m\u00e3e de uma menina de 9 anos denunciou \u00e0 Pol\u00edcia Civil um caso de importuna\u00e7\u00e3o sexual contra a filha em Ribeir\u00e3o Preto. Segundo a&#8230;<\/p>\n","protected":false},"author":1,"featured_media":54147,"comment_status":"open","ping_status":"open","sticky":false,"template":"","format":"standard","meta":{"_uag_custom_page_level_css":"","advanced_seo_description":"","jetpack_seo_html_title":"","jetpack_seo_noindex":false,"jetpack_post_was_ever_published":false,"_jetpack_newsletter_access":"","_jetpack_dont_email_post_to_subs":false,"_jetpack_newsletter_tier_id":0,"_jetpack_memberships_contains_paywalled_content":false,"_jetpack_memberships_contains_paid_content":false,"footnotes":"","jetpack_publicize_message":"","jetpack_publicize_feature_enabled":true,"jetpack_social_post_already_shared":true,"jetpack_social_options":{"image_generator_settings":{"template":"highway","default_image_id":0,"font":"","enabled":false},"version":2}},"categories":[11],"tags":[],"class_list":["post-57513","post","type-post","status-publish","format-standard","has-post-thumbnail","hentry","category-noticias-de-ribeirao-preto-sp-e-regiao-ismael-colosi"],"jetpack_publicize_connections":[],"jetpack_featured_media_url":"https:\/\/i0.wp.com\/ismaelcolosi.com.br\/wp-content\/uploads\/2024\/06\/AnyConv.com__hands-1851218_1280.webp.webp?fit=1280%2C853&ssl=1","uagb_featured_image_src":{"full":["https:\/\/i0.wp.com\/ismaelcolosi.com.br\/wp-content\/uploads\/2024\/06\/AnyConv.com__hands-1851218_1280.webp.webp?fit=1280%2C853&ssl=1",1280,853,false],"thumbnail":["https:\/\/i0.wp.com\/ismaelcolosi.com.br\/wp-content\/uploads\/2024\/06\/AnyConv.com__hands-1851218_1280.webp.webp?resize=150%2C150&ssl=1",150,150,true],"medium":["https:\/\/i0.wp.com\/ismaelcolosi.com.br\/wp-content\/uploads\/2024\/06\/AnyConv.com__hands-1851218_1280.webp.webp?fit=300%2C200&ssl=1",300,200,true],"medium_large":["https:\/\/i0.wp.com\/ismaelcolosi.com.br\/wp-content\/uploads\/2024\/06\/AnyConv.com__hands-1851218_1280.webp.webp?fit=768%2C512&ssl=1",768,512,true],"large":["https:\/\/i0.wp.com\/ismaelcolosi.com.br\/wp-content\/uploads\/2024\/06\/AnyConv.com__hands-1851218_1280.webp.webp?fit=1024%2C682&ssl=1",1024,682,true],"1536x1536":["https:\/\/i0.wp.com\/ismaelcolosi.com.br\/wp-content\/uploads\/2024\/06\/AnyConv.com__hands-1851218_1280.webp.webp?fit=1280%2C853&ssl=1",1280,853,true],"2048x2048":["https:\/\/i0.wp.com\/ismaelcolosi.com.br\/wp-content\/uploads\/2024\/06\/AnyConv.com__hands-1851218_1280.webp.webp?fit=1280%2C853&ssl=1",1280,853,true],"really-simple-thumb":["https:\/\/i0.wp.com\/ismaelcolosi.com.br\/wp-content\/uploads\/2024\/06\/AnyConv.com__hands-1851218_1280.webp.webp?resize=370%2C247&ssl=1",370,247,true]},"uagb_author_info":{"display_name":"ismaelcolosi.com.br","author_link":"https:\/\/ismaelcolosi.com.br\/index.php\/author\/vidareal-online\/"},"uagb_comment_info":0,"uagb_excerpt":"A m\u00e3e de uma menina de 9 anos denunciou \u00e0 Pol\u00edcia Civil um caso de importuna\u00e7\u00e3o sexual contra a filha em Ribeir\u00e3o Preto. Segundo a...","jetpack-related-posts":[{"id":41258,"url":"https:\/\/ismaelcolosi.com.br\/index.php\/2024\/03\/07\/mae-e-presa-acusada-de-agressoes-contra-filha-de-apenas-3-anos-em-ribeirao-preto\/","url_meta":{"origin":57513,"position":0},"title":"M\u00e3e \u00e9 presa acusada de agress\u00f5es contra filha de apenas 3 anos em Ribeir\u00e3o Preto","author":"ismaelcolosi.com.br","date":"7 de March de 2024","format":false,"excerpt":"Uma m\u00e3e de duas crian\u00e7as foi presa em flagrante em Ribeir\u00e3o Preto acusada de agredir a filha de apenas 3 anos \u2013 a menina foi diagnosticada como portadora do transtorno do espectro autista. A pris\u00e3o aconteceu na tarde da \u00faltima quarta-feira (6), ap\u00f3s a Pol\u00edcia Militar ter sido acionada por\u2026","rel":"","context":"In &quot;Not\u00edcias de Ribeir\u00e3o Preto-SP e Regi\u00e3o&quot;","block_context":{"text":"Not\u00edcias de Ribeir\u00e3o Preto-SP e Regi\u00e3o","link":"https:\/\/ismaelcolosi.com.br\/index.php\/category\/noticias-de-ribeirao-preto-sp-e-regiao-ismael-colosi\/"},"img":{"alt_text":"","src":"https:\/\/i0.wp.com\/ismaelcolosi.com.br\/wp-content\/uploads\/2024\/03\/HomemmorreapscairdeandaimeenquantotrabalhavaemRibeiroPreto_Tamanho_2_image.jpg?fit=1200%2C900&ssl=1&resize=350%2C200","width":350,"height":200,"srcset":"https:\/\/i0.wp.com\/ismaelcolosi.com.br\/wp-content\/uploads\/2024\/03\/HomemmorreapscairdeandaimeenquantotrabalhavaemRibeiroPreto_Tamanho_2_image.jpg?fit=1200%2C900&ssl=1&resize=350%2C200 1x, https:\/\/i0.wp.com\/ismaelcolosi.com.br\/wp-content\/uploads\/2024\/03\/HomemmorreapscairdeandaimeenquantotrabalhavaemRibeiroPreto_Tamanho_2_image.jpg?fit=1200%2C900&ssl=1&resize=525%2C300 1.5x, https:\/\/i0.wp.com\/ismaelcolosi.com.br\/wp-content\/uploads\/2024\/03\/HomemmorreapscairdeandaimeenquantotrabalhavaemRibeiroPreto_Tamanho_2_image.jpg?fit=1200%2C900&ssl=1&resize=700%2C400 2x, https:\/\/i0.wp.com\/ismaelcolosi.com.br\/wp-content\/uploads\/2024\/03\/HomemmorreapscairdeandaimeenquantotrabalhavaemRibeiroPreto_Tamanho_2_image.jpg?fit=1200%2C900&ssl=1&resize=1050%2C600 3x"},"classes":[]},{"id":65996,"url":"https:\/\/ismaelcolosi.com.br\/index.php\/2024\/09\/15\/o-que-se-sabe-sobre-morte-de-menina-de-3-anos-em-ribeirao-preto\/","url_meta":{"origin":57513,"position":1},"title":"O que se sabe sobre morte de menina de 3 anos em\u00a0Ribeir\u00e3o\u00a0Preto","author":"ismaelcolosi.com.br","date":"15 de September de 2024","format":false,"excerpt":"A Pol\u00edcia Civil investiga a morte de uma menina de 3 anos, em Ribeir\u00e3o Preto. Sophia da Silva Fernandez completaria 4 anos na \u00faltima sexta-feira (13). A crian\u00e7a ficou internada na Unidade de Eemerg\u00eancia do Hospital das Cl\u00ednicas (HC-UE), durante nove dias, at\u00e9 ser confirmada a morte cerebral. O hospital\u2026","rel":"","context":"In &quot;Not\u00edcias de Ribeir\u00e3o Preto-SP e Regi\u00e3o&quot;","block_context":{"text":"Not\u00edcias de Ribeir\u00e3o Preto-SP e Regi\u00e3o","link":"https:\/\/ismaelcolosi.com.br\/index.php\/category\/noticias-de-ribeirao-preto-sp-e-regiao-ismael-colosi\/"},"img":{"alt_text":"","src":"https:\/\/i0.wp.com\/ismaelcolosi.com.br\/wp-content\/uploads\/2024\/09\/acidadeon_logos_Prancheta-1-copia-12_edited.jpg?fit=1199%2C1200&ssl=1&resize=350%2C200","width":350,"height":200,"srcset":"https:\/\/i0.wp.com\/ismaelcolosi.com.br\/wp-content\/uploads\/2024\/09\/acidadeon_logos_Prancheta-1-copia-12_edited.jpg?fit=1199%2C1200&ssl=1&resize=350%2C200 1x, https:\/\/i0.wp.com\/ismaelcolosi.com.br\/wp-content\/uploads\/2024\/09\/acidadeon_logos_Prancheta-1-copia-12_edited.jpg?fit=1199%2C1200&ssl=1&resize=525%2C300 1.5x, https:\/\/i0.wp.com\/ismaelcolosi.com.br\/wp-content\/uploads\/2024\/09\/acidadeon_logos_Prancheta-1-copia-12_edited.jpg?fit=1199%2C1200&ssl=1&resize=700%2C400 2x, https:\/\/i0.wp.com\/ismaelcolosi.com.br\/wp-content\/uploads\/2024\/09\/acidadeon_logos_Prancheta-1-copia-12_edited.jpg?fit=1199%2C1200&ssl=1&resize=1050%2C600 3x"},"classes":[]},{"id":66003,"url":"https:\/\/ismaelcolosi.com.br\/index.php\/2024\/09\/15\/o-que-se-sabe-sobre-morte-de-menina-de-3-anos-em-ribeirao-preto-2\/","url_meta":{"origin":57513,"position":2},"title":"O que se sabe sobre morte de menina de 3 anos em\u00a0Ribeir\u00e3o\u00a0Preto","author":"ismaelcolosi.com.br","date":"15 de September de 2024","format":false,"excerpt":"A Pol\u00edcia Civil investiga a morte de uma menina de 3 anos, em Ribeir\u00e3o Preto. Sophia da Silva Fernandez completaria 4 anos na \u00faltima sexta-feira (13). A crian\u00e7a ficou internada na Unidade de Eemerg\u00eancia do Hospital das Cl\u00ednicas (HC-UE), durante nove dias, at\u00e9 ser confirmada a morte cerebral. O hospital\u2026","rel":"","context":"In &quot;Not\u00edcias de Ribeir\u00e3o Preto-SP e Regi\u00e3o&quot;","block_context":{"text":"Not\u00edcias de Ribeir\u00e3o Preto-SP e Regi\u00e3o","link":"https:\/\/ismaelcolosi.com.br\/index.php\/category\/noticias-de-ribeirao-preto-sp-e-regiao-ismael-colosi\/"},"img":{"alt_text":"","src":"https:\/\/i0.wp.com\/ismaelcolosi.com.br\/wp-content\/uploads\/2024\/08\/Copia-de-Copia-de-Copia-de-TAMANHO-EXATO-PARA-FOTOS-NO-SISTEMA-NOVO-4_2024-08-14_23-57-46_png_2024-08-14_23-57-46.webp.webp?fit=1200%2C675&ssl=1&resize=350%2C200","width":350,"height":200,"srcset":"https:\/\/i0.wp.com\/ismaelcolosi.com.br\/wp-content\/uploads\/2024\/08\/Copia-de-Copia-de-Copia-de-TAMANHO-EXATO-PARA-FOTOS-NO-SISTEMA-NOVO-4_2024-08-14_23-57-46_png_2024-08-14_23-57-46.webp.webp?fit=1200%2C675&ssl=1&resize=350%2C200 1x, https:\/\/i0.wp.com\/ismaelcolosi.com.br\/wp-content\/uploads\/2024\/08\/Copia-de-Copia-de-Copia-de-TAMANHO-EXATO-PARA-FOTOS-NO-SISTEMA-NOVO-4_2024-08-14_23-57-46_png_2024-08-14_23-57-46.webp.webp?fit=1200%2C675&ssl=1&resize=525%2C300 1.5x, https:\/\/i0.wp.com\/ismaelcolosi.com.br\/wp-content\/uploads\/2024\/08\/Copia-de-Copia-de-Copia-de-TAMANHO-EXATO-PARA-FOTOS-NO-SISTEMA-NOVO-4_2024-08-14_23-57-46_png_2024-08-14_23-57-46.webp.webp?fit=1200%2C675&ssl=1&resize=700%2C400 2x, https:\/\/i0.wp.com\/ismaelcolosi.com.br\/wp-content\/uploads\/2024\/08\/Copia-de-Copia-de-Copia-de-TAMANHO-EXATO-PARA-FOTOS-NO-SISTEMA-NOVO-4_2024-08-14_23-57-46_png_2024-08-14_23-57-46.webp.webp?fit=1200%2C675&ssl=1&resize=1050%2C600 3x"},"classes":[]},{"id":41532,"url":"https:\/\/ismaelcolosi.com.br\/index.php\/2024\/03\/08\/o-que-se-sabe-sobre-mae-acusada-de-agredir-filha-de-3-anos-em-ribeirao-preto\/","url_meta":{"origin":57513,"position":3},"title":"O que se sabe sobre m\u00e3e acusada de agredir filha de 3 anos em Ribeir\u00e3o Preto","author":"ismaelcolosi.com.br","date":"8 de March de 2024","format":false,"excerpt":"A mulher que foi presa ap\u00f3s agredir uma das filhas de apenas tr\u00eas anos de idade recebeu liberdade provis\u00f3ria na quinta-feira (7), ap\u00f3s passar por audi\u00eancia de cust\u00f3dia realizada pelo Tribunal de Justi\u00e7a de S\u00e3o Paulo. Mesmo em liberdade, a m\u00e3e de duas crian\u00e7as ter\u00e1 que cumprir algumas medidas cautelares\u2026","rel":"","context":"In &quot;Not\u00edcias de Ribeir\u00e3o Preto-SP e Regi\u00e3o&quot;","block_context":{"text":"Not\u00edcias de Ribeir\u00e3o Preto-SP e Regi\u00e3o","link":"https:\/\/ismaelcolosi.com.br\/index.php\/category\/noticias-de-ribeirao-preto-sp-e-regiao-ismael-colosi\/"},"img":{"alt_text":"","src":"https:\/\/i0.wp.com\/ismaelcolosi.com.br\/wp-content\/uploads\/2024\/03\/WhatsApp-Image-2023-12-09-at-13.55.44.jpeg?fit=1024%2C576&ssl=1&resize=350%2C200","width":350,"height":200,"srcset":"https:\/\/i0.wp.com\/ismaelcolosi.com.br\/wp-content\/uploads\/2024\/03\/WhatsApp-Image-2023-12-09-at-13.55.44.jpeg?fit=1024%2C576&ssl=1&resize=350%2C200 1x, https:\/\/i0.wp.com\/ismaelcolosi.com.br\/wp-content\/uploads\/2024\/03\/WhatsApp-Image-2023-12-09-at-13.55.44.jpeg?fit=1024%2C576&ssl=1&resize=525%2C300 1.5x, https:\/\/i0.wp.com\/ismaelcolosi.com.br\/wp-content\/uploads\/2024\/03\/WhatsApp-Image-2023-12-09-at-13.55.44.jpeg?fit=1024%2C576&ssl=1&resize=700%2C400 2x"},"classes":[]},{"id":65757,"url":"https:\/\/ismaelcolosi.com.br\/index.php\/2024\/09\/13\/iml-descarta-morte-acidental-de-menina-de-3-anos-em-ribeirao-preto\/","url_meta":{"origin":57513,"position":4},"title":"IML descarta morte acidental de menina de 3 anos em Ribeir\u00e3o Preto","author":"ismaelcolosi.com.br","date":"13 de September de 2024","format":false,"excerpt":"O laudo do Instituto M\u00e9dico Legal (IML) descartou a morte acidental de Sophia Fernandes da Silva, de 3 anos, no dia 9 de agosto, em Ribeir\u00e3o Preto. O documento, obtido pela EPTV, indica a possibilidade de que os ferimentos na cabe\u00e7a da garota tenham sido causados por agress\u00f5es. A menina\u2026","rel":"","context":"In &quot;Not\u00edcias de Ribeir\u00e3o Preto-SP e Regi\u00e3o&quot;","block_context":{"text":"Not\u00edcias de Ribeir\u00e3o Preto-SP e Regi\u00e3o","link":"https:\/\/ismaelcolosi.com.br\/index.php\/category\/noticias-de-ribeirao-preto-sp-e-regiao-ismael-colosi\/"},"img":{"alt_text":"","src":"https:\/\/i0.wp.com\/ismaelcolosi.com.br\/wp-content\/uploads\/2024\/08\/Copia-de-Copia-de-Copia-de-TAMANHO-EXATO-PARA-FOTOS-NO-SISTEMA-NOVO-4_2024-08-14_23-57-46_png_2024-08-14_23-57-46.webp.webp?fit=1200%2C675&ssl=1&resize=350%2C200","width":350,"height":200,"srcset":"https:\/\/i0.wp.com\/ismaelcolosi.com.br\/wp-content\/uploads\/2024\/08\/Copia-de-Copia-de-Copia-de-TAMANHO-EXATO-PARA-FOTOS-NO-SISTEMA-NOVO-4_2024-08-14_23-57-46_png_2024-08-14_23-57-46.webp.webp?fit=1200%2C675&ssl=1&resize=350%2C200 1x, https:\/\/i0.wp.com\/ismaelcolosi.com.br\/wp-content\/uploads\/2024\/08\/Copia-de-Copia-de-Copia-de-TAMANHO-EXATO-PARA-FOTOS-NO-SISTEMA-NOVO-4_2024-08-14_23-57-46_png_2024-08-14_23-57-46.webp.webp?fit=1200%2C675&ssl=1&resize=525%2C300 1.5x, https:\/\/i0.wp.com\/ismaelcolosi.com.br\/wp-content\/uploads\/2024\/08\/Copia-de-Copia-de-Copia-de-TAMANHO-EXATO-PARA-FOTOS-NO-SISTEMA-NOVO-4_2024-08-14_23-57-46_png_2024-08-14_23-57-46.webp.webp?fit=1200%2C675&ssl=1&resize=700%2C400 2x, https:\/\/i0.wp.com\/ismaelcolosi.com.br\/wp-content\/uploads\/2024\/08\/Copia-de-Copia-de-Copia-de-TAMANHO-EXATO-PARA-FOTOS-NO-SISTEMA-NOVO-4_2024-08-14_23-57-46_png_2024-08-14_23-57-46.webp.webp?fit=1200%2C675&ssl=1&resize=1050%2C600 3x"},"classes":[]},{"id":7355,"url":"https:\/\/ismaelcolosi.com.br\/index.php\/2023\/11\/28\/motorista-de-creche-e-acusado-de-aliciar-criancas-para-obter-videos-intimos-das-maes-policia-investiga\/","url_meta":{"origin":57513,"position":5},"title":"Motorista de creche \u00e9 acusado de aliciar crian\u00e7as para obter v\u00eddeos \u00edntimos das m\u00e3es; pol\u00edcia investiga","author":"ismaelcolosi.com.br","date":"28 de November de 2023","format":false,"excerpt":"Uma m\u00e3e de Alagoas, em Macei\u00f3, procurou a pol\u00edcia ap\u00f3s fazer uma descoberta perturbadora no telefone da filha. Segundo a mulher, a menina havia sido aliciada pelo motorista da creche onde a menina frequentava.A m\u00e3e descobriu o caso ap\u00f3s mexer no telefone ao qual a crian\u00e7a tinha acesso. Segundo ela,\u2026","rel":"","context":"In &quot;Blog&quot;","block_context":{"text":"Blog","link":"https:\/\/ismaelcolosi.com.br\/index.php\/category\/blog\/"},"img":{"alt_text":"","src":"https:\/\/i0.wp.com\/ismaelcolosi.com.br\/wp-content\/uploads\/2023\/11\/postimg-65656c38936bd4655.jpg?fit=1200%2C628&ssl=1&resize=350%2C200","width":350,"height":200,"srcset":"https:\/\/i0.wp.com\/ismaelcolosi.com.br\/wp-content\/uploads\/2023\/11\/postimg-65656c38936bd4655.jpg?fit=1200%2C628&ssl=1&resize=350%2C200 1x, https:\/\/i0.wp.com\/ismaelcolosi.com.br\/wp-content\/uploads\/2023\/11\/postimg-65656c38936bd4655.jpg?fit=1200%2C628&ssl=1&resize=525%2C300 1.5x, https:\/\/i0.wp.com\/ismaelcolosi.com.br\/wp-content\/uploads\/2023\/11\/postimg-65656c38936bd4655.jpg?fit=1200%2C628&ssl=1&resize=700%2C400 2x, https:\/\/i0.wp.com\/ismaelcolosi.com.br\/wp-content\/uploads\/2023\/11\/postimg-65656c38936bd4655.jpg?fit=1200%2C628&ssl=1&resize=1050%2C600 3x"},"classes":[]}],"jetpack_sharing_enabled":true,"jetpack_shortlink":"https:\/\/wp.me\/pfMlyK-eXD","_links":{"self":[{"href":"https:\/\/ismaelcolosi.com.br\/index.php\/wp-json\/wp\/v2\/posts\/57513","targetHints":{"allow":["GET"]}}],"collection":[{"href":"https:\/\/ismaelcolosi.com.br\/index.php\/wp-json\/wp\/v2\/posts"}],"about":[{"href":"https:\/\/ismaelcolosi.com.br\/index.php\/wp-json\/wp\/v2\/types\/post"}],"author":[{"embeddable":true,"href":"https:\/\/ismaelcolosi.com.br\/index.php\/wp-json\/wp\/v2\/users\/1"}],"replies":[{"embeddable":true,"href":"https:\/\/ismaelcolosi.com.br\/index.php\/wp-json\/wp\/v2\/comments?post=57513"}],"version-history":[{"count":0,"href":"https:\/\/ismaelcolosi.com.br\/index.php\/wp-json\/wp\/v2\/posts\/57513\/revisions"}],"wp:featuredmedia":[{"embeddable":true,"href":"https:\/\/ismaelcolosi.com.br\/index.php\/wp-json\/wp\/v2\/media\/54147"}],"wp:attachment":[{"href":"https:\/\/ismaelcolosi.com.br\/index.php\/wp-json\/wp\/v2\/media?parent=57513"}],"wp:term":[{"taxonomy":"category","embeddable":true,"href":"https:\/\/ismaelcolosi.com.br\/index.php\/wp-json\/wp\/v2\/categories?post=57513"},{"taxonomy":"post_tag","embeddable":true,"href":"https:\/\/ismaelcolosi.com.br\/index.php\/wp-json\/wp\/v2\/tags?post=57513"}],"curies":[{"name":"wp","href":"https:\/\/api.w.org\/{rel}","templated":true}]}}