{"id":57473,"date":"2024-07-22T10:46:42","date_gmt":"2024-07-22T13:46:42","guid":{"rendered":"https:\/\/ismaelcolosi.com.br\/index.php\/2024\/07\/22\/ladrao-entra-na-frente-de-caminhonete-e-atira-ao-tentar-roubo-na-regiao-de-ribeirao-preto\/"},"modified":"2024-07-22T10:46:42","modified_gmt":"2024-07-22T13:46:42","slug":"ladrao-entra-na-frente-de-caminhonete-e-atira-ao-tentar-roubo-na-regiao-de-ribeirao-preto","status":"publish","type":"post","link":"https:\/\/ismaelcolosi.com.br\/index.php\/2024\/07\/22\/ladrao-entra-na-frente-de-caminhonete-e-atira-ao-tentar-roubo-na-regiao-de-ribeirao-preto\/","title":{"rendered":"Ladr\u00e3o entra na frente de caminhonete e atira ao tentar roubo na regi\u00e3o de Ribeir\u00e3o Preto"},"content":{"rendered":"<p> <br \/>\n<\/p>\n<div data-td-block-uid=\"tdi_106\">\n<div class=\"tdb-block-inner td-fix-index\">\n<p><strong>Um vendedor de 45 anos foi v\u00edtima de tentativa de roubo na noite do \u00faltimo s\u00e1bado (20), na estrada vicinal Armando Scozzafave, em Brodowski.<\/strong><\/p>\n<p>Segundo o <strong>boletim de ocorr\u00eancia (BO)<\/strong>, a <strong>v\u00edtima <\/strong>estava com uma <strong>mulher <\/strong>como <strong>passageira<\/strong>, de 28 anos, quando <mark style=\"background-color:#fcb900\" class=\"has-inline-color has-black-color\">um criminoso armado e com capacete na cabe\u00e7a saiu de tr\u00e1s de uma est\u00e1tua e entrou na frente do ve\u00edculo \u2013 uma caminhonete Nissan Frontier branca.<\/mark><\/p>\n<p>O <strong>vendedor <\/strong>disse \u00e0 pol\u00edcia que <strong>acelerou <\/strong>o <strong>ve\u00edculo <\/strong>ao perceber a a\u00e7\u00e3o, quando o <strong>assaltante atirou <\/strong>e dois disparos atingiram o ve\u00edculo.<\/p>\n<p>A <strong>v\u00edtima <\/strong>relatou que <strong>perdeu <\/strong>o controle da <strong>dire\u00e7\u00e3o <\/strong>e <strong>bateu <\/strong>em um <strong>poste<\/strong>.<\/p>\n<p>Em seguida, o <strong>criminoso fugiu <\/strong>sem levar nada. <mark style=\"background-color:#fcb900\" class=\"has-inline-color has-black-color\">Nenhum suspeito foi preso.<\/mark><\/p>\n<p>O <strong>vendedor <\/strong>foi <strong>socorrido <\/strong>pelo <strong>Samu <\/strong>e apresentava dores abdominais por causa da colis\u00e3o.<\/p>\n<p>O <strong>BO <\/strong>foi registrado na <strong>CPJ (Central de Pol\u00edcia Judici\u00e1ria) Permanente<\/strong> como <strong>tentativa de roubo de ve\u00edculo <\/strong>para <strong>investiga\u00e7\u00e3o <\/strong>da <strong>Pol\u00edcia Civil<\/strong>.<\/p>\n<p>Ladr\u00f5es roubam cofre com joias e dinheiro em casa na zona Sul de Ribeir\u00e3o Preto<\/p>\n<p>SAIBA MAIS<\/p>\n<h4 class=\"wp-block-heading\"><strong>FIQUE ON<\/strong><\/h4>\n<p>Fique ligado em tudo que acontece em Ribeir\u00e3o Preto e regi\u00e3o. Siga os perfis do\u00a0<strong>acidade on<\/strong>\u00a0no<a href=\"https:\/\/www.instagram.com\/acidadeonribeirao\" target=\"_blank\" rel=\"noreferrer noopener\">\u00a0Instagram<\/a>\u00a0e no\u00a0<a href=\"https:\/\/www.facebook.com\/acidadeonribeirao\/\" target=\"_blank\" rel=\"noreferrer noopener\">Facebook<\/a>.<\/p>\n<p>Receba not\u00edcias do\u00a0<strong>acidade on<\/strong>\u00a0no WhatsApp.\u00a0<a href=\"https:\/\/chat.whatsapp.com\/CdrZ6xrf7quD44Vw3WlPuZ\" target=\"_blank\" rel=\"noreferrer noopener\">Para entrar no grupo, basta clicar aqui.<\/a><\/p>\n<p>Fa\u00e7a uma den\u00fancia ou sugira uma reportagem sobre Ribeir\u00e3o Preto e regi\u00e3o pelo WhatsApp: 16 99117 7802.<\/p>\n<p>VEJA TAMB\u00c9M<\/p>\n<p>\u2060Qual \u00e9 a previs\u00e3o do tempo para a semana em SP?<\/p>\n<p><!-- AI CONTENT END 1 -->\n<\/div>\n<\/div>\n<p><script async src=\"\/\/www.instagram.com\/embed.js\"><\/script><br \/>\n<br \/><br \/>\n<br \/><a href=\"https:\/\/www.acidadeon.com\/ribeiraopreto\/cotidiano\/ladrao-entra-na-frente-de-caminhonete-e-atira-ao-tentar-roubo-na-regiao-de-ribeirao-preto\/\">Source link <\/a><\/p>\n<div class='code-block code-block-4' style='margin: 8px auto 8px 0; text-align: left; display: block; clear: both;'>\n\ud83d\udce2 Aviso Legal\n\nO site ismaelcolosi.com.br atua apenas como um canal de divulga\u00e7\u00e3o de oportunidades de emprego e n\u00e3o se responsabiliza pelo processo seletivo, contrata\u00e7\u00e3o ou qualquer outra etapa relacionada \u00e0s vagas publicadas. Todas as informa\u00e7\u00f5es s\u00e3o de responsabilidade dos anunciantes.\n\n\u26a0\ufe0f Aten\u00e7\u00e3o! Nunca pague por promessas de emprego nem compre cursos que garantam contrata\u00e7\u00e3o. Desconfie de qualquer cobran\u00e7a para participar de sele\u00e7\u00f5es.\n\n\n\n<\/div>\n<!-- CONTENT END 1 -->\n","protected":false},"excerpt":{"rendered":"<p>Um vendedor de 45 anos foi v\u00edtima de tentativa de roubo na noite do \u00faltimo s\u00e1bado (20), na estrada vicinal Armando Scozzafave, em Brodowski. Segundo&#8230;<\/p>\n","protected":false},"author":1,"featured_media":57474,"comment_status":"open","ping_status":"open","sticky":false,"template":"","format":"standard","meta":{"_uag_custom_page_level_css":"","advanced_seo_description":"","jetpack_seo_html_title":"","jetpack_seo_noindex":false,"jetpack_post_was_ever_published":false,"_jetpack_newsletter_access":"","_jetpack_dont_email_post_to_subs":false,"_jetpack_newsletter_tier_id":0,"_jetpack_memberships_contains_paywalled_content":false,"_jetpack_memberships_contains_paid_content":false,"footnotes":"","jetpack_publicize_message":"","jetpack_publicize_feature_enabled":true,"jetpack_social_post_already_shared":true,"jetpack_social_options":{"image_generator_settings":{"template":"highway","default_image_id":0,"font":"","enabled":false},"version":2}},"categories":[11],"tags":[],"class_list":["post-57473","post","type-post","status-publish","format-standard","has-post-thumbnail","hentry","category-noticias-de-ribeirao-preto-sp-e-regiao-ismael-colosi"],"jetpack_publicize_connections":[],"jetpack_featured_media_url":"https:\/\/i0.wp.com\/ismaelcolosi.com.br\/wp-content\/uploads\/2024\/07\/1721656003_cpj_1024x576_21012021092745.jpg?fit=1024%2C575&ssl=1","uagb_featured_image_src":{"full":["https:\/\/i0.wp.com\/ismaelcolosi.com.br\/wp-content\/uploads\/2024\/07\/1721656003_cpj_1024x576_21012021092745.jpg?fit=1024%2C575&ssl=1",1024,575,false],"thumbnail":["https:\/\/i0.wp.com\/ismaelcolosi.com.br\/wp-content\/uploads\/2024\/07\/1721656003_cpj_1024x576_21012021092745.jpg?resize=150%2C150&ssl=1",150,150,true],"medium":["https:\/\/i0.wp.com\/ismaelcolosi.com.br\/wp-content\/uploads\/2024\/07\/1721656003_cpj_1024x576_21012021092745.jpg?fit=300%2C168&ssl=1",300,168,true],"medium_large":["https:\/\/i0.wp.com\/ismaelcolosi.com.br\/wp-content\/uploads\/2024\/07\/1721656003_cpj_1024x576_21012021092745.jpg?fit=768%2C431&ssl=1",768,431,true],"large":["https:\/\/i0.wp.com\/ismaelcolosi.com.br\/wp-content\/uploads\/2024\/07\/1721656003_cpj_1024x576_21012021092745.jpg?fit=1024%2C575&ssl=1",1024,575,true],"1536x1536":["https:\/\/i0.wp.com\/ismaelcolosi.com.br\/wp-content\/uploads\/2024\/07\/1721656003_cpj_1024x576_21012021092745.jpg?fit=1024%2C575&ssl=1",1024,575,true],"2048x2048":["https:\/\/i0.wp.com\/ismaelcolosi.com.br\/wp-content\/uploads\/2024\/07\/1721656003_cpj_1024x576_21012021092745.jpg?fit=1024%2C575&ssl=1",1024,575,true],"really-simple-thumb":["https:\/\/i0.wp.com\/ismaelcolosi.com.br\/wp-content\/uploads\/2024\/07\/1721656003_cpj_1024x576_21012021092745.jpg?resize=370%2C247&ssl=1",370,247,true]},"uagb_author_info":{"display_name":"ismaelcolosi.com.br","author_link":"https:\/\/ismaelcolosi.com.br\/index.php\/author\/vidareal-online\/"},"uagb_comment_info":0,"uagb_excerpt":"Um vendedor de 45 anos foi v\u00edtima de tentativa de roubo na noite do \u00faltimo s\u00e1bado (20), na estrada vicinal Armando Scozzafave, em Brodowski. Segundo...","jetpack-related-posts":[{"id":53653,"url":"https:\/\/ismaelcolosi.com.br\/index.php\/2024\/06\/18\/assaltante-e-baleado-por-sargento-da-pm-ao-reagir-a-roubo-regiao-de-ribeirao-preto\/","url_meta":{"origin":57473,"position":0},"title":"Assaltante \u00e9 baleado por sargento da PM ao reagir a roubo regi\u00e3o de Ribeir\u00e3o Preto","author":"ismaelcolosi.com.br","date":"18 de June de 2024","format":false,"excerpt":"Um sargento da PM (Pol\u00edcia Militar) baleou um assaltante ao reagir a um roubo na manh\u00e3 desta ter\u00e7a-feira (18), no Distrito Industrial Jos\u00e9 Aparecido, em Jaboticabal, cidade a aproximadamente 50 quil\u00f4metros de Ribeir\u00e3o Preto. Segundo informa\u00e7\u00f5es da Pol\u00edcia Civil, o policial, de 46 anos, levava a filha para o trabalho\u2026","rel":"","context":"In &quot;Not\u00edcias de Ribeir\u00e3o Preto-SP e Regi\u00e3o&quot;","block_context":{"text":"Not\u00edcias de Ribeir\u00e3o Preto-SP e Regi\u00e3o","link":"https:\/\/ismaelcolosi.com.br\/index.php\/category\/noticias-de-ribeirao-preto-sp-e-regiao-ismael-colosi\/"},"img":{"alt_text":"","src":"https:\/\/i0.wp.com\/ismaelcolosi.com.br\/wp-content\/uploads\/2024\/06\/1718735003_20220620_114539075_policia_qru_1024x576_25052021184749_jpg_715985292.jpg?fit=1200%2C606&ssl=1&resize=350%2C200","width":350,"height":200,"srcset":"https:\/\/i0.wp.com\/ismaelcolosi.com.br\/wp-content\/uploads\/2024\/06\/1718735003_20220620_114539075_policia_qru_1024x576_25052021184749_jpg_715985292.jpg?fit=1200%2C606&ssl=1&resize=350%2C200 1x, https:\/\/i0.wp.com\/ismaelcolosi.com.br\/wp-content\/uploads\/2024\/06\/1718735003_20220620_114539075_policia_qru_1024x576_25052021184749_jpg_715985292.jpg?fit=1200%2C606&ssl=1&resize=525%2C300 1.5x, https:\/\/i0.wp.com\/ismaelcolosi.com.br\/wp-content\/uploads\/2024\/06\/1718735003_20220620_114539075_policia_qru_1024x576_25052021184749_jpg_715985292.jpg?fit=1200%2C606&ssl=1&resize=700%2C400 2x, https:\/\/i0.wp.com\/ismaelcolosi.com.br\/wp-content\/uploads\/2024\/06\/1718735003_20220620_114539075_policia_qru_1024x576_25052021184749_jpg_715985292.jpg?fit=1200%2C606&ssl=1&resize=1050%2C600 3x"},"classes":[]},{"id":71538,"url":"https:\/\/ismaelcolosi.com.br\/index.php\/2024\/10\/16\/motorista-diz-que-atropelou-e-matou-homem-enquanto-fugia-de-tentativa-de-roubo-em-ribeirao\/","url_meta":{"origin":57473,"position":1},"title":"Motorista diz que atropelou e matou homem enquanto fugia de tentativa de roubo em Ribeir\u00e3o","author":"ismaelcolosi.com.br","date":"16 de October de 2024","format":false,"excerpt":"A Pol\u00edcia Civil identificou o motorista que atropelou e matou um homem de 30 anos na madrugada de segunda-feira (14), no Jardim Sumar\u00e9, zona Sul de Ribeir\u00e3o Preto. Ele prestou depoimento nesta quarta-feira (16). De acordo com o delegado Jos\u00e9 Augusto Franzini, o motorista disse que teria atropelado o homem\u2026","rel":"","context":"In &quot;Not\u00edcias de Ribeir\u00e3o Preto-SP e Regi\u00e3o&quot;","block_context":{"text":"Not\u00edcias de Ribeir\u00e3o Preto-SP e Regi\u00e3o","link":"https:\/\/ismaelcolosi.com.br\/index.php\/category\/noticias-de-ribeirao-preto-sp-e-regiao-ismael-colosi\/"},"img":{"alt_text":"","src":"https:\/\/i0.wp.com\/ismaelcolosi.com.br\/wp-content\/uploads\/2024\/10\/WhatsApp-Image-2024-10-16-at-19.00.35_2024-10-16_22-00-42_jpeg_2024-10-16_22-00-42.webp.webp?fit=1102%2C597&ssl=1&resize=350%2C200","width":350,"height":200,"srcset":"https:\/\/i0.wp.com\/ismaelcolosi.com.br\/wp-content\/uploads\/2024\/10\/WhatsApp-Image-2024-10-16-at-19.00.35_2024-10-16_22-00-42_jpeg_2024-10-16_22-00-42.webp.webp?fit=1102%2C597&ssl=1&resize=350%2C200 1x, https:\/\/i0.wp.com\/ismaelcolosi.com.br\/wp-content\/uploads\/2024\/10\/WhatsApp-Image-2024-10-16-at-19.00.35_2024-10-16_22-00-42_jpeg_2024-10-16_22-00-42.webp.webp?fit=1102%2C597&ssl=1&resize=525%2C300 1.5x, https:\/\/i0.wp.com\/ismaelcolosi.com.br\/wp-content\/uploads\/2024\/10\/WhatsApp-Image-2024-10-16-at-19.00.35_2024-10-16_22-00-42_jpeg_2024-10-16_22-00-42.webp.webp?fit=1102%2C597&ssl=1&resize=700%2C400 2x, https:\/\/i0.wp.com\/ismaelcolosi.com.br\/wp-content\/uploads\/2024\/10\/WhatsApp-Image-2024-10-16-at-19.00.35_2024-10-16_22-00-42_jpeg_2024-10-16_22-00-42.webp.webp?fit=1102%2C597&ssl=1&resize=1050%2C600 3x"},"classes":[]},{"id":41972,"url":"https:\/\/ismaelcolosi.com.br\/index.php\/2024\/03\/12\/dupla-e-presa-apos-roubar-caminhonete-em-area-rural-da-regiao\/","url_meta":{"origin":57473,"position":2},"title":"Dupla \u00e9 presa ap\u00f3s roubar caminhonete em \u00e1rea rural da regi\u00e3o","author":"ismaelcolosi.com.br","date":"12 de March de 2024","format":false,"excerpt":"Ladr\u00f5es armados de faca levaram caminhonete de s\u00edtio na cidade de Prad\u00f3polis e foram presos na chegada a Ribeir\u00e3o Preto 12 de mar\u00e7o de 2024 | 11:40 0Por: Adalberto LuqueDois homens foram presos, na madrugada desta ter\u00e7a-feira (12), ap\u00f3s roubarem uma caminhonete de um s\u00edtio, na cidade de Prad\u00f3polis. O\u2026","rel":"","context":"In &quot;Not\u00edcias de Ribeir\u00e3o Preto-SP e Regi\u00e3o&quot;","block_context":{"text":"Not\u00edcias de Ribeir\u00e3o Preto-SP e Regi\u00e3o","link":"https:\/\/ismaelcolosi.com.br\/index.php\/category\/noticias-de-ribeirao-preto-sp-e-regiao-ismael-colosi\/"},"img":{"alt_text":"","src":"https:\/\/i0.wp.com\/ismaelcolosi.com.br\/wp-content\/uploads\/2024\/03\/00-12-mar-2024-roubo-em-sitio-01-foto-baep-scaled.jpg?fit=1000%2C587&ssl=1&resize=350%2C200","width":350,"height":200,"srcset":"https:\/\/i0.wp.com\/ismaelcolosi.com.br\/wp-content\/uploads\/2024\/03\/00-12-mar-2024-roubo-em-sitio-01-foto-baep-scaled.jpg?fit=1000%2C587&ssl=1&resize=350%2C200 1x, https:\/\/i0.wp.com\/ismaelcolosi.com.br\/wp-content\/uploads\/2024\/03\/00-12-mar-2024-roubo-em-sitio-01-foto-baep-scaled.jpg?fit=1000%2C587&ssl=1&resize=525%2C300 1.5x, https:\/\/i0.wp.com\/ismaelcolosi.com.br\/wp-content\/uploads\/2024\/03\/00-12-mar-2024-roubo-em-sitio-01-foto-baep-scaled.jpg?fit=1000%2C587&ssl=1&resize=700%2C400 2x"},"classes":[]},{"id":47537,"url":"https:\/\/ismaelcolosi.com.br\/index.php\/2024\/04\/26\/empresario-tem-caminhonete-roubada-em-rodovia-de-ribeirao-preto\/","url_meta":{"origin":57473,"position":3},"title":"Empres\u00e1rio tem caminhonete roubada em rodovia de Ribeir\u00e3o Preto","author":"ismaelcolosi.com.br","date":"26 de April de 2024","format":false,"excerpt":"Um empres\u00e1rio teve a caminhonete roubada por dois criminosos na rodovia Geovana Aparecida Deliberto, no Jardim Piratininga, em Ribeir\u00e3o Preto. O crime aconteceu por volta das 20h da \u00faltima quinta-feira (25). De acordo com o BO (boletim de ocorr\u00eancia), os ladr\u00f5es levaram uma Nissan Frontier e duas m\u00e1quinas utilizadas na\u2026","rel":"","context":"In &quot;Not\u00edcias de Ribeir\u00e3o Preto-SP e Regi\u00e3o&quot;","block_context":{"text":"Not\u00edcias de Ribeir\u00e3o Preto-SP e Regi\u00e3o","link":"https:\/\/ismaelcolosi.com.br\/index.php\/category\/noticias-de-ribeirao-preto-sp-e-regiao-ismael-colosi\/"},"img":{"alt_text":"","src":"https:\/\/i0.wp.com\/ismaelcolosi.com.br\/wp-content\/uploads\/2024\/04\/1714134640_HomemmorreapscairdeandaimeenquantotrabalhavaemRibeiroPreto_Tamanho_2_image.jpg?fit=1200%2C900&ssl=1&resize=350%2C200","width":350,"height":200,"srcset":"https:\/\/i0.wp.com\/ismaelcolosi.com.br\/wp-content\/uploads\/2024\/04\/1714134640_HomemmorreapscairdeandaimeenquantotrabalhavaemRibeiroPreto_Tamanho_2_image.jpg?fit=1200%2C900&ssl=1&resize=350%2C200 1x, https:\/\/i0.wp.com\/ismaelcolosi.com.br\/wp-content\/uploads\/2024\/04\/1714134640_HomemmorreapscairdeandaimeenquantotrabalhavaemRibeiroPreto_Tamanho_2_image.jpg?fit=1200%2C900&ssl=1&resize=525%2C300 1.5x, https:\/\/i0.wp.com\/ismaelcolosi.com.br\/wp-content\/uploads\/2024\/04\/1714134640_HomemmorreapscairdeandaimeenquantotrabalhavaemRibeiroPreto_Tamanho_2_image.jpg?fit=1200%2C900&ssl=1&resize=700%2C400 2x, https:\/\/i0.wp.com\/ismaelcolosi.com.br\/wp-content\/uploads\/2024\/04\/1714134640_HomemmorreapscairdeandaimeenquantotrabalhavaemRibeiroPreto_Tamanho_2_image.jpg?fit=1200%2C900&ssl=1&resize=1050%2C600 3x"},"classes":[]},{"id":50187,"url":"https:\/\/ismaelcolosi.com.br\/index.php\/2024\/05\/15\/caminhonete-que-transportava-familia-pega-fogo-em-cidade-na-regiao-de-ribeirao\/","url_meta":{"origin":57473,"position":4},"title":"Caminhonete que transportava fam\u00edlia pega fogo em cidade na regi\u00e3o de Ribeir\u00e3o","author":"ismaelcolosi.com.br","date":"15 de May de 2024","format":false,"excerpt":"Uma caminhonete com um casal e o filho pegou fogo no in\u00edcio da manh\u00e3 desta quarta-feira (15), em Batatais, cidade a aproximadamente 40 quil\u00f4metros de Ribeir\u00e3o Preto. Segundo o Corpo de Bombeiros, a fam\u00edlia percebeu a fuma\u00e7a e conseguiu deixar o ve\u00edculo pela avenida Prefeito Jos\u00e9 Pimenta Neves com a\u2026","rel":"","context":"In &quot;Not\u00edcias de Ribeir\u00e3o Preto-SP e Regi\u00e3o&quot;","block_context":{"text":"Not\u00edcias de Ribeir\u00e3o Preto-SP e Regi\u00e3o","link":"https:\/\/ismaelcolosi.com.br\/index.php\/category\/noticias-de-ribeirao-preto-sp-e-regiao-ismael-colosi\/"},"img":{"alt_text":"","src":"https:\/\/i0.wp.com\/ismaelcolosi.com.br\/wp-content\/uploads\/2024\/05\/WhatsApp-Image-2024-05-15-at-08.06.21_2024-05-15_11-06-38_jpeg_2024-05-15_11-06-38.webp.webp?fit=1200%2C976&ssl=1&resize=350%2C200","width":350,"height":200,"srcset":"https:\/\/i0.wp.com\/ismaelcolosi.com.br\/wp-content\/uploads\/2024\/05\/WhatsApp-Image-2024-05-15-at-08.06.21_2024-05-15_11-06-38_jpeg_2024-05-15_11-06-38.webp.webp?fit=1200%2C976&ssl=1&resize=350%2C200 1x, https:\/\/i0.wp.com\/ismaelcolosi.com.br\/wp-content\/uploads\/2024\/05\/WhatsApp-Image-2024-05-15-at-08.06.21_2024-05-15_11-06-38_jpeg_2024-05-15_11-06-38.webp.webp?fit=1200%2C976&ssl=1&resize=525%2C300 1.5x, https:\/\/i0.wp.com\/ismaelcolosi.com.br\/wp-content\/uploads\/2024\/05\/WhatsApp-Image-2024-05-15-at-08.06.21_2024-05-15_11-06-38_jpeg_2024-05-15_11-06-38.webp.webp?fit=1200%2C976&ssl=1&resize=700%2C400 2x, https:\/\/i0.wp.com\/ismaelcolosi.com.br\/wp-content\/uploads\/2024\/05\/WhatsApp-Image-2024-05-15-at-08.06.21_2024-05-15_11-06-38_jpeg_2024-05-15_11-06-38.webp.webp?fit=1200%2C976&ssl=1&resize=1050%2C600 3x"},"classes":[]},{"id":43614,"url":"https:\/\/ismaelcolosi.com.br\/index.php\/2024\/03\/22\/professora-luta-com-ladrao-e-impede-roubo-de-veiculo\/","url_meta":{"origin":57473,"position":5},"title":"Professora luta com ladr\u00e3o e impede roubo de ve\u00edculo","author":"ismaelcolosi.com.br","date":"22 de March de 2024","format":false,"excerpt":"Dupla de moto tentou levar o carro, mas acabaram fugindo ap\u00f3s rea\u00e7\u00e3o da v\u00edtima; mulher ficou ferida 22 de mar\u00e7o de 2024 | 12:11 1 Por: Adalberto Luque Uma mulher de 45 anos conseguiu evitar que seu carro fosse roubado, na noite desta quinta-feira (21). Ela foi abordada ap\u00f3s estacionar\u2026","rel":"","context":"In &quot;Not\u00edcias de Ribeir\u00e3o Preto-SP e Regi\u00e3o&quot;","block_context":{"text":"Not\u00edcias de Ribeir\u00e3o Preto-SP e Regi\u00e3o","link":"https:\/\/ismaelcolosi.com.br\/index.php\/category\/noticias-de-ribeirao-preto-sp-e-regiao-ismael-colosi\/"},"img":{"alt_text":"","src":"https:\/\/i0.wp.com\/ismaelcolosi.com.br\/wp-content\/uploads\/2024\/03\/00-22-mar-2024-professora-briga-foto-alfredo-risk-scaled.jpg?fit=968%2C645&ssl=1&resize=350%2C200","width":350,"height":200,"srcset":"https:\/\/i0.wp.com\/ismaelcolosi.com.br\/wp-content\/uploads\/2024\/03\/00-22-mar-2024-professora-briga-foto-alfredo-risk-scaled.jpg?fit=968%2C645&ssl=1&resize=350%2C200 1x, https:\/\/i0.wp.com\/ismaelcolosi.com.br\/wp-content\/uploads\/2024\/03\/00-22-mar-2024-professora-briga-foto-alfredo-risk-scaled.jpg?fit=968%2C645&ssl=1&resize=525%2C300 1.5x, https:\/\/i0.wp.com\/ismaelcolosi.com.br\/wp-content\/uploads\/2024\/03\/00-22-mar-2024-professora-briga-foto-alfredo-risk-scaled.jpg?fit=968%2C645&ssl=1&resize=700%2C400 2x"},"classes":[]}],"jetpack_sharing_enabled":true,"jetpack_shortlink":"https:\/\/wp.me\/pfMlyK-eWZ","_links":{"self":[{"href":"https:\/\/ismaelcolosi.com.br\/index.php\/wp-json\/wp\/v2\/posts\/57473","targetHints":{"allow":["GET"]}}],"collection":[{"href":"https:\/\/ismaelcolosi.com.br\/index.php\/wp-json\/wp\/v2\/posts"}],"about":[{"href":"https:\/\/ismaelcolosi.com.br\/index.php\/wp-json\/wp\/v2\/types\/post"}],"author":[{"embeddable":true,"href":"https:\/\/ismaelcolosi.com.br\/index.php\/wp-json\/wp\/v2\/users\/1"}],"replies":[{"embeddable":true,"href":"https:\/\/ismaelcolosi.com.br\/index.php\/wp-json\/wp\/v2\/comments?post=57473"}],"version-history":[{"count":0,"href":"https:\/\/ismaelcolosi.com.br\/index.php\/wp-json\/wp\/v2\/posts\/57473\/revisions"}],"wp:featuredmedia":[{"embeddable":true,"href":"https:\/\/ismaelcolosi.com.br\/index.php\/wp-json\/wp\/v2\/media\/57474"}],"wp:attachment":[{"href":"https:\/\/ismaelcolosi.com.br\/index.php\/wp-json\/wp\/v2\/media?parent=57473"}],"wp:term":[{"taxonomy":"category","embeddable":true,"href":"https:\/\/ismaelcolosi.com.br\/index.php\/wp-json\/wp\/v2\/categories?post=57473"},{"taxonomy":"post_tag","embeddable":true,"href":"https:\/\/ismaelcolosi.com.br\/index.php\/wp-json\/wp\/v2\/tags?post=57473"}],"curies":[{"name":"wp","href":"https:\/\/api.w.org\/{rel}","templated":true}]}}