{"id":57469,"date":"2024-07-22T10:33:58","date_gmt":"2024-07-22T13:33:58","guid":{"rendered":"https:\/\/ismaelcolosi.com.br\/index.php\/2024\/07\/22\/sisprime-supera-metas-e-apresenta-resultados-do-1o-semestre\/"},"modified":"2024-07-22T10:33:58","modified_gmt":"2024-07-22T13:33:58","slug":"sisprime-supera-metas-e-apresenta-resultados-do-1o-semestre","status":"publish","type":"post","link":"https:\/\/ismaelcolosi.com.br\/index.php\/2024\/07\/22\/sisprime-supera-metas-e-apresenta-resultados-do-1o-semestre\/","title":{"rendered":"Sisprime supera metas e apresenta resultados do 1\u00ba semestre"},"content":{"rendered":"<p> <br \/>\n<\/p>\n<div>\n<p>A Sisprime do Brasil, maior e mais completa cooperativa de cr\u00e9dito independente do pa\u00eds e a maior com foco na \u00e1rea da sa\u00fade, apresenta um crescimento expressivo nos resultados do 1\u00ba semestre de 2024.<\/p>\n<p>A cooperativa ultrapassou a marca de 50 mil cooperados e alcan\u00e7ou o total de 48 ag\u00eancias ao abrir novas unidades nos estados de Santa Catarina e Minas Gerais, que se somam aos estados do Paran\u00e1 e de S\u00e3o Paulo.<\/p>\n<p>Com mais de R$ 8,4 bilh\u00f5es em Recursos Administrados, a Sisprime registrou um aumento de 24% em rela\u00e7\u00e3o ao mesmo per\u00edodo do ano anterior, evidenciando a gest\u00e3o eficiente dos ativos e a amplia\u00e7\u00e3o da base de cooperados, que se refletem em suas Sobras acumuladas, com a marca de R$ 126 milh\u00f5es no semestre, aumento de 8%.<\/p>\n<figure class=\"wp-block-image size-large\"><img data-recalc-dims=\"1\" loading=\"lazy\" decoding=\"async\" width=\"1024\" height=\"683\" src=\"https:\/\/i0.wp.com\/www.acidadeon.com\/ribeiraopreto\/wp-content\/uploads\/sites\/3\/2024\/07\/2-54_2024-07-22_12-55-08_png_2024-07-22_12-55-08-1024x683.webp?resize=1024%2C683&#038;ssl=1\" alt=\"Cr\u00e9dito: Divulga\u00e7\u00e3o\" class=\"wp-image-88520\" srcset=\"https:\/\/www.acidadeon.com\/ribeiraopreto\/wp-content\/uploads\/sites\/3\/2024\/07\/2-54_2024-07-22_12-55-08_png_2024-07-22_12-55-08-1024x683.webp 1024w, https:\/\/www.acidadeon.com\/ribeiraopreto\/wp-content\/uploads\/sites\/3\/2024\/07\/2-54_2024-07-22_12-55-08_png_2024-07-22_12-55-08-300x200.webp 300w, https:\/\/www.acidadeon.com\/ribeiraopreto\/wp-content\/uploads\/sites\/3\/2024\/07\/2-54_2024-07-22_12-55-08_png_2024-07-22_12-55-08-768x512.webp 768w, https:\/\/www.acidadeon.com\/ribeiraopreto\/wp-content\/uploads\/sites\/3\/2024\/07\/2-54_2024-07-22_12-55-08_png_2024-07-22_12-55-08-696x464.webp 696w, https:\/\/www.acidadeon.com\/ribeiraopreto\/wp-content\/uploads\/sites\/3\/2024\/07\/2-54_2024-07-22_12-55-08_png_2024-07-22_12-55-08-1068x712.webp 1068w, https:\/\/www.acidadeon.com\/ribeiraopreto\/wp-content\/uploads\/sites\/3\/2024\/07\/2-54_2024-07-22_12-55-08_png_2024-07-22_12-55-08.webp 1200w\" sizes=\"auto, (max-width: 1024px) 100vw, 1024px\"\/><figcaption class=\"wp-element-caption\">Cr\u00e9dito: Divulga\u00e7\u00e3o<\/figcaption><\/figure>\n<p>Com retornos financeiros expressivos e um atendimento exclusivo, a Sisprime possui alto \u00edndice de satisfa\u00e7\u00e3o dos cooperados, atingindo uma avalia\u00e7\u00e3o de 84 pontos de NPS\u00b9, que a coloca dentro da Zona de Excel\u00eancia, como refer\u00eancia mundial em experi\u00eancia do cliente.<\/p>\n<p>Muito al\u00e9m dos resultados financeiros, o modelo de neg\u00f3cios cooperativista se destaca pelo retorno \u00e0 comunidade e o fomento da economia local. No semestre, foram mais de 65 mil pessoas impactadas por a\u00e7\u00f5es sociais apoiadas pela Sisprime, que se mant\u00e9m fiel \u00e0s suas origens, com forte rela\u00e7\u00e3o com a \u00e1rea da sa\u00fade e apoio a iniciativas como o financiamento na constru\u00e7\u00e3o de hospitais p\u00fablicos e privados.<\/p>\n<blockquote class=\"wp-block-quote\">\n<p>\u201cOfertamos uma taxa de juros 21% menor que a do setor financeiro tradicional\u00b2 , fator esse que aliado ao retorno das Sobras, os investimentos que realizamos em a\u00e7\u00f5es sociais e a gera\u00e7\u00e3o de empregos, contribuem significativamente para a economia local e o bem-estar das pessoas\u201d, afirmou o Dr. Alvaro Jabur, presidente da cooperativa.<\/p>\n<\/blockquote>\n<p>Os resultados deste primeiro semestre da Sisprime do Brasil demonstram uma trajet\u00f3ria de crescimento s\u00f3lido e cont\u00ednuo e destacam a cooperativa como uma refer\u00eancia no setor. Tal crescimento reflete o compromisso da Sisprime com a efici\u00eancia, seguran\u00e7a e a satisfa\u00e7\u00e3o dos seus cooperados, alinhados a um firme prop\u00f3sito de melhorar a vida financeira das pessoas.<\/p>\n<p><strong>Sobre a Sisprime do Brasil<\/strong><\/p>\n<p>Fundada em 1997, \u00e9 a maior e mais completa cooperativa de cr\u00e9dito independente do pa\u00eds e a maior com foco na \u00e1rea da sa\u00fade. Administra mais de R$ 8,4 bilh\u00f5es em recursos e possui patrim\u00f4nio l\u00edquido de R$ 1,4 bilh\u00e3o. \u00c9 associada ao Fundo Garantidor do Cooperativismo de Cr\u00e9dito, que garante dep\u00f3sitos de at\u00e9 R$ 250 mil por CPF\/CNPJ.\u00a0 A cooperativa conta com 48 ag\u00eancias nos estados do Paran\u00e1, S\u00e3o Paulo, Santa Catarina e Minas Gerais e mais de 50 mil cooperados. Os cooperados recebem atendimento exclusivo, orienta\u00e7\u00e3o financeira e participa\u00e7\u00e3o na distribui\u00e7\u00e3o das Sobras anuais.<\/p>\n<p>1 NPS: Estudo realizado em 2024 por Zoom Intelig\u00eancia em Pesquisas.<\/p>\n<p>2 Os c\u00e1lculos s\u00e3o realizados com base em uma metodologia divulgada pelo Banco Central do Brasil (BCB). Os diferenciais de taxa e retorno sobre investimentos s\u00e3o calculados comparando as taxas m\u00e9dias praticadas pela Sisprime com rela\u00e7\u00e3o aos cinco maiores bancos comerciais do pa\u00eds, dispon\u00edveis no site do BCB.<\/p>\n<p><!-- AI CONTENT END 1 -->\n<\/div>\n<p><br \/>\n<br \/><a href=\"https:\/\/www.acidadeon.com\/ribeiraopreto\/conteudo-patrocinado\/sisprime\/sisprime-supera-metas-e-apresenta-resultados-do-1o-semestre\/\">Source link <\/a><\/p>\n<div class='code-block code-block-4' style='margin: 8px auto 8px 0; text-align: left; display: block; clear: both;'>\n\ud83d\udce2 Aviso Legal\n\nO site ismaelcolosi.com.br atua apenas como um canal de divulga\u00e7\u00e3o de oportunidades de emprego e n\u00e3o se responsabiliza pelo processo seletivo, contrata\u00e7\u00e3o ou qualquer outra etapa relacionada \u00e0s vagas publicadas. Todas as informa\u00e7\u00f5es s\u00e3o de responsabilidade dos anunciantes.\n\n\u26a0\ufe0f Aten\u00e7\u00e3o! Nunca pague por promessas de emprego nem compre cursos que garantam contrata\u00e7\u00e3o. Desconfie de qualquer cobran\u00e7a para participar de sele\u00e7\u00f5es.\n\n\n\n<\/div>\n<!-- CONTENT END 1 -->\n","protected":false},"excerpt":{"rendered":"<p>A Sisprime do Brasil, maior e mais completa cooperativa de cr\u00e9dito independente do pa\u00eds e a maior com foco na \u00e1rea da sa\u00fade, apresenta um&#8230;<\/p>\n","protected":false},"author":1,"featured_media":57470,"comment_status":"open","ping_status":"open","sticky":false,"template":"","format":"standard","meta":{"_uag_custom_page_level_css":"","advanced_seo_description":"","jetpack_seo_html_title":"","jetpack_seo_noindex":false,"jetpack_post_was_ever_published":false,"_jetpack_newsletter_access":"","_jetpack_dont_email_post_to_subs":false,"_jetpack_newsletter_tier_id":0,"_jetpack_memberships_contains_paywalled_content":false,"_jetpack_memberships_contains_paid_content":false,"footnotes":"","jetpack_publicize_message":"","jetpack_publicize_feature_enabled":true,"jetpack_social_post_already_shared":true,"jetpack_social_options":{"image_generator_settings":{"template":"highway","default_image_id":0,"font":"","enabled":false},"version":2}},"categories":[11],"tags":[],"class_list":["post-57469","post","type-post","status-publish","format-standard","has-post-thumbnail","hentry","category-noticias-de-ribeirao-preto-sp-e-regiao-ismael-colosi"],"jetpack_publicize_connections":[],"jetpack_featured_media_url":"https:\/\/i0.wp.com\/ismaelcolosi.com.br\/wp-content\/uploads\/2024\/07\/1-67_2024-07-22_12-54-45_png_2024-07-22_12-54-45.webp.webp?fit=1200%2C800&ssl=1","uagb_featured_image_src":{"full":["https:\/\/i0.wp.com\/ismaelcolosi.com.br\/wp-content\/uploads\/2024\/07\/1-67_2024-07-22_12-54-45_png_2024-07-22_12-54-45.webp.webp?fit=1200%2C800&ssl=1",1200,800,false],"thumbnail":["https:\/\/i0.wp.com\/ismaelcolosi.com.br\/wp-content\/uploads\/2024\/07\/1-67_2024-07-22_12-54-45_png_2024-07-22_12-54-45.webp.webp?resize=150%2C150&ssl=1",150,150,true],"medium":["https:\/\/i0.wp.com\/ismaelcolosi.com.br\/wp-content\/uploads\/2024\/07\/1-67_2024-07-22_12-54-45_png_2024-07-22_12-54-45.webp.webp?fit=300%2C200&ssl=1",300,200,true],"medium_large":["https:\/\/i0.wp.com\/ismaelcolosi.com.br\/wp-content\/uploads\/2024\/07\/1-67_2024-07-22_12-54-45_png_2024-07-22_12-54-45.webp.webp?fit=768%2C512&ssl=1",768,512,true],"large":["https:\/\/i0.wp.com\/ismaelcolosi.com.br\/wp-content\/uploads\/2024\/07\/1-67_2024-07-22_12-54-45_png_2024-07-22_12-54-45.webp.webp?fit=1024%2C683&ssl=1",1024,683,true],"1536x1536":["https:\/\/i0.wp.com\/ismaelcolosi.com.br\/wp-content\/uploads\/2024\/07\/1-67_2024-07-22_12-54-45_png_2024-07-22_12-54-45.webp.webp?fit=1200%2C800&ssl=1",1200,800,true],"2048x2048":["https:\/\/i0.wp.com\/ismaelcolosi.com.br\/wp-content\/uploads\/2024\/07\/1-67_2024-07-22_12-54-45_png_2024-07-22_12-54-45.webp.webp?fit=1200%2C800&ssl=1",1200,800,true],"really-simple-thumb":["https:\/\/i0.wp.com\/ismaelcolosi.com.br\/wp-content\/uploads\/2024\/07\/1-67_2024-07-22_12-54-45_png_2024-07-22_12-54-45.webp.webp?resize=370%2C247&ssl=1",370,247,true]},"uagb_author_info":{"display_name":"ismaelcolosi.com.br","author_link":"https:\/\/ismaelcolosi.com.br\/index.php\/author\/vidareal-online\/"},"uagb_comment_info":0,"uagb_excerpt":"A Sisprime do Brasil, maior e mais completa cooperativa de cr\u00e9dito independente do pa\u00eds e a maior com foco na \u00e1rea da sa\u00fade, apresenta um...","jetpack-related-posts":[{"id":54505,"url":"https:\/\/ismaelcolosi.com.br\/index.php\/2024\/06\/25\/sisprime-oferece-credito-21-mais-barato-que-a-media-de-mercado\/","url_meta":{"origin":57469,"position":0},"title":"Sisprime oferece cr\u00e9dito 21% mais barato que a m\u00e9dia de mercado","author":"ismaelcolosi.com.br","date":"25 de June de 2024","format":false,"excerpt":"O cooperativismo de cr\u00e9dito ganha cada vez mais destaque como uma for\u00e7a transformadora, capaz de desencadear impactos significativos no desenvolvimento econ\u00f4mico local por meio do fortalecimento dos neg\u00f3cios e na gera\u00e7\u00e3o de empregos. Entre as vantagens do modelo cooperativista em compara\u00e7\u00e3o com outras institui\u00e7\u00f5es do Sistema Financeiro Nacional (SFN), destaca-se\u2026","rel":"","context":"In &quot;Not\u00edcias de Ribeir\u00e3o Preto-SP e Regi\u00e3o&quot;","block_context":{"text":"Not\u00edcias de Ribeir\u00e3o Preto-SP e Regi\u00e3o","link":"https:\/\/ismaelcolosi.com.br\/index.php\/category\/noticias-de-ribeirao-preto-sp-e-regiao-ismael-colosi\/"},"img":{"alt_text":"","src":"https:\/\/i0.wp.com\/ismaelcolosi.com.br\/wp-content\/uploads\/2024\/06\/1_2024-06-25_21-15-57_png_2024-06-25_21-15-57.webp.webp?fit=1200%2C675&ssl=1&resize=350%2C200","width":350,"height":200,"srcset":"https:\/\/i0.wp.com\/ismaelcolosi.com.br\/wp-content\/uploads\/2024\/06\/1_2024-06-25_21-15-57_png_2024-06-25_21-15-57.webp.webp?fit=1200%2C675&ssl=1&resize=350%2C200 1x, https:\/\/i0.wp.com\/ismaelcolosi.com.br\/wp-content\/uploads\/2024\/06\/1_2024-06-25_21-15-57_png_2024-06-25_21-15-57.webp.webp?fit=1200%2C675&ssl=1&resize=525%2C300 1.5x, https:\/\/i0.wp.com\/ismaelcolosi.com.br\/wp-content\/uploads\/2024\/06\/1_2024-06-25_21-15-57_png_2024-06-25_21-15-57.webp.webp?fit=1200%2C675&ssl=1&resize=700%2C400 2x, https:\/\/i0.wp.com\/ismaelcolosi.com.br\/wp-content\/uploads\/2024\/06\/1_2024-06-25_21-15-57_png_2024-06-25_21-15-57.webp.webp?fit=1200%2C675&ssl=1&resize=1050%2C600 3x"},"classes":[]},{"id":60366,"url":"https:\/\/ismaelcolosi.com.br\/index.php\/2024\/08\/15\/sisprime-do-brasil-e-referencia-em-satisfacao-do-cooperado\/","url_meta":{"origin":57469,"position":1},"title":"Sisprime do Brasil \u00e9 refer\u00eancia em satisfa\u00e7\u00e3o do cooperado","author":"ismaelcolosi.com.br","date":"15 de August de 2024","format":false,"excerpt":"Em um mundo cada vez mais din\u00e2mico, o suporte na tomada de decis\u00f5es financeiras \u00e9 crucial para garantir acertos e potencializar resultados. A Sisprime do Brasil, maior cooperativa de cr\u00e9dito independente do pa\u00eds, destaca-se pelo compromisso com o atendimento personalizado, refletindo seu prop\u00f3sito de melhorar a vida financeira das pessoas.\u2026","rel":"","context":"In &quot;Not\u00edcias de Ribeir\u00e3o Preto-SP e Regi\u00e3o&quot;","block_context":{"text":"Not\u00edcias de Ribeir\u00e3o Preto-SP e Regi\u00e3o","link":"https:\/\/ismaelcolosi.com.br\/index.php\/category\/noticias-de-ribeirao-preto-sp-e-regiao-ismael-colosi\/"},"img":{"alt_text":"","src":"https:\/\/i0.wp.com\/ismaelcolosi.com.br\/wp-content\/uploads\/2024\/08\/Banner_1200x800px_2024-08-15_17-50-39_png_2024-08-15_17-50-39.webp.webp?fit=1200%2C800&ssl=1&resize=350%2C200","width":350,"height":200,"srcset":"https:\/\/i0.wp.com\/ismaelcolosi.com.br\/wp-content\/uploads\/2024\/08\/Banner_1200x800px_2024-08-15_17-50-39_png_2024-08-15_17-50-39.webp.webp?fit=1200%2C800&ssl=1&resize=350%2C200 1x, https:\/\/i0.wp.com\/ismaelcolosi.com.br\/wp-content\/uploads\/2024\/08\/Banner_1200x800px_2024-08-15_17-50-39_png_2024-08-15_17-50-39.webp.webp?fit=1200%2C800&ssl=1&resize=525%2C300 1.5x, https:\/\/i0.wp.com\/ismaelcolosi.com.br\/wp-content\/uploads\/2024\/08\/Banner_1200x800px_2024-08-15_17-50-39_png_2024-08-15_17-50-39.webp.webp?fit=1200%2C800&ssl=1&resize=700%2C400 2x, https:\/\/i0.wp.com\/ismaelcolosi.com.br\/wp-content\/uploads\/2024\/08\/Banner_1200x800px_2024-08-15_17-50-39_png_2024-08-15_17-50-39.webp.webp?fit=1200%2C800&ssl=1&resize=1050%2C600 3x"},"classes":[]},{"id":47997,"url":"https:\/\/ismaelcolosi.com.br\/index.php\/2024\/04\/30\/sisprime-do-brasil-mantem-crescimento-no-primeiro-trimestre\/","url_meta":{"origin":57469,"position":2},"title":"Sisprime do Brasil mant\u00e9m crescimento no primeiro trimestre","author":"ismaelcolosi.com.br","date":"30 de April de 2024","format":false,"excerpt":"A Sisprime do Brasil iniciou o ano de 2024 a todo vapor ap\u00f3s celebrar o excelente resultado obtido no exerc\u00edcio de 2023, quando atingiu a marca de R$ 253 milh\u00f5es em Sobras. Neste ano, vem mantendo o ritmo de crescimento, ao fechar o primeiro trimestre com resultados acima da meta\u2026","rel":"","context":"In &quot;Not\u00edcias de Ribeir\u00e3o Preto-SP e Regi\u00e3o&quot;","block_context":{"text":"Not\u00edcias de Ribeir\u00e3o Preto-SP e Regi\u00e3o","link":"https:\/\/ismaelcolosi.com.br\/index.php\/category\/noticias-de-ribeirao-preto-sp-e-regiao-ismael-colosi\/"},"img":{"alt_text":"","src":"https:\/\/i0.wp.com\/ismaelcolosi.com.br\/wp-content\/uploads\/2024\/04\/Design-sem-nome_2024-04-30_12-29-32_png.webp.webp?fit=1200%2C800&ssl=1&resize=350%2C200","width":350,"height":200,"srcset":"https:\/\/i0.wp.com\/ismaelcolosi.com.br\/wp-content\/uploads\/2024\/04\/Design-sem-nome_2024-04-30_12-29-32_png.webp.webp?fit=1200%2C800&ssl=1&resize=350%2C200 1x, https:\/\/i0.wp.com\/ismaelcolosi.com.br\/wp-content\/uploads\/2024\/04\/Design-sem-nome_2024-04-30_12-29-32_png.webp.webp?fit=1200%2C800&ssl=1&resize=525%2C300 1.5x, https:\/\/i0.wp.com\/ismaelcolosi.com.br\/wp-content\/uploads\/2024\/04\/Design-sem-nome_2024-04-30_12-29-32_png.webp.webp?fit=1200%2C800&ssl=1&resize=700%2C400 2x, https:\/\/i0.wp.com\/ismaelcolosi.com.br\/wp-content\/uploads\/2024\/04\/Design-sem-nome_2024-04-30_12-29-32_png.webp.webp?fit=1200%2C800&ssl=1&resize=1050%2C600 3x"},"classes":[]},{"id":44007,"url":"https:\/\/ismaelcolosi.com.br\/index.php\/2024\/03\/25\/cresol-renova-com-camila-morgado-e-lanca-nova-campanha-tudo-comeca-por-voce\/","url_meta":{"origin":57469,"position":3},"title":"Cresol renova com Camila Morgado e lan\u00e7a nova campanha: \u201cTudo come\u00e7a por voc\u00ea\u201d","author":"ismaelcolosi.com.br","date":"25 de March de 2024","format":false,"excerpt":"A atriz Camila Morgado estrela as divulga\u00e7\u00f5es que destacam o protagonismo dos cooperados nas decis\u00f5es da cooperativa A Cresol apresenta, a partir do m\u00eas de mar\u00e7o, o seu novo mote, que refor\u00e7a o posicionamento de ter o cooperado no centro das decis\u00f5es. O lema \u201cTudo come\u00e7a por voc\u00ea\u201d busca evidenciar\u2026","rel":"","context":"In &quot;Not\u00edcias de Ribeir\u00e3o Preto-SP e Regi\u00e3o&quot;","block_context":{"text":"Not\u00edcias de Ribeir\u00e3o Preto-SP e Regi\u00e3o","link":"https:\/\/ismaelcolosi.com.br\/index.php\/category\/noticias-de-ribeirao-preto-sp-e-regiao-ismael-colosi\/"},"img":{"alt_text":"","src":"https:\/\/i0.wp.com\/ismaelcolosi.com.br\/wp-content\/uploads\/2024\/03\/cresol_camila_2024_cap1_banner_dia-a-dia-arapongas-PR-1080x1080px.png?fit=1080%2C1080&ssl=1&resize=350%2C200","width":350,"height":200,"srcset":"https:\/\/i0.wp.com\/ismaelcolosi.com.br\/wp-content\/uploads\/2024\/03\/cresol_camila_2024_cap1_banner_dia-a-dia-arapongas-PR-1080x1080px.png?fit=1080%2C1080&ssl=1&resize=350%2C200 1x, https:\/\/i0.wp.com\/ismaelcolosi.com.br\/wp-content\/uploads\/2024\/03\/cresol_camila_2024_cap1_banner_dia-a-dia-arapongas-PR-1080x1080px.png?fit=1080%2C1080&ssl=1&resize=525%2C300 1.5x, https:\/\/i0.wp.com\/ismaelcolosi.com.br\/wp-content\/uploads\/2024\/03\/cresol_camila_2024_cap1_banner_dia-a-dia-arapongas-PR-1080x1080px.png?fit=1080%2C1080&ssl=1&resize=700%2C400 2x, https:\/\/i0.wp.com\/ismaelcolosi.com.br\/wp-content\/uploads\/2024\/03\/cresol_camila_2024_cap1_banner_dia-a-dia-arapongas-PR-1080x1080px.png?fit=1080%2C1080&ssl=1&resize=1050%2C600 3x"},"classes":[]},{"id":18214,"url":"https:\/\/ismaelcolosi.com.br\/index.php\/2023\/12\/19\/cresol-paga-a-cooperados-mais-de-r-129-milhoes-em-juros-sobre-o-capital-social\/","url_meta":{"origin":57469,"position":4},"title":"Cresol paga a cooperados mais de R$ 129 milh\u00f5es em juros sobre o capital social","author":"ismaelcolosi.com.br","date":"19 de December de 2023","format":false,"excerpt":"19 de dezembro de 2023 | 14:35 0Os cooperados recebem, neste m\u00eas de dezembro, os rendimentos relacionados ao valor de suas cotas capitais mantidas na cooperativaA Cresol, uma das maiores institui\u00e7\u00f5es financeiras cooperativas do pa\u00eds, realiza neste m\u00eas de dezembro o pagamento de juros ao capital social 2023. Mais de\u2026","rel":"","context":"In &quot;Not\u00edcias de Ribeir\u00e3o Preto-SP e Regi\u00e3o&quot;","block_context":{"text":"Not\u00edcias de Ribeir\u00e3o Preto-SP e Regi\u00e3o","link":"https:\/\/ismaelcolosi.com.br\/index.php\/category\/noticias-de-ribeirao-preto-sp-e-regiao-ismael-colosi\/"},"img":{"alt_text":"","src":"https:\/\/i0.wp.com\/ismaelcolosi.com.br\/wp-content\/uploads\/2023\/12\/WhatsApp-Image-2023-12-19-at-09.21.57-scaled.jpeg?fit=963%2C645&ssl=1&resize=350%2C200","width":350,"height":200,"srcset":"https:\/\/i0.wp.com\/ismaelcolosi.com.br\/wp-content\/uploads\/2023\/12\/WhatsApp-Image-2023-12-19-at-09.21.57-scaled.jpeg?fit=963%2C645&ssl=1&resize=350%2C200 1x, https:\/\/i0.wp.com\/ismaelcolosi.com.br\/wp-content\/uploads\/2023\/12\/WhatsApp-Image-2023-12-19-at-09.21.57-scaled.jpeg?fit=963%2C645&ssl=1&resize=525%2C300 1.5x, https:\/\/i0.wp.com\/ismaelcolosi.com.br\/wp-content\/uploads\/2023\/12\/WhatsApp-Image-2023-12-19-at-09.21.57-scaled.jpeg?fit=963%2C645&ssl=1&resize=700%2C400 2x"},"classes":[]},{"id":1537,"url":"https:\/\/ismaelcolosi.com.br\/index.php\/2023\/11\/13\/evento-marca-25-anos-de-parceria-entre-cresol-e-brde\/","url_meta":{"origin":57469,"position":5},"title":"Evento marca 25 anos de parceria entre Cresol e BRDE","author":"ismaelcolosi.com.br","date":"13 de November de 2023","format":false,"excerpt":"Primeiros repasses de cr\u00e9dito rural foram realizados em 1998. Hoje, j\u00e1 s\u00e3o mais de 31 mil opera\u00e7\u00f5es, com valor que ultrapassa os R$ 2 bilh\u00f5esPara marcar os 25 anos de parceria com o Banco Regional de Desenvolvimento do Extremo Sul (BRDE), a Cresol promoveu, dia 9 de novembro, um evento\u2026","rel":"","context":"In &quot;Not\u00edcias de Ribeir\u00e3o Preto-SP e Regi\u00e3o&quot;","block_context":{"text":"Not\u00edcias de Ribeir\u00e3o Preto-SP e Regi\u00e3o","link":"https:\/\/ismaelcolosi.com.br\/index.php\/category\/noticias-de-ribeirao-preto-sp-e-regiao-ismael-colosi\/"},"img":{"alt_text":"","src":"https:\/\/i0.wp.com\/ismaelcolosi.com.br\/wp-content\/uploads\/2023\/11\/Cresol-e-BRDE-trofeu-scaled.jpg?fit=912%2C645&ssl=1&resize=350%2C200","width":350,"height":200,"srcset":"https:\/\/i0.wp.com\/ismaelcolosi.com.br\/wp-content\/uploads\/2023\/11\/Cresol-e-BRDE-trofeu-scaled.jpg?fit=912%2C645&ssl=1&resize=350%2C200 1x, https:\/\/i0.wp.com\/ismaelcolosi.com.br\/wp-content\/uploads\/2023\/11\/Cresol-e-BRDE-trofeu-scaled.jpg?fit=912%2C645&ssl=1&resize=525%2C300 1.5x, https:\/\/i0.wp.com\/ismaelcolosi.com.br\/wp-content\/uploads\/2023\/11\/Cresol-e-BRDE-trofeu-scaled.jpg?fit=912%2C645&ssl=1&resize=700%2C400 2x"},"classes":[]}],"jetpack_sharing_enabled":true,"jetpack_shortlink":"https:\/\/wp.me\/pfMlyK-eWV","_links":{"self":[{"href":"https:\/\/ismaelcolosi.com.br\/index.php\/wp-json\/wp\/v2\/posts\/57469","targetHints":{"allow":["GET"]}}],"collection":[{"href":"https:\/\/ismaelcolosi.com.br\/index.php\/wp-json\/wp\/v2\/posts"}],"about":[{"href":"https:\/\/ismaelcolosi.com.br\/index.php\/wp-json\/wp\/v2\/types\/post"}],"author":[{"embeddable":true,"href":"https:\/\/ismaelcolosi.com.br\/index.php\/wp-json\/wp\/v2\/users\/1"}],"replies":[{"embeddable":true,"href":"https:\/\/ismaelcolosi.com.br\/index.php\/wp-json\/wp\/v2\/comments?post=57469"}],"version-history":[{"count":0,"href":"https:\/\/ismaelcolosi.com.br\/index.php\/wp-json\/wp\/v2\/posts\/57469\/revisions"}],"wp:featuredmedia":[{"embeddable":true,"href":"https:\/\/ismaelcolosi.com.br\/index.php\/wp-json\/wp\/v2\/media\/57470"}],"wp:attachment":[{"href":"https:\/\/ismaelcolosi.com.br\/index.php\/wp-json\/wp\/v2\/media?parent=57469"}],"wp:term":[{"taxonomy":"category","embeddable":true,"href":"https:\/\/ismaelcolosi.com.br\/index.php\/wp-json\/wp\/v2\/categories?post=57469"},{"taxonomy":"post_tag","embeddable":true,"href":"https:\/\/ismaelcolosi.com.br\/index.php\/wp-json\/wp\/v2\/tags?post=57469"}],"curies":[{"name":"wp","href":"https:\/\/api.w.org\/{rel}","templated":true}]}}