{"id":57463,"date":"2024-07-22T10:17:56","date_gmt":"2024-07-22T13:17:56","guid":{"rendered":"https:\/\/ismaelcolosi.com.br\/index.php\/2024\/07\/22\/o-que-se-sabe-sobre-o-caso-da-influencer-e-ex-panicat-presa-no-interior-de-sp\/"},"modified":"2024-07-22T10:17:56","modified_gmt":"2024-07-22T13:17:56","slug":"o-que-se-sabe-sobre-o-caso-da-influencer-e-ex-panicat-presa-no-interior-de-sp","status":"publish","type":"post","link":"https:\/\/ismaelcolosi.com.br\/index.php\/2024\/07\/22\/o-que-se-sabe-sobre-o-caso-da-influencer-e-ex-panicat-presa-no-interior-de-sp\/","title":{"rendered":"O que se sabe sobre o caso da influencer e ex-panicat presa no interior de SP"},"content":{"rendered":"<p> <br \/>\n<\/p>\n<div>\n<p><strong>A\u00a0influencer digital, modelo e ex-participante de reality show Ana Paula Leme, de 47 anos, foi presa na madrugada de s\u00e1bado (20) suspeita de amea\u00e7a, inj\u00faria, embriaguez ao volante e desacato, em Campinas.<\/strong><\/p>\n<p>Segundo a\u00a0<strong>PM (Pol\u00edcia Militar)<\/strong>, o confus\u00e3o ocorreu em uma <strong>loja <\/strong>de <strong>conveni\u00eancia<\/strong>, no bairro\u00a0<strong>Cambu\u00ed<\/strong>.<\/p>\n<p>Segundo o\u00a0<strong>boletim de ocorr\u00eancia (BO)<\/strong>, a discuss\u00e3o envolveu uma atendente da loja. <mark style=\"background-color:#fcb900\" class=\"has-inline-color has-black-color\">A funcion\u00e1ria teria ido atr\u00e1s da influencer, que teria deixado o estabeleciemento sem pagar a conta. <\/mark><\/p>\n<p>A <strong>PM <\/strong>foi chamada e, durante a ocorr\u00eancia, a influencer teria <strong>ofendido <\/strong>e <strong>agredido <\/strong>os <strong>policiais<\/strong>, al\u00e9m de resistir \u00e0 pris\u00e3o.<\/p>\n<p>Ana Paula foi contida e encaminhada ao\u00a0<strong>1\u00ba Distrito Policial<\/strong>. <\/p>\n<p>De acordo com o <strong>BO<\/strong>, foi solicitado <strong>exame\u00a0<\/strong>para constata\u00e7\u00e3o de <strong>embriaguez <\/strong>e <strong>toxicidade <\/strong>ao <strong>IML (Instituto M\u00e9dico Legal)<\/strong>. <\/p>\n<p>A mulher foi encaminhada \u00e0 <strong>Cadeia Feminina de Paul\u00ednia<\/strong>, onde permaneceu presa \u00e0 disposi\u00e7\u00e3o da Justi\u00e7a.<\/p>\n<p>A\u00a0EPTV Campinas procurou o <strong>Tribunal de Justi\u00e7a\u00a0de S\u00e3o Paulo (TJ-SP)<\/strong> para saber se Ana Paula pagou fian\u00e7a, mas ainda n\u00e3o houve retorno.<\/p>\n<p>A reportagem tamb\u00e9m tentou contato com a <strong>defesa <\/strong>dela e tamb\u00e9m n\u00e3o conseguiu retorno.<\/p>\n<h4 class=\"wp-block-heading\"><strong>Influencer<\/strong><\/h4>\n<p><strong>Ana Paula Leme<\/strong> tem um <strong>perfil <\/strong>no <strong>Instagram <\/strong>com <strong>175 mil seguidores<\/strong>, \u00e9 jornalista e j\u00e1 participou do programa P\u00e2nico \u2013 ela foi panicat, do reality Casa Bonita1, no canal a cabo Multishow e foi Miss Reef Brasil, al\u00e9m de ter sa\u00eddo na revista Playboy.<\/p>\n<p>SAIBA MAIS<\/p>\n<p>Ladr\u00f5es roubam cofre com joias e dinheiro em casa na zona Sul de Ribeir\u00e3o Preto<\/p>\n<h4 class=\"wp-block-heading\"><strong>FIQUE ON<\/strong><\/h4>\n<p>Fique ligado em tudo que acontece em Ribeir\u00e3o Preto e regi\u00e3o. Siga os perfis do\u00a0<strong>acidade on<\/strong>\u00a0no<a href=\"https:\/\/www.instagram.com\/acidadeonribeirao\" target=\"_blank\" rel=\"noreferrer noopener\">\u00a0Instagram<\/a>\u00a0e no\u00a0<a href=\"https:\/\/www.facebook.com\/acidadeonribeirao\/\" target=\"_blank\" rel=\"noreferrer noopener\">Facebook<\/a>.<\/p>\n<p>Receba not\u00edcias do\u00a0<strong>acidade on<\/strong>\u00a0no WhatsApp.\u00a0<a href=\"https:\/\/chat.whatsapp.com\/CdrZ6xrf7quD44Vw3WlPuZ\" target=\"_blank\" rel=\"noreferrer noopener\">Para entrar no grupo, basta clicar aqui.<\/a><\/p>\n<p>Fa\u00e7a uma den\u00fancia ou sugira uma reportagem sobre Ribeir\u00e3o Preto e regi\u00e3o pelo WhatsApp: 16 99117 7802.<\/p>\n<p>VEJA TAMB\u00c9M<\/p>\n<p>\u2060Qual \u00e9 a previs\u00e3o do tempo para a semana em SP?<\/p>\n<p><!-- AI CONTENT END 1 -->\n<\/div>\n<p><script async src=\"\/\/www.instagram.com\/embed.js\"><\/script><br \/>\n<br \/><br \/>\n<br \/><a href=\"https:\/\/www.acidadeon.com\/ribeiraopreto\/lazer-e-cultura\/o-que-se-sabe-sobre-o-caso-da-influencer-e-ex-panicat-presa-no-interior-de-sp\/\">Source link <\/a><\/p>\n<div class='code-block code-block-4' style='margin: 8px auto 8px 0; text-align: left; display: block; clear: both;'>\n\ud83d\udce2 Aviso Legal\n\nO site ismaelcolosi.com.br atua apenas como um canal de divulga\u00e7\u00e3o de oportunidades de emprego e n\u00e3o se responsabiliza pelo processo seletivo, contrata\u00e7\u00e3o ou qualquer outra etapa relacionada \u00e0s vagas publicadas. Todas as informa\u00e7\u00f5es s\u00e3o de responsabilidade dos anunciantes.\n\n\u26a0\ufe0f Aten\u00e7\u00e3o! Nunca pague por promessas de emprego nem compre cursos que garantam contrata\u00e7\u00e3o. Desconfie de qualquer cobran\u00e7a para participar de sele\u00e7\u00f5es.\n\n\n\n<\/div>\n<!-- CONTENT END 1 -->\n","protected":false},"excerpt":{"rendered":"<p>A\u00a0influencer digital, modelo e ex-participante de reality show Ana Paula Leme, de 47 anos, foi presa na madrugada de s\u00e1bado (20) suspeita de amea\u00e7a, inj\u00faria,&#8230;<\/p>\n","protected":false},"author":1,"featured_media":57464,"comment_status":"open","ping_status":"open","sticky":false,"template":"","format":"standard","meta":{"_uag_custom_page_level_css":"","advanced_seo_description":"","jetpack_seo_html_title":"","jetpack_seo_noindex":false,"jetpack_post_was_ever_published":false,"_jetpack_newsletter_access":"","_jetpack_dont_email_post_to_subs":false,"_jetpack_newsletter_tier_id":0,"_jetpack_memberships_contains_paywalled_content":false,"_jetpack_memberships_contains_paid_content":false,"footnotes":"","jetpack_publicize_message":"","jetpack_publicize_feature_enabled":true,"jetpack_social_post_already_shared":true,"jetpack_social_options":{"image_generator_settings":{"template":"highway","default_image_id":0,"font":"","enabled":false},"version":2}},"categories":[11],"tags":[],"class_list":["post-57463","post","type-post","status-publish","format-standard","has-post-thumbnail","hentry","category-noticias-de-ribeirao-preto-sp-e-regiao-ismael-colosi"],"jetpack_publicize_connections":[],"jetpack_featured_media_url":"https:\/\/i0.wp.com\/ismaelcolosi.com.br\/wp-content\/uploads\/2024\/07\/ANA-PAULA_2024-07-22_11-31-14_jpg_2024-07-22_11-31-14.webp.webp?fit=2000%2C1210&ssl=1","uagb_featured_image_src":{"full":["https:\/\/i0.wp.com\/ismaelcolosi.com.br\/wp-content\/uploads\/2024\/07\/ANA-PAULA_2024-07-22_11-31-14_jpg_2024-07-22_11-31-14.webp.webp?fit=2000%2C1210&ssl=1",2000,1210,false],"thumbnail":["https:\/\/i0.wp.com\/ismaelcolosi.com.br\/wp-content\/uploads\/2024\/07\/ANA-PAULA_2024-07-22_11-31-14_jpg_2024-07-22_11-31-14.webp.webp?resize=150%2C150&ssl=1",150,150,true],"medium":["https:\/\/i0.wp.com\/ismaelcolosi.com.br\/wp-content\/uploads\/2024\/07\/ANA-PAULA_2024-07-22_11-31-14_jpg_2024-07-22_11-31-14.webp.webp?fit=300%2C182&ssl=1",300,182,true],"medium_large":["https:\/\/i0.wp.com\/ismaelcolosi.com.br\/wp-content\/uploads\/2024\/07\/ANA-PAULA_2024-07-22_11-31-14_jpg_2024-07-22_11-31-14.webp.webp?fit=768%2C465&ssl=1",768,465,true],"large":["https:\/\/i0.wp.com\/ismaelcolosi.com.br\/wp-content\/uploads\/2024\/07\/ANA-PAULA_2024-07-22_11-31-14_jpg_2024-07-22_11-31-14.webp.webp?fit=1024%2C620&ssl=1",1024,620,true],"1536x1536":["https:\/\/i0.wp.com\/ismaelcolosi.com.br\/wp-content\/uploads\/2024\/07\/ANA-PAULA_2024-07-22_11-31-14_jpg_2024-07-22_11-31-14.webp.webp?fit=1536%2C929&ssl=1",1536,929,true],"2048x2048":["https:\/\/i0.wp.com\/ismaelcolosi.com.br\/wp-content\/uploads\/2024\/07\/ANA-PAULA_2024-07-22_11-31-14_jpg_2024-07-22_11-31-14.webp.webp?fit=2000%2C1210&ssl=1",2000,1210,true],"really-simple-thumb":["https:\/\/i0.wp.com\/ismaelcolosi.com.br\/wp-content\/uploads\/2024\/07\/ANA-PAULA_2024-07-22_11-31-14_jpg_2024-07-22_11-31-14.webp.webp?resize=370%2C247&ssl=1",370,247,true]},"uagb_author_info":{"display_name":"ismaelcolosi.com.br","author_link":"https:\/\/ismaelcolosi.com.br\/index.php\/author\/vidareal-online\/"},"uagb_comment_info":0,"uagb_excerpt":"A\u00a0influencer digital, modelo e ex-participante de reality show Ana Paula Leme, de 47 anos, foi presa na madrugada de s\u00e1bado (20) suspeita de amea\u00e7a, inj\u00faria,...","jetpack-related-posts":[{"id":43488,"url":"https:\/\/ismaelcolosi.com.br\/index.php\/2024\/03\/21\/defesa-pede-liberdade-de-agronoma-que-brigou-em-posto-de-combustiveis\/","url_meta":{"origin":57463,"position":0},"title":"Defesa pede liberdade de agr\u00f4noma que brigou em posto de combust\u00edveis","author":"ismaelcolosi.com.br","date":"21 de March de 2024","format":false,"excerpt":"21 de mar\u00e7o de 2024 | 15:4221 de mar\u00e7o de 2024 | 15:42 1 A defesa da engenheira agr\u00f4noma Ana Paula Junqueira, de 43 anos, entrou com pedido de habeas corpus para que sua cliente possa acompanhar o inqu\u00e9rito em liberdade. Ana Paula est\u00e1 presa na Cadeia Feminina de Guariba\u2026","rel":"","context":"In &quot;Not\u00edcias de Ribeir\u00e3o Preto-SP e Regi\u00e3o&quot;","block_context":{"text":"Not\u00edcias de Ribeir\u00e3o Preto-SP e Regi\u00e3o","link":"https:\/\/ismaelcolosi.com.br\/index.php\/category\/noticias-de-ribeirao-preto-sp-e-regiao-ismael-colosi\/"},"img":{"alt_text":"","src":"https:\/\/i0.wp.com\/ismaelcolosi.com.br\/wp-content\/uploads\/2024\/03\/00-21-mar-2024-ana-paula-junqueira-foto-redes-sociais-scaled.jpg?fit=645%2C645&ssl=1&resize=350%2C200","width":350,"height":200,"srcset":"https:\/\/i0.wp.com\/ismaelcolosi.com.br\/wp-content\/uploads\/2024\/03\/00-21-mar-2024-ana-paula-junqueira-foto-redes-sociais-scaled.jpg?fit=645%2C645&ssl=1&resize=350%2C200 1x, https:\/\/i0.wp.com\/ismaelcolosi.com.br\/wp-content\/uploads\/2024\/03\/00-21-mar-2024-ana-paula-junqueira-foto-redes-sociais-scaled.jpg?fit=645%2C645&ssl=1&resize=525%2C300 1.5x"},"classes":[]},{"id":44041,"url":"https:\/\/ismaelcolosi.com.br\/index.php\/2024\/03\/25\/tjsp-nega-liberdade-a-defesa-de-engenheira-agronoma\/","url_meta":{"origin":57463,"position":1},"title":"TJSP nega liberdade \u00e0 defesa de engenheira agr\u00f4noma","author":"ismaelcolosi.com.br","date":"25 de March de 2024","format":false,"excerpt":"Mulher segue presa em Guariba enquanto Pol\u00edcia Civil ouve testemunhas e prepara inqu\u00e9rito 25 de mar\u00e7o de 2024 | 13:03 1 Por: Adalberto Luque O Tribunal de Justi\u00e7a de S\u00e3o Paulo (TJSP) indeferiu o pedido de liberdade feito pela defesa da engenheira agr\u00f4noma Ana Paula Junqueira, presa em flagrante por\u2026","rel":"","context":"In &quot;Not\u00edcias de Ribeir\u00e3o Preto-SP e Regi\u00e3o&quot;","block_context":{"text":"Not\u00edcias de Ribeir\u00e3o Preto-SP e Regi\u00e3o","link":"https:\/\/ismaelcolosi.com.br\/index.php\/category\/noticias-de-ribeirao-preto-sp-e-regiao-ismael-colosi\/"},"img":{"alt_text":"","src":"https:\/\/i0.wp.com\/ismaelcolosi.com.br\/wp-content\/uploads\/2024\/03\/00-25-mar-2024-negado-habeas-corpus-foto-redes-sociais.jpg?fit=551%2C645&ssl=1&resize=350%2C200","width":350,"height":200,"srcset":"https:\/\/i0.wp.com\/ismaelcolosi.com.br\/wp-content\/uploads\/2024\/03\/00-25-mar-2024-negado-habeas-corpus-foto-redes-sociais.jpg?fit=551%2C645&ssl=1&resize=350%2C200 1x, https:\/\/i0.wp.com\/ismaelcolosi.com.br\/wp-content\/uploads\/2024\/03\/00-25-mar-2024-negado-habeas-corpus-foto-redes-sociais.jpg?fit=551%2C645&ssl=1&resize=525%2C300 1.5x"},"classes":[]},{"id":44478,"url":"https:\/\/ismaelcolosi.com.br\/index.php\/2024\/03\/27\/justica-concede-liberdade-provisoria-para-agronoma\/","url_meta":{"origin":57463,"position":2},"title":"Justi\u00e7a concede liberdade provis\u00f3ria para agr\u00f4noma","author":"ismaelcolosi.com.br","date":"27 de March de 2024","format":false,"excerpt":"Mulher teria se envolvido em confus\u00e3o num posto de combust\u00edveis e deve responder por seis crimes 27 de mar\u00e7o de 2024 | 12:17 2 A Justi\u00e7a concedeu liberdade provis\u00f3ria para Ana Paula Junqueira, engenheira agr\u00f4noma que foi presa ap\u00f3s briga em um posto de combust\u00edveis no Jardim Paulista, zona Leste\u2026","rel":"","context":"In &quot;Not\u00edcias de Ribeir\u00e3o Preto-SP e Regi\u00e3o&quot;","block_context":{"text":"Not\u00edcias de Ribeir\u00e3o Preto-SP e Regi\u00e3o","link":"https:\/\/ismaelcolosi.com.br\/index.php\/category\/noticias-de-ribeirao-preto-sp-e-regiao-ismael-colosi\/"},"img":{"alt_text":"","src":"https:\/\/i0.wp.com\/ismaelcolosi.com.br\/wp-content\/uploads\/2024\/03\/1711585624_00-25-mar-2024-negado-habeas-corpus-foto-redes-sociais.jpg?fit=551%2C645&ssl=1&resize=350%2C200","width":350,"height":200,"srcset":"https:\/\/i0.wp.com\/ismaelcolosi.com.br\/wp-content\/uploads\/2024\/03\/1711585624_00-25-mar-2024-negado-habeas-corpus-foto-redes-sociais.jpg?fit=551%2C645&ssl=1&resize=350%2C200 1x, https:\/\/i0.wp.com\/ismaelcolosi.com.br\/wp-content\/uploads\/2024\/03\/1711585624_00-25-mar-2024-negado-habeas-corpus-foto-redes-sociais.jpg?fit=551%2C645&ssl=1&resize=525%2C300 1.5x"},"classes":[]},{"id":43476,"url":"https:\/\/ismaelcolosi.com.br\/index.php\/2024\/03\/21\/veja-o-que-diz-a-defesa-da-mulher-presa-apos-confusao-em-loja-de-conveniencia-de-ribeirao\/","url_meta":{"origin":57463,"position":3},"title":"Veja o que diz a defesa da mulher presa ap\u00f3s confus\u00e3o em loja de conveni\u00eancia de Ribeir\u00e3o","author":"ismaelcolosi.com.br","date":"21 de March de 2024","format":false,"excerpt":"A defesa da engenheira agr\u00f4noma Ana Paula Junqueira, que foi presa na noite do \u00faltimo s\u00e1bado (16), ap\u00f3s uma confus\u00e3o em uma loja de conveni\u00eancia de um posto de combust\u00edveis no Jardim Paulista, em Ribeir\u00e3o Preto, pediu para Justi\u00e7a a liberdade da mulher. A defesa alega que Ana Paula faz\u2026","rel":"","context":"In &quot;Not\u00edcias de Ribeir\u00e3o Preto-SP e Regi\u00e3o&quot;","block_context":{"text":"Not\u00edcias de Ribeir\u00e3o Preto-SP e Regi\u00e3o","link":"https:\/\/ismaelcolosi.com.br\/index.php\/category\/noticias-de-ribeirao-preto-sp-e-regiao-ismael-colosi\/"},"img":{"alt_text":"","src":"https:\/\/i0.wp.com\/ismaelcolosi.com.br\/wp-content\/uploads\/2024\/03\/ENGENHEIRA.jpg?fit=1200%2C809&ssl=1&resize=350%2C200","width":350,"height":200,"srcset":"https:\/\/i0.wp.com\/ismaelcolosi.com.br\/wp-content\/uploads\/2024\/03\/ENGENHEIRA.jpg?fit=1200%2C809&ssl=1&resize=350%2C200 1x, https:\/\/i0.wp.com\/ismaelcolosi.com.br\/wp-content\/uploads\/2024\/03\/ENGENHEIRA.jpg?fit=1200%2C809&ssl=1&resize=525%2C300 1.5x, https:\/\/i0.wp.com\/ismaelcolosi.com.br\/wp-content\/uploads\/2024\/03\/ENGENHEIRA.jpg?fit=1200%2C809&ssl=1&resize=700%2C400 2x, https:\/\/i0.wp.com\/ismaelcolosi.com.br\/wp-content\/uploads\/2024\/03\/ENGENHEIRA.jpg?fit=1200%2C809&ssl=1&resize=1050%2C600 3x"},"classes":[]},{"id":44035,"url":"https:\/\/ismaelcolosi.com.br\/index.php\/2024\/03\/25\/justica-nega-liberdade-a-engenheira-presa-por-confusao-em-loja-de-conveniencia-de-ribeirao-preto\/","url_meta":{"origin":57463,"position":4},"title":"Justi\u00e7a nega liberdade \u00e0 engenheira presa por confus\u00e3o em loja de conveni\u00eancia de Ribeir\u00e3o Preto","author":"ismaelcolosi.com.br","date":"25 de March de 2024","format":false,"excerpt":"O Tribunal de Justi\u00e7a de S\u00e3o Paulo negou na manh\u00e3 desta segunda-feira (25), o pedido de liberdade \u00e0 engenheira agr\u00f4noma Ana Paula Junqueira, de 43 anos, presa no \u00faltimo dia 16 por se envolver em uma confus\u00e3o dentro de uma loja de conveni\u00eancia de um posto de combust\u00edvel, no bairro\u2026","rel":"","context":"In &quot;Not\u00edcias de Ribeir\u00e3o Preto-SP e Regi\u00e3o&quot;","block_context":{"text":"Not\u00edcias de Ribeir\u00e3o Preto-SP e Regi\u00e3o","link":"https:\/\/ismaelcolosi.com.br\/index.php\/category\/noticias-de-ribeirao-preto-sp-e-regiao-ismael-colosi\/"},"img":{"alt_text":"","src":"https:\/\/i0.wp.com\/ismaelcolosi.com.br\/wp-content\/uploads\/2024\/03\/1711380828_ENGENHEIRA.jpg?fit=1200%2C809&ssl=1&resize=350%2C200","width":350,"height":200,"srcset":"https:\/\/i0.wp.com\/ismaelcolosi.com.br\/wp-content\/uploads\/2024\/03\/1711380828_ENGENHEIRA.jpg?fit=1200%2C809&ssl=1&resize=350%2C200 1x, https:\/\/i0.wp.com\/ismaelcolosi.com.br\/wp-content\/uploads\/2024\/03\/1711380828_ENGENHEIRA.jpg?fit=1200%2C809&ssl=1&resize=525%2C300 1.5x, https:\/\/i0.wp.com\/ismaelcolosi.com.br\/wp-content\/uploads\/2024\/03\/1711380828_ENGENHEIRA.jpg?fit=1200%2C809&ssl=1&resize=700%2C400 2x, https:\/\/i0.wp.com\/ismaelcolosi.com.br\/wp-content\/uploads\/2024\/03\/1711380828_ENGENHEIRA.jpg?fit=1200%2C809&ssl=1&resize=1050%2C600 3x"},"classes":[]},{"id":29608,"url":"https:\/\/ismaelcolosi.com.br\/index.php\/2024\/01\/18\/ex-namorada-e-presa-em-flagrante-apos-envenenar-o-pm-e-confessar-o-crime\/","url_meta":{"origin":57463,"position":5},"title":"Ex-namorada \u00e9 presa em flagrante ap\u00f3s envenenar o PM e confessar o crime","author":"ismaelcolosi.com.br","date":"18 de January de 2024","format":false,"excerpt":"Na Para\u00edba, uma mulher de 23 anos foi presa ap\u00f3s confessar ter tentado matar o ex-namorado. O homem, um policial militar, come\u00e7ou a passar mal ap\u00f3s beber \u00e1gua em uma garrafinha e logo pediu ajuda.O caso aconteceu na \u00faltima quarta-feira (17), o PM precisou ser internado ap\u00f3s apresentar sintomas. O\u2026","rel":"","context":"In &quot;Blog&quot;","block_context":{"text":"Blog","link":"https:\/\/ismaelcolosi.com.br\/index.php\/category\/blog\/"},"img":{"alt_text":"","src":"https:\/\/i0.wp.com\/ismaelcolosi.com.br\/wp-content\/uploads\/2024\/01\/postimg-65a9b398437cc6772.jpg?fit=1200%2C628&ssl=1&resize=350%2C200","width":350,"height":200,"srcset":"https:\/\/i0.wp.com\/ismaelcolosi.com.br\/wp-content\/uploads\/2024\/01\/postimg-65a9b398437cc6772.jpg?fit=1200%2C628&ssl=1&resize=350%2C200 1x, https:\/\/i0.wp.com\/ismaelcolosi.com.br\/wp-content\/uploads\/2024\/01\/postimg-65a9b398437cc6772.jpg?fit=1200%2C628&ssl=1&resize=525%2C300 1.5x, https:\/\/i0.wp.com\/ismaelcolosi.com.br\/wp-content\/uploads\/2024\/01\/postimg-65a9b398437cc6772.jpg?fit=1200%2C628&ssl=1&resize=700%2C400 2x, https:\/\/i0.wp.com\/ismaelcolosi.com.br\/wp-content\/uploads\/2024\/01\/postimg-65a9b398437cc6772.jpg?fit=1200%2C628&ssl=1&resize=1050%2C600 3x"},"classes":[]}],"jetpack_sharing_enabled":true,"jetpack_shortlink":"https:\/\/wp.me\/pfMlyK-eWP","_links":{"self":[{"href":"https:\/\/ismaelcolosi.com.br\/index.php\/wp-json\/wp\/v2\/posts\/57463","targetHints":{"allow":["GET"]}}],"collection":[{"href":"https:\/\/ismaelcolosi.com.br\/index.php\/wp-json\/wp\/v2\/posts"}],"about":[{"href":"https:\/\/ismaelcolosi.com.br\/index.php\/wp-json\/wp\/v2\/types\/post"}],"author":[{"embeddable":true,"href":"https:\/\/ismaelcolosi.com.br\/index.php\/wp-json\/wp\/v2\/users\/1"}],"replies":[{"embeddable":true,"href":"https:\/\/ismaelcolosi.com.br\/index.php\/wp-json\/wp\/v2\/comments?post=57463"}],"version-history":[{"count":0,"href":"https:\/\/ismaelcolosi.com.br\/index.php\/wp-json\/wp\/v2\/posts\/57463\/revisions"}],"wp:featuredmedia":[{"embeddable":true,"href":"https:\/\/ismaelcolosi.com.br\/index.php\/wp-json\/wp\/v2\/media\/57464"}],"wp:attachment":[{"href":"https:\/\/ismaelcolosi.com.br\/index.php\/wp-json\/wp\/v2\/media?parent=57463"}],"wp:term":[{"taxonomy":"category","embeddable":true,"href":"https:\/\/ismaelcolosi.com.br\/index.php\/wp-json\/wp\/v2\/categories?post=57463"},{"taxonomy":"post_tag","embeddable":true,"href":"https:\/\/ismaelcolosi.com.br\/index.php\/wp-json\/wp\/v2\/tags?post=57463"}],"curies":[{"name":"wp","href":"https:\/\/api.w.org\/{rel}","templated":true}]}}