{"id":56927,"date":"2024-07-16T13:23:21","date_gmt":"2024-07-16T16:23:21","guid":{"rendered":"https:\/\/ismaelcolosi.com.br\/index.php\/2024\/07\/16\/incendio-deixa-casa-destruida-na-zona-norte-de-ribeirao-preto\/"},"modified":"2024-07-16T13:23:21","modified_gmt":"2024-07-16T16:23:21","slug":"incendio-deixa-casa-destruida-na-zona-norte-de-ribeirao-preto","status":"publish","type":"post","link":"https:\/\/ismaelcolosi.com.br\/index.php\/2024\/07\/16\/incendio-deixa-casa-destruida-na-zona-norte-de-ribeirao-preto\/","title":{"rendered":"Inc\u00eandio deixa casa destru\u00edda na zona Norte de Ribeir\u00e3o Preto"},"content":{"rendered":"<p> <br \/>\n<\/p>\n<div data-td-block-uid=\"tdi_106\">\n<div class=\"tdb-block-inner td-fix-index\">\n<p>Um<strong> inc\u00eandio atingiu uma oficina mec\u00e2nica e deixou uma casa destru\u00edda<\/strong>, no in\u00edcio da <strong>tarde desta ter\u00e7a-feira<\/strong> (16), na rua Francisco Buonvicini,\u00a0no bairro Jardim Jandaia, na zona Norte de <strong>Ribeir\u00e3o Preto<\/strong>.<\/p>\n<p>O <strong>Corpo de Bombeiros<\/strong> esteve no local para <strong>conter as chamas<\/strong> e informou que <strong>n\u00e3o houve pessoas feridas<\/strong>. Contudo, uma <strong>calopsita morreu<\/strong>, um <strong>porquinho-da-\u00edndia<\/strong> e um <strong>cachorro<\/strong> <strong>foram salvos<\/strong>. <\/p>\n<p>De acordo com informa\u00e7\u00f5es apuradas pela <strong>EPTV<\/strong>, no local estavam <strong>duas crian\u00e7as<\/strong> com a av\u00f3, quando uma menina estaria <strong>brincando com um isqueiro<\/strong>, pr\u00f3ximo de um <strong>colch\u00e3o<\/strong>, quando o <strong>fogo se alastrou<\/strong>. <\/p>\n<p>SAIBA MAIS <\/p>\n<p>Motociclista morre ap\u00f3s acidente em rodovia da regi\u00e3o de Ribeir\u00e3o Preto<\/p>\n<h4 class=\"wp-block-heading\"><strong>FIQUE ON<\/strong><\/h4>\n<p>Fique ligado em tudo que acontece em Ribeir\u00e3o Preto e regi\u00e3o. Siga os perfis do\u00a0<strong>acidade on<\/strong>\u00a0no\u00a0<a href=\"https:\/\/www.instagram.com\/acidadeonribeirao\" target=\"_blank\" rel=\"noreferrer noopener\">Instagram<\/a>\u00a0e no\u00a0<a href=\"https:\/\/www.facebook.com\/acidadeonribeirao\/\" target=\"_blank\" rel=\"noreferrer noopener\">Facebook<\/a>.<\/p>\n<p>Receba not\u00edcias do\u00a0<strong>acidade on<\/strong>\u00a0no WhatsApp.<a href=\"https:\/\/chat.whatsapp.com\/CdrZ6xrf7quD44Vw3WlPuZ\" target=\"_blank\" rel=\"noreferrer noopener\">\u00a0Para entrar no grupo, basta clicar aqui.<\/a><\/p>\n<p>Fa\u00e7a uma den\u00fancia ou sugira uma reportagem sobre Ribeir\u00e3o Preto e regi\u00e3o pelo WhatsApp: 16 99117 7802.<\/p>\n<p>VEJA TAMB\u00c9M<\/p>\n<p>Quem \u00e9 o vice de Trump?<\/p>\n<p><!-- AI CONTENT END 1 -->\n<\/div>\n<\/div>\n<p><script async src=\"\/\/www.instagram.com\/embed.js\"><\/script><br \/>\n<br \/><br \/>\n<br \/><a href=\"https:\/\/www.acidadeon.com\/ribeiraopreto\/cotidiano\/incendio-deixa-casa-destruida-na-zona-norte-de-ribeirao-preto\/\">Source link <\/a><\/p>\n<div class='code-block code-block-4' style='margin: 8px auto 8px 0; text-align: left; display: block; clear: both;'>\n\ud83d\udce2 Aviso Legal\n\nO site ismaelcolosi.com.br atua apenas como um canal de divulga\u00e7\u00e3o de oportunidades de emprego e n\u00e3o se responsabiliza pelo processo seletivo, contrata\u00e7\u00e3o ou qualquer outra etapa relacionada \u00e0s vagas publicadas. Todas as informa\u00e7\u00f5es s\u00e3o de responsabilidade dos anunciantes.\n\n\u26a0\ufe0f Aten\u00e7\u00e3o! Nunca pague por promessas de emprego nem compre cursos que garantam contrata\u00e7\u00e3o. Desconfie de qualquer cobran\u00e7a para participar de sele\u00e7\u00f5es.\n\n\n\n<\/div>\n<!-- CONTENT END 1 -->\n","protected":false},"excerpt":{"rendered":"<p>Um inc\u00eandio atingiu uma oficina mec\u00e2nica e deixou uma casa destru\u00edda, no in\u00edcio da tarde desta ter\u00e7a-feira (16), na rua Francisco Buonvicini,\u00a0no bairro Jardim Jandaia,&#8230;<\/p>\n","protected":false},"author":1,"featured_media":56928,"comment_status":"open","ping_status":"open","sticky":false,"template":"","format":"standard","meta":{"_uag_custom_page_level_css":"","advanced_seo_description":"","jetpack_seo_html_title":"","jetpack_seo_noindex":false,"jetpack_post_was_ever_published":false,"_jetpack_newsletter_access":"","_jetpack_dont_email_post_to_subs":false,"_jetpack_newsletter_tier_id":0,"_jetpack_memberships_contains_paywalled_content":false,"_jetpack_memberships_contains_paid_content":false,"footnotes":"","jetpack_publicize_message":"","jetpack_publicize_feature_enabled":true,"jetpack_social_post_already_shared":true,"jetpack_social_options":{"image_generator_settings":{"template":"highway","default_image_id":0,"font":"","enabled":false},"version":2}},"categories":[11],"tags":[],"class_list":["post-56927","post","type-post","status-publish","format-standard","has-post-thumbnail","hentry","category-noticias-de-ribeirao-preto-sp-e-regiao-ismael-colosi"],"jetpack_publicize_connections":[],"jetpack_featured_media_url":"https:\/\/i0.wp.com\/ismaelcolosi.com.br\/wp-content\/uploads\/2024\/07\/Copia-de-Copia-de-TAMANHO-EXATO-PARA-FOTOS-NO-SISTEMA-NOVO-28_2024-07-16_15-49-39_jpg_2024-07-16_15-49-39.webp.webp?fit=1200%2C675&ssl=1","uagb_featured_image_src":{"full":["https:\/\/i0.wp.com\/ismaelcolosi.com.br\/wp-content\/uploads\/2024\/07\/Copia-de-Copia-de-TAMANHO-EXATO-PARA-FOTOS-NO-SISTEMA-NOVO-28_2024-07-16_15-49-39_jpg_2024-07-16_15-49-39.webp.webp?fit=1200%2C675&ssl=1",1200,675,false],"thumbnail":["https:\/\/i0.wp.com\/ismaelcolosi.com.br\/wp-content\/uploads\/2024\/07\/Copia-de-Copia-de-TAMANHO-EXATO-PARA-FOTOS-NO-SISTEMA-NOVO-28_2024-07-16_15-49-39_jpg_2024-07-16_15-49-39.webp.webp?resize=150%2C150&ssl=1",150,150,true],"medium":["https:\/\/i0.wp.com\/ismaelcolosi.com.br\/wp-content\/uploads\/2024\/07\/Copia-de-Copia-de-TAMANHO-EXATO-PARA-FOTOS-NO-SISTEMA-NOVO-28_2024-07-16_15-49-39_jpg_2024-07-16_15-49-39.webp.webp?fit=300%2C169&ssl=1",300,169,true],"medium_large":["https:\/\/i0.wp.com\/ismaelcolosi.com.br\/wp-content\/uploads\/2024\/07\/Copia-de-Copia-de-TAMANHO-EXATO-PARA-FOTOS-NO-SISTEMA-NOVO-28_2024-07-16_15-49-39_jpg_2024-07-16_15-49-39.webp.webp?fit=768%2C432&ssl=1",768,432,true],"large":["https:\/\/i0.wp.com\/ismaelcolosi.com.br\/wp-content\/uploads\/2024\/07\/Copia-de-Copia-de-TAMANHO-EXATO-PARA-FOTOS-NO-SISTEMA-NOVO-28_2024-07-16_15-49-39_jpg_2024-07-16_15-49-39.webp.webp?fit=1024%2C576&ssl=1",1024,576,true],"1536x1536":["https:\/\/i0.wp.com\/ismaelcolosi.com.br\/wp-content\/uploads\/2024\/07\/Copia-de-Copia-de-TAMANHO-EXATO-PARA-FOTOS-NO-SISTEMA-NOVO-28_2024-07-16_15-49-39_jpg_2024-07-16_15-49-39.webp.webp?fit=1200%2C675&ssl=1",1200,675,true],"2048x2048":["https:\/\/i0.wp.com\/ismaelcolosi.com.br\/wp-content\/uploads\/2024\/07\/Copia-de-Copia-de-TAMANHO-EXATO-PARA-FOTOS-NO-SISTEMA-NOVO-28_2024-07-16_15-49-39_jpg_2024-07-16_15-49-39.webp.webp?fit=1200%2C675&ssl=1",1200,675,true],"really-simple-thumb":["https:\/\/i0.wp.com\/ismaelcolosi.com.br\/wp-content\/uploads\/2024\/07\/Copia-de-Copia-de-TAMANHO-EXATO-PARA-FOTOS-NO-SISTEMA-NOVO-28_2024-07-16_15-49-39_jpg_2024-07-16_15-49-39.webp.webp?resize=370%2C247&ssl=1",370,247,true]},"uagb_author_info":{"display_name":"ismaelcolosi.com.br","author_link":"https:\/\/ismaelcolosi.com.br\/index.php\/author\/vidareal-online\/"},"uagb_comment_info":0,"uagb_excerpt":"Um inc\u00eandio atingiu uma oficina mec\u00e2nica e deixou uma casa destru\u00edda, no in\u00edcio da tarde desta ter\u00e7a-feira (16), na rua Francisco Buonvicini,\u00a0no bairro Jardim Jandaia,...","jetpack-related-posts":[{"id":7289,"url":"https:\/\/ismaelcolosi.com.br\/index.php\/2023\/11\/27\/incendio-em-residencia-mobiliza-corpo-de-bombeiros-na-zona-norte-de-ribeirao\/","url_meta":{"origin":56927,"position":0},"title":"Inc\u00eandio em resid\u00eancia mobiliza Corpo de Bombeiros na zona Norte de Ribeir\u00e3o","author":"ismaelcolosi.com.br","date":"27 de November de 2023","format":false,"excerpt":"Um inc\u00eandio na avenida Jo\u00e3o Batista Duarte, no bairro Valentina Figueiredo, zona Norte de Ribeir\u00e3o Preto, deixou parte de uma resid\u00eancia destru\u00edda, na noite desta segunda-feira (27). De acordo com a apura\u00e7\u00e3o da EPTV, que esteve no local, o fogo atingiu o teto da resid\u00eancia e desabou. A casa estava\u2026","rel":"","context":"In &quot;Not\u00edcias de Ribeir\u00e3o Preto-SP e Regi\u00e3o&quot;","block_context":{"text":"Not\u00edcias de Ribeir\u00e3o Preto-SP e Regi\u00e3o","link":"https:\/\/ismaelcolosi.com.br\/index.php\/category\/noticias-de-ribeirao-preto-sp-e-regiao-ismael-colosi\/"},"img":{"alt_text":"","src":"https:\/\/i0.wp.com\/ismaelcolosi.com.br\/wp-content\/uploads\/2023\/11\/WhatsApp-Image-2023-11-27-at-21.09.34.jpeg?fit=1200%2C900&ssl=1&resize=350%2C200","width":350,"height":200,"srcset":"https:\/\/i0.wp.com\/ismaelcolosi.com.br\/wp-content\/uploads\/2023\/11\/WhatsApp-Image-2023-11-27-at-21.09.34.jpeg?fit=1200%2C900&ssl=1&resize=350%2C200 1x, https:\/\/i0.wp.com\/ismaelcolosi.com.br\/wp-content\/uploads\/2023\/11\/WhatsApp-Image-2023-11-27-at-21.09.34.jpeg?fit=1200%2C900&ssl=1&resize=525%2C300 1.5x, https:\/\/i0.wp.com\/ismaelcolosi.com.br\/wp-content\/uploads\/2023\/11\/WhatsApp-Image-2023-11-27-at-21.09.34.jpeg?fit=1200%2C900&ssl=1&resize=700%2C400 2x, https:\/\/i0.wp.com\/ismaelcolosi.com.br\/wp-content\/uploads\/2023\/11\/WhatsApp-Image-2023-11-27-at-21.09.34.jpeg?fit=1200%2C900&ssl=1&resize=1050%2C600 3x"},"classes":[]},{"id":49864,"url":"https:\/\/ismaelcolosi.com.br\/index.php\/2024\/05\/13\/cachorro-heroi-que-fugiu-apos-incendio-em-ribeirao-preto-e-encontrado\/","url_meta":{"origin":56927,"position":1},"title":"Cachorro \u2018her\u00f3i\u2019 que fugiu ap\u00f3s inc\u00eandio em Ribeir\u00e3o Preto \u00e9 encontrado","author":"ismaelcolosi.com.br","date":"13 de May de 2024","format":false,"excerpt":"Um inc\u00eandio destruiu uma casa, na noite de domingo (12), no bairro Marincek, na zona Norte de Ribeir\u00e3o Preto. No local, mora uma fam\u00edlia e um c\u00e3o da ra\u00e7a Pitbull, que foi quem alertou os tutores sobre as chamas e, em seguida, fugiu assustado. Segundo uma das moradoras, o caso\u2026","rel":"","context":"In &quot;Not\u00edcias de Ribeir\u00e3o Preto-SP e Regi\u00e3o&quot;","block_context":{"text":"Not\u00edcias de Ribeir\u00e3o Preto-SP e Regi\u00e3o","link":"https:\/\/ismaelcolosi.com.br\/index.php\/category\/noticias-de-ribeirao-preto-sp-e-regiao-ismael-colosi\/"},"img":{"alt_text":"","src":"https:\/\/i0.wp.com\/ismaelcolosi.com.br\/wp-content\/uploads\/2024\/05\/AnyConv.com__Copia-de-Copia-de-TAMANHO-EXATO-PARA-FOTOS-NO-SISTEMA-NOVO-3_2024-05-13_21-33-09.webp.webp?fit=1200%2C675&ssl=1&resize=350%2C200","width":350,"height":200,"srcset":"https:\/\/i0.wp.com\/ismaelcolosi.com.br\/wp-content\/uploads\/2024\/05\/AnyConv.com__Copia-de-Copia-de-TAMANHO-EXATO-PARA-FOTOS-NO-SISTEMA-NOVO-3_2024-05-13_21-33-09.webp.webp?fit=1200%2C675&ssl=1&resize=350%2C200 1x, https:\/\/i0.wp.com\/ismaelcolosi.com.br\/wp-content\/uploads\/2024\/05\/AnyConv.com__Copia-de-Copia-de-TAMANHO-EXATO-PARA-FOTOS-NO-SISTEMA-NOVO-3_2024-05-13_21-33-09.webp.webp?fit=1200%2C675&ssl=1&resize=525%2C300 1.5x, https:\/\/i0.wp.com\/ismaelcolosi.com.br\/wp-content\/uploads\/2024\/05\/AnyConv.com__Copia-de-Copia-de-TAMANHO-EXATO-PARA-FOTOS-NO-SISTEMA-NOVO-3_2024-05-13_21-33-09.webp.webp?fit=1200%2C675&ssl=1&resize=700%2C400 2x, https:\/\/i0.wp.com\/ismaelcolosi.com.br\/wp-content\/uploads\/2024\/05\/AnyConv.com__Copia-de-Copia-de-TAMANHO-EXATO-PARA-FOTOS-NO-SISTEMA-NOVO-3_2024-05-13_21-33-09.webp.webp?fit=1200%2C675&ssl=1&resize=1050%2C600 3x"},"classes":[]},{"id":48835,"url":"https:\/\/ismaelcolosi.com.br\/index.php\/2024\/05\/07\/mulher-desaparece-apos-incendio-em-residencia-onde-morava-na-regiao-de-ribeirao-preto\/","url_meta":{"origin":56927,"position":2},"title":"Mulher desaparece ap\u00f3s inc\u00eandio em resid\u00eancia onde morava na regi\u00e3o de Ribeir\u00e3o Preto","author":"ismaelcolosi.com.br","date":"7 de May de 2024","format":false,"excerpt":"Uma fam\u00edlia de Cristais Paulista, cidade na regi\u00e3o de Ribeir\u00e3o Preto, procura por Rosinai Cardoso, de 43 anos, que est\u00e1 desaparecida desde a madrugada de s\u00e1bado (4), ap\u00f3s um inc\u00eandio atingir a casa onde ela vivia na zona rural do munic\u00edpio. De acordo com o boletim de ocorr\u00eancia (BO), o\u2026","rel":"","context":"In &quot;Not\u00edcias de Ribeir\u00e3o Preto-SP e Regi\u00e3o&quot;","block_context":{"text":"Not\u00edcias de Ribeir\u00e3o Preto-SP e Regi\u00e3o","link":"https:\/\/ismaelcolosi.com.br\/index.php\/category\/noticias-de-ribeirao-preto-sp-e-regiao-ismael-colosi\/"},"img":{"alt_text":"","src":"https:\/\/i0.wp.com\/ismaelcolosi.com.br\/wp-content\/uploads\/2024\/05\/AnyConv.com__Copia-de-Copia-de-TAMANHO-EXATO-PARA-FOTOS-NO-SISTEMA-NOVO-27_2024-05-07_00-30-16.webp.webp?fit=1200%2C675&ssl=1&resize=350%2C200","width":350,"height":200,"srcset":"https:\/\/i0.wp.com\/ismaelcolosi.com.br\/wp-content\/uploads\/2024\/05\/AnyConv.com__Copia-de-Copia-de-TAMANHO-EXATO-PARA-FOTOS-NO-SISTEMA-NOVO-27_2024-05-07_00-30-16.webp.webp?fit=1200%2C675&ssl=1&resize=350%2C200 1x, https:\/\/i0.wp.com\/ismaelcolosi.com.br\/wp-content\/uploads\/2024\/05\/AnyConv.com__Copia-de-Copia-de-TAMANHO-EXATO-PARA-FOTOS-NO-SISTEMA-NOVO-27_2024-05-07_00-30-16.webp.webp?fit=1200%2C675&ssl=1&resize=525%2C300 1.5x, https:\/\/i0.wp.com\/ismaelcolosi.com.br\/wp-content\/uploads\/2024\/05\/AnyConv.com__Copia-de-Copia-de-TAMANHO-EXATO-PARA-FOTOS-NO-SISTEMA-NOVO-27_2024-05-07_00-30-16.webp.webp?fit=1200%2C675&ssl=1&resize=700%2C400 2x, https:\/\/i0.wp.com\/ismaelcolosi.com.br\/wp-content\/uploads\/2024\/05\/AnyConv.com__Copia-de-Copia-de-TAMANHO-EXATO-PARA-FOTOS-NO-SISTEMA-NOVO-27_2024-05-07_00-30-16.webp.webp?fit=1200%2C675&ssl=1&resize=1050%2C600 3x"},"classes":[]},{"id":57718,"url":"https:\/\/ismaelcolosi.com.br\/index.php\/2024\/07\/24\/bombeiros-combatem-incendio-em-residencia-na-zona-norte-de-ribeirao-preto\/","url_meta":{"origin":56927,"position":3},"title":"Bombeiros combatem inc\u00eandio em resid\u00eancia na zona Norte de Ribeir\u00e3o Preto","author":"ismaelcolosi.com.br","date":"24 de July de 2024","format":false,"excerpt":"O Corpo de Bombeiros atua no combate a um inc\u00eandio a resid\u00eancia na manh\u00e3 desta quarta-feira (24), no bairro Ipiranga, zona Norte de Ribeir\u00e3o Preto. Segundo a corpora\u00e7\u00e3o, o fogo atingiu uma casa na rua Avanhandava. A Defesa Civil tamb\u00e9m foi acionada. Ainda n\u00e3o h\u00e1 informa\u00e7\u00f5es sobre v\u00edtimas. As causas\u2026","rel":"","context":"In &quot;Not\u00edcias de Ribeir\u00e3o Preto-SP e Regi\u00e3o&quot;","block_context":{"text":"Not\u00edcias de Ribeir\u00e3o Preto-SP e Regi\u00e3o","link":"https:\/\/ismaelcolosi.com.br\/index.php\/category\/noticias-de-ribeirao-preto-sp-e-regiao-ismael-colosi\/"},"img":{"alt_text":"","src":"https:\/\/i0.wp.com\/ismaelcolosi.com.br\/wp-content\/uploads\/2024\/07\/BOMBEIROS.jpg?fit=1200%2C674&ssl=1&resize=350%2C200","width":350,"height":200,"srcset":"https:\/\/i0.wp.com\/ismaelcolosi.com.br\/wp-content\/uploads\/2024\/07\/BOMBEIROS.jpg?fit=1200%2C674&ssl=1&resize=350%2C200 1x, https:\/\/i0.wp.com\/ismaelcolosi.com.br\/wp-content\/uploads\/2024\/07\/BOMBEIROS.jpg?fit=1200%2C674&ssl=1&resize=525%2C300 1.5x, https:\/\/i0.wp.com\/ismaelcolosi.com.br\/wp-content\/uploads\/2024\/07\/BOMBEIROS.jpg?fit=1200%2C674&ssl=1&resize=700%2C400 2x, https:\/\/i0.wp.com\/ismaelcolosi.com.br\/wp-content\/uploads\/2024\/07\/BOMBEIROS.jpg?fit=1200%2C674&ssl=1&resize=1050%2C600 3x"},"classes":[]},{"id":51141,"url":"https:\/\/ismaelcolosi.com.br\/index.php\/2024\/05\/23\/incendio-atinge-residencia-e-idosa-e-socorrida-na-zona-norte-de-ribeirao-preto\/","url_meta":{"origin":56927,"position":4},"title":"Inc\u00eandio atinge resid\u00eancia e idosa \u00e9 socorrida na zona Norte de Ribeir\u00e3o Preto","author":"ismaelcolosi.com.br","date":"23 de May de 2024","format":false,"excerpt":"Uma mulher de 97 anos foi socorrida em um inc\u00eandio em resid\u00eancia no in\u00edcio da tarde desta quinta-feira (23), na zona Norte de Ribeir\u00e3o Preto. Segundo informa\u00e7\u00f5es, o fogo atingiu um dos c\u00f4modos da casa onde a v\u00edtima estaria com um neto, que fica aos fundos de uma loja de\u2026","rel":"","context":"In &quot;Not\u00edcias de Ribeir\u00e3o Preto-SP e Regi\u00e3o&quot;","block_context":{"text":"Not\u00edcias de Ribeir\u00e3o Preto-SP e Regi\u00e3o","link":"https:\/\/ismaelcolosi.com.br\/index.php\/category\/noticias-de-ribeirao-preto-sp-e-regiao-ismael-colosi\/"},"img":{"alt_text":"","src":"https:\/\/i0.wp.com\/ismaelcolosi.com.br\/wp-content\/uploads\/2024\/05\/WhatsApp-Image-2024-05-23-at-12.31.35_2024-05-23_15-59-27_jpeg_2024-05-23_15-59-27.webp.webp?fit=1200%2C900&ssl=1&resize=350%2C200","width":350,"height":200,"srcset":"https:\/\/i0.wp.com\/ismaelcolosi.com.br\/wp-content\/uploads\/2024\/05\/WhatsApp-Image-2024-05-23-at-12.31.35_2024-05-23_15-59-27_jpeg_2024-05-23_15-59-27.webp.webp?fit=1200%2C900&ssl=1&resize=350%2C200 1x, https:\/\/i0.wp.com\/ismaelcolosi.com.br\/wp-content\/uploads\/2024\/05\/WhatsApp-Image-2024-05-23-at-12.31.35_2024-05-23_15-59-27_jpeg_2024-05-23_15-59-27.webp.webp?fit=1200%2C900&ssl=1&resize=525%2C300 1.5x, https:\/\/i0.wp.com\/ismaelcolosi.com.br\/wp-content\/uploads\/2024\/05\/WhatsApp-Image-2024-05-23-at-12.31.35_2024-05-23_15-59-27_jpeg_2024-05-23_15-59-27.webp.webp?fit=1200%2C900&ssl=1&resize=700%2C400 2x, https:\/\/i0.wp.com\/ismaelcolosi.com.br\/wp-content\/uploads\/2024\/05\/WhatsApp-Image-2024-05-23-at-12.31.35_2024-05-23_15-59-27_jpeg_2024-05-23_15-59-27.webp.webp?fit=1200%2C900&ssl=1&resize=1050%2C600 3x"},"classes":[]},{"id":63502,"url":"https:\/\/ismaelcolosi.com.br\/index.php\/2024\/09\/02\/incendio-atinge-residencia-na-zona-norte-de-ribeirao-preto\/","url_meta":{"origin":56927,"position":5},"title":"Inc\u00eandio atinge resid\u00eancia na zona Norte de Ribeir\u00e3o Preto","author":"ismaelcolosi.com.br","date":"2 de September de 2024","format":false,"excerpt":"Na tarde desta segunda-feira (2), um inc\u00eandio atingiu uma casa na avenida Dom Pedro, na zona Norte de Ribeir\u00e3o Preto. De acordo com a Pol\u00edcia Militar, uma viatura estava passando pr\u00f3ximo ao local e viu a fuma\u00e7a. Os vizinhos informaram que tinha algu\u00e9m na resid\u00eancia, ent\u00e3o a PM precisou invadir\u2026","rel":"","context":"In &quot;Not\u00edcias de Ribeir\u00e3o Preto-SP e Regi\u00e3o&quot;","block_context":{"text":"Not\u00edcias de Ribeir\u00e3o Preto-SP e Regi\u00e3o","link":"https:\/\/ismaelcolosi.com.br\/index.php\/category\/noticias-de-ribeirao-preto-sp-e-regiao-ismael-colosi\/"},"img":{"alt_text":"","src":"https:\/\/i0.wp.com\/ismaelcolosi.com.br\/wp-content\/uploads\/2024\/09\/Imagem-do-WhatsApp-de-2024-09-02-as-15.06.52_1e755bc6_2024-09-02_18-34-15_jpg_2024-09-02_18-34-15.webp.webp?fit=1164%2C899&ssl=1&resize=350%2C200","width":350,"height":200,"srcset":"https:\/\/i0.wp.com\/ismaelcolosi.com.br\/wp-content\/uploads\/2024\/09\/Imagem-do-WhatsApp-de-2024-09-02-as-15.06.52_1e755bc6_2024-09-02_18-34-15_jpg_2024-09-02_18-34-15.webp.webp?fit=1164%2C899&ssl=1&resize=350%2C200 1x, https:\/\/i0.wp.com\/ismaelcolosi.com.br\/wp-content\/uploads\/2024\/09\/Imagem-do-WhatsApp-de-2024-09-02-as-15.06.52_1e755bc6_2024-09-02_18-34-15_jpg_2024-09-02_18-34-15.webp.webp?fit=1164%2C899&ssl=1&resize=525%2C300 1.5x, https:\/\/i0.wp.com\/ismaelcolosi.com.br\/wp-content\/uploads\/2024\/09\/Imagem-do-WhatsApp-de-2024-09-02-as-15.06.52_1e755bc6_2024-09-02_18-34-15_jpg_2024-09-02_18-34-15.webp.webp?fit=1164%2C899&ssl=1&resize=700%2C400 2x, https:\/\/i0.wp.com\/ismaelcolosi.com.br\/wp-content\/uploads\/2024\/09\/Imagem-do-WhatsApp-de-2024-09-02-as-15.06.52_1e755bc6_2024-09-02_18-34-15_jpg_2024-09-02_18-34-15.webp.webp?fit=1164%2C899&ssl=1&resize=1050%2C600 3x"},"classes":[]}],"jetpack_sharing_enabled":true,"jetpack_shortlink":"https:\/\/wp.me\/pfMlyK-eOb","_links":{"self":[{"href":"https:\/\/ismaelcolosi.com.br\/index.php\/wp-json\/wp\/v2\/posts\/56927","targetHints":{"allow":["GET"]}}],"collection":[{"href":"https:\/\/ismaelcolosi.com.br\/index.php\/wp-json\/wp\/v2\/posts"}],"about":[{"href":"https:\/\/ismaelcolosi.com.br\/index.php\/wp-json\/wp\/v2\/types\/post"}],"author":[{"embeddable":true,"href":"https:\/\/ismaelcolosi.com.br\/index.php\/wp-json\/wp\/v2\/users\/1"}],"replies":[{"embeddable":true,"href":"https:\/\/ismaelcolosi.com.br\/index.php\/wp-json\/wp\/v2\/comments?post=56927"}],"version-history":[{"count":0,"href":"https:\/\/ismaelcolosi.com.br\/index.php\/wp-json\/wp\/v2\/posts\/56927\/revisions"}],"wp:featuredmedia":[{"embeddable":true,"href":"https:\/\/ismaelcolosi.com.br\/index.php\/wp-json\/wp\/v2\/media\/56928"}],"wp:attachment":[{"href":"https:\/\/ismaelcolosi.com.br\/index.php\/wp-json\/wp\/v2\/media?parent=56927"}],"wp:term":[{"taxonomy":"category","embeddable":true,"href":"https:\/\/ismaelcolosi.com.br\/index.php\/wp-json\/wp\/v2\/categories?post=56927"},{"taxonomy":"post_tag","embeddable":true,"href":"https:\/\/ismaelcolosi.com.br\/index.php\/wp-json\/wp\/v2\/tags?post=56927"}],"curies":[{"name":"wp","href":"https:\/\/api.w.org\/{rel}","templated":true}]}}