{"id":56923,"date":"2024-07-16T13:10:21","date_gmt":"2024-07-16T16:10:21","guid":{"rendered":"https:\/\/ismaelcolosi.com.br\/index.php\/2024\/07\/16\/cleber-rosa-traz-o-chico-da-tiana-ao-theatro-pedro-ii-em-ribeirao-preto-veja-data\/"},"modified":"2024-07-16T13:10:21","modified_gmt":"2024-07-16T16:10:21","slug":"cleber-rosa-traz-o-chico-da-tiana-ao-theatro-pedro-ii-em-ribeirao-preto-veja-data","status":"publish","type":"post","link":"https:\/\/ismaelcolosi.com.br\/index.php\/2024\/07\/16\/cleber-rosa-traz-o-chico-da-tiana-ao-theatro-pedro-ii-em-ribeirao-preto-veja-data\/","title":{"rendered":"Cleber Rosa traz o &#8216;Chico da Tiana&#8217; ao Theatro Pedro II em Ribeir\u00e3o Preto; Veja data"},"content":{"rendered":"<p> <br \/>\n<\/p>\n<div data-td-block-uid=\"tdi_106\">\n<div class=\"tdb-block-inner td-fix-index\">\n<p><strong>O comediante Cleber Rosa, que interpreta o personagem \u201cChico da Tiana\u201d, se apresenta com seu novo show stand up<\/strong> <strong>no Theatro Pedro II, em Ribeir\u00e3o Preto.<\/strong><\/p>\n<p>O <strong>espet\u00e1culo \u201cNem que V\u00f3rte o Cheque\u201d<\/strong> ser\u00e1 no dia <strong>27 de julho<\/strong>, <strong>\u00e0s 20h<\/strong>. <mark style=\"background-color:#fcb900\" class=\"has-inline-color has-black-color\">Os ingressos custam a partir de R$ 70,00 (inteira) e j\u00e1 est\u00e3o \u00e0 venda on-line (<a href=\"https:\/\/www.megabilheteria.com\/evento?id=20240410163323\" target=\"_blank\" rel=\"noreferrer noopener\">clique aqui<\/a>).<\/mark><\/p>\n<h4 class=\"wp-block-heading\"><strong>O show<\/strong><\/h4>\n<p><strong>Cleber Rosa<\/strong> transporta o p\u00fablico para a<strong> Vila da Cadela Moiada<\/strong>, onde mora o <strong>caipira <\/strong>mais amado do Brasil, o <strong>Chico da Tiana<\/strong>.<\/p>\n<p>Liberado para todos os p\u00fablicos, o espet\u00e1culo n\u00e3o tem palavr\u00f5es e sempre conta com novas piadas, causos hil\u00e1rios e as fofocas do dia a dia.<\/p>\n<p>Al\u00e9m de <strong>Chico da Tiana<\/strong> e de criar a p\u00e1gina <strong>Reclama\u00e7\u00e3o do Dia<\/strong> na internet, <strong>Cleber Rosa<\/strong> tamb\u00e9m interpreta o rom\u00e2ntico <strong>locutor Priscilo<\/strong>, no quadro <strong>Priscilove<\/strong>.<\/p>\n<h4 class=\"wp-block-heading\"><strong>Servi\u00e7o<\/strong><\/h4>\n<p><em>\u201cNem que V\u00f3rte o Cheque\u201d, com o comediante Cleber Rosa<\/em><\/p>\n<p><strong>Quando:<\/strong> 27 de julho<\/p>\n<p><strong>Hor\u00e1rio:<\/strong> 20h<\/p>\n<p><strong>Onde:<\/strong> Theatro Pedro II<\/p>\n<p><strong>Endere\u00e7o:<\/strong> Rua \u00c1lvares Cabral, 370 \u2013 Centro, Ribeir\u00e3o Preto<\/p>\n<p><strong>Ingressos:<\/strong> A partir de R$ 70,00 (balc\u00e3o nobre e simples) (<a href=\"https:\/\/www.megabilheteria.com\/evento?id=20240410163323\" target=\"_blank\" rel=\"noreferrer noopener\">clique aqui<\/a>)<\/p>\n<p>SAIBA MAIS<\/p>\n<p>Alerta de perigo potencial \u00e9 renovado no interior de SP; Veja previs\u00e3o do tempo<\/p>\n<h4 class=\"wp-block-heading\"><strong>FIQUE ON<\/strong><\/h4>\n<p>Fique ligado em tudo que acontece em Ribeir\u00e3o Preto e regi\u00e3o. Siga os perfis do\u00a0<strong>acidade on<\/strong>\u00a0no\u00a0<a href=\"https:\/\/www.instagram.com\/acidadeonribeirao\" target=\"_blank\" rel=\"noreferrer noopener\">Instagram<\/a>\u00a0e no\u00a0<a href=\"https:\/\/www.facebook.com\/acidadeonribeirao\/\" target=\"_blank\" rel=\"noreferrer noopener\">Facebook<\/a>.<\/p>\n<p>Receba not\u00edcias do\u00a0<strong>acidade on<\/strong>\u00a0no WhatsApp.<a href=\"https:\/\/chat.whatsapp.com\/CdrZ6xrf7quD44Vw3WlPuZ\" target=\"_blank\" rel=\"noreferrer noopener\">\u00a0Para entrar no grupo, basta clicar aqui.<\/a><\/p>\n<p>Fa\u00e7a uma den\u00fancia ou sugira uma reportagem sobre Ribeir\u00e3o Preto e regi\u00e3o pelo WhatsApp: 16 99117 7802.<\/p>\n<p>VEJA TAMB\u00c9M<\/p>\n<p>Quem \u00e9 o vice de Trump?<\/p>\n<p><!-- AI CONTENT END 3 -->\n<\/div>\n<\/div>\n<p><script async src=\"\/\/www.instagram.com\/embed.js\"><\/script><br \/>\n<br \/><br \/>\n<br \/><a href=\"https:\/\/www.acidadeon.com\/ribeiraopreto\/lazer-e-cultura\/cleber-rosa-traz-o-chico-da-tiana-ao-theatro-pedro-ii-em-ribeirao-preto-veja-data\/\">Source link <\/a><\/p>\n<div class='code-block code-block-4' style='margin: 8px auto 8px 0; text-align: left; display: block; clear: both;'>\n\ud83d\udce2 Aviso Legal\n\nO site ismaelcolosi.com.br atua apenas como um canal de divulga\u00e7\u00e3o de oportunidades de emprego e n\u00e3o se responsabiliza pelo processo seletivo, contrata\u00e7\u00e3o ou qualquer outra etapa relacionada \u00e0s vagas publicadas. Todas as informa\u00e7\u00f5es s\u00e3o de responsabilidade dos anunciantes.\n\n\u26a0\ufe0f Aten\u00e7\u00e3o! Nunca pague por promessas de emprego nem compre cursos que garantam contrata\u00e7\u00e3o. Desconfie de qualquer cobran\u00e7a para participar de sele\u00e7\u00f5es.\n\n\n\n<\/div>\n<!-- CONTENT END 1 -->\n","protected":false},"excerpt":{"rendered":"<p>O comediante Cleber Rosa, que interpreta o personagem \u201cChico da Tiana\u201d, se apresenta com seu novo show stand up no Theatro Pedro II, em Ribeir\u00e3o&#8230;<\/p>\n","protected":false},"author":1,"featured_media":56924,"comment_status":"open","ping_status":"open","sticky":false,"template":"","format":"standard","meta":{"_uag_custom_page_level_css":"","advanced_seo_description":"","jetpack_seo_html_title":"","jetpack_seo_noindex":false,"jetpack_post_was_ever_published":false,"_jetpack_newsletter_access":"","_jetpack_dont_email_post_to_subs":false,"_jetpack_newsletter_tier_id":0,"_jetpack_memberships_contains_paywalled_content":false,"_jetpack_memberships_contains_paid_content":false,"footnotes":"","jetpack_publicize_message":"","jetpack_publicize_feature_enabled":true,"jetpack_social_post_already_shared":true,"jetpack_social_options":{"image_generator_settings":{"template":"highway","default_image_id":0,"font":"","enabled":false},"version":2}},"categories":[11],"tags":[],"class_list":["post-56923","post","type-post","status-publish","format-standard","has-post-thumbnail","hentry","category-noticias-de-ribeirao-preto-sp-e-regiao-ismael-colosi"],"jetpack_publicize_connections":[],"jetpack_featured_media_url":"https:\/\/i0.wp.com\/ismaelcolosi.com.br\/wp-content\/uploads\/2024\/07\/pR8j4w6x_2024-07-16_15-02-00_jpeg_2024-07-16_15-02-00.webp.webp?fit=1280%2C853&ssl=1","uagb_featured_image_src":{"full":["https:\/\/i0.wp.com\/ismaelcolosi.com.br\/wp-content\/uploads\/2024\/07\/pR8j4w6x_2024-07-16_15-02-00_jpeg_2024-07-16_15-02-00.webp.webp?fit=1280%2C853&ssl=1",1280,853,false],"thumbnail":["https:\/\/i0.wp.com\/ismaelcolosi.com.br\/wp-content\/uploads\/2024\/07\/pR8j4w6x_2024-07-16_15-02-00_jpeg_2024-07-16_15-02-00.webp.webp?resize=150%2C150&ssl=1",150,150,true],"medium":["https:\/\/i0.wp.com\/ismaelcolosi.com.br\/wp-content\/uploads\/2024\/07\/pR8j4w6x_2024-07-16_15-02-00_jpeg_2024-07-16_15-02-00.webp.webp?fit=300%2C200&ssl=1",300,200,true],"medium_large":["https:\/\/i0.wp.com\/ismaelcolosi.com.br\/wp-content\/uploads\/2024\/07\/pR8j4w6x_2024-07-16_15-02-00_jpeg_2024-07-16_15-02-00.webp.webp?fit=768%2C512&ssl=1",768,512,true],"large":["https:\/\/i0.wp.com\/ismaelcolosi.com.br\/wp-content\/uploads\/2024\/07\/pR8j4w6x_2024-07-16_15-02-00_jpeg_2024-07-16_15-02-00.webp.webp?fit=1024%2C682&ssl=1",1024,682,true],"1536x1536":["https:\/\/i0.wp.com\/ismaelcolosi.com.br\/wp-content\/uploads\/2024\/07\/pR8j4w6x_2024-07-16_15-02-00_jpeg_2024-07-16_15-02-00.webp.webp?fit=1280%2C853&ssl=1",1280,853,true],"2048x2048":["https:\/\/i0.wp.com\/ismaelcolosi.com.br\/wp-content\/uploads\/2024\/07\/pR8j4w6x_2024-07-16_15-02-00_jpeg_2024-07-16_15-02-00.webp.webp?fit=1280%2C853&ssl=1",1280,853,true],"really-simple-thumb":["https:\/\/i0.wp.com\/ismaelcolosi.com.br\/wp-content\/uploads\/2024\/07\/pR8j4w6x_2024-07-16_15-02-00_jpeg_2024-07-16_15-02-00.webp.webp?resize=370%2C247&ssl=1",370,247,true]},"uagb_author_info":{"display_name":"ismaelcolosi.com.br","author_link":"https:\/\/ismaelcolosi.com.br\/index.php\/author\/vidareal-online\/"},"uagb_comment_info":0,"uagb_excerpt":"O comediante Cleber Rosa, que interpreta o personagem \u201cChico da Tiana\u201d, se apresenta com seu novo show stand up no Theatro Pedro II, em Ribeir\u00e3o...","jetpack-related-posts":[{"id":56937,"url":"https:\/\/ismaelcolosi.com.br\/index.php\/2024\/07\/16\/theatro-pedro-ii-em-ribeirao-preto-recebe-musical-a-bela-e-a-fera-veja-quando\/","url_meta":{"origin":56923,"position":0},"title":"Theatro Pedro II em Ribeir\u00e3o Preto recebe musical \u2018A Bela e a Fera\u2019; Veja quando","author":"ismaelcolosi.com.br","date":"16 de July de 2024","format":false,"excerpt":"O Theatro Pedro II, localizado no Centro de Ribeir\u00e3o Preto, recebe neste s\u00e1bado (20), \u00e0s 16h, apresenta\u00e7\u00e3o \u00fanica de \u201cA Bela e a Fera \u2013 O Espet\u00e1culo Musical\u201d. Considerado um dos maiores cl\u00e1ssicos de anima\u00e7\u00e3o do cinema, a releitura do conto de fadas franc\u00eas ter\u00e1 apresenta\u00e7\u00e3o \u00fanica na cidade. Os\u2026","rel":"","context":"In &quot;Not\u00edcias de Ribeir\u00e3o Preto-SP e Regi\u00e3o&quot;","block_context":{"text":"Not\u00edcias de Ribeir\u00e3o Preto-SP e Regi\u00e3o","link":"https:\/\/ismaelcolosi.com.br\/index.php\/category\/noticias-de-ribeirao-preto-sp-e-regiao-ismael-colosi\/"},"img":{"alt_text":"","src":"https:\/\/i0.wp.com\/ismaelcolosi.com.br\/wp-content\/uploads\/2024\/07\/b754bc4a-3a97-4e0d-a864-cc3d6596c6af_2024-07-16_16-57-53_jpg_2024-07-16_16-57-53.webp.webp?fit=1200%2C699&ssl=1&resize=350%2C200","width":350,"height":200,"srcset":"https:\/\/i0.wp.com\/ismaelcolosi.com.br\/wp-content\/uploads\/2024\/07\/b754bc4a-3a97-4e0d-a864-cc3d6596c6af_2024-07-16_16-57-53_jpg_2024-07-16_16-57-53.webp.webp?fit=1200%2C699&ssl=1&resize=350%2C200 1x, https:\/\/i0.wp.com\/ismaelcolosi.com.br\/wp-content\/uploads\/2024\/07\/b754bc4a-3a97-4e0d-a864-cc3d6596c6af_2024-07-16_16-57-53_jpg_2024-07-16_16-57-53.webp.webp?fit=1200%2C699&ssl=1&resize=525%2C300 1.5x, https:\/\/i0.wp.com\/ismaelcolosi.com.br\/wp-content\/uploads\/2024\/07\/b754bc4a-3a97-4e0d-a864-cc3d6596c6af_2024-07-16_16-57-53_jpg_2024-07-16_16-57-53.webp.webp?fit=1200%2C699&ssl=1&resize=700%2C400 2x, https:\/\/i0.wp.com\/ismaelcolosi.com.br\/wp-content\/uploads\/2024\/07\/b754bc4a-3a97-4e0d-a864-cc3d6596c6af_2024-07-16_16-57-53_jpg_2024-07-16_16-57-53.webp.webp?fit=1200%2C699&ssl=1&resize=1050%2C600 3x"},"classes":[]},{"id":58045,"url":"https:\/\/ismaelcolosi.com.br\/index.php\/2024\/07\/26\/beatles-cordel-kiko-loureiro-e-festival-no-arena-veja-o-que-fazer-em-ribeirao-preto\/","url_meta":{"origin":56923,"position":1},"title":"Beatles Cordel, Kiko Loureiro e festival no Arena: Veja o que fazer em Ribeir\u00e3o Preto","author":"ismaelcolosi.com.br","date":"26 de July de 2024","format":false,"excerpt":"O final de semana conta com op\u00e7\u00f5es para quem gosta de Beatles em Ribeir\u00e3o Preto. Tamb\u00e9m h\u00e1 op\u00e7\u00f5es para ver o guitarrista Kiko Loureiro e o festival de diversidade religiosa no Teatro de Arena. Confira o que fazer em Ribeir\u00e3o Preto no final de semana: Beatles Cordel O Beatles Cordel\u2026","rel":"","context":"In &quot;Not\u00edcias de Ribeir\u00e3o Preto-SP e Regi\u00e3o&quot;","block_context":{"text":"Not\u00edcias de Ribeir\u00e3o Preto-SP e Regi\u00e3o","link":"https:\/\/ismaelcolosi.com.br\/index.php\/category\/noticias-de-ribeirao-preto-sp-e-regiao-ismael-colosi\/"},"img":{"alt_text":"","src":"https:\/\/i0.wp.com\/ismaelcolosi.com.br\/wp-content\/uploads\/2024\/07\/beatles-cordel_2024-07-26_16-42-40_jpg_2024-07-26_16-42-40.webp.webp?fit=970%2C647&ssl=1&resize=350%2C200","width":350,"height":200,"srcset":"https:\/\/i0.wp.com\/ismaelcolosi.com.br\/wp-content\/uploads\/2024\/07\/beatles-cordel_2024-07-26_16-42-40_jpg_2024-07-26_16-42-40.webp.webp?fit=970%2C647&ssl=1&resize=350%2C200 1x, https:\/\/i0.wp.com\/ismaelcolosi.com.br\/wp-content\/uploads\/2024\/07\/beatles-cordel_2024-07-26_16-42-40_jpg_2024-07-26_16-42-40.webp.webp?fit=970%2C647&ssl=1&resize=525%2C300 1.5x, https:\/\/i0.wp.com\/ismaelcolosi.com.br\/wp-content\/uploads\/2024\/07\/beatles-cordel_2024-07-26_16-42-40_jpg_2024-07-26_16-42-40.webp.webp?fit=970%2C647&ssl=1&resize=700%2C400 2x"},"classes":[]},{"id":34420,"url":"https:\/\/ismaelcolosi.com.br\/index.php\/2024\/02\/02\/uma-noite-nostalgica-com-the-beetles-one-2\/","url_meta":{"origin":56923,"position":2},"title":"Uma noite nost\u00e1lgica\u00a0com The Beetles One\u00a0","author":"ismaelcolosi.com.br","date":"2 de February de 2024","format":false,"excerpt":"Considerada pelo Cavern Club Liverpool como o melhor cover dos Beatles de 2012, a banda The Beetles One tem mais de 15 anos de estrada e j\u00e1 manteve resid\u00eancia na Inglaterra. Formado por duas duplas de primos de S\u00e3o Carlos \u2013 os irm\u00e3os Cl\u00e9ber Harrison Tiossi (John Lennon, guitarra) e\u2026","rel":"","context":"In &quot;Not\u00edcias de Ribeir\u00e3o Preto-SP e Regi\u00e3o&quot;","block_context":{"text":"Not\u00edcias de Ribeir\u00e3o Preto-SP e Regi\u00e3o","link":"https:\/\/ismaelcolosi.com.br\/index.php\/category\/noticias-de-ribeirao-preto-sp-e-regiao-ismael-colosi\/"},"img":{"alt_text":"","src":"https:\/\/i0.wp.com\/ismaelcolosi.com.br\/wp-content\/uploads\/2024\/02\/Beatles-Bea-Divulgacao-scaled.jpg?fit=882%2C645&ssl=1&resize=350%2C200","width":350,"height":200,"srcset":"https:\/\/i0.wp.com\/ismaelcolosi.com.br\/wp-content\/uploads\/2024\/02\/Beatles-Bea-Divulgacao-scaled.jpg?fit=882%2C645&ssl=1&resize=350%2C200 1x, https:\/\/i0.wp.com\/ismaelcolosi.com.br\/wp-content\/uploads\/2024\/02\/Beatles-Bea-Divulgacao-scaled.jpg?fit=882%2C645&ssl=1&resize=525%2C300 1.5x, https:\/\/i0.wp.com\/ismaelcolosi.com.br\/wp-content\/uploads\/2024\/02\/Beatles-Bea-Divulgacao-scaled.jpg?fit=882%2C645&ssl=1&resize=700%2C400 2x"},"classes":[]},{"id":43420,"url":"https:\/\/ismaelcolosi.com.br\/index.php\/2024\/03\/21\/uma-noite-nostalgica-com-the-beetles-one-3\/","url_meta":{"origin":56923,"position":3},"title":"Uma noite nost\u00e1lgica com The Beetles One","author":"ismaelcolosi.com.br","date":"21 de March de 2024","format":false,"excerpt":"21 de mar\u00e7o de 2024 | 10:0020 de mar\u00e7o de 2024 | 23:17 0Considerada pelo Cavern Club Liverpool como o melhor cover dos Beatles de 2012, a banda The Beetles One tem mais de 15 anos de estrada e j\u00e1 manteve resid\u00eancia na Inglaterra. Formado por duas duplas de primos\u2026","rel":"","context":"In &quot;Not\u00edcias de Ribeir\u00e3o Preto-SP e Regi\u00e3o&quot;","block_context":{"text":"Not\u00edcias de Ribeir\u00e3o Preto-SP e Regi\u00e3o","link":"https:\/\/ismaelcolosi.com.br\/index.php\/category\/noticias-de-ribeirao-preto-sp-e-regiao-ismael-colosi\/"},"img":{"alt_text":"","src":"https:\/\/i0.wp.com\/ismaelcolosi.com.br\/wp-content\/uploads\/2024\/03\/Beatles-Bea-Divulgacao-scaled.jpg?fit=882%2C645&ssl=1&resize=350%2C200","width":350,"height":200,"srcset":"https:\/\/i0.wp.com\/ismaelcolosi.com.br\/wp-content\/uploads\/2024\/03\/Beatles-Bea-Divulgacao-scaled.jpg?fit=882%2C645&ssl=1&resize=350%2C200 1x, https:\/\/i0.wp.com\/ismaelcolosi.com.br\/wp-content\/uploads\/2024\/03\/Beatles-Bea-Divulgacao-scaled.jpg?fit=882%2C645&ssl=1&resize=525%2C300 1.5x, https:\/\/i0.wp.com\/ismaelcolosi.com.br\/wp-content\/uploads\/2024\/03\/Beatles-Bea-Divulgacao-scaled.jpg?fit=882%2C645&ssl=1&resize=700%2C400 2x"},"classes":[]},{"id":59739,"url":"https:\/\/ismaelcolosi.com.br\/index.php\/2024\/08\/12\/theatro-pedro-ii-em-ribeirao-preto-recebe-show-de-comedia-embrulha-pra-viagem\/","url_meta":{"origin":56923,"position":4},"title":"Theatro Pedro II em Ribeir\u00e3o Preto recebe show de com\u00e9dia \u2018Embrulha Pra Viagem\u2019","author":"ismaelcolosi.com.br","date":"12 de August de 2024","format":false,"excerpt":"Os atores Marcelo Laham, Maur\u00edcio de Barros e Willian Mezzacapa, apresentam o show de com\u00e9dia \u201cEmbrulha Pra Viagem \u2013 Ao Vivo\u201d, no Theatro Pedro II, em Ribeir\u00e3o Preto, no dia 6 de setembro, \u00e0s 20h. No espet\u00e1culo se apresentam mais de 20 personagens do grupo, que se revezam em um\u2026","rel":"","context":"In &quot;Not\u00edcias de Ribeir\u00e3o Preto-SP e Regi\u00e3o&quot;","block_context":{"text":"Not\u00edcias de Ribeir\u00e3o Preto-SP e Regi\u00e3o","link":"https:\/\/ismaelcolosi.com.br\/index.php\/category\/noticias-de-ribeirao-preto-sp-e-regiao-ismael-colosi\/"},"img":{"alt_text":"","src":"https:\/\/i0.wp.com\/ismaelcolosi.com.br\/wp-content\/uploads\/2024\/08\/Copia-de-Copia-de-TAMANHO-EXATO-PARA-FOTOS-NO-SISTEMA-NOVO-43_2024-08-12_13-27-40_jpg_2024-08-12_13-27-40.webp.webp?fit=1200%2C675&ssl=1&resize=350%2C200","width":350,"height":200,"srcset":"https:\/\/i0.wp.com\/ismaelcolosi.com.br\/wp-content\/uploads\/2024\/08\/Copia-de-Copia-de-TAMANHO-EXATO-PARA-FOTOS-NO-SISTEMA-NOVO-43_2024-08-12_13-27-40_jpg_2024-08-12_13-27-40.webp.webp?fit=1200%2C675&ssl=1&resize=350%2C200 1x, https:\/\/i0.wp.com\/ismaelcolosi.com.br\/wp-content\/uploads\/2024\/08\/Copia-de-Copia-de-TAMANHO-EXATO-PARA-FOTOS-NO-SISTEMA-NOVO-43_2024-08-12_13-27-40_jpg_2024-08-12_13-27-40.webp.webp?fit=1200%2C675&ssl=1&resize=525%2C300 1.5x, https:\/\/i0.wp.com\/ismaelcolosi.com.br\/wp-content\/uploads\/2024\/08\/Copia-de-Copia-de-TAMANHO-EXATO-PARA-FOTOS-NO-SISTEMA-NOVO-43_2024-08-12_13-27-40_jpg_2024-08-12_13-27-40.webp.webp?fit=1200%2C675&ssl=1&resize=700%2C400 2x, https:\/\/i0.wp.com\/ismaelcolosi.com.br\/wp-content\/uploads\/2024\/08\/Copia-de-Copia-de-TAMANHO-EXATO-PARA-FOTOS-NO-SISTEMA-NOVO-43_2024-08-12_13-27-40_jpg_2024-08-12_13-27-40.webp.webp?fit=1200%2C675&ssl=1&resize=1050%2C600 3x"},"classes":[]},{"id":51486,"url":"https:\/\/ismaelcolosi.com.br\/index.php\/2024\/05\/28\/espetaculo-com-classicos-do-tango-argentino-chega-ao-theatro-pedro-ii-em-ribeirao-preto\/","url_meta":{"origin":56923,"position":5},"title":"Espet\u00e1culo com cl\u00e1ssicos do tango argentino chega ao Theatro Pedro II em Ribeir\u00e3o Preto","author":"ismaelcolosi.com.br","date":"28 de May de 2024","format":false,"excerpt":"O espet\u00e1culo \u201cUma Noite de Tango \u2013 O Musical\u201d chega ao Theatro Pedro II, no Centro de Ribeir\u00e3o Preto, neste domingo (2). A apresenta\u00e7\u00e3o, com cl\u00e1ssicos do tango argentino, acontece \u00e0s 18h. \u00a0 O concerto narra hist\u00f3rias de amores, sonhos, prazeres, dores e desencontros. Fazem parte do repert\u00f3rio cl\u00e1ssicos do\u2026","rel":"","context":"In &quot;Not\u00edcias de Ribeir\u00e3o Preto-SP e Regi\u00e3o&quot;","block_context":{"text":"Not\u00edcias de Ribeir\u00e3o Preto-SP e Regi\u00e3o","link":"https:\/\/ismaelcolosi.com.br\/index.php\/category\/noticias-de-ribeirao-preto-sp-e-regiao-ismael-colosi\/"},"img":{"alt_text":"","src":"https:\/\/i0.wp.com\/ismaelcolosi.com.br\/wp-content\/uploads\/2024\/05\/5_2024-05-28_15-37-00_jpeg_2024-05-28_15-37-00.webp.webp?fit=1200%2C675&ssl=1&resize=350%2C200","width":350,"height":200,"srcset":"https:\/\/i0.wp.com\/ismaelcolosi.com.br\/wp-content\/uploads\/2024\/05\/5_2024-05-28_15-37-00_jpeg_2024-05-28_15-37-00.webp.webp?fit=1200%2C675&ssl=1&resize=350%2C200 1x, https:\/\/i0.wp.com\/ismaelcolosi.com.br\/wp-content\/uploads\/2024\/05\/5_2024-05-28_15-37-00_jpeg_2024-05-28_15-37-00.webp.webp?fit=1200%2C675&ssl=1&resize=525%2C300 1.5x, https:\/\/i0.wp.com\/ismaelcolosi.com.br\/wp-content\/uploads\/2024\/05\/5_2024-05-28_15-37-00_jpeg_2024-05-28_15-37-00.webp.webp?fit=1200%2C675&ssl=1&resize=700%2C400 2x, https:\/\/i0.wp.com\/ismaelcolosi.com.br\/wp-content\/uploads\/2024\/05\/5_2024-05-28_15-37-00_jpeg_2024-05-28_15-37-00.webp.webp?fit=1200%2C675&ssl=1&resize=1050%2C600 3x"},"classes":[]}],"jetpack_sharing_enabled":true,"jetpack_shortlink":"https:\/\/wp.me\/pfMlyK-eO7","_links":{"self":[{"href":"https:\/\/ismaelcolosi.com.br\/index.php\/wp-json\/wp\/v2\/posts\/56923","targetHints":{"allow":["GET"]}}],"collection":[{"href":"https:\/\/ismaelcolosi.com.br\/index.php\/wp-json\/wp\/v2\/posts"}],"about":[{"href":"https:\/\/ismaelcolosi.com.br\/index.php\/wp-json\/wp\/v2\/types\/post"}],"author":[{"embeddable":true,"href":"https:\/\/ismaelcolosi.com.br\/index.php\/wp-json\/wp\/v2\/users\/1"}],"replies":[{"embeddable":true,"href":"https:\/\/ismaelcolosi.com.br\/index.php\/wp-json\/wp\/v2\/comments?post=56923"}],"version-history":[{"count":0,"href":"https:\/\/ismaelcolosi.com.br\/index.php\/wp-json\/wp\/v2\/posts\/56923\/revisions"}],"wp:featuredmedia":[{"embeddable":true,"href":"https:\/\/ismaelcolosi.com.br\/index.php\/wp-json\/wp\/v2\/media\/56924"}],"wp:attachment":[{"href":"https:\/\/ismaelcolosi.com.br\/index.php\/wp-json\/wp\/v2\/media?parent=56923"}],"wp:term":[{"taxonomy":"category","embeddable":true,"href":"https:\/\/ismaelcolosi.com.br\/index.php\/wp-json\/wp\/v2\/categories?post=56923"},{"taxonomy":"post_tag","embeddable":true,"href":"https:\/\/ismaelcolosi.com.br\/index.php\/wp-json\/wp\/v2\/tags?post=56923"}],"curies":[{"name":"wp","href":"https:\/\/api.w.org\/{rel}","templated":true}]}}