{"id":56919,"date":"2024-07-16T12:56:49","date_gmt":"2024-07-16T15:56:49","guid":{"rendered":"https:\/\/ismaelcolosi.com.br\/index.php\/2024\/07\/16\/policia-civil-prende-suspeito-de-sequestro-relampago-e-roubo-em-ribeirao-preto\/"},"modified":"2024-07-16T12:56:49","modified_gmt":"2024-07-16T15:56:49","slug":"policia-civil-prende-suspeito-de-sequestro-relampago-e-roubo-em-ribeirao-preto","status":"publish","type":"post","link":"https:\/\/ismaelcolosi.com.br\/index.php\/2024\/07\/16\/policia-civil-prende-suspeito-de-sequestro-relampago-e-roubo-em-ribeirao-preto\/","title":{"rendered":"Pol\u00edcia Civil prende suspeito de sequestro-rel\u00e2mpago e roubo em Ribeir\u00e3o Preto"},"content":{"rendered":"<p> <br \/>\n<\/p>\n<p><strong>A Pol\u00edcia Civil prendeu na manh\u00e3 desta ter\u00e7a-feira (16) um homem suspeito de participa\u00e7\u00e3o no sequestro-rel\u00e2mpago que vitimou um corretor de im\u00f3veis nesta segunda-feira (15), na zona Sul de Ribeir\u00e3o Preto.<\/strong> <mark style=\"background-color:#fcb900\" class=\"has-inline-color has-black-color\">A v\u00edtima sofreu agress\u00f5es e teve R$ 30 mil roubados em transa\u00e7\u00f5es banc\u00e1rias via Pix, al\u00e9m do carro e outros pertences.<\/mark><\/p>\n<p><em>*Not\u00edcia em atualiza\u00e7\u00e3o<\/em><\/p>\n<p>SAIBA MAIS<\/p>\n<p>Alerta de perigo potencial \u00e9 renovado no interior de SP; Veja previs\u00e3o do tempo<\/p>\n<h4 class=\"wp-block-heading\"><strong>FIQUE ON<\/strong><\/h4>\n<p>Fique ligado em tudo que acontece em Ribeir\u00e3o Preto e regi\u00e3o. Siga os perfis do&nbsp;<strong>acidade on<\/strong>&nbsp;no&nbsp;<a href=\"https:\/\/www.instagram.com\/acidadeonribeirao\" target=\"_blank\" rel=\"noreferrer noopener\">Instagram<\/a>&nbsp;e no&nbsp;<a href=\"https:\/\/www.facebook.com\/acidadeonribeirao\/\" target=\"_blank\" rel=\"noreferrer noopener\">Facebook<\/a>.<\/p>\n<p>Receba not\u00edcias do&nbsp;<strong>acidade on<\/strong>&nbsp;no WhatsApp.<a href=\"https:\/\/chat.whatsapp.com\/CdrZ6xrf7quD44Vw3WlPuZ\" target=\"_blank\" rel=\"noreferrer noopener\">&nbsp;Para entrar no grupo, basta clicar aqui.<\/a><\/p>\n<p>Fa\u00e7a uma den\u00fancia ou sugira uma reportagem sobre Ribeir\u00e3o Preto e regi\u00e3o pelo WhatsApp: 16 99117 7802.<\/p>\n<p>VEJA TAMB\u00c9M<\/p>\n<p>Quem \u00e9 o vice de Trump?<\/p>\n<p>O post Pol\u00edcia Civil prende suspeito de sequestro-rel\u00e2mpago e roubo em Ribeir\u00e3o Preto apareceu primeiro em ACidade ON Ribeir\u00e3o Preto.<\/p>\n<p><script async src=\"\/\/www.instagram.com\/embed.js\"><\/script><br \/>\n<br \/><br \/>\n<br \/><a href=\"https:\/\/www.acidadeon.com\/ribeiraopreto\/cotidiano\/policia-civil-prende-suspeito-de-sequestro-relampago-e-roubo-em-ribeirao-preto\/\">Source link <\/a><\/p>\n<div class='code-block code-block-4' style='margin: 8px auto 8px 0; text-align: left; display: block; clear: both;'>\n\ud83d\udce2 Aviso Legal\n\nO site ismaelcolosi.com.br atua apenas como um canal de divulga\u00e7\u00e3o de oportunidades de emprego e n\u00e3o se responsabiliza pelo processo seletivo, contrata\u00e7\u00e3o ou qualquer outra etapa relacionada \u00e0s vagas publicadas. Todas as informa\u00e7\u00f5es s\u00e3o de responsabilidade dos anunciantes.\n\n\u26a0\ufe0f Aten\u00e7\u00e3o! Nunca pague por promessas de emprego nem compre cursos que garantam contrata\u00e7\u00e3o. Desconfie de qualquer cobran\u00e7a para participar de sele\u00e7\u00f5es.\n\n\n\n<\/div>\n<!-- CONTENT END 1 -->\n","protected":false},"excerpt":{"rendered":"<p>A Pol\u00edcia Civil prendeu na manh\u00e3 desta ter\u00e7a-feira (16) um homem suspeito de participa\u00e7\u00e3o no sequestro-rel\u00e2mpago que vitimou um corretor de im\u00f3veis nesta segunda-feira (15),&#8230;<\/p>\n","protected":false},"author":1,"featured_media":56920,"comment_status":"open","ping_status":"open","sticky":false,"template":"","format":"standard","meta":{"_uag_custom_page_level_css":"","advanced_seo_description":"","jetpack_seo_html_title":"","jetpack_seo_noindex":false,"jetpack_post_was_ever_published":false,"_jetpack_newsletter_access":"","_jetpack_dont_email_post_to_subs":false,"_jetpack_newsletter_tier_id":0,"_jetpack_memberships_contains_paywalled_content":false,"_jetpack_memberships_contains_paid_content":false,"footnotes":"","jetpack_publicize_message":"","jetpack_publicize_feature_enabled":true,"jetpack_social_post_already_shared":true,"jetpack_social_options":{"image_generator_settings":{"template":"highway","default_image_id":0,"font":"","enabled":false},"version":2}},"categories":[11],"tags":[],"class_list":["post-56919","post","type-post","status-publish","format-standard","has-post-thumbnail","hentry","category-noticias-de-ribeirao-preto-sp-e-regiao-ismael-colosi"],"jetpack_publicize_connections":[],"jetpack_featured_media_url":"https:\/\/i0.wp.com\/ismaelcolosi.com.br\/wp-content\/uploads\/2024\/07\/WhatsApp-Image-2024-07-16-at-12.34.28_2024-07-16_15-36-08_jpeg_2024-07-16_15-36-08.webp.webp?fit=1349%2C759&ssl=1","uagb_featured_image_src":{"full":["https:\/\/i0.wp.com\/ismaelcolosi.com.br\/wp-content\/uploads\/2024\/07\/WhatsApp-Image-2024-07-16-at-12.34.28_2024-07-16_15-36-08_jpeg_2024-07-16_15-36-08.webp.webp?fit=1349%2C759&ssl=1",1349,759,false],"thumbnail":["https:\/\/i0.wp.com\/ismaelcolosi.com.br\/wp-content\/uploads\/2024\/07\/WhatsApp-Image-2024-07-16-at-12.34.28_2024-07-16_15-36-08_jpeg_2024-07-16_15-36-08.webp.webp?resize=150%2C150&ssl=1",150,150,true],"medium":["https:\/\/i0.wp.com\/ismaelcolosi.com.br\/wp-content\/uploads\/2024\/07\/WhatsApp-Image-2024-07-16-at-12.34.28_2024-07-16_15-36-08_jpeg_2024-07-16_15-36-08.webp.webp?fit=300%2C169&ssl=1",300,169,true],"medium_large":["https:\/\/i0.wp.com\/ismaelcolosi.com.br\/wp-content\/uploads\/2024\/07\/WhatsApp-Image-2024-07-16-at-12.34.28_2024-07-16_15-36-08_jpeg_2024-07-16_15-36-08.webp.webp?fit=768%2C432&ssl=1",768,432,true],"large":["https:\/\/i0.wp.com\/ismaelcolosi.com.br\/wp-content\/uploads\/2024\/07\/WhatsApp-Image-2024-07-16-at-12.34.28_2024-07-16_15-36-08_jpeg_2024-07-16_15-36-08.webp.webp?fit=1024%2C576&ssl=1",1024,576,true],"1536x1536":["https:\/\/i0.wp.com\/ismaelcolosi.com.br\/wp-content\/uploads\/2024\/07\/WhatsApp-Image-2024-07-16-at-12.34.28_2024-07-16_15-36-08_jpeg_2024-07-16_15-36-08.webp.webp?fit=1349%2C759&ssl=1",1349,759,true],"2048x2048":["https:\/\/i0.wp.com\/ismaelcolosi.com.br\/wp-content\/uploads\/2024\/07\/WhatsApp-Image-2024-07-16-at-12.34.28_2024-07-16_15-36-08_jpeg_2024-07-16_15-36-08.webp.webp?fit=1349%2C759&ssl=1",1349,759,true],"really-simple-thumb":["https:\/\/i0.wp.com\/ismaelcolosi.com.br\/wp-content\/uploads\/2024\/07\/WhatsApp-Image-2024-07-16-at-12.34.28_2024-07-16_15-36-08_jpeg_2024-07-16_15-36-08.webp.webp?resize=370%2C247&ssl=1",370,247,true]},"uagb_author_info":{"display_name":"ismaelcolosi.com.br","author_link":"https:\/\/ismaelcolosi.com.br\/index.php\/author\/vidareal-online\/"},"uagb_comment_info":0,"uagb_excerpt":"A Pol\u00edcia Civil prendeu na manh\u00e3 desta ter\u00e7a-feira (16) um homem suspeito de participa\u00e7\u00e3o no sequestro-rel\u00e2mpago que vitimou um corretor de im\u00f3veis nesta segunda-feira (15),...","jetpack-related-posts":[{"id":56636,"url":"https:\/\/ismaelcolosi.com.br\/index.php\/2024\/07\/13\/empresario-e-socio-sofrem-sequestro-relampago-na-zona-sul-de-ribeirao-preto\/","url_meta":{"origin":56919,"position":0},"title":"Empres\u00e1rio e s\u00f3cio sofrem sequestro-rel\u00e2mpago na zona Sul de Ribeir\u00e3o Preto","author":"ismaelcolosi.com.br","date":"13 de July de 2024","format":false,"excerpt":"Um empres\u00e1rio de 47 anos e seu s\u00f3cio foram v\u00edtimas de um sequestro rel\u00e2mpago na zona Sul de Ribeir\u00e3o Preto, na madrugada de sexta-feira (12). O empres\u00e1rio estima que os criminosos roubaram aproximadamente 20 mil por meio de transa\u00e7\u00f5es via Pix. A v\u00edtima informou \u00e0 pol\u00edcia no boletim de ocorr\u00eancia\u2026","rel":"","context":"In &quot;Not\u00edcias de Ribeir\u00e3o Preto-SP e Regi\u00e3o&quot;","block_context":{"text":"Not\u00edcias de Ribeir\u00e3o Preto-SP e Regi\u00e3o","link":"https:\/\/ismaelcolosi.com.br\/index.php\/category\/noticias-de-ribeirao-preto-sp-e-regiao-ismael-colosi\/"},"img":{"alt_text":"","src":"https:\/\/i0.wp.com\/ismaelcolosi.com.br\/wp-content\/uploads\/2024\/07\/1720894891_cpj_1024x576_21012021092745.jpg?fit=1024%2C575&ssl=1&resize=350%2C200","width":350,"height":200,"srcset":"https:\/\/i0.wp.com\/ismaelcolosi.com.br\/wp-content\/uploads\/2024\/07\/1720894891_cpj_1024x576_21012021092745.jpg?fit=1024%2C575&ssl=1&resize=350%2C200 1x, https:\/\/i0.wp.com\/ismaelcolosi.com.br\/wp-content\/uploads\/2024\/07\/1720894891_cpj_1024x576_21012021092745.jpg?fit=1024%2C575&ssl=1&resize=525%2C300 1.5x, https:\/\/i0.wp.com\/ismaelcolosi.com.br\/wp-content\/uploads\/2024\/07\/1720894891_cpj_1024x576_21012021092745.jpg?fit=1024%2C575&ssl=1&resize=700%2C400 2x"},"classes":[]},{"id":56633,"url":"https:\/\/ismaelcolosi.com.br\/index.php\/2024\/07\/13\/empresario-e-socio-sofrem-sequestro-relampago-e-tem-r-20-mil-roubados-em-ribeirao\/","url_meta":{"origin":56919,"position":1},"title":"Empres\u00e1rio e s\u00f3cio sofrem sequestro-rel\u00e2mpago e t\u00eam R$ 20 mil roubados em Ribeir\u00e3o","author":"ismaelcolosi.com.br","date":"13 de July de 2024","format":false,"excerpt":"Um empres\u00e1rio de 47 anos e seu s\u00f3cio foram v\u00edtimas de um sequestro rel\u00e2mpago na zona Sul de Ribeir\u00e3o Preto, na madrugada de sexta-feira (12). O empres\u00e1rio estima que os criminosos roubaram aproximadamente 20 mil por meio de transa\u00e7\u00f5es via Pix. A v\u00edtima informou \u00e0 pol\u00edcia no boletim de ocorr\u00eancia\u2026","rel":"","context":"In &quot;Not\u00edcias de Ribeir\u00e3o Preto-SP e Regi\u00e3o&quot;","block_context":{"text":"Not\u00edcias de Ribeir\u00e3o Preto-SP e Regi\u00e3o","link":"https:\/\/ismaelcolosi.com.br\/index.php\/category\/noticias-de-ribeirao-preto-sp-e-regiao-ismael-colosi\/"},"img":{"alt_text":"","src":"https:\/\/i0.wp.com\/ismaelcolosi.com.br\/wp-content\/uploads\/2024\/07\/1720892622_cpj_1024x576_21012021092745.jpg?fit=1024%2C575&ssl=1&resize=350%2C200","width":350,"height":200,"srcset":"https:\/\/i0.wp.com\/ismaelcolosi.com.br\/wp-content\/uploads\/2024\/07\/1720892622_cpj_1024x576_21012021092745.jpg?fit=1024%2C575&ssl=1&resize=350%2C200 1x, https:\/\/i0.wp.com\/ismaelcolosi.com.br\/wp-content\/uploads\/2024\/07\/1720892622_cpj_1024x576_21012021092745.jpg?fit=1024%2C575&ssl=1&resize=525%2C300 1.5x, https:\/\/i0.wp.com\/ismaelcolosi.com.br\/wp-content\/uploads\/2024\/07\/1720892622_cpj_1024x576_21012021092745.jpg?fit=1024%2C575&ssl=1&resize=700%2C400 2x"},"classes":[]},{"id":56338,"url":"https:\/\/ismaelcolosi.com.br\/index.php\/2024\/07\/11\/corretor-de-imoveis-sofre-sequestro-relampago-na-zona-sul-de-ribeirao-preto\/","url_meta":{"origin":56919,"position":2},"title":"Corretor de im\u00f3veis sofre sequestro rel\u00e2mpago na zona Sul de Ribeir\u00e3o Preto","author":"ismaelcolosi.com.br","date":"11 de July de 2024","format":false,"excerpt":"Um corretor de im\u00f3veis de 39 anos teve o carro roubado e foi levado como ref\u00e9m no pr\u00f3prio ve\u00edculo pelos criminosos na noite desta quarta-feira (10), no Jardim Iraj\u00e1, zona Sul de Ribeir\u00e3o Preto. A v\u00edtima relatou \u00e0 pol\u00edcia no boletim de ocorr\u00eancia (BO) que foi abordada por dois assaltantes,\u2026","rel":"","context":"In &quot;Not\u00edcias de Ribeir\u00e3o Preto-SP e Regi\u00e3o&quot;","block_context":{"text":"Not\u00edcias de Ribeir\u00e3o Preto-SP e Regi\u00e3o","link":"https:\/\/ismaelcolosi.com.br\/index.php\/category\/noticias-de-ribeirao-preto-sp-e-regiao-ismael-colosi\/"},"img":{"alt_text":"","src":"https:\/\/i0.wp.com\/ismaelcolosi.com.br\/wp-content\/uploads\/2024\/07\/pm_qru_1024x576_25052021184558.jpg?fit=1024%2C576&ssl=1&resize=350%2C200","width":350,"height":200,"srcset":"https:\/\/i0.wp.com\/ismaelcolosi.com.br\/wp-content\/uploads\/2024\/07\/pm_qru_1024x576_25052021184558.jpg?fit=1024%2C576&ssl=1&resize=350%2C200 1x, https:\/\/i0.wp.com\/ismaelcolosi.com.br\/wp-content\/uploads\/2024\/07\/pm_qru_1024x576_25052021184558.jpg?fit=1024%2C576&ssl=1&resize=525%2C300 1.5x, https:\/\/i0.wp.com\/ismaelcolosi.com.br\/wp-content\/uploads\/2024\/07\/pm_qru_1024x576_25052021184558.jpg?fit=1024%2C576&ssl=1&resize=700%2C400 2x"},"classes":[]},{"id":61787,"url":"https:\/\/ismaelcolosi.com.br\/index.php\/2024\/08\/23\/gcm-e-namorada-sofrem-sequestro-relampago-na-zona-sul-de-ribeirao\/","url_meta":{"origin":56919,"position":3},"title":"GCM e namorada sofrem sequestro-rel\u00e2mpago na zona Sul de Ribeir\u00e3o","author":"ismaelcolosi.com.br","date":"23 de August de 2024","format":false,"excerpt":"Um guarda civil municipal e sua namorada foram sequestrados na madrugada de hoje (23), na avenida Itatiaia, na zona Sul de Ribeir\u00e3o Preto. Tr\u00eas suspeitos foram presos na manh\u00e3 desta sexta-feira. Segundo boletim de ocorr\u00eancia, o casal foi abordado por dois homens armados que entraram no ve\u00edculo e amea\u00e7aram as\u2026","rel":"","context":"In &quot;Not\u00edcias de Ribeir\u00e3o Preto-SP e Regi\u00e3o&quot;","block_context":{"text":"Not\u00edcias de Ribeir\u00e3o Preto-SP e Regi\u00e3o","link":"https:\/\/ismaelcolosi.com.br\/index.php\/category\/noticias-de-ribeirao-preto-sp-e-regiao-ismael-colosi\/"},"img":{"alt_text":"","src":"https:\/\/i0.wp.com\/ismaelcolosi.com.br\/wp-content\/uploads\/2024\/08\/policia_militar_1024x576_27122019193540.jpg?fit=1024%2C576&ssl=1&resize=350%2C200","width":350,"height":200,"srcset":"https:\/\/i0.wp.com\/ismaelcolosi.com.br\/wp-content\/uploads\/2024\/08\/policia_militar_1024x576_27122019193540.jpg?fit=1024%2C576&ssl=1&resize=350%2C200 1x, https:\/\/i0.wp.com\/ismaelcolosi.com.br\/wp-content\/uploads\/2024\/08\/policia_militar_1024x576_27122019193540.jpg?fit=1024%2C576&ssl=1&resize=525%2C300 1.5x, https:\/\/i0.wp.com\/ismaelcolosi.com.br\/wp-content\/uploads\/2024\/08\/policia_militar_1024x576_27122019193540.jpg?fit=1024%2C576&ssl=1&resize=700%2C400 2x"},"classes":[]},{"id":56931,"url":"https:\/\/ismaelcolosi.com.br\/index.php\/2024\/07\/16\/em-5-dias-ribeirao-preto-registra-3o-caso-de-sequestro-relampago-na-zona-sul\/","url_meta":{"origin":56919,"position":4},"title":"Em 5 dias, Ribeir\u00e3o Preto registra 3\u00ba caso de sequestro-rel\u00e2mpago na zona Sul","author":"ismaelcolosi.com.br","date":"16 de July de 2024","format":false,"excerpt":"Mais uma v\u00edtima sofreu sequestro-rel\u00e2mpago na zona Sul de Ribeir\u00e3o Preto. O caso mais recente, ocorrido na noite desta segunda-feira (15), \u00e9 o terceiro semelhante na cidade \u2013 o primeiro foi no Jardim Iraj\u00e1 e o segundo, no Jardim Bot\u00e2nico \u2013 em um per\u00edodo de cinco dias. Segundo o boletim\u2026","rel":"","context":"In &quot;Not\u00edcias de Ribeir\u00e3o Preto-SP e Regi\u00e3o&quot;","block_context":{"text":"Not\u00edcias de Ribeir\u00e3o Preto-SP e Regi\u00e3o","link":"https:\/\/ismaelcolosi.com.br\/index.php\/category\/noticias-de-ribeirao-preto-sp-e-regiao-ismael-colosi\/"},"img":{"alt_text":"","src":"https:\/\/i0.wp.com\/ismaelcolosi.com.br\/wp-content\/uploads\/2024\/07\/1721147903_sirene_giroflex_1024x576_11032021085153.jpg?fit=1024%2C576&ssl=1&resize=350%2C200","width":350,"height":200,"srcset":"https:\/\/i0.wp.com\/ismaelcolosi.com.br\/wp-content\/uploads\/2024\/07\/1721147903_sirene_giroflex_1024x576_11032021085153.jpg?fit=1024%2C576&ssl=1&resize=350%2C200 1x, https:\/\/i0.wp.com\/ismaelcolosi.com.br\/wp-content\/uploads\/2024\/07\/1721147903_sirene_giroflex_1024x576_11032021085153.jpg?fit=1024%2C576&ssl=1&resize=525%2C300 1.5x, https:\/\/i0.wp.com\/ismaelcolosi.com.br\/wp-content\/uploads\/2024\/07\/1721147903_sirene_giroflex_1024x576_11032021085153.jpg?fit=1024%2C576&ssl=1&resize=700%2C400 2x"},"classes":[]},{"id":57191,"url":"https:\/\/ismaelcolosi.com.br\/index.php\/2024\/07\/18\/empresario-sofre-sequestro-relampago-na-regiao-de-ribeirao-preto\/","url_meta":{"origin":56919,"position":5},"title":"Empres\u00e1rio sofre sequestro-rel\u00e2mpago na regi\u00e3o de Ribeir\u00e3o Preto","author":"ismaelcolosi.com.br","date":"18 de July de 2024","format":false,"excerpt":"Um empres\u00e1rio de 32 anos sobreu um sequestro-rel\u00e2mpago ao sair de casa para o trabalho na manh\u00e3 desta quinta-feira (18), em Jaboticabal, cidade a aproximadamente 50 quil\u00f4metros de Ribeir\u00e3o Preto. Segundo a PM (Pol\u00edcia Militar), al\u00e9m da caminhonete, a v\u00edtima, que propriet\u00e1ria de loja de materiais de constru\u00e7\u00e3o, tamb\u00e9m teve\u2026","rel":"","context":"In &quot;Not\u00edcias de Ribeir\u00e3o Preto-SP e Regi\u00e3o&quot;","block_context":{"text":"Not\u00edcias de Ribeir\u00e3o Preto-SP e Regi\u00e3o","link":"https:\/\/ismaelcolosi.com.br\/index.php\/category\/noticias-de-ribeirao-preto-sp-e-regiao-ismael-colosi\/"},"img":{"alt_text":"","src":"https:\/\/i0.wp.com\/ismaelcolosi.com.br\/wp-content\/uploads\/2024\/07\/WhatsApp-Image-2024-02-01-at-07.08.10.jpeg?fit=1200%2C727&ssl=1&resize=350%2C200","width":350,"height":200,"srcset":"https:\/\/i0.wp.com\/ismaelcolosi.com.br\/wp-content\/uploads\/2024\/07\/WhatsApp-Image-2024-02-01-at-07.08.10.jpeg?fit=1200%2C727&ssl=1&resize=350%2C200 1x, https:\/\/i0.wp.com\/ismaelcolosi.com.br\/wp-content\/uploads\/2024\/07\/WhatsApp-Image-2024-02-01-at-07.08.10.jpeg?fit=1200%2C727&ssl=1&resize=525%2C300 1.5x, https:\/\/i0.wp.com\/ismaelcolosi.com.br\/wp-content\/uploads\/2024\/07\/WhatsApp-Image-2024-02-01-at-07.08.10.jpeg?fit=1200%2C727&ssl=1&resize=700%2C400 2x, https:\/\/i0.wp.com\/ismaelcolosi.com.br\/wp-content\/uploads\/2024\/07\/WhatsApp-Image-2024-02-01-at-07.08.10.jpeg?fit=1200%2C727&ssl=1&resize=1050%2C600 3x"},"classes":[]}],"jetpack_sharing_enabled":true,"jetpack_shortlink":"https:\/\/wp.me\/pfMlyK-eO3","_links":{"self":[{"href":"https:\/\/ismaelcolosi.com.br\/index.php\/wp-json\/wp\/v2\/posts\/56919","targetHints":{"allow":["GET"]}}],"collection":[{"href":"https:\/\/ismaelcolosi.com.br\/index.php\/wp-json\/wp\/v2\/posts"}],"about":[{"href":"https:\/\/ismaelcolosi.com.br\/index.php\/wp-json\/wp\/v2\/types\/post"}],"author":[{"embeddable":true,"href":"https:\/\/ismaelcolosi.com.br\/index.php\/wp-json\/wp\/v2\/users\/1"}],"replies":[{"embeddable":true,"href":"https:\/\/ismaelcolosi.com.br\/index.php\/wp-json\/wp\/v2\/comments?post=56919"}],"version-history":[{"count":0,"href":"https:\/\/ismaelcolosi.com.br\/index.php\/wp-json\/wp\/v2\/posts\/56919\/revisions"}],"wp:featuredmedia":[{"embeddable":true,"href":"https:\/\/ismaelcolosi.com.br\/index.php\/wp-json\/wp\/v2\/media\/56920"}],"wp:attachment":[{"href":"https:\/\/ismaelcolosi.com.br\/index.php\/wp-json\/wp\/v2\/media?parent=56919"}],"wp:term":[{"taxonomy":"category","embeddable":true,"href":"https:\/\/ismaelcolosi.com.br\/index.php\/wp-json\/wp\/v2\/categories?post=56919"},{"taxonomy":"post_tag","embeddable":true,"href":"https:\/\/ismaelcolosi.com.br\/index.php\/wp-json\/wp\/v2\/tags?post=56919"}],"curies":[{"name":"wp","href":"https:\/\/api.w.org\/{rel}","templated":true}]}}