{"id":56905,"date":"2024-07-16T11:18:25","date_gmt":"2024-07-16T14:18:25","guid":{"rendered":"https:\/\/ismaelcolosi.com.br\/index.php\/2024\/07\/16\/acessos-de-rodovia-em-ribeirao-preto-tem-interdicoes-no-fim-de-semana-veja-os-locais\/"},"modified":"2024-07-16T11:18:25","modified_gmt":"2024-07-16T14:18:25","slug":"acessos-de-rodovia-em-ribeirao-preto-tem-interdicoes-no-fim-de-semana-veja-os-locais","status":"publish","type":"post","link":"https:\/\/ismaelcolosi.com.br\/index.php\/2024\/07\/16\/acessos-de-rodovia-em-ribeirao-preto-tem-interdicoes-no-fim-de-semana-veja-os-locais\/","title":{"rendered":"Acessos de rodovia em Ribeir\u00e3o Preto t\u00eam interdi\u00e7\u00f5es no fim de semana; Veja os locais"},"content":{"rendered":"<p> <br \/>\n<\/p>\n<div data-td-block-uid=\"tdi_106\">\n<div class=\"tdb-block-inner td-fix-index\">\n<p>Os <strong>acessos da rodovia Castelo Branco <\/strong>(SPA-307\/330) pelas<strong> avenidas Treze de Maio e Presidente Kennedy <\/strong>ficar\u00e3o<strong> interditados neste s\u00e1bado<\/strong> (20), a partir das <strong>10h<\/strong>. A informa\u00e7\u00e3o \u00e9 da concession\u00e1ria Arteris ViaPaulista, que administra o trecho.<\/p>\n<p>Segundo a concession\u00e1ria, a<strong> interdi\u00e7\u00e3o ser\u00e1 pontual <\/strong>e deve <strong>durar at\u00e9 20 minutos<\/strong>. A a\u00e7\u00e3o, contar\u00e1 com o apoio da Pol\u00edcia Rodovi\u00e1ria e ser\u00e1 monitorada pelo CCO (Centro de Controle Operacional).<\/p>\n<h2 class=\"wp-block-heading\"><strong>Confira os locais dos bloqueios:<\/strong><\/h2>\n<ul>\n<li>al\u00e7a da avenida Treze de Maio (Km 002 + 800 metros)<\/li>\n<li>al\u00e7a da\u00a0 avenida Presidente Kennedy (km 001 + 900 metros)<\/li>\n<\/ul>\n<h2 class=\"wp-block-heading\"><strong>Qual o motivo da interdi\u00e7\u00e3o?<\/strong><\/h2>\n<p>O motivo, de acordo com a concession\u00e1ria, \u00e9 a <strong>realiza\u00e7\u00e3o de uma carreata<\/strong> promovida por uma transportadora com sede no bairro Lagoinha, zona Leste de Ribeir\u00e3o Preto, em <strong>comemora\u00e7\u00e3o do \u201cDia do Motorista\u201d<\/strong>, celebrado no dia 25 de julho.<\/p>\n<p>SAIBA MAIS<\/p>\n<p>Bairros das zonas Norte e Oeste de Ribeir\u00e3o Preto t\u00eam alerta para falta d\u2019 \u00e1gua<\/p>\n<h4 class=\"wp-block-heading\"><strong>FIQUE ON<\/strong><\/h4>\n<p>Fique ligado em tudo que acontece em Ribeir\u00e3o Preto e regi\u00e3o. Siga os perfis do\u00a0<strong>acidade on<\/strong>\u00a0no\u00a0<a href=\"https:\/\/www.instagram.com\/acidadeonribeirao\" target=\"_blank\" rel=\"noreferrer noopener\">Instagram<\/a>\u00a0e no\u00a0<a href=\"https:\/\/www.facebook.com\/acidadeonribeirao\/\" target=\"_blank\" rel=\"noreferrer noopener\">Facebook<\/a>.<\/p>\n<p>Receba not\u00edcias do\u00a0<strong>acidade on<\/strong>\u00a0no WhatsApp.<a href=\"https:\/\/chat.whatsapp.com\/CdrZ6xrf7quD44Vw3WlPuZ\" target=\"_blank\" rel=\"noreferrer noopener\">\u00a0Para entrar no grupo, basta clicar aqui.<\/a><\/p>\n<p>Fa\u00e7a uma den\u00fancia ou sugira uma reportagem sobre Ribeir\u00e3o Preto e regi\u00e3o pelo WhatsApp: 16 99117 7802.<\/p>\n<p>VEJA TAMB\u00c9M<\/p>\n<p>Quem \u00e9 o vice de Trump?<\/p>\n<p><!-- AI CONTENT END 1 -->\n<\/div>\n<\/div>\n<p><script async src=\"\/\/www.instagram.com\/embed.js\"><\/script><br \/>\n<br \/><br \/>\n<br \/><a href=\"https:\/\/www.acidadeon.com\/ribeiraopreto\/cotidiano\/acessos-rodovia-em-ribeirao-preto-tem-interdicoes-no-fim-de-semana-veja-os-locais\/\">Source link <\/a><\/p>\n<div class='code-block code-block-4' style='margin: 8px auto 8px 0; text-align: left; display: block; clear: both;'>\n\ud83d\udce2 Aviso Legal\n\nO site ismaelcolosi.com.br atua apenas como um canal de divulga\u00e7\u00e3o de oportunidades de emprego e n\u00e3o se responsabiliza pelo processo seletivo, contrata\u00e7\u00e3o ou qualquer outra etapa relacionada \u00e0s vagas publicadas. Todas as informa\u00e7\u00f5es s\u00e3o de responsabilidade dos anunciantes.\n\n\u26a0\ufe0f Aten\u00e7\u00e3o! Nunca pague por promessas de emprego nem compre cursos que garantam contrata\u00e7\u00e3o. Desconfie de qualquer cobran\u00e7a para participar de sele\u00e7\u00f5es.\n\n\n\n<\/div>\n<!-- CONTENT END 1 -->\n","protected":false},"excerpt":{"rendered":"<p>Os acessos da rodovia Castelo Branco (SPA-307\/330) pelas avenidas Treze de Maio e Presidente Kennedy ficar\u00e3o interditados neste s\u00e1bado (20), a partir das 10h. A&#8230;<\/p>\n","protected":false},"author":1,"featured_media":56906,"comment_status":"open","ping_status":"open","sticky":false,"template":"","format":"standard","meta":{"_uag_custom_page_level_css":"","advanced_seo_description":"","jetpack_seo_html_title":"","jetpack_seo_noindex":false,"jetpack_post_was_ever_published":false,"_jetpack_newsletter_access":"","_jetpack_dont_email_post_to_subs":false,"_jetpack_newsletter_tier_id":0,"_jetpack_memberships_contains_paywalled_content":false,"_jetpack_memberships_contains_paid_content":false,"footnotes":"","jetpack_publicize_message":"","jetpack_publicize_feature_enabled":true,"jetpack_social_post_already_shared":true,"jetpack_social_options":{"image_generator_settings":{"template":"highway","default_image_id":0,"font":"","enabled":false},"version":2}},"categories":[11],"tags":[],"class_list":["post-56905","post","type-post","status-publish","format-standard","has-post-thumbnail","hentry","category-noticias-de-ribeirao-preto-sp-e-regiao-ismael-colosi"],"jetpack_publicize_connections":[],"jetpack_featured_media_url":"https:\/\/i0.wp.com\/ismaelcolosi.com.br\/wp-content\/uploads\/2024\/07\/Copia-de-Copia-de-TAMANHO-EXATO-PARA-FOTOS-NO-SISTEMA-NOVO-25_2024-07-16_13-53-04_jpg_2024-07-16_13-53-04.webp.webp?fit=1200%2C675&ssl=1","uagb_featured_image_src":{"full":["https:\/\/i0.wp.com\/ismaelcolosi.com.br\/wp-content\/uploads\/2024\/07\/Copia-de-Copia-de-TAMANHO-EXATO-PARA-FOTOS-NO-SISTEMA-NOVO-25_2024-07-16_13-53-04_jpg_2024-07-16_13-53-04.webp.webp?fit=1200%2C675&ssl=1",1200,675,false],"thumbnail":["https:\/\/i0.wp.com\/ismaelcolosi.com.br\/wp-content\/uploads\/2024\/07\/Copia-de-Copia-de-TAMANHO-EXATO-PARA-FOTOS-NO-SISTEMA-NOVO-25_2024-07-16_13-53-04_jpg_2024-07-16_13-53-04.webp.webp?resize=150%2C150&ssl=1",150,150,true],"medium":["https:\/\/i0.wp.com\/ismaelcolosi.com.br\/wp-content\/uploads\/2024\/07\/Copia-de-Copia-de-TAMANHO-EXATO-PARA-FOTOS-NO-SISTEMA-NOVO-25_2024-07-16_13-53-04_jpg_2024-07-16_13-53-04.webp.webp?fit=300%2C169&ssl=1",300,169,true],"medium_large":["https:\/\/i0.wp.com\/ismaelcolosi.com.br\/wp-content\/uploads\/2024\/07\/Copia-de-Copia-de-TAMANHO-EXATO-PARA-FOTOS-NO-SISTEMA-NOVO-25_2024-07-16_13-53-04_jpg_2024-07-16_13-53-04.webp.webp?fit=768%2C432&ssl=1",768,432,true],"large":["https:\/\/i0.wp.com\/ismaelcolosi.com.br\/wp-content\/uploads\/2024\/07\/Copia-de-Copia-de-TAMANHO-EXATO-PARA-FOTOS-NO-SISTEMA-NOVO-25_2024-07-16_13-53-04_jpg_2024-07-16_13-53-04.webp.webp?fit=1024%2C576&ssl=1",1024,576,true],"1536x1536":["https:\/\/i0.wp.com\/ismaelcolosi.com.br\/wp-content\/uploads\/2024\/07\/Copia-de-Copia-de-TAMANHO-EXATO-PARA-FOTOS-NO-SISTEMA-NOVO-25_2024-07-16_13-53-04_jpg_2024-07-16_13-53-04.webp.webp?fit=1200%2C675&ssl=1",1200,675,true],"2048x2048":["https:\/\/i0.wp.com\/ismaelcolosi.com.br\/wp-content\/uploads\/2024\/07\/Copia-de-Copia-de-TAMANHO-EXATO-PARA-FOTOS-NO-SISTEMA-NOVO-25_2024-07-16_13-53-04_jpg_2024-07-16_13-53-04.webp.webp?fit=1200%2C675&ssl=1",1200,675,true],"really-simple-thumb":["https:\/\/i0.wp.com\/ismaelcolosi.com.br\/wp-content\/uploads\/2024\/07\/Copia-de-Copia-de-TAMANHO-EXATO-PARA-FOTOS-NO-SISTEMA-NOVO-25_2024-07-16_13-53-04_jpg_2024-07-16_13-53-04.webp.webp?resize=370%2C247&ssl=1",370,247,true]},"uagb_author_info":{"display_name":"ismaelcolosi.com.br","author_link":"https:\/\/ismaelcolosi.com.br\/index.php\/author\/vidareal-online\/"},"uagb_comment_info":0,"uagb_excerpt":"Os acessos da rodovia Castelo Branco (SPA-307\/330) pelas avenidas Treze de Maio e Presidente Kennedy ficar\u00e3o interditados neste s\u00e1bado (20), a partir das 10h. A...","jetpack-related-posts":[{"id":65517,"url":"https:\/\/ismaelcolosi.com.br\/index.php\/2024\/09\/12\/acessos-da-anhanguera-pelo-trevao-de-ribeirao-preto-serao-interditados\/","url_meta":{"origin":56905,"position":0},"title":"Acessos da Anhanguera pelo Trev\u00e3o de Ribeir\u00e3o Preto ser\u00e3o interditados","author":"ismaelcolosi.com.br","date":"12 de September de 2024","format":false,"excerpt":"A Arteris ViaPaulista informou que vai realizar trabalhos de demarca\u00e7\u00e3o nos acessos e sa\u00eddas da rodovia Anhanguera pelo Trev\u00e3o de Ribeir\u00e3o Preto, na altura do quil\u00f4metro 307+500. Por conta disso, ser\u00e1 necess\u00e1ria a interdi\u00e7\u00e3o pontual nas al\u00e7as em dois finais de semana: neste s\u00e1bado (14) e domingo (15), e no\u2026","rel":"","context":"In &quot;Not\u00edcias de Ribeir\u00e3o Preto-SP e Regi\u00e3o&quot;","block_context":{"text":"Not\u00edcias de Ribeir\u00e3o Preto-SP e Regi\u00e3o","link":"https:\/\/ismaelcolosi.com.br\/index.php\/category\/noticias-de-ribeirao-preto-sp-e-regiao-ismael-colosi\/"},"img":{"alt_text":"","src":"https:\/\/i0.wp.com\/ismaelcolosi.com.br\/wp-content\/uploads\/2024\/09\/trevao-ribeirao-preto_2024-09-12_17-08-13_jpeg_2024-09-12_17-08-13.webp.webp?fit=1200%2C652&ssl=1&resize=350%2C200","width":350,"height":200,"srcset":"https:\/\/i0.wp.com\/ismaelcolosi.com.br\/wp-content\/uploads\/2024\/09\/trevao-ribeirao-preto_2024-09-12_17-08-13_jpeg_2024-09-12_17-08-13.webp.webp?fit=1200%2C652&ssl=1&resize=350%2C200 1x, https:\/\/i0.wp.com\/ismaelcolosi.com.br\/wp-content\/uploads\/2024\/09\/trevao-ribeirao-preto_2024-09-12_17-08-13_jpeg_2024-09-12_17-08-13.webp.webp?fit=1200%2C652&ssl=1&resize=525%2C300 1.5x, https:\/\/i0.wp.com\/ismaelcolosi.com.br\/wp-content\/uploads\/2024\/09\/trevao-ribeirao-preto_2024-09-12_17-08-13_jpeg_2024-09-12_17-08-13.webp.webp?fit=1200%2C652&ssl=1&resize=700%2C400 2x, https:\/\/i0.wp.com\/ismaelcolosi.com.br\/wp-content\/uploads\/2024\/09\/trevao-ribeirao-preto_2024-09-12_17-08-13_jpeg_2024-09-12_17-08-13.webp.webp?fit=1200%2C652&ssl=1&resize=1050%2C600 3x"},"classes":[]},{"id":58555,"url":"https:\/\/ismaelcolosi.com.br\/index.php\/2024\/07\/31\/rodovia-anhanguera-na-regiao-de-ribeirao-preto-tem-interdicao-nesta-quinta-feira\/","url_meta":{"origin":56905,"position":1},"title":"Rodovia Anhanguera na regi\u00e3o de Ribeir\u00e3o Preto tem interdi\u00e7\u00e3o nesta quinta-feira","author":"ismaelcolosi.com.br","date":"31 de July de 2024","format":false,"excerpt":"O trecho da rodovia Anhanguera (SP-330) do quil\u00f4metro 282 ao 284, em S\u00e3o Sim\u00e3o, na regi\u00e3o de Ribeir\u00e3o Preto, ser\u00e1 interditado nesta quinta-feira (1). O motivo ser\u00e1 a execu\u00e7\u00e3o de servi\u00e7o de fresagem e recomposi\u00e7\u00e3o do pavimento (veja abaixo), que deve durar das 7h \u00e0s 17h. Segundo a Arteris\/Via Paulista,\u2026","rel":"","context":"In &quot;Not\u00edcias de Ribeir\u00e3o Preto-SP e Regi\u00e3o&quot;","block_context":{"text":"Not\u00edcias de Ribeir\u00e3o Preto-SP e Regi\u00e3o","link":"https:\/\/ismaelcolosi.com.br\/index.php\/category\/noticias-de-ribeirao-preto-sp-e-regiao-ismael-colosi\/"},"img":{"alt_text":"","src":"https:\/\/i0.wp.com\/ismaelcolosi.com.br\/wp-content\/uploads\/2024\/07\/Copia-de-Copia-de-TAMANHO-EXATO-PARA-FOTOS-NO-SISTEMA-NOVO-18_2024-07-31_21-30-54_jpg_2024-07-31_21-30-54.webp.webp?fit=1200%2C675&ssl=1&resize=350%2C200","width":350,"height":200,"srcset":"https:\/\/i0.wp.com\/ismaelcolosi.com.br\/wp-content\/uploads\/2024\/07\/Copia-de-Copia-de-TAMANHO-EXATO-PARA-FOTOS-NO-SISTEMA-NOVO-18_2024-07-31_21-30-54_jpg_2024-07-31_21-30-54.webp.webp?fit=1200%2C675&ssl=1&resize=350%2C200 1x, https:\/\/i0.wp.com\/ismaelcolosi.com.br\/wp-content\/uploads\/2024\/07\/Copia-de-Copia-de-TAMANHO-EXATO-PARA-FOTOS-NO-SISTEMA-NOVO-18_2024-07-31_21-30-54_jpg_2024-07-31_21-30-54.webp.webp?fit=1200%2C675&ssl=1&resize=525%2C300 1.5x, https:\/\/i0.wp.com\/ismaelcolosi.com.br\/wp-content\/uploads\/2024\/07\/Copia-de-Copia-de-TAMANHO-EXATO-PARA-FOTOS-NO-SISTEMA-NOVO-18_2024-07-31_21-30-54_jpg_2024-07-31_21-30-54.webp.webp?fit=1200%2C675&ssl=1&resize=700%2C400 2x, https:\/\/i0.wp.com\/ismaelcolosi.com.br\/wp-content\/uploads\/2024\/07\/Copia-de-Copia-de-TAMANHO-EXATO-PARA-FOTOS-NO-SISTEMA-NOVO-18_2024-07-31_21-30-54_jpg_2024-07-31_21-30-54.webp.webp?fit=1200%2C675&ssl=1&resize=1050%2C600 3x"},"classes":[]},{"id":4372,"url":"https:\/\/ismaelcolosi.com.br\/index.php\/2023\/11\/21\/tunel-sera-interditado-novamente-em-ribeirao-preto-veja-o-motivo\/","url_meta":{"origin":56905,"position":2},"title":"T\u00fanel ser\u00e1 interditado novamente em Ribeir\u00e3o Preto; Veja o motivo","author":"ismaelcolosi.com.br","date":"21 de November de 2023","format":false,"excerpt":"O t\u00fanel Jos\u00e9 Bonif\u00e1cio, entre as avenidas Independ\u00eancia e Presidente Vargas, em Ribeir\u00e3o Preto, ser\u00e1 interditado novamente na tarde desta ter\u00e7a-feira (21). De acordo com a RP Mobi, a interdi\u00e7\u00e3o \u00e9 necess\u00e1ria para pintura do t\u00fanel. A interdi\u00e7\u00e3o do dispositivo come\u00e7a \u00e0s 14h e a previs\u00e3o \u00e9 que a via\u2026","rel":"","context":"In &quot;Not\u00edcias de Ribeir\u00e3o Preto-SP e Regi\u00e3o&quot;","block_context":{"text":"Not\u00edcias de Ribeir\u00e3o Preto-SP e Regi\u00e3o","link":"https:\/\/ismaelcolosi.com.br\/index.php\/category\/noticias-de-ribeirao-preto-sp-e-regiao-ismael-colosi\/"},"img":{"alt_text":"","src":"https:\/\/i0.wp.com\/ismaelcolosi.com.br\/wp-content\/uploads\/2023\/11\/1700578607_tunel-jose-bonifacio.jpg?fit=1200%2C800&ssl=1&resize=350%2C200","width":350,"height":200,"srcset":"https:\/\/i0.wp.com\/ismaelcolosi.com.br\/wp-content\/uploads\/2023\/11\/1700578607_tunel-jose-bonifacio.jpg?fit=1200%2C800&ssl=1&resize=350%2C200 1x, https:\/\/i0.wp.com\/ismaelcolosi.com.br\/wp-content\/uploads\/2023\/11\/1700578607_tunel-jose-bonifacio.jpg?fit=1200%2C800&ssl=1&resize=525%2C300 1.5x, https:\/\/i0.wp.com\/ismaelcolosi.com.br\/wp-content\/uploads\/2023\/11\/1700578607_tunel-jose-bonifacio.jpg?fit=1200%2C800&ssl=1&resize=700%2C400 2x, https:\/\/i0.wp.com\/ismaelcolosi.com.br\/wp-content\/uploads\/2023\/11\/1700578607_tunel-jose-bonifacio.jpg?fit=1200%2C800&ssl=1&resize=1050%2C600 3x"},"classes":[]},{"id":9358,"url":"https:\/\/ismaelcolosi.com.br\/index.php\/2023\/12\/01\/tunel-de-ribeirao-preto-sera-interditado-pela-terceira-desde-a-sua-inauguracao-veja-o-motivo\/","url_meta":{"origin":56905,"position":3},"title":"T\u00fanel de Ribeir\u00e3o Preto ser\u00e1 interditado pela terceira desde a sua inaugura\u00e7\u00e3o; Veja o motivo","author":"ismaelcolosi.com.br","date":"1 de December de 2023","format":false,"excerpt":"O t\u00fanel Jos\u00e9 Bonif\u00e1cio de Andrada, entre as avenidas Independ\u00eancia e Presidente Vargas, na zona Sul de Ribeir\u00e3o Preto, ser\u00e1 interditado novamente, neste s\u00e1bado (2). Essa \u00e9 a terceira vez que o local \u00e9 fechado, desde a sua inaugura\u00e7\u00e3o, em setembro deste ano. A interdi\u00e7\u00e3o do dispositivo come\u00e7a \u00e0s 10h\u2026","rel":"","context":"In &quot;Not\u00edcias de Ribeir\u00e3o Preto-SP e Regi\u00e3o&quot;","block_context":{"text":"Not\u00edcias de Ribeir\u00e3o Preto-SP e Regi\u00e3o","link":"https:\/\/ismaelcolosi.com.br\/index.php\/category\/noticias-de-ribeirao-preto-sp-e-regiao-ismael-colosi\/"},"img":{"alt_text":"","src":"https:\/\/i0.wp.com\/ismaelcolosi.com.br\/wp-content\/uploads\/2023\/12\/1tunel.jpeg?fit=1080%2C827&ssl=1&resize=350%2C200","width":350,"height":200,"srcset":"https:\/\/i0.wp.com\/ismaelcolosi.com.br\/wp-content\/uploads\/2023\/12\/1tunel.jpeg?fit=1080%2C827&ssl=1&resize=350%2C200 1x, https:\/\/i0.wp.com\/ismaelcolosi.com.br\/wp-content\/uploads\/2023\/12\/1tunel.jpeg?fit=1080%2C827&ssl=1&resize=525%2C300 1.5x, https:\/\/i0.wp.com\/ismaelcolosi.com.br\/wp-content\/uploads\/2023\/12\/1tunel.jpeg?fit=1080%2C827&ssl=1&resize=700%2C400 2x, https:\/\/i0.wp.com\/ismaelcolosi.com.br\/wp-content\/uploads\/2023\/12\/1tunel.jpeg?fit=1080%2C827&ssl=1&resize=1050%2C600 3x"},"classes":[]},{"id":6105,"url":"https:\/\/ismaelcolosi.com.br\/index.php\/2023\/11\/24\/regiao-da-heraclito-fontoura-tera-plano-piloto-para-fluir-trafego\/","url_meta":{"origin":56905,"position":4},"title":"Regi\u00e3o da Her\u00e1clito Fontoura ter\u00e1 plano piloto para fluir tr\u00e1fego","author":"ismaelcolosi.com.br","date":"24 de November de 2023","format":false,"excerpt":"Em hor\u00e1rios de pico, motoristas chegam a levar mais de meia hora para transpor a al\u00e7a de acesso que ligam os condom\u00ednios da regi\u00e3o do Guapor\u00e9 ao Jardim Bot\u00e2nico 24 de novembro de 2023 | 16:41 2A Entrevias Concession\u00e1ria de Rodovias, em parceria com a Prefeitura Municipal e a Pol\u00edcia\u2026","rel":"","context":"In &quot;Not\u00edcias de Ribeir\u00e3o Preto-SP e Regi\u00e3o&quot;","block_context":{"text":"Not\u00edcias de Ribeir\u00e3o Preto-SP e Regi\u00e3o","link":"https:\/\/ismaelcolosi.com.br\/index.php\/category\/noticias-de-ribeirao-preto-sp-e-regiao-ismael-colosi\/"},"img":{"alt_text":"","src":"https:\/\/i0.wp.com\/ismaelcolosi.com.br\/wp-content\/uploads\/2023\/11\/00-24-nov-2023-congestionamento-guapore-foto-entrevias.jpg?fit=510%2C287&ssl=1&resize=350%2C200","width":350,"height":200},"classes":[]},{"id":49181,"url":"https:\/\/ismaelcolosi.com.br\/index.php\/2024\/05\/09\/tombamento-de-caminhao-deixa-vitima-e-causa-interdicao-no-trevao-de-ribeirao-preto\/","url_meta":{"origin":56905,"position":5},"title":"Tombamento de caminh\u00e3o deixa v\u00edtima e causa interdi\u00e7\u00e3o no Trev\u00e3o de Ribeir\u00e3o Preto","author":"ismaelcolosi.com.br","date":"9 de May de 2024","format":false,"excerpt":"O tombamento de um caminh\u00e3o na madrugada desta quinta-feira (9) deixou uma v\u00edtima e interdita uma al\u00e7a de acesso \u00e0 rodovia Anhanguera (SP-330) pelo Trev\u00e3o de Ribeir\u00e3o Preto. Segundo a concession\u00e1ria ViaPaulista, al\u00e9m de tombar, o ve\u00edculo ainda bateu contra uma barreira de concreto. A v\u00edtima foi encaminhada a um\u2026","rel":"","context":"In &quot;Not\u00edcias de Ribeir\u00e3o Preto-SP e Regi\u00e3o&quot;","block_context":{"text":"Not\u00edcias de Ribeir\u00e3o Preto-SP e Regi\u00e3o","link":"https:\/\/ismaelcolosi.com.br\/index.php\/category\/noticias-de-ribeirao-preto-sp-e-regiao-ismael-colosi\/"},"img":{"alt_text":"","src":"https:\/\/i0.wp.com\/ismaelcolosi.com.br\/wp-content\/uploads\/2024\/05\/PMR-3.jpg?fit=1200%2C907&ssl=1&resize=350%2C200","width":350,"height":200,"srcset":"https:\/\/i0.wp.com\/ismaelcolosi.com.br\/wp-content\/uploads\/2024\/05\/PMR-3.jpg?fit=1200%2C907&ssl=1&resize=350%2C200 1x, https:\/\/i0.wp.com\/ismaelcolosi.com.br\/wp-content\/uploads\/2024\/05\/PMR-3.jpg?fit=1200%2C907&ssl=1&resize=525%2C300 1.5x, https:\/\/i0.wp.com\/ismaelcolosi.com.br\/wp-content\/uploads\/2024\/05\/PMR-3.jpg?fit=1200%2C907&ssl=1&resize=700%2C400 2x, https:\/\/i0.wp.com\/ismaelcolosi.com.br\/wp-content\/uploads\/2024\/05\/PMR-3.jpg?fit=1200%2C907&ssl=1&resize=1050%2C600 3x"},"classes":[]}],"jetpack_sharing_enabled":true,"jetpack_shortlink":"https:\/\/wp.me\/pfMlyK-eNP","_links":{"self":[{"href":"https:\/\/ismaelcolosi.com.br\/index.php\/wp-json\/wp\/v2\/posts\/56905","targetHints":{"allow":["GET"]}}],"collection":[{"href":"https:\/\/ismaelcolosi.com.br\/index.php\/wp-json\/wp\/v2\/posts"}],"about":[{"href":"https:\/\/ismaelcolosi.com.br\/index.php\/wp-json\/wp\/v2\/types\/post"}],"author":[{"embeddable":true,"href":"https:\/\/ismaelcolosi.com.br\/index.php\/wp-json\/wp\/v2\/users\/1"}],"replies":[{"embeddable":true,"href":"https:\/\/ismaelcolosi.com.br\/index.php\/wp-json\/wp\/v2\/comments?post=56905"}],"version-history":[{"count":0,"href":"https:\/\/ismaelcolosi.com.br\/index.php\/wp-json\/wp\/v2\/posts\/56905\/revisions"}],"wp:featuredmedia":[{"embeddable":true,"href":"https:\/\/ismaelcolosi.com.br\/index.php\/wp-json\/wp\/v2\/media\/56906"}],"wp:attachment":[{"href":"https:\/\/ismaelcolosi.com.br\/index.php\/wp-json\/wp\/v2\/media?parent=56905"}],"wp:term":[{"taxonomy":"category","embeddable":true,"href":"https:\/\/ismaelcolosi.com.br\/index.php\/wp-json\/wp\/v2\/categories?post=56905"},{"taxonomy":"post_tag","embeddable":true,"href":"https:\/\/ismaelcolosi.com.br\/index.php\/wp-json\/wp\/v2\/tags?post=56905"}],"curies":[{"name":"wp","href":"https:\/\/api.w.org\/{rel}","templated":true}]}}