{"id":56880,"date":"2024-07-16T09:12:40","date_gmt":"2024-07-16T12:12:40","guid":{"rendered":"https:\/\/ismaelcolosi.com.br\/index.php\/2024\/07\/16\/identificado-homem-morto-a-tiros-em-avenida-na-zona-oeste-de-ribeirao-preto\/"},"modified":"2024-07-16T09:12:40","modified_gmt":"2024-07-16T12:12:40","slug":"identificado-homem-morto-a-tiros-em-avenida-na-zona-oeste-de-ribeirao-preto","status":"publish","type":"post","link":"https:\/\/ismaelcolosi.com.br\/index.php\/2024\/07\/16\/identificado-homem-morto-a-tiros-em-avenida-na-zona-oeste-de-ribeirao-preto\/","title":{"rendered":"Identificado homem morto a tiros em avenida na zona Oeste de Ribeir\u00e3o Preto"},"content":{"rendered":"<p> <br \/>\n<\/p>\n<div data-td-block-uid=\"tdi_106\">\n<div class=\"tdb-block-inner td-fix-index\">\n<p><strong>A Pol\u00edcia Civil identificou o homem morto a tiros na tarde desta segunda-feira (15), na avenida dos Andradas, zona Oeste de Ribeir\u00e3o Preto.<\/strong><\/p>\n<p>Segundo o <strong>boletim de ocorr\u00eancia (BO)<\/strong>, <mark style=\"background-color:#fcb900\" class=\"has-inline-color has-black-color\">Rodrigo Vasco da Silva, de 40 anos, foi encontrado com ao menos sete perfura\u00e7\u00f5es pelo corpo, entre as quais nas costas e nas pernas.<\/mark><\/p>\n<p>Ainda conforme o registro, a <strong>v\u00edtima <\/strong>estava em uma <strong>moto <\/strong>e teria <strong>abandonado <\/strong>o <strong>ve\u00edculo <\/strong>ao perceber a <strong>amea\u00e7a<\/strong>, quando foi em <strong>dire\u00e7\u00e3o <\/strong>a uma <strong>mata <\/strong>na altura da liga\u00e7\u00e3o a <strong>avenida Manoel Ant\u00f4nio Dias<\/strong>. <mark style=\"background-color:#fcb900\" class=\"has-inline-color has-black-color\">Silva morreu no local.<\/mark><\/p>\n<p>O <strong>celular <\/strong>dele foi encontrado ao lado do corpo e <strong>apreendido <\/strong>para <strong>investiga\u00e7\u00e3o<\/strong>.<\/p>\n<p><mark style=\"background-color:#fcb900\" class=\"has-inline-color has-black-color\">Nenhum suspeito foi preso<\/mark> e o caso est\u00e1 sob responsabilidade da <strong>Delegacia de Homic\u00eddios de Ribeir\u00e3o<\/strong>.<\/p>\n<p>SAIBA MAIS<\/p>\n<p>Alerta de perigo potencial \u00e9 renovado no interior de SP; Veja previs\u00e3o do tempo<\/p>\n<h4 class=\"wp-block-heading\"><strong>FIQUE ON<\/strong><\/h4>\n<p>Fique ligado em tudo que acontece em Ribeir\u00e3o Preto e regi\u00e3o. Siga os perfis do\u00a0<strong>acidade on<\/strong>\u00a0no\u00a0<a href=\"https:\/\/www.instagram.com\/acidadeonribeirao\" target=\"_blank\" rel=\"noreferrer noopener\">Instagram<\/a>\u00a0e no\u00a0<a href=\"https:\/\/www.facebook.com\/acidadeonribeirao\/\" target=\"_blank\" rel=\"noreferrer noopener\">Facebook<\/a>.<\/p>\n<p>Receba not\u00edcias do\u00a0<strong>acidade on<\/strong>\u00a0no WhatsApp.<a href=\"https:\/\/chat.whatsapp.com\/CdrZ6xrf7quD44Vw3WlPuZ\" target=\"_blank\" rel=\"noreferrer noopener\">\u00a0Para entrar no grupo, basta clicar aqui.<\/a><\/p>\n<p>Fa\u00e7a uma den\u00fancia ou sugira uma reportagem sobre Ribeir\u00e3o Preto e regi\u00e3o pelo WhatsApp: 16 99117 7802.<\/p>\n<p>VEJA TAMB\u00c9M<\/p>\n<p>Quem \u00e9 o vice de Trump?<\/p>\n<p><!-- AI CONTENT END 1 -->\n<\/div>\n<\/div>\n<p><script async src=\"\/\/www.instagram.com\/embed.js\"><\/script><br \/>\n<br \/><br \/>\n<br \/><a href=\"https:\/\/www.acidadeon.com\/ribeiraopreto\/cotidiano\/identificado-homem-morto-a-tiros-em-avenida-na-zona-oeste-de-ribeirao-preto\/\">Source link <\/a><\/p>\n<div class='code-block code-block-4' style='margin: 8px auto 8px 0; text-align: left; display: block; clear: both;'>\n\ud83d\udce2 Aviso Legal\n\nO site ismaelcolosi.com.br atua apenas como um canal de divulga\u00e7\u00e3o de oportunidades de emprego e n\u00e3o se responsabiliza pelo processo seletivo, contrata\u00e7\u00e3o ou qualquer outra etapa relacionada \u00e0s vagas publicadas. Todas as informa\u00e7\u00f5es s\u00e3o de responsabilidade dos anunciantes.\n\n\u26a0\ufe0f Aten\u00e7\u00e3o! Nunca pague por promessas de emprego nem compre cursos que garantam contrata\u00e7\u00e3o. Desconfie de qualquer cobran\u00e7a para participar de sele\u00e7\u00f5es.\n\n\n\n<\/div>\n<!-- CONTENT END 1 -->\n","protected":false},"excerpt":{"rendered":"<p>A Pol\u00edcia Civil identificou o homem morto a tiros na tarde desta segunda-feira (15), na avenida dos Andradas, zona Oeste de Ribeir\u00e3o Preto. Segundo o&#8230;<\/p>\n","protected":false},"author":1,"featured_media":56881,"comment_status":"open","ping_status":"open","sticky":false,"template":"","format":"standard","meta":{"_uag_custom_page_level_css":"","advanced_seo_description":"","jetpack_seo_html_title":"","jetpack_seo_noindex":false,"jetpack_post_was_ever_published":false,"_jetpack_newsletter_access":"","_jetpack_dont_email_post_to_subs":false,"_jetpack_newsletter_tier_id":0,"_jetpack_memberships_contains_paywalled_content":false,"_jetpack_memberships_contains_paid_content":false,"footnotes":"","jetpack_publicize_message":"","jetpack_publicize_feature_enabled":true,"jetpack_social_post_already_shared":true,"jetpack_social_options":{"image_generator_settings":{"template":"highway","default_image_id":0,"font":"","enabled":false},"version":2}},"categories":[11],"tags":[],"class_list":["post-56880","post","type-post","status-publish","format-standard","has-post-thumbnail","hentry","category-noticias-de-ribeirao-preto-sp-e-regiao-ismael-colosi"],"jetpack_publicize_connections":[],"jetpack_featured_media_url":"https:\/\/i0.wp.com\/ismaelcolosi.com.br\/wp-content\/uploads\/2024\/07\/MOTO_2024-07-16_11-24-24_jpg_2024-07-16_11-24-24.webp.webp?fit=559%2C350&ssl=1","uagb_featured_image_src":{"full":["https:\/\/i0.wp.com\/ismaelcolosi.com.br\/wp-content\/uploads\/2024\/07\/MOTO_2024-07-16_11-24-24_jpg_2024-07-16_11-24-24.webp.webp?fit=559%2C350&ssl=1",559,350,false],"thumbnail":["https:\/\/i0.wp.com\/ismaelcolosi.com.br\/wp-content\/uploads\/2024\/07\/MOTO_2024-07-16_11-24-24_jpg_2024-07-16_11-24-24.webp.webp?resize=150%2C150&ssl=1",150,150,true],"medium":["https:\/\/i0.wp.com\/ismaelcolosi.com.br\/wp-content\/uploads\/2024\/07\/MOTO_2024-07-16_11-24-24_jpg_2024-07-16_11-24-24.webp.webp?fit=300%2C188&ssl=1",300,188,true],"medium_large":["https:\/\/i0.wp.com\/ismaelcolosi.com.br\/wp-content\/uploads\/2024\/07\/MOTO_2024-07-16_11-24-24_jpg_2024-07-16_11-24-24.webp.webp?fit=559%2C350&ssl=1",559,350,true],"large":["https:\/\/i0.wp.com\/ismaelcolosi.com.br\/wp-content\/uploads\/2024\/07\/MOTO_2024-07-16_11-24-24_jpg_2024-07-16_11-24-24.webp.webp?fit=559%2C350&ssl=1",559,350,true],"1536x1536":["https:\/\/i0.wp.com\/ismaelcolosi.com.br\/wp-content\/uploads\/2024\/07\/MOTO_2024-07-16_11-24-24_jpg_2024-07-16_11-24-24.webp.webp?fit=559%2C350&ssl=1",559,350,true],"2048x2048":["https:\/\/i0.wp.com\/ismaelcolosi.com.br\/wp-content\/uploads\/2024\/07\/MOTO_2024-07-16_11-24-24_jpg_2024-07-16_11-24-24.webp.webp?fit=559%2C350&ssl=1",559,350,true],"really-simple-thumb":["https:\/\/i0.wp.com\/ismaelcolosi.com.br\/wp-content\/uploads\/2024\/07\/MOTO_2024-07-16_11-24-24_jpg_2024-07-16_11-24-24.webp.webp?resize=370%2C247&ssl=1",370,247,true]},"uagb_author_info":{"display_name":"ismaelcolosi.com.br","author_link":"https:\/\/ismaelcolosi.com.br\/index.php\/author\/vidareal-online\/"},"uagb_comment_info":0,"uagb_excerpt":"A Pol\u00edcia Civil identificou o homem morto a tiros na tarde desta segunda-feira (15), na avenida dos Andradas, zona Oeste de Ribeir\u00e3o Preto. Segundo o...","jetpack-related-posts":[{"id":10559,"url":"https:\/\/ismaelcolosi.com.br\/index.php\/2023\/12\/04\/homem-e-morto-apos-ser-acusado-de-furtar-medidor-de-energia-em-ribeirao\/","url_meta":{"origin":56880,"position":0},"title":"Homem \u00e9 morto ap\u00f3s ser acusado de furtar medidor de energia em Ribeir\u00e3o","author":"ismaelcolosi.com.br","date":"4 de December de 2023","format":false,"excerpt":"Um homem foi morto ap\u00f3s ter sido acusado de furtar um rel\u00f3gio de medi\u00e7\u00e3o de energia el\u00e9trica em Ribeir\u00e3o Preto. O crime aconteceu na manh\u00e3 do \u00faltimo s\u00e1bado (4) e o acusado de ter cometido o crime foi preso em flagrante. De acordo com o B.O. (boletim de ocorr\u00eancia), o\u2026","rel":"","context":"In &quot;Not\u00edcias de Ribeir\u00e3o Preto-SP e Regi\u00e3o&quot;","block_context":{"text":"Not\u00edcias de Ribeir\u00e3o Preto-SP e Regi\u00e3o","link":"https:\/\/ismaelcolosi.com.br\/index.php\/category\/noticias-de-ribeirao-preto-sp-e-regiao-ismael-colosi\/"},"img":{"alt_text":"","src":"https:\/\/i0.wp.com\/ismaelcolosi.com.br\/wp-content\/uploads\/2023\/12\/cpj_1024x576_04082020121137.jpg?fit=1024%2C575&ssl=1&resize=350%2C200","width":350,"height":200,"srcset":"https:\/\/i0.wp.com\/ismaelcolosi.com.br\/wp-content\/uploads\/2023\/12\/cpj_1024x576_04082020121137.jpg?fit=1024%2C575&ssl=1&resize=350%2C200 1x, https:\/\/i0.wp.com\/ismaelcolosi.com.br\/wp-content\/uploads\/2023\/12\/cpj_1024x576_04082020121137.jpg?fit=1024%2C575&ssl=1&resize=525%2C300 1.5x, https:\/\/i0.wp.com\/ismaelcolosi.com.br\/wp-content\/uploads\/2023\/12\/cpj_1024x576_04082020121137.jpg?fit=1024%2C575&ssl=1&resize=700%2C400 2x"},"classes":[]},{"id":23378,"url":"https:\/\/ismaelcolosi.com.br\/index.php\/2024\/01\/02\/executivo-dos-eua-e-encontrado-morto-em-rp\/","url_meta":{"origin":56880,"position":1},"title":"Executivo dos EUA \u00e9 encontrado morto em RP","author":"ismaelcolosi.com.br","date":"2 de January de 2024","format":false,"excerpt":"Homem veio passar o final de ano com a fam\u00edlia e estava desaparecido desde a quinta-feira (28); caso \u00e9 investigado como latroc\u00ednio 2 de janeiro de 2024 | 7:211 de janeiro de 2024 | 20:22 1Por: Adalberto LuqueO corpo de um homem de 34 anos foi encontrado, na noite deste\u2026","rel":"","context":"In &quot;Not\u00edcias de Ribeir\u00e3o Preto-SP e Regi\u00e3o&quot;","block_context":{"text":"Not\u00edcias de Ribeir\u00e3o Preto-SP e Regi\u00e3o","link":"https:\/\/ismaelcolosi.com.br\/index.php\/category\/noticias-de-ribeirao-preto-sp-e-regiao-ismael-colosi\/"},"img":{"alt_text":"","src":"https:\/\/i0.wp.com\/ismaelcolosi.com.br\/wp-content\/uploads\/2024\/01\/00-02-jan-2024-executivo-morto-01-foto-redes-sociais.jpg?fit=598%2C598&ssl=1&resize=350%2C200","width":350,"height":200,"srcset":"https:\/\/i0.wp.com\/ismaelcolosi.com.br\/wp-content\/uploads\/2024\/01\/00-02-jan-2024-executivo-morto-01-foto-redes-sociais.jpg?fit=598%2C598&ssl=1&resize=350%2C200 1x, https:\/\/i0.wp.com\/ismaelcolosi.com.br\/wp-content\/uploads\/2024\/01\/00-02-jan-2024-executivo-morto-01-foto-redes-sociais.jpg?fit=598%2C598&ssl=1&resize=525%2C300 1.5x"},"classes":[]},{"id":41657,"url":"https:\/\/ismaelcolosi.com.br\/index.php\/2024\/03\/10\/homem-que-estava-desaparecido-e-encontrado-morto-na-regiao-de-ribeirao\/","url_meta":{"origin":56880,"position":2},"title":"Homem que estava desaparecido \u00e9 encontrado morto na regi\u00e3o de Ribeir\u00e3o","author":"ismaelcolosi.com.br","date":"10 de March de 2024","format":false,"excerpt":"Um homem foi assassinado na noite de s\u00e1bado (9) em uma estrada de terra que liga Pontal ao distrito de Cruz das Posses, em Sert\u00e3ozinho, na regi\u00e3o de Ribeir\u00e3o Preto. O corpo foi encontrado por um homem que passava pelo local e acionou a PM (Pol\u00edcia Militar). A identidade da\u2026","rel":"","context":"In &quot;Not\u00edcias de Ribeir\u00e3o Preto-SP e Regi\u00e3o&quot;","block_context":{"text":"Not\u00edcias de Ribeir\u00e3o Preto-SP e Regi\u00e3o","link":"https:\/\/ismaelcolosi.com.br\/index.php\/category\/noticias-de-ribeirao-preto-sp-e-regiao-ismael-colosi\/"},"img":{"alt_text":"","src":"https:\/\/i0.wp.com\/ismaelcolosi.com.br\/wp-content\/uploads\/2024\/03\/1710076529_WhatsApp-Image-2023-12-09-at-13.55.44.jpeg?fit=1024%2C576&ssl=1&resize=350%2C200","width":350,"height":200,"srcset":"https:\/\/i0.wp.com\/ismaelcolosi.com.br\/wp-content\/uploads\/2024\/03\/1710076529_WhatsApp-Image-2023-12-09-at-13.55.44.jpeg?fit=1024%2C576&ssl=1&resize=350%2C200 1x, https:\/\/i0.wp.com\/ismaelcolosi.com.br\/wp-content\/uploads\/2024\/03\/1710076529_WhatsApp-Image-2023-12-09-at-13.55.44.jpeg?fit=1024%2C576&ssl=1&resize=525%2C300 1.5x, https:\/\/i0.wp.com\/ismaelcolosi.com.br\/wp-content\/uploads\/2024\/03\/1710076529_WhatsApp-Image-2023-12-09-at-13.55.44.jpeg?fit=1024%2C576&ssl=1&resize=700%2C400 2x"},"classes":[]},{"id":52098,"url":"https:\/\/ismaelcolosi.com.br\/index.php\/2024\/06\/04\/corpo-e-encontrado-em-corrego-na-avenida-jeronimo-goncalves-em-ribeirao-preto\/","url_meta":{"origin":56880,"position":3},"title":"Corpo \u00e9 encontrado em c\u00f3rrego na avenida Jer\u00f4nimo Gon\u00e7alves em Ribeir\u00e3o Preto","author":"ismaelcolosi.com.br","date":"4 de June de 2024","format":false,"excerpt":"Um corpo foi encontrado na madrugada desta ter\u00e7a-feira (4), no ribeir\u00e3o Preto, na avenida Jer\u00f4nimo Gon\u00e7alves, em Ribeir\u00e3o Preto. Segundo as primeiras informa\u00e7\u00f5es, o corpo, que seria de um homem ainda sem identifica\u00e7\u00e3o, foi retirado da \u00e1gua por uma equipe dos Bombeiros, na altura do Terminal de \u00f4nibus Dra.\u00a0Evangelina de\u2026","rel":"","context":"In &quot;Not\u00edcias de Ribeir\u00e3o Preto-SP e Regi\u00e3o&quot;","block_context":{"text":"Not\u00edcias de Ribeir\u00e3o Preto-SP e Regi\u00e3o","link":"https:\/\/ismaelcolosi.com.br\/index.php\/category\/noticias-de-ribeirao-preto-sp-e-regiao-ismael-colosi\/"},"img":{"alt_text":"","src":"https:\/\/i0.wp.com\/ismaelcolosi.com.br\/wp-content\/uploads\/2024\/06\/sirene_pm_1024x576_04022021085205.jpg?fit=1024%2C576&ssl=1&resize=350%2C200","width":350,"height":200,"srcset":"https:\/\/i0.wp.com\/ismaelcolosi.com.br\/wp-content\/uploads\/2024\/06\/sirene_pm_1024x576_04022021085205.jpg?fit=1024%2C576&ssl=1&resize=350%2C200 1x, https:\/\/i0.wp.com\/ismaelcolosi.com.br\/wp-content\/uploads\/2024\/06\/sirene_pm_1024x576_04022021085205.jpg?fit=1024%2C576&ssl=1&resize=525%2C300 1.5x, https:\/\/i0.wp.com\/ismaelcolosi.com.br\/wp-content\/uploads\/2024\/06\/sirene_pm_1024x576_04022021085205.jpg?fit=1024%2C576&ssl=1&resize=700%2C400 2x"},"classes":[]},{"id":9809,"url":"https:\/\/ismaelcolosi.com.br\/index.php\/2023\/12\/02\/utm_sourcerssutm_mediumrssutm_campaignhomem-e-preso-apos-matar-bandido-que-furtava-medidor-de-energia-em-ribeirao-preto\/","url_meta":{"origin":56880,"position":4},"title":"Homem \u00e9 preso ap\u00f3s matar bandido que furtava medidor de energia em Ribeir\u00e3o Preto \u2013 X Tudo Ribeir\u00e3o","author":"ismaelcolosi.com.br","date":"2 de December de 2023","format":false,"excerpt":"Um homem foi preso pela Pol\u00edcia na tarde deste s\u00e1bado (2\/12), ap\u00f3s matar um bandido a tiros durante um furto pela manh\u00e3 no bairro Planalto Verde, na zona Oeste de Ribeir\u00e3o Preto. Segundo informa\u00e7\u00f5es da Pol\u00edcia, no come\u00e7o da tarde populares acionaram os Policiais versando sobre um corpo encontrado em\u2026","rel":"","context":"In &quot;Not\u00edcias de Ribeir\u00e3o Preto-SP e Regi\u00e3o&quot;","block_context":{"text":"Not\u00edcias de Ribeir\u00e3o Preto-SP e Regi\u00e3o","link":"https:\/\/ismaelcolosi.com.br\/index.php\/category\/noticias-de-ribeirao-preto-sp-e-regiao-ismael-colosi\/"},"img":{"alt_text":"","src":"https:\/\/i0.wp.com\/ismaelcolosi.com.br\/wp-content\/uploads\/2023\/12\/WhatsApp-Image-2023-12-02-at-22.20.29.jpeg?fit=1200%2C537&ssl=1&resize=350%2C200","width":350,"height":200,"srcset":"https:\/\/i0.wp.com\/ismaelcolosi.com.br\/wp-content\/uploads\/2023\/12\/WhatsApp-Image-2023-12-02-at-22.20.29.jpeg?fit=1200%2C537&ssl=1&resize=350%2C200 1x, https:\/\/i0.wp.com\/ismaelcolosi.com.br\/wp-content\/uploads\/2023\/12\/WhatsApp-Image-2023-12-02-at-22.20.29.jpeg?fit=1200%2C537&ssl=1&resize=525%2C300 1.5x, https:\/\/i0.wp.com\/ismaelcolosi.com.br\/wp-content\/uploads\/2023\/12\/WhatsApp-Image-2023-12-02-at-22.20.29.jpeg?fit=1200%2C537&ssl=1&resize=700%2C400 2x, https:\/\/i0.wp.com\/ismaelcolosi.com.br\/wp-content\/uploads\/2023\/12\/WhatsApp-Image-2023-12-02-at-22.20.29.jpeg?fit=1200%2C537&ssl=1&resize=1050%2C600 3x"},"classes":[]},{"id":23013,"url":"https:\/\/ismaelcolosi.com.br\/index.php\/2023\/12\/31\/homem-que-veio-visitar-familia-em-rp-e-encontrado-morto\/","url_meta":{"origin":56880,"position":5},"title":"Homem que veio visitar fam\u00edlia em RP \u00e9 encontrado morto","author":"ismaelcolosi.com.br","date":"31 de December de 2023","format":false,"excerpt":"31 de dezembro de 2023 | 11:5931 de dezembro de 2023 | 14:27 0A Pol\u00edcia Civil encontrou na noite deste s\u00e1bado (30), o corpo do homem que estava desaparecido h\u00e1 dois dias em Ribeir\u00e3o Preto.Ap\u00f3s investiga\u00e7\u00f5es, o corpo de Paulo Roberto Carvalho Pena Braga Filho, de 34 anos, foi localizado\u2026","rel":"","context":"In &quot;Not\u00edcias de Ribeir\u00e3o Preto-SP e Regi\u00e3o&quot;","block_context":{"text":"Not\u00edcias de Ribeir\u00e3o Preto-SP e Regi\u00e3o","link":"https:\/\/ismaelcolosi.com.br\/index.php\/category\/noticias-de-ribeirao-preto-sp-e-regiao-ismael-colosi\/"},"img":{"alt_text":"","src":"https:\/\/i0.wp.com\/ismaelcolosi.com.br\/wp-content\/uploads\/2023\/12\/416099194_682035960664762_8467959815340802390_n.jpg?fit=632%2C855&ssl=1&resize=350%2C200","width":350,"height":200,"srcset":"https:\/\/i0.wp.com\/ismaelcolosi.com.br\/wp-content\/uploads\/2023\/12\/416099194_682035960664762_8467959815340802390_n.jpg?fit=632%2C855&ssl=1&resize=350%2C200 1x, https:\/\/i0.wp.com\/ismaelcolosi.com.br\/wp-content\/uploads\/2023\/12\/416099194_682035960664762_8467959815340802390_n.jpg?fit=632%2C855&ssl=1&resize=525%2C300 1.5x"},"classes":[]}],"jetpack_sharing_enabled":true,"jetpack_shortlink":"https:\/\/wp.me\/pfMlyK-eNq","_links":{"self":[{"href":"https:\/\/ismaelcolosi.com.br\/index.php\/wp-json\/wp\/v2\/posts\/56880","targetHints":{"allow":["GET"]}}],"collection":[{"href":"https:\/\/ismaelcolosi.com.br\/index.php\/wp-json\/wp\/v2\/posts"}],"about":[{"href":"https:\/\/ismaelcolosi.com.br\/index.php\/wp-json\/wp\/v2\/types\/post"}],"author":[{"embeddable":true,"href":"https:\/\/ismaelcolosi.com.br\/index.php\/wp-json\/wp\/v2\/users\/1"}],"replies":[{"embeddable":true,"href":"https:\/\/ismaelcolosi.com.br\/index.php\/wp-json\/wp\/v2\/comments?post=56880"}],"version-history":[{"count":0,"href":"https:\/\/ismaelcolosi.com.br\/index.php\/wp-json\/wp\/v2\/posts\/56880\/revisions"}],"wp:featuredmedia":[{"embeddable":true,"href":"https:\/\/ismaelcolosi.com.br\/index.php\/wp-json\/wp\/v2\/media\/56881"}],"wp:attachment":[{"href":"https:\/\/ismaelcolosi.com.br\/index.php\/wp-json\/wp\/v2\/media?parent=56880"}],"wp:term":[{"taxonomy":"category","embeddable":true,"href":"https:\/\/ismaelcolosi.com.br\/index.php\/wp-json\/wp\/v2\/categories?post=56880"},{"taxonomy":"post_tag","embeddable":true,"href":"https:\/\/ismaelcolosi.com.br\/index.php\/wp-json\/wp\/v2\/tags?post=56880"}],"curies":[{"name":"wp","href":"https:\/\/api.w.org\/{rel}","templated":true}]}}