{"id":56866,"date":"2024-07-16T07:13:54","date_gmt":"2024-07-16T10:13:54","guid":{"rendered":"https:\/\/ismaelcolosi.com.br\/index.php\/2024\/07\/16\/alerta-de-perigo-potencial-e-renovado-no-interior-de-sp-veja-previsao-do-tempo\/"},"modified":"2024-07-16T07:13:54","modified_gmt":"2024-07-16T10:13:54","slug":"alerta-de-perigo-potencial-e-renovado-no-interior-de-sp-veja-previsao-do-tempo","status":"publish","type":"post","link":"https:\/\/ismaelcolosi.com.br\/index.php\/2024\/07\/16\/alerta-de-perigo-potencial-e-renovado-no-interior-de-sp-veja-previsao-do-tempo\/","title":{"rendered":"Alerta de perigo potencial \u00e9 renovado no interior de SP; Veja previs\u00e3o do tempo"},"content":{"rendered":"<p> <br \/>\n<\/p>\n<div data-td-block-uid=\"tdi_106\">\n<div class=\"tdb-block-inner td-fix-index\">\n<p><strong>O <\/strong><a href=\"https:\/\/portal.inmet.gov.br\/\" target=\"_blank\" rel=\"noreferrer noopener\"><strong>Inmet (Instituto Nacional de Meteorologia)<\/strong><\/a><strong> renovou o alerta de perigo potencial para a baixa umidade do ar em parte do interior de S\u00e3o Paulo.<\/strong><\/p>\n<p><mark style=\"background-color:#fcb900\" class=\"has-inline-color has-black-color\">O novo aviso tem validade entre 11h e 19h desta ter\u00e7a-feira (16), e inclui Ribeir\u00e3o Preto e cidades da regi\u00e3o.<\/mark><\/p>\n<p>O <strong>alerta <\/strong>\u00e9 na <strong>cor amarela <\/strong>\u2013 a primeira em uma escala at\u00e9 tr\u00eas n\u00edveis \u2013 e indica <mark style=\"background-color:#fcb900\" class=\"has-inline-color has-black-color\">umidade relativa do ar entre 30% e 20%<\/mark>.<a href=\"https:\/\/alertas2.inmet.gov.br\/47998\" target=\"_blank\" rel=\"noreferrer noopener\"> Clique aqui<\/a> e confira os <strong>munic\u00edpios atingidos<\/strong>.<\/p>\n<p>Ainda conforme o <strong>Inmet<\/strong>, apesar do ar seco, \u00e9 baixo risco de inc\u00eandios florestais e \u00e0 sa\u00fade.<\/p>\n<h4 class=\"wp-block-heading\"><strong>Ribeir\u00e3o Preto<\/strong><\/h4>\n<p>A <a href=\"https:\/\/www.climatempo.com.br\/\" target=\"_blank\" rel=\"noreferrer noopener\">Climatempo<\/a> explica que o\u00a0<strong>ar seco come\u00e7a a ganhar for\u00e7a<\/strong>\u00a0na maior parte do <strong>interior de\u00a0S\u00e3o Paulo<\/strong>.<\/p>\n<p>O <strong>sol forte<\/strong> e o <strong>tempo seco<\/strong> predominam nesta <strong>ter\u00e7a-feira<\/strong> em <strong>Ribeir\u00e3o Preto<\/strong>. <mark style=\"background-color:#fcb900\" class=\"has-inline-color has-black-color\">A temperatura pode atingir 29\u00b0C na cidade, com \u00edndices de umidade previstos entre 33% e 82%.<\/mark><\/p>\n<p>H\u00e1 <strong>chuva prevista <\/strong>somente para o <strong>litoral de S\u00e3o Paulo<\/strong> por causa do\u00a0<strong>vento mar\u00edtimo que se intensificou na Costa da Regi\u00e3o Sudeste<\/strong>\u00a0e espalha muita <strong>umidade<\/strong>.<\/p>\n<p>SAIBA MAIS<\/p>\n<p>O que se sabe sobre professor do interior de SP encontrado morto em trem no Peru<\/p>\n<h4 class=\"wp-block-heading\"><strong>FIQUE ON<\/strong><\/h4>\n<p>Fique ligado em tudo que acontece em Ribeir\u00e3o Preto e regi\u00e3o. Siga os perfis do\u00a0<strong>acidade on<\/strong>\u00a0no\u00a0<a href=\"https:\/\/www.instagram.com\/acidadeonribeirao\" target=\"_blank\" rel=\"noreferrer noopener\">Instagram<\/a>\u00a0e no\u00a0<a href=\"https:\/\/www.facebook.com\/acidadeonribeirao\/\" target=\"_blank\" rel=\"noreferrer noopener\">Facebook<\/a>.<\/p>\n<p>Receba not\u00edcias do\u00a0<strong>acidade on<\/strong>\u00a0no WhatsApp.<a href=\"https:\/\/chat.whatsapp.com\/CdrZ6xrf7quD44Vw3WlPuZ\" target=\"_blank\" rel=\"noreferrer noopener\">\u00a0Para entrar no grupo, basta clicar aqui.<\/a><\/p>\n<p>Fa\u00e7a uma den\u00fancia ou sugira uma reportagem sobre Ribeir\u00e3o Preto e regi\u00e3o pelo WhatsApp: 16 99117 7802.<\/p>\n<p>VEJA TAMB\u00c9M<\/p>\n<p>Quem \u00e9 o vice de Trump?<\/p>\n<p><!-- AI CONTENT END 1 -->\n<\/div>\n<\/div>\n<p><script async src=\"\/\/www.instagram.com\/embed.js\"><\/script><br \/>\n<br \/><br \/>\n<br \/><a href=\"https:\/\/www.acidadeon.com\/ribeiraopreto\/cotidiano\/alerta-de-perigo-potencial-e-renovado-no-interior-de-sp-veja-previsao-do-tempo\/\">Source link <\/a><\/p>\n<div class='code-block code-block-4' style='margin: 8px auto 8px 0; text-align: left; display: block; clear: both;'>\n\ud83d\udce2 Aviso Legal\n\nO site ismaelcolosi.com.br atua apenas como um canal de divulga\u00e7\u00e3o de oportunidades de emprego e n\u00e3o se responsabiliza pelo processo seletivo, contrata\u00e7\u00e3o ou qualquer outra etapa relacionada \u00e0s vagas publicadas. Todas as informa\u00e7\u00f5es s\u00e3o de responsabilidade dos anunciantes.\n\n\u26a0\ufe0f Aten\u00e7\u00e3o! Nunca pague por promessas de emprego nem compre cursos que garantam contrata\u00e7\u00e3o. Desconfie de qualquer cobran\u00e7a para participar de sele\u00e7\u00f5es.\n\n\n\n<\/div>\n<!-- CONTENT END 1 -->\n","protected":false},"excerpt":{"rendered":"<p>O Inmet (Instituto Nacional de Meteorologia) renovou o alerta de perigo potencial para a baixa umidade do ar em parte do interior de S\u00e3o Paulo&#8230;.<\/p>\n","protected":false},"author":1,"featured_media":56867,"comment_status":"open","ping_status":"open","sticky":false,"template":"","format":"standard","meta":{"_uag_custom_page_level_css":"","advanced_seo_description":"","jetpack_seo_html_title":"","jetpack_seo_noindex":false,"jetpack_post_was_ever_published":false,"_jetpack_newsletter_access":"","_jetpack_dont_email_post_to_subs":false,"_jetpack_newsletter_tier_id":0,"_jetpack_memberships_contains_paywalled_content":false,"_jetpack_memberships_contains_paid_content":false,"footnotes":"","jetpack_publicize_message":"","jetpack_publicize_feature_enabled":true,"jetpack_social_post_already_shared":true,"jetpack_social_options":{"image_generator_settings":{"template":"highway","default_image_id":0,"font":"","enabled":false},"version":2}},"categories":[11],"tags":[],"class_list":["post-56866","post","type-post","status-publish","format-standard","has-post-thumbnail","hentry","category-noticias-de-ribeirao-preto-sp-e-regiao-ismael-colosi"],"jetpack_publicize_connections":[],"jetpack_featured_media_url":"https:\/\/i0.wp.com\/ismaelcolosi.com.br\/wp-content\/uploads\/2024\/07\/calor-onda.jpeg?fit=1600%2C900&ssl=1","uagb_featured_image_src":{"full":["https:\/\/i0.wp.com\/ismaelcolosi.com.br\/wp-content\/uploads\/2024\/07\/calor-onda.jpeg?fit=1600%2C900&ssl=1",1600,900,false],"thumbnail":["https:\/\/i0.wp.com\/ismaelcolosi.com.br\/wp-content\/uploads\/2024\/07\/calor-onda.jpeg?resize=150%2C150&ssl=1",150,150,true],"medium":["https:\/\/i0.wp.com\/ismaelcolosi.com.br\/wp-content\/uploads\/2024\/07\/calor-onda.jpeg?fit=300%2C169&ssl=1",300,169,true],"medium_large":["https:\/\/i0.wp.com\/ismaelcolosi.com.br\/wp-content\/uploads\/2024\/07\/calor-onda.jpeg?fit=768%2C432&ssl=1",768,432,true],"large":["https:\/\/i0.wp.com\/ismaelcolosi.com.br\/wp-content\/uploads\/2024\/07\/calor-onda.jpeg?fit=1024%2C576&ssl=1",1024,576,true],"1536x1536":["https:\/\/i0.wp.com\/ismaelcolosi.com.br\/wp-content\/uploads\/2024\/07\/calor-onda.jpeg?fit=1536%2C864&ssl=1",1536,864,true],"2048x2048":["https:\/\/i0.wp.com\/ismaelcolosi.com.br\/wp-content\/uploads\/2024\/07\/calor-onda.jpeg?fit=1600%2C900&ssl=1",1600,900,true],"really-simple-thumb":["https:\/\/i0.wp.com\/ismaelcolosi.com.br\/wp-content\/uploads\/2024\/07\/calor-onda.jpeg?resize=370%2C247&ssl=1",370,247,true]},"uagb_author_info":{"display_name":"ismaelcolosi.com.br","author_link":"https:\/\/ismaelcolosi.com.br\/index.php\/author\/vidareal-online\/"},"uagb_comment_info":0,"uagb_excerpt":"O Inmet (Instituto Nacional de Meteorologia) renovou o alerta de perigo potencial para a baixa umidade do ar em parte do interior de S\u00e3o Paulo....","jetpack-related-posts":[{"id":53346,"url":"https:\/\/ismaelcolosi.com.br\/index.php\/2024\/06\/16\/novo-alerta-do-inmet-coloca-interior-de-sp-em-estado-de-perigo-devido-a-baixa-umidade-do-ar\/","url_meta":{"origin":56866,"position":0},"title":"Novo alerta do Inmet coloca interior de SP em estado de perigo devido a baixa umidade do ar","author":"ismaelcolosi.com.br","date":"16 de June de 2024","format":false,"excerpt":"Um novo alerta do Inmet (Instituto Nacional de Meteorologia) emitido neste domingo (16) coloca cidades do interior de S\u00e3o Paulo, entre elas, Ribeir\u00e3o Preto (veja abaixo) em aten\u00e7\u00e3o devido ao perigo potencial causado pela baixa umidade do ar. O alerta \u00e9 v\u00e1lido a partir do meio-dia at\u00e9 \u00e0s 19h deste\u2026","rel":"","context":"In &quot;Not\u00edcias de Ribeir\u00e3o Preto-SP e Regi\u00e3o&quot;","block_context":{"text":"Not\u00edcias de Ribeir\u00e3o Preto-SP e Regi\u00e3o","link":"https:\/\/ismaelcolosi.com.br\/index.php\/category\/noticias-de-ribeirao-preto-sp-e-regiao-ismael-colosi\/"},"img":{"alt_text":"","src":"https:\/\/i0.wp.com\/ismaelcolosi.com.br\/wp-content\/uploads\/2024\/06\/Copia-de-Copia-de-TAMANHO-EXATO-PARA-FOTOS-NO-SISTEMA-NOVO_2024-06-16_13-49-57_png_2024-06-16_13-49-57.webp.webp?fit=1200%2C675&ssl=1&resize=350%2C200","width":350,"height":200,"srcset":"https:\/\/i0.wp.com\/ismaelcolosi.com.br\/wp-content\/uploads\/2024\/06\/Copia-de-Copia-de-TAMANHO-EXATO-PARA-FOTOS-NO-SISTEMA-NOVO_2024-06-16_13-49-57_png_2024-06-16_13-49-57.webp.webp?fit=1200%2C675&ssl=1&resize=350%2C200 1x, https:\/\/i0.wp.com\/ismaelcolosi.com.br\/wp-content\/uploads\/2024\/06\/Copia-de-Copia-de-TAMANHO-EXATO-PARA-FOTOS-NO-SISTEMA-NOVO_2024-06-16_13-49-57_png_2024-06-16_13-49-57.webp.webp?fit=1200%2C675&ssl=1&resize=525%2C300 1.5x, https:\/\/i0.wp.com\/ismaelcolosi.com.br\/wp-content\/uploads\/2024\/06\/Copia-de-Copia-de-TAMANHO-EXATO-PARA-FOTOS-NO-SISTEMA-NOVO_2024-06-16_13-49-57_png_2024-06-16_13-49-57.webp.webp?fit=1200%2C675&ssl=1&resize=700%2C400 2x, https:\/\/i0.wp.com\/ismaelcolosi.com.br\/wp-content\/uploads\/2024\/06\/Copia-de-Copia-de-TAMANHO-EXATO-PARA-FOTOS-NO-SISTEMA-NOVO_2024-06-16_13-49-57_png_2024-06-16_13-49-57.webp.webp?fit=1200%2C675&ssl=1&resize=1050%2C600 3x"},"classes":[]},{"id":57415,"url":"https:\/\/ismaelcolosi.com.br\/index.php\/2024\/07\/21\/inmet-aumenta-grau-de-perigo-no-interior-de-sp-veja-cidades-afetadas\/","url_meta":{"origin":56866,"position":1},"title":"Inmet aumenta grau de perigo no interior de SP; Veja cidades afetadas","author":"ismaelcolosi.com.br","date":"21 de July de 2024","format":false,"excerpt":"O Inmet (Instituto Nacional de Meteorologia) elevou o alerta para a baixa umidade do ar em parte do interior de S\u00e3o Paulo neste domingo (21). O aviso, que passa a ser de perigo e n\u00e3o perigo potencial, tem validade entre 12h e 17h e inclui parte da regi\u00e3o de Ribeir\u00e3o\u2026","rel":"","context":"In &quot;Not\u00edcias de Ribeir\u00e3o Preto-SP e Regi\u00e3o&quot;","block_context":{"text":"Not\u00edcias de Ribeir\u00e3o Preto-SP e Regi\u00e3o","link":"https:\/\/ismaelcolosi.com.br\/index.php\/category\/noticias-de-ribeirao-preto-sp-e-regiao-ismael-colosi\/"},"img":{"alt_text":"","src":"https:\/\/i0.wp.com\/ismaelcolosi.com.br\/wp-content\/uploads\/2024\/07\/ribeirao_preto_1024x576_16102020221204.jpg?fit=1024%2C576&ssl=1&resize=350%2C200","width":350,"height":200,"srcset":"https:\/\/i0.wp.com\/ismaelcolosi.com.br\/wp-content\/uploads\/2024\/07\/ribeirao_preto_1024x576_16102020221204.jpg?fit=1024%2C576&ssl=1&resize=350%2C200 1x, https:\/\/i0.wp.com\/ismaelcolosi.com.br\/wp-content\/uploads\/2024\/07\/ribeirao_preto_1024x576_16102020221204.jpg?fit=1024%2C576&ssl=1&resize=525%2C300 1.5x, https:\/\/i0.wp.com\/ismaelcolosi.com.br\/wp-content\/uploads\/2024\/07\/ribeirao_preto_1024x576_16102020221204.jpg?fit=1024%2C576&ssl=1&resize=700%2C400 2x"},"classes":[]},{"id":58719,"url":"https:\/\/ismaelcolosi.com.br\/index.php\/2024\/08\/02\/inmet-faz-novo-alerta-de-perigo-potencial-ao-interior-de-sp-veja-cidades-afetadas\/","url_meta":{"origin":56866,"position":2},"title":"Inmet faz novo alerta de perigo potencial ao interior de SP; Veja cidades afetadas","author":"ismaelcolosi.com.br","date":"2 de August de 2024","format":false,"excerpt":"O Inmet (Instituto Nacional de Meteorologia) emitiu um novo alerta de perigo potencial para a baixa umidade do ar em parte do interior de S\u00e3o Paulo. O aviso tem validade entre 11h e 19h desta sexta-feira (2), e inclui Ribeir\u00e3o Preto e cidades da regi\u00e3o. O alerta \u00e9 na cor\u2026","rel":"","context":"In &quot;Not\u00edcias de Ribeir\u00e3o Preto-SP e Regi\u00e3o&quot;","block_context":{"text":"Not\u00edcias de Ribeir\u00e3o Preto-SP e Regi\u00e3o","link":"https:\/\/ismaelcolosi.com.br\/index.php\/category\/noticias-de-ribeirao-preto-sp-e-regiao-ismael-colosi\/"},"img":{"alt_text":"","src":"https:\/\/i0.wp.com\/ismaelcolosi.com.br\/wp-content\/uploads\/2024\/08\/ceu_ceu_1024x576_30072021170614.jpg?fit=1024%2C576&ssl=1&resize=350%2C200","width":350,"height":200,"srcset":"https:\/\/i0.wp.com\/ismaelcolosi.com.br\/wp-content\/uploads\/2024\/08\/ceu_ceu_1024x576_30072021170614.jpg?fit=1024%2C576&ssl=1&resize=350%2C200 1x, https:\/\/i0.wp.com\/ismaelcolosi.com.br\/wp-content\/uploads\/2024\/08\/ceu_ceu_1024x576_30072021170614.jpg?fit=1024%2C576&ssl=1&resize=525%2C300 1.5x, https:\/\/i0.wp.com\/ismaelcolosi.com.br\/wp-content\/uploads\/2024\/08\/ceu_ceu_1024x576_30072021170614.jpg?fit=1024%2C576&ssl=1&resize=700%2C400 2x"},"classes":[]},{"id":57477,"url":"https:\/\/ismaelcolosi.com.br\/index.php\/2024\/07\/22\/inmet-emite-alerta-laranja-de-perigo-para-o-interior-de-sp-veja-cidades-afetadas\/","url_meta":{"origin":56866,"position":3},"title":"Inmet emite alerta laranja de perigo para o interior de SP; Veja cidades afetadas","author":"ismaelcolosi.com.br","date":"22 de July de 2024","format":false,"excerpt":"O Inmet (Instituto Nacional de Meteorologia) emitiu dois alertas para baixa umidade do ar em parte do interior de S\u00e3o Paulo. Todos os avisos incluem Ribeir\u00e3o Preto e cidades da regi\u00e3o. O primeiro, das 11h \u00e0s 19h, \u00e9 na cor amarela \u2013 a primeira em uma escala at\u00e9 tr\u00eas n\u00edveis\u2026","rel":"","context":"In &quot;Not\u00edcias de Ribeir\u00e3o Preto-SP e Regi\u00e3o&quot;","block_context":{"text":"Not\u00edcias de Ribeir\u00e3o Preto-SP e Regi\u00e3o","link":"https:\/\/ismaelcolosi.com.br\/index.php\/category\/noticias-de-ribeirao-preto-sp-e-regiao-ismael-colosi\/"},"img":{"alt_text":"","src":"https:\/\/i0.wp.com\/ismaelcolosi.com.br\/wp-content\/uploads\/2024\/07\/por_do_1024x576_21042020072407.jpg?fit=1024%2C576&ssl=1&resize=350%2C200","width":350,"height":200,"srcset":"https:\/\/i0.wp.com\/ismaelcolosi.com.br\/wp-content\/uploads\/2024\/07\/por_do_1024x576_21042020072407.jpg?fit=1024%2C576&ssl=1&resize=350%2C200 1x, https:\/\/i0.wp.com\/ismaelcolosi.com.br\/wp-content\/uploads\/2024\/07\/por_do_1024x576_21042020072407.jpg?fit=1024%2C576&ssl=1&resize=525%2C300 1.5x, https:\/\/i0.wp.com\/ismaelcolosi.com.br\/wp-content\/uploads\/2024\/07\/por_do_1024x576_21042020072407.jpg?fit=1024%2C576&ssl=1&resize=700%2C400 2x"},"classes":[]},{"id":55009,"url":"https:\/\/ismaelcolosi.com.br\/index.php\/2024\/06\/29\/inmet-alerta-para-perigo-potencial-no-interior-de-sp-veja-as-cidades\/","url_meta":{"origin":56866,"position":4},"title":"Inmet alerta para perigo potencial no interior de SP; Veja as cidades","author":"ismaelcolosi.com.br","date":"29 de June de 2024","format":false,"excerpt":"O Inmet (Instituto Nacional de Meteorologia) emitiu novo alerta de perigo potencial por conta da baixa umidade do ar. O alerta \u00e9 v\u00e1lido, das 11h \u00e0s 19h deste s\u00e1bado (29), e inclui algumas cidades do interior de S\u00e3o Paulo, entre elas, Ribeir\u00e3o Preto (veja abaixo). Com a umidade do ar\u2026","rel":"","context":"In &quot;Not\u00edcias de Ribeir\u00e3o Preto-SP e Regi\u00e3o&quot;","block_context":{"text":"Not\u00edcias de Ribeir\u00e3o Preto-SP e Regi\u00e3o","link":"https:\/\/ismaelcolosi.com.br\/index.php\/category\/noticias-de-ribeirao-preto-sp-e-regiao-ismael-colosi\/"},"img":{"alt_text":"","src":"https:\/\/i0.wp.com\/ismaelcolosi.com.br\/wp-content\/uploads\/2024\/03\/AnyConv.com__tempo-ribeirao-preto-2.webp.webp?fit=1200%2C675&ssl=1&resize=350%2C200","width":350,"height":200,"srcset":"https:\/\/i0.wp.com\/ismaelcolosi.com.br\/wp-content\/uploads\/2024\/03\/AnyConv.com__tempo-ribeirao-preto-2.webp.webp?fit=1200%2C675&ssl=1&resize=350%2C200 1x, https:\/\/i0.wp.com\/ismaelcolosi.com.br\/wp-content\/uploads\/2024\/03\/AnyConv.com__tempo-ribeirao-preto-2.webp.webp?fit=1200%2C675&ssl=1&resize=525%2C300 1.5x, https:\/\/i0.wp.com\/ismaelcolosi.com.br\/wp-content\/uploads\/2024\/03\/AnyConv.com__tempo-ribeirao-preto-2.webp.webp?fit=1200%2C675&ssl=1&resize=700%2C400 2x, https:\/\/i0.wp.com\/ismaelcolosi.com.br\/wp-content\/uploads\/2024\/03\/AnyConv.com__tempo-ribeirao-preto-2.webp.webp?fit=1200%2C675&ssl=1&resize=1050%2C600 3x"},"classes":[]},{"id":57243,"url":"https:\/\/ismaelcolosi.com.br\/index.php\/2024\/07\/18\/inmet-coloca-interior-de-sp-mais-uma-vez-em-alerta-de-perigo-potencial-veja-as-cidades\/","url_meta":{"origin":56866,"position":5},"title":"Inmet coloca interior de SP mais uma vez em alerta de perigo potencial; Veja as cidades","author":"ismaelcolosi.com.br","date":"18 de July de 2024","format":false,"excerpt":"O Inmet (Instituto Nacional de Meteorologia) emitiu, nesta quinta-feira (18), um novo alerta de perigo potencial por conta da baixa umidade do ar. O aviso de cor amarela, inclui cidades do interior de S\u00e3o Paulo, entre elas, Ribeir\u00e3o Preto (veja abaixo). De acordo com o instituto, o alerta \u00e9 v\u00e1lido\u2026","rel":"","context":"In &quot;Not\u00edcias de Ribeir\u00e3o Preto-SP e Regi\u00e3o&quot;","block_context":{"text":"Not\u00edcias de Ribeir\u00e3o Preto-SP e Regi\u00e3o","link":"https:\/\/ismaelcolosi.com.br\/index.php\/category\/noticias-de-ribeirao-preto-sp-e-regiao-ismael-colosi\/"},"img":{"alt_text":"","src":"https:\/\/i0.wp.com\/ismaelcolosi.com.br\/wp-content\/uploads\/2024\/07\/Copia-de-Copia-de-TAMANHO-EXATO-PARA-FOTOS-NO-SISTEMA-NOVO-5_2024-07-18_23-18-12_png_2024-07-18_23-18-12.webp.webp?fit=1200%2C675&ssl=1&resize=350%2C200","width":350,"height":200,"srcset":"https:\/\/i0.wp.com\/ismaelcolosi.com.br\/wp-content\/uploads\/2024\/07\/Copia-de-Copia-de-TAMANHO-EXATO-PARA-FOTOS-NO-SISTEMA-NOVO-5_2024-07-18_23-18-12_png_2024-07-18_23-18-12.webp.webp?fit=1200%2C675&ssl=1&resize=350%2C200 1x, https:\/\/i0.wp.com\/ismaelcolosi.com.br\/wp-content\/uploads\/2024\/07\/Copia-de-Copia-de-TAMANHO-EXATO-PARA-FOTOS-NO-SISTEMA-NOVO-5_2024-07-18_23-18-12_png_2024-07-18_23-18-12.webp.webp?fit=1200%2C675&ssl=1&resize=525%2C300 1.5x, https:\/\/i0.wp.com\/ismaelcolosi.com.br\/wp-content\/uploads\/2024\/07\/Copia-de-Copia-de-TAMANHO-EXATO-PARA-FOTOS-NO-SISTEMA-NOVO-5_2024-07-18_23-18-12_png_2024-07-18_23-18-12.webp.webp?fit=1200%2C675&ssl=1&resize=700%2C400 2x, https:\/\/i0.wp.com\/ismaelcolosi.com.br\/wp-content\/uploads\/2024\/07\/Copia-de-Copia-de-TAMANHO-EXATO-PARA-FOTOS-NO-SISTEMA-NOVO-5_2024-07-18_23-18-12_png_2024-07-18_23-18-12.webp.webp?fit=1200%2C675&ssl=1&resize=1050%2C600 3x"},"classes":[]}],"jetpack_sharing_enabled":true,"jetpack_shortlink":"https:\/\/wp.me\/pfMlyK-eNc","_links":{"self":[{"href":"https:\/\/ismaelcolosi.com.br\/index.php\/wp-json\/wp\/v2\/posts\/56866","targetHints":{"allow":["GET"]}}],"collection":[{"href":"https:\/\/ismaelcolosi.com.br\/index.php\/wp-json\/wp\/v2\/posts"}],"about":[{"href":"https:\/\/ismaelcolosi.com.br\/index.php\/wp-json\/wp\/v2\/types\/post"}],"author":[{"embeddable":true,"href":"https:\/\/ismaelcolosi.com.br\/index.php\/wp-json\/wp\/v2\/users\/1"}],"replies":[{"embeddable":true,"href":"https:\/\/ismaelcolosi.com.br\/index.php\/wp-json\/wp\/v2\/comments?post=56866"}],"version-history":[{"count":0,"href":"https:\/\/ismaelcolosi.com.br\/index.php\/wp-json\/wp\/v2\/posts\/56866\/revisions"}],"wp:featuredmedia":[{"embeddable":true,"href":"https:\/\/ismaelcolosi.com.br\/index.php\/wp-json\/wp\/v2\/media\/56867"}],"wp:attachment":[{"href":"https:\/\/ismaelcolosi.com.br\/index.php\/wp-json\/wp\/v2\/media?parent=56866"}],"wp:term":[{"taxonomy":"category","embeddable":true,"href":"https:\/\/ismaelcolosi.com.br\/index.php\/wp-json\/wp\/v2\/categories?post=56866"},{"taxonomy":"post_tag","embeddable":true,"href":"https:\/\/ismaelcolosi.com.br\/index.php\/wp-json\/wp\/v2\/tags?post=56866"}],"curies":[{"name":"wp","href":"https:\/\/api.w.org\/{rel}","templated":true}]}}