{"id":56860,"date":"2024-07-15T21:43:38","date_gmt":"2024-07-16T00:43:38","guid":{"rendered":"https:\/\/ismaelcolosi.com.br\/index.php\/2024\/07\/15\/o-que-se-sabe-sobre-professor-do-interior-de-sp-encontrado-morto-em-trem-no-peru\/"},"modified":"2024-07-15T21:43:38","modified_gmt":"2024-07-16T00:43:38","slug":"o-que-se-sabe-sobre-professor-do-interior-de-sp-encontrado-morto-em-trem-no-peru","status":"publish","type":"post","link":"https:\/\/ismaelcolosi.com.br\/index.php\/2024\/07\/15\/o-que-se-sabe-sobre-professor-do-interior-de-sp-encontrado-morto-em-trem-no-peru\/","title":{"rendered":"O que se sabe sobre professor do interior de SP encontrado morto em trem no Peru"},"content":{"rendered":"<p> <br \/>\n<\/p>\n<div>\n<p>Um <strong>turista brasileiro<\/strong> foi <strong>encontrado morto<\/strong> dentro de um <strong>vag\u00e3o de trem no Peru<\/strong>, na \u00faltima sexta-feira (12). <strong>Cledersom Marques<\/strong> era de <strong>Franca<\/strong>, cidade na regi\u00e3o de <strong>Ribeir\u00e3o Preto<\/strong>.<\/p>\n<p>Conforme a Ag\u00eancia Andina, o homem teria tido um <strong>ataque card\u00edaco<\/strong> enquanto o trem percorria a rota entre <strong>Machu Picchu<\/strong> e <strong>Ollantaytambo<\/strong>, local que abriga um <strong>s\u00edtio arqueol\u00f3gico inca<\/strong>.<\/p>\n<p><mark style=\"background-color:#fcb900\" class=\"has-inline-color\">Testemunhas relataram \u00e0 ag\u00eancia que o brasileiro teria tido <strong>convuls\u00f5es <\/strong>e <strong>desmaiado de forma repentina<\/strong> momentos antes de ir a \u00f3bito.<\/mark><\/p>\n<p><strong>Cledersom <\/strong>foi encontrado \u201cinerte\u201d, sem sinais vitais e em posi\u00e7\u00e3o dorsal pela equipe de seguran\u00e7a da esta\u00e7\u00e3o ferrovi\u00e1ria de <strong>Ollantaytambo<\/strong>, que avisou as autoridades sobre o caso.<\/p>\n<p>Em nota, o <strong>Minist\u00e9rio das Rela\u00e7\u00f5es Exteriores<\/strong>, via a <strong>Embaixada brasileira em Lima<\/strong>, afirmou que \u201cacompanha o caso\u201d e que est\u00e1 em \u201ccontato com as autoridades locais\u201d.<\/p>\n<h2 class=\"wp-block-heading\"><strong>Quem era a v\u00edtima?<\/strong><\/h2>\n<p><strong>Cledersom Marques<\/strong> tinha 37 anos, era natural de <strong>Franca<\/strong>, mas dava aula em uma escola municipal de <strong>Orl\u00e2ndia<\/strong>. Nas redes sociais, a institui\u00e7\u00e3o prestou homenagens ao professor.<\/p>\n<p>\u201cSabemos como o professor Cledersom era uma pessoa admir\u00e1vel e que com certeza deixar\u00e1 um grande vazio no cora\u00e7\u00e3o de todos que tiveram a honra e o prazer de conhec\u00ea-lo\u201d, publicou a escola municipal Pedro Bordignon Neto.<\/p>\n<p>De acordo com <strong>Berenice Janu\u00e1rio Marques<\/strong>, m\u00e3e da v\u00edtima, <strong>o homem estava no pa\u00eds de f\u00e9rias<\/strong>, na companhia de outros dois colegas, que <strong>tamb\u00e9m passaram mal<\/strong>.<\/p>\n<figure class=\"wp-block-pullquote\">\n<blockquote>\n<p>Ele passou mal dentro do trem. Estava ele [Cledersom] e outros dois colegas. Os dois tamb\u00e9m passaram mal. Tinha um m\u00e9dico dentro do trem, deu socorro e levaram para o hospital. Os meninos ficaram bem e ele [Cledersom] infelizmente [n\u00e3o]<\/p>\n<p><cite>disse a m\u00e3e da v\u00edtima<\/cite><\/p><\/blockquote>\n<\/figure>\n<h3 class=\"wp-block-heading\"><strong>Ele tinha algum problema de sa\u00fade?<\/strong><\/h3>\n<p>Ainda conforme a <strong>m\u00e3e de<\/strong> <strong>Cledersom<\/strong>, ele <strong>n\u00e3o apresentava nenhum problema de sa\u00fade<\/strong>. \u201cFoi muito triste. Eu me desesperei, porque saiu pra passear com toda a sa\u00fade, e de repente voc\u00ea receber essa not\u00edcia, n\u00e3o \u00e9 f\u00e1cil\u201d.<\/p>\n<p>Conforme a ag\u00eancia de not\u00edcias peruana, <mark style=\"background-color:#fcb900\" class=\"has-inline-color\">as <strong>autoridades<\/strong> tamb\u00e9m teriam sido informadas de que de Cledersom estava sofrendo com os <strong>efeitos da altitude<\/strong>, j\u00e1 que a <strong>regi\u00e3o de Ollantaytambo est\u00e1 a 2.792 metros acima do n\u00edvel do mar<\/strong>, desde a \u00faltima <strong>quinta-feira (11)<\/strong>.<\/mark><\/p>\n<h4 class=\"wp-block-heading\"><strong>Quando o corpo retornar\u00e1 ao Brasil?<\/strong><\/h4>\n<p>O <strong>irm\u00e3o <\/strong>da v\u00edtima viajou para o <strong>Peru <\/strong>e vai cuidar de todo os tr\u00e2mites do translado. Entretanto, <strong>ainda n\u00e3o h\u00e1 informa\u00e7\u00e3o sobre quando o corpo vai chegar no Brasil.<\/strong><\/p>\n<p>O vel\u00f3rio e o sepultamento de <strong>Cledersom <\/strong>devem acontecer em <strong>Franca<\/strong>, cidade onde a fam\u00edlia do homem vive.<\/p>\n<p><em>*Com informa\u00e7\u00f5es da EPTV Ribeir\u00e3o Preto e da Ag\u00eancia Estado<\/em><\/p>\n<hr class=\"wp-block-separator has-alpha-channel-opacity\"\/>\n<p>SAIBA MAIS<\/p>\n<p>Homem \u00e9 morto em bairro da zona Oeste de Ribeir\u00e3o Preto<\/p>\n<h4 class=\"wp-block-heading\"><strong>FIQUE ON<\/strong><\/h4>\n<p>Fique ligado em tudo que acontece em Ribeir\u00e3o Preto e regi\u00e3o. Siga os perfis do\u00a0<strong>acidade on<\/strong>\u00a0no\u00a0<a href=\"https:\/\/www.instagram.com\/acidadeonribeirao\" target=\"_blank\" rel=\"noreferrer noopener\">Instagram<\/a>\u00a0e no\u00a0<a href=\"https:\/\/www.facebook.com\/acidadeonribeirao\/\" target=\"_blank\" rel=\"noreferrer noopener\">Facebook<\/a>.<\/p>\n<p>Receba not\u00edcias do\u00a0<strong>acidade on<\/strong>\u00a0no WhatsApp.<a href=\"https:\/\/chat.whatsapp.com\/CdrZ6xrf7quD44Vw3WlPuZ\" target=\"_blank\" rel=\"noreferrer noopener\">\u00a0Para entrar no grupo, basta clicar aqui.<\/a><\/p>\n<p>Fa\u00e7a uma den\u00fancia ou sugira uma reportagem sobre Ribeir\u00e3o Preto e regi\u00e3o pelo WhatsApp: 16 99117 7802.<\/p>\n<p>VEJA TAMB\u00c9M<\/p>\n<p>Como o Rafael descobre que a Cristina n\u00e3o est\u00e1 gr\u00e1vida?<\/p>\n<p><!-- AI CONTENT END 1 -->\n<\/div>\n<p><script async src=\"\/\/www.instagram.com\/embed.js\"><\/script><br \/>\n<br \/><br \/>\n<br \/><a href=\"https:\/\/www.acidadeon.com\/ribeiraopreto\/cotidiano\/o-que-se-sabe-sobre-professor-do-interior-de-sp-encontrado-morto-em-trem-no-peru\/\">Source link <\/a><\/p>\n<div class='code-block code-block-4' style='margin: 8px auto 8px 0; text-align: left; display: block; clear: both;'>\n\ud83d\udce2 Aviso Legal\n\nO site ismaelcolosi.com.br atua apenas como um canal de divulga\u00e7\u00e3o de oportunidades de emprego e n\u00e3o se responsabiliza pelo processo seletivo, contrata\u00e7\u00e3o ou qualquer outra etapa relacionada \u00e0s vagas publicadas. Todas as informa\u00e7\u00f5es s\u00e3o de responsabilidade dos anunciantes.\n\n\u26a0\ufe0f Aten\u00e7\u00e3o! Nunca pague por promessas de emprego nem compre cursos que garantam contrata\u00e7\u00e3o. Desconfie de qualquer cobran\u00e7a para participar de sele\u00e7\u00f5es.\n\n\n\n<\/div>\n<!-- CONTENT END 1 -->\n","protected":false},"excerpt":{"rendered":"<p>Um turista brasileiro foi encontrado morto dentro de um vag\u00e3o de trem no Peru, na \u00faltima sexta-feira (12). Cledersom Marques era de Franca, cidade na&#8230;<\/p>\n","protected":false},"author":1,"featured_media":56861,"comment_status":"open","ping_status":"open","sticky":false,"template":"","format":"standard","meta":{"_uag_custom_page_level_css":"","advanced_seo_description":"","jetpack_seo_html_title":"","jetpack_seo_noindex":false,"jetpack_post_was_ever_published":false,"_jetpack_newsletter_access":"","_jetpack_dont_email_post_to_subs":false,"_jetpack_newsletter_tier_id":0,"_jetpack_memberships_contains_paywalled_content":false,"_jetpack_memberships_contains_paid_content":false,"footnotes":"","jetpack_publicize_message":"","jetpack_publicize_feature_enabled":true,"jetpack_social_post_already_shared":true,"jetpack_social_options":{"image_generator_settings":{"template":"highway","default_image_id":0,"font":"","enabled":false},"version":2}},"categories":[11],"tags":[],"class_list":["post-56860","post","type-post","status-publish","format-standard","has-post-thumbnail","hentry","category-noticias-de-ribeirao-preto-sp-e-regiao-ismael-colosi"],"jetpack_publicize_connections":[],"jetpack_featured_media_url":"https:\/\/i0.wp.com\/ismaelcolosi.com.br\/wp-content\/uploads\/2024\/07\/Copia-de-Copia-de-TAMANHO-EXATO-PARA-FOTOS-NO-SISTEMA-NOVO-2024-07-15T211400.875_2024-07-16_00-14-10_png_2024-07-16_00-14-10.webp.webp?fit=1200%2C675&ssl=1","uagb_featured_image_src":{"full":["https:\/\/i0.wp.com\/ismaelcolosi.com.br\/wp-content\/uploads\/2024\/07\/Copia-de-Copia-de-TAMANHO-EXATO-PARA-FOTOS-NO-SISTEMA-NOVO-2024-07-15T211400.875_2024-07-16_00-14-10_png_2024-07-16_00-14-10.webp.webp?fit=1200%2C675&ssl=1",1200,675,false],"thumbnail":["https:\/\/i0.wp.com\/ismaelcolosi.com.br\/wp-content\/uploads\/2024\/07\/Copia-de-Copia-de-TAMANHO-EXATO-PARA-FOTOS-NO-SISTEMA-NOVO-2024-07-15T211400.875_2024-07-16_00-14-10_png_2024-07-16_00-14-10.webp.webp?resize=150%2C150&ssl=1",150,150,true],"medium":["https:\/\/i0.wp.com\/ismaelcolosi.com.br\/wp-content\/uploads\/2024\/07\/Copia-de-Copia-de-TAMANHO-EXATO-PARA-FOTOS-NO-SISTEMA-NOVO-2024-07-15T211400.875_2024-07-16_00-14-10_png_2024-07-16_00-14-10.webp.webp?fit=300%2C169&ssl=1",300,169,true],"medium_large":["https:\/\/i0.wp.com\/ismaelcolosi.com.br\/wp-content\/uploads\/2024\/07\/Copia-de-Copia-de-TAMANHO-EXATO-PARA-FOTOS-NO-SISTEMA-NOVO-2024-07-15T211400.875_2024-07-16_00-14-10_png_2024-07-16_00-14-10.webp.webp?fit=768%2C432&ssl=1",768,432,true],"large":["https:\/\/i0.wp.com\/ismaelcolosi.com.br\/wp-content\/uploads\/2024\/07\/Copia-de-Copia-de-TAMANHO-EXATO-PARA-FOTOS-NO-SISTEMA-NOVO-2024-07-15T211400.875_2024-07-16_00-14-10_png_2024-07-16_00-14-10.webp.webp?fit=1024%2C576&ssl=1",1024,576,true],"1536x1536":["https:\/\/i0.wp.com\/ismaelcolosi.com.br\/wp-content\/uploads\/2024\/07\/Copia-de-Copia-de-TAMANHO-EXATO-PARA-FOTOS-NO-SISTEMA-NOVO-2024-07-15T211400.875_2024-07-16_00-14-10_png_2024-07-16_00-14-10.webp.webp?fit=1200%2C675&ssl=1",1200,675,true],"2048x2048":["https:\/\/i0.wp.com\/ismaelcolosi.com.br\/wp-content\/uploads\/2024\/07\/Copia-de-Copia-de-TAMANHO-EXATO-PARA-FOTOS-NO-SISTEMA-NOVO-2024-07-15T211400.875_2024-07-16_00-14-10_png_2024-07-16_00-14-10.webp.webp?fit=1200%2C675&ssl=1",1200,675,true],"really-simple-thumb":["https:\/\/i0.wp.com\/ismaelcolosi.com.br\/wp-content\/uploads\/2024\/07\/Copia-de-Copia-de-TAMANHO-EXATO-PARA-FOTOS-NO-SISTEMA-NOVO-2024-07-15T211400.875_2024-07-16_00-14-10_png_2024-07-16_00-14-10.webp.webp?resize=370%2C247&ssl=1",370,247,true]},"uagb_author_info":{"display_name":"ismaelcolosi.com.br","author_link":"https:\/\/ismaelcolosi.com.br\/index.php\/author\/vidareal-online\/"},"uagb_comment_info":0,"uagb_excerpt":"Um turista brasileiro foi encontrado morto dentro de um vag\u00e3o de trem no Peru, na \u00faltima sexta-feira (12). Cledersom Marques era de Franca, cidade na...","jetpack-related-posts":[{"id":56833,"url":"https:\/\/ismaelcolosi.com.br\/index.php\/2024\/07\/15\/professor-da-regiao-de-ribeirao-preto-e-encontrado-morto-em-trem-no-peru\/","url_meta":{"origin":56860,"position":0},"title":"Professor da regi\u00e3o de Ribeir\u00e3o Preto \u00e9 encontrado morto em trem no Peru","author":"ismaelcolosi.com.br","date":"15 de July de 2024","format":false,"excerpt":"O professor Cledersom Marques, de Franca, na regi\u00e3o de Ribeir\u00e3o Preto, foi encontrado morto dentro de um vag\u00e3o de trem no Peru, na \u00faltima sexta-feira (12). De acordo com a escola que o professor trabalhava, ele sofreu uma parada cardiorrespirat\u00f3ria. O trem percorria a rota entre Machu Picchu e Ollantaytambo.\u2026","rel":"","context":"In &quot;Not\u00edcias de Ribeir\u00e3o Preto-SP e Regi\u00e3o&quot;","block_context":{"text":"Not\u00edcias de Ribeir\u00e3o Preto-SP e Regi\u00e3o","link":"https:\/\/ismaelcolosi.com.br\/index.php\/category\/noticias-de-ribeirao-preto-sp-e-regiao-ismael-colosi\/"},"img":{"alt_text":"","src":"https:\/\/i0.wp.com\/ismaelcolosi.com.br\/wp-content\/uploads\/2024\/07\/cledersom-marques_2024-07-15_19-56-01_jpeg_2024-07-15_19-56-02.webp.webp?fit=1200%2C674&ssl=1&resize=350%2C200","width":350,"height":200,"srcset":"https:\/\/i0.wp.com\/ismaelcolosi.com.br\/wp-content\/uploads\/2024\/07\/cledersom-marques_2024-07-15_19-56-01_jpeg_2024-07-15_19-56-02.webp.webp?fit=1200%2C674&ssl=1&resize=350%2C200 1x, https:\/\/i0.wp.com\/ismaelcolosi.com.br\/wp-content\/uploads\/2024\/07\/cledersom-marques_2024-07-15_19-56-01_jpeg_2024-07-15_19-56-02.webp.webp?fit=1200%2C674&ssl=1&resize=525%2C300 1.5x, https:\/\/i0.wp.com\/ismaelcolosi.com.br\/wp-content\/uploads\/2024\/07\/cledersom-marques_2024-07-15_19-56-01_jpeg_2024-07-15_19-56-02.webp.webp?fit=1200%2C674&ssl=1&resize=700%2C400 2x, https:\/\/i0.wp.com\/ismaelcolosi.com.br\/wp-content\/uploads\/2024\/07\/cledersom-marques_2024-07-15_19-56-01_jpeg_2024-07-15_19-56-02.webp.webp?fit=1200%2C674&ssl=1&resize=1050%2C600 3x"},"classes":[]},{"id":3862,"url":"https:\/\/ismaelcolosi.com.br\/index.php\/2023\/11\/20\/homem-e-encontrado-morto-em-parque-de-ribeirao-preto\/","url_meta":{"origin":56860,"position":1},"title":"Homem \u00e9 encontrado morto em parque de Ribeir\u00e3o Preto","author":"ismaelcolosi.com.br","date":"20 de November de 2023","format":false,"excerpt":"Um homem de 43 anos foi encontrado morto no Parque Roberto Genaro, em Ribeir\u00e3o Preto, na noite do \u00faltimo domingo (19). Segundo uma testemunha, que estava com a v\u00edtima, o homem teria ca\u00eddo ap\u00f3s pisar em falso em uma escadaria. De acordo com o B.O. (boletim de ocorr\u00eancia), a Pol\u00edcia\u2026","rel":"","context":"In &quot;Not\u00edcias de Ribeir\u00e3o Preto-SP e Regi\u00e3o&quot;","block_context":{"text":"Not\u00edcias de Ribeir\u00e3o Preto-SP e Regi\u00e3o","link":"https:\/\/ismaelcolosi.com.br\/index.php\/category\/noticias-de-ribeirao-preto-sp-e-regiao-ismael-colosi\/"},"img":{"alt_text":"","src":"https:\/\/i0.wp.com\/ismaelcolosi.com.br\/wp-content\/uploads\/2023\/11\/parque_roberto_790x444_21062021114852.jpg?fit=790%2C444&ssl=1&resize=350%2C200","width":350,"height":200,"srcset":"https:\/\/i0.wp.com\/ismaelcolosi.com.br\/wp-content\/uploads\/2023\/11\/parque_roberto_790x444_21062021114852.jpg?fit=790%2C444&ssl=1&resize=350%2C200 1x, https:\/\/i0.wp.com\/ismaelcolosi.com.br\/wp-content\/uploads\/2023\/11\/parque_roberto_790x444_21062021114852.jpg?fit=790%2C444&ssl=1&resize=525%2C300 1.5x, https:\/\/i0.wp.com\/ismaelcolosi.com.br\/wp-content\/uploads\/2023\/11\/parque_roberto_790x444_21062021114852.jpg?fit=790%2C444&ssl=1&resize=700%2C400 2x"},"classes":[]},{"id":52825,"url":"https:\/\/ismaelcolosi.com.br\/index.php\/2024\/06\/11\/homem-achado-morto-no-morro-do-sao-bento-em-ribeirao-e-identificado-policia-investiga\/","url_meta":{"origin":56860,"position":2},"title":"Homem achado morto no Morro do S\u00e3o Bento em Ribeir\u00e3o \u00e9 identificado; Pol\u00edcia investiga","author":"ismaelcolosi.com.br","date":"11 de June de 2024","format":false,"excerpt":"O homem encontrado morto na manh\u00e3 desta ter\u00e7a-feira (11), no Morro do S\u00e3o Bento, em Ribeir\u00e3o Preto, foi identificado. Em um documento encontrado com ele consta o nome de Gabriel Rodrigues da Costa, de 26 anos, natural de Catanduva (SP). Segundo informa\u00e7\u00f5es, ao menos um ferimento teria sido observado na\u2026","rel":"","context":"In &quot;Not\u00edcias de Ribeir\u00e3o Preto-SP e Regi\u00e3o&quot;","block_context":{"text":"Not\u00edcias de Ribeir\u00e3o Preto-SP e Regi\u00e3o","link":"https:\/\/ismaelcolosi.com.br\/index.php\/category\/noticias-de-ribeirao-preto-sp-e-regiao-ismael-colosi\/"},"img":{"alt_text":"","src":"https:\/\/i0.wp.com\/ismaelcolosi.com.br\/wp-content\/uploads\/2024\/06\/WhatsApp-Image-2024-06-11-at-10.10.40_2024-06-11_13-11-36_jpeg_2024-06-11_13-11-36.webp.webp?fit=1200%2C675&ssl=1&resize=350%2C200","width":350,"height":200,"srcset":"https:\/\/i0.wp.com\/ismaelcolosi.com.br\/wp-content\/uploads\/2024\/06\/WhatsApp-Image-2024-06-11-at-10.10.40_2024-06-11_13-11-36_jpeg_2024-06-11_13-11-36.webp.webp?fit=1200%2C675&ssl=1&resize=350%2C200 1x, https:\/\/i0.wp.com\/ismaelcolosi.com.br\/wp-content\/uploads\/2024\/06\/WhatsApp-Image-2024-06-11-at-10.10.40_2024-06-11_13-11-36_jpeg_2024-06-11_13-11-36.webp.webp?fit=1200%2C675&ssl=1&resize=525%2C300 1.5x, https:\/\/i0.wp.com\/ismaelcolosi.com.br\/wp-content\/uploads\/2024\/06\/WhatsApp-Image-2024-06-11-at-10.10.40_2024-06-11_13-11-36_jpeg_2024-06-11_13-11-36.webp.webp?fit=1200%2C675&ssl=1&resize=700%2C400 2x, https:\/\/i0.wp.com\/ismaelcolosi.com.br\/wp-content\/uploads\/2024\/06\/WhatsApp-Image-2024-06-11-at-10.10.40_2024-06-11_13-11-36_jpeg_2024-06-11_13-11-36.webp.webp?fit=1200%2C675&ssl=1&resize=1050%2C600 3x"},"classes":[]},{"id":23378,"url":"https:\/\/ismaelcolosi.com.br\/index.php\/2024\/01\/02\/executivo-dos-eua-e-encontrado-morto-em-rp\/","url_meta":{"origin":56860,"position":3},"title":"Executivo dos EUA \u00e9 encontrado morto em RP","author":"ismaelcolosi.com.br","date":"2 de January de 2024","format":false,"excerpt":"Homem veio passar o final de ano com a fam\u00edlia e estava desaparecido desde a quinta-feira (28); caso \u00e9 investigado como latroc\u00ednio 2 de janeiro de 2024 | 7:211 de janeiro de 2024 | 20:22 1Por: Adalberto LuqueO corpo de um homem de 34 anos foi encontrado, na noite deste\u2026","rel":"","context":"In &quot;Not\u00edcias de Ribeir\u00e3o Preto-SP e Regi\u00e3o&quot;","block_context":{"text":"Not\u00edcias de Ribeir\u00e3o Preto-SP e Regi\u00e3o","link":"https:\/\/ismaelcolosi.com.br\/index.php\/category\/noticias-de-ribeirao-preto-sp-e-regiao-ismael-colosi\/"},"img":{"alt_text":"","src":"https:\/\/i0.wp.com\/ismaelcolosi.com.br\/wp-content\/uploads\/2024\/01\/00-02-jan-2024-executivo-morto-01-foto-redes-sociais.jpg?fit=598%2C598&ssl=1&resize=350%2C200","width":350,"height":200,"srcset":"https:\/\/i0.wp.com\/ismaelcolosi.com.br\/wp-content\/uploads\/2024\/01\/00-02-jan-2024-executivo-morto-01-foto-redes-sociais.jpg?fit=598%2C598&ssl=1&resize=350%2C200 1x, https:\/\/i0.wp.com\/ismaelcolosi.com.br\/wp-content\/uploads\/2024\/01\/00-02-jan-2024-executivo-morto-01-foto-redes-sociais.jpg?fit=598%2C598&ssl=1&resize=525%2C300 1.5x"},"classes":[]},{"id":10559,"url":"https:\/\/ismaelcolosi.com.br\/index.php\/2023\/12\/04\/homem-e-morto-apos-ser-acusado-de-furtar-medidor-de-energia-em-ribeirao\/","url_meta":{"origin":56860,"position":4},"title":"Homem \u00e9 morto ap\u00f3s ser acusado de furtar medidor de energia em Ribeir\u00e3o","author":"ismaelcolosi.com.br","date":"4 de December de 2023","format":false,"excerpt":"Um homem foi morto ap\u00f3s ter sido acusado de furtar um rel\u00f3gio de medi\u00e7\u00e3o de energia el\u00e9trica em Ribeir\u00e3o Preto. O crime aconteceu na manh\u00e3 do \u00faltimo s\u00e1bado (4) e o acusado de ter cometido o crime foi preso em flagrante. De acordo com o B.O. (boletim de ocorr\u00eancia), o\u2026","rel":"","context":"In &quot;Not\u00edcias de Ribeir\u00e3o Preto-SP e Regi\u00e3o&quot;","block_context":{"text":"Not\u00edcias de Ribeir\u00e3o Preto-SP e Regi\u00e3o","link":"https:\/\/ismaelcolosi.com.br\/index.php\/category\/noticias-de-ribeirao-preto-sp-e-regiao-ismael-colosi\/"},"img":{"alt_text":"","src":"https:\/\/i0.wp.com\/ismaelcolosi.com.br\/wp-content\/uploads\/2023\/12\/cpj_1024x576_04082020121137.jpg?fit=1024%2C575&ssl=1&resize=350%2C200","width":350,"height":200,"srcset":"https:\/\/i0.wp.com\/ismaelcolosi.com.br\/wp-content\/uploads\/2023\/12\/cpj_1024x576_04082020121137.jpg?fit=1024%2C575&ssl=1&resize=350%2C200 1x, https:\/\/i0.wp.com\/ismaelcolosi.com.br\/wp-content\/uploads\/2023\/12\/cpj_1024x576_04082020121137.jpg?fit=1024%2C575&ssl=1&resize=525%2C300 1.5x, https:\/\/i0.wp.com\/ismaelcolosi.com.br\/wp-content\/uploads\/2023\/12\/cpj_1024x576_04082020121137.jpg?fit=1024%2C575&ssl=1&resize=700%2C400 2x"},"classes":[]},{"id":22835,"url":"https:\/\/ismaelcolosi.com.br\/index.php\/2023\/12\/31\/homem-que-veio-dos-eua-para-visitar-a-familia-em-ribeirao-e-encontrado-morto\/","url_meta":{"origin":56860,"position":5},"title":"Homem que veio dos EUA para visitar a fam\u00edlia em Ribeir\u00e3o \u00e9 encontrado morto","author":"ismaelcolosi.com.br","date":"31 de December de 2023","format":false,"excerpt":"O brasileiro que veio dos Estados Unidos passar as festas de final de ano com a fam\u00edlia em Ribeir\u00e3o Preto foi encontrado morto na noite do \u00faltimo s\u00e1bado (30). Ele estava desaparecido desde a \u00faltima quinta-feira (28). De acordo com apura\u00e7\u00e3o da EPTV, o corpo de Paulo Roberto Carvalho Pena\u2026","rel":"","context":"In &quot;Not\u00edcias de Ribeir\u00e3o Preto-SP e Regi\u00e3o&quot;","block_context":{"text":"Not\u00edcias de Ribeir\u00e3o Preto-SP e Regi\u00e3o","link":"https:\/\/ismaelcolosi.com.br\/index.php\/category\/noticias-de-ribeirao-preto-sp-e-regiao-ismael-colosi\/"},"img":{"alt_text":"","src":"https:\/\/i0.wp.com\/ismaelcolosi.com.br\/wp-content\/uploads\/2023\/12\/1704022609_Copia-de-Copia-de-TAMANHO-EXATO-PARA-FOTOS-NO-SISTEMA-NOVO-28.png?fit=1200%2C675&ssl=1&resize=350%2C200","width":350,"height":200,"srcset":"https:\/\/i0.wp.com\/ismaelcolosi.com.br\/wp-content\/uploads\/2023\/12\/1704022609_Copia-de-Copia-de-TAMANHO-EXATO-PARA-FOTOS-NO-SISTEMA-NOVO-28.png?fit=1200%2C675&ssl=1&resize=350%2C200 1x, https:\/\/i0.wp.com\/ismaelcolosi.com.br\/wp-content\/uploads\/2023\/12\/1704022609_Copia-de-Copia-de-TAMANHO-EXATO-PARA-FOTOS-NO-SISTEMA-NOVO-28.png?fit=1200%2C675&ssl=1&resize=525%2C300 1.5x, https:\/\/i0.wp.com\/ismaelcolosi.com.br\/wp-content\/uploads\/2023\/12\/1704022609_Copia-de-Copia-de-TAMANHO-EXATO-PARA-FOTOS-NO-SISTEMA-NOVO-28.png?fit=1200%2C675&ssl=1&resize=700%2C400 2x, https:\/\/i0.wp.com\/ismaelcolosi.com.br\/wp-content\/uploads\/2023\/12\/1704022609_Copia-de-Copia-de-TAMANHO-EXATO-PARA-FOTOS-NO-SISTEMA-NOVO-28.png?fit=1200%2C675&ssl=1&resize=1050%2C600 3x"},"classes":[]}],"jetpack_sharing_enabled":true,"jetpack_shortlink":"https:\/\/wp.me\/pfMlyK-eN6","_links":{"self":[{"href":"https:\/\/ismaelcolosi.com.br\/index.php\/wp-json\/wp\/v2\/posts\/56860","targetHints":{"allow":["GET"]}}],"collection":[{"href":"https:\/\/ismaelcolosi.com.br\/index.php\/wp-json\/wp\/v2\/posts"}],"about":[{"href":"https:\/\/ismaelcolosi.com.br\/index.php\/wp-json\/wp\/v2\/types\/post"}],"author":[{"embeddable":true,"href":"https:\/\/ismaelcolosi.com.br\/index.php\/wp-json\/wp\/v2\/users\/1"}],"replies":[{"embeddable":true,"href":"https:\/\/ismaelcolosi.com.br\/index.php\/wp-json\/wp\/v2\/comments?post=56860"}],"version-history":[{"count":0,"href":"https:\/\/ismaelcolosi.com.br\/index.php\/wp-json\/wp\/v2\/posts\/56860\/revisions"}],"wp:featuredmedia":[{"embeddable":true,"href":"https:\/\/ismaelcolosi.com.br\/index.php\/wp-json\/wp\/v2\/media\/56861"}],"wp:attachment":[{"href":"https:\/\/ismaelcolosi.com.br\/index.php\/wp-json\/wp\/v2\/media?parent=56860"}],"wp:term":[{"taxonomy":"category","embeddable":true,"href":"https:\/\/ismaelcolosi.com.br\/index.php\/wp-json\/wp\/v2\/categories?post=56860"},{"taxonomy":"post_tag","embeddable":true,"href":"https:\/\/ismaelcolosi.com.br\/index.php\/wp-json\/wp\/v2\/tags?post=56860"}],"curies":[{"name":"wp","href":"https:\/\/api.w.org\/{rel}","templated":true}]}}