{"id":56856,"date":"2024-07-15T19:59:41","date_gmt":"2024-07-15T22:59:41","guid":{"rendered":"https:\/\/ismaelcolosi.com.br\/index.php\/2024\/07\/15\/governo-anuncia-concurso-com-220-vagas-para-a-agencia-nacional-de-mineracao\/"},"modified":"2024-07-15T19:59:41","modified_gmt":"2024-07-15T22:59:41","slug":"governo-anuncia-concurso-com-220-vagas-para-a-agencia-nacional-de-mineracao","status":"publish","type":"post","link":"https:\/\/ismaelcolosi.com.br\/index.php\/2024\/07\/15\/governo-anuncia-concurso-com-220-vagas-para-a-agencia-nacional-de-mineracao\/","title":{"rendered":"Governo anuncia concurso com 220 vagas para a Ag\u00eancia Nacional de Minera\u00e7\u00e3o"},"content":{"rendered":"<p> <br \/>\n<\/p>\n<p>Os ministros de Minas e Energia, Alexandre Silveira, e da Gest\u00e3o e da Inova\u00e7\u00e3o em Servi\u00e7os P\u00fablicos, Esther Dweck, anunciaram nesta segunda-feira, 15, a abertura de 220 vagas em concurso p\u00fablico para a Ag\u00eancia Nacional de Minera\u00e7\u00e3o (ANM).<\/p>\n<p>Ser\u00e3o abertas 180 vagas para Especialistas em Recursos Minerais e 40 para Analistas Administrativos, ambas para n\u00edvel superior.\u00a0A portaria autorizando a realiza\u00e7\u00e3o do certame ser\u00e1 publicada ainda nesta semana, informou o minist\u00e9rio.<\/p>\n<p><script>!function(f,b,e,v,n,t,s){if(f.fbq)return;n=f.fbq=function(){n.callMethod?n.callMethod.apply(n,arguments):n.queue.push(arguments)};if(!f._fbq)f._fbq=n;n.push=n;n.loaded=!0;n.version='2.0';n.queue=[];t=b.createElement(e);t.async=!0;t.src=v;s=b.getElementsByTagName(e)[0];s.parentNode.insertBefore(t,s)}(window,document,'script','<\/script><br \/>\n<br \/><br \/>\n<br \/><a href=\"https:\/\/istoedinheiro.com.br\/governo-anuncia-concurso-com-220-vagas-para-a-agencia-nacional-de-mineracao\/\">Source link <\/a><\/p>\n<div class='code-block code-block-4' style='margin: 8px auto 8px 0; text-align: left; display: block; clear: both;'>\n\ud83d\udce2 Aviso Legal\n\nO site ismaelcolosi.com.br atua apenas como um canal de divulga\u00e7\u00e3o de oportunidades de emprego e n\u00e3o se responsabiliza pelo processo seletivo, contrata\u00e7\u00e3o ou qualquer outra etapa relacionada \u00e0s vagas publicadas. Todas as informa\u00e7\u00f5es s\u00e3o de responsabilidade dos anunciantes.\n\n\u26a0\ufe0f Aten\u00e7\u00e3o! Nunca pague por promessas de emprego nem compre cursos que garantam contrata\u00e7\u00e3o. Desconfie de qualquer cobran\u00e7a para participar de sele\u00e7\u00f5es.\n\n\n\n<\/div>\n<!-- CONTENT END 1 -->\n","protected":false},"excerpt":{"rendered":"<p>Os ministros de Minas e Energia, Alexandre Silveira, e da Gest\u00e3o e da Inova\u00e7\u00e3o em Servi\u00e7os P\u00fablicos, Esther Dweck, anunciaram nesta segunda-feira, 15, a abertura&#8230;<\/p>\n","protected":false},"author":1,"featured_media":56857,"comment_status":"open","ping_status":"open","sticky":false,"template":"","format":"standard","meta":{"_uag_custom_page_level_css":"","advanced_seo_description":"","jetpack_seo_html_title":"","jetpack_seo_noindex":false,"jetpack_post_was_ever_published":false,"_jetpack_newsletter_access":"","_jetpack_dont_email_post_to_subs":false,"_jetpack_newsletter_tier_id":0,"_jetpack_memberships_contains_paywalled_content":false,"_jetpack_memberships_contains_paid_content":false,"footnotes":"","jetpack_publicize_message":"","jetpack_publicize_feature_enabled":true,"jetpack_social_post_already_shared":true,"jetpack_social_options":{"image_generator_settings":{"template":"highway","default_image_id":0,"font":"","enabled":false},"version":2}},"categories":[3598],"tags":[],"class_list":["post-56856","post","type-post","status-publish","format-standard","has-post-thumbnail","hentry","category-empregos-classificados-vagas-trabalho"],"jetpack_publicize_connections":[],"jetpack_featured_media_url":"https:\/\/i0.wp.com\/ismaelcolosi.com.br\/wp-content\/uploads\/2024\/07\/anm-fachada-agbr.jpg?fit=800%2C449&ssl=1","uagb_featured_image_src":{"full":["https:\/\/i0.wp.com\/ismaelcolosi.com.br\/wp-content\/uploads\/2024\/07\/anm-fachada-agbr.jpg?fit=800%2C449&ssl=1",800,449,false],"thumbnail":["https:\/\/i0.wp.com\/ismaelcolosi.com.br\/wp-content\/uploads\/2024\/07\/anm-fachada-agbr.jpg?resize=150%2C150&ssl=1",150,150,true],"medium":["https:\/\/i0.wp.com\/ismaelcolosi.com.br\/wp-content\/uploads\/2024\/07\/anm-fachada-agbr.jpg?fit=300%2C168&ssl=1",300,168,true],"medium_large":["https:\/\/i0.wp.com\/ismaelcolosi.com.br\/wp-content\/uploads\/2024\/07\/anm-fachada-agbr.jpg?fit=768%2C431&ssl=1",768,431,true],"large":["https:\/\/i0.wp.com\/ismaelcolosi.com.br\/wp-content\/uploads\/2024\/07\/anm-fachada-agbr.jpg?fit=800%2C449&ssl=1",800,449,true],"1536x1536":["https:\/\/i0.wp.com\/ismaelcolosi.com.br\/wp-content\/uploads\/2024\/07\/anm-fachada-agbr.jpg?fit=800%2C449&ssl=1",800,449,true],"2048x2048":["https:\/\/i0.wp.com\/ismaelcolosi.com.br\/wp-content\/uploads\/2024\/07\/anm-fachada-agbr.jpg?fit=800%2C449&ssl=1",800,449,true],"really-simple-thumb":["https:\/\/i0.wp.com\/ismaelcolosi.com.br\/wp-content\/uploads\/2024\/07\/anm-fachada-agbr.jpg?resize=370%2C247&ssl=1",370,247,true]},"uagb_author_info":{"display_name":"ismaelcolosi.com.br","author_link":"https:\/\/ismaelcolosi.com.br\/index.php\/author\/vidareal-online\/"},"uagb_comment_info":0,"uagb_excerpt":"Os ministros de Minas e Energia, Alexandre Silveira, e da Gest\u00e3o e da Inova\u00e7\u00e3o em Servi\u00e7os P\u00fablicos, Esther Dweck, anunciaram nesta segunda-feira, 15, a abertura...","jetpack-related-posts":[{"id":57285,"url":"https:\/\/ismaelcolosi.com.br\/index.php\/2024\/07\/19\/sebrae-abre-concurso-com-vagas-preferenciais-para-negros-e-salarios-de-ate-r-187-mil\/","url_meta":{"origin":56856,"position":0},"title":"Sebrae abre concurso com vagas preferenciais para negros e sal\u00e1rios de at\u00e9 R$ 18,7 mil","author":"ismaelcolosi.com.br","date":"19 de July de 2024","format":false,"excerpt":"Matheus Almeidai Matheus Almeida 19\/07\/2024 - 11:02 O Servi\u00e7o Brasileiro de Apoio \u00e0s Micro e Pequenas Empresas (Sebrae) publicou edital de processo seletivo para 11 posi\u00e7\u00f5es com sal\u00e1rios de R$ 14,9 mil a R$ 18,7 mil, mais benef\u00edcios. Haver\u00e1 ainda forma\u00e7\u00e3o de cadastro de reserva para todas as vagas.Neste processo,\u2026","rel":"","context":"In &quot;Empregos - Classificados&quot;","block_context":{"text":"Empregos - Classificados","link":"https:\/\/ismaelcolosi.com.br\/index.php\/category\/empregos-classificados-vagas-trabalho\/"},"img":{"alt_text":"","src":"https:\/\/i0.wp.com\/ismaelcolosi.com.br\/wp-content\/uploads\/2024\/07\/sebrae-png.png?fit=852%2C416&ssl=1&resize=350%2C200","width":350,"height":200,"srcset":"https:\/\/i0.wp.com\/ismaelcolosi.com.br\/wp-content\/uploads\/2024\/07\/sebrae-png.png?fit=852%2C416&ssl=1&resize=350%2C200 1x, https:\/\/i0.wp.com\/ismaelcolosi.com.br\/wp-content\/uploads\/2024\/07\/sebrae-png.png?fit=852%2C416&ssl=1&resize=525%2C300 1.5x, https:\/\/i0.wp.com\/ismaelcolosi.com.br\/wp-content\/uploads\/2024\/07\/sebrae-png.png?fit=852%2C416&ssl=1&resize=700%2C400 2x"},"classes":[]},{"id":80586,"url":"https:\/\/ismaelcolosi.com.br\/index.php\/2024\/12\/30\/agencia-espacial-brasileira-abre-concurso-com-salarios-de-ate-r-108-mil-veja-vagas\/","url_meta":{"origin":56856,"position":1},"title":"Ag\u00eancia Espacial Brasileira abre concurso com sal\u00e1rios de at\u00e9 R$ 10,8 mil; veja vagas","author":"ismaelcolosi.com.br","date":"30 de December de 2024","format":false,"excerpt":"Da reda\u00e7\u00e3oi Da reda\u00e7\u00e3o 30\/12\/2024 - 17:59 A AEB (Ag\u00eancia Espacial Brasileira) abriu um concurso p\u00fablico para 30 vagas de n\u00edvel superior. O edital foi publicado nesta segunda-feira, 30, no Di\u00e1rio Oficial da Uni\u00e3o. A organiza\u00e7\u00e3o est\u00e1 sob a responsabilidade do Cebraspe.VagasH\u00e1 15 vagas para analista em ci\u00eancia e tecnologia\u2026","rel":"","context":"In &quot;Empregos - Classificados&quot;","block_context":{"text":"Empregos - Classificados","link":"https:\/\/ismaelcolosi.com.br\/index.php\/category\/empregos-classificados-vagas-trabalho\/"},"img":{"alt_text":"","src":"https:\/\/i0.wp.com\/ismaelcolosi.com.br\/wp-content\/uploads\/2024\/12\/da76a6c4-3d6c-4005-afcb-8efda10e24eb.jpeg?fit=768%2C480&ssl=1&resize=350%2C200","width":350,"height":200,"srcset":"https:\/\/i0.wp.com\/ismaelcolosi.com.br\/wp-content\/uploads\/2024\/12\/da76a6c4-3d6c-4005-afcb-8efda10e24eb.jpeg?fit=768%2C480&ssl=1&resize=350%2C200 1x, https:\/\/i0.wp.com\/ismaelcolosi.com.br\/wp-content\/uploads\/2024\/12\/da76a6c4-3d6c-4005-afcb-8efda10e24eb.jpeg?fit=768%2C480&ssl=1&resize=525%2C300 1.5x, https:\/\/i0.wp.com\/ismaelcolosi.com.br\/wp-content\/uploads\/2024\/12\/da76a6c4-3d6c-4005-afcb-8efda10e24eb.jpeg?fit=768%2C480&ssl=1&resize=700%2C400 2x"},"classes":[]},{"id":82358,"url":"https:\/\/ismaelcolosi.com.br\/index.php\/2025\/01\/29\/agencia-espacial-brasileira-abre-inscricoes-para-concurso-com-salarios-de-ate-r-108-mil\/","url_meta":{"origin":56856,"position":2},"title":"Ag\u00eancia Espacial Brasileira abre inscri\u00e7\u00f5es para concurso com sal\u00e1rios de at\u00e9 R$ 10,8 mil","author":"ismaelcolosi.com.br","date":"29 de January de 2025","format":false,"excerpt":"Da reda\u00e7\u00e3oi Da reda\u00e7\u00e3o 29\/01\/2025 - 5:30 As inscri\u00e7\u00f5es para o concurso da Ag\u00eancia Espacial Brasileira (AEB) come\u00e7am nesta quarta-feira, 29. Ao todo ser\u00e3o 30 vagas para os mun\u00edcipios de Bras\u00edlia (DF), Alac\u00e2ntara, Natal (RN) e S\u00e3o Jos\u00e9 dos Campos (SP). Remunera\u00e7\u00e3o inicial pode chegar at\u00e9 R$ 10.823,89.+Concurso do ICMBio\u2026","rel":"","context":"In &quot;Empregos - Classificados&quot;","block_context":{"text":"Empregos - Classificados","link":"https:\/\/ismaelcolosi.com.br\/index.php\/category\/empregos-classificados-vagas-trabalho\/"},"img":{"alt_text":"","src":"https:\/\/i0.wp.com\/ismaelcolosi.com.br\/wp-content\/uploads\/2025\/01\/agencia-espacial-brasileira.jpeg?fit=768%2C480&ssl=1&resize=350%2C200","width":350,"height":200,"srcset":"https:\/\/i0.wp.com\/ismaelcolosi.com.br\/wp-content\/uploads\/2025\/01\/agencia-espacial-brasileira.jpeg?fit=768%2C480&ssl=1&resize=350%2C200 1x, https:\/\/i0.wp.com\/ismaelcolosi.com.br\/wp-content\/uploads\/2025\/01\/agencia-espacial-brasileira.jpeg?fit=768%2C480&ssl=1&resize=525%2C300 1.5x, https:\/\/i0.wp.com\/ismaelcolosi.com.br\/wp-content\/uploads\/2025\/01\/agencia-espacial-brasileira.jpeg?fit=768%2C480&ssl=1&resize=700%2C400 2x"},"classes":[]},{"id":34404,"url":"https:\/\/ismaelcolosi.com.br\/index.php\/2024\/02\/01\/bnb-abre-inscricoes-para-concurso-nesta-sexta-feira\/","url_meta":{"origin":56856,"position":3},"title":"BNB abre inscri\u00e7\u00f5es para concurso nesta sexta-feira","author":"ismaelcolosi.com.br","date":"1 de February de 2024","format":false,"excerpt":"Ag\u00eancia Brasili Ag\u00eancia Brasil 01\/02\/2024 - 12:25 O Banco do Nordeste do Brasil (BNB) come\u00e7ar\u00e1 nesta sexta-feira (2) a receber inscri\u00e7\u00f5es para o concurso p\u00fablico de n\u00edvel m\u00e9dio que oferece 710 vagas para o cargo de analista banc\u00e1rio.As inscri\u00e7\u00f5es podem ser feitas a partir das 10h, no site da Funda\u00e7\u00e3o\u2026","rel":"","context":"In &quot;Vagas de Emprego em Ribeir\u00e3o Preto-SP&quot;","block_context":{"text":"Vagas de Emprego em Ribeir\u00e3o Preto-SP","link":"https:\/\/ismaelcolosi.com.br\/index.php\/category\/empregos-classificados-vagas-trabalho\/vagas-de-empregos-em-ribeirao-preto-regiao-brasil\/"},"img":{"alt_text":"","src":"https:\/\/i0.wp.com\/ismaelcolosi.com.br\/wp-content\/uploads\/2024\/02\/unnamed-5.jpg?fit=960%2C640&ssl=1&resize=350%2C200","width":350,"height":200,"srcset":"https:\/\/i0.wp.com\/ismaelcolosi.com.br\/wp-content\/uploads\/2024\/02\/unnamed-5.jpg?fit=960%2C640&ssl=1&resize=350%2C200 1x, https:\/\/i0.wp.com\/ismaelcolosi.com.br\/wp-content\/uploads\/2024\/02\/unnamed-5.jpg?fit=960%2C640&ssl=1&resize=525%2C300 1.5x, https:\/\/i0.wp.com\/ismaelcolosi.com.br\/wp-content\/uploads\/2024\/02\/unnamed-5.jpg?fit=960%2C640&ssl=1&resize=700%2C400 2x"},"classes":[]},{"id":59091,"url":"https:\/\/ismaelcolosi.com.br\/index.php\/2024\/08\/06\/governo-autoriza-concurso-com-150-vagas-para-comissao-nacional-de-energia-nuclear\/","url_meta":{"origin":56856,"position":4},"title":"Governo autoriza concurso com 150 vagas para Comiss\u00e3o Nacional de Energia Nuclear","author":"ismaelcolosi.com.br","date":"6 de August de 2024","format":false,"excerpt":"O Minist\u00e9rio da Gest\u00e3o e Inova\u00e7\u00e3o em Servi\u00e7os P\u00fablicos (MGI) autorizou a realiza\u00e7\u00e3o de concurso para o provimento de 150 vagas na Comiss\u00e3o Nacional de Energia Nuclear (CNEM).De acordo com portaria publicada no Di\u00e1rio Oficial da Uni\u00e3o (DOU), ser\u00e3o 80 vagas para tecnologistas, 25 para analistas em Ci\u00eancia e Tecnologia,\u2026","rel":"","context":"In &quot;Empregos - Classificados&quot;","block_context":{"text":"Empregos - Classificados","link":"https:\/\/ismaelcolosi.com.br\/index.php\/category\/empregos-classificados-vagas-trabalho\/"},"img":{"alt_text":"","src":"https:\/\/i0.wp.com\/ismaelcolosi.com.br\/wp-content\/uploads\/2024\/08\/enem01.jpg?fit=744%2C454&ssl=1&resize=350%2C200","width":350,"height":200,"srcset":"https:\/\/i0.wp.com\/ismaelcolosi.com.br\/wp-content\/uploads\/2024\/08\/enem01.jpg?fit=744%2C454&ssl=1&resize=350%2C200 1x, https:\/\/i0.wp.com\/ismaelcolosi.com.br\/wp-content\/uploads\/2024\/08\/enem01.jpg?fit=744%2C454&ssl=1&resize=525%2C300 1.5x, https:\/\/i0.wp.com\/ismaelcolosi.com.br\/wp-content\/uploads\/2024\/08\/enem01.jpg?fit=744%2C454&ssl=1&resize=700%2C400 2x"},"classes":[]},{"id":59382,"url":"https:\/\/ismaelcolosi.com.br\/index.php\/2024\/08\/08\/governo-autoriza-concurso-para-30-vagas-na-agencia-espacial-brasileira\/","url_meta":{"origin":56856,"position":5},"title":"Governo autoriza concurso para 30 vagas na Ag\u00eancia Espacial Brasileira","author":"ismaelcolosi.com.br","date":"8 de August de 2024","format":false,"excerpt":"Matheus Almeidai Matheus Almeida 08\/08\/2024 - 9:47 O governo federal autorizou um concurso para preencher 30 vagas na Ag\u00eancia Espacial Brasileira (AEB). O comunicado do Minist\u00e9rio da Gest\u00e3o e da Inova\u00e7\u00e3o em Servi\u00e7os P\u00fablicos (MGI) foi publicado na manh\u00e3 desta quinta-feira, 8, no Di\u00e1rio Oficial da Uni\u00e3o (DOU).As vagas demandar\u00e3o\u2026","rel":"","context":"In &quot;Empregos - Classificados&quot;","block_context":{"text":"Empregos - Classificados","link":"https:\/\/ismaelcolosi.com.br\/index.php\/category\/empregos-classificados-vagas-trabalho\/"},"img":{"alt_text":"","src":"https:\/\/i0.wp.com\/ismaelcolosi.com.br\/wp-content\/uploads\/2024\/08\/agencia-espacial-brasileira.jpeg?fit=768%2C480&ssl=1&resize=350%2C200","width":350,"height":200,"srcset":"https:\/\/i0.wp.com\/ismaelcolosi.com.br\/wp-content\/uploads\/2024\/08\/agencia-espacial-brasileira.jpeg?fit=768%2C480&ssl=1&resize=350%2C200 1x, https:\/\/i0.wp.com\/ismaelcolosi.com.br\/wp-content\/uploads\/2024\/08\/agencia-espacial-brasileira.jpeg?fit=768%2C480&ssl=1&resize=525%2C300 1.5x, https:\/\/i0.wp.com\/ismaelcolosi.com.br\/wp-content\/uploads\/2024\/08\/agencia-espacial-brasileira.jpeg?fit=768%2C480&ssl=1&resize=700%2C400 2x"},"classes":[]}],"jetpack_sharing_enabled":true,"jetpack_shortlink":"https:\/\/wp.me\/pfMlyK-eN2","_links":{"self":[{"href":"https:\/\/ismaelcolosi.com.br\/index.php\/wp-json\/wp\/v2\/posts\/56856","targetHints":{"allow":["GET"]}}],"collection":[{"href":"https:\/\/ismaelcolosi.com.br\/index.php\/wp-json\/wp\/v2\/posts"}],"about":[{"href":"https:\/\/ismaelcolosi.com.br\/index.php\/wp-json\/wp\/v2\/types\/post"}],"author":[{"embeddable":true,"href":"https:\/\/ismaelcolosi.com.br\/index.php\/wp-json\/wp\/v2\/users\/1"}],"replies":[{"embeddable":true,"href":"https:\/\/ismaelcolosi.com.br\/index.php\/wp-json\/wp\/v2\/comments?post=56856"}],"version-history":[{"count":0,"href":"https:\/\/ismaelcolosi.com.br\/index.php\/wp-json\/wp\/v2\/posts\/56856\/revisions"}],"wp:featuredmedia":[{"embeddable":true,"href":"https:\/\/ismaelcolosi.com.br\/index.php\/wp-json\/wp\/v2\/media\/56857"}],"wp:attachment":[{"href":"https:\/\/ismaelcolosi.com.br\/index.php\/wp-json\/wp\/v2\/media?parent=56856"}],"wp:term":[{"taxonomy":"category","embeddable":true,"href":"https:\/\/ismaelcolosi.com.br\/index.php\/wp-json\/wp\/v2\/categories?post=56856"},{"taxonomy":"post_tag","embeddable":true,"href":"https:\/\/ismaelcolosi.com.br\/index.php\/wp-json\/wp\/v2\/tags?post=56856"}],"curies":[{"name":"wp","href":"https:\/\/api.w.org\/{rel}","templated":true}]}}