{"id":56854,"date":"2024-07-15T19:14:49","date_gmt":"2024-07-15T22:14:49","guid":{"rendered":"https:\/\/ismaelcolosi.com.br\/index.php\/2024\/07\/15\/homem-e-morto-em-bairro-da-zona-oeste-de-ribeirao-preto\/"},"modified":"2024-07-15T19:14:49","modified_gmt":"2024-07-15T22:14:49","slug":"homem-e-morto-em-bairro-da-zona-oeste-de-ribeirao-preto","status":"publish","type":"post","link":"https:\/\/ismaelcolosi.com.br\/index.php\/2024\/07\/15\/homem-e-morto-em-bairro-da-zona-oeste-de-ribeirao-preto\/","title":{"rendered":"Homem \u00e9 morto em bairro da zona Oeste de Ribeir\u00e3o Preto"},"content":{"rendered":"<p> <br \/>\n<\/p>\n<div data-td-block-uid=\"tdi_106\">\n<div class=\"tdb-block-inner td-fix-index\">\n<p>Um <strong>homem, ainda n\u00e3o identificado, <\/strong>foi <strong>morto<\/strong> no fim da tarde desta <strong>segunda-feira<\/strong> (15), na <strong>avenida dos Andradas<\/strong>, no bairro <strong>Jardim Marchesi<\/strong>, na <strong>zona Oeste<\/strong> de <strong>Ribeir\u00e3o Preto<\/strong>.<\/p>\n<p>Segundo as <strong>primeiras informa\u00e7\u00f5e<\/strong>s da <strong>Pol\u00edcia Militar<\/strong>, a <strong>v\u00edtima estava entregando marmitas<\/strong> em uma moto quando <strong>duas pessoas<\/strong>, em outra moto, se aproximaram e atiraram contra ela. O <strong>Samu <\/strong>foi chamado, mas ao chegar no local, o homem j\u00e1 estava sem vida.<\/p>\n<p><strong>Ainda n\u00e3o h\u00e1 informa\u00e7\u00f5es<\/strong> sobre o <strong>motivo do crime<\/strong> e nem <strong>detalhes sobre o caso<\/strong>.<\/p>\n<p><em>*Mat\u00e9ria em atualiza\u00e7\u00e3o <\/em><\/p>\n<p>SAIBA MAIS <\/p>\n<p>Cemit\u00e9rio de Ribeir\u00e3o Preto\u00a0ser\u00e1 palco de visita cultural; Saiba como participar<\/p>\n<h4 class=\"wp-block-heading\"><strong>FIQUE ON<\/strong><\/h4>\n<p>Fique ligado em tudo que acontece em Ribeir\u00e3o Preto e regi\u00e3o. Siga os perfis do\u00a0<strong>acidade on<\/strong>\u00a0no\u00a0<a href=\"https:\/\/www.instagram.com\/acidadeonribeirao\" target=\"_blank\" rel=\"noreferrer noopener\">Instagram<\/a>\u00a0e no\u00a0<a href=\"https:\/\/www.facebook.com\/acidadeonribeirao\/\" target=\"_blank\" rel=\"noreferrer noopener\">Facebook<\/a>.<\/p>\n<p>Receba not\u00edcias do\u00a0<strong>acidade on<\/strong>\u00a0no WhatsApp.<a href=\"https:\/\/chat.whatsapp.com\/CdrZ6xrf7quD44Vw3WlPuZ\" target=\"_blank\" rel=\"noreferrer noopener\">\u00a0Para entrar no grupo, basta clicar aqui.<\/a><\/p>\n<p>Fa\u00e7a uma den\u00fancia ou sugira uma reportagem sobre Ribeir\u00e3o Preto e regi\u00e3o pelo WhatsApp: 16 99117 7802.<\/p>\n<p>VEJA TAMB\u00c9M<\/p>\n<p>Fazenda Talism\u00e3, de Leonardo, fica onde?<\/p>\n<p><!-- AI CONTENT END 1 -->\n<\/div>\n<\/div>\n<p><script async src=\"\/\/www.instagram.com\/embed.js\"><\/script><br \/>\n<br \/><br \/>\n<br \/><a href=\"https:\/\/www.acidadeon.com\/ribeiraopreto\/cotidiano\/homem-e-morto-em-bairro-da-zona-oeste-de-ribeirao-preto\/\">Source link <\/a><\/p>\n<div class='code-block code-block-4' style='margin: 8px auto 8px 0; text-align: left; display: block; clear: both;'>\n\ud83d\udce2 Aviso Legal\n\nO site ismaelcolosi.com.br atua apenas como um canal de divulga\u00e7\u00e3o de oportunidades de emprego e n\u00e3o se responsabiliza pelo processo seletivo, contrata\u00e7\u00e3o ou qualquer outra etapa relacionada \u00e0s vagas publicadas. Todas as informa\u00e7\u00f5es s\u00e3o de responsabilidade dos anunciantes.\n\n\u26a0\ufe0f Aten\u00e7\u00e3o! Nunca pague por promessas de emprego nem compre cursos que garantam contrata\u00e7\u00e3o. Desconfie de qualquer cobran\u00e7a para participar de sele\u00e7\u00f5es.\n\n\n\n<\/div>\n<!-- CONTENT END 1 -->\n","protected":false},"excerpt":{"rendered":"<p>Um homem, ainda n\u00e3o identificado, foi morto no fim da tarde desta segunda-feira (15), na avenida dos Andradas, no bairro Jardim Marchesi, na zona Oeste&#8230;<\/p>\n","protected":false},"author":1,"featured_media":56855,"comment_status":"open","ping_status":"open","sticky":false,"template":"","format":"standard","meta":{"_uag_custom_page_level_css":"","advanced_seo_description":"","jetpack_seo_html_title":"","jetpack_seo_noindex":false,"jetpack_post_was_ever_published":false,"_jetpack_newsletter_access":"","_jetpack_dont_email_post_to_subs":false,"_jetpack_newsletter_tier_id":0,"_jetpack_memberships_contains_paywalled_content":false,"_jetpack_memberships_contains_paid_content":false,"footnotes":"","jetpack_publicize_message":"","jetpack_publicize_feature_enabled":true,"jetpack_social_post_already_shared":true,"jetpack_social_options":{"image_generator_settings":{"template":"highway","default_image_id":0,"font":"","enabled":false},"version":2}},"categories":[11],"tags":[],"class_list":["post-56854","post","type-post","status-publish","format-standard","has-post-thumbnail","hentry","category-noticias-de-ribeirao-preto-sp-e-regiao-ismael-colosi"],"jetpack_publicize_connections":[],"jetpack_featured_media_url":"https:\/\/i0.wp.com\/ismaelcolosi.com.br\/wp-content\/uploads\/2024\/07\/Copia-de-Copia-de-TAMANHO-EXATO-PARA-FOTOS-NO-SISTEMA-NOVO-23_2024-07-15_21-33-19_jpg_2024-07-15_21-33-19.webp.webp?fit=1200%2C675&ssl=1","uagb_featured_image_src":{"full":["https:\/\/i0.wp.com\/ismaelcolosi.com.br\/wp-content\/uploads\/2024\/07\/Copia-de-Copia-de-TAMANHO-EXATO-PARA-FOTOS-NO-SISTEMA-NOVO-23_2024-07-15_21-33-19_jpg_2024-07-15_21-33-19.webp.webp?fit=1200%2C675&ssl=1",1200,675,false],"thumbnail":["https:\/\/i0.wp.com\/ismaelcolosi.com.br\/wp-content\/uploads\/2024\/07\/Copia-de-Copia-de-TAMANHO-EXATO-PARA-FOTOS-NO-SISTEMA-NOVO-23_2024-07-15_21-33-19_jpg_2024-07-15_21-33-19.webp.webp?resize=150%2C150&ssl=1",150,150,true],"medium":["https:\/\/i0.wp.com\/ismaelcolosi.com.br\/wp-content\/uploads\/2024\/07\/Copia-de-Copia-de-TAMANHO-EXATO-PARA-FOTOS-NO-SISTEMA-NOVO-23_2024-07-15_21-33-19_jpg_2024-07-15_21-33-19.webp.webp?fit=300%2C169&ssl=1",300,169,true],"medium_large":["https:\/\/i0.wp.com\/ismaelcolosi.com.br\/wp-content\/uploads\/2024\/07\/Copia-de-Copia-de-TAMANHO-EXATO-PARA-FOTOS-NO-SISTEMA-NOVO-23_2024-07-15_21-33-19_jpg_2024-07-15_21-33-19.webp.webp?fit=768%2C432&ssl=1",768,432,true],"large":["https:\/\/i0.wp.com\/ismaelcolosi.com.br\/wp-content\/uploads\/2024\/07\/Copia-de-Copia-de-TAMANHO-EXATO-PARA-FOTOS-NO-SISTEMA-NOVO-23_2024-07-15_21-33-19_jpg_2024-07-15_21-33-19.webp.webp?fit=1024%2C576&ssl=1",1024,576,true],"1536x1536":["https:\/\/i0.wp.com\/ismaelcolosi.com.br\/wp-content\/uploads\/2024\/07\/Copia-de-Copia-de-TAMANHO-EXATO-PARA-FOTOS-NO-SISTEMA-NOVO-23_2024-07-15_21-33-19_jpg_2024-07-15_21-33-19.webp.webp?fit=1200%2C675&ssl=1",1200,675,true],"2048x2048":["https:\/\/i0.wp.com\/ismaelcolosi.com.br\/wp-content\/uploads\/2024\/07\/Copia-de-Copia-de-TAMANHO-EXATO-PARA-FOTOS-NO-SISTEMA-NOVO-23_2024-07-15_21-33-19_jpg_2024-07-15_21-33-19.webp.webp?fit=1200%2C675&ssl=1",1200,675,true],"really-simple-thumb":["https:\/\/i0.wp.com\/ismaelcolosi.com.br\/wp-content\/uploads\/2024\/07\/Copia-de-Copia-de-TAMANHO-EXATO-PARA-FOTOS-NO-SISTEMA-NOVO-23_2024-07-15_21-33-19_jpg_2024-07-15_21-33-19.webp.webp?resize=370%2C247&ssl=1",370,247,true]},"uagb_author_info":{"display_name":"ismaelcolosi.com.br","author_link":"https:\/\/ismaelcolosi.com.br\/index.php\/author\/vidareal-online\/"},"uagb_comment_info":0,"uagb_excerpt":"Um homem, ainda n\u00e3o identificado, foi morto no fim da tarde desta segunda-feira (15), na avenida dos Andradas, no bairro Jardim Marchesi, na zona Oeste...","jetpack-related-posts":[{"id":56880,"url":"https:\/\/ismaelcolosi.com.br\/index.php\/2024\/07\/16\/identificado-homem-morto-a-tiros-em-avenida-na-zona-oeste-de-ribeirao-preto\/","url_meta":{"origin":56854,"position":0},"title":"Identificado homem morto a tiros em avenida na zona Oeste de Ribeir\u00e3o Preto","author":"ismaelcolosi.com.br","date":"16 de July de 2024","format":false,"excerpt":"A Pol\u00edcia Civil identificou o homem morto a tiros na tarde desta segunda-feira (15), na avenida dos Andradas, zona Oeste de Ribeir\u00e3o Preto. Segundo o boletim de ocorr\u00eancia (BO), Rodrigo Vasco da Silva, de 40 anos, foi encontrado com ao menos sete perfura\u00e7\u00f5es pelo corpo, entre as quais nas costas\u2026","rel":"","context":"In &quot;Not\u00edcias de Ribeir\u00e3o Preto-SP e Regi\u00e3o&quot;","block_context":{"text":"Not\u00edcias de Ribeir\u00e3o Preto-SP e Regi\u00e3o","link":"https:\/\/ismaelcolosi.com.br\/index.php\/category\/noticias-de-ribeirao-preto-sp-e-regiao-ismael-colosi\/"},"img":{"alt_text":"","src":"https:\/\/i0.wp.com\/ismaelcolosi.com.br\/wp-content\/uploads\/2024\/07\/MOTO_2024-07-16_11-24-24_jpg_2024-07-16_11-24-24.webp.webp?fit=559%2C350&ssl=1&resize=350%2C200","width":350,"height":200,"srcset":"https:\/\/i0.wp.com\/ismaelcolosi.com.br\/wp-content\/uploads\/2024\/07\/MOTO_2024-07-16_11-24-24_jpg_2024-07-16_11-24-24.webp.webp?fit=559%2C350&ssl=1&resize=350%2C200 1x, https:\/\/i0.wp.com\/ismaelcolosi.com.br\/wp-content\/uploads\/2024\/07\/MOTO_2024-07-16_11-24-24_jpg_2024-07-16_11-24-24.webp.webp?fit=559%2C350&ssl=1&resize=525%2C300 1.5x"},"classes":[]},{"id":54241,"url":"https:\/\/ismaelcolosi.com.br\/index.php\/2024\/06\/23\/homem-e-morto-a-tiros-durante-partida-de-futebol-amador-em-cidade-na-regiao-de-ribeirao\/","url_meta":{"origin":56854,"position":1},"title":"Homem \u00e9 morto a tiros durante partida de futebol amador em cidade na regi\u00e3o de Ribeir\u00e3o","author":"ismaelcolosi.com.br","date":"23 de June de 2024","format":false,"excerpt":"Um homem foi morto a tiros na tarde deste domingo (23), durante a final de um campeonato de futebol amador em Bebedouro, cidade na regi\u00e3o de Ribeir\u00e3o Preto. De acordo com as primeiras informa\u00e7\u00f5es, apuradas por uma equipe da EPTV, a partida estava sendo realizada no campo anexo ao Samb\u00f3dromo\u2026","rel":"","context":"In &quot;Not\u00edcias de Ribeir\u00e3o Preto-SP e Regi\u00e3o&quot;","block_context":{"text":"Not\u00edcias de Ribeir\u00e3o Preto-SP e Regi\u00e3o","link":"https:\/\/ismaelcolosi.com.br\/index.php\/category\/noticias-de-ribeirao-preto-sp-e-regiao-ismael-colosi\/"},"img":{"alt_text":"","src":"https:\/\/i0.wp.com\/ismaelcolosi.com.br\/wp-content\/uploads\/2024\/06\/Copia-de-Copia-de-TAMANHO-EXATO-PARA-FOTOS-NO-SISTEMA-NOVO-94_2024-06-23_20-40-59_png_2024-06-23_20-40-59.webp.webp?fit=1200%2C675&ssl=1&resize=350%2C200","width":350,"height":200,"srcset":"https:\/\/i0.wp.com\/ismaelcolosi.com.br\/wp-content\/uploads\/2024\/06\/Copia-de-Copia-de-TAMANHO-EXATO-PARA-FOTOS-NO-SISTEMA-NOVO-94_2024-06-23_20-40-59_png_2024-06-23_20-40-59.webp.webp?fit=1200%2C675&ssl=1&resize=350%2C200 1x, https:\/\/i0.wp.com\/ismaelcolosi.com.br\/wp-content\/uploads\/2024\/06\/Copia-de-Copia-de-TAMANHO-EXATO-PARA-FOTOS-NO-SISTEMA-NOVO-94_2024-06-23_20-40-59_png_2024-06-23_20-40-59.webp.webp?fit=1200%2C675&ssl=1&resize=525%2C300 1.5x, https:\/\/i0.wp.com\/ismaelcolosi.com.br\/wp-content\/uploads\/2024\/06\/Copia-de-Copia-de-TAMANHO-EXATO-PARA-FOTOS-NO-SISTEMA-NOVO-94_2024-06-23_20-40-59_png_2024-06-23_20-40-59.webp.webp?fit=1200%2C675&ssl=1&resize=700%2C400 2x, https:\/\/i0.wp.com\/ismaelcolosi.com.br\/wp-content\/uploads\/2024\/06\/Copia-de-Copia-de-TAMANHO-EXATO-PARA-FOTOS-NO-SISTEMA-NOVO-94_2024-06-23_20-40-59_png_2024-06-23_20-40-59.webp.webp?fit=1200%2C675&ssl=1&resize=1050%2C600 3x"},"classes":[]},{"id":52957,"url":"https:\/\/ismaelcolosi.com.br\/index.php\/2024\/06\/12\/o-que-se-sabe-sobre-o-caso-do-homem-achado-morto-no-morro-do-sao-bento-em-ribeirao-preto\/","url_meta":{"origin":56854,"position":2},"title":"O que se sabe sobre o caso do homem achado morto no Morro do S\u00e3o Bento em Ribeir\u00e3o Preto","author":"ismaelcolosi.com.br","date":"12 de June de 2024","format":false,"excerpt":"A Pol\u00edcia Civil investiga como latroc\u00ednio o caso do homem encontrado morto nesta segunda-feira (11), no Morro do S\u00e3o Bento, em Ribeir\u00e3o Preto. O corpo de Gabriel Rodrigues da Costa, de 26 anos, estava em um barranco \u00e0s margens da Via S\u00e3o Bento, em um barranco em \u00e1rea de mata,\u2026","rel":"","context":"In &quot;Not\u00edcias de Ribeir\u00e3o Preto-SP e Regi\u00e3o&quot;","block_context":{"text":"Not\u00edcias de Ribeir\u00e3o Preto-SP e Regi\u00e3o","link":"https:\/\/ismaelcolosi.com.br\/index.php\/category\/noticias-de-ribeirao-preto-sp-e-regiao-ismael-colosi\/"},"img":{"alt_text":"","src":"https:\/\/i0.wp.com\/ismaelcolosi.com.br\/wp-content\/uploads\/2024\/06\/CORPO_2024-06-11_11-22-23_jpg_2024-06-11_11-22-23.webp.webp?fit=1200%2C845&ssl=1&resize=350%2C200","width":350,"height":200,"srcset":"https:\/\/i0.wp.com\/ismaelcolosi.com.br\/wp-content\/uploads\/2024\/06\/CORPO_2024-06-11_11-22-23_jpg_2024-06-11_11-22-23.webp.webp?fit=1200%2C845&ssl=1&resize=350%2C200 1x, https:\/\/i0.wp.com\/ismaelcolosi.com.br\/wp-content\/uploads\/2024\/06\/CORPO_2024-06-11_11-22-23_jpg_2024-06-11_11-22-23.webp.webp?fit=1200%2C845&ssl=1&resize=525%2C300 1.5x, https:\/\/i0.wp.com\/ismaelcolosi.com.br\/wp-content\/uploads\/2024\/06\/CORPO_2024-06-11_11-22-23_jpg_2024-06-11_11-22-23.webp.webp?fit=1200%2C845&ssl=1&resize=700%2C400 2x, https:\/\/i0.wp.com\/ismaelcolosi.com.br\/wp-content\/uploads\/2024\/06\/CORPO_2024-06-11_11-22-23_jpg_2024-06-11_11-22-23.webp.webp?fit=1200%2C845&ssl=1&resize=1050%2C600 3x"},"classes":[]},{"id":52883,"url":"https:\/\/ismaelcolosi.com.br\/index.php\/2024\/06\/11\/policia-registra-como-latrocinio-morte-de-homem-no-morro-de-sao-bento-em-ribeirao\/","url_meta":{"origin":56854,"position":3},"title":"Pol\u00edcia registra como latroc\u00ednio morte de homem no Morro de S\u00e3o Bento em Ribeir\u00e3o","author":"ismaelcolosi.com.br","date":"11 de June de 2024","format":false,"excerpt":"A morte de Gabriel Rodrigues da Costa, de 26 anos, encontrado morto na manh\u00e3 desta ter\u00e7a-feira (11), no Morro do S\u00e3o Bento em Ribeir\u00e3o Preto foi registrada como latroc\u00ednio \u2013 roubo seguido de morte. Segundo o delegado Targino Os\u00f3rio, o crime se enquadra como latroc\u00ednio devido a moto e outros\u2026","rel":"","context":"In &quot;Not\u00edcias de Ribeir\u00e3o Preto-SP e Regi\u00e3o&quot;","block_context":{"text":"Not\u00edcias de Ribeir\u00e3o Preto-SP e Regi\u00e3o","link":"https:\/\/ismaelcolosi.com.br\/index.php\/category\/noticias-de-ribeirao-preto-sp-e-regiao-ismael-colosi\/"},"img":{"alt_text":"","src":"https:\/\/i0.wp.com\/ismaelcolosi.com.br\/wp-content\/uploads\/2024\/06\/WhatsApp-Image-2024-06-11-at-10.10.40_2024-06-11_13-11-36_jpeg_2024-06-11_13-11-36.webp.webp?fit=1200%2C675&ssl=1&resize=350%2C200","width":350,"height":200,"srcset":"https:\/\/i0.wp.com\/ismaelcolosi.com.br\/wp-content\/uploads\/2024\/06\/WhatsApp-Image-2024-06-11-at-10.10.40_2024-06-11_13-11-36_jpeg_2024-06-11_13-11-36.webp.webp?fit=1200%2C675&ssl=1&resize=350%2C200 1x, https:\/\/i0.wp.com\/ismaelcolosi.com.br\/wp-content\/uploads\/2024\/06\/WhatsApp-Image-2024-06-11-at-10.10.40_2024-06-11_13-11-36_jpeg_2024-06-11_13-11-36.webp.webp?fit=1200%2C675&ssl=1&resize=525%2C300 1.5x, https:\/\/i0.wp.com\/ismaelcolosi.com.br\/wp-content\/uploads\/2024\/06\/WhatsApp-Image-2024-06-11-at-10.10.40_2024-06-11_13-11-36_jpeg_2024-06-11_13-11-36.webp.webp?fit=1200%2C675&ssl=1&resize=700%2C400 2x, https:\/\/i0.wp.com\/ismaelcolosi.com.br\/wp-content\/uploads\/2024\/06\/WhatsApp-Image-2024-06-11-at-10.10.40_2024-06-11_13-11-36_jpeg_2024-06-11_13-11-36.webp.webp?fit=1200%2C675&ssl=1&resize=1050%2C600 3x"},"classes":[]},{"id":65901,"url":"https:\/\/ismaelcolosi.com.br\/index.php\/2024\/09\/14\/homem-e-morto-a-facadas-em-praca-de-ribeirao-preto\/","url_meta":{"origin":56854,"position":4},"title":"Homem \u00e9 morto a facadas em pra\u00e7a de Ribeir\u00e3o Preto","author":"ismaelcolosi.com.br","date":"14 de September de 2024","format":false,"excerpt":"Um homem foi morto a facadas na tarde deste s\u00e1bado (14), na pra\u00e7a Francisco Schmidt, na Vila Tib\u00e9rio, zona Oeste de Ribeir\u00e3o\u00a0Preto. Segundo informa\u00e7\u00f5es, um suspeito do crime foi detido no local, ao lado da antiga UBDS (Unidade B\u00e1sica Distrital de Sa\u00fade) Central. Ele, por\u00e9m, precisou ser socorrido, ap\u00f3s ser\u2026","rel":"","context":"In &quot;Not\u00edcias de Ribeir\u00e3o Preto-SP e Regi\u00e3o&quot;","block_context":{"text":"Not\u00edcias de Ribeir\u00e3o Preto-SP e Regi\u00e3o","link":"https:\/\/ismaelcolosi.com.br\/index.php\/category\/noticias-de-ribeirao-preto-sp-e-regiao-ismael-colosi\/"},"img":{"alt_text":"","src":"https:\/\/i0.wp.com\/ismaelcolosi.com.br\/wp-content\/uploads\/2024\/09\/WhatsApp-Image-2024-09-14-at-15.31.54_2024-09-14_18-32-21_jpeg_2024-09-14_18-32-21.webp.webp?fit=1200%2C1067&ssl=1&resize=350%2C200","width":350,"height":200,"srcset":"https:\/\/i0.wp.com\/ismaelcolosi.com.br\/wp-content\/uploads\/2024\/09\/WhatsApp-Image-2024-09-14-at-15.31.54_2024-09-14_18-32-21_jpeg_2024-09-14_18-32-21.webp.webp?fit=1200%2C1067&ssl=1&resize=350%2C200 1x, https:\/\/i0.wp.com\/ismaelcolosi.com.br\/wp-content\/uploads\/2024\/09\/WhatsApp-Image-2024-09-14-at-15.31.54_2024-09-14_18-32-21_jpeg_2024-09-14_18-32-21.webp.webp?fit=1200%2C1067&ssl=1&resize=525%2C300 1.5x, https:\/\/i0.wp.com\/ismaelcolosi.com.br\/wp-content\/uploads\/2024\/09\/WhatsApp-Image-2024-09-14-at-15.31.54_2024-09-14_18-32-21_jpeg_2024-09-14_18-32-21.webp.webp?fit=1200%2C1067&ssl=1&resize=700%2C400 2x, https:\/\/i0.wp.com\/ismaelcolosi.com.br\/wp-content\/uploads\/2024\/09\/WhatsApp-Image-2024-09-14-at-15.31.54_2024-09-14_18-32-21_jpeg_2024-09-14_18-32-21.webp.webp?fit=1200%2C1067&ssl=1&resize=1050%2C600 3x"},"classes":[]},{"id":55102,"url":"https:\/\/ismaelcolosi.com.br\/index.php\/2024\/06\/30\/homem-e-morto-apos-ser-esfaqueado-na-frente-do-filho-em-ribeirao-preto\/","url_meta":{"origin":56854,"position":5},"title":"Homem \u00e9 morto ap\u00f3s ser esfaqueado na frente do filho em Ribeir\u00e3o Preto","author":"ismaelcolosi.com.br","date":"30 de June de 2024","format":false,"excerpt":"Um homem de 47 anos foi morto na noite deste s\u00e1bado (29), ap\u00f3s ser esfaqueado no Jardim Jandaia, zona Norte de Ribeir\u00e3o Preto. Segundo o boletim de ocorr\u00eancia (BO), a v\u00edtima, identificada como David Paulo Gon\u00e7alves, foi atingida por dois golpes de faca na regi\u00e3o frontal do corpo, enquanto chegava\u2026","rel":"","context":"In &quot;Not\u00edcias de Ribeir\u00e3o Preto-SP e Regi\u00e3o&quot;","block_context":{"text":"Not\u00edcias de Ribeir\u00e3o Preto-SP e Regi\u00e3o","link":"https:\/\/ismaelcolosi.com.br\/index.php\/category\/noticias-de-ribeirao-preto-sp-e-regiao-ismael-colosi\/"},"img":{"alt_text":"","src":"https:\/\/i0.wp.com\/ismaelcolosi.com.br\/wp-content\/uploads\/2024\/06\/1719773067_policia_qru_1024x576_05012021161940.jpg?fit=1024%2C576&ssl=1&resize=350%2C200","width":350,"height":200,"srcset":"https:\/\/i0.wp.com\/ismaelcolosi.com.br\/wp-content\/uploads\/2024\/06\/1719773067_policia_qru_1024x576_05012021161940.jpg?fit=1024%2C576&ssl=1&resize=350%2C200 1x, https:\/\/i0.wp.com\/ismaelcolosi.com.br\/wp-content\/uploads\/2024\/06\/1719773067_policia_qru_1024x576_05012021161940.jpg?fit=1024%2C576&ssl=1&resize=525%2C300 1.5x, https:\/\/i0.wp.com\/ismaelcolosi.com.br\/wp-content\/uploads\/2024\/06\/1719773067_policia_qru_1024x576_05012021161940.jpg?fit=1024%2C576&ssl=1&resize=700%2C400 2x"},"classes":[]}],"jetpack_sharing_enabled":true,"jetpack_shortlink":"https:\/\/wp.me\/pfMlyK-eN0","_links":{"self":[{"href":"https:\/\/ismaelcolosi.com.br\/index.php\/wp-json\/wp\/v2\/posts\/56854","targetHints":{"allow":["GET"]}}],"collection":[{"href":"https:\/\/ismaelcolosi.com.br\/index.php\/wp-json\/wp\/v2\/posts"}],"about":[{"href":"https:\/\/ismaelcolosi.com.br\/index.php\/wp-json\/wp\/v2\/types\/post"}],"author":[{"embeddable":true,"href":"https:\/\/ismaelcolosi.com.br\/index.php\/wp-json\/wp\/v2\/users\/1"}],"replies":[{"embeddable":true,"href":"https:\/\/ismaelcolosi.com.br\/index.php\/wp-json\/wp\/v2\/comments?post=56854"}],"version-history":[{"count":0,"href":"https:\/\/ismaelcolosi.com.br\/index.php\/wp-json\/wp\/v2\/posts\/56854\/revisions"}],"wp:featuredmedia":[{"embeddable":true,"href":"https:\/\/ismaelcolosi.com.br\/index.php\/wp-json\/wp\/v2\/media\/56855"}],"wp:attachment":[{"href":"https:\/\/ismaelcolosi.com.br\/index.php\/wp-json\/wp\/v2\/media?parent=56854"}],"wp:term":[{"taxonomy":"category","embeddable":true,"href":"https:\/\/ismaelcolosi.com.br\/index.php\/wp-json\/wp\/v2\/categories?post=56854"},{"taxonomy":"post_tag","embeddable":true,"href":"https:\/\/ismaelcolosi.com.br\/index.php\/wp-json\/wp\/v2\/tags?post=56854"}],"curies":[{"name":"wp","href":"https:\/\/api.w.org\/{rel}","templated":true}]}}