{"id":56852,"date":"2024-07-15T19:00:50","date_gmt":"2024-07-15T22:00:50","guid":{"rendered":"https:\/\/ismaelcolosi.com.br\/index.php\/2024\/07\/15\/virando-bixo-2024-calendario-de-provas-e-simulados-comeca-nesta-segunda-feira\/"},"modified":"2024-07-15T19:00:50","modified_gmt":"2024-07-15T22:00:50","slug":"virando-bixo-2024-calendario-de-provas-e-simulados-comeca-nesta-segunda-feira","status":"publish","type":"post","link":"https:\/\/ismaelcolosi.com.br\/index.php\/2024\/07\/15\/virando-bixo-2024-calendario-de-provas-e-simulados-comeca-nesta-segunda-feira\/","title":{"rendered":"Virando Bixo 2024: Calend\u00e1rio de provas e simulados come\u00e7a nesta segunda-feira"},"content":{"rendered":"<p> <br \/>\n<\/p>\n<div>\n<p>A primeira prova da<strong> 24\u00ba edi\u00e7\u00e3o do projeto Virando Bixo<\/strong> j\u00e1 est\u00e1 dispon\u00edvel no site para os <strong>inscritos<\/strong>. A disciplina da semana \u00e9 <strong>Portugu\u00eas <\/strong>e todos os dias uma prova in\u00e9dita ser\u00e1 disponibilizada para os <strong>estudantes que desejam se preparar para os vestibulares.<\/strong><\/p>\n<p>Com simulados <strong>online <\/strong>e atrav\u00e9s de um <strong>sistema de pontua\u00e7\u00e3o<\/strong>, <mark style=\"background-color:#fcb900\" class=\"has-inline-color\"><strong>os estudantes s\u00e3o incentivados a se superarem a cada quest\u00e3o correta respondida. <\/strong><\/mark>O portal reserva <strong>brindes exclusivos<\/strong> para os <strong>50 melhores colocados da fase online <\/strong>e a oportunidade de participar de uma <strong>prova presencial<\/strong> que desafia ainda mais seus conhecimentos. <strong>Os 6 melhores colocados ganham pr\u00eamios como notebook, tablets, smartphone e muito mais.<\/strong><\/p>\n<p><strong>O impacto do projeto vai muito al\u00e9m das premia\u00e7\u00f5es<\/strong>. Ele \u00e9 uma comunidade vibrante, cheio de hist\u00f3rias de supera\u00e7\u00e3o e conquistas. <mark style=\"background-color:#fcb900\" class=\"has-inline-color\">Mais do que um simples recurso educacional, o <strong>Virando Bixo inspira e capacita jovens a alcan\u00e7arem seus objetivos acad\u00eamicos e pessoais.<\/strong><\/mark><\/p>\n<p>Nas<strong> redes sociais<\/strong> o projeto tamb\u00e9m compartilha <strong>dicas r\u00e1pidas para os estudantes<\/strong>, <strong>conte\u00fados para os momentos de descanso<\/strong> e <strong>alertas sobre datas importantes<\/strong>. Al\u00e9m de contar com um <a href=\"https:\/\/www.virandobixo.com.br\/\" target=\"_blank\" rel=\"noreferrer noopener\">portal completo com conte\u00fados para os vestibulandos.<\/a><\/p>\n<h3 class=\"wp-block-heading\"><strong>Virando Bixo 2024<\/strong><\/h3>\n<p>As <strong>inscri\u00e7\u00f5es s\u00e3o totalmente gratuitas<\/strong> e estudantes de todo o pa\u00eds podem participar da fase online. Quando os estudantes realizam a inscri\u00e7\u00e3o, devem escolher uma entre duas categorias: <strong>treineiros <\/strong>e <strong>vestibulandos<\/strong>.<\/p>\n<ul>\n<li><strong>Treineiros<\/strong>: <strong>estudantes abaixo do 3\u00ba ano do Ensino M\u00e9dio<\/strong> e que desejam praticar e estudar desde os anos anteriores<\/li>\n<li><strong>Vestibulando<\/strong>: <strong>estudantes do 3\u00ba ano do Ensino M\u00e9dio ou concluintes<\/strong>, mas que ainda n\u00e3o ingressaram em uma universidade<\/li>\n<\/ul>\n<p>Ao final da fase online, os 25 melhores de cada categoria s\u00e3o convocados para a fase presencial, onde os 03 melhores treineiros e os 03 melhores vestibulandos s\u00e3o premiados.<\/p>\n<h4 class=\"wp-block-heading\"><strong>Confira os pr\u00eamios:<\/strong><\/h4>\n<p><strong><mark style=\"background-color:#fcb900\" class=\"has-inline-color\">Treineiro<\/mark><\/strong><\/p>\n<p><strong><mark style=\"background-color:#fcb900\" class=\"has-inline-color\">Vestibulando<\/mark><\/strong><\/p>\n<p>Os interessados podem conferir o <a href=\"https:\/\/www.virandobixo.com.br\/simulado\/regulamento\/\" target=\"_blank\" rel=\"noreferrer noopener\">regulamento completo do projeto no site<\/a>  Inscreva-se <a href=\"https:\/\/www.virandobixo.com.br\/simulado\/cadastro\/cadastro.aspx\" target=\"_blank\" rel=\"noreferrer noopener\">clicando aqui<\/a>. <\/p>\n<p>Siga as redes sociais do projeto: <a href=\"https:\/\/www.instagram.com\/virandobixo\/\" target=\"_blank\" rel=\"noreferrer noopener\">Instagram<\/a> <a href=\"https:\/\/www.instagram.com\/virandobixo\/\" target=\"_blank\" rel=\"noreferrer noopener\">@virandobixo<\/a> e <a href=\"https:\/\/www.tiktok.com\/@virandobixo\" target=\"_blank\" rel=\"noreferrer noopener\">Tiktok @virandobixo<\/a>.<\/p>\n<figure class=\"wp-block-image size-large is-resized\"><img data-recalc-dims=\"1\" loading=\"lazy\" decoding=\"async\" src=\"https:\/\/i0.wp.com\/www.acidadeon.com\/ribeiraopreto\/wp-content\/uploads\/sites\/3\/2024\/07\/WhatsApp-Image-2024-07-15-at-18.10.40-1_2024-07-15_21-43-46_jpeg_2024-07-15_21-43-46-1024x576.webp?resize=556%2C325&#038;ssl=1\" alt=\"\" class=\"wp-image-87961\" width=\"556\" height=\"325\"\/><figcaption class=\"wp-element-caption\">Virando Bixo 2024 inicia nessa segunda (15) o calend\u00e1rio de provas e simulados. (Foto: divulga\u00e7\u00e3o)<\/figcaption><\/figure>\n<hr class=\"wp-block-separator has-alpha-channel-opacity\"\/>\n<p>SAIBA MAIS<\/p>\n<p>Cemit\u00e9rio de Ribeir\u00e3o Preto\u00a0ser\u00e1 palco de visita cultural; Saiba como participar<\/p>\n<h4 class=\"wp-block-heading\"><strong>FIQUE ON<\/strong><\/h4>\n<p>Fique ligado em tudo que acontece em Ribeir\u00e3o Preto e regi\u00e3o. Siga os perfis do\u00a0<strong>acidade on<\/strong>\u00a0no\u00a0<a href=\"https:\/\/www.instagram.com\/acidadeonribeirao\" target=\"_blank\" rel=\"noreferrer noopener\">Instagram<\/a>\u00a0e no\u00a0<a href=\"https:\/\/www.facebook.com\/acidadeonribeirao\/\" target=\"_blank\" rel=\"noreferrer noopener\">Facebook<\/a>.<\/p>\n<p>Receba not\u00edcias do\u00a0<strong>acidade on<\/strong>\u00a0no WhatsApp.<a href=\"https:\/\/chat.whatsapp.com\/CdrZ6xrf7quD44Vw3WlPuZ\" target=\"_blank\" rel=\"noreferrer noopener\">\u00a0Para entrar no grupo, basta clicar aqui.<\/a><\/p>\n<p>Fa\u00e7a uma den\u00fancia ou sugira uma reportagem sobre Ribeir\u00e3o Preto e regi\u00e3o pelo WhatsApp: 16 99117 7802.<\/p>\n<p>VEJA TAMB\u00c9M<\/p>\n<p>Fazenda Talism\u00e3, de Leonardo, fica onde?<\/p>\n<p><!-- AI CONTENT END 1 -->\n<\/div>\n<p><script async src=\"\/\/www.instagram.com\/embed.js\"><\/script><script async src=\"\/\/www.tiktok.com\/embed.js\"><\/script><br \/>\n<br \/><br \/>\n<br \/><a href=\"https:\/\/www.acidadeon.com\/ribeiraopreto\/cotidiano\/virando-bixo-2024-calendario-de-provas-e-simulados-comeca-nesta-segunda-feira\/\">Source link <\/a><\/p>\n<div class='code-block code-block-4' style='margin: 8px auto 8px 0; text-align: left; display: block; clear: both;'>\n\ud83d\udce2 Aviso Legal\n\nO site ismaelcolosi.com.br atua apenas como um canal de divulga\u00e7\u00e3o de oportunidades de emprego e n\u00e3o se responsabiliza pelo processo seletivo, contrata\u00e7\u00e3o ou qualquer outra etapa relacionada \u00e0s vagas publicadas. Todas as informa\u00e7\u00f5es s\u00e3o de responsabilidade dos anunciantes.\n\n\u26a0\ufe0f Aten\u00e7\u00e3o! Nunca pague por promessas de emprego nem compre cursos que garantam contrata\u00e7\u00e3o. Desconfie de qualquer cobran\u00e7a para participar de sele\u00e7\u00f5es.\n\n\n\n<\/div>\n<!-- CONTENT END 1 -->\n","protected":false},"excerpt":{"rendered":"<p>A primeira prova da 24\u00ba edi\u00e7\u00e3o do projeto Virando Bixo j\u00e1 est\u00e1 dispon\u00edvel no site para os inscritos. A disciplina da semana \u00e9 Portugu\u00eas e&#8230;<\/p>\n","protected":false},"author":1,"featured_media":56853,"comment_status":"open","ping_status":"open","sticky":false,"template":"","format":"standard","meta":{"_uag_custom_page_level_css":"","advanced_seo_description":"","jetpack_seo_html_title":"","jetpack_seo_noindex":false,"jetpack_post_was_ever_published":false,"_jetpack_newsletter_access":"","_jetpack_dont_email_post_to_subs":false,"_jetpack_newsletter_tier_id":0,"_jetpack_memberships_contains_paywalled_content":false,"_jetpack_memberships_contains_paid_content":false,"footnotes":"","jetpack_publicize_message":"","jetpack_publicize_feature_enabled":true,"jetpack_social_post_already_shared":true,"jetpack_social_options":{"image_generator_settings":{"template":"highway","default_image_id":0,"font":"","enabled":false},"version":2}},"categories":[11],"tags":[],"class_list":["post-56852","post","type-post","status-publish","format-standard","has-post-thumbnail","hentry","category-noticias-de-ribeirao-preto-sp-e-regiao-ismael-colosi"],"jetpack_publicize_connections":[],"jetpack_featured_media_url":"https:\/\/i0.wp.com\/ismaelcolosi.com.br\/wp-content\/uploads\/2024\/07\/WhatsApp-Image-2024-07-15-at-18.10.40_2024-07-15_21-35-04_jpeg_2024-07-15_21-35-04.webp.webp?fit=775%2C354&ssl=1","uagb_featured_image_src":{"full":["https:\/\/i0.wp.com\/ismaelcolosi.com.br\/wp-content\/uploads\/2024\/07\/WhatsApp-Image-2024-07-15-at-18.10.40_2024-07-15_21-35-04_jpeg_2024-07-15_21-35-04.webp.webp?fit=775%2C354&ssl=1",775,354,false],"thumbnail":["https:\/\/i0.wp.com\/ismaelcolosi.com.br\/wp-content\/uploads\/2024\/07\/WhatsApp-Image-2024-07-15-at-18.10.40_2024-07-15_21-35-04_jpeg_2024-07-15_21-35-04.webp.webp?resize=150%2C150&ssl=1",150,150,true],"medium":["https:\/\/i0.wp.com\/ismaelcolosi.com.br\/wp-content\/uploads\/2024\/07\/WhatsApp-Image-2024-07-15-at-18.10.40_2024-07-15_21-35-04_jpeg_2024-07-15_21-35-04.webp.webp?fit=300%2C137&ssl=1",300,137,true],"medium_large":["https:\/\/i0.wp.com\/ismaelcolosi.com.br\/wp-content\/uploads\/2024\/07\/WhatsApp-Image-2024-07-15-at-18.10.40_2024-07-15_21-35-04_jpeg_2024-07-15_21-35-04.webp.webp?fit=768%2C351&ssl=1",768,351,true],"large":["https:\/\/i0.wp.com\/ismaelcolosi.com.br\/wp-content\/uploads\/2024\/07\/WhatsApp-Image-2024-07-15-at-18.10.40_2024-07-15_21-35-04_jpeg_2024-07-15_21-35-04.webp.webp?fit=775%2C354&ssl=1",775,354,true],"1536x1536":["https:\/\/i0.wp.com\/ismaelcolosi.com.br\/wp-content\/uploads\/2024\/07\/WhatsApp-Image-2024-07-15-at-18.10.40_2024-07-15_21-35-04_jpeg_2024-07-15_21-35-04.webp.webp?fit=775%2C354&ssl=1",775,354,true],"2048x2048":["https:\/\/i0.wp.com\/ismaelcolosi.com.br\/wp-content\/uploads\/2024\/07\/WhatsApp-Image-2024-07-15-at-18.10.40_2024-07-15_21-35-04_jpeg_2024-07-15_21-35-04.webp.webp?fit=775%2C354&ssl=1",775,354,true],"really-simple-thumb":["https:\/\/i0.wp.com\/ismaelcolosi.com.br\/wp-content\/uploads\/2024\/07\/WhatsApp-Image-2024-07-15-at-18.10.40_2024-07-15_21-35-04_jpeg_2024-07-15_21-35-04.webp.webp?resize=370%2C247&ssl=1",370,247,true]},"uagb_author_info":{"display_name":"ismaelcolosi.com.br","author_link":"https:\/\/ismaelcolosi.com.br\/index.php\/author\/vidareal-online\/"},"uagb_comment_info":0,"uagb_excerpt":"A primeira prova da 24\u00ba edi\u00e7\u00e3o do projeto Virando Bixo j\u00e1 est\u00e1 dispon\u00edvel no site para os inscritos. A disciplina da semana \u00e9 Portugu\u00eas e...","jetpack-related-posts":[{"id":72959,"url":"https:\/\/ismaelcolosi.com.br\/index.php\/2024\/10\/24\/enem-2024-expectativa-para-a-maior-prova-do-pais-com-43-milhoes-de-inscritos\/","url_meta":{"origin":56852,"position":0},"title":"ENEM 2024: Expectativa para a Maior Prova do Pa\u00eds com 4,3 Milh\u00f5es de Inscritos","author":"ismaelcolosi.com.br","date":"24 de October de 2024","format":false,"excerpt":"A contagem regressiva para o Exame Nacional do Ensino M\u00e9dio (ENEM) 2024 come\u00e7ou, e 4,3 milh\u00f5es de candidatos se preparam para enfrentar a maior avalia\u00e7\u00e3o educacional do pa\u00eds nos dias 3 e 10 de novembro. O exame, porta de entrada para universidades p\u00fablicas e privadas, al\u00e9m de programas como o\u2026","rel":"","context":"In &quot;Not\u00edcias de Ribeir\u00e3o Preto-SP e Regi\u00e3o&quot;","block_context":{"text":"Not\u00edcias de Ribeir\u00e3o Preto-SP e Regi\u00e3o","link":"https:\/\/ismaelcolosi.com.br\/index.php\/category\/noticias-de-ribeirao-preto-sp-e-regiao-ismael-colosi\/"},"img":{"alt_text":"","src":"https:\/\/i0.wp.com\/ismaelcolosi.com.br\/wp-content\/uploads\/2024\/10\/raf09009_0.webp.webp?fit=1170%2C700&ssl=1&resize=350%2C200","width":350,"height":200,"srcset":"https:\/\/i0.wp.com\/ismaelcolosi.com.br\/wp-content\/uploads\/2024\/10\/raf09009_0.webp.webp?fit=1170%2C700&ssl=1&resize=350%2C200 1x, https:\/\/i0.wp.com\/ismaelcolosi.com.br\/wp-content\/uploads\/2024\/10\/raf09009_0.webp.webp?fit=1170%2C700&ssl=1&resize=525%2C300 1.5x, https:\/\/i0.wp.com\/ismaelcolosi.com.br\/wp-content\/uploads\/2024\/10\/raf09009_0.webp.webp?fit=1170%2C700&ssl=1&resize=700%2C400 2x, https:\/\/i0.wp.com\/ismaelcolosi.com.br\/wp-content\/uploads\/2024\/10\/raf09009_0.webp.webp?fit=1170%2C700&ssl=1&resize=1050%2C600 3x"},"classes":[]},{"id":75662,"url":"https:\/\/ismaelcolosi.com.br\/index.php\/2024\/11\/07\/locais-de-prova-do-enade-2024-ja-estao-disponiveis-para-consulta-dos-estudantes\/","url_meta":{"origin":56852,"position":1},"title":"Locais de Prova do Enade 2024 J\u00e1 Est\u00e3o Dispon\u00edveis para Consulta dos Estudantes","author":"ismaelcolosi.com.br","date":"7 de November de 2024","format":false,"excerpt":"Os estudantes de cursos superiores que ir\u00e3o participar do Exame Nacional de Desempenho dos Estudantes (Enade) 2024 j\u00e1 podem conferir os locais onde realizar\u00e3o a prova, marcada para o dia 26 de novembro. A consulta deve ser feita pela plataforma oficial do Instituto Nacional de Estudos e Pesquisas Educacionais An\u00edsio\u2026","rel":"","context":"In &quot;Not\u00edcias de Ribeir\u00e3o Preto-SP e Regi\u00e3o&quot;","block_context":{"text":"Not\u00edcias de Ribeir\u00e3o Preto-SP e Regi\u00e3o","link":"https:\/\/ismaelcolosi.com.br\/index.php\/category\/noticias-de-ribeirao-preto-sp-e-regiao-ismael-colosi\/"},"img":{"alt_text":"","src":"https:\/\/i0.wp.com\/ismaelcolosi.com.br\/wp-content\/uploads\/2024\/11\/sala_de_aula0647040820.webp.webp?fit=1170%2C700&ssl=1&resize=350%2C200","width":350,"height":200,"srcset":"https:\/\/i0.wp.com\/ismaelcolosi.com.br\/wp-content\/uploads\/2024\/11\/sala_de_aula0647040820.webp.webp?fit=1170%2C700&ssl=1&resize=350%2C200 1x, https:\/\/i0.wp.com\/ismaelcolosi.com.br\/wp-content\/uploads\/2024\/11\/sala_de_aula0647040820.webp.webp?fit=1170%2C700&ssl=1&resize=525%2C300 1.5x, https:\/\/i0.wp.com\/ismaelcolosi.com.br\/wp-content\/uploads\/2024\/11\/sala_de_aula0647040820.webp.webp?fit=1170%2C700&ssl=1&resize=700%2C400 2x, https:\/\/i0.wp.com\/ismaelcolosi.com.br\/wp-content\/uploads\/2024\/11\/sala_de_aula0647040820.webp.webp?fit=1170%2C700&ssl=1&resize=1050%2C600 3x"},"classes":[]},{"id":6892,"url":"https:\/\/ismaelcolosi.com.br\/index.php\/2023\/11\/27\/capes-passa-a-aceitar-teste-de-ingles-do-duolingo\/","url_meta":{"origin":56852,"position":2},"title":"Capes passa a aceitar teste de ingl\u00eas do Duolingo","author":"ismaelcolosi.com.br","date":"27 de November de 2023","format":false,"excerpt":"O Capes (Coordena\u00e7\u00e3o de Aperfei\u00e7oamento de Pessoal de N\u00edvel Superior), \u00f3rg\u00e3o ligado ao Minist\u00e9rio da Educa\u00e7\u00e3o (MEC), passou a aceitar o Duolingo English Test, teste de profici\u00eancia em ingl\u00eas da plataforma Duolingo. Com isto, alunos que concorrem a bolsas de estudo oferecidas pelo Capes tem mais uma op\u00e7\u00e3o de ingressarem\u2026","rel":"","context":"In &quot;Variedades&quot;","block_context":{"text":"Variedades","link":"https:\/\/ismaelcolosi.com.br\/index.php\/category\/variedades\/"},"img":{"alt_text":"","src":"https:\/\/i0.wp.com\/ismaelcolosi.com.br\/wp-content\/uploads\/2023\/11\/istock-1048293734.jpg?fit=1200%2C638&ssl=1&resize=350%2C200","width":350,"height":200,"srcset":"https:\/\/i0.wp.com\/ismaelcolosi.com.br\/wp-content\/uploads\/2023\/11\/istock-1048293734.jpg?fit=1200%2C638&ssl=1&resize=350%2C200 1x, https:\/\/i0.wp.com\/ismaelcolosi.com.br\/wp-content\/uploads\/2023\/11\/istock-1048293734.jpg?fit=1200%2C638&ssl=1&resize=525%2C300 1.5x, https:\/\/i0.wp.com\/ismaelcolosi.com.br\/wp-content\/uploads\/2023\/11\/istock-1048293734.jpg?fit=1200%2C638&ssl=1&resize=700%2C400 2x, https:\/\/i0.wp.com\/ismaelcolosi.com.br\/wp-content\/uploads\/2023\/11\/istock-1048293734.jpg?fit=1200%2C638&ssl=1&resize=1050%2C600 3x"},"classes":[]},{"id":78119,"url":"https:\/\/ismaelcolosi.com.br\/index.php\/2024\/12\/02\/parceria-para-revolucionar-o-ensino-publico\/","url_meta":{"origin":56852,"position":3},"title":"Parceria para Revolucionar o Ensino P\u00fablico","author":"ismaelcolosi.com.br","date":"2 de December de 2024","format":false,"excerpt":"\r \r \r A uni\u00e3o entre a inova\u00e7\u00e3o tecnol\u00f3gica da Estudo Play e a tradi\u00e7\u00e3o da Britannica Education promete transformar a educa\u00e7\u00e3o de milhares de estudantes e professores no Brasil. A nova parceria integrar\u00e1 os conte\u00fados da Britannica \u00e0s funcionalidades avan\u00e7adas da plataforma Estudo Play, que utiliza intelig\u00eancia artificial (IA)\u2026","rel":"","context":"In &quot;Carreira e Sucesso&quot;","block_context":{"text":"Carreira e Sucesso","link":"https:\/\/ismaelcolosi.com.br\/index.php\/category\/carreira-e-sucesso-dicas-para-carreira\/"},"img":{"alt_text":"","src":"https:\/\/i0.wp.com\/ismaelcolosi.com.br\/wp-content\/uploads\/2024\/12\/if-estudo-play-1200x675.png?fit=1200%2C675&ssl=1&resize=350%2C200","width":350,"height":200,"srcset":"https:\/\/i0.wp.com\/ismaelcolosi.com.br\/wp-content\/uploads\/2024\/12\/if-estudo-play-1200x675.png?fit=1200%2C675&ssl=1&resize=350%2C200 1x, https:\/\/i0.wp.com\/ismaelcolosi.com.br\/wp-content\/uploads\/2024\/12\/if-estudo-play-1200x675.png?fit=1200%2C675&ssl=1&resize=525%2C300 1.5x, https:\/\/i0.wp.com\/ismaelcolosi.com.br\/wp-content\/uploads\/2024\/12\/if-estudo-play-1200x675.png?fit=1200%2C675&ssl=1&resize=700%2C400 2x, https:\/\/i0.wp.com\/ismaelcolosi.com.br\/wp-content\/uploads\/2024\/12\/if-estudo-play-1200x675.png?fit=1200%2C675&ssl=1&resize=1050%2C600 3x"},"classes":[]},{"id":78121,"url":"https:\/\/ismaelcolosi.com.br\/index.php\/2024\/12\/02\/parceria-para-revolucionar-o-ensino-publico-2\/","url_meta":{"origin":56852,"position":4},"title":"Parceria para Revolucionar o Ensino P\u00fablico","author":"ismaelcolosi.com.br","date":"2 de December de 2024","format":false,"excerpt":"\r \r \r A uni\u00e3o entre a inova\u00e7\u00e3o tecnol\u00f3gica da Estudo Play e a tradi\u00e7\u00e3o da Britannica Education promete transformar a educa\u00e7\u00e3o de milhares de estudantes e professores no Brasil. A nova parceria integrar\u00e1 os conte\u00fados da Britannica \u00e0s funcionalidades avan\u00e7adas da plataforma Estudo Play, que utiliza intelig\u00eancia artificial (IA)\u2026","rel":"","context":"In &quot;Carreira e Sucesso&quot;","block_context":{"text":"Carreira e Sucesso","link":"https:\/\/ismaelcolosi.com.br\/index.php\/category\/carreira-e-sucesso-dicas-para-carreira\/"},"img":{"alt_text":"","src":"https:\/\/i0.wp.com\/ismaelcolosi.com.br\/wp-content\/uploads\/2024\/12\/1733154657_if-estudo-play-1200x675.png?fit=1200%2C675&ssl=1&resize=350%2C200","width":350,"height":200,"srcset":"https:\/\/i0.wp.com\/ismaelcolosi.com.br\/wp-content\/uploads\/2024\/12\/1733154657_if-estudo-play-1200x675.png?fit=1200%2C675&ssl=1&resize=350%2C200 1x, https:\/\/i0.wp.com\/ismaelcolosi.com.br\/wp-content\/uploads\/2024\/12\/1733154657_if-estudo-play-1200x675.png?fit=1200%2C675&ssl=1&resize=525%2C300 1.5x, https:\/\/i0.wp.com\/ismaelcolosi.com.br\/wp-content\/uploads\/2024\/12\/1733154657_if-estudo-play-1200x675.png?fit=1200%2C675&ssl=1&resize=700%2C400 2x, https:\/\/i0.wp.com\/ismaelcolosi.com.br\/wp-content\/uploads\/2024\/12\/1733154657_if-estudo-play-1200x675.png?fit=1200%2C675&ssl=1&resize=1050%2C600 3x"},"classes":[]},{"id":88974,"url":"https:\/\/ismaelcolosi.com.br\/index.php\/2026\/01\/27\/mais-de-30-dos-cursos-de-medicina-sao-reprovados-em-prova-do-mec\/","url_meta":{"origin":56852,"position":5},"title":"Mais de 30% dos Cursos de Medicina S\u00e3o Reprovados em Prova do MEC","author":"ismaelcolosi.com.br","date":"27 de January de 2026","format":false,"excerpt":"A primeira edi\u00e7\u00e3o Enamed (Exame Nacional de Avalia\u00e7\u00e3o da Forma\u00e7\u00e3o M\u00e9dica), realizada em 2025, avaliou 351 cursos de medicina em todo o pa\u00eds.A maior parte, 243 cursos foram bem avaliados com desempenho que garantiu profici\u00eancia a, pelo menos, 60% dos estudantes concluintes da forma\u00e7\u00e3o m\u00e9dica. Outros107 cursos foram mal avaliados\u2026","rel":"","context":"In &quot;Carreira e Sucesso&quot;","block_context":{"text":"Carreira e Sucesso","link":"https:\/\/ismaelcolosi.com.br\/index.php\/category\/carreira-e-sucesso-dicas-para-carreira\/"},"img":{"alt_text":"","src":"https:\/\/i0.wp.com\/ismaelcolosi.com.br\/wp-content\/uploads\/2026\/01\/enamed-forbes-medicina-1200x675.jpg?fit=1200%2C675&ssl=1&resize=350%2C200","width":350,"height":200,"srcset":"https:\/\/i0.wp.com\/ismaelcolosi.com.br\/wp-content\/uploads\/2026\/01\/enamed-forbes-medicina-1200x675.jpg?fit=1200%2C675&ssl=1&resize=350%2C200 1x, https:\/\/i0.wp.com\/ismaelcolosi.com.br\/wp-content\/uploads\/2026\/01\/enamed-forbes-medicina-1200x675.jpg?fit=1200%2C675&ssl=1&resize=525%2C300 1.5x, https:\/\/i0.wp.com\/ismaelcolosi.com.br\/wp-content\/uploads\/2026\/01\/enamed-forbes-medicina-1200x675.jpg?fit=1200%2C675&ssl=1&resize=700%2C400 2x, https:\/\/i0.wp.com\/ismaelcolosi.com.br\/wp-content\/uploads\/2026\/01\/enamed-forbes-medicina-1200x675.jpg?fit=1200%2C675&ssl=1&resize=1050%2C600 3x"},"classes":[]}],"jetpack_sharing_enabled":true,"jetpack_shortlink":"https:\/\/wp.me\/pfMlyK-eMY","_links":{"self":[{"href":"https:\/\/ismaelcolosi.com.br\/index.php\/wp-json\/wp\/v2\/posts\/56852","targetHints":{"allow":["GET"]}}],"collection":[{"href":"https:\/\/ismaelcolosi.com.br\/index.php\/wp-json\/wp\/v2\/posts"}],"about":[{"href":"https:\/\/ismaelcolosi.com.br\/index.php\/wp-json\/wp\/v2\/types\/post"}],"author":[{"embeddable":true,"href":"https:\/\/ismaelcolosi.com.br\/index.php\/wp-json\/wp\/v2\/users\/1"}],"replies":[{"embeddable":true,"href":"https:\/\/ismaelcolosi.com.br\/index.php\/wp-json\/wp\/v2\/comments?post=56852"}],"version-history":[{"count":0,"href":"https:\/\/ismaelcolosi.com.br\/index.php\/wp-json\/wp\/v2\/posts\/56852\/revisions"}],"wp:featuredmedia":[{"embeddable":true,"href":"https:\/\/ismaelcolosi.com.br\/index.php\/wp-json\/wp\/v2\/media\/56853"}],"wp:attachment":[{"href":"https:\/\/ismaelcolosi.com.br\/index.php\/wp-json\/wp\/v2\/media?parent=56852"}],"wp:term":[{"taxonomy":"category","embeddable":true,"href":"https:\/\/ismaelcolosi.com.br\/index.php\/wp-json\/wp\/v2\/categories?post=56852"},{"taxonomy":"post_tag","embeddable":true,"href":"https:\/\/ismaelcolosi.com.br\/index.php\/wp-json\/wp\/v2\/tags?post=56852"}],"curies":[{"name":"wp","href":"https:\/\/api.w.org\/{rel}","templated":true}]}}