{"id":56848,"date":"2024-07-15T18:18:04","date_gmt":"2024-07-15T21:18:04","guid":{"rendered":"https:\/\/ismaelcolosi.com.br\/index.php\/2024\/07\/15\/cemiterio-de-ribeirao-preto-sera-palco-de-visita-cultural-mediada-saiba-como-participar\/"},"modified":"2024-07-15T18:18:04","modified_gmt":"2024-07-15T21:18:04","slug":"cemiterio-de-ribeirao-preto-sera-palco-de-visita-cultural-mediada-saiba-como-participar","status":"publish","type":"post","link":"https:\/\/ismaelcolosi.com.br\/index.php\/2024\/07\/15\/cemiterio-de-ribeirao-preto-sera-palco-de-visita-cultural-mediada-saiba-como-participar\/","title":{"rendered":"Cemit\u00e9rio de Ribeir\u00e3o Preto\u00a0ser\u00e1 palco de visita cultural mediada; Saiba como participar"},"content":{"rendered":"<p> <br \/>\n<\/p>\n<div>\n<p>O <strong>cemit\u00e9rio da Saudade<\/strong>, localizado no bairro Campos El\u00edseos, zona Norte de <strong>Ribeir\u00e3o Preto<\/strong>, ser\u00e1 palco de mais uma edi\u00e7\u00e3o da <strong>visita cultural mediada<\/strong>, a partir 9h30, no <strong>dia 28 de julho<\/strong>.<\/p>\n<p>O evento \u00e9 <strong>gratuito<\/strong> e <strong>aberto para todos os p\u00fablicos<\/strong>, no entanto, as vagas s\u00e3o limitadas. <mark style=\"background-color:#fcb900\" class=\"has-inline-color\"><strong>Os interessados devem se inscrever atrav\u00e9s de um formul\u00e1rio on-line (<a href=\"https:\/\/docs.google.com\/forms\/d\/1mHuw9VewLFhgg0tYsiOiVOyWLc_nnxO_Z0arC09_TCg\/viewform?edit_requested=true\" target=\"_blank\" rel=\"noreferrer noopener\">clique aqui<\/a>).<\/strong><\/mark><\/p>\n<p>Conforme a organiza\u00e7\u00e3o da visita cultural ao cemit\u00e9rio da Saudade, assim que <strong>todas as vagas forem preenchidas, o formul\u00e1rio ser\u00e1 fechado.<\/strong><\/p>\n<p>Ao final da atividade \u00e9 oferecido um <strong>caf\u00e9 da manh\u00e3<\/strong> para os participantes. Al\u00e9m disso, tamb\u00e9m ser\u00e3o fornecidos <strong>copos de \u00e1gua<\/strong> durante a expedi\u00e7\u00e3o na necr\u00f3pole.<\/p>\n<h3 class=\"wp-block-heading\"><strong>O que esperar da visita ao cemit\u00e9rio da Saudade?<\/strong><\/h3>\n<p>Quem for participar da <strong>visita cultural <\/strong>ter\u00e1 a oportunidade de <mark style=\"background-color:#fcb900\" class=\"has-inline-color\">entender o cemit\u00e9rio <strong>n\u00e3o apenas como um local de luto, sepultamento, tristeza e morbidez<\/strong>, mas tamb\u00e9m de<strong> hist\u00f3ria, cultura, arte, educa\u00e7\u00e3o e turismo<\/strong>.<\/mark><\/p>\n<figure class=\"wp-block-pullquote\">\n<blockquote>\n<p>Os cemit\u00e9rios convencionais, como o da Saudade, cont\u00e9m um acervo de esculturas, est\u00e1tuas e monumentos valioso, tornando-os verdadeiros museus a c\u00e9u aberto<\/p>\n<p><cite>diz a organiza\u00e7\u00e3o<\/cite><\/p><\/blockquote>\n<\/figure>\n<p>O <strong>cemit\u00e9rio da Saudade<\/strong> foi fundado em <strong>1893 <\/strong>e no local est\u00e3o sepultadas pessoas <strong>relevantes para a hist\u00f3ria de Ribeir\u00e3o Preto<\/strong>, como por exemplo, o Menino Zezinho, os prefeitos Cost\u00e1bile Romano, F\u00e1bio Barreto, Alfredo Condeixa e Camillo de Mattos, o fundador da Vila Tib\u00e9rio Sr. Tib\u00e9rio Augusto Garcia de Senna, o jornalista Wilson Toni, a Menina da Piedade e as Irm\u00e3s Ursulinas.<\/p>\n<h4 class=\"wp-block-heading\"><strong>O que levar para a visita?<\/strong><\/h4>\n<p>Ainda de acordo com a organiza\u00e7\u00e3o, \u00e9 importante que os visitantes n\u00e3o se esque\u00e7am de que o cemit\u00e9rio tamb\u00e9m \u00e9 um <strong>espa\u00e7o de rituais religiosos diversos e luto<\/strong>, portanto, \u00e9 importante que os participantes mantenham o respeito com os usu\u00e1rios do local. \u00c9 recomendado que as pessoas:<\/p>\n<ul>\n<li>Utilizem roupas e sapatos confort\u00e1veis;<\/li>\n<\/ul>\n<ul>\n<li>Fa\u00e7am o uso de protetor solar;<\/li>\n<\/ul>\n<ul>\n<li>Levem chap\u00e9us ou bon\u00e9s para se proteger do sol;<\/li>\n<\/ul>\n<ul>\n<li>Tomem os cuidados sanit\u00e1rios necess\u00e1rios em rela\u00e7\u00e3o \u00e0 covid-19 e a dengue (\u00e9 recomendado o uso de m\u00e1scara, \u00e1lcool em gel e repelente se poss\u00edvel);<\/li>\n<\/ul>\n<ul>\n<li>Tirem fotos ou gravem v\u00eddeos, mas se atentem em n\u00e3o exibir o nome dos falecidos e de suas fam\u00edlias.<\/li>\n<\/ul>\n<h4 class=\"wp-block-heading\"><strong>Servi\u00e7o<\/strong><\/h4>\n<p><em>Um Ribeir\u00e3o de Saudade: Visita Cultural Mediada no Cemit\u00e9rio da Saudade<\/em><\/p>\n<p>Quando: 28 de julho (domingo)<\/p>\n<p>Hor\u00e1rio: \u00e0s 9h30<\/p>\n<p>Onde: Concentra\u00e7\u00e3o acontece na entrada principal do cemit\u00e9rio \u2013 avenida da Saudade, 1775 \u2013 Campos El\u00edseos<\/p>\n<p>Inscri\u00e7\u00f5es: de forma on-line (<a href=\"https:\/\/docs.google.com\/forms\/d\/1mHuw9VewLFhgg0tYsiOiVOyWLc_nnxO_Z0arC09_TCg\/viewform?edit_requested=true\" target=\"_blank\" rel=\"noreferrer noopener\">clique aqui<\/a>)<\/p>\n<p>Evento gratuito<\/p>\n<hr class=\"wp-block-separator has-alpha-channel-opacity\"\/>\n<p>SAIBA MAIS<\/p>\n<p>Feira Internacional do Livro de Ribeir\u00e3o Preto abre processo seletivo para volunt\u00e1rios<\/p>\n<h4 class=\"wp-block-heading\"><strong>FIQUE ON<\/strong><\/h4>\n<p>Fique ligado em tudo que acontece em Ribeir\u00e3o Preto e regi\u00e3o. Siga os perfis do\u00a0<strong>acidade on<\/strong>\u00a0no\u00a0<a href=\"https:\/\/www.instagram.com\/acidadeonribeirao\" target=\"_blank\" rel=\"noreferrer noopener\">Instagram<\/a>\u00a0e no\u00a0<a href=\"https:\/\/www.facebook.com\/acidadeonribeirao\/\" target=\"_blank\" rel=\"noreferrer noopener\">Facebook<\/a>.<\/p>\n<p>Receba not\u00edcias do\u00a0<strong>acidade on<\/strong>\u00a0no WhatsApp.<a href=\"https:\/\/chat.whatsapp.com\/CdrZ6xrf7quD44Vw3WlPuZ\" target=\"_blank\" rel=\"noreferrer noopener\">\u00a0Para entrar no grupo, basta clicar aqui.<\/a><\/p>\n<p>Fa\u00e7a uma den\u00fancia ou sugira uma reportagem sobre Ribeir\u00e3o Preto e regi\u00e3o pelo WhatsApp: 16 99117 7802.<\/p>\n<p>VEJA TAMB\u00c9M<\/p>\n<p>Fazenda Talism\u00e3, de Leonardo, fica onde?<\/p>\n<p><!-- AI CONTENT END 1 -->\n<\/div>\n<p><script async src=\"\/\/www.instagram.com\/embed.js\"><\/script><br \/>\n<br \/><br \/>\n<br \/><a href=\"https:\/\/www.acidadeon.com\/ribeiraopreto\/lazer-e-cultura\/cemiterio-de-ribeirao-preto-sera-palco-de-visita-cultural-saiba-como-participar\/\">Source link <\/a><\/p>\n<div class='code-block code-block-4' style='margin: 8px auto 8px 0; text-align: left; display: block; clear: both;'>\n\ud83d\udce2 Aviso Legal\n\nO site ismaelcolosi.com.br atua apenas como um canal de divulga\u00e7\u00e3o de oportunidades de emprego e n\u00e3o se responsabiliza pelo processo seletivo, contrata\u00e7\u00e3o ou qualquer outra etapa relacionada \u00e0s vagas publicadas. Todas as informa\u00e7\u00f5es s\u00e3o de responsabilidade dos anunciantes.\n\n\u26a0\ufe0f Aten\u00e7\u00e3o! Nunca pague por promessas de emprego nem compre cursos que garantam contrata\u00e7\u00e3o. Desconfie de qualquer cobran\u00e7a para participar de sele\u00e7\u00f5es.\n\n\n\n<\/div>\n<!-- CONTENT END 1 -->\n","protected":false},"excerpt":{"rendered":"<p>O cemit\u00e9rio da Saudade, localizado no bairro Campos El\u00edseos, zona Norte de Ribeir\u00e3o Preto, ser\u00e1 palco de mais uma edi\u00e7\u00e3o da visita cultural mediada, a&#8230;<\/p>\n","protected":false},"author":1,"featured_media":56849,"comment_status":"open","ping_status":"open","sticky":false,"template":"","format":"standard","meta":{"_uag_custom_page_level_css":"","advanced_seo_description":"","jetpack_seo_html_title":"","jetpack_seo_noindex":false,"jetpack_post_was_ever_published":false,"_jetpack_newsletter_access":"","_jetpack_dont_email_post_to_subs":false,"_jetpack_newsletter_tier_id":0,"_jetpack_memberships_contains_paywalled_content":false,"_jetpack_memberships_contains_paid_content":false,"footnotes":"","jetpack_publicize_message":"","jetpack_publicize_feature_enabled":true,"jetpack_social_post_already_shared":true,"jetpack_social_options":{"image_generator_settings":{"template":"highway","default_image_id":0,"font":"","enabled":false},"version":2}},"categories":[11],"tags":[],"class_list":["post-56848","post","type-post","status-publish","format-standard","has-post-thumbnail","hentry","category-noticias-de-ribeirao-preto-sp-e-regiao-ismael-colosi"],"jetpack_publicize_connections":[],"jetpack_featured_media_url":"https:\/\/i0.wp.com\/ismaelcolosi.com.br\/wp-content\/uploads\/2024\/07\/WhatsApp-Image-2023-11-01-at-14.09.34.jpeg?fit=1600%2C1200&ssl=1","uagb_featured_image_src":{"full":["https:\/\/i0.wp.com\/ismaelcolosi.com.br\/wp-content\/uploads\/2024\/07\/WhatsApp-Image-2023-11-01-at-14.09.34.jpeg?fit=1600%2C1200&ssl=1",1600,1200,false],"thumbnail":["https:\/\/i0.wp.com\/ismaelcolosi.com.br\/wp-content\/uploads\/2024\/07\/WhatsApp-Image-2023-11-01-at-14.09.34.jpeg?resize=150%2C150&ssl=1",150,150,true],"medium":["https:\/\/i0.wp.com\/ismaelcolosi.com.br\/wp-content\/uploads\/2024\/07\/WhatsApp-Image-2023-11-01-at-14.09.34.jpeg?fit=300%2C225&ssl=1",300,225,true],"medium_large":["https:\/\/i0.wp.com\/ismaelcolosi.com.br\/wp-content\/uploads\/2024\/07\/WhatsApp-Image-2023-11-01-at-14.09.34.jpeg?fit=768%2C576&ssl=1",768,576,true],"large":["https:\/\/i0.wp.com\/ismaelcolosi.com.br\/wp-content\/uploads\/2024\/07\/WhatsApp-Image-2023-11-01-at-14.09.34.jpeg?fit=1024%2C768&ssl=1",1024,768,true],"1536x1536":["https:\/\/i0.wp.com\/ismaelcolosi.com.br\/wp-content\/uploads\/2024\/07\/WhatsApp-Image-2023-11-01-at-14.09.34.jpeg?fit=1536%2C1152&ssl=1",1536,1152,true],"2048x2048":["https:\/\/i0.wp.com\/ismaelcolosi.com.br\/wp-content\/uploads\/2024\/07\/WhatsApp-Image-2023-11-01-at-14.09.34.jpeg?fit=1600%2C1200&ssl=1",1600,1200,true],"really-simple-thumb":["https:\/\/i0.wp.com\/ismaelcolosi.com.br\/wp-content\/uploads\/2024\/07\/WhatsApp-Image-2023-11-01-at-14.09.34.jpeg?resize=370%2C247&ssl=1",370,247,true]},"uagb_author_info":{"display_name":"ismaelcolosi.com.br","author_link":"https:\/\/ismaelcolosi.com.br\/index.php\/author\/vidareal-online\/"},"uagb_comment_info":0,"uagb_excerpt":"O cemit\u00e9rio da Saudade, localizado no bairro Campos El\u00edseos, zona Norte de Ribeir\u00e3o Preto, ser\u00e1 palco de mais uma edi\u00e7\u00e3o da visita cultural mediada, a...","jetpack-related-posts":[{"id":71040,"url":"https:\/\/ismaelcolosi.com.br\/index.php\/2024\/10\/14\/cemiterio-de-ribeirao-preto-recebe-nova-edicao-de-visita-cultural-veja-quando\/","url_meta":{"origin":56848,"position":0},"title":"Cemit\u00e9rio de Ribeir\u00e3o Preto recebe nova edi\u00e7\u00e3o de visita cultural; Veja quando","author":"ismaelcolosi.com.br","date":"14 de October de 2024","format":false,"excerpt":"Est\u00e3o abertas as inscri\u00e7\u00f5es para a 10\u00aa edi\u00e7\u00e3o da visita cultural ao cemit\u00e9rio da Saudade, em Ribeir\u00e3o Preto. O evento acontece no dia 27 de outubro, \u00e0s 9h. Os interessados devem se inscrever atrav\u00e9s de um formul\u00e1rio on-line (clique aqui). A visita \u00e9 gratuita e aberta para todos os p\u00fablicos,\u2026","rel":"","context":"In &quot;Not\u00edcias de Ribeir\u00e3o Preto-SP e Regi\u00e3o&quot;","block_context":{"text":"Not\u00edcias de Ribeir\u00e3o Preto-SP e Regi\u00e3o","link":"https:\/\/ismaelcolosi.com.br\/index.php\/category\/noticias-de-ribeirao-preto-sp-e-regiao-ismael-colosi\/"},"img":{"alt_text":"","src":"https:\/\/i0.wp.com\/ismaelcolosi.com.br\/wp-content\/uploads\/2024\/10\/inshot_20221101_084040702.jpg?fit=1200%2C868&ssl=1&resize=350%2C200","width":350,"height":200,"srcset":"https:\/\/i0.wp.com\/ismaelcolosi.com.br\/wp-content\/uploads\/2024\/10\/inshot_20221101_084040702.jpg?fit=1200%2C868&ssl=1&resize=350%2C200 1x, https:\/\/i0.wp.com\/ismaelcolosi.com.br\/wp-content\/uploads\/2024\/10\/inshot_20221101_084040702.jpg?fit=1200%2C868&ssl=1&resize=525%2C300 1.5x, https:\/\/i0.wp.com\/ismaelcolosi.com.br\/wp-content\/uploads\/2024\/10\/inshot_20221101_084040702.jpg?fit=1200%2C868&ssl=1&resize=700%2C400 2x, https:\/\/i0.wp.com\/ismaelcolosi.com.br\/wp-content\/uploads\/2024\/10\/inshot_20221101_084040702.jpg?fit=1200%2C868&ssl=1&resize=1050%2C600 3x"},"classes":[]},{"id":46727,"url":"https:\/\/ismaelcolosi.com.br\/index.php\/2024\/04\/13\/veja-como-se-inscrever-para-participar-de-visita-cultural-guiada-ao-cemiterio-da-saudade\/","url_meta":{"origin":56848,"position":1},"title":"Veja como se inscrever para participar de visita cultural guiada ao cemit\u00e9rio da Saudade","author":"ismaelcolosi.com.br","date":"13 de April de 2024","format":false,"excerpt":"A quarta edi\u00e7\u00e3o da visita cultural mediada ao Cemit\u00e9rio da Saudade, em Ribeir\u00e3o Preto, acontece no dia 21 de abril, data em que \u00e9 celebrado o feriado de Tiradentes, a partir das 9h30. Os interessados em participar da visita gratuita devem realizar a inscri\u00e7\u00e3o atrav\u00e9s de um formul\u00e1rio on-line \u2013\u2026","rel":"","context":"In &quot;Not\u00edcias de Ribeir\u00e3o Preto-SP e Regi\u00e3o&quot;","block_context":{"text":"Not\u00edcias de Ribeir\u00e3o Preto-SP e Regi\u00e3o","link":"https:\/\/ismaelcolosi.com.br\/index.php\/category\/noticias-de-ribeirao-preto-sp-e-regiao-ismael-colosi\/"},"img":{"alt_text":"","src":"https:\/\/i0.wp.com\/ismaelcolosi.com.br\/wp-content\/uploads\/2024\/04\/inshot_20221101_084040702.jpg?fit=1200%2C868&ssl=1&resize=350%2C200","width":350,"height":200,"srcset":"https:\/\/i0.wp.com\/ismaelcolosi.com.br\/wp-content\/uploads\/2024\/04\/inshot_20221101_084040702.jpg?fit=1200%2C868&ssl=1&resize=350%2C200 1x, https:\/\/i0.wp.com\/ismaelcolosi.com.br\/wp-content\/uploads\/2024\/04\/inshot_20221101_084040702.jpg?fit=1200%2C868&ssl=1&resize=525%2C300 1.5x, https:\/\/i0.wp.com\/ismaelcolosi.com.br\/wp-content\/uploads\/2024\/04\/inshot_20221101_084040702.jpg?fit=1200%2C868&ssl=1&resize=700%2C400 2x, https:\/\/i0.wp.com\/ismaelcolosi.com.br\/wp-content\/uploads\/2024\/04\/inshot_20221101_084040702.jpg?fit=1200%2C868&ssl=1&resize=1050%2C600 3x"},"classes":[]},{"id":50289,"url":"https:\/\/ismaelcolosi.com.br\/index.php\/2024\/05\/15\/cemiterio-de-ribeirao-recebe-mais-uma-edicao-de-visita-cultural-veja-como-participar\/","url_meta":{"origin":56848,"position":2},"title":"Cemit\u00e9rio de Ribeir\u00e3o recebe mais uma edi\u00e7\u00e3o de visita cultural; Veja como participar","author":"ismaelcolosi.com.br","date":"15 de May de 2024","format":false,"excerpt":"O cemit\u00e9rio da Saudade, localizado no bairro Campos El\u00edseos, zona Norte de Ribeir\u00e3o Preto, recebe mais uma edi\u00e7\u00e3o da visita cultural mediada, no dia 26 de maio, a partir das 9h30. O evento \u00e9 gratuito e aberto para todos os p\u00fablicos, contudo, as vagas s\u00e3o limitadas. De acordo com a\u2026","rel":"","context":"In &quot;Not\u00edcias de Ribeir\u00e3o Preto-SP e Regi\u00e3o&quot;","block_context":{"text":"Not\u00edcias de Ribeir\u00e3o Preto-SP e Regi\u00e3o","link":"https:\/\/ismaelcolosi.com.br\/index.php\/category\/noticias-de-ribeirao-preto-sp-e-regiao-ismael-colosi\/"},"img":{"alt_text":"","src":"https:\/\/i0.wp.com\/ismaelcolosi.com.br\/wp-content\/uploads\/2024\/05\/visita_guiada_cemiterio_da_saudade_-_foto_fernando_gonzaga_19_2024-05-15_18-02-17_jpg_2024-05-15_18-02-17.webp.webp?fit=1200%2C800&ssl=1&resize=350%2C200","width":350,"height":200,"srcset":"https:\/\/i0.wp.com\/ismaelcolosi.com.br\/wp-content\/uploads\/2024\/05\/visita_guiada_cemiterio_da_saudade_-_foto_fernando_gonzaga_19_2024-05-15_18-02-17_jpg_2024-05-15_18-02-17.webp.webp?fit=1200%2C800&ssl=1&resize=350%2C200 1x, https:\/\/i0.wp.com\/ismaelcolosi.com.br\/wp-content\/uploads\/2024\/05\/visita_guiada_cemiterio_da_saudade_-_foto_fernando_gonzaga_19_2024-05-15_18-02-17_jpg_2024-05-15_18-02-17.webp.webp?fit=1200%2C800&ssl=1&resize=525%2C300 1.5x, https:\/\/i0.wp.com\/ismaelcolosi.com.br\/wp-content\/uploads\/2024\/05\/visita_guiada_cemiterio_da_saudade_-_foto_fernando_gonzaga_19_2024-05-15_18-02-17_jpg_2024-05-15_18-02-17.webp.webp?fit=1200%2C800&ssl=1&resize=700%2C400 2x, https:\/\/i0.wp.com\/ismaelcolosi.com.br\/wp-content\/uploads\/2024\/05\/visita_guiada_cemiterio_da_saudade_-_foto_fernando_gonzaga_19_2024-05-15_18-02-17_jpg_2024-05-15_18-02-17.webp.webp?fit=1200%2C800&ssl=1&resize=1050%2C600 3x"},"classes":[]},{"id":61150,"url":"https:\/\/ismaelcolosi.com.br\/index.php\/2024\/08\/20\/ribeirao-preto-recebe-mais-uma-visita-cultural-no-cemiterio-da-saudade-veja-como-participar\/","url_meta":{"origin":56848,"position":3},"title":"Ribeir\u00e3o Preto recebe mais uma visita cultural no cemit\u00e9rio da Saudade; Veja como participar","author":"ismaelcolosi.com.br","date":"20 de August de 2024","format":false,"excerpt":"Est\u00e3o abertas as inscri\u00e7\u00f5es para mais uma edi\u00e7\u00e3o da visita cultural ao cemit\u00e9rio da Saudade. A visita acontece no domingo (1\u00ba de setembro), a partir das 9h. O evento \u00e9 gratuito e aberto a todos os p\u00fablicos. As inscri\u00e7\u00f5es devem ser realizadas pela internet (clique aqui). \u201cO intuito da visita\u2026","rel":"","context":"In &quot;Not\u00edcias de Ribeir\u00e3o Preto-SP e Regi\u00e3o&quot;","block_context":{"text":"Not\u00edcias de Ribeir\u00e3o Preto-SP e Regi\u00e3o","link":"https:\/\/ismaelcolosi.com.br\/index.php\/category\/noticias-de-ribeirao-preto-sp-e-regiao-ismael-colosi\/"},"img":{"alt_text":"","src":"https:\/\/i0.wp.com\/ismaelcolosi.com.br\/wp-content\/uploads\/2024\/08\/WhatsApp-Image-2023-11-01-at-14.09.34.jpeg?fit=1200%2C900&ssl=1&resize=350%2C200","width":350,"height":200,"srcset":"https:\/\/i0.wp.com\/ismaelcolosi.com.br\/wp-content\/uploads\/2024\/08\/WhatsApp-Image-2023-11-01-at-14.09.34.jpeg?fit=1200%2C900&ssl=1&resize=350%2C200 1x, https:\/\/i0.wp.com\/ismaelcolosi.com.br\/wp-content\/uploads\/2024\/08\/WhatsApp-Image-2023-11-01-at-14.09.34.jpeg?fit=1200%2C900&ssl=1&resize=525%2C300 1.5x, https:\/\/i0.wp.com\/ismaelcolosi.com.br\/wp-content\/uploads\/2024\/08\/WhatsApp-Image-2023-11-01-at-14.09.34.jpeg?fit=1200%2C900&ssl=1&resize=700%2C400 2x, https:\/\/i0.wp.com\/ismaelcolosi.com.br\/wp-content\/uploads\/2024\/08\/WhatsApp-Image-2023-11-01-at-14.09.34.jpeg?fit=1200%2C900&ssl=1&resize=1050%2C600 3x"},"classes":[]},{"id":42096,"url":"https:\/\/ismaelcolosi.com.br\/index.php\/2024\/03\/12\/cemiterio-da-saudade-de-ribeirao-recebe-nova-edicao-de-visita-cultural-guiada-veja-quando\/","url_meta":{"origin":56848,"position":4},"title":"Cemit\u00e9rio da Saudade de Ribeir\u00e3o recebe nova edi\u00e7\u00e3o de visita cultural guiada; Veja quando","author":"ismaelcolosi.com.br","date":"12 de March de 2024","format":false,"excerpt":"O cemit\u00e9rio da Saudade, localizado no bairro Campos El\u00edseos, zona Norte de Ribeir\u00e3o Preto, recebe a terceira edi\u00e7\u00e3o de uma visita cultural mediada, no dia 24 de mar\u00e7o, a partir das 9h30. O intuito da visita \u00e9 demonstrar que o local n\u00e3o \u00e9 apenas um lugar de luto, sepultamento e\u2026","rel":"","context":"In &quot;Not\u00edcias de Ribeir\u00e3o Preto-SP e Regi\u00e3o&quot;","block_context":{"text":"Not\u00edcias de Ribeir\u00e3o Preto-SP e Regi\u00e3o","link":"https:\/\/ismaelcolosi.com.br\/index.php\/category\/noticias-de-ribeirao-preto-sp-e-regiao-ismael-colosi\/"},"img":{"alt_text":"","src":"https:\/\/ismaelcolosi.com.br\/wp-content\/uploads\/2024\/03\/whatsapp_image_2022-11-02_at_07_44_55_x1x.jpe","width":350,"height":200,"srcset":"https:\/\/ismaelcolosi.com.br\/wp-content\/uploads\/2024\/03\/whatsapp_image_2022-11-02_at_07_44_55_x1x.jpe 1x, https:\/\/ismaelcolosi.com.br\/wp-content\/uploads\/2024\/03\/whatsapp_image_2022-11-02_at_07_44_55_x1x.jpe 1.5x, https:\/\/ismaelcolosi.com.br\/wp-content\/uploads\/2024\/03\/whatsapp_image_2022-11-02_at_07_44_55_x1x.jpe 2x, https:\/\/ismaelcolosi.com.br\/wp-content\/uploads\/2024\/03\/whatsapp_image_2022-11-02_at_07_44_55_x1x.jpe 3x"},"classes":[]},{"id":4502,"url":"https:\/\/ismaelcolosi.com.br\/index.php\/2023\/11\/21\/visita-ao-cemiterio-da-saudade-conta-parte-da-historia-de-ribeirao\/","url_meta":{"origin":56848,"position":5},"title":"Visita ao cemit\u00e9rio da Saudade conta parte da hist\u00f3ria de Ribeir\u00e3o","author":"ismaelcolosi.com.br","date":"21 de November de 2023","format":false,"excerpt":"Al\u00e9m de honrar a mem\u00f3ria de entes queridos, os cemit\u00e9rios tamb\u00e9m podem ser um local de muitas descobertas. Pensando nisso, a 2\u00ba edi\u00e7\u00e3o da \u2018Visita Cultural Guiada\u2019 no cemit\u00e9rio da Saudade, no bairro Campos El\u00edseos, zona Norte de Ribeir\u00e3o Preto, acontece no dia 10 de dezembro, \u00e0s 9h. O evento\u2026","rel":"","context":"In &quot;Not\u00edcias de Ribeir\u00e3o Preto-SP e Regi\u00e3o&quot;","block_context":{"text":"Not\u00edcias de Ribeir\u00e3o Preto-SP e Regi\u00e3o","link":"https:\/\/ismaelcolosi.com.br\/index.php\/category\/noticias-de-ribeirao-preto-sp-e-regiao-ismael-colosi\/"},"img":{"alt_text":"","src":"https:\/\/i0.wp.com\/ismaelcolosi.com.br\/wp-content\/uploads\/2023\/11\/inshot_20221101_084040702.jpg?fit=1200%2C868&ssl=1&resize=350%2C200","width":350,"height":200,"srcset":"https:\/\/i0.wp.com\/ismaelcolosi.com.br\/wp-content\/uploads\/2023\/11\/inshot_20221101_084040702.jpg?fit=1200%2C868&ssl=1&resize=350%2C200 1x, https:\/\/i0.wp.com\/ismaelcolosi.com.br\/wp-content\/uploads\/2023\/11\/inshot_20221101_084040702.jpg?fit=1200%2C868&ssl=1&resize=525%2C300 1.5x, https:\/\/i0.wp.com\/ismaelcolosi.com.br\/wp-content\/uploads\/2023\/11\/inshot_20221101_084040702.jpg?fit=1200%2C868&ssl=1&resize=700%2C400 2x, https:\/\/i0.wp.com\/ismaelcolosi.com.br\/wp-content\/uploads\/2023\/11\/inshot_20221101_084040702.jpg?fit=1200%2C868&ssl=1&resize=1050%2C600 3x"},"classes":[]}],"jetpack_sharing_enabled":true,"jetpack_shortlink":"https:\/\/wp.me\/pfMlyK-eMU","_links":{"self":[{"href":"https:\/\/ismaelcolosi.com.br\/index.php\/wp-json\/wp\/v2\/posts\/56848","targetHints":{"allow":["GET"]}}],"collection":[{"href":"https:\/\/ismaelcolosi.com.br\/index.php\/wp-json\/wp\/v2\/posts"}],"about":[{"href":"https:\/\/ismaelcolosi.com.br\/index.php\/wp-json\/wp\/v2\/types\/post"}],"author":[{"embeddable":true,"href":"https:\/\/ismaelcolosi.com.br\/index.php\/wp-json\/wp\/v2\/users\/1"}],"replies":[{"embeddable":true,"href":"https:\/\/ismaelcolosi.com.br\/index.php\/wp-json\/wp\/v2\/comments?post=56848"}],"version-history":[{"count":0,"href":"https:\/\/ismaelcolosi.com.br\/index.php\/wp-json\/wp\/v2\/posts\/56848\/revisions"}],"wp:featuredmedia":[{"embeddable":true,"href":"https:\/\/ismaelcolosi.com.br\/index.php\/wp-json\/wp\/v2\/media\/56849"}],"wp:attachment":[{"href":"https:\/\/ismaelcolosi.com.br\/index.php\/wp-json\/wp\/v2\/media?parent=56848"}],"wp:term":[{"taxonomy":"category","embeddable":true,"href":"https:\/\/ismaelcolosi.com.br\/index.php\/wp-json\/wp\/v2\/categories?post=56848"},{"taxonomy":"post_tag","embeddable":true,"href":"https:\/\/ismaelcolosi.com.br\/index.php\/wp-json\/wp\/v2\/tags?post=56848"}],"curies":[{"name":"wp","href":"https:\/\/api.w.org\/{rel}","templated":true}]}}