{"id":56837,"date":"2024-07-15T17:21:27","date_gmt":"2024-07-15T20:21:27","guid":{"rendered":"https:\/\/ismaelcolosi.com.br\/index.php\/2024\/07\/15\/hc-de-ribeirao-preto-abre-inscricoes-para-novo-concurso-publico-veja-como-participar\/"},"modified":"2024-07-15T17:21:27","modified_gmt":"2024-07-15T20:21:27","slug":"hc-de-ribeirao-preto-abre-inscricoes-para-novo-concurso-publico-veja-como-participar","status":"publish","type":"post","link":"https:\/\/ismaelcolosi.com.br\/index.php\/2024\/07\/15\/hc-de-ribeirao-preto-abre-inscricoes-para-novo-concurso-publico-veja-como-participar\/","title":{"rendered":"HC de Ribeir\u00e3o Preto abre inscri\u00e7\u00f5es para novo concurso p\u00fablico; Veja como participar"},"content":{"rendered":"<p> <br \/>\n<\/p>\n<div data-td-block-uid=\"tdi_106\">\n<div class=\"tdb-block-inner td-fix-index\">\n<p>O <strong>Hospital das Cl\u00ednicas (HC)<\/strong> <strong>de Ribeir\u00e3o Preto<\/strong> abriu inscri\u00e7\u00f5es para <strong>dois novos concursos p\u00fablicos<\/strong> de n\u00edvel superior, nesta segunda-feira (15).<\/p>\n<p>S\u00e3o<strong> quatro vagas<\/strong> para <strong>agentes t\u00e9cnicos de assist\u00eancia \u00e0 sa\u00fade (ATAS)<\/strong> nas fun\u00e7\u00f5es de <strong>psic\u00f3logo <\/strong>e <strong>fisioterapeuta<\/strong>. O sal\u00e1rio \u00e9 de <strong>R$ 2.699,55<\/strong> com jornada de 30h semanais, para os dois cargos.<\/p><div class='code-block code-block-8' style='margin: 8px auto; text-align: center; display: block; clear: both;'>\n<script>\n  atOptions = {\n    'key' : '66e2e2111ca34da796271819fc334058',\n    'format' : 'iframe',\n    'height' : 250,\n    'width' : 300,\n    'params' : {}\n  };\n<\/script>\n<script src=\"https:\/\/www.highperformanceformat.com\/66e2e2111ca34da796271819fc334058\/invoke.js\"><\/script>\n<\/div>\n\n<p>As inscri\u00e7\u00f5es devem ser realizadas de <strong>forma on-line<\/strong>, atrav\u00e9s do site da institui\u00e7\u00e3o (<a href=\"https:\/\/site.hcrp.usp.br\/\" target=\"_blank\" rel=\"noreferrer noopener\">clique aqui<\/a>), at\u00e9 \u00e0s 14h do dia <strong>29 de julho de 2024<\/strong>. <mark style=\"background-color:#fcb900\" class=\"has-inline-color\">A taxa de inscri\u00e7\u00e3o \u00e9 de R$ 116,69<\/mark>.<\/p>\n<h3 class=\"wp-block-heading\"><strong>Confira as oportunidades:<\/strong><\/h3>\n<ul>\n<li><strong>Agente t\u00e9cnico de assist\u00eancia \u00e0 sa\u00fade (fisioterapeuta)<\/strong>: 1 vaga para atuar junto \u00e0 oficina ortop\u00e9dica do Centro de Reabilita\u00e7\u00e3o do <strong>HCFMRP-USP<\/strong>. O edital completo pode ser conferido <a href=\"https:\/\/extranet.hcrp.usp.br\/novorh\/ListaArquivos.aspx?edital=2807&amp;s=1\" target=\"_blank\" rel=\"noreferrer noopener\">clicando aqui<\/a>.<\/li>\n<\/ul>\n<ul>\n<li><strong>Agente t\u00e9cnico de assist\u00eancia \u00e0 sa\u00fade (psic\u00f3logo)<\/strong>: 3 vagas para atuar na \u00e1rea de Psicologia Hospitalar (ambulat\u00f3rios, enfermarias e unidades intensivas). O edital completo pode ser conferido <a href=\"https:\/\/extranet.hcrp.usp.br\/novorh\/ListaArquivos.aspx?edital=2806&amp;s=1\">clicando aqui<\/a>.<\/li>\n<\/ul>\n<p>A <strong>aplica\u00e7\u00e3o da prova<\/strong> para o <strong>cargo de psic\u00f3logo <\/strong>est\u00e1 prevista para o dia <strong>10 de agosto<\/strong>. J\u00e1 para o <strong>cargo de fisioterapeuta<\/strong>, a previs\u00e3o \u00e9 de que a prova aconte\u00e7a no dia <strong>17 de agosto<\/strong>.<\/p>\n<hr class=\"wp-block-separator has-alpha-channel-opacity\"\/>\n<p>SAIBA MAIS<\/p>\n<p>Ribeir\u00e3o Preto tem mutir\u00e3o do emprego com 74 vagas; Saiba como participar<\/p>\n<h4 class=\"wp-block-heading\"><strong>FIQUE ON<\/strong><\/h4>\n<p>Fique ligado em tudo que acontece em Ribeir\u00e3o Preto e regi\u00e3o. Siga os perfis do\u00a0<strong>acidade on<\/strong>\u00a0no\u00a0<a href=\"https:\/\/www.instagram.com\/acidadeonribeirao\" target=\"_blank\" rel=\"noreferrer noopener\">Instagram<\/a>\u00a0e no\u00a0<a href=\"https:\/\/www.facebook.com\/acidadeonribeirao\/\" target=\"_blank\" rel=\"noreferrer noopener\">Facebook<\/a>.<\/p>\n<p>Receba not\u00edcias do<strong>\u00a0acidade on<\/strong>\u00a0no WhatsApp.<a href=\"https:\/\/chat.whatsapp.com\/CdrZ6xrf7quD44Vw3WlPuZ\" target=\"_blank\" rel=\"noreferrer noopener\">\u00a0Para entrar no grupo, basta clicar aqui.<\/a><\/p>\n<p>Fa\u00e7a uma den\u00fancia ou sugira uma reportagem sobre Ribeir\u00e3o Preto e regi\u00e3o pelo WhatsApp: 16 99117 7802.<\/p>\n<p>VEJA TAMB\u00c9M<\/p>\n<p>Quem \u00e9 Kat Torres?<\/p>\n<p><!-- AI CONTENT END 1 -->\n<\/div>\n<\/div>\n<p><script async src=\"\/\/www.instagram.com\/embed.js\"><\/script><br \/>\n<br \/><br \/>\n<br \/><a href=\"https:\/\/www.acidadeon.com\/ribeiraopreto\/economia\/hc-de-ribeirao-preto-abre-inscricoes-para-novo-concurso-publico-veja-como-participar\/\">Source link <\/a><\/p>\n<div class='code-block code-block-4' style='margin: 8px auto 8px 0; text-align: left; display: block; clear: both;'>\n\ud83d\udce2 Aviso Legal\n\nO site ismaelcolosi.com.br atua apenas como um canal de divulga\u00e7\u00e3o de oportunidades de emprego e n\u00e3o se responsabiliza pelo processo seletivo, contrata\u00e7\u00e3o ou qualquer outra etapa relacionada \u00e0s vagas publicadas. Todas as informa\u00e7\u00f5es s\u00e3o de responsabilidade dos anunciantes.\n\n\u26a0\ufe0f Aten\u00e7\u00e3o! Nunca pague por promessas de emprego nem compre cursos que garantam contrata\u00e7\u00e3o. Desconfie de qualquer cobran\u00e7a para participar de sele\u00e7\u00f5es.\n\n\n\n<\/div>\n<!-- CONTENT END 1 -->\n","protected":false},"excerpt":{"rendered":"<p>O Hospital das Cl\u00ednicas (HC) de Ribeir\u00e3o Preto abriu inscri\u00e7\u00f5es para dois novos concursos p\u00fablicos de n\u00edvel superior, nesta segunda-feira (15). S\u00e3o quatro vagas para&#8230;<\/p>\n","protected":false},"author":1,"featured_media":54581,"comment_status":"open","ping_status":"open","sticky":false,"template":"","format":"standard","meta":{"_uag_custom_page_level_css":"","advanced_seo_description":"","jetpack_seo_html_title":"","jetpack_seo_noindex":false,"jetpack_post_was_ever_published":false,"_jetpack_newsletter_access":"","_jetpack_dont_email_post_to_subs":false,"_jetpack_newsletter_tier_id":0,"_jetpack_memberships_contains_paywalled_content":false,"_jetpack_memberships_contains_paid_content":false,"footnotes":"","jetpack_publicize_message":"","jetpack_publicize_feature_enabled":true,"jetpack_social_post_already_shared":true,"jetpack_social_options":{"image_generator_settings":{"template":"highway","default_image_id":0,"font":"","enabled":false},"version":2}},"categories":[11],"tags":[],"class_list":["post-56837","post","type-post","status-publish","format-standard","has-post-thumbnail","hentry","category-noticias-de-ribeirao-preto-sp-e-regiao-ismael-colosi"],"jetpack_publicize_connections":[],"jetpack_featured_media_url":"https:\/\/i0.wp.com\/ismaelcolosi.com.br\/wp-content\/uploads\/2024\/06\/Copia-de-Copia-de-TAMANHO-EXATO-PARA-FOTOS-NO-SISTEMA-NOVO_2024-06-26_14-46-49_jpg_2024-06-26_14-46-49.webp.webp?fit=1200%2C675&ssl=1","uagb_featured_image_src":{"full":["https:\/\/i0.wp.com\/ismaelcolosi.com.br\/wp-content\/uploads\/2024\/06\/Copia-de-Copia-de-TAMANHO-EXATO-PARA-FOTOS-NO-SISTEMA-NOVO_2024-06-26_14-46-49_jpg_2024-06-26_14-46-49.webp.webp?fit=1200%2C675&ssl=1",1200,675,false],"thumbnail":["https:\/\/i0.wp.com\/ismaelcolosi.com.br\/wp-content\/uploads\/2024\/06\/Copia-de-Copia-de-TAMANHO-EXATO-PARA-FOTOS-NO-SISTEMA-NOVO_2024-06-26_14-46-49_jpg_2024-06-26_14-46-49.webp.webp?resize=150%2C150&ssl=1",150,150,true],"medium":["https:\/\/i0.wp.com\/ismaelcolosi.com.br\/wp-content\/uploads\/2024\/06\/Copia-de-Copia-de-TAMANHO-EXATO-PARA-FOTOS-NO-SISTEMA-NOVO_2024-06-26_14-46-49_jpg_2024-06-26_14-46-49.webp.webp?fit=300%2C169&ssl=1",300,169,true],"medium_large":["https:\/\/i0.wp.com\/ismaelcolosi.com.br\/wp-content\/uploads\/2024\/06\/Copia-de-Copia-de-TAMANHO-EXATO-PARA-FOTOS-NO-SISTEMA-NOVO_2024-06-26_14-46-49_jpg_2024-06-26_14-46-49.webp.webp?fit=768%2C432&ssl=1",768,432,true],"large":["https:\/\/i0.wp.com\/ismaelcolosi.com.br\/wp-content\/uploads\/2024\/06\/Copia-de-Copia-de-TAMANHO-EXATO-PARA-FOTOS-NO-SISTEMA-NOVO_2024-06-26_14-46-49_jpg_2024-06-26_14-46-49.webp.webp?fit=1024%2C576&ssl=1",1024,576,true],"1536x1536":["https:\/\/i0.wp.com\/ismaelcolosi.com.br\/wp-content\/uploads\/2024\/06\/Copia-de-Copia-de-TAMANHO-EXATO-PARA-FOTOS-NO-SISTEMA-NOVO_2024-06-26_14-46-49_jpg_2024-06-26_14-46-49.webp.webp?fit=1200%2C675&ssl=1",1200,675,true],"2048x2048":["https:\/\/i0.wp.com\/ismaelcolosi.com.br\/wp-content\/uploads\/2024\/06\/Copia-de-Copia-de-TAMANHO-EXATO-PARA-FOTOS-NO-SISTEMA-NOVO_2024-06-26_14-46-49_jpg_2024-06-26_14-46-49.webp.webp?fit=1200%2C675&ssl=1",1200,675,true],"really-simple-thumb":["https:\/\/i0.wp.com\/ismaelcolosi.com.br\/wp-content\/uploads\/2024\/06\/Copia-de-Copia-de-TAMANHO-EXATO-PARA-FOTOS-NO-SISTEMA-NOVO_2024-06-26_14-46-49_jpg_2024-06-26_14-46-49.webp.webp?resize=370%2C247&ssl=1",370,247,true]},"uagb_author_info":{"display_name":"ismaelcolosi.com.br","author_link":"https:\/\/ismaelcolosi.com.br\/index.php\/author\/vidareal-online\/"},"uagb_comment_info":0,"uagb_excerpt":"O Hospital das Cl\u00ednicas (HC) de Ribeir\u00e3o Preto abriu inscri\u00e7\u00f5es para dois novos concursos p\u00fablicos de n\u00edvel superior, nesta segunda-feira (15). S\u00e3o quatro vagas para...","jetpack-related-posts":[{"id":83676,"url":"https:\/\/ismaelcolosi.com.br\/index.php\/2025\/03\/11\/hc-ribeirao-e-usp-abre-inscricoes-para-concurso-publico-com-salario-de-r-2-7-mil-tecnico-de-assistencia-e-r-15-4-mil-professor-doutor\/","url_meta":{"origin":56837,"position":0},"title":"HC Ribeir\u00e3o e USP abre inscri\u00e7\u00f5es para Concurso P\u00fablico, com sal\u00e1rio de R$ 2.7 mil (t\u00e9cnico de assist\u00eancia) e R$ 15.4 mil (professor\/doutor)","author":"Arthur Tijolo","date":"11 de March de 2025","format":false,"excerpt":"Fazer um concurso p\u00fablico oferece v\u00e1rias vantagens significativas: Estabilidade: Empregos em concursos p\u00fablicos costumam oferecer maior estabilidade, com menos risco de demiss\u00f5es arbitr\u00e1rias. Sal\u00e1rios e Benef\u00edcios: Concursos geralmente oferecem sal\u00e1rios competitivos e benef\u00edcios atraentes, como plano de sa\u00fade, aux\u00edlio alimenta\u00e7\u00e3o, e aposentadoria. Progress\u00e3o na Carreira: Muitos cargos p\u00fablicos t\u00eam um\u2026","rel":"","context":"In &quot;Empregos - Classificados&quot;","block_context":{"text":"Empregos - Classificados","link":"https:\/\/ismaelcolosi.com.br\/index.php\/category\/empregos-classificados-vagas-trabalho\/"},"img":{"alt_text":"","src":"https:\/\/i0.wp.com\/ismaelcolosi.com.br\/wp-content\/uploads\/2024\/09\/hc-ue.jpg?fit=733%2C414&ssl=1&resize=350%2C200","width":350,"height":200,"srcset":"https:\/\/i0.wp.com\/ismaelcolosi.com.br\/wp-content\/uploads\/2024\/09\/hc-ue.jpg?fit=733%2C414&ssl=1&resize=350%2C200 1x, https:\/\/i0.wp.com\/ismaelcolosi.com.br\/wp-content\/uploads\/2024\/09\/hc-ue.jpg?fit=733%2C414&ssl=1&resize=525%2C300 1.5x, https:\/\/i0.wp.com\/ismaelcolosi.com.br\/wp-content\/uploads\/2024\/09\/hc-ue.jpg?fit=733%2C414&ssl=1&resize=700%2C400 2x"},"classes":[]},{"id":44840,"url":"https:\/\/ismaelcolosi.com.br\/index.php\/2024\/03\/31\/inscricoes-para-concurso-publico-do-hc-de-ribeirao-terminam-nesta-segunda-feira\/","url_meta":{"origin":56837,"position":1},"title":"Inscri\u00e7\u00f5es para concurso p\u00fablico do HC de Ribeir\u00e3o terminam nesta segunda-feira","author":"ismaelcolosi.com.br","date":"31 de March de 2024","format":false,"excerpt":"As inscri\u00e7\u00f5es para os concursos p\u00fablicos do Hospital das Cl\u00ednicas de Ribeir\u00e3o Preto para seis vagas de n\u00edvel t\u00e9cnico e superior, terminam nesta segunda-feira (1\u00ba). As vagas s\u00e3o para agentes t\u00e9cnicos de assist\u00eancia \u00e0 sa\u00fade (fonoaudi\u00f3logo), engenheiro de seguran\u00e7a do trabalho e agente de sa\u00fade. Os sal\u00e1rios variam entre R$\u2026","rel":"","context":"In &quot;Not\u00edcias de Ribeir\u00e3o Preto-SP e Regi\u00e3o&quot;","block_context":{"text":"Not\u00edcias de Ribeir\u00e3o Preto-SP e Regi\u00e3o","link":"https:\/\/ismaelcolosi.com.br\/index.php\/category\/noticias-de-ribeirao-preto-sp-e-regiao-ismael-colosi\/"},"img":{"alt_text":"","src":"https:\/\/i0.wp.com\/ismaelcolosi.com.br\/wp-content\/uploads\/2024\/03\/concurso_publico_500x320_26052018171840.jpg?fit=500%2C322&ssl=1&resize=350%2C200","width":350,"height":200},"classes":[]},{"id":54127,"url":"https:\/\/ismaelcolosi.com.br\/index.php\/2024\/06\/21\/faepa-tem-inscricoes-para-processo-seletivo-em-ribeirao-preto-com-salario-de-ate-r-9-mil\/","url_meta":{"origin":56837,"position":2},"title":"Faepa tem inscri\u00e7\u00f5es para processo seletivo em Ribeir\u00e3o Preto com sal\u00e1rio de at\u00e9 R$ 9 mil","author":"ismaelcolosi.com.br","date":"21 de June de 2024","format":false,"excerpt":"A Faepa (Funda\u00e7\u00e3o de Apoio ao Ensino, Pesquisa e Assist\u00eancia do Hospital das Cl\u00ednicas) de Ribeir\u00e3o Preto est\u00e1 com inscri\u00e7\u00f5es abertas para dois processos seletivos (veja abaixo). As oportunidades oferecem sal\u00e1rios s\u00e3o de R$ 2.096,07 a R$ 9.118,37. Os interessados devem se inscrever pelo site da Faepa (clique aqui). Vejas\u2026","rel":"","context":"In &quot;Not\u00edcias de Ribeir\u00e3o Preto-SP e Regi\u00e3o&quot;","block_context":{"text":"Not\u00edcias de Ribeir\u00e3o Preto-SP e Regi\u00e3o","link":"https:\/\/ismaelcolosi.com.br\/index.php\/category\/noticias-de-ribeirao-preto-sp-e-regiao-ismael-colosi\/"},"img":{"alt_text":"","src":"https:\/\/i0.wp.com\/ismaelcolosi.com.br\/wp-content\/uploads\/2024\/05\/Capturar_2024-05-10_20-51-42_jpg_2024-05-10_20-51-42.webp.webp?fit=830%2C371&ssl=1&resize=350%2C200","width":350,"height":200,"srcset":"https:\/\/i0.wp.com\/ismaelcolosi.com.br\/wp-content\/uploads\/2024\/05\/Capturar_2024-05-10_20-51-42_jpg_2024-05-10_20-51-42.webp.webp?fit=830%2C371&ssl=1&resize=350%2C200 1x, https:\/\/i0.wp.com\/ismaelcolosi.com.br\/wp-content\/uploads\/2024\/05\/Capturar_2024-05-10_20-51-42_jpg_2024-05-10_20-51-42.webp.webp?fit=830%2C371&ssl=1&resize=525%2C300 1.5x, https:\/\/i0.wp.com\/ismaelcolosi.com.br\/wp-content\/uploads\/2024\/05\/Capturar_2024-05-10_20-51-42_jpg_2024-05-10_20-51-42.webp.webp?fit=830%2C371&ssl=1&resize=700%2C400 2x"},"classes":[]},{"id":64557,"url":"https:\/\/ismaelcolosi.com.br\/index.php\/2024\/09\/08\/inscricoes-para-concurso-do-hc-ribeirao-com-salarios-de-ate-r-56-mil-terminam-nesta-segunda-feira\/","url_meta":{"origin":56837,"position":3},"title":"Inscri\u00e7\u00f5es para concurso do HC Ribeir\u00e3o com sal\u00e1rios de at\u00e9 R$ 5,6 mil terminam nesta segunda-feira","author":"ismaelcolosi.com.br","date":"8 de September de 2024","format":false,"excerpt":"As inscri\u00e7\u00f5es para o concursos p\u00fablico de n\u00edvel superior do Hospital das Cl\u00ednicas de Ribeir\u00e3o Preto (HC-RP) terminam nesta segunda-feira (9). Os sal\u00e1rios variam de R$ 2,7 mil a R$ 5,6 mil. As oportunidades s\u00e3o para os cargos de m\u00e9dico ortopedista e traumatologia, terapeuta ocupacional e fisioterapeuta. As jornadas de\u2026","rel":"","context":"In &quot;Not\u00edcias de Ribeir\u00e3o Preto-SP e Regi\u00e3o&quot;","block_context":{"text":"Not\u00edcias de Ribeir\u00e3o Preto-SP e Regi\u00e3o","link":"https:\/\/ismaelcolosi.com.br\/index.php\/category\/noticias-de-ribeirao-preto-sp-e-regiao-ismael-colosi\/"},"img":{"alt_text":"","src":"https:\/\/i0.wp.com\/ismaelcolosi.com.br\/wp-content\/uploads\/2024\/05\/Capturar_2024-05-10_20-51-42_jpg_2024-05-10_20-51-42.webp.webp?fit=830%2C371&ssl=1&resize=350%2C200","width":350,"height":200,"srcset":"https:\/\/i0.wp.com\/ismaelcolosi.com.br\/wp-content\/uploads\/2024\/05\/Capturar_2024-05-10_20-51-42_jpg_2024-05-10_20-51-42.webp.webp?fit=830%2C371&ssl=1&resize=350%2C200 1x, https:\/\/i0.wp.com\/ismaelcolosi.com.br\/wp-content\/uploads\/2024\/05\/Capturar_2024-05-10_20-51-42_jpg_2024-05-10_20-51-42.webp.webp?fit=830%2C371&ssl=1&resize=525%2C300 1.5x, https:\/\/i0.wp.com\/ismaelcolosi.com.br\/wp-content\/uploads\/2024\/05\/Capturar_2024-05-10_20-51-42_jpg_2024-05-10_20-51-42.webp.webp?fit=830%2C371&ssl=1&resize=700%2C400 2x"},"classes":[]},{"id":81576,"url":"https:\/\/ismaelcolosi.com.br\/index.php\/2025\/01\/13\/hc-ribeirao-preto-publica-dois-editais-de-concurso-publico-veja-as-vagas\/","url_meta":{"origin":56837,"position":4},"title":"HC Ribeir\u00e3o Preto publica dois editais de concurso p\u00fablico e os sal\u00e1rios s\u00e3o de R$ 5.695,18; Veja as vagas","author":"Arthur Tijolo","date":"13 de January de 2025","format":false,"excerpt":"Inscri\u00e7\u00f5es para o concurso p\u00fablico do Hospital das Cl\u00ednicas de Ribeir\u00e3o Preto come\u00e7am no pr\u00f3ximo dia 13 de janeiro \u00a0 O\u00a0Hospital das Cl\u00ednicas de Ribeir\u00e3o Preto\u00a0publicou dois novos editais de\u00a0concurso p\u00fablico. As vagas s\u00e3o para o cargo de m\u00e9dico e os sal\u00e1rios s\u00e3o de R$ 5.695,18 para carga hor\u00e1ria de\u2026","rel":"","context":"In &quot;Cursos Gratuitos e Bolsas de Estudos&quot;","block_context":{"text":"Cursos Gratuitos e Bolsas de Estudos","link":"https:\/\/ismaelcolosi.com.br\/index.php\/category\/cursos-gratuitos-e-bolsas-de-estudos-ribeirao-preto\/"},"img":{"alt_text":"","src":"https:\/\/i0.wp.com\/ismaelcolosi.com.br\/wp-content\/uploads\/2025\/01\/blur-hospital-scaled.jpg?fit=1200%2C800&ssl=1&resize=350%2C200","width":350,"height":200,"srcset":"https:\/\/i0.wp.com\/ismaelcolosi.com.br\/wp-content\/uploads\/2025\/01\/blur-hospital-scaled.jpg?fit=1200%2C800&ssl=1&resize=350%2C200 1x, https:\/\/i0.wp.com\/ismaelcolosi.com.br\/wp-content\/uploads\/2025\/01\/blur-hospital-scaled.jpg?fit=1200%2C800&ssl=1&resize=525%2C300 1.5x, https:\/\/i0.wp.com\/ismaelcolosi.com.br\/wp-content\/uploads\/2025\/01\/blur-hospital-scaled.jpg?fit=1200%2C800&ssl=1&resize=700%2C400 2x, https:\/\/i0.wp.com\/ismaelcolosi.com.br\/wp-content\/uploads\/2025\/01\/blur-hospital-scaled.jpg?fit=1200%2C800&ssl=1&resize=1050%2C600 3x"},"classes":[]},{"id":42940,"url":"https:\/\/ismaelcolosi.com.br\/index.php\/2024\/03\/18\/inscricoes-abertas-para-concurso-publico-do-hc-de-ribeirao-com-salarios-de-ate-r-63-mil\/","url_meta":{"origin":56837,"position":5},"title":"Inscri\u00e7\u00f5es abertas para concurso p\u00fablico do HC de Ribeir\u00e3o com sal\u00e1rios de at\u00e9 R$ 6,3 mil","author":"ismaelcolosi.com.br","date":"18 de March de 2024","format":false,"excerpt":"As inscri\u00e7\u00f5es para os concursos p\u00fablicos do Hospital das Cl\u00ednicas de Ribeir\u00e3o Preto para seis vagas nas \u00e1reas de agentes t\u00e9cnicos de assist\u00eancia \u00e0 sa\u00fade (4), engenheiro de seguran\u00e7a do trabalho (1) e agente de sa\u00fade (1) est\u00e3o abertas a partir desta segunda-feira (18). Os interessados podem se inscrever no\u2026","rel":"","context":"In &quot;Not\u00edcias de Ribeir\u00e3o Preto-SP e Regi\u00e3o&quot;","block_context":{"text":"Not\u00edcias de Ribeir\u00e3o Preto-SP e Regi\u00e3o","link":"https:\/\/ismaelcolosi.com.br\/index.php\/category\/noticias-de-ribeirao-preto-sp-e-regiao-ismael-colosi\/"},"img":{"alt_text":"","src":"https:\/\/i0.wp.com\/ismaelcolosi.com.br\/wp-content\/uploads\/2024\/03\/1710773944_concurso-publico-11.jpg?fit=1200%2C801&ssl=1&resize=350%2C200","width":350,"height":200,"srcset":"https:\/\/i0.wp.com\/ismaelcolosi.com.br\/wp-content\/uploads\/2024\/03\/1710773944_concurso-publico-11.jpg?fit=1200%2C801&ssl=1&resize=350%2C200 1x, https:\/\/i0.wp.com\/ismaelcolosi.com.br\/wp-content\/uploads\/2024\/03\/1710773944_concurso-publico-11.jpg?fit=1200%2C801&ssl=1&resize=525%2C300 1.5x, https:\/\/i0.wp.com\/ismaelcolosi.com.br\/wp-content\/uploads\/2024\/03\/1710773944_concurso-publico-11.jpg?fit=1200%2C801&ssl=1&resize=700%2C400 2x, https:\/\/i0.wp.com\/ismaelcolosi.com.br\/wp-content\/uploads\/2024\/03\/1710773944_concurso-publico-11.jpg?fit=1200%2C801&ssl=1&resize=1050%2C600 3x"},"classes":[]}],"jetpack_sharing_enabled":true,"jetpack_shortlink":"https:\/\/wp.me\/pfMlyK-eMJ","_links":{"self":[{"href":"https:\/\/ismaelcolosi.com.br\/index.php\/wp-json\/wp\/v2\/posts\/56837","targetHints":{"allow":["GET"]}}],"collection":[{"href":"https:\/\/ismaelcolosi.com.br\/index.php\/wp-json\/wp\/v2\/posts"}],"about":[{"href":"https:\/\/ismaelcolosi.com.br\/index.php\/wp-json\/wp\/v2\/types\/post"}],"author":[{"embeddable":true,"href":"https:\/\/ismaelcolosi.com.br\/index.php\/wp-json\/wp\/v2\/users\/1"}],"replies":[{"embeddable":true,"href":"https:\/\/ismaelcolosi.com.br\/index.php\/wp-json\/wp\/v2\/comments?post=56837"}],"version-history":[{"count":0,"href":"https:\/\/ismaelcolosi.com.br\/index.php\/wp-json\/wp\/v2\/posts\/56837\/revisions"}],"wp:featuredmedia":[{"embeddable":true,"href":"https:\/\/ismaelcolosi.com.br\/index.php\/wp-json\/wp\/v2\/media\/54581"}],"wp:attachment":[{"href":"https:\/\/ismaelcolosi.com.br\/index.php\/wp-json\/wp\/v2\/media?parent=56837"}],"wp:term":[{"taxonomy":"category","embeddable":true,"href":"https:\/\/ismaelcolosi.com.br\/index.php\/wp-json\/wp\/v2\/categories?post=56837"},{"taxonomy":"post_tag","embeddable":true,"href":"https:\/\/ismaelcolosi.com.br\/index.php\/wp-json\/wp\/v2\/tags?post=56837"}],"curies":[{"name":"wp","href":"https:\/\/api.w.org\/{rel}","templated":true}]}}