{"id":56833,"date":"2024-07-15T17:08:47","date_gmt":"2024-07-15T20:08:47","guid":{"rendered":"https:\/\/ismaelcolosi.com.br\/index.php\/2024\/07\/15\/professor-da-regiao-de-ribeirao-preto-e-encontrado-morto-em-trem-no-peru\/"},"modified":"2024-07-15T17:08:47","modified_gmt":"2024-07-15T20:08:47","slug":"professor-da-regiao-de-ribeirao-preto-e-encontrado-morto-em-trem-no-peru","status":"publish","type":"post","link":"https:\/\/ismaelcolosi.com.br\/index.php\/2024\/07\/15\/professor-da-regiao-de-ribeirao-preto-e-encontrado-morto-em-trem-no-peru\/","title":{"rendered":"Professor da regi\u00e3o de Ribeir\u00e3o Preto \u00e9 encontrado morto em trem no Peru"},"content":{"rendered":"<p> <br \/>\n<\/p>\n<div data-td-block-uid=\"tdi_106\">\n<div class=\"tdb-block-inner td-fix-index\">\n<p>O professor <strong>Cledersom Marques<\/strong>, de <strong>Franca<\/strong>, na regi\u00e3o de <strong>Ribeir\u00e3o Preto<\/strong>, foi encontrado morto dentro de um vag\u00e3o de trem no <strong>Peru<\/strong>, na \u00faltima sexta-feira (12). De acordo com a escola que o professor trabalhava,<mark style=\"background-color:#fcb900\" class=\"has-inline-color has-black-color\"> ele sofreu uma parada cardiorrespirat\u00f3ria.<\/mark><\/p>\n<p>O trem percorria a rota entre <strong>Machu Picchu<\/strong> e <strong>Ollantaytambo<\/strong>. Segundo testemunhas, Cledersom teria passado mal, por conta da altitude. O professor estava em viagem de f\u00e9rias no Peru.<\/p>\n<p>Em comunicado publicado nas redes sociais, a escola municipal Pedro Bordignon Neto, de Orl\u00e2ndia, onde o professor trabalhava, lamentou a perda de Cledersom.<\/p>\n<p>\u201cA todos os familiares e amigos, os nossos mais sinceros sentimentos. Sabemos como o professor Cledersom era uma pessoa admir\u00e1vel e que com certeza deixar\u00e1 um grande vazio no cora\u00e7\u00e3o de todos que tiveram a honra e o prazer de conhec\u00ea-lo\u201d, afirmou a escola.<\/p>\n<p>SAIBA MAIS<br \/>Ribeir\u00e3o Preto tem mutir\u00e3o do emprego com 74 vagas; Saiba como participar<\/p>\n<h4 class=\"wp-block-heading\"><strong>FIQUE ON<\/strong><\/h4>\n<p>Fique ligado em tudo que acontece em Ribeir\u00e3o Preto e regi\u00e3o. Siga os perfis do <strong>acidade on<\/strong> no<a href=\"https:\/\/www.instagram.com\/acidadeonribeirao\" target=\"_blank\" rel=\"noreferrer noopener nofollow\"> Instagram<\/a> e no <a href=\"https:\/\/www.facebook.com\/acidadeonribeirao\/\" target=\"_blank\" rel=\"noreferrer noopener nofollow\">Facebook<\/a>.<\/p>\n<p>Receba not\u00edcias do<strong> acidade on<\/strong> no WhatsApp. <a href=\"https:\/\/chat.whatsapp.com\/CdrZ6xrf7quD44Vw3WlPuZ\" target=\"_blank\" rel=\"noreferrer noopener nofollow\">Para entrar no grupo, basta clicar aqui.<\/a><\/p>\n<p>Fa\u00e7a uma den\u00fancia ou sugira uma reportagem sobre Ribeir\u00e3o Preto e regi\u00e3o pelo WhatsApp: 16 99117 7802.<\/p>\n<p>VEJA TAMB\u00c9M<br \/>Adriana Esteves aparece em foto com atual e ex-marido juntos<\/p>\n<p><!-- AI CONTENT END 1 -->\n<\/div>\n<\/div>\n<p><script async src=\"\/\/www.instagram.com\/embed.js\"><\/script><br \/>\n<br \/><br \/>\n<br \/><a href=\"https:\/\/www.acidadeon.com\/ribeiraopreto\/cotidiano\/professor-da-regiao-de-ribeirao-preto-e-encontrado-morto-em-trem-no-peru\/\">Source link <\/a><\/p>\n<div class='code-block code-block-4' style='margin: 8px auto 8px 0; text-align: left; display: block; clear: both;'>\n\ud83d\udce2 Aviso Legal\n\nO site ismaelcolosi.com.br atua apenas como um canal de divulga\u00e7\u00e3o de oportunidades de emprego e n\u00e3o se responsabiliza pelo processo seletivo, contrata\u00e7\u00e3o ou qualquer outra etapa relacionada \u00e0s vagas publicadas. Todas as informa\u00e7\u00f5es s\u00e3o de responsabilidade dos anunciantes.\n\n\u26a0\ufe0f Aten\u00e7\u00e3o! Nunca pague por promessas de emprego nem compre cursos que garantam contrata\u00e7\u00e3o. Desconfie de qualquer cobran\u00e7a para participar de sele\u00e7\u00f5es.\n\n\n\n<\/div>\n<!-- CONTENT END 1 -->\n","protected":false},"excerpt":{"rendered":"<p>O professor Cledersom Marques, de Franca, na regi\u00e3o de Ribeir\u00e3o Preto, foi encontrado morto dentro de um vag\u00e3o de trem no Peru, na \u00faltima sexta-feira&#8230;<\/p>\n","protected":false},"author":1,"featured_media":56834,"comment_status":"open","ping_status":"open","sticky":false,"template":"","format":"standard","meta":{"_uag_custom_page_level_css":"","advanced_seo_description":"","jetpack_seo_html_title":"","jetpack_seo_noindex":false,"jetpack_post_was_ever_published":false,"_jetpack_newsletter_access":"","_jetpack_dont_email_post_to_subs":false,"_jetpack_newsletter_tier_id":0,"_jetpack_memberships_contains_paywalled_content":false,"_jetpack_memberships_contains_paid_content":false,"footnotes":"","jetpack_publicize_message":"","jetpack_publicize_feature_enabled":true,"jetpack_social_post_already_shared":true,"jetpack_social_options":{"image_generator_settings":{"template":"highway","default_image_id":0,"font":"","enabled":false},"version":2}},"categories":[11],"tags":[],"class_list":["post-56833","post","type-post","status-publish","format-standard","has-post-thumbnail","hentry","category-noticias-de-ribeirao-preto-sp-e-regiao-ismael-colosi"],"jetpack_publicize_connections":[],"jetpack_featured_media_url":"https:\/\/i0.wp.com\/ismaelcolosi.com.br\/wp-content\/uploads\/2024\/07\/cledersom-marques_2024-07-15_19-56-01_jpeg_2024-07-15_19-56-02.webp.webp?fit=1920%2C1079&ssl=1","uagb_featured_image_src":{"full":["https:\/\/i0.wp.com\/ismaelcolosi.com.br\/wp-content\/uploads\/2024\/07\/cledersom-marques_2024-07-15_19-56-01_jpeg_2024-07-15_19-56-02.webp.webp?fit=1920%2C1079&ssl=1",1920,1079,false],"thumbnail":["https:\/\/i0.wp.com\/ismaelcolosi.com.br\/wp-content\/uploads\/2024\/07\/cledersom-marques_2024-07-15_19-56-01_jpeg_2024-07-15_19-56-02.webp.webp?resize=150%2C150&ssl=1",150,150,true],"medium":["https:\/\/i0.wp.com\/ismaelcolosi.com.br\/wp-content\/uploads\/2024\/07\/cledersom-marques_2024-07-15_19-56-01_jpeg_2024-07-15_19-56-02.webp.webp?fit=300%2C169&ssl=1",300,169,true],"medium_large":["https:\/\/i0.wp.com\/ismaelcolosi.com.br\/wp-content\/uploads\/2024\/07\/cledersom-marques_2024-07-15_19-56-01_jpeg_2024-07-15_19-56-02.webp.webp?fit=768%2C432&ssl=1",768,432,true],"large":["https:\/\/i0.wp.com\/ismaelcolosi.com.br\/wp-content\/uploads\/2024\/07\/cledersom-marques_2024-07-15_19-56-01_jpeg_2024-07-15_19-56-02.webp.webp?fit=1024%2C575&ssl=1",1024,575,true],"1536x1536":["https:\/\/i0.wp.com\/ismaelcolosi.com.br\/wp-content\/uploads\/2024\/07\/cledersom-marques_2024-07-15_19-56-01_jpeg_2024-07-15_19-56-02.webp.webp?fit=1536%2C863&ssl=1",1536,863,true],"2048x2048":["https:\/\/i0.wp.com\/ismaelcolosi.com.br\/wp-content\/uploads\/2024\/07\/cledersom-marques_2024-07-15_19-56-01_jpeg_2024-07-15_19-56-02.webp.webp?fit=1920%2C1079&ssl=1",1920,1079,true],"really-simple-thumb":["https:\/\/i0.wp.com\/ismaelcolosi.com.br\/wp-content\/uploads\/2024\/07\/cledersom-marques_2024-07-15_19-56-01_jpeg_2024-07-15_19-56-02.webp.webp?resize=370%2C247&ssl=1",370,247,true]},"uagb_author_info":{"display_name":"ismaelcolosi.com.br","author_link":"https:\/\/ismaelcolosi.com.br\/index.php\/author\/vidareal-online\/"},"uagb_comment_info":0,"uagb_excerpt":"O professor Cledersom Marques, de Franca, na regi\u00e3o de Ribeir\u00e3o Preto, foi encontrado morto dentro de um vag\u00e3o de trem no Peru, na \u00faltima sexta-feira...","jetpack-related-posts":[{"id":56860,"url":"https:\/\/ismaelcolosi.com.br\/index.php\/2024\/07\/15\/o-que-se-sabe-sobre-professor-do-interior-de-sp-encontrado-morto-em-trem-no-peru\/","url_meta":{"origin":56833,"position":0},"title":"O que se sabe sobre professor do interior de SP encontrado morto em trem no Peru","author":"ismaelcolosi.com.br","date":"15 de July de 2024","format":false,"excerpt":"Um turista brasileiro foi encontrado morto dentro de um vag\u00e3o de trem no Peru, na \u00faltima sexta-feira (12). Cledersom Marques era de Franca, cidade na regi\u00e3o de Ribeir\u00e3o Preto. Conforme a Ag\u00eancia Andina, o homem teria tido um ataque card\u00edaco enquanto o trem percorria a rota entre Machu Picchu e\u2026","rel":"","context":"In &quot;Not\u00edcias de Ribeir\u00e3o Preto-SP e Regi\u00e3o&quot;","block_context":{"text":"Not\u00edcias de Ribeir\u00e3o Preto-SP e Regi\u00e3o","link":"https:\/\/ismaelcolosi.com.br\/index.php\/category\/noticias-de-ribeirao-preto-sp-e-regiao-ismael-colosi\/"},"img":{"alt_text":"","src":"https:\/\/i0.wp.com\/ismaelcolosi.com.br\/wp-content\/uploads\/2024\/07\/Copia-de-Copia-de-TAMANHO-EXATO-PARA-FOTOS-NO-SISTEMA-NOVO-2024-07-15T211400.875_2024-07-16_00-14-10_png_2024-07-16_00-14-10.webp.webp?fit=1200%2C675&ssl=1&resize=350%2C200","width":350,"height":200,"srcset":"https:\/\/i0.wp.com\/ismaelcolosi.com.br\/wp-content\/uploads\/2024\/07\/Copia-de-Copia-de-TAMANHO-EXATO-PARA-FOTOS-NO-SISTEMA-NOVO-2024-07-15T211400.875_2024-07-16_00-14-10_png_2024-07-16_00-14-10.webp.webp?fit=1200%2C675&ssl=1&resize=350%2C200 1x, https:\/\/i0.wp.com\/ismaelcolosi.com.br\/wp-content\/uploads\/2024\/07\/Copia-de-Copia-de-TAMANHO-EXATO-PARA-FOTOS-NO-SISTEMA-NOVO-2024-07-15T211400.875_2024-07-16_00-14-10_png_2024-07-16_00-14-10.webp.webp?fit=1200%2C675&ssl=1&resize=525%2C300 1.5x, https:\/\/i0.wp.com\/ismaelcolosi.com.br\/wp-content\/uploads\/2024\/07\/Copia-de-Copia-de-TAMANHO-EXATO-PARA-FOTOS-NO-SISTEMA-NOVO-2024-07-15T211400.875_2024-07-16_00-14-10_png_2024-07-16_00-14-10.webp.webp?fit=1200%2C675&ssl=1&resize=700%2C400 2x, https:\/\/i0.wp.com\/ismaelcolosi.com.br\/wp-content\/uploads\/2024\/07\/Copia-de-Copia-de-TAMANHO-EXATO-PARA-FOTOS-NO-SISTEMA-NOVO-2024-07-15T211400.875_2024-07-16_00-14-10_png_2024-07-16_00-14-10.webp.webp?fit=1200%2C675&ssl=1&resize=1050%2C600 3x"},"classes":[]},{"id":56866,"url":"https:\/\/ismaelcolosi.com.br\/index.php\/2024\/07\/16\/alerta-de-perigo-potencial-e-renovado-no-interior-de-sp-veja-previsao-do-tempo\/","url_meta":{"origin":56833,"position":1},"title":"Alerta de perigo potencial \u00e9 renovado no interior de SP; Veja previs\u00e3o do tempo","author":"ismaelcolosi.com.br","date":"16 de July de 2024","format":false,"excerpt":"O Inmet (Instituto Nacional de Meteorologia) renovou o alerta de perigo potencial para a baixa umidade do ar em parte do interior de S\u00e3o Paulo. O novo aviso tem validade entre 11h e 19h desta ter\u00e7a-feira (16), e inclui Ribeir\u00e3o Preto e cidades da regi\u00e3o. O alerta \u00e9 na cor\u2026","rel":"","context":"In &quot;Not\u00edcias de Ribeir\u00e3o Preto-SP e Regi\u00e3o&quot;","block_context":{"text":"Not\u00edcias de Ribeir\u00e3o Preto-SP e Regi\u00e3o","link":"https:\/\/ismaelcolosi.com.br\/index.php\/category\/noticias-de-ribeirao-preto-sp-e-regiao-ismael-colosi\/"},"img":{"alt_text":"","src":"https:\/\/i0.wp.com\/ismaelcolosi.com.br\/wp-content\/uploads\/2024\/07\/calor-onda.jpeg?fit=1200%2C675&ssl=1&resize=350%2C200","width":350,"height":200,"srcset":"https:\/\/i0.wp.com\/ismaelcolosi.com.br\/wp-content\/uploads\/2024\/07\/calor-onda.jpeg?fit=1200%2C675&ssl=1&resize=350%2C200 1x, https:\/\/i0.wp.com\/ismaelcolosi.com.br\/wp-content\/uploads\/2024\/07\/calor-onda.jpeg?fit=1200%2C675&ssl=1&resize=525%2C300 1.5x, https:\/\/i0.wp.com\/ismaelcolosi.com.br\/wp-content\/uploads\/2024\/07\/calor-onda.jpeg?fit=1200%2C675&ssl=1&resize=700%2C400 2x, https:\/\/i0.wp.com\/ismaelcolosi.com.br\/wp-content\/uploads\/2024\/07\/calor-onda.jpeg?fit=1200%2C675&ssl=1&resize=1050%2C600 3x"},"classes":[]},{"id":53076,"url":"https:\/\/ismaelcolosi.com.br\/index.php\/2024\/06\/13\/ribeirao-preto-se-despede-do-professor-e-jornalista-sergio-degrande-junior\/","url_meta":{"origin":56833,"position":2},"title":"Ribeir\u00e3o Preto se despede do professor e jornalista S\u00e9rgio Degrande J\u00fanior","author":"ismaelcolosi.com.br","date":"13 de June de 2024","format":false,"excerpt":"O professor e jornalista S\u00e9rgio Degrande J\u00fanior morreu nesta quinta-feira (12), aos 64 anos, em Ribeir\u00e3o Preto. Ele havia sido acometido por uma anemia e infec\u00e7\u00e3o urin\u00e1ria em abril deste ano. A causa da morte, contudo, n\u00e3o foi informada. O corpo de Degrande est\u00e1 no Vel\u00f3rio Samaritano, na rua Fl\u00e1vio\u2026","rel":"","context":"In &quot;Not\u00edcias de Ribeir\u00e3o Preto-SP e Regi\u00e3o&quot;","block_context":{"text":"Not\u00edcias de Ribeir\u00e3o Preto-SP e Regi\u00e3o","link":"https:\/\/ismaelcolosi.com.br\/index.php\/category\/noticias-de-ribeirao-preto-sp-e-regiao-ismael-colosi\/"},"img":{"alt_text":"","src":"https:\/\/i0.wp.com\/ismaelcolosi.com.br\/wp-content\/uploads\/2024\/06\/SERGIO-DEGRANDE_2024-06-13_13-42-57_jpg_2024-06-13_13-42-58.webp.webp?fit=1200%2C981&ssl=1&resize=350%2C200","width":350,"height":200,"srcset":"https:\/\/i0.wp.com\/ismaelcolosi.com.br\/wp-content\/uploads\/2024\/06\/SERGIO-DEGRANDE_2024-06-13_13-42-57_jpg_2024-06-13_13-42-58.webp.webp?fit=1200%2C981&ssl=1&resize=350%2C200 1x, https:\/\/i0.wp.com\/ismaelcolosi.com.br\/wp-content\/uploads\/2024\/06\/SERGIO-DEGRANDE_2024-06-13_13-42-57_jpg_2024-06-13_13-42-58.webp.webp?fit=1200%2C981&ssl=1&resize=525%2C300 1.5x, https:\/\/i0.wp.com\/ismaelcolosi.com.br\/wp-content\/uploads\/2024\/06\/SERGIO-DEGRANDE_2024-06-13_13-42-57_jpg_2024-06-13_13-42-58.webp.webp?fit=1200%2C981&ssl=1&resize=700%2C400 2x, https:\/\/i0.wp.com\/ismaelcolosi.com.br\/wp-content\/uploads\/2024\/06\/SERGIO-DEGRANDE_2024-06-13_13-42-57_jpg_2024-06-13_13-42-58.webp.webp?fit=1200%2C981&ssl=1&resize=1050%2C600 3x"},"classes":[]},{"id":69512,"url":"https:\/\/ismaelcolosi.com.br\/index.php\/2024\/10\/06\/problemas-nas-urnas-e-muito-lixo-veja-como-foi-o-inicio-das-eleicoes-em-ribeirao-preto\/","url_meta":{"origin":56833,"position":3},"title":"Problemas nas urnas e muito lixo: Veja como foi o in\u00edcio das elei\u00e7\u00f5es em Ribeir\u00e3o Preto","author":"ismaelcolosi.com.br","date":"6 de October de 2024","format":false,"excerpt":"O 1\u00ba turno das elei\u00e7\u00f5es municipais de 2024 acontece neste domingo (6), desde \u00e0s 8h. As se\u00e7\u00f5es eleitorais de Ribeir\u00e3o Preto registraram problemas e substitui\u00e7\u00f5es de urnas, al\u00e9m de muito lixo pr\u00f3ximo aos locais de vota\u00e7\u00e3o. Problemas nas urnas Na Escola Guimar\u00e3es J\u00fanior, na \u00e1rea central da cidade, houve um\u2026","rel":"","context":"In &quot;Not\u00edcias de Ribeir\u00e3o Preto-SP e Regi\u00e3o&quot;","block_context":{"text":"Not\u00edcias de Ribeir\u00e3o Preto-SP e Regi\u00e3o","link":"https:\/\/ismaelcolosi.com.br\/index.php\/category\/noticias-de-ribeirao-preto-sp-e-regiao-ismael-colosi\/"},"img":{"alt_text":"","src":"https:\/\/i0.wp.com\/ismaelcolosi.com.br\/wp-content\/uploads\/2024\/10\/Copia-de-Copia-de-Copia-de-TAMANHO-EXATO-PARA-FOTOS-NO-SISTEMA-NOVO-4_2024-10-06_13-48-22_png_2024-10-06_13-48-22.webp.webp?fit=1200%2C675&ssl=1&resize=350%2C200","width":350,"height":200,"srcset":"https:\/\/i0.wp.com\/ismaelcolosi.com.br\/wp-content\/uploads\/2024\/10\/Copia-de-Copia-de-Copia-de-TAMANHO-EXATO-PARA-FOTOS-NO-SISTEMA-NOVO-4_2024-10-06_13-48-22_png_2024-10-06_13-48-22.webp.webp?fit=1200%2C675&ssl=1&resize=350%2C200 1x, https:\/\/i0.wp.com\/ismaelcolosi.com.br\/wp-content\/uploads\/2024\/10\/Copia-de-Copia-de-Copia-de-TAMANHO-EXATO-PARA-FOTOS-NO-SISTEMA-NOVO-4_2024-10-06_13-48-22_png_2024-10-06_13-48-22.webp.webp?fit=1200%2C675&ssl=1&resize=525%2C300 1.5x, https:\/\/i0.wp.com\/ismaelcolosi.com.br\/wp-content\/uploads\/2024\/10\/Copia-de-Copia-de-Copia-de-TAMANHO-EXATO-PARA-FOTOS-NO-SISTEMA-NOVO-4_2024-10-06_13-48-22_png_2024-10-06_13-48-22.webp.webp?fit=1200%2C675&ssl=1&resize=700%2C400 2x, https:\/\/i0.wp.com\/ismaelcolosi.com.br\/wp-content\/uploads\/2024\/10\/Copia-de-Copia-de-Copia-de-TAMANHO-EXATO-PARA-FOTOS-NO-SISTEMA-NOVO-4_2024-10-06_13-48-22_png_2024-10-06_13-48-22.webp.webp?fit=1200%2C675&ssl=1&resize=1050%2C600 3x"},"classes":[]},{"id":57235,"url":"https:\/\/ismaelcolosi.com.br\/index.php\/2024\/07\/18\/saiba-qual-escola-de-ribeirao-preto-pode-aderir-ao-programa-de-ensino-civico-militar\/","url_meta":{"origin":56833,"position":4},"title":"Saiba qual escola de Ribeir\u00e3o Preto pode aderir ao programa de ensino c\u00edvico-militar","author":"ismaelcolosi.com.br","date":"18 de July de 2024","format":false,"excerpt":"O Governo de S\u00e3o Paulo divulgou nesta quinta-feira (18) que uma escola de Ribeir\u00e3o Preto ter\u00e1 consulta sobre a ades\u00e3o do programa do ensino c\u00edvico-militar. Na regi\u00e3o, s\u00e3o 12 escolas que passar\u00e3o pela consulta. Segundo a Secretaria da Educa\u00e7\u00e3o de S\u00e3o Paulo, o programa pretende contar com 45 escolas a\u2026","rel":"","context":"In &quot;Not\u00edcias de Ribeir\u00e3o Preto-SP e Regi\u00e3o&quot;","block_context":{"text":"Not\u00edcias de Ribeir\u00e3o Preto-SP e Regi\u00e3o","link":"https:\/\/ismaelcolosi.com.br\/index.php\/category\/noticias-de-ribeirao-preto-sp-e-regiao-ismael-colosi\/"},"img":{"alt_text":"","src":"https:\/\/i0.wp.com\/ismaelcolosi.com.br\/wp-content\/uploads\/2024\/07\/escola-civico-militar-ribeirao-preto_2024-07-18_20-35-09_jpg_2024-07-18_20-35-10.webp.webp?fit=1020%2C766&ssl=1&resize=350%2C200","width":350,"height":200,"srcset":"https:\/\/i0.wp.com\/ismaelcolosi.com.br\/wp-content\/uploads\/2024\/07\/escola-civico-militar-ribeirao-preto_2024-07-18_20-35-09_jpg_2024-07-18_20-35-10.webp.webp?fit=1020%2C766&ssl=1&resize=350%2C200 1x, https:\/\/i0.wp.com\/ismaelcolosi.com.br\/wp-content\/uploads\/2024\/07\/escola-civico-militar-ribeirao-preto_2024-07-18_20-35-09_jpg_2024-07-18_20-35-10.webp.webp?fit=1020%2C766&ssl=1&resize=525%2C300 1.5x, https:\/\/i0.wp.com\/ismaelcolosi.com.br\/wp-content\/uploads\/2024\/07\/escola-civico-militar-ribeirao-preto_2024-07-18_20-35-09_jpg_2024-07-18_20-35-10.webp.webp?fit=1020%2C766&ssl=1&resize=700%2C400 2x"},"classes":[]},{"id":8817,"url":"https:\/\/ismaelcolosi.com.br\/index.php\/2023\/11\/30\/ribeirao-preto-tem-chegada-do-papai-noel-com-trem-iluminado-de-natal\/","url_meta":{"origin":56833,"position":5},"title":"Ribeir\u00e3o Preto tem chegada do Papai Noel com trem iluminado de Natal","author":"ismaelcolosi.com.br","date":"30 de November de 2023","format":false,"excerpt":"O Papai Noel vai fazer uma visita aos moradores do Avelino Palma, na zona Norte de Ribeir\u00e3o Preto, nesta sexta-feira (1\u00ba de dezembro). O bom velhinho vai chegar no bairro com o trem iluminado de Natal da VLI \u2013 concession\u00e1ria de ferrovias. A chegada da locomotiva iluminada est\u00e1 prevista para\u2026","rel":"","context":"In &quot;Not\u00edcias de Ribeir\u00e3o Preto-SP e Regi\u00e3o&quot;","block_context":{"text":"Not\u00edcias de Ribeir\u00e3o Preto-SP e Regi\u00e3o","link":"https:\/\/ismaelcolosi.com.br\/index.php\/category\/noticias-de-ribeirao-preto-sp-e-regiao-ismael-colosi\/"},"img":{"alt_text":"","src":"https:\/\/i0.wp.com\/ismaelcolosi.com.br\/wp-content\/uploads\/2023\/11\/trem-de-natal.jpg?fit=1200%2C801&ssl=1&resize=350%2C200","width":350,"height":200,"srcset":"https:\/\/i0.wp.com\/ismaelcolosi.com.br\/wp-content\/uploads\/2023\/11\/trem-de-natal.jpg?fit=1200%2C801&ssl=1&resize=350%2C200 1x, https:\/\/i0.wp.com\/ismaelcolosi.com.br\/wp-content\/uploads\/2023\/11\/trem-de-natal.jpg?fit=1200%2C801&ssl=1&resize=525%2C300 1.5x, https:\/\/i0.wp.com\/ismaelcolosi.com.br\/wp-content\/uploads\/2023\/11\/trem-de-natal.jpg?fit=1200%2C801&ssl=1&resize=700%2C400 2x, https:\/\/i0.wp.com\/ismaelcolosi.com.br\/wp-content\/uploads\/2023\/11\/trem-de-natal.jpg?fit=1200%2C801&ssl=1&resize=1050%2C600 3x"},"classes":[]}],"jetpack_sharing_enabled":true,"jetpack_shortlink":"https:\/\/wp.me\/pfMlyK-eMF","_links":{"self":[{"href":"https:\/\/ismaelcolosi.com.br\/index.php\/wp-json\/wp\/v2\/posts\/56833","targetHints":{"allow":["GET"]}}],"collection":[{"href":"https:\/\/ismaelcolosi.com.br\/index.php\/wp-json\/wp\/v2\/posts"}],"about":[{"href":"https:\/\/ismaelcolosi.com.br\/index.php\/wp-json\/wp\/v2\/types\/post"}],"author":[{"embeddable":true,"href":"https:\/\/ismaelcolosi.com.br\/index.php\/wp-json\/wp\/v2\/users\/1"}],"replies":[{"embeddable":true,"href":"https:\/\/ismaelcolosi.com.br\/index.php\/wp-json\/wp\/v2\/comments?post=56833"}],"version-history":[{"count":0,"href":"https:\/\/ismaelcolosi.com.br\/index.php\/wp-json\/wp\/v2\/posts\/56833\/revisions"}],"wp:featuredmedia":[{"embeddable":true,"href":"https:\/\/ismaelcolosi.com.br\/index.php\/wp-json\/wp\/v2\/media\/56834"}],"wp:attachment":[{"href":"https:\/\/ismaelcolosi.com.br\/index.php\/wp-json\/wp\/v2\/media?parent=56833"}],"wp:term":[{"taxonomy":"category","embeddable":true,"href":"https:\/\/ismaelcolosi.com.br\/index.php\/wp-json\/wp\/v2\/categories?post=56833"},{"taxonomy":"post_tag","embeddable":true,"href":"https:\/\/ismaelcolosi.com.br\/index.php\/wp-json\/wp\/v2\/tags?post=56833"}],"curies":[{"name":"wp","href":"https:\/\/api.w.org\/{rel}","templated":true}]}}