{"id":56828,"date":"2024-07-15T16:35:48","date_gmt":"2024-07-15T19:35:48","guid":{"rendered":"https:\/\/ismaelcolosi.com.br\/index.php\/2024\/07\/15\/quem-foi-camilo-de-mattos-ex-prefeito-de-ribeirao-preto-que-teve-busto-de-bronze-furtado\/"},"modified":"2024-07-15T16:35:48","modified_gmt":"2024-07-15T19:35:48","slug":"quem-foi-camilo-de-mattos-ex-prefeito-de-ribeirao-preto-que-teve-busto-de-bronze-furtado","status":"publish","type":"post","link":"https:\/\/ismaelcolosi.com.br\/index.php\/2024\/07\/15\/quem-foi-camilo-de-mattos-ex-prefeito-de-ribeirao-preto-que-teve-busto-de-bronze-furtado\/","title":{"rendered":"Quem foi Camilo de Mattos? Ex-prefeito de Ribeir\u00e3o Preto que teve busto de bronze\u00a0furtado"},"content":{"rendered":"<p> <br \/>\n<\/p>\n<div>\n<p><strong>Joaquim Camilo de Moraes Mattos<\/strong>, mais conhecido como <strong>Camilo de Mattos<\/strong>, foi prefeito, vice-prefeito, vereador e presidente da C\u00e2mara Municipal de <strong>Ribeir\u00e3o Preto<\/strong>.<\/p>\n<p>Na \u00faltima sexta-feira (12), o <strong>busto do pol\u00edtico foi furtado de um pedestal na Pra\u00e7a XV de Novembro<\/strong>, no Centro do munic\u00edpio. A obra <strong>foi localizada na manh\u00e3 desta segunda-feira (15)<\/strong>, de acordo com a <strong>Secretaria Municipal da Cultura e Turismo<\/strong>.<\/p>\n<p><strong>Camilo de Mattos<\/strong> nasceu em 1892, em <strong>Rio Novo (MG)<\/strong>. Mudou-se para a cidade de <strong>S\u00e3o Paulo<\/strong>, ainda na juventude, para estudar na <strong>Faculdade de Direito do Largo de S\u00e3o Francisco<\/strong> e <mark style=\"background-color:#fcb900\" class=\"has-inline-color\">veio para <strong>Ribeir\u00e3o Preto<\/strong> \u00e0 convite do Dr. Arthur Soares de Moura, por volta de 1917.<\/mark><\/p>\n<p>Ao retornar para o munic\u00edpio do interior paulista, foi nomeado <strong>delegado de Cravinhos<\/strong>, cidade a aproximadamente 23 quil\u00f4metros de Ribeir\u00e3o. Em <strong>1919 <\/strong>se casou com <strong>Maria das Dores Gomes de Mattos<\/strong> e teve quatro filhos: <strong>Luiz Augusto Gomes de Mattos<\/strong>; Maria Camila; C\u00e9lia C\u00e9lia Gomes de Mattos e Nilza Gomes de Mattos.<\/p>\n<h3 class=\"wp-block-heading\"><strong>Vida pol\u00edtica<\/strong><\/h3>\n<p>De acordo com documenta\u00e7\u00e3o do <strong>Conselho de Preserva\u00e7\u00e3o do Patrim\u00f4nio Cultural (Conppac)<\/strong>, <mark style=\"background-color:#fcb900\" class=\"has-inline-color\"><strong>Camilo de Mattos foi vice-prefeito, vereador e presidente da C\u00e2mara Municipal de Ribeir\u00e3o Preto.<\/strong><\/mark><\/p>\n<p>Em abril de <strong>1929<\/strong>, assumiu o cargo de <strong>Prefeito do munic\u00edpio<\/strong>, devido \u00e0 ren\u00fancia do prefeito Jos\u00e9 Martimiano da Silva. Contudo, <strong>deixou a posi\u00e7\u00e3o em outubro do ano seguinte<\/strong>, devido a <strong>Revolu\u00e7\u00e3o de 1930<\/strong>.<\/p>\n<figure class=\"wp-block-pullquote\">\n<blockquote>\n<p>Afastando-se da pol\u00edtica atuou como consultor jur\u00eddico das Usinas Junqueira, em Igarapava (SP); foi Presidente da Associa\u00e7\u00e3o dos Motoristas de Pra\u00e7a de Ribeir\u00e3o Preto e foi ainda um dos fundadores do Hospital S\u00e3o Francisco<\/p>\n<p><cite>Conselho de Preserva\u00e7\u00e3o do Patrim\u00f4nio Cultural de Ribeir\u00e3o Preto<\/cite><\/p><\/blockquote>\n<\/figure>\n<p>Em <strong>1944<\/strong>, viu seu filho <strong>Luiz Augusto Gomes de Mattos<\/strong> seguir seus passos e <strong>assumir o cargo de prefeito<\/strong> do munic\u00edpio que governou. Faleceu em <strong>Ribeir\u00e3o Preto<\/strong>, em <strong>1945<\/strong>.<\/p>\n<h4 class=\"wp-block-heading\"><strong>Palacete Camilo de Mattos<\/strong><\/h4>\n<p>O <strong>palacete<\/strong>, que fica no cruzamento das ruas Duque de Caxias e Tibiri\u00e7\u00e1, foi a <strong>resid\u00eancia de Camilo de Mattos<\/strong> e, posteriormente, de seu filho <strong>Luiz Augusto de Mattos<\/strong>. <mark style=\"background-color:#fcb900\" class=\"has-inline-color\">Foi tombado  em 2008, pelo <strong>Conppac<\/strong> <strong>de Ribeir\u00e3o Preto<\/strong>.<\/mark><\/p>\n<p>O im\u00f3vel possui <strong>19 c\u00f4modos<\/strong> e segue o modelo <strong>tripartido<\/strong>, divido em <strong>\u00e1reas sociais<\/strong> (escrit\u00f3rio, hall, sala de visitas e de jantar), <strong>\u00edntimas <\/strong>(quartos no pavimento superior) e de <strong>servi\u00e7os <\/strong>(cozinha e dispensa), al\u00e9m de uma pequena casa nos fundos do terreno para funcion\u00e1rios e garagem para autom\u00f3vel.<\/p>\n<p>O local \u00e9 um dos <strong>\u00faltimos exemplares desta tipologia de resid\u00eancias<\/strong>, com caracter\u00edsticas burguesas, constru\u00eddas no in\u00edcio do s\u00e9culo XX. A maioria j\u00e1 foi demolida para dar lugar a grandes edif\u00edcios e estacionamentos.<\/p>\n<p>Em <strong>2017<\/strong>, o pr\u00e9dio foi adquirido pelos empres\u00e1rios Ricardo e Marcos Mattos, que se propuseram a <strong>restaurar o pr\u00e9dio e deix\u00e1-lo com a arquitetura original<\/strong>. A primeira etapa de <strong>restauro do palacete<\/strong> foi entregue durante o anivers\u00e1rio de<strong> 168 anos de Ribeir\u00e3o Preto<\/strong>, celebrado em <strong>junho de 2024<\/strong>.<\/p>\n<hr class=\"wp-block-separator has-alpha-channel-opacity\"\/>\n<p>SAIBA MAIS<\/p>\n<p>Busto de bronze de ex-prefeito de Ribeir\u00e3o Preto \u00e9 encontrado ap\u00f3s furto<\/p>\n<h4 class=\"wp-block-heading\"><strong>FIQUE ON<\/strong><\/h4>\n<p>Fique ligado em tudo que acontece em Ribeir\u00e3o Preto e regi\u00e3o. Siga os perfis do\u00a0<strong>acidade on<\/strong>\u00a0no\u00a0<a href=\"https:\/\/www.instagram.com\/acidadeonribeirao\" target=\"_blank\" rel=\"noreferrer noopener\">Instagram<\/a>\u00a0e no\u00a0<a href=\"https:\/\/www.facebook.com\/acidadeonribeirao\/\" target=\"_blank\" rel=\"noreferrer noopener\">Facebook<\/a>.<\/p>\n<p>Receba not\u00edcias do\u00a0<strong>acidade on<\/strong>\u00a0no WhatsApp.<a href=\"https:\/\/chat.whatsapp.com\/CdrZ6xrf7quD44Vw3WlPuZ\" target=\"_blank\" rel=\"noreferrer noopener\">\u00a0Para entrar no grupo, basta clicar aqui.<\/a><\/p>\n<p>Fa\u00e7a uma den\u00fancia ou sugira uma reportagem sobre Ribeir\u00e3o Preto e regi\u00e3o pelo WhatsApp: 16 99117 7802.<\/p>\n<p>VEJA TAMB\u00c9M<\/p>\n<p>Simpsons previu atentado a Trump?<\/p>\n<p><!-- AI CONTENT END 1 -->\n<\/div>\n<p><script async src=\"\/\/www.instagram.com\/embed.js\"><\/script><br \/>\n<br \/><br \/>\n<br \/><a href=\"https:\/\/www.acidadeon.com\/ribeiraopreto\/cotidiano\/quem-foi-camilo-de-mattos-ex-prefeito-de-ribeirao-preto-que-teve-busto-de-bronze-furtado\/\">Source link <\/a><\/p>\n<div class='code-block code-block-4' style='margin: 8px auto 8px 0; text-align: left; display: block; clear: both;'>\n\ud83d\udce2 Aviso Legal\n\nO site ismaelcolosi.com.br atua apenas como um canal de divulga\u00e7\u00e3o de oportunidades de emprego e n\u00e3o se responsabiliza pelo processo seletivo, contrata\u00e7\u00e3o ou qualquer outra etapa relacionada \u00e0s vagas publicadas. Todas as informa\u00e7\u00f5es s\u00e3o de responsabilidade dos anunciantes.\n\n\u26a0\ufe0f Aten\u00e7\u00e3o! Nunca pague por promessas de emprego nem compre cursos que garantam contrata\u00e7\u00e3o. Desconfie de qualquer cobran\u00e7a para participar de sele\u00e7\u00f5es.\n\n\n\n<\/div>\n<!-- CONTENT END 1 -->\n","protected":false},"excerpt":{"rendered":"<p>Joaquim Camilo de Moraes Mattos, mais conhecido como Camilo de Mattos, foi prefeito, vice-prefeito, vereador e presidente da C\u00e2mara Municipal de Ribeir\u00e3o Preto. Na \u00faltima&#8230;<\/p>\n","protected":false},"author":1,"featured_media":56493,"comment_status":"open","ping_status":"open","sticky":false,"template":"","format":"standard","meta":{"_uag_custom_page_level_css":"","advanced_seo_description":"","jetpack_seo_html_title":"","jetpack_seo_noindex":false,"jetpack_post_was_ever_published":false,"_jetpack_newsletter_access":"","_jetpack_dont_email_post_to_subs":false,"_jetpack_newsletter_tier_id":0,"_jetpack_memberships_contains_paywalled_content":false,"_jetpack_memberships_contains_paid_content":false,"footnotes":"","jetpack_publicize_message":"","jetpack_publicize_feature_enabled":true,"jetpack_social_post_already_shared":true,"jetpack_social_options":{"image_generator_settings":{"template":"highway","default_image_id":0,"font":"","enabled":false},"version":2}},"categories":[11],"tags":[],"class_list":["post-56828","post","type-post","status-publish","format-standard","has-post-thumbnail","hentry","category-noticias-de-ribeirao-preto-sp-e-regiao-ismael-colosi"],"jetpack_publicize_connections":[],"jetpack_featured_media_url":"https:\/\/i0.wp.com\/ismaelcolosi.com.br\/wp-content\/uploads\/2024\/07\/BUSTO_2024-07-12_12-21-44_jpg_2024-07-12_12-21-45.webp.webp?fit=2000%2C1504&ssl=1","uagb_featured_image_src":{"full":["https:\/\/i0.wp.com\/ismaelcolosi.com.br\/wp-content\/uploads\/2024\/07\/BUSTO_2024-07-12_12-21-44_jpg_2024-07-12_12-21-45.webp.webp?fit=2000%2C1504&ssl=1",2000,1504,false],"thumbnail":["https:\/\/i0.wp.com\/ismaelcolosi.com.br\/wp-content\/uploads\/2024\/07\/BUSTO_2024-07-12_12-21-44_jpg_2024-07-12_12-21-45.webp.webp?resize=150%2C150&ssl=1",150,150,true],"medium":["https:\/\/i0.wp.com\/ismaelcolosi.com.br\/wp-content\/uploads\/2024\/07\/BUSTO_2024-07-12_12-21-44_jpg_2024-07-12_12-21-45.webp.webp?fit=300%2C226&ssl=1",300,226,true],"medium_large":["https:\/\/i0.wp.com\/ismaelcolosi.com.br\/wp-content\/uploads\/2024\/07\/BUSTO_2024-07-12_12-21-44_jpg_2024-07-12_12-21-45.webp.webp?fit=768%2C578&ssl=1",768,578,true],"large":["https:\/\/i0.wp.com\/ismaelcolosi.com.br\/wp-content\/uploads\/2024\/07\/BUSTO_2024-07-12_12-21-44_jpg_2024-07-12_12-21-45.webp.webp?fit=1024%2C770&ssl=1",1024,770,true],"1536x1536":["https:\/\/i0.wp.com\/ismaelcolosi.com.br\/wp-content\/uploads\/2024\/07\/BUSTO_2024-07-12_12-21-44_jpg_2024-07-12_12-21-45.webp.webp?fit=1536%2C1155&ssl=1",1536,1155,true],"2048x2048":["https:\/\/i0.wp.com\/ismaelcolosi.com.br\/wp-content\/uploads\/2024\/07\/BUSTO_2024-07-12_12-21-44_jpg_2024-07-12_12-21-45.webp.webp?fit=2000%2C1504&ssl=1",2000,1504,true],"really-simple-thumb":["https:\/\/i0.wp.com\/ismaelcolosi.com.br\/wp-content\/uploads\/2024\/07\/BUSTO_2024-07-12_12-21-44_jpg_2024-07-12_12-21-45.webp.webp?resize=370%2C247&ssl=1",370,247,true]},"uagb_author_info":{"display_name":"ismaelcolosi.com.br","author_link":"https:\/\/ismaelcolosi.com.br\/index.php\/author\/vidareal-online\/"},"uagb_comment_info":0,"uagb_excerpt":"Joaquim Camilo de Moraes Mattos, mais conhecido como Camilo de Mattos, foi prefeito, vice-prefeito, vereador e presidente da C\u00e2mara Municipal de Ribeir\u00e3o Preto. Na \u00faltima...","jetpack-related-posts":[{"id":56771,"url":"https:\/\/ismaelcolosi.com.br\/index.php\/2024\/07\/15\/busto-de-bronze-de-ex-prefeito-de-ribeirao-preto-e-encontrado-apos-furto\/","url_meta":{"origin":56828,"position":0},"title":"Busto de bronze de ex-prefeito de Ribeir\u00e3o Preto \u00e9 encontrado ap\u00f3s furto","author":"ismaelcolosi.com.br","date":"15 de July de 2024","format":false,"excerpt":"O busto de bronze do ex-prefeito de Ribeir\u00e3o Preto, Camilo de Mattos, foi encontrado na manh\u00e3 desta segunda-feira (15), ap\u00f3s ter sido furtado no \u00faltimo dia 11, no local onde ficava na pra\u00e7a XV de Novembro, no Centro da cidade. A informa\u00e7\u00e3o do encontro foi passada pela Secretaria Municipal da\u2026","rel":"","context":"In &quot;Not\u00edcias de Ribeir\u00e3o Preto-SP e Regi\u00e3o&quot;","block_context":{"text":"Not\u00edcias de Ribeir\u00e3o Preto-SP e Regi\u00e3o","link":"https:\/\/ismaelcolosi.com.br\/index.php\/category\/noticias-de-ribeirao-preto-sp-e-regiao-ismael-colosi\/"},"img":{"alt_text":"","src":"https:\/\/i0.wp.com\/ismaelcolosi.com.br\/wp-content\/uploads\/2024\/07\/Copia-de-Copia-de-TAMANHO-EXATO-PARA-FOTOS-NO-SISTEMA-NOVO-18_2024-07-15_14-39-01_jpg_2024-07-15_14-39-01.webp.webp?fit=1200%2C675&ssl=1&resize=350%2C200","width":350,"height":200,"srcset":"https:\/\/i0.wp.com\/ismaelcolosi.com.br\/wp-content\/uploads\/2024\/07\/Copia-de-Copia-de-TAMANHO-EXATO-PARA-FOTOS-NO-SISTEMA-NOVO-18_2024-07-15_14-39-01_jpg_2024-07-15_14-39-01.webp.webp?fit=1200%2C675&ssl=1&resize=350%2C200 1x, https:\/\/i0.wp.com\/ismaelcolosi.com.br\/wp-content\/uploads\/2024\/07\/Copia-de-Copia-de-TAMANHO-EXATO-PARA-FOTOS-NO-SISTEMA-NOVO-18_2024-07-15_14-39-01_jpg_2024-07-15_14-39-01.webp.webp?fit=1200%2C675&ssl=1&resize=525%2C300 1.5x, https:\/\/i0.wp.com\/ismaelcolosi.com.br\/wp-content\/uploads\/2024\/07\/Copia-de-Copia-de-TAMANHO-EXATO-PARA-FOTOS-NO-SISTEMA-NOVO-18_2024-07-15_14-39-01_jpg_2024-07-15_14-39-01.webp.webp?fit=1200%2C675&ssl=1&resize=700%2C400 2x, https:\/\/i0.wp.com\/ismaelcolosi.com.br\/wp-content\/uploads\/2024\/07\/Copia-de-Copia-de-TAMANHO-EXATO-PARA-FOTOS-NO-SISTEMA-NOVO-18_2024-07-15_14-39-01_jpg_2024-07-15_14-39-01.webp.webp?fit=1200%2C675&ssl=1&resize=1050%2C600 3x"},"classes":[]},{"id":62459,"url":"https:\/\/ismaelcolosi.com.br\/index.php\/2024\/08\/27\/busto-de-ex-prefeito-de-ribeirao-preto-e-recolocado-na-praca-xv-de-novembro\/","url_meta":{"origin":56828,"position":1},"title":"Busto de ex-prefeito de Ribeir\u00e3o Preto \u00e9 recolocado na pra\u00e7a XV de Novembro","author":"ismaelcolosi.com.br","date":"27 de August de 2024","format":false,"excerpt":"O busto de bronze em homenagem ao ex-prefeito de Ribeir\u00e3o Preto Camilo de Mattos foi recolocado no pedestal da pra\u00e7a XV de Novembro, no Centro, nesta ter\u00e7a-feira (27). A escultura foi furtada no dia 11 de julho e recuperada quatro dias depois. Segundo a Secretaria da Cultura e Turismo, o\u2026","rel":"","context":"In &quot;Not\u00edcias de Ribeir\u00e3o Preto-SP e Regi\u00e3o&quot;","block_context":{"text":"Not\u00edcias de Ribeir\u00e3o Preto-SP e Regi\u00e3o","link":"https:\/\/ismaelcolosi.com.br\/index.php\/category\/noticias-de-ribeirao-preto-sp-e-regiao-ismael-colosi\/"},"img":{"alt_text":"","src":"https:\/\/i0.wp.com\/ismaelcolosi.com.br\/wp-content\/uploads\/2024\/08\/camilo-de-mattos_2024-08-27_19-21-00_jpg_2024-08-27_19-21-00.webp.webp?fit=1200%2C933&ssl=1&resize=350%2C200","width":350,"height":200,"srcset":"https:\/\/i0.wp.com\/ismaelcolosi.com.br\/wp-content\/uploads\/2024\/08\/camilo-de-mattos_2024-08-27_19-21-00_jpg_2024-08-27_19-21-00.webp.webp?fit=1200%2C933&ssl=1&resize=350%2C200 1x, https:\/\/i0.wp.com\/ismaelcolosi.com.br\/wp-content\/uploads\/2024\/08\/camilo-de-mattos_2024-08-27_19-21-00_jpg_2024-08-27_19-21-00.webp.webp?fit=1200%2C933&ssl=1&resize=525%2C300 1.5x, https:\/\/i0.wp.com\/ismaelcolosi.com.br\/wp-content\/uploads\/2024\/08\/camilo-de-mattos_2024-08-27_19-21-00_jpg_2024-08-27_19-21-00.webp.webp?fit=1200%2C933&ssl=1&resize=700%2C400 2x, https:\/\/i0.wp.com\/ismaelcolosi.com.br\/wp-content\/uploads\/2024\/08\/camilo-de-mattos_2024-08-27_19-21-00_jpg_2024-08-27_19-21-00.webp.webp?fit=1200%2C933&ssl=1&resize=1050%2C600 3x"},"classes":[]},{"id":56492,"url":"https:\/\/ismaelcolosi.com.br\/index.php\/2024\/07\/12\/busto-em-bronze-de-ex-prefeito-de-ribeirao-preto-e-furtado-em-praca-no-centro\/","url_meta":{"origin":56828,"position":2},"title":"Busto em bronze de ex-prefeito de Ribeir\u00e3o Preto \u00e9 furtado em pra\u00e7a no Centro","author":"ismaelcolosi.com.br","date":"12 de July de 2024","format":false,"excerpt":"O busto de Camilo de Mattos, ex-prefeito de Ribeir\u00e3o Preto, foi furtado na madrugada desta quinta-feira (11), de um pedestal na Pra\u00e7a XV de Novembro, no Centro de Ribeir\u00e3o Preto. A escultura em concreto e revestida bronze, instalada em 1976, ficava pr\u00f3ximo da rua Duque de Caxias e do Palacete\u2026","rel":"","context":"In &quot;Not\u00edcias de Ribeir\u00e3o Preto-SP e Regi\u00e3o&quot;","block_context":{"text":"Not\u00edcias de Ribeir\u00e3o Preto-SP e Regi\u00e3o","link":"https:\/\/ismaelcolosi.com.br\/index.php\/category\/noticias-de-ribeirao-preto-sp-e-regiao-ismael-colosi\/"},"img":{"alt_text":"","src":"https:\/\/i0.wp.com\/ismaelcolosi.com.br\/wp-content\/uploads\/2024\/07\/BUSTO_2024-07-12_12-21-44_jpg_2024-07-12_12-21-45.webp.webp?fit=1200%2C902&ssl=1&resize=350%2C200","width":350,"height":200,"srcset":"https:\/\/i0.wp.com\/ismaelcolosi.com.br\/wp-content\/uploads\/2024\/07\/BUSTO_2024-07-12_12-21-44_jpg_2024-07-12_12-21-45.webp.webp?fit=1200%2C902&ssl=1&resize=350%2C200 1x, https:\/\/i0.wp.com\/ismaelcolosi.com.br\/wp-content\/uploads\/2024\/07\/BUSTO_2024-07-12_12-21-44_jpg_2024-07-12_12-21-45.webp.webp?fit=1200%2C902&ssl=1&resize=525%2C300 1.5x, https:\/\/i0.wp.com\/ismaelcolosi.com.br\/wp-content\/uploads\/2024\/07\/BUSTO_2024-07-12_12-21-44_jpg_2024-07-12_12-21-45.webp.webp?fit=1200%2C902&ssl=1&resize=700%2C400 2x, https:\/\/i0.wp.com\/ismaelcolosi.com.br\/wp-content\/uploads\/2024\/07\/BUSTO_2024-07-12_12-21-44_jpg_2024-07-12_12-21-45.webp.webp?fit=1200%2C902&ssl=1&resize=1050%2C600 3x"},"classes":[]},{"id":53680,"url":"https:\/\/ismaelcolosi.com.br\/index.php\/2024\/06\/18\/palacete-camilo-de-mattos-abre-para-visitacao-no-aniversario-de-ribeirao-preto\/","url_meta":{"origin":56828,"position":3},"title":"Palacete Camilo de Mattos abre para visita\u00e7\u00e3o no anivers\u00e1rio de Ribeir\u00e3o Preto","author":"ismaelcolosi.com.br","date":"18 de June de 2024","format":false,"excerpt":"O Palacete Camilo de Mattos, patrim\u00f4nio hist\u00f3rico de Ribeir\u00e3o Preto, ser\u00e1 aberto para visita\u00e7\u00e3o no anivers\u00e1rio de 168 anos do munic\u00edpio, celebrado nesta quarta-feira (19). As visitas acontecem entre \u00e0s 9h e 12h, e marcam a entrega da primeira etapa do restauro do local, sendo a fachada, dormit\u00f3rios I e\u2026","rel":"","context":"In &quot;Not\u00edcias de Ribeir\u00e3o Preto-SP e Regi\u00e3o&quot;","block_context":{"text":"Not\u00edcias de Ribeir\u00e3o Preto-SP e Regi\u00e3o","link":"https:\/\/ismaelcolosi.com.br\/index.php\/category\/noticias-de-ribeirao-preto-sp-e-regiao-ismael-colosi\/"},"img":{"alt_text":"","src":"https:\/\/i0.wp.com\/ismaelcolosi.com.br\/wp-content\/uploads\/2024\/06\/WhatsApp-Image-2024-06-15-at-11.49.02_2024-06-18_19-49-44_jpeg_2024-06-18_19-49-46-scaled.webp.webp?fit=1200%2C675&ssl=1&resize=350%2C200","width":350,"height":200,"srcset":"https:\/\/i0.wp.com\/ismaelcolosi.com.br\/wp-content\/uploads\/2024\/06\/WhatsApp-Image-2024-06-15-at-11.49.02_2024-06-18_19-49-44_jpeg_2024-06-18_19-49-46-scaled.webp.webp?fit=1200%2C675&ssl=1&resize=350%2C200 1x, https:\/\/i0.wp.com\/ismaelcolosi.com.br\/wp-content\/uploads\/2024\/06\/WhatsApp-Image-2024-06-15-at-11.49.02_2024-06-18_19-49-44_jpeg_2024-06-18_19-49-46-scaled.webp.webp?fit=1200%2C675&ssl=1&resize=525%2C300 1.5x, https:\/\/i0.wp.com\/ismaelcolosi.com.br\/wp-content\/uploads\/2024\/06\/WhatsApp-Image-2024-06-15-at-11.49.02_2024-06-18_19-49-44_jpeg_2024-06-18_19-49-46-scaled.webp.webp?fit=1200%2C675&ssl=1&resize=700%2C400 2x, https:\/\/i0.wp.com\/ismaelcolosi.com.br\/wp-content\/uploads\/2024\/06\/WhatsApp-Image-2024-06-15-at-11.49.02_2024-06-18_19-49-44_jpeg_2024-06-18_19-49-46-scaled.webp.webp?fit=1200%2C675&ssl=1&resize=1050%2C600 3x"},"classes":[]},{"id":52290,"url":"https:\/\/ismaelcolosi.com.br\/index.php\/2024\/06\/05\/palacete-camilo-de-mattos-em-ribeirao-preto-abre-para-visitacao-gratuita\/","url_meta":{"origin":56828,"position":4},"title":"Palacete Camilo de Mattos em Ribeir\u00e3o Preto abre para visita\u00e7\u00e3o gratuita","author":"ismaelcolosi.com.br","date":"5 de June de 2024","format":false,"excerpt":"O Palacete Camilo de Mattos, patrim\u00f4nio hist\u00f3rico de Ribeir\u00e3o Preto, abrir\u00e1 as portas para visita\u00e7\u00e3o gratuita, entre os dias 20 a 30 de junho. As visitas, que podem ser agendadas (veja abaixo), fazem parte da programa\u00e7\u00e3o das comemora\u00e7\u00f5es do anivers\u00e1rio de 168 anos de Ribeir\u00e3o Preto. Durante a iniciativa, os\u2026","rel":"","context":"In &quot;Not\u00edcias de Ribeir\u00e3o Preto-SP e Regi\u00e3o&quot;","block_context":{"text":"Not\u00edcias de Ribeir\u00e3o Preto-SP e Regi\u00e3o","link":"https:\/\/ismaelcolosi.com.br\/index.php\/category\/noticias-de-ribeirao-preto-sp-e-regiao-ismael-colosi\/"},"img":{"alt_text":"","src":"https:\/\/i0.wp.com\/ismaelcolosi.com.br\/wp-content\/uploads\/2024\/06\/visita_palacete_camilo_de_mattos_03_2024-06-05_15-28-06_jpeg_2024-06-05_15-28-06.webp.webp?fit=1000%2C666&ssl=1&resize=350%2C200","width":350,"height":200,"srcset":"https:\/\/i0.wp.com\/ismaelcolosi.com.br\/wp-content\/uploads\/2024\/06\/visita_palacete_camilo_de_mattos_03_2024-06-05_15-28-06_jpeg_2024-06-05_15-28-06.webp.webp?fit=1000%2C666&ssl=1&resize=350%2C200 1x, https:\/\/i0.wp.com\/ismaelcolosi.com.br\/wp-content\/uploads\/2024\/06\/visita_palacete_camilo_de_mattos_03_2024-06-05_15-28-06_jpeg_2024-06-05_15-28-06.webp.webp?fit=1000%2C666&ssl=1&resize=525%2C300 1.5x, https:\/\/i0.wp.com\/ismaelcolosi.com.br\/wp-content\/uploads\/2024\/06\/visita_palacete_camilo_de_mattos_03_2024-06-05_15-28-06_jpeg_2024-06-05_15-28-06.webp.webp?fit=1000%2C666&ssl=1&resize=700%2C400 2x"},"classes":[]},{"id":53766,"url":"https:\/\/ismaelcolosi.com.br\/index.php\/2024\/06\/19\/primeira-etapa-do-restauro-do-palacete-camilo-de-mattos-foi-concluida-veja-como-visitar\/","url_meta":{"origin":56828,"position":5},"title":"Primeira etapa do restauro do Palacete Camilo de Mattos foi conclu\u00edda; Veja como visitar","author":"ismaelcolosi.com.br","date":"19 de June de 2024","format":false,"excerpt":"Ap\u00f3s sete anos, foi entregue nesta quarta-feira (19), anivers\u00e1rio de 168 anos de Ribeir\u00e3o Preto, a primeira etapa do restauro do Palacete Camilo de Mattos, no Centro. O restauro da fachada, dormit\u00f3rios e hall do palacete j\u00e1 foram conclu\u00eddos. O im\u00f3vel, constru\u00eddo nos anos 1920, foi adquirido em 2017 pelos\u2026","rel":"","context":"In &quot;Not\u00edcias de Ribeir\u00e3o Preto-SP e Regi\u00e3o&quot;","block_context":{"text":"Not\u00edcias de Ribeir\u00e3o Preto-SP e Regi\u00e3o","link":"https:\/\/ismaelcolosi.com.br\/index.php\/category\/noticias-de-ribeirao-preto-sp-e-regiao-ismael-colosi\/"},"img":{"alt_text":"","src":"https:\/\/i0.wp.com\/ismaelcolosi.com.br\/wp-content\/uploads\/2024\/06\/palacete-camilo-de-mattos_2024-06-19_15-10-39_jpeg_2024-06-19_15-10-40-scaled.webp.webp?fit=1200%2C675&ssl=1&resize=350%2C200","width":350,"height":200,"srcset":"https:\/\/i0.wp.com\/ismaelcolosi.com.br\/wp-content\/uploads\/2024\/06\/palacete-camilo-de-mattos_2024-06-19_15-10-39_jpeg_2024-06-19_15-10-40-scaled.webp.webp?fit=1200%2C675&ssl=1&resize=350%2C200 1x, https:\/\/i0.wp.com\/ismaelcolosi.com.br\/wp-content\/uploads\/2024\/06\/palacete-camilo-de-mattos_2024-06-19_15-10-39_jpeg_2024-06-19_15-10-40-scaled.webp.webp?fit=1200%2C675&ssl=1&resize=525%2C300 1.5x, https:\/\/i0.wp.com\/ismaelcolosi.com.br\/wp-content\/uploads\/2024\/06\/palacete-camilo-de-mattos_2024-06-19_15-10-39_jpeg_2024-06-19_15-10-40-scaled.webp.webp?fit=1200%2C675&ssl=1&resize=700%2C400 2x, https:\/\/i0.wp.com\/ismaelcolosi.com.br\/wp-content\/uploads\/2024\/06\/palacete-camilo-de-mattos_2024-06-19_15-10-39_jpeg_2024-06-19_15-10-40-scaled.webp.webp?fit=1200%2C675&ssl=1&resize=1050%2C600 3x"},"classes":[]}],"jetpack_sharing_enabled":true,"jetpack_shortlink":"https:\/\/wp.me\/pfMlyK-eMA","_links":{"self":[{"href":"https:\/\/ismaelcolosi.com.br\/index.php\/wp-json\/wp\/v2\/posts\/56828","targetHints":{"allow":["GET"]}}],"collection":[{"href":"https:\/\/ismaelcolosi.com.br\/index.php\/wp-json\/wp\/v2\/posts"}],"about":[{"href":"https:\/\/ismaelcolosi.com.br\/index.php\/wp-json\/wp\/v2\/types\/post"}],"author":[{"embeddable":true,"href":"https:\/\/ismaelcolosi.com.br\/index.php\/wp-json\/wp\/v2\/users\/1"}],"replies":[{"embeddable":true,"href":"https:\/\/ismaelcolosi.com.br\/index.php\/wp-json\/wp\/v2\/comments?post=56828"}],"version-history":[{"count":0,"href":"https:\/\/ismaelcolosi.com.br\/index.php\/wp-json\/wp\/v2\/posts\/56828\/revisions"}],"wp:featuredmedia":[{"embeddable":true,"href":"https:\/\/ismaelcolosi.com.br\/index.php\/wp-json\/wp\/v2\/media\/56493"}],"wp:attachment":[{"href":"https:\/\/ismaelcolosi.com.br\/index.php\/wp-json\/wp\/v2\/media?parent=56828"}],"wp:term":[{"taxonomy":"category","embeddable":true,"href":"https:\/\/ismaelcolosi.com.br\/index.php\/wp-json\/wp\/v2\/categories?post=56828"},{"taxonomy":"post_tag","embeddable":true,"href":"https:\/\/ismaelcolosi.com.br\/index.php\/wp-json\/wp\/v2\/tags?post=56828"}],"curies":[{"name":"wp","href":"https:\/\/api.w.org\/{rel}","templated":true}]}}