{"id":56821,"date":"2024-07-15T16:08:11","date_gmt":"2024-07-15T19:08:11","guid":{"rendered":"https:\/\/ismaelcolosi.com.br\/index.php\/2024\/07\/15\/veja-os-atletas-da-regiao-de-ribeirao-preto-que-vao-disputar-os-jogos-de-paris-2024\/"},"modified":"2024-07-15T16:08:11","modified_gmt":"2024-07-15T19:08:11","slug":"veja-os-atletas-da-regiao-de-ribeirao-preto-que-vao-disputar-os-jogos-de-paris-2024","status":"publish","type":"post","link":"https:\/\/ismaelcolosi.com.br\/index.php\/2024\/07\/15\/veja-os-atletas-da-regiao-de-ribeirao-preto-que-vao-disputar-os-jogos-de-paris-2024\/","title":{"rendered":"Veja os atletas da regi\u00e3o de Ribeir\u00e3o Preto que v\u00e3o disputar os Jogos de Paris 2024"},"content":{"rendered":"<p> <br \/>\n<\/p>\n<div data-td-block-uid=\"tdi_106\">\n<div class=\"tdb-block-inner td-fix-index\">\n<p>Faltando <strong>10 dias para o in\u00edcio dos Jogos Ol\u00edmpicos de Paris 2024<\/strong>, o <strong>acidade on<\/strong> traz os <strong>atletas da regi\u00e3o<\/strong> de <strong>Ribeir\u00e3o Preto<\/strong> e as <strong>modalidades<\/strong> que disputar\u00e3o durante as <strong>Olimp\u00edadas<\/strong>. <\/p>\n<ul>\n<li><strong>Ribeir\u00e3o Preto<br \/><\/strong>Fernando Carvalho Ferreira (salto em altura)<br \/>Guilherme Basseto (nata\u00e7\u00e3o)<\/li>\n<li><strong>Franca<\/strong><br \/>Alexey Thiago Pereira Borges (basquete)<br \/>Leo Meindl (basquete)<br \/>Georginho (basquete) * joga em Franca<br \/>Lucas Dias (basquete) * joga em Franca<\/li>\n<li><strong>Colina<\/strong><br \/>M\u00e1rcio Carvalho Jorge (hipismo)<br \/>Carlos Parro (hipismo)<\/li>\n<li><strong>Guariba<br \/><\/strong>Lucas Vilar (atletismo)<\/li>\n<li><strong>Ituverava<br \/><\/strong>Lorena Silva (futebol feminino)<\/li>\n<li><strong>S\u00e3o Joaquim da Barra<br \/><\/strong>Alison dos Santos (Piu) (atletismo) <\/li>\n<\/ul>\n<h2 class=\"wp-block-heading\"><strong>Jogos de Paris<\/strong><\/h2>\n<p>Os<strong> Jogos Ol\u00edmpicos de Paris 2024<\/strong> acontecem de <strong>26 de julho a 11 de agosto<\/strong>. Ao todo, s\u00e3o <strong>10.500 atletas<\/strong> de <strong>206 Comit\u00eas Ol\u00edmpicos Nacionais<\/strong>. Durante os jogos, ser\u00e3o <strong>disputadas 45 modalidades esportivas<\/strong> (<a href=\"https:\/\/olympics.com\/pt\/paris-2024\/esportes\" target=\"_blank\" rel=\"noreferrer noopener nofollow\">clique aqui<\/a>).<\/p>\n<p>O <strong>COB (Comit\u00ea Ol\u00edmpico Brasileiro)<\/strong> que representar\u00e1 o Brasil nos jogos \u00e9 composto por<strong> 277 atletas, sendo 153 mulheres, que disputar\u00e3o 39 modalidades<\/strong>.<\/p>\n<p><em>*Com informa\u00e7\u00f5es Leonardo Santos<\/em><\/p>\n<p>SAIBA MAIS <\/p>\n<p>Ribeir\u00e3o Preto tem mutir\u00e3o do emprego com 74 vagas; Saiba como participar<\/p>\n<h4 class=\"wp-block-heading\"><strong>FIQUE ON<\/strong><\/h4>\n<p>Fique ligado em tudo que acontece em Ribeir\u00e3o Preto e regi\u00e3o. Siga os perfis do\u00a0<strong>acidade on<\/strong>\u00a0no\u00a0<a href=\"https:\/\/www.instagram.com\/acidadeonribeirao\" target=\"_blank\" rel=\"noreferrer noopener\">Instagram<\/a>\u00a0e no\u00a0<a href=\"https:\/\/www.facebook.com\/acidadeonribeirao\/\" target=\"_blank\" rel=\"noreferrer noopener\">Facebook<\/a>.<\/p>\n<p>Receba not\u00edcias do<strong>\u00a0acidade on<\/strong>\u00a0no WhatsApp.<a href=\"https:\/\/chat.whatsapp.com\/CdrZ6xrf7quD44Vw3WlPuZ\" target=\"_blank\" rel=\"noreferrer noopener\">\u00a0Para entrar no grupo, basta clicar aqui.<\/a><\/p>\n<p>Fa\u00e7a uma den\u00fancia ou sugira uma reportagem sobre Ribeir\u00e3o Preto e regi\u00e3o pelo WhatsApp: 16 99117 7802.<\/p>\n<p>VEJA TAMB\u00c9M<br \/>Quanto custou o show de Shakira na final da Copa Am\u00e9rica?<\/p>\n<p><!-- AI CONTENT END 1 -->\n<\/div>\n<\/div>\n<p><script async src=\"\/\/www.instagram.com\/embed.js\"><\/script><br \/>\n<br \/><br \/>\n<br \/><a href=\"https:\/\/www.acidadeon.com\/ribeiraopreto\/esportes\/veja-os-atletas-da-regiao-de-ribeirao-preto-que-vao-disputar-os-jogos-de-paris-2024\/\">Source link <\/a><\/p>\n<div class='code-block code-block-4' style='margin: 8px auto 8px 0; text-align: left; display: block; clear: both;'>\n\ud83d\udce2 Aviso Legal\n\nO site ismaelcolosi.com.br atua apenas como um canal de divulga\u00e7\u00e3o de oportunidades de emprego e n\u00e3o se responsabiliza pelo processo seletivo, contrata\u00e7\u00e3o ou qualquer outra etapa relacionada \u00e0s vagas publicadas. Todas as informa\u00e7\u00f5es s\u00e3o de responsabilidade dos anunciantes.\n\n\u26a0\ufe0f Aten\u00e7\u00e3o! Nunca pague por promessas de emprego nem compre cursos que garantam contrata\u00e7\u00e3o. Desconfie de qualquer cobran\u00e7a para participar de sele\u00e7\u00f5es.\n\n\n\n<\/div>\n<!-- CONTENT END 1 -->\n","protected":false},"excerpt":{"rendered":"<p>Faltando 10 dias para o in\u00edcio dos Jogos Ol\u00edmpicos de Paris 2024, o acidade on traz os atletas da regi\u00e3o de Ribeir\u00e3o Preto e as&#8230;<\/p>\n","protected":false},"author":1,"featured_media":56822,"comment_status":"open","ping_status":"open","sticky":false,"template":"","format":"standard","meta":{"_uag_custom_page_level_css":"","advanced_seo_description":"","jetpack_seo_html_title":"","jetpack_seo_noindex":false,"jetpack_post_was_ever_published":false,"_jetpack_newsletter_access":"","_jetpack_dont_email_post_to_subs":false,"_jetpack_newsletter_tier_id":0,"_jetpack_memberships_contains_paywalled_content":false,"_jetpack_memberships_contains_paid_content":false,"footnotes":"","jetpack_publicize_message":"","jetpack_publicize_feature_enabled":true,"jetpack_social_post_already_shared":true,"jetpack_social_options":{"image_generator_settings":{"template":"highway","default_image_id":0,"font":"","enabled":false},"version":2}},"categories":[11],"tags":[],"class_list":["post-56821","post","type-post","status-publish","format-standard","has-post-thumbnail","hentry","category-noticias-de-ribeirao-preto-sp-e-regiao-ismael-colosi"],"jetpack_publicize_connections":[],"jetpack_featured_media_url":"https:\/\/i0.wp.com\/ismaelcolosi.com.br\/wp-content\/uploads\/2024\/07\/Capturar_2024-07-15_18-42-58_jpg_2024-07-15_18-42-58.webp.webp?fit=867%2C485&ssl=1","uagb_featured_image_src":{"full":["https:\/\/i0.wp.com\/ismaelcolosi.com.br\/wp-content\/uploads\/2024\/07\/Capturar_2024-07-15_18-42-58_jpg_2024-07-15_18-42-58.webp.webp?fit=867%2C485&ssl=1",867,485,false],"thumbnail":["https:\/\/i0.wp.com\/ismaelcolosi.com.br\/wp-content\/uploads\/2024\/07\/Capturar_2024-07-15_18-42-58_jpg_2024-07-15_18-42-58.webp.webp?resize=150%2C150&ssl=1",150,150,true],"medium":["https:\/\/i0.wp.com\/ismaelcolosi.com.br\/wp-content\/uploads\/2024\/07\/Capturar_2024-07-15_18-42-58_jpg_2024-07-15_18-42-58.webp.webp?fit=300%2C168&ssl=1",300,168,true],"medium_large":["https:\/\/i0.wp.com\/ismaelcolosi.com.br\/wp-content\/uploads\/2024\/07\/Capturar_2024-07-15_18-42-58_jpg_2024-07-15_18-42-58.webp.webp?fit=768%2C430&ssl=1",768,430,true],"large":["https:\/\/i0.wp.com\/ismaelcolosi.com.br\/wp-content\/uploads\/2024\/07\/Capturar_2024-07-15_18-42-58_jpg_2024-07-15_18-42-58.webp.webp?fit=867%2C485&ssl=1",867,485,true],"1536x1536":["https:\/\/i0.wp.com\/ismaelcolosi.com.br\/wp-content\/uploads\/2024\/07\/Capturar_2024-07-15_18-42-58_jpg_2024-07-15_18-42-58.webp.webp?fit=867%2C485&ssl=1",867,485,true],"2048x2048":["https:\/\/i0.wp.com\/ismaelcolosi.com.br\/wp-content\/uploads\/2024\/07\/Capturar_2024-07-15_18-42-58_jpg_2024-07-15_18-42-58.webp.webp?fit=867%2C485&ssl=1",867,485,true],"really-simple-thumb":["https:\/\/i0.wp.com\/ismaelcolosi.com.br\/wp-content\/uploads\/2024\/07\/Capturar_2024-07-15_18-42-58_jpg_2024-07-15_18-42-58.webp.webp?resize=370%2C247&ssl=1",370,247,true]},"uagb_author_info":{"display_name":"ismaelcolosi.com.br","author_link":"https:\/\/ismaelcolosi.com.br\/index.php\/author\/vidareal-online\/"},"uagb_comment_info":0,"uagb_excerpt":"Faltando 10 dias para o in\u00edcio dos Jogos Ol\u00edmpicos de Paris 2024, o acidade on traz os atletas da regi\u00e3o de Ribeir\u00e3o Preto e as...","jetpack-related-posts":[{"id":10939,"url":"https:\/\/ismaelcolosi.com.br\/index.php\/2023\/12\/05\/cpb-anuncia-candidatos-a-atleta-da-galera-do-premio-paralimpicos\/","url_meta":{"origin":56821,"position":0},"title":"CPB anuncia candidatos a Atleta da Galera do Pr\u00eamio Paral\u00edmpicos \u2013 Folha de Ribeir\u00e3o","author":"ismaelcolosi.com.br","date":"5 de December de 2023","format":false,"excerpt":"O Comit\u00ea Paral\u00edmpico Brasileiro (CPB) iniciou, nesta segunda-feira (4), a vota\u00e7\u00e3o popular para a categoria Atleta da Galera do Pr\u00eamio Paral\u00edmpicos, cuja cerim\u00f4nia ser\u00e1 realizada nos dias 13 e 14 de dezembro no Tokio Marine Hall, em S\u00e3o Paulo. Os concorrentes ao pr\u00eamio s\u00e3o Alessandro Silva (atletismo), Brenda Freitas (jud\u00f4),\u2026","rel":"","context":"In &quot;Not\u00edcias de Ribeir\u00e3o Preto-SP e Regi\u00e3o&quot;","block_context":{"text":"Not\u00edcias de Ribeir\u00e3o Preto-SP e Regi\u00e3o","link":"https:\/\/ismaelcolosi.com.br\/index.php\/category\/noticias-de-ribeirao-preto-sp-e-regiao-ismael-colosi\/"},"img":{"alt_text":"","src":"","width":0,"height":0},"classes":[]},{"id":55902,"url":"https:\/\/ismaelcolosi.com.br\/index.php\/2024\/07\/07\/com-atletas-de-franca-brasil-se-classifica-para-os-jogos-olimpicos-de-paris-2024\/","url_meta":{"origin":56821,"position":1},"title":"Com atletas de Franca, Brasil se classifica para os Jogos Ol\u00edmpicos de Paris 2024","author":"ismaelcolosi.com.br","date":"7 de July de 2024","format":false,"excerpt":"Com dois atletas do Franca Basquete, o Brasil venceu a Let\u00f4nia, neste domingo (7), e conquistou a vaga nos Jogos Ol\u00edmpicos de Paris 2024. No pr\u00e9-ol\u00edmpico de basquete, disputado em Riga, na Let\u00f4nia, a sele\u00e7\u00e3o brasileira venceu os donos da casa por 94 a 69. A sele\u00e7\u00e3o brasileira conta com\u2026","rel":"","context":"In &quot;Not\u00edcias de Ribeir\u00e3o Preto-SP e Regi\u00e3o&quot;","block_context":{"text":"Not\u00edcias de Ribeir\u00e3o Preto-SP e Regi\u00e3o","link":"https:\/\/ismaelcolosi.com.br\/index.php\/category\/noticias-de-ribeirao-preto-sp-e-regiao-ismael-colosi\/"},"img":{"alt_text":"","src":"https:\/\/i0.wp.com\/ismaelcolosi.com.br\/wp-content\/uploads\/2024\/07\/basquete_2024-07-07_18-13-31_jpeg_2024-07-07_18-13-31.webp.webp?fit=828%2C484&ssl=1&resize=350%2C200","width":350,"height":200,"srcset":"https:\/\/i0.wp.com\/ismaelcolosi.com.br\/wp-content\/uploads\/2024\/07\/basquete_2024-07-07_18-13-31_jpeg_2024-07-07_18-13-31.webp.webp?fit=828%2C484&ssl=1&resize=350%2C200 1x, https:\/\/i0.wp.com\/ismaelcolosi.com.br\/wp-content\/uploads\/2024\/07\/basquete_2024-07-07_18-13-31_jpeg_2024-07-07_18-13-31.webp.webp?fit=828%2C484&ssl=1&resize=525%2C300 1.5x, https:\/\/i0.wp.com\/ismaelcolosi.com.br\/wp-content\/uploads\/2024\/07\/basquete_2024-07-07_18-13-31_jpeg_2024-07-07_18-13-31.webp.webp?fit=828%2C484&ssl=1&resize=700%2C400 2x"},"classes":[]},{"id":24225,"url":"https:\/\/ismaelcolosi.com.br\/index.php\/2024\/01\/03\/ribeirao-preto-tem-seletiva-para-time-masculino-de-basquete-veja-quando\/","url_meta":{"origin":56821,"position":2},"title":"Ribeir\u00e3o Preto tem seletiva para time masculino de basquete; Veja quando","author":"ismaelcolosi.com.br","date":"3 de January de 2024","format":false,"excerpt":"A Secretaria de Esportes de Ribeir\u00e3o Preto informou, nesta quarta-feira (3), que far\u00e1 uma seletiva de novos jogadores para o time masculino de basquete da cidade. A seletiva ser\u00e1 realizada com meninos de 16 a 20 anos e vai acontecer no Gin\u00e1sio Gavino Virdes, no complexo esportivo Cava do Bosque.\u2026","rel":"","context":"In &quot;Not\u00edcias de Ribeir\u00e3o Preto-SP e Regi\u00e3o&quot;","block_context":{"text":"Not\u00edcias de Ribeir\u00e3o Preto-SP e Regi\u00e3o","link":"https:\/\/ismaelcolosi.com.br\/index.php\/category\/noticias-de-ribeirao-preto-sp-e-regiao-ismael-colosi\/"},"img":{"alt_text":"","src":"https:\/\/i0.wp.com\/ismaelcolosi.com.br\/wp-content\/uploads\/2024\/01\/basketball-166964_1280.jpg?fit=1200%2C1004&ssl=1&resize=350%2C200","width":350,"height":200,"srcset":"https:\/\/i0.wp.com\/ismaelcolosi.com.br\/wp-content\/uploads\/2024\/01\/basketball-166964_1280.jpg?fit=1200%2C1004&ssl=1&resize=350%2C200 1x, https:\/\/i0.wp.com\/ismaelcolosi.com.br\/wp-content\/uploads\/2024\/01\/basketball-166964_1280.jpg?fit=1200%2C1004&ssl=1&resize=525%2C300 1.5x, https:\/\/i0.wp.com\/ismaelcolosi.com.br\/wp-content\/uploads\/2024\/01\/basketball-166964_1280.jpg?fit=1200%2C1004&ssl=1&resize=700%2C400 2x, https:\/\/i0.wp.com\/ismaelcolosi.com.br\/wp-content\/uploads\/2024\/01\/basketball-166964_1280.jpg?fit=1200%2C1004&ssl=1&resize=1050%2C600 3x"},"classes":[]},{"id":31684,"url":"https:\/\/ismaelcolosi.com.br\/index.php\/2024\/01\/23\/time-de-basquete-feminino-de-ribeirao-preto-busca-novos-talentos\/","url_meta":{"origin":56821,"position":3},"title":"Time de basquete feminino de Ribeir\u00e3o busca novos talentos; Veja como se inscrever","author":"ismaelcolosi.com.br","date":"23 de January de 2024","format":false,"excerpt":"O time de basquete feminino da Secretaria de Esportes de Ribeir\u00e3o Preto ir\u00e1 realizar, no dia 31 de janeiro, seletivas para buscar novos talentos que v\u00e3o integrar a equipe da cidade. Apesar de n\u00e3o ter limite de vagas, apenas as atletas que se destacarem na avalia\u00e7\u00e3o v\u00e3o fazer parte da\u2026","rel":"","context":"In &quot;Not\u00edcias de Ribeir\u00e3o Preto-SP e Regi\u00e3o&quot;","block_context":{"text":"Not\u00edcias de Ribeir\u00e3o Preto-SP e Regi\u00e3o","link":"https:\/\/ismaelcolosi.com.br\/index.php\/category\/noticias-de-ribeirao-preto-sp-e-regiao-ismael-colosi\/"},"img":{"alt_text":"","src":"https:\/\/i0.wp.com\/ismaelcolosi.com.br\/wp-content\/uploads\/2024\/01\/Copia-de-Copia-de-TAMANHO-EXATO-PARA-FOTOS-NO-SISTEMA-NOVO-1-1.jpg?fit=1200%2C675&ssl=1&resize=350%2C200","width":350,"height":200,"srcset":"https:\/\/i0.wp.com\/ismaelcolosi.com.br\/wp-content\/uploads\/2024\/01\/Copia-de-Copia-de-TAMANHO-EXATO-PARA-FOTOS-NO-SISTEMA-NOVO-1-1.jpg?fit=1200%2C675&ssl=1&resize=350%2C200 1x, https:\/\/i0.wp.com\/ismaelcolosi.com.br\/wp-content\/uploads\/2024\/01\/Copia-de-Copia-de-TAMANHO-EXATO-PARA-FOTOS-NO-SISTEMA-NOVO-1-1.jpg?fit=1200%2C675&ssl=1&resize=525%2C300 1.5x, https:\/\/i0.wp.com\/ismaelcolosi.com.br\/wp-content\/uploads\/2024\/01\/Copia-de-Copia-de-TAMANHO-EXATO-PARA-FOTOS-NO-SISTEMA-NOVO-1-1.jpg?fit=1200%2C675&ssl=1&resize=700%2C400 2x, https:\/\/i0.wp.com\/ismaelcolosi.com.br\/wp-content\/uploads\/2024\/01\/Copia-de-Copia-de-TAMANHO-EXATO-PARA-FOTOS-NO-SISTEMA-NOVO-1-1.jpg?fit=1200%2C675&ssl=1&resize=1050%2C600 3x"},"classes":[]},{"id":51763,"url":"https:\/\/ismaelcolosi.com.br\/index.php\/2024\/05\/30\/atleta-da-regiao-de-ribeirao-preto-faz-melhor-tempo-do-ano-em-prova-de-atletismo\/","url_meta":{"origin":56821,"position":4},"title":"Atleta da regi\u00e3o de Ribeir\u00e3o Preto faz melhor tempo do ano em prova de atletismo","author":"ismaelcolosi.com.br","date":"30 de May de 2024","format":false,"excerpt":"O atleta Alison dos Santos, conhecido como Piu, que \u00e9 de S\u00e3o Joaquim da Barra, na regi\u00e3o de Ribeir\u00e3o Preto, venceu os 400 metros com barreiras da etapa Oslo da Diamond League de atletismo, que aconteceu na Noruega. A disputa contra o noruegu\u00eas Karsten Warholm, que era favorito, aconteceu nesta\u2026","rel":"","context":"In &quot;Not\u00edcias de Ribeir\u00e3o Preto-SP e Regi\u00e3o&quot;","block_context":{"text":"Not\u00edcias de Ribeir\u00e3o Preto-SP e Regi\u00e3o","link":"https:\/\/ismaelcolosi.com.br\/index.php\/category\/noticias-de-ribeirao-preto-sp-e-regiao-ismael-colosi\/"},"img":{"alt_text":"","src":"https:\/\/i0.wp.com\/ismaelcolosi.com.br\/wp-content\/uploads\/2024\/05\/Copia-de-Copia-de-TAMANHO-EXATO-PARA-FOTOS-NO-SISTEMA-NOVO-70_2024-05-30_21-28-54_jpg_2024-05-30_21-28-54.webp.webp?fit=1200%2C675&ssl=1&resize=350%2C200","width":350,"height":200,"srcset":"https:\/\/i0.wp.com\/ismaelcolosi.com.br\/wp-content\/uploads\/2024\/05\/Copia-de-Copia-de-TAMANHO-EXATO-PARA-FOTOS-NO-SISTEMA-NOVO-70_2024-05-30_21-28-54_jpg_2024-05-30_21-28-54.webp.webp?fit=1200%2C675&ssl=1&resize=350%2C200 1x, https:\/\/i0.wp.com\/ismaelcolosi.com.br\/wp-content\/uploads\/2024\/05\/Copia-de-Copia-de-TAMANHO-EXATO-PARA-FOTOS-NO-SISTEMA-NOVO-70_2024-05-30_21-28-54_jpg_2024-05-30_21-28-54.webp.webp?fit=1200%2C675&ssl=1&resize=525%2C300 1.5x, https:\/\/i0.wp.com\/ismaelcolosi.com.br\/wp-content\/uploads\/2024\/05\/Copia-de-Copia-de-TAMANHO-EXATO-PARA-FOTOS-NO-SISTEMA-NOVO-70_2024-05-30_21-28-54_jpg_2024-05-30_21-28-54.webp.webp?fit=1200%2C675&ssl=1&resize=700%2C400 2x, https:\/\/i0.wp.com\/ismaelcolosi.com.br\/wp-content\/uploads\/2024\/05\/Copia-de-Copia-de-TAMANHO-EXATO-PARA-FOTOS-NO-SISTEMA-NOVO-70_2024-05-30_21-28-54_jpg_2024-05-30_21-28-54.webp.webp?fit=1200%2C675&ssl=1&resize=1050%2C600 3x"},"classes":[]},{"id":6565,"url":"https:\/\/ismaelcolosi.com.br\/index.php\/2023\/11\/26\/regiao-de-ribeirao-tem-evento-de-hipismo-com-atleta-olimpico-doda-miranda\/","url_meta":{"origin":56821,"position":5},"title":"Regi\u00e3o de Ribeir\u00e3o tem evento de hipismo com atleta ol\u00edmpico Doda Miranda \u00a0","author":"ismaelcolosi.com.br","date":"26 de November de 2023","format":false,"excerpt":"A 3\u00aa edi\u00e7\u00e3o da Cl\u00ednica de Hipismo do Centro H\u00edpico Special Sport Horse, ir\u00e1 acontecer nos dias 30 de novembro, 1 e 2 de dezembro, no Residencial Fazenda Santa Maria, em Cravinhos, a 20 km de Ribeir\u00e3o Preto. \u00a0 O cavaleiro ol\u00edmpico Doda Miranda \u00e9 quem ir\u00e1 ministrar as aulas.\u2026","rel":"","context":"In &quot;Not\u00edcias de Ribeir\u00e3o Preto-SP e Regi\u00e3o&quot;","block_context":{"text":"Not\u00edcias de Ribeir\u00e3o Preto-SP e Regi\u00e3o","link":"https:\/\/ismaelcolosi.com.br\/index.php\/category\/noticias-de-ribeirao-preto-sp-e-regiao-ismael-colosi\/"},"img":{"alt_text":"","src":"https:\/\/i0.wp.com\/ismaelcolosi.com.br\/wp-content\/uploads\/2023\/11\/DodaMiranda03-scaled.jpg?fit=1200%2C800&ssl=1&resize=350%2C200","width":350,"height":200,"srcset":"https:\/\/i0.wp.com\/ismaelcolosi.com.br\/wp-content\/uploads\/2023\/11\/DodaMiranda03-scaled.jpg?fit=1200%2C800&ssl=1&resize=350%2C200 1x, https:\/\/i0.wp.com\/ismaelcolosi.com.br\/wp-content\/uploads\/2023\/11\/DodaMiranda03-scaled.jpg?fit=1200%2C800&ssl=1&resize=525%2C300 1.5x, https:\/\/i0.wp.com\/ismaelcolosi.com.br\/wp-content\/uploads\/2023\/11\/DodaMiranda03-scaled.jpg?fit=1200%2C800&ssl=1&resize=700%2C400 2x, https:\/\/i0.wp.com\/ismaelcolosi.com.br\/wp-content\/uploads\/2023\/11\/DodaMiranda03-scaled.jpg?fit=1200%2C800&ssl=1&resize=1050%2C600 3x"},"classes":[]}],"jetpack_sharing_enabled":true,"jetpack_shortlink":"https:\/\/wp.me\/pfMlyK-eMt","_links":{"self":[{"href":"https:\/\/ismaelcolosi.com.br\/index.php\/wp-json\/wp\/v2\/posts\/56821","targetHints":{"allow":["GET"]}}],"collection":[{"href":"https:\/\/ismaelcolosi.com.br\/index.php\/wp-json\/wp\/v2\/posts"}],"about":[{"href":"https:\/\/ismaelcolosi.com.br\/index.php\/wp-json\/wp\/v2\/types\/post"}],"author":[{"embeddable":true,"href":"https:\/\/ismaelcolosi.com.br\/index.php\/wp-json\/wp\/v2\/users\/1"}],"replies":[{"embeddable":true,"href":"https:\/\/ismaelcolosi.com.br\/index.php\/wp-json\/wp\/v2\/comments?post=56821"}],"version-history":[{"count":0,"href":"https:\/\/ismaelcolosi.com.br\/index.php\/wp-json\/wp\/v2\/posts\/56821\/revisions"}],"wp:featuredmedia":[{"embeddable":true,"href":"https:\/\/ismaelcolosi.com.br\/index.php\/wp-json\/wp\/v2\/media\/56822"}],"wp:attachment":[{"href":"https:\/\/ismaelcolosi.com.br\/index.php\/wp-json\/wp\/v2\/media?parent=56821"}],"wp:term":[{"taxonomy":"category","embeddable":true,"href":"https:\/\/ismaelcolosi.com.br\/index.php\/wp-json\/wp\/v2\/categories?post=56821"},{"taxonomy":"post_tag","embeddable":true,"href":"https:\/\/ismaelcolosi.com.br\/index.php\/wp-json\/wp\/v2\/tags?post=56821"}],"curies":[{"name":"wp","href":"https:\/\/api.w.org\/{rel}","templated":true}]}}