{"id":56807,"date":"2024-07-15T14:54:10","date_gmt":"2024-07-15T17:54:10","guid":{"rendered":"https:\/\/ismaelcolosi.com.br\/index.php\/2024\/07\/15\/assaltante-invade-casa-de-policial-militar-e-rouba-arma-em-ribeirao-preto\/"},"modified":"2024-07-15T14:54:10","modified_gmt":"2024-07-15T17:54:10","slug":"assaltante-invade-casa-de-policial-militar-e-rouba-arma-em-ribeirao-preto","status":"publish","type":"post","link":"https:\/\/ismaelcolosi.com.br\/index.php\/2024\/07\/15\/assaltante-invade-casa-de-policial-militar-e-rouba-arma-em-ribeirao-preto\/","title":{"rendered":"Assaltante invade casa de policial militar e rouba arma em Ribeir\u00e3o Preto"},"content":{"rendered":"<p> <br \/>\n<\/p>\n<div data-td-block-uid=\"tdi_106\">\n<div class=\"tdb-block-inner td-fix-index\">\n<p><strong>Um policial militar foi rendido por um assaltante em casa e teve uma arma de fogo de uso pessoal roubada na madrugada de s\u00e1bado (13), no Jardim Recreio, zona Oeste de Ribeir\u00e3o Preto.<\/strong><\/p>\n<p>A <strong>v\u00edtima<\/strong>, de 45 anos, disse no <strong>boletim de ocorr\u00eancia (BO)<\/strong> que <strong>dormia <\/strong>na companhia da <strong>namorada<\/strong>, quando o <strong>criminoso invadiu <\/strong>o <strong>im\u00f3vel <\/strong>por uma <strong>janela<\/strong>.<\/p>\n<p>Ainda conforme o registro, o <strong>assaltante <\/strong>colocou uma <strong>faca <\/strong>no <strong>pesco\u00e7o <\/strong>do <strong>policial <\/strong>e mandou que a <strong>v\u00edtima deitasse <\/strong>no <strong>ch\u00e3o<\/strong>.<\/p>\n<p>De acordo com o <strong>BO<\/strong>, o <strong>assaltante <\/strong>teria <strong>pedido desculpas <\/strong>ao saber que a <strong>v\u00edtima <\/strong>se tratava de um <strong>policial<\/strong>.<\/p>\n<p>Al\u00e9m da <strong>arma de calibre 45<\/strong> e <strong>12 muni\u00e7\u00f5es<\/strong>, tamb\u00e9m foram <strong>roubados dois celulares<\/strong> e a <strong>chave <\/strong>do <strong>carro <\/strong>da <strong>namorada <\/strong>do <strong>policial<\/strong>. <\/p>\n<p>O <strong>criminoso fugiu <\/strong>em seguida e a v\u00edtima chamou a <strong>PM (Pol\u00edcia Militar)<\/strong>, mas nenhum <strong>suspeito <\/strong>foi <strong>preso<\/strong>.<\/p>\n<p>O <strong>policial <\/strong>sofreu <strong>ferimentos <\/strong>no <strong>pesco\u00e7o<\/strong> e na <strong>m\u00e3o esquerda<\/strong>, que teriam sido provocados ao tentar segurar a <strong>faca<\/strong>. <\/p>\n<p>O caso foi registrado na <strong>CPJ (Central de Pol\u00edcia Judici\u00e1ria) Permanente<\/strong> como <strong>roubo a resid\u00eancia<\/strong> para <strong>investiga\u00e7\u00e3o <\/strong>da <strong>Pol\u00edcia Civil<\/strong>.<\/p>\n<p>SAIBA MAIS<\/p>\n<p>Homem \u00e9 baleado ap\u00f3s confus\u00e3o com vizinho na regi\u00e3o de Ribeir\u00e3o Preto; Veja v\u00eddeo<\/p>\n<h4 class=\"wp-block-heading\"><strong>FIQUE ON<\/strong><\/h4>\n<p>Fique ligado em tudo que acontece em Ribeir\u00e3o Preto e regi\u00e3o. Siga os perfis do\u00a0<strong>acidade on\u00a0<\/strong>no Instagram e no Facebook.<\/p>\n<p>Receba not\u00edcias do<strong>\u00a0acidade on\u00a0<\/strong>no WhatsApp.\u00a0<a href=\"https:\/\/chat.whatsapp.com\/CdrZ6xrf7quD44Vw3WlPuZ\" target=\"_blank\" rel=\"noreferrer noopener\">Para entrar no grupo, basta clicar aqui.<\/a><\/p>\n<p>Fa\u00e7a uma den\u00fancia ou sugira uma reportagem sobre Ribeir\u00e3o Preto e regi\u00e3o pelo WhatsApp: 16 99117 7802.<\/p>\n<p>VEJA TAMB\u00c9M<\/p>\n<p>Cidade do Texas culpa fazenda de Bitcoin por doen\u00e7as<\/p>\n<p><!-- AI CONTENT END 1 -->\n<\/div>\n<\/div>\n<p><br \/>\n<br \/><a href=\"https:\/\/www.acidadeon.com\/ribeiraopreto\/cotidiano\/assaltante-invade-casa-de-policial-militar-e-rouba-arma-em-ribeirao-preto\/\">Source link <\/a><\/p>\n<div class='code-block code-block-4' style='margin: 8px auto 8px 0; text-align: left; display: block; clear: both;'>\n\ud83d\udce2 Aviso Legal\n\nO site ismaelcolosi.com.br atua apenas como um canal de divulga\u00e7\u00e3o de oportunidades de emprego e n\u00e3o se responsabiliza pelo processo seletivo, contrata\u00e7\u00e3o ou qualquer outra etapa relacionada \u00e0s vagas publicadas. Todas as informa\u00e7\u00f5es s\u00e3o de responsabilidade dos anunciantes.\n\n\u26a0\ufe0f Aten\u00e7\u00e3o! Nunca pague por promessas de emprego nem compre cursos que garantam contrata\u00e7\u00e3o. Desconfie de qualquer cobran\u00e7a para participar de sele\u00e7\u00f5es.\n\n\n\n<\/div>\n<!-- CONTENT END 1 -->\n","protected":false},"excerpt":{"rendered":"<p>Um policial militar foi rendido por um assaltante em casa e teve uma arma de fogo de uso pessoal roubada na madrugada de s\u00e1bado (13),&#8230;<\/p>\n","protected":false},"author":1,"featured_media":56808,"comment_status":"open","ping_status":"open","sticky":false,"template":"","format":"standard","meta":{"_uag_custom_page_level_css":"","advanced_seo_description":"","jetpack_seo_html_title":"","jetpack_seo_noindex":false,"jetpack_post_was_ever_published":false,"_jetpack_newsletter_access":"","_jetpack_dont_email_post_to_subs":false,"_jetpack_newsletter_tier_id":0,"_jetpack_memberships_contains_paywalled_content":false,"_jetpack_memberships_contains_paid_content":false,"footnotes":"","jetpack_publicize_message":"","jetpack_publicize_feature_enabled":true,"jetpack_social_post_already_shared":true,"jetpack_social_options":{"image_generator_settings":{"template":"highway","default_image_id":0,"font":"","enabled":false},"version":2}},"categories":[11],"tags":[],"class_list":["post-56807","post","type-post","status-publish","format-standard","has-post-thumbnail","hentry","category-noticias-de-ribeirao-preto-sp-e-regiao-ismael-colosi"],"jetpack_publicize_connections":[],"jetpack_featured_media_url":"https:\/\/i0.wp.com\/ismaelcolosi.com.br\/wp-content\/uploads\/2024\/07\/1721066051_cpj_policia_1024x576_21012021082231.jpg?fit=1024%2C576&ssl=1","uagb_featured_image_src":{"full":["https:\/\/i0.wp.com\/ismaelcolosi.com.br\/wp-content\/uploads\/2024\/07\/1721066051_cpj_policia_1024x576_21012021082231.jpg?fit=1024%2C576&ssl=1",1024,576,false],"thumbnail":["https:\/\/i0.wp.com\/ismaelcolosi.com.br\/wp-content\/uploads\/2024\/07\/1721066051_cpj_policia_1024x576_21012021082231.jpg?resize=150%2C150&ssl=1",150,150,true],"medium":["https:\/\/i0.wp.com\/ismaelcolosi.com.br\/wp-content\/uploads\/2024\/07\/1721066051_cpj_policia_1024x576_21012021082231.jpg?fit=300%2C169&ssl=1",300,169,true],"medium_large":["https:\/\/i0.wp.com\/ismaelcolosi.com.br\/wp-content\/uploads\/2024\/07\/1721066051_cpj_policia_1024x576_21012021082231.jpg?fit=768%2C432&ssl=1",768,432,true],"large":["https:\/\/i0.wp.com\/ismaelcolosi.com.br\/wp-content\/uploads\/2024\/07\/1721066051_cpj_policia_1024x576_21012021082231.jpg?fit=1024%2C576&ssl=1",1024,576,true],"1536x1536":["https:\/\/i0.wp.com\/ismaelcolosi.com.br\/wp-content\/uploads\/2024\/07\/1721066051_cpj_policia_1024x576_21012021082231.jpg?fit=1024%2C576&ssl=1",1024,576,true],"2048x2048":["https:\/\/i0.wp.com\/ismaelcolosi.com.br\/wp-content\/uploads\/2024\/07\/1721066051_cpj_policia_1024x576_21012021082231.jpg?fit=1024%2C576&ssl=1",1024,576,true],"really-simple-thumb":["https:\/\/i0.wp.com\/ismaelcolosi.com.br\/wp-content\/uploads\/2024\/07\/1721066051_cpj_policia_1024x576_21012021082231.jpg?resize=370%2C247&ssl=1",370,247,true]},"uagb_author_info":{"display_name":"ismaelcolosi.com.br","author_link":"https:\/\/ismaelcolosi.com.br\/index.php\/author\/vidareal-online\/"},"uagb_comment_info":0,"uagb_excerpt":"Um policial militar foi rendido por um assaltante em casa e teve uma arma de fogo de uso pessoal roubada na madrugada de s\u00e1bado (13),...","jetpack-related-posts":[{"id":57365,"url":"https:\/\/ismaelcolosi.com.br\/index.php\/2024\/07\/19\/preso-segundo-suspeito-de-invadir-casa-e-roubar-arma-de-policial-em-ribeirao-preto\/","url_meta":{"origin":56807,"position":0},"title":"Preso segundo suspeito de invadir casa e roubar arma de policial em Ribeir\u00e3o Preto","author":"ismaelcolosi.com.br","date":"19 de July de 2024","format":false,"excerpt":"A Pol\u00edcia Civil prendeu, no fim desta sexta-feira (19), o segundo suspeito de invadir a casa de um policial e roubar, entre outros objetos, uma arma de fogo de uso pessoal. O assalto ocorreu no \u00faltimo dia 13, no bairro Jardim Recreio, na zona Oeste de Ribeir\u00e3o Preto. Segundo a\u2026","rel":"","context":"In &quot;Not\u00edcias de Ribeir\u00e3o Preto-SP e Regi\u00e3o&quot;","block_context":{"text":"Not\u00edcias de Ribeir\u00e3o Preto-SP e Regi\u00e3o","link":"https:\/\/ismaelcolosi.com.br\/index.php\/category\/noticias-de-ribeirao-preto-sp-e-regiao-ismael-colosi\/"},"img":{"alt_text":"","src":"https:\/\/i0.wp.com\/ismaelcolosi.com.br\/wp-content\/uploads\/2024\/07\/Copia-de-Copia-de-TAMANHO-EXATO-PARA-FOTOS-NO-SISTEMA-NOVO-3_2024-07-19_23-09-30_jpg_2024-07-19_23-09-30.webp.webp?fit=1200%2C675&ssl=1&resize=350%2C200","width":350,"height":200,"srcset":"https:\/\/i0.wp.com\/ismaelcolosi.com.br\/wp-content\/uploads\/2024\/07\/Copia-de-Copia-de-TAMANHO-EXATO-PARA-FOTOS-NO-SISTEMA-NOVO-3_2024-07-19_23-09-30_jpg_2024-07-19_23-09-30.webp.webp?fit=1200%2C675&ssl=1&resize=350%2C200 1x, https:\/\/i0.wp.com\/ismaelcolosi.com.br\/wp-content\/uploads\/2024\/07\/Copia-de-Copia-de-TAMANHO-EXATO-PARA-FOTOS-NO-SISTEMA-NOVO-3_2024-07-19_23-09-30_jpg_2024-07-19_23-09-30.webp.webp?fit=1200%2C675&ssl=1&resize=525%2C300 1.5x, https:\/\/i0.wp.com\/ismaelcolosi.com.br\/wp-content\/uploads\/2024\/07\/Copia-de-Copia-de-TAMANHO-EXATO-PARA-FOTOS-NO-SISTEMA-NOVO-3_2024-07-19_23-09-30_jpg_2024-07-19_23-09-30.webp.webp?fit=1200%2C675&ssl=1&resize=700%2C400 2x, https:\/\/i0.wp.com\/ismaelcolosi.com.br\/wp-content\/uploads\/2024\/07\/Copia-de-Copia-de-TAMANHO-EXATO-PARA-FOTOS-NO-SISTEMA-NOVO-3_2024-07-19_23-09-30_jpg_2024-07-19_23-09-30.webp.webp?fit=1200%2C675&ssl=1&resize=1050%2C600 3x"},"classes":[]},{"id":53653,"url":"https:\/\/ismaelcolosi.com.br\/index.php\/2024\/06\/18\/assaltante-e-baleado-por-sargento-da-pm-ao-reagir-a-roubo-regiao-de-ribeirao-preto\/","url_meta":{"origin":56807,"position":1},"title":"Assaltante \u00e9 baleado por sargento da PM ao reagir a roubo regi\u00e3o de Ribeir\u00e3o Preto","author":"ismaelcolosi.com.br","date":"18 de June de 2024","format":false,"excerpt":"Um sargento da PM (Pol\u00edcia Militar) baleou um assaltante ao reagir a um roubo na manh\u00e3 desta ter\u00e7a-feira (18), no Distrito Industrial Jos\u00e9 Aparecido, em Jaboticabal, cidade a aproximadamente 50 quil\u00f4metros de Ribeir\u00e3o Preto. Segundo informa\u00e7\u00f5es da Pol\u00edcia Civil, o policial, de 46 anos, levava a filha para o trabalho\u2026","rel":"","context":"In &quot;Not\u00edcias de Ribeir\u00e3o Preto-SP e Regi\u00e3o&quot;","block_context":{"text":"Not\u00edcias de Ribeir\u00e3o Preto-SP e Regi\u00e3o","link":"https:\/\/ismaelcolosi.com.br\/index.php\/category\/noticias-de-ribeirao-preto-sp-e-regiao-ismael-colosi\/"},"img":{"alt_text":"","src":"https:\/\/i0.wp.com\/ismaelcolosi.com.br\/wp-content\/uploads\/2024\/06\/1718735003_20220620_114539075_policia_qru_1024x576_25052021184749_jpg_715985292.jpg?fit=1200%2C606&ssl=1&resize=350%2C200","width":350,"height":200,"srcset":"https:\/\/i0.wp.com\/ismaelcolosi.com.br\/wp-content\/uploads\/2024\/06\/1718735003_20220620_114539075_policia_qru_1024x576_25052021184749_jpg_715985292.jpg?fit=1200%2C606&ssl=1&resize=350%2C200 1x, https:\/\/i0.wp.com\/ismaelcolosi.com.br\/wp-content\/uploads\/2024\/06\/1718735003_20220620_114539075_policia_qru_1024x576_25052021184749_jpg_715985292.jpg?fit=1200%2C606&ssl=1&resize=525%2C300 1.5x, https:\/\/i0.wp.com\/ismaelcolosi.com.br\/wp-content\/uploads\/2024\/06\/1718735003_20220620_114539075_policia_qru_1024x576_25052021184749_jpg_715985292.jpg?fit=1200%2C606&ssl=1&resize=700%2C400 2x, https:\/\/i0.wp.com\/ismaelcolosi.com.br\/wp-content\/uploads\/2024\/06\/1718735003_20220620_114539075_policia_qru_1024x576_25052021184749_jpg_715985292.jpg?fit=1200%2C606&ssl=1&resize=1050%2C600 3x"},"classes":[]},{"id":68896,"url":"https:\/\/ismaelcolosi.com.br\/index.php\/2024\/10\/02\/comerciante-morre-baleado-na-cabeca-ao-fugir-da-pm-na-regiao-de-ribeirao-preto\/","url_meta":{"origin":56807,"position":2},"title":"Comerciante morre baleado na cabe\u00e7a ao fugir da PM na regi\u00e3o de Ribeir\u00e3o Preto","author":"ismaelcolosi.com.br","date":"2 de October de 2024","format":false,"excerpt":"Um homem de 27 anos morreu na madrugada desta quarta-feira (2), ap\u00f3s ser baleado na cabe\u00e7a durante uma opera\u00e7\u00e3o da PM (Pol\u00edcia Militar) em Orl\u00e2ndia, cidade a aproximadamente 50 quil\u00f4metros de Ribeir\u00e3o Preto. Um policial militar foi preso e teve a arma \u2013 uma pistola calibre ponto 40 \u2013 apreendida.\u2026","rel":"","context":"In &quot;Not\u00edcias de Ribeir\u00e3o Preto-SP e Regi\u00e3o&quot;","block_context":{"text":"Not\u00edcias de Ribeir\u00e3o Preto-SP e Regi\u00e3o","link":"https:\/\/ismaelcolosi.com.br\/index.php\/category\/noticias-de-ribeirao-preto-sp-e-regiao-ismael-colosi\/"},"img":{"alt_text":"","src":"https:\/\/i0.wp.com\/ismaelcolosi.com.br\/wp-content\/uploads\/2024\/10\/JOAO_2024-10-02_15-24-15_jpg_2024-10-02_15-24-16.webp.webp?fit=1200%2C820&ssl=1&resize=350%2C200","width":350,"height":200,"srcset":"https:\/\/i0.wp.com\/ismaelcolosi.com.br\/wp-content\/uploads\/2024\/10\/JOAO_2024-10-02_15-24-15_jpg_2024-10-02_15-24-16.webp.webp?fit=1200%2C820&ssl=1&resize=350%2C200 1x, https:\/\/i0.wp.com\/ismaelcolosi.com.br\/wp-content\/uploads\/2024\/10\/JOAO_2024-10-02_15-24-15_jpg_2024-10-02_15-24-16.webp.webp?fit=1200%2C820&ssl=1&resize=525%2C300 1.5x, https:\/\/i0.wp.com\/ismaelcolosi.com.br\/wp-content\/uploads\/2024\/10\/JOAO_2024-10-02_15-24-15_jpg_2024-10-02_15-24-16.webp.webp?fit=1200%2C820&ssl=1&resize=700%2C400 2x, https:\/\/i0.wp.com\/ismaelcolosi.com.br\/wp-content\/uploads\/2024\/10\/JOAO_2024-10-02_15-24-15_jpg_2024-10-02_15-24-16.webp.webp?fit=1200%2C820&ssl=1&resize=1050%2C600 3x"},"classes":[]},{"id":55504,"url":"https:\/\/ismaelcolosi.com.br\/index.php\/2024\/07\/03\/assaltante-ameaca-idoso-com-revolver-e-rouba-r-47-mil-em-ribeirao-preto\/","url_meta":{"origin":56807,"position":3},"title":"Assaltante amea\u00e7a idoso com rev\u00f3lver e rouba R$ 4,7 mil em Ribeir\u00e3o Preto","author":"ismaelcolosi.com.br","date":"3 de July de 2024","format":false,"excerpt":"Um assaltante armado roubou R$ 4,7 mil em dinheiro de um homem de 60 anos na manh\u00e3 da \u00faltima segunda-feira (1\u00ba), na Vila Albertina, zona Norte de Ribeir\u00e3o Preto. A v\u00edtima relatou no boletim de ocorr\u00eancia (BO) que estava perto de sua casa, no cruzamento da avenida Rio Pardo com\u2026","rel":"","context":"In &quot;Not\u00edcias de Ribeir\u00e3o Preto-SP e Regi\u00e3o&quot;","block_context":{"text":"Not\u00edcias de Ribeir\u00e3o Preto-SP e Regi\u00e3o","link":"https:\/\/ismaelcolosi.com.br\/index.php\/category\/noticias-de-ribeirao-preto-sp-e-regiao-ismael-colosi\/"},"img":{"alt_text":"","src":"https:\/\/i0.wp.com\/ismaelcolosi.com.br\/wp-content\/uploads\/2024\/07\/ballots-1195046_1920.jpg?fit=1200%2C800&ssl=1&resize=350%2C200","width":350,"height":200,"srcset":"https:\/\/i0.wp.com\/ismaelcolosi.com.br\/wp-content\/uploads\/2024\/07\/ballots-1195046_1920.jpg?fit=1200%2C800&ssl=1&resize=350%2C200 1x, https:\/\/i0.wp.com\/ismaelcolosi.com.br\/wp-content\/uploads\/2024\/07\/ballots-1195046_1920.jpg?fit=1200%2C800&ssl=1&resize=525%2C300 1.5x, https:\/\/i0.wp.com\/ismaelcolosi.com.br\/wp-content\/uploads\/2024\/07\/ballots-1195046_1920.jpg?fit=1200%2C800&ssl=1&resize=700%2C400 2x, https:\/\/i0.wp.com\/ismaelcolosi.com.br\/wp-content\/uploads\/2024\/07\/ballots-1195046_1920.jpg?fit=1200%2C800&ssl=1&resize=1050%2C600 3x"},"classes":[]},{"id":57637,"url":"https:\/\/ismaelcolosi.com.br\/index.php\/2024\/07\/23\/perdeu-diz-assaltante-armado-ao-roubar-carro-em-pleno-transito-de-ribeirao-preto\/","url_meta":{"origin":56807,"position":4},"title":"&#8216;Perdeu&#8217;, diz assaltante armado ao roubar carro em pleno tr\u00e2nsito de Ribeir\u00e3o Preto","author":"ismaelcolosi.com.br","date":"23 de July de 2024","format":false,"excerpt":"Um motorista foi abordado no tr\u00e2nsito por dois assaltantes em uma moto e teve o carro roubado na noite desta segunda-feira (22), na zona Norte de Ribeir\u00e3o Preto. Segundo o boletim de ocorr\u00eancia (BO), a v\u00edtima relatou \u00e0 pol\u00edcia que passava pela avenida Capit\u00e3o Salom\u00e3o e que a abordagem ocorreu\u2026","rel":"","context":"In &quot;Not\u00edcias de Ribeir\u00e3o Preto-SP e Regi\u00e3o&quot;","block_context":{"text":"Not\u00edcias de Ribeir\u00e3o Preto-SP e Regi\u00e3o","link":"https:\/\/ismaelcolosi.com.br\/index.php\/category\/noticias-de-ribeirao-preto-sp-e-regiao-ismael-colosi\/"},"img":{"alt_text":"","src":"https:\/\/i0.wp.com\/ismaelcolosi.com.br\/wp-content\/uploads\/2024\/07\/WhatsApp-Image-2023-10-16-at-09.34.32-1.jpeg?fit=1080%2C1080&ssl=1&resize=350%2C200","width":350,"height":200,"srcset":"https:\/\/i0.wp.com\/ismaelcolosi.com.br\/wp-content\/uploads\/2024\/07\/WhatsApp-Image-2023-10-16-at-09.34.32-1.jpeg?fit=1080%2C1080&ssl=1&resize=350%2C200 1x, https:\/\/i0.wp.com\/ismaelcolosi.com.br\/wp-content\/uploads\/2024\/07\/WhatsApp-Image-2023-10-16-at-09.34.32-1.jpeg?fit=1080%2C1080&ssl=1&resize=525%2C300 1.5x, https:\/\/i0.wp.com\/ismaelcolosi.com.br\/wp-content\/uploads\/2024\/07\/WhatsApp-Image-2023-10-16-at-09.34.32-1.jpeg?fit=1080%2C1080&ssl=1&resize=700%2C400 2x, https:\/\/i0.wp.com\/ismaelcolosi.com.br\/wp-content\/uploads\/2024\/07\/WhatsApp-Image-2023-10-16-at-09.34.32-1.jpeg?fit=1080%2C1080&ssl=1&resize=1050%2C600 3x"},"classes":[]},{"id":64216,"url":"https:\/\/ismaelcolosi.com.br\/index.php\/2024\/09\/06\/trio-tenta-assaltar-policial-e-um-acaba-morto-em-ribeirao-preto\/","url_meta":{"origin":56807,"position":5},"title":"Trio tenta assaltar policial e um acaba morto em Ribeir\u00e3o Preto","author":"ismaelcolosi.com.br","date":"6 de September de 2024","format":false,"excerpt":"Um policial militar reagiu a uma tentativa de assalto e matou um suspeito na noite desta quinta-feira (5), no Parque dos Servidores, zona Leste de Ribeir\u00e3o Preto. Segundo o boletim de ocorr\u00eancia (BO), o policial afrmou que fazia caminhada pela rotat\u00f3ria das avenidas Jos\u00e9 Ant\u00f4nio Ferrarezi e Marco Ant\u00f4nio Macario\u2026","rel":"","context":"In &quot;Not\u00edcias de Ribeir\u00e3o Preto-SP e Regi\u00e3o&quot;","block_context":{"text":"Not\u00edcias de Ribeir\u00e3o Preto-SP e Regi\u00e3o","link":"https:\/\/ismaelcolosi.com.br\/index.php\/category\/noticias-de-ribeirao-preto-sp-e-regiao-ismael-colosi\/"},"img":{"alt_text":"","src":"https:\/\/i0.wp.com\/ismaelcolosi.com.br\/wp-content\/uploads\/2024\/09\/sirene_giroflex_1024x576_11032021085153.jpg?fit=1024%2C576&ssl=1&resize=350%2C200","width":350,"height":200,"srcset":"https:\/\/i0.wp.com\/ismaelcolosi.com.br\/wp-content\/uploads\/2024\/09\/sirene_giroflex_1024x576_11032021085153.jpg?fit=1024%2C576&ssl=1&resize=350%2C200 1x, https:\/\/i0.wp.com\/ismaelcolosi.com.br\/wp-content\/uploads\/2024\/09\/sirene_giroflex_1024x576_11032021085153.jpg?fit=1024%2C576&ssl=1&resize=525%2C300 1.5x, https:\/\/i0.wp.com\/ismaelcolosi.com.br\/wp-content\/uploads\/2024\/09\/sirene_giroflex_1024x576_11032021085153.jpg?fit=1024%2C576&ssl=1&resize=700%2C400 2x"},"classes":[]}],"jetpack_sharing_enabled":true,"jetpack_shortlink":"https:\/\/wp.me\/pfMlyK-eMf","_links":{"self":[{"href":"https:\/\/ismaelcolosi.com.br\/index.php\/wp-json\/wp\/v2\/posts\/56807","targetHints":{"allow":["GET"]}}],"collection":[{"href":"https:\/\/ismaelcolosi.com.br\/index.php\/wp-json\/wp\/v2\/posts"}],"about":[{"href":"https:\/\/ismaelcolosi.com.br\/index.php\/wp-json\/wp\/v2\/types\/post"}],"author":[{"embeddable":true,"href":"https:\/\/ismaelcolosi.com.br\/index.php\/wp-json\/wp\/v2\/users\/1"}],"replies":[{"embeddable":true,"href":"https:\/\/ismaelcolosi.com.br\/index.php\/wp-json\/wp\/v2\/comments?post=56807"}],"version-history":[{"count":0,"href":"https:\/\/ismaelcolosi.com.br\/index.php\/wp-json\/wp\/v2\/posts\/56807\/revisions"}],"wp:featuredmedia":[{"embeddable":true,"href":"https:\/\/ismaelcolosi.com.br\/index.php\/wp-json\/wp\/v2\/media\/56808"}],"wp:attachment":[{"href":"https:\/\/ismaelcolosi.com.br\/index.php\/wp-json\/wp\/v2\/media?parent=56807"}],"wp:term":[{"taxonomy":"category","embeddable":true,"href":"https:\/\/ismaelcolosi.com.br\/index.php\/wp-json\/wp\/v2\/categories?post=56807"},{"taxonomy":"post_tag","embeddable":true,"href":"https:\/\/ismaelcolosi.com.br\/index.php\/wp-json\/wp\/v2\/tags?post=56807"}],"curies":[{"name":"wp","href":"https:\/\/api.w.org\/{rel}","templated":true}]}}