{"id":56797,"date":"2024-07-15T13:45:31","date_gmt":"2024-07-15T16:45:31","guid":{"rendered":"https:\/\/ismaelcolosi.com.br\/index.php\/2024\/07\/15\/so-pra-contrariar-faz-show-em-ribeirao-preto-neste-fim-de-semana\/"},"modified":"2024-07-15T13:45:31","modified_gmt":"2024-07-15T16:45:31","slug":"so-pra-contrariar-faz-show-em-ribeirao-preto-neste-fim-de-semana","status":"publish","type":"post","link":"https:\/\/ismaelcolosi.com.br\/index.php\/2024\/07\/15\/so-pra-contrariar-faz-show-em-ribeirao-preto-neste-fim-de-semana\/","title":{"rendered":"S\u00f3 Pra Contrariar faz show em Ribeir\u00e3o Preto neste fim de semana"},"content":{"rendered":"<p> <br \/>\n<\/p>\n<div>\n<p>A <span style=\"background-color:#f7cc62\" class=\"td_text_highlight_marker\"><mark style=\"background-color:rgba(0, 0, 0, 0)\" class=\"has-inline-color has-black-color\"><strong>turn\u00ea \u201cSPC Ac\u00fastico 2 \u2013 O \u00daltimo Encontro\u201d<\/strong>, que marca a <strong>despedida de Alexandre Pires<\/strong> do grupo chega a <strong>Ribeir\u00e3o Preto<\/strong>, neste <strong>s\u00e1bado<\/strong> (20).<\/mark><\/span> O <strong>show<\/strong> acontece no Multiplan Hall, que fica no interior do Ribeir\u00e3o Shopping, na zona Sul da cidade.<\/p>\n<p>Os <strong>ingressos<\/strong> est\u00e3o \u00e0 <strong>venda<\/strong> na <strong>bilheteria do local do evento<\/strong>, de segunda a sexta, das 14h \u00e0s 22h, e aos domingos, das 13h \u00e0s 20h, e tamb\u00e9m no <strong>site <\/strong>da ticketmaster (<a href=\"https:\/\/www.ticketmaster.com.br\/event\/sopracontrariar-ribeiraopreto\" target=\"_blank\" rel=\"noreferrer noopener nofollow\">clique aqui<\/a>).<\/p>\n<h2 class=\"wp-block-heading\"><strong>Veja os valores dos ingressos:<\/strong><\/h2>\n<ul>\n<li>Vip Especial \u2013 <strong>(Esgotado)<\/strong><\/li>\n<li>Vip Extra \u2013 a partir de R$ 859,63 + taxa<\/li>\n<li>Vip A \u2013 a partir de R$ 727,38 + taxa<\/li>\n<li>Pista \u2013 R$ 330,63 (inteira) + taxa<\/li>\n<li>Premium Extra \u2013R$ 500 (inteira) + taxa<\/li>\n<li>Premium \u2013 <strong>(Esgotado)<\/strong><\/li>\n<\/ul>\n<h3 class=\"wp-block-heading\"><strong>Sobre o S\u00f3 pra Contrariar<\/strong><\/h3>\n<p><strong>Formado em Uberl\u00e2ndia (MG)<\/strong>, tendo\u00a0<strong>Alexandre Pires como cantor principal<\/strong>, o grupo S\u00f3 Pra Contrariar (SPC) despontou no<strong>\u00a0in\u00edcio da d\u00e9cada de 90<\/strong>\u00a0e se tornou um dos nomes mais populares e importantes do pagode em todo o pa\u00eds.<\/p>\n<p>Em<strong>\u00a02002, Alexandre Pires deixou o grupo para seguir carreira solo<\/strong>, mas o pagode seguiu forte com a banda. O irm\u00e3o Fernando Pires retornou aos vocais, mantendo sempre intensa agenda de shows.<\/p>\n<p>As m\u00fasicas que marcaram o grupo s\u00e3o \u201cDomingo\u201d, \u201cEssa Tal Liberdade\u201d, \u201cDepois do Prazer\u201d, \u201cMineirinho\u201d, \u201cQue se chama Amor\u201d, \u201cSai da Minha Aba\u201d e a divertida \u201cA Barata da Vizinha\u201d, respons\u00e1vel por embalar, at\u00e9 hoje, as rodas de samba.<\/p>\n<h3 class=\"wp-block-heading\"><strong>Servi\u00e7o:<\/strong><\/h3>\n<p><strong>SPC ac\u00fastico 2 \u2013 O \u00daltimo Encontro<br \/><\/strong>Data: 20 de julho (s\u00e1bado)<br \/>Local: Multiplan Hall, no Ribeir\u00e3o Shopping<br \/>Hor\u00e1rio: abertura da casa 19h \u2013 servi\u00e7o de alimentos e bebidas Show Time: 21h<br \/>Ingressos: bilheteria local do evento ou on-line pelo site ticketmaster<\/p>\n<p>SAIBA MAIS <\/p>\n<p>Hotel Brasil no Centro de Ribeir\u00e3o Preto vai a leil\u00e3o novamente; Veja quando<\/p>\n<h4 class=\"wp-block-heading\"><strong>FIQUE ON<\/strong><\/h4>\n<p>Fique ligado em tudo que acontece em Ribeir\u00e3o Preto e regi\u00e3o. Siga os perfis do\u00a0<strong>acidade on<\/strong>\u00a0no\u00a0<a href=\"https:\/\/www.instagram.com\/acidadeonribeirao\" target=\"_blank\" rel=\"noreferrer noopener\">Instagram<\/a>\u00a0e no\u00a0<a href=\"https:\/\/www.facebook.com\/acidadeonribeirao\/\" target=\"_blank\" rel=\"noreferrer noopener\">Facebook<\/a>.<\/p>\n<p>Receba not\u00edcias do\u00a0<strong>acidade on<\/strong>\u00a0no WhatsApp.<a href=\"https:\/\/chat.whatsapp.com\/CdrZ6xrf7quD44Vw3WlPuZ\" target=\"_blank\" rel=\"noreferrer noopener\">\u00a0Para entrar no grupo, basta clicar aqui.<\/a><\/p>\n<p>Fa\u00e7a uma den\u00fancia ou sugira uma reportagem sobre Ribeir\u00e3o Preto e regi\u00e3o pelo WhatsApp: 16 99117 7802.<\/p>\n<p>VEJA TAMB\u00c9M<br \/>Interior de SP tem alerta de perigo potencial nesta segunda; Confira a previs\u00e3o do tempo<\/p>\n<p><!-- AI CONTENT END 1 -->\n<\/div>\n<p><script async src=\"\/\/www.instagram.com\/embed.js\"><\/script><br \/>\n<br \/><br \/>\n<br \/><a href=\"https:\/\/www.acidadeon.com\/ribeiraopreto\/lazer-e-cultura\/so-pra-contrariar-faz-show-em-ribeirao-preto-neste-fim-de-semana\/\">Source link <\/a><\/p>\n<div class='code-block code-block-4' style='margin: 8px auto 8px 0; text-align: left; display: block; clear: both;'>\n\ud83d\udce2 Aviso Legal\n\nO site ismaelcolosi.com.br atua apenas como um canal de divulga\u00e7\u00e3o de oportunidades de emprego e n\u00e3o se responsabiliza pelo processo seletivo, contrata\u00e7\u00e3o ou qualquer outra etapa relacionada \u00e0s vagas publicadas. Todas as informa\u00e7\u00f5es s\u00e3o de responsabilidade dos anunciantes.\n\n\u26a0\ufe0f Aten\u00e7\u00e3o! Nunca pague por promessas de emprego nem compre cursos que garantam contrata\u00e7\u00e3o. Desconfie de qualquer cobran\u00e7a para participar de sele\u00e7\u00f5es.\n\n\n\n<\/div>\n<!-- CONTENT END 1 -->\n","protected":false},"excerpt":{"rendered":"<p>A turn\u00ea \u201cSPC Ac\u00fastico 2 \u2013 O \u00daltimo Encontro\u201d, que marca a despedida de Alexandre Pires do grupo chega a Ribeir\u00e3o Preto, neste s\u00e1bado (20)&#8230;.<\/p>\n","protected":false},"author":1,"featured_media":56798,"comment_status":"open","ping_status":"open","sticky":false,"template":"","format":"standard","meta":{"_uag_custom_page_level_css":"","advanced_seo_description":"","jetpack_seo_html_title":"","jetpack_seo_noindex":false,"jetpack_post_was_ever_published":false,"_jetpack_newsletter_access":"","_jetpack_dont_email_post_to_subs":false,"_jetpack_newsletter_tier_id":0,"_jetpack_memberships_contains_paywalled_content":false,"_jetpack_memberships_contains_paid_content":false,"footnotes":"","jetpack_publicize_message":"","jetpack_publicize_feature_enabled":true,"jetpack_social_post_already_shared":true,"jetpack_social_options":{"image_generator_settings":{"template":"highway","default_image_id":0,"font":"","enabled":false},"version":2}},"categories":[11],"tags":[],"class_list":["post-56797","post","type-post","status-publish","format-standard","has-post-thumbnail","hentry","category-noticias-de-ribeirao-preto-sp-e-regiao-ismael-colosi"],"jetpack_publicize_connections":[],"jetpack_featured_media_url":"https:\/\/i0.wp.com\/ismaelcolosi.com.br\/wp-content\/uploads\/2024\/07\/Copia-de-Copia-de-TAMANHO-EXATO-PARA-FOTOS-NO-SISTEMA-NOVO-20_2024-07-15_16-06-49_jpg_2024-07-15_16-06-49.webp.webp?fit=1200%2C675&ssl=1","uagb_featured_image_src":{"full":["https:\/\/i0.wp.com\/ismaelcolosi.com.br\/wp-content\/uploads\/2024\/07\/Copia-de-Copia-de-TAMANHO-EXATO-PARA-FOTOS-NO-SISTEMA-NOVO-20_2024-07-15_16-06-49_jpg_2024-07-15_16-06-49.webp.webp?fit=1200%2C675&ssl=1",1200,675,false],"thumbnail":["https:\/\/i0.wp.com\/ismaelcolosi.com.br\/wp-content\/uploads\/2024\/07\/Copia-de-Copia-de-TAMANHO-EXATO-PARA-FOTOS-NO-SISTEMA-NOVO-20_2024-07-15_16-06-49_jpg_2024-07-15_16-06-49.webp.webp?resize=150%2C150&ssl=1",150,150,true],"medium":["https:\/\/i0.wp.com\/ismaelcolosi.com.br\/wp-content\/uploads\/2024\/07\/Copia-de-Copia-de-TAMANHO-EXATO-PARA-FOTOS-NO-SISTEMA-NOVO-20_2024-07-15_16-06-49_jpg_2024-07-15_16-06-49.webp.webp?fit=300%2C169&ssl=1",300,169,true],"medium_large":["https:\/\/i0.wp.com\/ismaelcolosi.com.br\/wp-content\/uploads\/2024\/07\/Copia-de-Copia-de-TAMANHO-EXATO-PARA-FOTOS-NO-SISTEMA-NOVO-20_2024-07-15_16-06-49_jpg_2024-07-15_16-06-49.webp.webp?fit=768%2C432&ssl=1",768,432,true],"large":["https:\/\/i0.wp.com\/ismaelcolosi.com.br\/wp-content\/uploads\/2024\/07\/Copia-de-Copia-de-TAMANHO-EXATO-PARA-FOTOS-NO-SISTEMA-NOVO-20_2024-07-15_16-06-49_jpg_2024-07-15_16-06-49.webp.webp?fit=1024%2C576&ssl=1",1024,576,true],"1536x1536":["https:\/\/i0.wp.com\/ismaelcolosi.com.br\/wp-content\/uploads\/2024\/07\/Copia-de-Copia-de-TAMANHO-EXATO-PARA-FOTOS-NO-SISTEMA-NOVO-20_2024-07-15_16-06-49_jpg_2024-07-15_16-06-49.webp.webp?fit=1200%2C675&ssl=1",1200,675,true],"2048x2048":["https:\/\/i0.wp.com\/ismaelcolosi.com.br\/wp-content\/uploads\/2024\/07\/Copia-de-Copia-de-TAMANHO-EXATO-PARA-FOTOS-NO-SISTEMA-NOVO-20_2024-07-15_16-06-49_jpg_2024-07-15_16-06-49.webp.webp?fit=1200%2C675&ssl=1",1200,675,true],"really-simple-thumb":["https:\/\/i0.wp.com\/ismaelcolosi.com.br\/wp-content\/uploads\/2024\/07\/Copia-de-Copia-de-TAMANHO-EXATO-PARA-FOTOS-NO-SISTEMA-NOVO-20_2024-07-15_16-06-49_jpg_2024-07-15_16-06-49.webp.webp?resize=370%2C247&ssl=1",370,247,true]},"uagb_author_info":{"display_name":"ismaelcolosi.com.br","author_link":"https:\/\/ismaelcolosi.com.br\/index.php\/author\/vidareal-online\/"},"uagb_comment_info":0,"uagb_excerpt":"A turn\u00ea \u201cSPC Ac\u00fastico 2 \u2013 O \u00daltimo Encontro\u201d, que marca a despedida de Alexandre Pires do grupo chega a Ribeir\u00e3o Preto, neste s\u00e1bado (20)....","jetpack-related-posts":[{"id":58940,"url":"https:\/\/ismaelcolosi.com.br\/index.php\/2024\/08\/04\/henrique-e-juliano-se-apresentam-neste-final-de-semana-em-ribeirao-ingressos-ainda-estao-disponiveis\/","url_meta":{"origin":56797,"position":0},"title":"Henrique e Juliano se apresentam neste final de semana em Ribeir\u00e3o; Ingressos ainda est\u00e3o dispon\u00edveis","author":"ismaelcolosi.com.br","date":"4 de August de 2024","format":false,"excerpt":"A dupla sertaneja Henrique e Juliano se apresenta em Ribeir\u00e3o Preto neste s\u00e1bado (10), no Parque Permanente de Exposi\u00e7\u00f5es, zona Norte do munic\u00edpio. Os ingressos para o show ainda est\u00e3o dispon\u00edveis e podem ser adquiridos de forma on-line (clique aqui). Os valores variam de R$ 130 a R$ 1.040 \u2013\u2026","rel":"","context":"In &quot;Not\u00edcias de Ribeir\u00e3o Preto-SP e Regi\u00e3o&quot;","block_context":{"text":"Not\u00edcias de Ribeir\u00e3o Preto-SP e Regi\u00e3o","link":"https:\/\/ismaelcolosi.com.br\/index.php\/category\/noticias-de-ribeirao-preto-sp-e-regiao-ismael-colosi\/"},"img":{"alt_text":"","src":"https:\/\/i0.wp.com\/ismaelcolosi.com.br\/wp-content\/uploads\/2024\/08\/AnyConv.com__Capturar_2024-05-09_22-23-15.webp.webp?fit=870%2C478&ssl=1&resize=350%2C200","width":350,"height":200,"srcset":"https:\/\/i0.wp.com\/ismaelcolosi.com.br\/wp-content\/uploads\/2024\/08\/AnyConv.com__Capturar_2024-05-09_22-23-15.webp.webp?fit=870%2C478&ssl=1&resize=350%2C200 1x, https:\/\/i0.wp.com\/ismaelcolosi.com.br\/wp-content\/uploads\/2024\/08\/AnyConv.com__Capturar_2024-05-09_22-23-15.webp.webp?fit=870%2C478&ssl=1&resize=525%2C300 1.5x, https:\/\/i0.wp.com\/ismaelcolosi.com.br\/wp-content\/uploads\/2024\/08\/AnyConv.com__Capturar_2024-05-09_22-23-15.webp.webp?fit=870%2C478&ssl=1&resize=700%2C400 2x"},"classes":[]},{"id":46704,"url":"https:\/\/ismaelcolosi.com.br\/index.php\/2024\/04\/13\/show-do-titas-em-ribeirao-ainda-tem-ingressos-disponiveis-veja-como-comprar\/","url_meta":{"origin":56797,"position":1},"title":"Show do Tit\u00e3s em Ribeir\u00e3o ainda tem ingressos dispon\u00edveis; Veja como comprar","author":"ismaelcolosi.com.br","date":"13 de April de 2024","format":false,"excerpt":"Tit\u00e3s chega a Ribeir\u00e3o Preto, com sua turn\u00ea \u201cTit\u00e3s Microfonado\u201d, no dia 11 de maio, \u00e0s 21h no Multiplan Hall, localizado na avenida Cel. Fernando Ferreira Leite, 1540, Jardim Nova Alian\u00e7a,\u00a0zona Sul do munic\u00edpio. O evento ainda possui ingressos dispon\u00edveis e podem ser adquiridos de\u00a0forma on-line (clique aqui)\u00a0ou na\u00a0bilheteria oficial\u2026","rel":"","context":"In &quot;Not\u00edcias de Ribeir\u00e3o Preto-SP e Regi\u00e3o&quot;","block_context":{"text":"Not\u00edcias de Ribeir\u00e3o Preto-SP e Regi\u00e3o","link":"https:\/\/ismaelcolosi.com.br\/index.php\/category\/noticias-de-ribeirao-preto-sp-e-regiao-ismael-colosi\/"},"img":{"alt_text":"","src":"https:\/\/i0.wp.com\/ismaelcolosi.com.br\/wp-content\/uploads\/2024\/04\/AnyConv.com__WhatsApp-Image-2024-04-12-at-10.54.16-1068x712-1.webp.webp?fit=1068%2C712&ssl=1&resize=350%2C200","width":350,"height":200,"srcset":"https:\/\/i0.wp.com\/ismaelcolosi.com.br\/wp-content\/uploads\/2024\/04\/AnyConv.com__WhatsApp-Image-2024-04-12-at-10.54.16-1068x712-1.webp.webp?fit=1068%2C712&ssl=1&resize=350%2C200 1x, https:\/\/i0.wp.com\/ismaelcolosi.com.br\/wp-content\/uploads\/2024\/04\/AnyConv.com__WhatsApp-Image-2024-04-12-at-10.54.16-1068x712-1.webp.webp?fit=1068%2C712&ssl=1&resize=525%2C300 1.5x, https:\/\/i0.wp.com\/ismaelcolosi.com.br\/wp-content\/uploads\/2024\/04\/AnyConv.com__WhatsApp-Image-2024-04-12-at-10.54.16-1068x712-1.webp.webp?fit=1068%2C712&ssl=1&resize=700%2C400 2x, https:\/\/i0.wp.com\/ismaelcolosi.com.br\/wp-content\/uploads\/2024\/04\/AnyConv.com__WhatsApp-Image-2024-04-12-at-10.54.16-1068x712-1.webp.webp?fit=1068%2C712&ssl=1&resize=1050%2C600 3x"},"classes":[]},{"id":51182,"url":"https:\/\/ismaelcolosi.com.br\/index.php\/2024\/05\/23\/oswaldo-montenegro-faz-show-em-ribeirao-preto-neste-fim-de-semana\/","url_meta":{"origin":56797,"position":2},"title":"Oswaldo Montenegro faz show em Ribeir\u00e3o Preto neste fim de semana","author":"ismaelcolosi.com.br","date":"23 de May de 2024","format":false,"excerpt":"O show do cantor e compositor Oswaldo Montenegro \u201cCelebrando 50 anos de Estrada\u201d em Ribeir\u00e3o Preto, acontece neste s\u00e1bado (25), no Theatro Pedro II. Com a turn\u00ea em comemora\u00e7\u00e3o aos 50 anos de carreira, a apresenta\u00e7\u00e3o est\u00e1 marcada para \u00e0s 20h e permitir\u00e1 ao p\u00fablico reviver a trajet\u00f3ria do cantor.\u2026","rel":"","context":"In &quot;Not\u00edcias de Ribeir\u00e3o Preto-SP e Regi\u00e3o&quot;","block_context":{"text":"Not\u00edcias de Ribeir\u00e3o Preto-SP e Regi\u00e3o","link":"https:\/\/ismaelcolosi.com.br\/index.php\/category\/noticias-de-ribeirao-preto-sp-e-regiao-ismael-colosi\/"},"img":{"alt_text":"","src":"https:\/\/i0.wp.com\/ismaelcolosi.com.br\/wp-content\/uploads\/2024\/05\/Copia-de-Copia-de-TAMANHO-EXATO-PARA-FOTOS-NO-SISTEMA-NOVO-36_2024-05-23_19-09-45_jpg_2024-05-23_19-09-45.webp.webp?fit=1200%2C675&ssl=1&resize=350%2C200","width":350,"height":200,"srcset":"https:\/\/i0.wp.com\/ismaelcolosi.com.br\/wp-content\/uploads\/2024\/05\/Copia-de-Copia-de-TAMANHO-EXATO-PARA-FOTOS-NO-SISTEMA-NOVO-36_2024-05-23_19-09-45_jpg_2024-05-23_19-09-45.webp.webp?fit=1200%2C675&ssl=1&resize=350%2C200 1x, https:\/\/i0.wp.com\/ismaelcolosi.com.br\/wp-content\/uploads\/2024\/05\/Copia-de-Copia-de-TAMANHO-EXATO-PARA-FOTOS-NO-SISTEMA-NOVO-36_2024-05-23_19-09-45_jpg_2024-05-23_19-09-45.webp.webp?fit=1200%2C675&ssl=1&resize=525%2C300 1.5x, https:\/\/i0.wp.com\/ismaelcolosi.com.br\/wp-content\/uploads\/2024\/05\/Copia-de-Copia-de-TAMANHO-EXATO-PARA-FOTOS-NO-SISTEMA-NOVO-36_2024-05-23_19-09-45_jpg_2024-05-23_19-09-45.webp.webp?fit=1200%2C675&ssl=1&resize=700%2C400 2x, https:\/\/i0.wp.com\/ismaelcolosi.com.br\/wp-content\/uploads\/2024\/05\/Copia-de-Copia-de-TAMANHO-EXATO-PARA-FOTOS-NO-SISTEMA-NOVO-36_2024-05-23_19-09-45_jpg_2024-05-23_19-09-45.webp.webp?fit=1200%2C675&ssl=1&resize=1050%2C600 3x"},"classes":[]},{"id":51189,"url":"https:\/\/ismaelcolosi.com.br\/index.php\/2024\/05\/23\/oswaldo-montenegro-faz-show-em-ribeirao-preto-neste-fim-de-semana-2\/","url_meta":{"origin":56797,"position":3},"title":"Oswaldo Montenegro faz show em Ribeir\u00e3o Preto neste fim de semana","author":"ismaelcolosi.com.br","date":"23 de May de 2024","format":false,"excerpt":"O show do cantor e compositor Oswaldo Montenegro \u201cCelebrando 50 anos de Estrada\u201d em Ribeir\u00e3o Preto, acontece neste s\u00e1bado (25), no Theatro Pedro II. Com a turn\u00ea em comemora\u00e7\u00e3o aos 50 anos de carreira, a apresenta\u00e7\u00e3o est\u00e1 marcada para \u00e0s 20h e permitir\u00e1 ao p\u00fablico reviver a trajet\u00f3ria do cantor.\u2026","rel":"","context":"In &quot;Not\u00edcias de Ribeir\u00e3o Preto-SP e Regi\u00e3o&quot;","block_context":{"text":"Not\u00edcias de Ribeir\u00e3o Preto-SP e Regi\u00e3o","link":"https:\/\/ismaelcolosi.com.br\/index.php\/category\/noticias-de-ribeirao-preto-sp-e-regiao-ismael-colosi\/"},"img":{"alt_text":"","src":"https:\/\/i0.wp.com\/ismaelcolosi.com.br\/wp-content\/uploads\/2024\/05\/Copia-de-Copia-de-TAMANHO-EXATO-PARA-FOTOS-NO-SISTEMA-NOVO-36_2024-05-23_19-09-45_jpg_2024-05-23_19-09-45.webp.webp?fit=1200%2C675&ssl=1&resize=350%2C200","width":350,"height":200,"srcset":"https:\/\/i0.wp.com\/ismaelcolosi.com.br\/wp-content\/uploads\/2024\/05\/Copia-de-Copia-de-TAMANHO-EXATO-PARA-FOTOS-NO-SISTEMA-NOVO-36_2024-05-23_19-09-45_jpg_2024-05-23_19-09-45.webp.webp?fit=1200%2C675&ssl=1&resize=350%2C200 1x, https:\/\/i0.wp.com\/ismaelcolosi.com.br\/wp-content\/uploads\/2024\/05\/Copia-de-Copia-de-TAMANHO-EXATO-PARA-FOTOS-NO-SISTEMA-NOVO-36_2024-05-23_19-09-45_jpg_2024-05-23_19-09-45.webp.webp?fit=1200%2C675&ssl=1&resize=525%2C300 1.5x, https:\/\/i0.wp.com\/ismaelcolosi.com.br\/wp-content\/uploads\/2024\/05\/Copia-de-Copia-de-TAMANHO-EXATO-PARA-FOTOS-NO-SISTEMA-NOVO-36_2024-05-23_19-09-45_jpg_2024-05-23_19-09-45.webp.webp?fit=1200%2C675&ssl=1&resize=700%2C400 2x, https:\/\/i0.wp.com\/ismaelcolosi.com.br\/wp-content\/uploads\/2024\/05\/Copia-de-Copia-de-TAMANHO-EXATO-PARA-FOTOS-NO-SISTEMA-NOVO-36_2024-05-23_19-09-45_jpg_2024-05-23_19-09-45.webp.webp?fit=1200%2C675&ssl=1&resize=1050%2C600 3x"},"classes":[]},{"id":49441,"url":"https:\/\/ismaelcolosi.com.br\/index.php\/2024\/05\/10\/gusttavo-lima-faz-show-na-regiao-de-ribeirao-preto-veja-como-comprar-ingressos\/","url_meta":{"origin":56797,"position":4},"title":"Gusttavo Lima faz show na regi\u00e3o de Ribeir\u00e3o Preto; Veja como comprar ingressos","author":"ismaelcolosi.com.br","date":"10 de May de 2024","format":false,"excerpt":"O cantor Gusttavo Lima se apresenta em Pontal, cidade a cerca de 38 quil\u00f4metros de Ribeir\u00e3o Preto, no dia 06 de junho, a partir das 21h. A apresenta\u00e7\u00e3o faz parte do Pontal Rodeo Music, que acontece entre os dias 06 e 08 de junho, no Parque Permanente de Exposi\u00e7\u00f5es Isaura\u2026","rel":"","context":"In &quot;Not\u00edcias de Ribeir\u00e3o Preto-SP e Regi\u00e3o&quot;","block_context":{"text":"Not\u00edcias de Ribeir\u00e3o Preto-SP e Regi\u00e3o","link":"https:\/\/ismaelcolosi.com.br\/index.php\/category\/noticias-de-ribeirao-preto-sp-e-regiao-ismael-colosi\/"},"img":{"alt_text":"","src":"https:\/\/i0.wp.com\/ismaelcolosi.com.br\/wp-content\/uploads\/2024\/05\/InShot_20230728_093159520-scaled.jpg?fit=1200%2C800&ssl=1&resize=350%2C200","width":350,"height":200,"srcset":"https:\/\/i0.wp.com\/ismaelcolosi.com.br\/wp-content\/uploads\/2024\/05\/InShot_20230728_093159520-scaled.jpg?fit=1200%2C800&ssl=1&resize=350%2C200 1x, https:\/\/i0.wp.com\/ismaelcolosi.com.br\/wp-content\/uploads\/2024\/05\/InShot_20230728_093159520-scaled.jpg?fit=1200%2C800&ssl=1&resize=525%2C300 1.5x, https:\/\/i0.wp.com\/ismaelcolosi.com.br\/wp-content\/uploads\/2024\/05\/InShot_20230728_093159520-scaled.jpg?fit=1200%2C800&ssl=1&resize=700%2C400 2x, https:\/\/i0.wp.com\/ismaelcolosi.com.br\/wp-content\/uploads\/2024\/05\/InShot_20230728_093159520-scaled.jpg?fit=1200%2C800&ssl=1&resize=1050%2C600 3x"},"classes":[]},{"id":59699,"url":"https:\/\/ismaelcolosi.com.br\/index.php\/2024\/08\/11\/zeca-pagodinho-se-apresenta-em-ribeirao-preto-no-final-de-semana-ainda-ha-ingressos\/","url_meta":{"origin":56797,"position":5},"title":"Zeca Pagodinho se apresenta em Ribeir\u00e3o Preto no final de semana; Ainda h\u00e1 ingressos","author":"ismaelcolosi.com.br","date":"11 de August de 2024","format":false,"excerpt":"O cantor Zeca Pagodinho desembarca em Ribeir\u00e3o Preto, neste s\u00e1bado (17), com a sua turn\u00ea comemorativa de 40 anos, no centro de eventos Multiplan Hall, no Ribeir\u00e3o Shopping, zona Sul do munic\u00edpio. Os ingressos ainda est\u00e3o dispon\u00edveis e podem ser adquiridos de forma on-line (veja abaixo). \u00a0A apresenta\u00e7\u00e3o promete levar\u2026","rel":"","context":"In &quot;Not\u00edcias de Ribeir\u00e3o Preto-SP e Regi\u00e3o&quot;","block_context":{"text":"Not\u00edcias de Ribeir\u00e3o Preto-SP e Regi\u00e3o","link":"https:\/\/ismaelcolosi.com.br\/index.php\/category\/noticias-de-ribeirao-preto-sp-e-regiao-ismael-colosi\/"},"img":{"alt_text":"","src":"https:\/\/i0.wp.com\/ismaelcolosi.com.br\/wp-content\/uploads\/2024\/03\/AnyConv.com__bar-do-zeca-pagodinho-scaled.webp.webp?fit=1200%2C801&ssl=1&resize=350%2C200","width":350,"height":200,"srcset":"https:\/\/i0.wp.com\/ismaelcolosi.com.br\/wp-content\/uploads\/2024\/03\/AnyConv.com__bar-do-zeca-pagodinho-scaled.webp.webp?fit=1200%2C801&ssl=1&resize=350%2C200 1x, https:\/\/i0.wp.com\/ismaelcolosi.com.br\/wp-content\/uploads\/2024\/03\/AnyConv.com__bar-do-zeca-pagodinho-scaled.webp.webp?fit=1200%2C801&ssl=1&resize=525%2C300 1.5x, https:\/\/i0.wp.com\/ismaelcolosi.com.br\/wp-content\/uploads\/2024\/03\/AnyConv.com__bar-do-zeca-pagodinho-scaled.webp.webp?fit=1200%2C801&ssl=1&resize=700%2C400 2x, https:\/\/i0.wp.com\/ismaelcolosi.com.br\/wp-content\/uploads\/2024\/03\/AnyConv.com__bar-do-zeca-pagodinho-scaled.webp.webp?fit=1200%2C801&ssl=1&resize=1050%2C600 3x"},"classes":[]}],"jetpack_sharing_enabled":true,"jetpack_shortlink":"https:\/\/wp.me\/pfMlyK-eM5","_links":{"self":[{"href":"https:\/\/ismaelcolosi.com.br\/index.php\/wp-json\/wp\/v2\/posts\/56797","targetHints":{"allow":["GET"]}}],"collection":[{"href":"https:\/\/ismaelcolosi.com.br\/index.php\/wp-json\/wp\/v2\/posts"}],"about":[{"href":"https:\/\/ismaelcolosi.com.br\/index.php\/wp-json\/wp\/v2\/types\/post"}],"author":[{"embeddable":true,"href":"https:\/\/ismaelcolosi.com.br\/index.php\/wp-json\/wp\/v2\/users\/1"}],"replies":[{"embeddable":true,"href":"https:\/\/ismaelcolosi.com.br\/index.php\/wp-json\/wp\/v2\/comments?post=56797"}],"version-history":[{"count":0,"href":"https:\/\/ismaelcolosi.com.br\/index.php\/wp-json\/wp\/v2\/posts\/56797\/revisions"}],"wp:featuredmedia":[{"embeddable":true,"href":"https:\/\/ismaelcolosi.com.br\/index.php\/wp-json\/wp\/v2\/media\/56798"}],"wp:attachment":[{"href":"https:\/\/ismaelcolosi.com.br\/index.php\/wp-json\/wp\/v2\/media?parent=56797"}],"wp:term":[{"taxonomy":"category","embeddable":true,"href":"https:\/\/ismaelcolosi.com.br\/index.php\/wp-json\/wp\/v2\/categories?post=56797"},{"taxonomy":"post_tag","embeddable":true,"href":"https:\/\/ismaelcolosi.com.br\/index.php\/wp-json\/wp\/v2\/tags?post=56797"}],"curies":[{"name":"wp","href":"https:\/\/api.w.org\/{rel}","templated":true}]}}