{"id":56795,"date":"2024-07-15T13:31:42","date_gmt":"2024-07-15T16:31:42","guid":{"rendered":"https:\/\/ismaelcolosi.com.br\/index.php\/2024\/07\/15\/quer-ser-diplomata-comecam-inscricoes-para-concurso-publico-com-salarios-de-r-20-mil\/"},"modified":"2024-07-15T13:31:42","modified_gmt":"2024-07-15T16:31:42","slug":"quer-ser-diplomata-comecam-inscricoes-para-concurso-publico-com-salarios-de-r-20-mil","status":"publish","type":"post","link":"https:\/\/ismaelcolosi.com.br\/index.php\/2024\/07\/15\/quer-ser-diplomata-comecam-inscricoes-para-concurso-publico-com-salarios-de-r-20-mil\/","title":{"rendered":"Quer ser diplomata? Come\u00e7am inscri\u00e7\u00f5es para concurso p\u00fablico com sal\u00e1rios de R$ 20 mil"},"content":{"rendered":"<p> <br \/>\n<\/p>\n<div data-td-block-uid=\"tdi_106\">\n<div class=\"tdb-block-inner td-fix-index\">\n<p>Come\u00e7ou nesta segunda-feira (15) o prazo das inscri\u00e7\u00f5es para o <strong>concurso p\u00fablico<\/strong> de admiss\u00e3o \u00e0 carreira de <strong>diplomata<\/strong> do <strong><a href=\"https:\/\/www.gov.br\/mre\/pt-br\" target=\"_blank\" rel=\"noreferrer noopener nofollow\">Itamaraty (Minist\u00e9rio das Rela\u00e7\u00f5es Exteriores)<\/a><\/strong>. Ao todo, <mark style=\"background-color:#fcb900\" class=\"has-inline-color has-black-color\">s\u00e3o 50 vagas para o cargo e os sal\u00e1rios de R$ 20.926,98.<\/mark><\/p>\n<p>As inscri\u00e7\u00f5es devem ser realizadas pelo <a href=\"https:\/\/www.cebraspe.org.br\/concursos\/irbr_24_diplomacia\" target=\"_blank\" rel=\"noreferrer noopener nofollow\">site da <strong>Cebraspe<\/strong> (clique aqui)<\/a> at\u00e9 o dia 26 de julho de 2024.<mark style=\"background-color:#fcb900\" class=\"has-inline-color has-black-color\"> O valor da taxa de inscri\u00e7\u00e3o custa R$ 229.<\/mark><\/p>\n<p>A Primeira Fase ser\u00e1 realizada nas 27 capitais das Unidades da Federa\u00e7\u00e3o.<\/p>\n<h4 class=\"wp-block-heading\"><strong>Requisitos:<\/strong><\/h4>\n<ul>\n<li> apresentar diploma, devidamente registrado, de conclus\u00e3o de curso de gradua\u00e7\u00e3o de n\u00edvel superior, emitido por institui\u00e7\u00e3o de ensino credenciada pelo Minist\u00e9rio da Educa\u00e7\u00e3o (MEC). No caso de a gradua\u00e7\u00e3o ter sido realizada em institui\u00e7\u00e3o estrangeira, caber\u00e1 exclusivamente ao candidato a responsabilidade de apresentar, at\u00e9 a data da posse, a revalida\u00e7\u00e3o do diploma exigida pelo MEC.<\/li>\n<\/ul>\n<p>Aplica\u00e7\u00e3o da prova objetiva da primeira fase acontece no dia 15 de setembro de 2024. O edital completo pode ser conferido <strong><a href=\"https:\/\/www.cebraspe.org.br\/concursos\/irbr_24_diplomacia\" target=\"_blank\" rel=\"noreferrer noopener nofollow\">clicando aqui<\/a><\/strong>.<\/p>\n<p>SAIBA MAIS<br \/>Hotel Brasil no Centro de Ribeir\u00e3o Preto vai a leil\u00e3o novamente; Veja quando<\/p>\n<h4 class=\"wp-block-heading\"><strong>FIQUE ON<\/strong><\/h4>\n<p>Fique ligado em tudo que acontece em Ribeir\u00e3o Preto e regi\u00e3o. Siga os perfis do <strong>acidade on<\/strong> no<a href=\"https:\/\/www.instagram.com\/acidadeonribeirao\" target=\"_blank\" rel=\"noreferrer noopener nofollow\"> Instagram<\/a> e no <a href=\"https:\/\/www.facebook.com\/acidadeonribeirao\/\" target=\"_blank\" rel=\"noreferrer noopener nofollow\">Facebook<\/a>.<\/p>\n<p>Receba not\u00edcias do <strong>acidade on<\/strong> no WhatsApp. <a href=\"https:\/\/chat.whatsapp.com\/CdrZ6xrf7quD44Vw3WlPuZ\" target=\"_blank\" rel=\"noreferrer noopener nofollow\">Para entrar no grupo, basta clicar aqui.<\/a><\/p>\n<p>Fa\u00e7a uma den\u00fancia ou sugira uma reportagem sobre Ribeir\u00e3o Preto e regi\u00e3o pelo WhatsApp: 16 99117 7802.<\/p>\n<p>VEJA TAMB\u00c9M<br \/>Sonhar com barata: o que significa?<\/p>\n<p><!-- AI CONTENT END 1 -->\n<\/div>\n<\/div>\n<p><script async src=\"\/\/www.instagram.com\/embed.js\"><\/script><br \/>\n<br \/><br \/>\n<br \/><a href=\"https:\/\/www.acidadeon.com\/ribeiraopreto\/economia\/quer-ser-diplomata-comecam-inscricoes-para-concurso-publico-com-salarios-de-r-20-mil\/\">Source link <\/a><\/p>\n<div class='code-block code-block-4' style='margin: 8px auto 8px 0; text-align: left; display: block; clear: both;'>\n\ud83d\udce2 Aviso Legal\n\nO site ismaelcolosi.com.br atua apenas como um canal de divulga\u00e7\u00e3o de oportunidades de emprego e n\u00e3o se responsabiliza pelo processo seletivo, contrata\u00e7\u00e3o ou qualquer outra etapa relacionada \u00e0s vagas publicadas. Todas as informa\u00e7\u00f5es s\u00e3o de responsabilidade dos anunciantes.\n\n\u26a0\ufe0f Aten\u00e7\u00e3o! Nunca pague por promessas de emprego nem compre cursos que garantam contrata\u00e7\u00e3o. Desconfie de qualquer cobran\u00e7a para participar de sele\u00e7\u00f5es.\n\n\n\n<\/div>\n<!-- CONTENT END 1 -->\n","protected":false},"excerpt":{"rendered":"<p>Come\u00e7ou nesta segunda-feira (15) o prazo das inscri\u00e7\u00f5es para o concurso p\u00fablico de admiss\u00e3o \u00e0 carreira de diplomata do Itamaraty (Minist\u00e9rio das Rela\u00e7\u00f5es Exteriores). Ao&#8230;<\/p>\n","protected":false},"author":1,"featured_media":56796,"comment_status":"open","ping_status":"open","sticky":false,"template":"","format":"standard","meta":{"_uag_custom_page_level_css":"","advanced_seo_description":"","jetpack_seo_html_title":"","jetpack_seo_noindex":false,"jetpack_post_was_ever_published":false,"_jetpack_newsletter_access":"","_jetpack_dont_email_post_to_subs":false,"_jetpack_newsletter_tier_id":0,"_jetpack_memberships_contains_paywalled_content":false,"_jetpack_memberships_contains_paid_content":false,"footnotes":"","jetpack_publicize_message":"","jetpack_publicize_feature_enabled":true,"jetpack_social_post_already_shared":true,"jetpack_social_options":{"image_generator_settings":{"template":"highway","default_image_id":0,"font":"","enabled":false},"version":2}},"categories":[11],"tags":[],"class_list":["post-56795","post","type-post","status-publish","format-standard","has-post-thumbnail","hentry","category-noticias-de-ribeirao-preto-sp-e-regiao-ismael-colosi"],"jetpack_publicize_connections":[],"jetpack_featured_media_url":"https:\/\/i0.wp.com\/ismaelcolosi.com.br\/wp-content\/uploads\/2024\/07\/concurso_9_vagas_inscricoes.jpg?fit=1600%2C1066&ssl=1","uagb_featured_image_src":{"full":["https:\/\/i0.wp.com\/ismaelcolosi.com.br\/wp-content\/uploads\/2024\/07\/concurso_9_vagas_inscricoes.jpg?fit=1600%2C1066&ssl=1",1600,1066,false],"thumbnail":["https:\/\/i0.wp.com\/ismaelcolosi.com.br\/wp-content\/uploads\/2024\/07\/concurso_9_vagas_inscricoes.jpg?resize=150%2C150&ssl=1",150,150,true],"medium":["https:\/\/i0.wp.com\/ismaelcolosi.com.br\/wp-content\/uploads\/2024\/07\/concurso_9_vagas_inscricoes.jpg?fit=300%2C200&ssl=1",300,200,true],"medium_large":["https:\/\/i0.wp.com\/ismaelcolosi.com.br\/wp-content\/uploads\/2024\/07\/concurso_9_vagas_inscricoes.jpg?fit=768%2C512&ssl=1",768,512,true],"large":["https:\/\/i0.wp.com\/ismaelcolosi.com.br\/wp-content\/uploads\/2024\/07\/concurso_9_vagas_inscricoes.jpg?fit=1024%2C682&ssl=1",1024,682,true],"1536x1536":["https:\/\/i0.wp.com\/ismaelcolosi.com.br\/wp-content\/uploads\/2024\/07\/concurso_9_vagas_inscricoes.jpg?fit=1536%2C1023&ssl=1",1536,1023,true],"2048x2048":["https:\/\/i0.wp.com\/ismaelcolosi.com.br\/wp-content\/uploads\/2024\/07\/concurso_9_vagas_inscricoes.jpg?fit=1600%2C1066&ssl=1",1600,1066,true],"really-simple-thumb":["https:\/\/i0.wp.com\/ismaelcolosi.com.br\/wp-content\/uploads\/2024\/07\/concurso_9_vagas_inscricoes.jpg?resize=370%2C247&ssl=1",370,247,true]},"uagb_author_info":{"display_name":"ismaelcolosi.com.br","author_link":"https:\/\/ismaelcolosi.com.br\/index.php\/author\/vidareal-online\/"},"uagb_comment_info":0,"uagb_excerpt":"Come\u00e7ou nesta segunda-feira (15) o prazo das inscri\u00e7\u00f5es para o concurso p\u00fablico de admiss\u00e3o \u00e0 carreira de diplomata do Itamaraty (Minist\u00e9rio das Rela\u00e7\u00f5es Exteriores). Ao...","jetpack-related-posts":[{"id":85530,"url":"https:\/\/ismaelcolosi.com.br\/index.php\/2025\/05\/21\/concurso-da-conab-com-403-vagas-tem-inscricoes-prorrogadas-ate-20-de-maio\/","url_meta":{"origin":56795,"position":0},"title":"Concurso da Conab com 403 vagas tem inscri\u00e7\u00f5es prorrogadas at\u00e9 20 de maio","author":"ismaelcolosi.com.br","date":"21 de May de 2025","format":false,"excerpt":"As inscri\u00e7\u00f5es para o concurso p\u00fablico da Companhia Nacional de Abastecimento (Conab), que antes se encerrariam no dia 15 de maio, foram prorrogadas at\u00e9 20 de maio. O processo seletivo oferece\u00a0403 vagas em todo Brasil\u00a0para cargos de n\u00edvel m\u00e9dio e superior, com remunera\u00e7\u00e3o que vai de R$ 3.459,87 R$ 8.140,88\u2026","rel":"","context":"In &quot;Empregos - Classificados&quot;","block_context":{"text":"Empregos - Classificados","link":"https:\/\/ismaelcolosi.com.br\/index.php\/category\/empregos-classificados-vagas-trabalho\/"},"img":{"alt_text":"","src":"https:\/\/i0.wp.com\/ismaelcolosi.com.br\/wp-content\/uploads\/2025\/05\/1747873075_black-and-white-minimalist-fitness-center-table-comparison-chart-graph-31-1-e1743167996510.jpg?fit=1024%2C430&ssl=1&resize=350%2C200","width":350,"height":200,"srcset":"https:\/\/i0.wp.com\/ismaelcolosi.com.br\/wp-content\/uploads\/2025\/05\/1747873075_black-and-white-minimalist-fitness-center-table-comparison-chart-graph-31-1-e1743167996510.jpg?fit=1024%2C430&ssl=1&resize=350%2C200 1x, https:\/\/i0.wp.com\/ismaelcolosi.com.br\/wp-content\/uploads\/2025\/05\/1747873075_black-and-white-minimalist-fitness-center-table-comparison-chart-graph-31-1-e1743167996510.jpg?fit=1024%2C430&ssl=1&resize=525%2C300 1.5x, https:\/\/i0.wp.com\/ismaelcolosi.com.br\/wp-content\/uploads\/2025\/05\/1747873075_black-and-white-minimalist-fitness-center-table-comparison-chart-graph-31-1-e1743167996510.jpg?fit=1024%2C430&ssl=1&resize=700%2C400 2x"},"classes":[]},{"id":53601,"url":"https:\/\/ismaelcolosi.com.br\/index.php\/2024\/06\/18\/itamaraty-autoriza-novo-concurso-para-50-vagas-de-diplomata-e-salario-de-r-209-mil\/","url_meta":{"origin":56795,"position":1},"title":"Itamaraty autoriza novo concurso para 50 vagas de diplomata e sal\u00e1rio de R$ 20,9 mil","author":"ismaelcolosi.com.br","date":"18 de June de 2024","format":false,"excerpt":"Matheus Almeidai Matheus Almeida 18\/06\/2024 - 10:16 O Minist\u00e9rio das Rela\u00e7\u00f5es Exteriores autorizou a realiza\u00e7\u00e3o de um novo concurso para 50 vagas de diplomatas, com sal\u00e1rio inicial de R$ 20,9 mil. O cargo \u00e9 de terceiro-secret\u00e1rio, a posi\u00e7\u00e3o de in\u00edcio para a carreira diplom\u00e1tica.A carreira no Minist\u00e9rio das Rela\u00e7\u00f5es Exteriores\u2026","rel":"","context":"In &quot;Empregos - Classificados&quot;","block_context":{"text":"Empregos - Classificados","link":"https:\/\/ismaelcolosi.com.br\/index.php\/category\/empregos-classificados-vagas-trabalho\/"},"img":{"alt_text":"","src":"https:\/\/i0.wp.com\/ismaelcolosi.com.br\/wp-content\/uploads\/2024\/06\/itamaraty.jpg?fit=1170%2C700&ssl=1&resize=350%2C200","width":350,"height":200,"srcset":"https:\/\/i0.wp.com\/ismaelcolosi.com.br\/wp-content\/uploads\/2024\/06\/itamaraty.jpg?fit=1170%2C700&ssl=1&resize=350%2C200 1x, https:\/\/i0.wp.com\/ismaelcolosi.com.br\/wp-content\/uploads\/2024\/06\/itamaraty.jpg?fit=1170%2C700&ssl=1&resize=525%2C300 1.5x, https:\/\/i0.wp.com\/ismaelcolosi.com.br\/wp-content\/uploads\/2024\/06\/itamaraty.jpg?fit=1170%2C700&ssl=1&resize=700%2C400 2x, https:\/\/i0.wp.com\/ismaelcolosi.com.br\/wp-content\/uploads\/2024\/06\/itamaraty.jpg?fit=1170%2C700&ssl=1&resize=1050%2C600 3x"},"classes":[]},{"id":85916,"url":"https:\/\/ismaelcolosi.com.br\/index.php\/2025\/06\/04\/inscricoes-para-concurso-com-50-vagas-de-diplomata-e-salario-inicial-de-r-225-mil-terminam-nesta-quarta\/","url_meta":{"origin":56795,"position":2},"title":"Inscri\u00e7\u00f5es para concurso com 50 vagas de diplomata e sal\u00e1rio inicial de R$ 22,5 mil terminam nesta quarta","author":"ismaelcolosi.com.br","date":"4 de June de 2025","format":false,"excerpt":"As inscri\u00e7\u00f5es para o concurso do Itamaraty se encerram \u00e0s 18 horas desta quarta-feira, 4. Ao todo s\u00e3o 50 vagas para o cargo de terceiro-secret\u00e1rio, classe inicial da carreira da diplomacia. Sendo que dessas, 37 s\u00e3o para ampla concorr\u00eancia, dez para candidatos negros e tr\u00eas para pessoas com defici\u00eancia. O\u2026","rel":"","context":"In &quot;Empregos - Classificados&quot;","block_context":{"text":"Empregos - Classificados","link":"https:\/\/ismaelcolosi.com.br\/index.php\/category\/empregos-classificados-vagas-trabalho\/"},"img":{"alt_text":"","src":"","width":0,"height":0},"classes":[]},{"id":16842,"url":"https:\/\/ismaelcolosi.com.br\/index.php\/2023\/12\/16\/inscricoes-para-concurso-publico-com-salarios-de-r-5-mil-comecam-na-proxima-segunda\/","url_meta":{"origin":56795,"position":3},"title":"Inscri\u00e7\u00f5es para concurso p\u00fablico com sal\u00e1rios de R$ 5 mil come\u00e7am na pr\u00f3xima segunda","author":"ismaelcolosi.com.br","date":"16 de December de 2023","format":false,"excerpt":"Come\u00e7a na pr\u00f3xima segunda-feira (18), a partir das 10h, o prazo para as inscri\u00e7\u00f5es do concurso p\u00fablico da C\u00e2mara Municipal de Jaboticabal, no interior de S\u00e3o Paulo. S\u00e3o cinco vagas de n\u00edvel m\u00e9dio e superior com sal\u00e1rios de R$ 5.452,93. As vagas dispon\u00edveis s\u00e3o para assistente (3 vagas), operador audiovisual\u2026","rel":"","context":"In &quot;Not\u00edcias de Ribeir\u00e3o Preto-SP e Regi\u00e3o&quot;","block_context":{"text":"Not\u00edcias de Ribeir\u00e3o Preto-SP e Regi\u00e3o","link":"https:\/\/ismaelcolosi.com.br\/index.php\/category\/noticias-de-ribeirao-preto-sp-e-regiao-ismael-colosi\/"},"img":{"alt_text":"","src":"https:\/\/i0.wp.com\/ismaelcolosi.com.br\/wp-content\/uploads\/2023\/12\/concurso-publico-11.jpg?fit=1200%2C801&ssl=1&resize=350%2C200","width":350,"height":200,"srcset":"https:\/\/i0.wp.com\/ismaelcolosi.com.br\/wp-content\/uploads\/2023\/12\/concurso-publico-11.jpg?fit=1200%2C801&ssl=1&resize=350%2C200 1x, https:\/\/i0.wp.com\/ismaelcolosi.com.br\/wp-content\/uploads\/2023\/12\/concurso-publico-11.jpg?fit=1200%2C801&ssl=1&resize=525%2C300 1.5x, https:\/\/i0.wp.com\/ismaelcolosi.com.br\/wp-content\/uploads\/2023\/12\/concurso-publico-11.jpg?fit=1200%2C801&ssl=1&resize=700%2C400 2x, https:\/\/i0.wp.com\/ismaelcolosi.com.br\/wp-content\/uploads\/2023\/12\/concurso-publico-11.jpg?fit=1200%2C801&ssl=1&resize=1050%2C600 3x"},"classes":[]},{"id":85532,"url":"https:\/\/ismaelcolosi.com.br\/index.php\/2025\/05\/21\/itamaraty-abre-concurso-para-50-vagas-de-diplomata-com-salario-inicial-de-r-225-mil-veja-edital\/","url_meta":{"origin":56795,"position":4},"title":"Itamaraty abre concurso para 50 vagas de diplomata com sal\u00e1rio inicial de R$ 22,5 mil; veja edital","author":"ismaelcolosi.com.br","date":"21 de May de 2025","format":false,"excerpt":"Nesta quinta-feira, 15, o Minist\u00e9rio das Rela\u00e7\u00f5es Exteriores publicou o edital de um novo concurso p\u00fablico para o cargo de terceiro-secret\u00e1rio, classe inicial da carreira da diplomacia. S\u00e3o 50 vagas, sendo 37 para ampla concorr\u00eancia, dez para candidatos negros e tr\u00eas para pessoas com defici\u00eancia. O sal\u00e1rio inicial \u00e9 de\u2026","rel":"","context":"In &quot;Empregos - Classificados&quot;","block_context":{"text":"Empregos - Classificados","link":"https:\/\/ismaelcolosi.com.br\/index.php\/category\/empregos-classificados-vagas-trabalho\/"},"img":{"alt_text":"","src":"","width":0,"height":0},"classes":[]},{"id":81576,"url":"https:\/\/ismaelcolosi.com.br\/index.php\/2025\/01\/13\/hc-ribeirao-preto-publica-dois-editais-de-concurso-publico-veja-as-vagas\/","url_meta":{"origin":56795,"position":5},"title":"HC Ribeir\u00e3o Preto publica dois editais de concurso p\u00fablico e os sal\u00e1rios s\u00e3o de R$ 5.695,18; Veja as vagas","author":"Arthur Tijolo","date":"13 de January de 2025","format":false,"excerpt":"Inscri\u00e7\u00f5es para o concurso p\u00fablico do Hospital das Cl\u00ednicas de Ribeir\u00e3o Preto come\u00e7am no pr\u00f3ximo dia 13 de janeiro \u00a0 O\u00a0Hospital das Cl\u00ednicas de Ribeir\u00e3o Preto\u00a0publicou dois novos editais de\u00a0concurso p\u00fablico. As vagas s\u00e3o para o cargo de m\u00e9dico e os sal\u00e1rios s\u00e3o de R$ 5.695,18 para carga hor\u00e1ria de\u2026","rel":"","context":"In &quot;Cursos Gratuitos e Bolsas de Estudos&quot;","block_context":{"text":"Cursos Gratuitos e Bolsas de Estudos","link":"https:\/\/ismaelcolosi.com.br\/index.php\/category\/cursos-gratuitos-e-bolsas-de-estudos-ribeirao-preto\/"},"img":{"alt_text":"","src":"https:\/\/i0.wp.com\/ismaelcolosi.com.br\/wp-content\/uploads\/2025\/01\/blur-hospital-scaled.jpg?fit=1200%2C800&ssl=1&resize=350%2C200","width":350,"height":200,"srcset":"https:\/\/i0.wp.com\/ismaelcolosi.com.br\/wp-content\/uploads\/2025\/01\/blur-hospital-scaled.jpg?fit=1200%2C800&ssl=1&resize=350%2C200 1x, https:\/\/i0.wp.com\/ismaelcolosi.com.br\/wp-content\/uploads\/2025\/01\/blur-hospital-scaled.jpg?fit=1200%2C800&ssl=1&resize=525%2C300 1.5x, https:\/\/i0.wp.com\/ismaelcolosi.com.br\/wp-content\/uploads\/2025\/01\/blur-hospital-scaled.jpg?fit=1200%2C800&ssl=1&resize=700%2C400 2x, https:\/\/i0.wp.com\/ismaelcolosi.com.br\/wp-content\/uploads\/2025\/01\/blur-hospital-scaled.jpg?fit=1200%2C800&ssl=1&resize=1050%2C600 3x"},"classes":[]}],"jetpack_sharing_enabled":true,"jetpack_shortlink":"https:\/\/wp.me\/pfMlyK-eM3","_links":{"self":[{"href":"https:\/\/ismaelcolosi.com.br\/index.php\/wp-json\/wp\/v2\/posts\/56795","targetHints":{"allow":["GET"]}}],"collection":[{"href":"https:\/\/ismaelcolosi.com.br\/index.php\/wp-json\/wp\/v2\/posts"}],"about":[{"href":"https:\/\/ismaelcolosi.com.br\/index.php\/wp-json\/wp\/v2\/types\/post"}],"author":[{"embeddable":true,"href":"https:\/\/ismaelcolosi.com.br\/index.php\/wp-json\/wp\/v2\/users\/1"}],"replies":[{"embeddable":true,"href":"https:\/\/ismaelcolosi.com.br\/index.php\/wp-json\/wp\/v2\/comments?post=56795"}],"version-history":[{"count":0,"href":"https:\/\/ismaelcolosi.com.br\/index.php\/wp-json\/wp\/v2\/posts\/56795\/revisions"}],"wp:featuredmedia":[{"embeddable":true,"href":"https:\/\/ismaelcolosi.com.br\/index.php\/wp-json\/wp\/v2\/media\/56796"}],"wp:attachment":[{"href":"https:\/\/ismaelcolosi.com.br\/index.php\/wp-json\/wp\/v2\/media?parent=56795"}],"wp:term":[{"taxonomy":"category","embeddable":true,"href":"https:\/\/ismaelcolosi.com.br\/index.php\/wp-json\/wp\/v2\/categories?post=56795"},{"taxonomy":"post_tag","embeddable":true,"href":"https:\/\/ismaelcolosi.com.br\/index.php\/wp-json\/wp\/v2\/tags?post=56795"}],"curies":[{"name":"wp","href":"https:\/\/api.w.org\/{rel}","templated":true}]}}