{"id":56791,"date":"2024-07-15T13:18:44","date_gmt":"2024-07-15T16:18:44","guid":{"rendered":"https:\/\/ismaelcolosi.com.br\/index.php\/2024\/07\/15\/o-que-fazer-quando-todos-os-seus-colegas-estao-de-ferias\/"},"modified":"2024-07-15T13:18:44","modified_gmt":"2024-07-15T16:18:44","slug":"o-que-fazer-quando-todos-os-seus-colegas-estao-de-ferias","status":"publish","type":"post","link":"https:\/\/ismaelcolosi.com.br\/index.php\/2024\/07\/15\/o-que-fazer-quando-todos-os-seus-colegas-estao-de-ferias\/","title":{"rendered":"O que fazer quando todos os seus colegas est\u00e3o de f\u00e9rias"},"content":{"rendered":"<p> <br \/>\n<\/p>\n<div>\n<p>\u00c9 aquela \u00e9poca do ano: quando <strong>todos est\u00e3o de f\u00e9rias, menos voc\u00ea<\/strong>. Talvez voc\u00ea tenha guardado seus dias de folga para um momento menos movimentado ou simplesmente esqueceu de marcar antes de todo mundo. Mas o fato \u00e9 que voc\u00ea est\u00e1 no trabalho, praticamente sozinho.<\/p>\n<div class=\"accessibility\">\n<p>Acessibilidade<\/p>\n<p>\n<button onclick=\"alterFont1()\" id=\"btn1\" class=\"btn\">L<\/button><br \/>\n<button onclick=\"alterFont2()\" id=\"btn2\" class=\"btn\" style=\"font-family: Merriweather\">L<\/button><br \/>\n<button onclick=\"alterFontSmallerSize()\" id=\"btn3\" class=\"btn\">A-<\/button><br \/>\n<button onclick=\"alterFontBiggerSize()\" id=\"btn4\" class=\"btn\">A+<\/button><\/p>\n<p><button onclick=\"alterBackground()\" id=\"btn6\" class=\"btn\">\u25d0<\/button><\/p>\n<\/div>\n<p>Aqui est\u00e3o algumas dicas para manter a sanidade enquanto todos os outros est\u00e3o viajando ou descansando.<\/p>\n<h2>Leia tamb\u00e9m<\/h2>\n<div id=\"attachment_622241\" class=\"wp-caption alignnone style=\" max-width:=\"\"><img data-recalc-dims=\"1\" fetchpriority=\"high\" decoding=\"async\" class=\"alignnone wp-image-622241 size-full\" src=\"https:\/\/i0.wp.com\/forbes.com.br\/wp-content\/uploads\/2024\/07\/carreira-ferias-768x512.jpg?resize=678%2C452&#038;ssl=1\" http:=\"\" alt=\"Getty Images\" width=\"678\" height=\"452\" data-lazy-src=\"https:\/\/forbes.com.br\/wp-content\/uploads\/2024\/07\/carreira-ferias-768x512.jpg\"\/><img data-recalc-dims=\"1\" fetchpriority=\"high\" decoding=\"async\" class=\"alignnone wp-image-622241 size-full\" src=\"https:\/\/i0.wp.com\/forbes.com.br\/wp-content\/uploads\/2024\/07\/carreira-ferias-768x512.jpg?resize=678%2C452&#038;ssl=1\" alt=\"Getty Images\" width=\"678\" height=\"452\"\/><\/p>\n<p>Getty Images<\/p>\n<p class=\"wp-caption-text\">Lembre-se de planejar suas f\u00e9rias e garantir um per\u00edodo de descanso<\/p>\n<\/div>\n<h3>Coloque projetos antigos em dia<\/h3>\n<p>Com menos interrup\u00e7\u00f5es e demandas, \u00e9 o momento perfeito para retomar aqueles projetos que ficaram em segundo plano. Por onde come\u00e7ar? Sua caixa de entrada. Com certeza h\u00e1 algum trabalho l\u00e1 que voc\u00ea ainda n\u00e3o fez.<\/p>\n<h3>Aproveite o sil\u00eancio<\/h3>\n<p>A redu\u00e7\u00e3o do burburinho no escrit\u00f3rio pode realmente aumentar seu foco e efici\u00eancia. Use esse tempo mais tranquilo para mergulhar em trabalhos que exigem mais concentra\u00e7\u00e3o e criatividade. Esse pode ser o momento perfeito para ter novas ideias, criar projetos, escrever relat\u00f3rios detalhados ou desenvolver propostas que requerem um pensamento ininterrupto. H\u00e1 algo de revigorante em um ambiente menos agitado. Aproveite a calma para fazer pausas reais para o almo\u00e7o. Reais mesmo. Talvez voc\u00ea nunca tenha outro momento de paz como esse.<\/p>\n<h3>Seja soci\u00e1vel<\/h3>\n<p>Embora muitos colegas estejam fora, voc\u00ea pode usar esse tempo para construir relacionamentos com os que est\u00e3o no trabalho e colegas de outras equipes e \u00e1reas. Se geralmente \u00e9 dif\u00edcil agendar reuni\u00f5es com supervisores ou executivos ocupados, veja se agora voc\u00ea consegue encontrar um espa\u00e7o nas agendas deles. Isso pode servir tanto para networking quanto para divers\u00e3o. Nunca \u00e9 demais conhecer novas pessoas no escrit\u00f3rio.<\/p>\n<h3>Revise seus objetivos<\/h3>\n<p>O meio do ano \u00e9 um bom momento para (re)avaliar seus objetivos anuais. Se voc\u00ea n\u00e3o estabeleceu metas de curto, m\u00e9dio e longo prazo no in\u00edcio do ano, pode \u2013 e deve \u2013 fazer isso agora.<\/p>\n<h3>Prepare-se para o retorno dos colegas<\/h3>\n<p>Pense em como voc\u00ea pode facilitar a transi\u00e7\u00e3o quando seus colegas retornarem. Isso pode envolver a organiza\u00e7\u00e3o de arquivos compartilhados, o resumo das atualiza\u00e7\u00f5es de projetos ou a organiza\u00e7\u00e3o de uma reuni\u00e3o de boas-vindas. Isso far\u00e1 com que todos gostem de voc\u00ea, o que n\u00e3o \u00e9 t\u00e3o bom quanto umas f\u00e9rias, mas ainda \u00e9 algo positivo.<\/p>\n<ul>\n<li>\n<h4>Siga a <a href=\"https:\/\/whatsapp.com\/channel\/0029Va9gQKwBFLgM96cJnu0u&gt;\" target=\"_blank\" rel=\"noopener\">Forbes<\/a> no WhatsApp e receba as principais not\u00edcias sobre neg\u00f3cios, carreira, tecnologia e estilo de vida<\/h4>\n<\/li>\n<\/ul>\n<h3>Marque suas pr\u00f3prias f\u00e9rias<\/h3>\n<p>Lembre-se de tirar uma folga quando poss\u00edvel. O c\u00e9rebro, e o seu corpo como um todo, precisam de descanso para serem capazes de continuarem produtivos.<\/p>\n<p><em>*Virginia Hogan \u00e9 colaboradora da Forbes US. Ela \u00e9 escritora e comediante stand-up, al\u00e9m de trabalhar como freelancer h\u00e1 seis anos.<\/em><\/p>\n<\/div>\n<p><script type=\"rocketlazyloadscript\">\n\t\t\t\t(function(d, s, id){\n\t\t\t\t\tvar js, fjs = d.getElementsByTagName(s)[0];\n\t\t\t\t\tif (d.getElementById(id)) return;\n\t\t\t\t\tjs = d.createElement(s); js.id = id;\n\t\t\t\t\tjs.src = \"\/\/connect.facebook.net\/pt_BR\/sdk.js#xfbml=1&version=v2.9\";\n\t\t\t\t\tfjs.parentNode.insertBefore(js, fjs);\n\t\t\t\t}(document, 'script', 'facebook-jssdk'));\n\t\t\t<\/script><br \/>\n<br \/><br \/>\n<br \/><a href=\"https:\/\/forbes.com.br\/carreira\/2024\/07\/o-que-fazer-quando-todos-os-seus-colegas-estao-de-ferias\/\">Source link <\/a><\/p>\n<div class='code-block code-block-4' style='margin: 8px auto 8px 0; text-align: left; display: block; clear: both;'>\n\ud83d\udce2 Aviso Legal\n\nO site ismaelcolosi.com.br atua apenas como um canal de divulga\u00e7\u00e3o de oportunidades de emprego e n\u00e3o se responsabiliza pelo processo seletivo, contrata\u00e7\u00e3o ou qualquer outra etapa relacionada \u00e0s vagas publicadas. Todas as informa\u00e7\u00f5es s\u00e3o de responsabilidade dos anunciantes.\n\n\u26a0\ufe0f Aten\u00e7\u00e3o! Nunca pague por promessas de emprego nem compre cursos que garantam contrata\u00e7\u00e3o. Desconfie de qualquer cobran\u00e7a para participar de sele\u00e7\u00f5es.\n\n\n\n<\/div>\n<!-- CONTENT END 1 -->\n","protected":false},"excerpt":{"rendered":"<p>\u00c9 aquela \u00e9poca do ano: quando todos est\u00e3o de f\u00e9rias, menos voc\u00ea. Talvez voc\u00ea tenha guardado seus dias de folga para um momento menos movimentado&#8230;<\/p>\n","protected":false},"author":1,"featured_media":56792,"comment_status":"open","ping_status":"open","sticky":false,"template":"","format":"standard","meta":{"_uag_custom_page_level_css":"","advanced_seo_description":"","jetpack_seo_html_title":"","jetpack_seo_noindex":false,"jetpack_post_was_ever_published":false,"_jetpack_newsletter_access":"","_jetpack_dont_email_post_to_subs":false,"_jetpack_newsletter_tier_id":0,"_jetpack_memberships_contains_paywalled_content":false,"_jetpack_memberships_contains_paid_content":false,"footnotes":"","jetpack_publicize_message":"","jetpack_publicize_feature_enabled":true,"jetpack_social_post_already_shared":true,"jetpack_social_options":{"image_generator_settings":{"template":"highway","default_image_id":0,"font":"","enabled":false},"version":2}},"categories":[1964],"tags":[],"class_list":["post-56791","post","type-post","status-publish","format-standard","has-post-thumbnail","hentry","category-carreira-e-sucesso-dicas-para-carreira"],"jetpack_publicize_connections":[],"jetpack_featured_media_url":"https:\/\/i0.wp.com\/ismaelcolosi.com.br\/wp-content\/uploads\/2024\/07\/carreira-ferias-1024x683.jpg?fit=1024%2C683&ssl=1","uagb_featured_image_src":{"full":["https:\/\/i0.wp.com\/ismaelcolosi.com.br\/wp-content\/uploads\/2024\/07\/carreira-ferias-1024x683.jpg?fit=1024%2C683&ssl=1",1024,683,false],"thumbnail":["https:\/\/i0.wp.com\/ismaelcolosi.com.br\/wp-content\/uploads\/2024\/07\/carreira-ferias-1024x683.jpg?resize=150%2C150&ssl=1",150,150,true],"medium":["https:\/\/i0.wp.com\/ismaelcolosi.com.br\/wp-content\/uploads\/2024\/07\/carreira-ferias-1024x683.jpg?fit=300%2C200&ssl=1",300,200,true],"medium_large":["https:\/\/i0.wp.com\/ismaelcolosi.com.br\/wp-content\/uploads\/2024\/07\/carreira-ferias-1024x683.jpg?fit=768%2C512&ssl=1",768,512,true],"large":["https:\/\/i0.wp.com\/ismaelcolosi.com.br\/wp-content\/uploads\/2024\/07\/carreira-ferias-1024x683.jpg?fit=1024%2C683&ssl=1",1024,683,true],"1536x1536":["https:\/\/i0.wp.com\/ismaelcolosi.com.br\/wp-content\/uploads\/2024\/07\/carreira-ferias-1024x683.jpg?fit=1024%2C683&ssl=1",1024,683,true],"2048x2048":["https:\/\/i0.wp.com\/ismaelcolosi.com.br\/wp-content\/uploads\/2024\/07\/carreira-ferias-1024x683.jpg?fit=1024%2C683&ssl=1",1024,683,true],"really-simple-thumb":["https:\/\/i0.wp.com\/ismaelcolosi.com.br\/wp-content\/uploads\/2024\/07\/carreira-ferias-1024x683.jpg?resize=370%2C247&ssl=1",370,247,true]},"uagb_author_info":{"display_name":"ismaelcolosi.com.br","author_link":"https:\/\/ismaelcolosi.com.br\/index.php\/author\/vidareal-online\/"},"uagb_comment_info":0,"uagb_excerpt":"\u00c9 aquela \u00e9poca do ano: quando todos est\u00e3o de f\u00e9rias, menos voc\u00ea. Talvez voc\u00ea tenha guardado seus dias de folga para um momento menos movimentado...","jetpack-related-posts":[{"id":55719,"url":"https:\/\/ismaelcolosi.com.br\/index.php\/2024\/07\/05\/por-que-empresarios-nao-conseguem-aproveitar-as-ferias\/","url_meta":{"origin":56791,"position":0},"title":"Por que empres\u00e1rios n\u00e3o conseguem aproveitar as f\u00e9rias?","author":"ismaelcolosi.com.br","date":"5 de July de 2024","format":false,"excerpt":"Julho chegou e v\u00e1rios profissionais v\u00e3o aproveitar o m\u00eas para tirar f\u00e9rias, mas muitos tamb\u00e9m est\u00e3o vendo suas agendas se preencherem e encontrando raz\u00f5es para n\u00e3o tirar uma folga. Alguns recusam f\u00e9rias pagas porque \u00e9 muito estressante planejar uma grande viagem. Outros est\u00e3o preocupados sobre a percep\u00e7\u00e3o do seu gerente.\u2026","rel":"","context":"In &quot;Carreira e Sucesso&quot;","block_context":{"text":"Carreira e Sucesso","link":"https:\/\/ismaelcolosi.com.br\/index.php\/category\/carreira-e-sucesso-dicas-para-carreira\/"},"img":{"alt_text":"","src":"https:\/\/i0.wp.com\/ismaelcolosi.com.br\/wp-content\/uploads\/2024\/07\/carreira-ferias-trabalho-1024x683.jpg?fit=1024%2C683&ssl=1&resize=350%2C200","width":350,"height":200,"srcset":"https:\/\/i0.wp.com\/ismaelcolosi.com.br\/wp-content\/uploads\/2024\/07\/carreira-ferias-trabalho-1024x683.jpg?fit=1024%2C683&ssl=1&resize=350%2C200 1x, https:\/\/i0.wp.com\/ismaelcolosi.com.br\/wp-content\/uploads\/2024\/07\/carreira-ferias-trabalho-1024x683.jpg?fit=1024%2C683&ssl=1&resize=525%2C300 1.5x, https:\/\/i0.wp.com\/ismaelcolosi.com.br\/wp-content\/uploads\/2024\/07\/carreira-ferias-trabalho-1024x683.jpg?fit=1024%2C683&ssl=1&resize=700%2C400 2x"},"classes":[]},{"id":49330,"url":"https:\/\/ismaelcolosi.com.br\/index.php\/2024\/05\/10\/profissionais-remotos-estao-tirando-ferias-clandestinas\/","url_meta":{"origin":56791,"position":1},"title":"Profissionais remotos est\u00e3o tirando f\u00e9rias clandestinas","author":"ismaelcolosi.com.br","date":"10 de May de 2024","format":false,"excerpt":"Getty Images\u201cHush-cations\u201d, ou \u201cf\u00e9rias silenciosas\u201d, ajudam a aliviar o estresse no trabalho e aumentar a reten\u00e7\u00e3o dos profissionais Profissionais est\u00e3o tirando f\u00e9rias informalmente, sem se afastarem do trabalho ou revelarem sua localiza\u00e7\u00e3o para os chefes. Depois do quiet quitting, coffee badging e outros termos que surgiram no mundo do trabalho\u2026","rel":"","context":"In &quot;Carreira e Sucesso&quot;","block_context":{"text":"Carreira e Sucesso","link":"https:\/\/ismaelcolosi.com.br\/index.php\/category\/carreira-e-sucesso-dicas-para-carreira\/"},"img":{"alt_text":"","src":"https:\/\/i0.wp.com\/ismaelcolosi.com.br\/wp-content\/uploads\/2024\/05\/carreira-trabalho-ferias-1024x683.jpg?fit=1024%2C683&ssl=1&resize=350%2C200","width":350,"height":200,"srcset":"https:\/\/i0.wp.com\/ismaelcolosi.com.br\/wp-content\/uploads\/2024\/05\/carreira-trabalho-ferias-1024x683.jpg?fit=1024%2C683&ssl=1&resize=350%2C200 1x, https:\/\/i0.wp.com\/ismaelcolosi.com.br\/wp-content\/uploads\/2024\/05\/carreira-trabalho-ferias-1024x683.jpg?fit=1024%2C683&ssl=1&resize=525%2C300 1.5x, https:\/\/i0.wp.com\/ismaelcolosi.com.br\/wp-content\/uploads\/2024\/05\/carreira-trabalho-ferias-1024x683.jpg?fit=1024%2C683&ssl=1&resize=700%2C400 2x"},"classes":[]},{"id":78533,"url":"https:\/\/ismaelcolosi.com.br\/index.php\/2024\/12\/06\/bill-gates-indica-5-livros-para-ler-nas-ferias-de-fim-de-ano\/","url_meta":{"origin":56791,"position":2},"title":"Bill Gates Indica 5 Livros para Ler nas F\u00e9rias de Fim de Ano","author":"ismaelcolosi.com.br","date":"6 de December de 2024","format":false,"excerpt":"\r Reprodu\u00e7\u00e3o\/Gates Notes\r Bill Gates inclui na lista o best-seller \"A Gera\u00e7\u00e3o Ansiosa\"\r \u00a0 Acessibilidade \r L\r L\r A-\r A+\r \r \u25d0\r \r Sabemos que o ano realmente est\u00e1 chegando ao fim quando Bill Gates publica sua tradicional lista de livros para as f\u00e9rias. Em um post no seu blog,\u2026","rel":"","context":"In &quot;Carreira e Sucesso&quot;","block_context":{"text":"Carreira e Sucesso","link":"https:\/\/ismaelcolosi.com.br\/index.php\/category\/carreira-e-sucesso-dicas-para-carreira\/"},"img":{"alt_text":"","src":"https:\/\/i0.wp.com\/ismaelcolosi.com.br\/wp-content\/uploads\/2024\/12\/carreira-bill-gates-livros-1-1200x675.jpg?fit=1200%2C675&ssl=1&resize=350%2C200","width":350,"height":200,"srcset":"https:\/\/i0.wp.com\/ismaelcolosi.com.br\/wp-content\/uploads\/2024\/12\/carreira-bill-gates-livros-1-1200x675.jpg?fit=1200%2C675&ssl=1&resize=350%2C200 1x, https:\/\/i0.wp.com\/ismaelcolosi.com.br\/wp-content\/uploads\/2024\/12\/carreira-bill-gates-livros-1-1200x675.jpg?fit=1200%2C675&ssl=1&resize=525%2C300 1.5x, https:\/\/i0.wp.com\/ismaelcolosi.com.br\/wp-content\/uploads\/2024\/12\/carreira-bill-gates-livros-1-1200x675.jpg?fit=1200%2C675&ssl=1&resize=700%2C400 2x, https:\/\/i0.wp.com\/ismaelcolosi.com.br\/wp-content\/uploads\/2024\/12\/carreira-bill-gates-livros-1-1200x675.jpg?fit=1200%2C675&ssl=1&resize=1050%2C600 3x"},"classes":[]},{"id":25668,"url":"https:\/\/ismaelcolosi.com.br\/index.php\/2024\/01\/08\/3-dicas-para-sair-da-inercia-pos-ferias\/","url_meta":{"origin":56791,"position":3},"title":"3 dicas para sair da in\u00e9rcia p\u00f3s-f\u00e9rias","author":"ismaelcolosi.com.br","date":"8 de January de 2024","format":false,"excerpt":"Pekic\/Getty ImagesVoltar de per\u00edodos de descanso e celebra\u00e7\u00e3o pode ser dif\u00edcil, mas estrat\u00e9gias baseadas na ci\u00eancia podem ajudar As festas de fim de ano chegaram ao fim, e muita gente que curtiu f\u00e9rias ou recesso relaxando e celebrando enfrenta agora uma indisposi\u00e7\u00e3o para retomar as atividades normais. A in\u00e9rcia, princ\u00edpio\u2026","rel":"","context":"In &quot;Carreira e Sucesso&quot;","block_context":{"text":"Carreira e Sucesso","link":"https:\/\/ismaelcolosi.com.br\/index.php\/category\/carreira-e-sucesso-dicas-para-carreira\/"},"img":{"alt_text":"","src":"https:\/\/i0.wp.com\/ismaelcolosi.com.br\/wp-content\/uploads\/2024\/01\/carreira-trabalho-produtividade-1024x683.jpg?fit=1024%2C683&ssl=1&resize=350%2C200","width":350,"height":200,"srcset":"https:\/\/i0.wp.com\/ismaelcolosi.com.br\/wp-content\/uploads\/2024\/01\/carreira-trabalho-produtividade-1024x683.jpg?fit=1024%2C683&ssl=1&resize=350%2C200 1x, https:\/\/i0.wp.com\/ismaelcolosi.com.br\/wp-content\/uploads\/2024\/01\/carreira-trabalho-produtividade-1024x683.jpg?fit=1024%2C683&ssl=1&resize=525%2C300 1.5x, https:\/\/i0.wp.com\/ismaelcolosi.com.br\/wp-content\/uploads\/2024\/01\/carreira-trabalho-produtividade-1024x683.jpg?fit=1024%2C683&ssl=1&resize=700%2C400 2x"},"classes":[]},{"id":89855,"url":"https:\/\/ismaelcolosi.com.br\/index.php\/2026\/04\/15\/ceo-global-da-boyden-questiona-o-futuro-da-lideranca\/","url_meta":{"origin":56791,"position":4},"title":"CEO Global da Boyden Questiona o Futuro da Lideran\u00e7a","author":"ismaelcolosi.com.br","date":"15 de April de 2026","format":false,"excerpt":"Delegar o setor de intelig\u00eancia artificial em uma companhia a um \u00fanico especialista pode ser um tiro no p\u00e9, na avalia\u00e7\u00e3o de Chad Hesters, presidente e CEO global da Boyden, consultoria de recrutamento executivo que completa 80 anos em 2026. \u201cO cargo de Chief AI Officer n\u00e3o faz sentido no\u2026","rel":"","context":"In &quot;Carreira e Sucesso&quot;","block_context":{"text":"Carreira e Sucesso","link":"https:\/\/ismaelcolosi.com.br\/index.php\/category\/carreira-e-sucesso-dicas-para-carreira\/"},"img":{"alt_text":"","src":"https:\/\/i0.wp.com\/ismaelcolosi.com.br\/wp-content\/uploads\/2026\/04\/chad-hesters-boyden-1200x675.jpg?fit=1200%2C675&ssl=1&resize=350%2C200","width":350,"height":200,"srcset":"https:\/\/i0.wp.com\/ismaelcolosi.com.br\/wp-content\/uploads\/2026\/04\/chad-hesters-boyden-1200x675.jpg?fit=1200%2C675&ssl=1&resize=350%2C200 1x, https:\/\/i0.wp.com\/ismaelcolosi.com.br\/wp-content\/uploads\/2026\/04\/chad-hesters-boyden-1200x675.jpg?fit=1200%2C675&ssl=1&resize=525%2C300 1.5x, https:\/\/i0.wp.com\/ismaelcolosi.com.br\/wp-content\/uploads\/2026\/04\/chad-hesters-boyden-1200x675.jpg?fit=1200%2C675&ssl=1&resize=700%2C400 2x, https:\/\/i0.wp.com\/ismaelcolosi.com.br\/wp-content\/uploads\/2026\/04\/chad-hesters-boyden-1200x675.jpg?fit=1200%2C675&ssl=1&resize=1050%2C600 3x"},"classes":[]},{"id":37751,"url":"https:\/\/ismaelcolosi.com.br\/index.php\/2024\/02\/18\/como-estabelecer-limites-e-evitar-o-burnout\/","url_meta":{"origin":56791,"position":5},"title":"Como estabelecer limites e evitar o burnout","author":"ismaelcolosi.com.br","date":"18 de February de 2024","format":false,"excerpt":"Getty ImagesDefinir limites no trabalho \u00e9 essencial para o bem-estar a longo prazo e o sucesso na carreira Voc\u00ea assume qualquer trabalho extra que seu chefe te passa, mesmo quando est\u00e1 no limite? Quando a carga de trabalho excede sua capacidade, pode causar ansiedade, estresse e te levar a um\u2026","rel":"","context":"In &quot;Carreira e Sucesso&quot;","block_context":{"text":"Carreira e Sucesso","link":"https:\/\/ismaelcolosi.com.br\/index.php\/category\/carreira-e-sucesso-dicas-para-carreira\/"},"img":{"alt_text":"","src":"https:\/\/i0.wp.com\/ismaelcolosi.com.br\/wp-content\/uploads\/2024\/02\/carreira-trabalho-equipe-1024x683.jpg?fit=1024%2C683&ssl=1&resize=350%2C200","width":350,"height":200,"srcset":"https:\/\/i0.wp.com\/ismaelcolosi.com.br\/wp-content\/uploads\/2024\/02\/carreira-trabalho-equipe-1024x683.jpg?fit=1024%2C683&ssl=1&resize=350%2C200 1x, https:\/\/i0.wp.com\/ismaelcolosi.com.br\/wp-content\/uploads\/2024\/02\/carreira-trabalho-equipe-1024x683.jpg?fit=1024%2C683&ssl=1&resize=525%2C300 1.5x, https:\/\/i0.wp.com\/ismaelcolosi.com.br\/wp-content\/uploads\/2024\/02\/carreira-trabalho-equipe-1024x683.jpg?fit=1024%2C683&ssl=1&resize=700%2C400 2x"},"classes":[]}],"jetpack_sharing_enabled":true,"jetpack_shortlink":"https:\/\/wp.me\/pfMlyK-eLZ","_links":{"self":[{"href":"https:\/\/ismaelcolosi.com.br\/index.php\/wp-json\/wp\/v2\/posts\/56791","targetHints":{"allow":["GET"]}}],"collection":[{"href":"https:\/\/ismaelcolosi.com.br\/index.php\/wp-json\/wp\/v2\/posts"}],"about":[{"href":"https:\/\/ismaelcolosi.com.br\/index.php\/wp-json\/wp\/v2\/types\/post"}],"author":[{"embeddable":true,"href":"https:\/\/ismaelcolosi.com.br\/index.php\/wp-json\/wp\/v2\/users\/1"}],"replies":[{"embeddable":true,"href":"https:\/\/ismaelcolosi.com.br\/index.php\/wp-json\/wp\/v2\/comments?post=56791"}],"version-history":[{"count":0,"href":"https:\/\/ismaelcolosi.com.br\/index.php\/wp-json\/wp\/v2\/posts\/56791\/revisions"}],"wp:featuredmedia":[{"embeddable":true,"href":"https:\/\/ismaelcolosi.com.br\/index.php\/wp-json\/wp\/v2\/media\/56792"}],"wp:attachment":[{"href":"https:\/\/ismaelcolosi.com.br\/index.php\/wp-json\/wp\/v2\/media?parent=56791"}],"wp:term":[{"taxonomy":"category","embeddable":true,"href":"https:\/\/ismaelcolosi.com.br\/index.php\/wp-json\/wp\/v2\/categories?post=56791"},{"taxonomy":"post_tag","embeddable":true,"href":"https:\/\/ismaelcolosi.com.br\/index.php\/wp-json\/wp\/v2\/tags?post=56791"}],"curies":[{"name":"wp","href":"https:\/\/api.w.org\/{rel}","templated":true}]}}