{"id":56787,"date":"2024-07-15T13:03:51","date_gmt":"2024-07-15T16:03:51","guid":{"rendered":"https:\/\/ismaelcolosi.com.br\/index.php\/2024\/07\/15\/homem-e-baleado-apos-confusao-com-vizinho-na-regiao-de-ribeirao-preto-veja-video\/"},"modified":"2024-07-15T13:03:51","modified_gmt":"2024-07-15T16:03:51","slug":"homem-e-baleado-apos-confusao-com-vizinho-na-regiao-de-ribeirao-preto-veja-video","status":"publish","type":"post","link":"https:\/\/ismaelcolosi.com.br\/index.php\/2024\/07\/15\/homem-e-baleado-apos-confusao-com-vizinho-na-regiao-de-ribeirao-preto-veja-video\/","title":{"rendered":"Homem \u00e9 baleado ap\u00f3s confus\u00e3o com vizinho na regi\u00e3o de Ribeir\u00e3o Preto; Veja v\u00eddeo"},"content":{"rendered":"<p> <br \/>\n<\/p>\n<div data-td-block-uid=\"tdi_106\">\n<div class=\"tdb-block-inner td-fix-index\">\n<p><strong>Um homem de 49 anos foi baleado na tarde deste domingo (14), em Sert\u00e3ozinho, na regi\u00e3o de Ribeir\u00e3o Preto. <\/strong>A <strong>a\u00e7\u00e3o <\/strong>foi <strong>registrada <\/strong>por uma <strong>c\u00e2mera <\/strong>de <strong>seguran\u00e7a <\/strong>na <strong>avenida Jo\u00e3o Pignata<\/strong>, no bairro Alto do Gin\u00e1sio. <strong>Assista <\/strong>ao <strong>v\u00eddeo <\/strong>abaixo.<\/p>\n<p>Segundo o <strong>boletim de ocorr\u00eancia (BO)<\/strong>, <mark style=\"background-color:#fcb900\" class=\"has-inline-color has-black-color\">o motivo do crime seria uma briga entre vizinhos, que teria sido motivada pelo barulho de uma m\u00e1quina de compactar solo que a v\u00edtima utilizava.<\/mark> O vizinho estaria dormindo e teria sido acordado. \u00a0<\/p>\n<p>A <strong>v\u00edtima <\/strong>foi <strong>socorrida <\/strong>em <strong>estado grave<\/strong> e o<strong> vizinho<\/strong>, que tem 63 anos, <strong>fugiu <\/strong>e n\u00e3o foi encontrado.<\/p>\n<h4 class=\"wp-block-heading\"><strong>Briga antiga<\/strong><\/h4>\n<p>Ainda consta no registro da pol\u00edcia que os envolvidos j\u00e1 se <strong>desentendiam <\/strong>devido a <strong>atividades <\/strong>desenvolvidas pela <strong>v\u00edtima<\/strong>, que possui um <strong>barrac\u00e3o comercial<\/strong>.<\/p>\n<p>A <strong>esposa <\/strong>do <strong>vizinho <\/strong>alegou \u00e0 <strong>pol\u00edcia <\/strong>que dias atr\u00e1s teria sido <strong>xingada <\/strong>pela <strong>v\u00edtima<\/strong>, durante uma <strong>discuss\u00e3o<\/strong>. <\/p>\n<p>O caso foi registrado no <strong>Plant\u00e3o da Delegacia Seccional de Sert\u00e3ozinho <\/strong>como <strong>tentativa <\/strong>de <strong>homic\u00eddio <\/strong>para <strong>investiga\u00e7\u00e3o <\/strong>da <strong>Pol\u00edcia Civil<\/strong>.<\/p>\n<p><iframe loading=\"lazy\" allowfullscreen=\"yes\" frameborder=\"0\" scrolling=\"yes\" src=\"https:\/\/embed-videos.netshow.me\/s\/_zL-y26-wU4\/player?v=true\" width=\"1080\" height=\"608\"><\/iframe><\/p>\n<p>SAIBA MAIS<\/p>\n<p>Briga de vizinhos termina com esfaqueado na cabe\u00e7a em Ribeir\u00e3o Preto<\/p>\n<h4 class=\"wp-block-heading\"><strong>FIQUE ON<\/strong><\/h4>\n<p>Fique ligado em tudo que acontece em Ribeir\u00e3o Preto e regi\u00e3o. Siga os perfis do\u00a0<strong>acidade on\u00a0<\/strong>no Instagram e no Facebook.<\/p>\n<p>Receba not\u00edcias do<strong>\u00a0acidade on\u00a0<\/strong>no WhatsApp.\u00a0<a href=\"https:\/\/chat.whatsapp.com\/CdrZ6xrf7quD44Vw3WlPuZ\" target=\"_blank\" rel=\"noreferrer noopener\">Para entrar no grupo, basta clicar aqui.<\/a><\/p>\n<p>Fa\u00e7a uma den\u00fancia ou sugira uma reportagem sobre Ribeir\u00e3o Preto e regi\u00e3o pelo WhatsApp: 16 99117 7802.<\/p>\n<p>VEJA TAMB\u00c9M<\/p>\n<p>Cidade do Texas culpa fazenda de Bitcoin por doen\u00e7as<\/p>\n<p><!-- AI CONTENT END 1 -->\n<\/div>\n<\/div>\n<p><br \/>\n<br \/><a href=\"https:\/\/www.acidadeon.com\/ribeiraopreto\/cotidiano\/homem-e-baleado-apos-confusao-com-vizinho-na-regiao-de-ribeirao-preto-veja-video\/\">Source link <\/a><\/p>\n<div class='code-block code-block-4' style='margin: 8px auto 8px 0; text-align: left; display: block; clear: both;'>\n\ud83d\udce2 Aviso Legal\n\nO site ismaelcolosi.com.br atua apenas como um canal de divulga\u00e7\u00e3o de oportunidades de emprego e n\u00e3o se responsabiliza pelo processo seletivo, contrata\u00e7\u00e3o ou qualquer outra etapa relacionada \u00e0s vagas publicadas. Todas as informa\u00e7\u00f5es s\u00e3o de responsabilidade dos anunciantes.\n\n\u26a0\ufe0f Aten\u00e7\u00e3o! Nunca pague por promessas de emprego nem compre cursos que garantam contrata\u00e7\u00e3o. Desconfie de qualquer cobran\u00e7a para participar de sele\u00e7\u00f5es.\n\n\n\n<\/div>\n<!-- CONTENT END 1 -->\n","protected":false},"excerpt":{"rendered":"<p>Um homem de 49 anos foi baleado na tarde deste domingo (14), em Sert\u00e3ozinho, na regi\u00e3o de Ribeir\u00e3o Preto. A a\u00e7\u00e3o foi registrada por uma&#8230;<\/p>\n","protected":false},"author":1,"featured_media":56788,"comment_status":"open","ping_status":"open","sticky":false,"template":"","format":"standard","meta":{"_uag_custom_page_level_css":"","advanced_seo_description":"","jetpack_seo_html_title":"","jetpack_seo_noindex":false,"jetpack_post_was_ever_published":false,"_jetpack_newsletter_access":"","_jetpack_dont_email_post_to_subs":false,"_jetpack_newsletter_tier_id":0,"_jetpack_memberships_contains_paywalled_content":false,"_jetpack_memberships_contains_paid_content":false,"footnotes":"","jetpack_publicize_message":"","jetpack_publicize_feature_enabled":true,"jetpack_social_post_already_shared":true,"jetpack_social_options":{"image_generator_settings":{"template":"highway","default_image_id":0,"font":"","enabled":false},"version":2}},"categories":[11],"tags":[],"class_list":["post-56787","post","type-post","status-publish","format-standard","has-post-thumbnail","hentry","category-noticias-de-ribeirao-preto-sp-e-regiao-ismael-colosi"],"jetpack_publicize_connections":[],"jetpack_featured_media_url":"https:\/\/i0.wp.com\/ismaelcolosi.com.br\/wp-content\/uploads\/2024\/07\/TIROS_2024-07-15_15-27-02_jpg_2024-07-15_15-27-03.webp.webp?fit=2000%2C1551&ssl=1","uagb_featured_image_src":{"full":["https:\/\/i0.wp.com\/ismaelcolosi.com.br\/wp-content\/uploads\/2024\/07\/TIROS_2024-07-15_15-27-02_jpg_2024-07-15_15-27-03.webp.webp?fit=2000%2C1551&ssl=1",2000,1551,false],"thumbnail":["https:\/\/i0.wp.com\/ismaelcolosi.com.br\/wp-content\/uploads\/2024\/07\/TIROS_2024-07-15_15-27-02_jpg_2024-07-15_15-27-03.webp.webp?resize=150%2C150&ssl=1",150,150,true],"medium":["https:\/\/i0.wp.com\/ismaelcolosi.com.br\/wp-content\/uploads\/2024\/07\/TIROS_2024-07-15_15-27-02_jpg_2024-07-15_15-27-03.webp.webp?fit=300%2C233&ssl=1",300,233,true],"medium_large":["https:\/\/i0.wp.com\/ismaelcolosi.com.br\/wp-content\/uploads\/2024\/07\/TIROS_2024-07-15_15-27-02_jpg_2024-07-15_15-27-03.webp.webp?fit=768%2C596&ssl=1",768,596,true],"large":["https:\/\/i0.wp.com\/ismaelcolosi.com.br\/wp-content\/uploads\/2024\/07\/TIROS_2024-07-15_15-27-02_jpg_2024-07-15_15-27-03.webp.webp?fit=1024%2C794&ssl=1",1024,794,true],"1536x1536":["https:\/\/i0.wp.com\/ismaelcolosi.com.br\/wp-content\/uploads\/2024\/07\/TIROS_2024-07-15_15-27-02_jpg_2024-07-15_15-27-03.webp.webp?fit=1536%2C1191&ssl=1",1536,1191,true],"2048x2048":["https:\/\/i0.wp.com\/ismaelcolosi.com.br\/wp-content\/uploads\/2024\/07\/TIROS_2024-07-15_15-27-02_jpg_2024-07-15_15-27-03.webp.webp?fit=2000%2C1551&ssl=1",2000,1551,true],"really-simple-thumb":["https:\/\/i0.wp.com\/ismaelcolosi.com.br\/wp-content\/uploads\/2024\/07\/TIROS_2024-07-15_15-27-02_jpg_2024-07-15_15-27-03.webp.webp?resize=370%2C247&ssl=1",370,247,true]},"uagb_author_info":{"display_name":"ismaelcolosi.com.br","author_link":"https:\/\/ismaelcolosi.com.br\/index.php\/author\/vidareal-online\/"},"uagb_comment_info":0,"uagb_excerpt":"Um homem de 49 anos foi baleado na tarde deste domingo (14), em Sert\u00e3ozinho, na regi\u00e3o de Ribeir\u00e3o Preto. A a\u00e7\u00e3o foi registrada por uma...","jetpack-related-posts":[{"id":50875,"url":"https:\/\/ismaelcolosi.com.br\/index.php\/2024\/05\/20\/morre-homem-baleado-durante-confusao-em-partida-de-futebol-na-regiao-de-ribeirao-preto\/","url_meta":{"origin":56787,"position":0},"title":"Morre homem baleado durante confus\u00e3o em partida de futebol na regi\u00e3o de Ribeir\u00e3o Preto","author":"ismaelcolosi.com.br","date":"20 de May de 2024","format":false,"excerpt":"Morreu nesta segunda-feira (20), o homem baleado durante uma confus\u00e3o em uma partida de futebol amador na tarde de s\u00e1bado (18), em C\u00e2ndido Rodrigues, cidade na regi\u00e3o de Ribeir\u00e3o Preto. Maicon Domingues tinha 35 anos e teria sido socorrido em estado grave para a Santa Casa de Taquaritinga, contudo, n\u00e3o\u2026","rel":"","context":"In &quot;Not\u00edcias de Ribeir\u00e3o Preto-SP e Regi\u00e3o&quot;","block_context":{"text":"Not\u00edcias de Ribeir\u00e3o Preto-SP e Regi\u00e3o","link":"https:\/\/ismaelcolosi.com.br\/index.php\/category\/noticias-de-ribeirao-preto-sp-e-regiao-ismael-colosi\/"},"img":{"alt_text":"","src":"https:\/\/i0.wp.com\/ismaelcolosi.com.br\/wp-content\/uploads\/2024\/05\/BALEADO1_2024-05-19_19-04-02_jpg_2024-05-19_19-04-02.webp.webp?fit=1200%2C675&ssl=1&resize=350%2C200","width":350,"height":200,"srcset":"https:\/\/i0.wp.com\/ismaelcolosi.com.br\/wp-content\/uploads\/2024\/05\/BALEADO1_2024-05-19_19-04-02_jpg_2024-05-19_19-04-02.webp.webp?fit=1200%2C675&ssl=1&resize=350%2C200 1x, https:\/\/i0.wp.com\/ismaelcolosi.com.br\/wp-content\/uploads\/2024\/05\/BALEADO1_2024-05-19_19-04-02_jpg_2024-05-19_19-04-02.webp.webp?fit=1200%2C675&ssl=1&resize=525%2C300 1.5x, https:\/\/i0.wp.com\/ismaelcolosi.com.br\/wp-content\/uploads\/2024\/05\/BALEADO1_2024-05-19_19-04-02_jpg_2024-05-19_19-04-02.webp.webp?fit=1200%2C675&ssl=1&resize=700%2C400 2x, https:\/\/i0.wp.com\/ismaelcolosi.com.br\/wp-content\/uploads\/2024\/05\/BALEADO1_2024-05-19_19-04-02_jpg_2024-05-19_19-04-02.webp.webp?fit=1200%2C675&ssl=1&resize=1050%2C600 3x"},"classes":[]},{"id":57839,"url":"https:\/\/ismaelcolosi.com.br\/index.php\/2024\/07\/24\/idosa-e-esfaqueada-e-morta-apos-briga-com-vizinho-na-regiao-de-ribeirao-preto\/","url_meta":{"origin":56787,"position":1},"title":"Idosa \u00e9 esfaqueada e morta ap\u00f3s briga com vizinho na regi\u00e3o de Ribeir\u00e3o Preto","author":"ismaelcolosi.com.br","date":"24 de July de 2024","format":false,"excerpt":"Uma idosa de 61 anos foi esfaqueada e morta por um vizinho ap\u00f3s uma discuss\u00e3o, nesta quarta-feira (24), no bairro Jardim Santa Vit\u00f3ria, em Pitangueiras, na regi\u00e3o de Ribeir\u00e3o Preto. O suspeito de matar Miria Pereira de Almeida n\u00e3o foi encontrado pela pol\u00edcia. Imagens registradas por c\u00e2meras de seguran\u00e7a mostram\u2026","rel":"","context":"In &quot;Not\u00edcias de Ribeir\u00e3o Preto-SP e Regi\u00e3o&quot;","block_context":{"text":"Not\u00edcias de Ribeir\u00e3o Preto-SP e Regi\u00e3o","link":"https:\/\/ismaelcolosi.com.br\/index.php\/category\/noticias-de-ribeirao-preto-sp-e-regiao-ismael-colosi\/"},"img":{"alt_text":"","src":"https:\/\/i0.wp.com\/ismaelcolosi.com.br\/wp-content\/uploads\/2024\/07\/Copia-de-Copia-de-TAMANHO-EXATO-PARA-FOTOS-NO-SISTEMA-NOVO-26_2024-07-24_23-22-27_jpg_2024-07-24_23-22-28.webp.webp?fit=1200%2C675&ssl=1&resize=350%2C200","width":350,"height":200,"srcset":"https:\/\/i0.wp.com\/ismaelcolosi.com.br\/wp-content\/uploads\/2024\/07\/Copia-de-Copia-de-TAMANHO-EXATO-PARA-FOTOS-NO-SISTEMA-NOVO-26_2024-07-24_23-22-27_jpg_2024-07-24_23-22-28.webp.webp?fit=1200%2C675&ssl=1&resize=350%2C200 1x, https:\/\/i0.wp.com\/ismaelcolosi.com.br\/wp-content\/uploads\/2024\/07\/Copia-de-Copia-de-TAMANHO-EXATO-PARA-FOTOS-NO-SISTEMA-NOVO-26_2024-07-24_23-22-27_jpg_2024-07-24_23-22-28.webp.webp?fit=1200%2C675&ssl=1&resize=525%2C300 1.5x, https:\/\/i0.wp.com\/ismaelcolosi.com.br\/wp-content\/uploads\/2024\/07\/Copia-de-Copia-de-TAMANHO-EXATO-PARA-FOTOS-NO-SISTEMA-NOVO-26_2024-07-24_23-22-27_jpg_2024-07-24_23-22-28.webp.webp?fit=1200%2C675&ssl=1&resize=700%2C400 2x, https:\/\/i0.wp.com\/ismaelcolosi.com.br\/wp-content\/uploads\/2024\/07\/Copia-de-Copia-de-TAMANHO-EXATO-PARA-FOTOS-NO-SISTEMA-NOVO-26_2024-07-24_23-22-27_jpg_2024-07-24_23-22-28.webp.webp?fit=1200%2C675&ssl=1&resize=1050%2C600 3x"},"classes":[]},{"id":56807,"url":"https:\/\/ismaelcolosi.com.br\/index.php\/2024\/07\/15\/assaltante-invade-casa-de-policial-militar-e-rouba-arma-em-ribeirao-preto\/","url_meta":{"origin":56787,"position":2},"title":"Assaltante invade casa de policial militar e rouba arma em Ribeir\u00e3o Preto","author":"ismaelcolosi.com.br","date":"15 de July de 2024","format":false,"excerpt":"Um policial militar foi rendido por um assaltante em casa e teve uma arma de fogo de uso pessoal roubada na madrugada de s\u00e1bado (13), no Jardim Recreio, zona Oeste de Ribeir\u00e3o Preto. A v\u00edtima, de 45 anos, disse no boletim de ocorr\u00eancia (BO) que dormia na companhia da namorada,\u2026","rel":"","context":"In &quot;Not\u00edcias de Ribeir\u00e3o Preto-SP e Regi\u00e3o&quot;","block_context":{"text":"Not\u00edcias de Ribeir\u00e3o Preto-SP e Regi\u00e3o","link":"https:\/\/ismaelcolosi.com.br\/index.php\/category\/noticias-de-ribeirao-preto-sp-e-regiao-ismael-colosi\/"},"img":{"alt_text":"","src":"https:\/\/i0.wp.com\/ismaelcolosi.com.br\/wp-content\/uploads\/2024\/07\/1721066051_cpj_policia_1024x576_21012021082231.jpg?fit=1024%2C576&ssl=1&resize=350%2C200","width":350,"height":200,"srcset":"https:\/\/i0.wp.com\/ismaelcolosi.com.br\/wp-content\/uploads\/2024\/07\/1721066051_cpj_policia_1024x576_21012021082231.jpg?fit=1024%2C576&ssl=1&resize=350%2C200 1x, https:\/\/i0.wp.com\/ismaelcolosi.com.br\/wp-content\/uploads\/2024\/07\/1721066051_cpj_policia_1024x576_21012021082231.jpg?fit=1024%2C576&ssl=1&resize=525%2C300 1.5x, https:\/\/i0.wp.com\/ismaelcolosi.com.br\/wp-content\/uploads\/2024\/07\/1721066051_cpj_policia_1024x576_21012021082231.jpg?fit=1024%2C576&ssl=1&resize=700%2C400 2x"},"classes":[]},{"id":43770,"url":"https:\/\/ismaelcolosi.com.br\/index.php\/2024\/03\/23\/mulher-fica-ferida-apos-ser-agredida-por-vizinho-em-ribeirao-preto\/","url_meta":{"origin":56787,"position":3},"title":"Mulher fica ferida ap\u00f3s ser agredida por vizinho em Ribeir\u00e3o Preto","author":"ismaelcolosi.com.br","date":"23 de March de 2024","format":false,"excerpt":"Uma mulher de 47 anos ficou ferida ap\u00f3s ter sido agredida por um vizinho no Planalto Verde, na zona Oeste de Ribeir\u00e3o Preto, na noite da \u00faltima sexta-feira (22). O acusado teria utilizado uma faca para atingir a v\u00edtima, que sofreu ferimentos no pesco\u00e7o. De acordo com o B.O. (boletim\u2026","rel":"","context":"In &quot;Not\u00edcias de Ribeir\u00e3o Preto-SP e Regi\u00e3o&quot;","block_context":{"text":"Not\u00edcias de Ribeir\u00e3o Preto-SP e Regi\u00e3o","link":"https:\/\/ismaelcolosi.com.br\/index.php\/category\/noticias-de-ribeirao-preto-sp-e-regiao-ismael-colosi\/"},"img":{"alt_text":"","src":"https:\/\/i0.wp.com\/ismaelcolosi.com.br\/wp-content\/uploads\/2024\/03\/cpj_1024x576_04082020121137.jpg?fit=1024%2C575&ssl=1&resize=350%2C200","width":350,"height":200,"srcset":"https:\/\/i0.wp.com\/ismaelcolosi.com.br\/wp-content\/uploads\/2024\/03\/cpj_1024x576_04082020121137.jpg?fit=1024%2C575&ssl=1&resize=350%2C200 1x, https:\/\/i0.wp.com\/ismaelcolosi.com.br\/wp-content\/uploads\/2024\/03\/cpj_1024x576_04082020121137.jpg?fit=1024%2C575&ssl=1&resize=525%2C300 1.5x, https:\/\/i0.wp.com\/ismaelcolosi.com.br\/wp-content\/uploads\/2024\/03\/cpj_1024x576_04082020121137.jpg?fit=1024%2C575&ssl=1&resize=700%2C400 2x"},"classes":[]},{"id":50817,"url":"https:\/\/ismaelcolosi.com.br\/index.php\/2024\/05\/19\/homem-e-baleado-durante-confusao-em-partida-de-futebol-na-regiao-de-ribeirao-preto\/","url_meta":{"origin":56787,"position":4},"title":"Homem \u00e9 baleado durante confus\u00e3o em partida de futebol na regi\u00e3o de Ribeir\u00e3o Preto","author":"ismaelcolosi.com.br","date":"19 de May de 2024","format":false,"excerpt":"Um homem foi baleado durante uma confus\u00e3o em uma partida de futebol neste s\u00e1bado (18), em C\u00e2ndido Rodrigues, cidade a aproximadamente 100 quil\u00f4metros de Ribeir\u00e3o Preto. Segundo informa\u00e7\u00f5es, a v\u00edtima teria entrado no campo para tentar intervir em uma briga entre jogadores da cidade e de Catanduva (SP), quando foi\u2026","rel":"","context":"In &quot;Not\u00edcias de Ribeir\u00e3o Preto-SP e Regi\u00e3o&quot;","block_context":{"text":"Not\u00edcias de Ribeir\u00e3o Preto-SP e Regi\u00e3o","link":"https:\/\/ismaelcolosi.com.br\/index.php\/category\/noticias-de-ribeirao-preto-sp-e-regiao-ismael-colosi\/"},"img":{"alt_text":"","src":"https:\/\/i0.wp.com\/ismaelcolosi.com.br\/wp-content\/uploads\/2024\/05\/BALEADO1_2024-05-19_19-04-02_jpg_2024-05-19_19-04-02.webp.webp?fit=1200%2C675&ssl=1&resize=350%2C200","width":350,"height":200,"srcset":"https:\/\/i0.wp.com\/ismaelcolosi.com.br\/wp-content\/uploads\/2024\/05\/BALEADO1_2024-05-19_19-04-02_jpg_2024-05-19_19-04-02.webp.webp?fit=1200%2C675&ssl=1&resize=350%2C200 1x, https:\/\/i0.wp.com\/ismaelcolosi.com.br\/wp-content\/uploads\/2024\/05\/BALEADO1_2024-05-19_19-04-02_jpg_2024-05-19_19-04-02.webp.webp?fit=1200%2C675&ssl=1&resize=525%2C300 1.5x, https:\/\/i0.wp.com\/ismaelcolosi.com.br\/wp-content\/uploads\/2024\/05\/BALEADO1_2024-05-19_19-04-02_jpg_2024-05-19_19-04-02.webp.webp?fit=1200%2C675&ssl=1&resize=700%2C400 2x, https:\/\/i0.wp.com\/ismaelcolosi.com.br\/wp-content\/uploads\/2024\/05\/BALEADO1_2024-05-19_19-04-02_jpg_2024-05-19_19-04-02.webp.webp?fit=1200%2C675&ssl=1&resize=1050%2C600 3x"},"classes":[]},{"id":41774,"url":"https:\/\/ismaelcolosi.com.br\/index.php\/2024\/03\/11\/homem-e-baleado-na-cabeca-em-sitio-de-bonfim-paulista\/","url_meta":{"origin":56787,"position":5},"title":"Homem \u00e9 baleado na cabe\u00e7a em s\u00edtio de Bonfim Paulista","author":"ismaelcolosi.com.br","date":"11 de March de 2024","format":false,"excerpt":"Um homem de 27 anos foi baleado na cabe\u00e7a em um s\u00edtio no distrito de Bonfim Paulista, em Ribeir\u00e3o Preto. De acordo com o B.O. (boletim de ocorr\u00eancia), o caso aconteceu na noite do \u00faltimo domingo (10), por volta das 21h30. O registro aponta que a v\u00edtima estava no s\u00edtio\u2026","rel":"","context":"In &quot;Not\u00edcias de Ribeir\u00e3o Preto-SP e Regi\u00e3o&quot;","block_context":{"text":"Not\u00edcias de Ribeir\u00e3o Preto-SP e Regi\u00e3o","link":"https:\/\/ismaelcolosi.com.br\/index.php\/category\/noticias-de-ribeirao-preto-sp-e-regiao-ismael-colosi\/"},"img":{"alt_text":"","src":"https:\/\/i0.wp.com\/ismaelcolosi.com.br\/wp-content\/uploads\/2024\/03\/AnyConv.com__hc-ue-ribeirao-preto.gif?fit=1200%2C900&ssl=1&resize=350%2C200","width":350,"height":200,"srcset":"https:\/\/i0.wp.com\/ismaelcolosi.com.br\/wp-content\/uploads\/2024\/03\/AnyConv.com__hc-ue-ribeirao-preto.gif?fit=1200%2C900&ssl=1&resize=350%2C200 1x, https:\/\/i0.wp.com\/ismaelcolosi.com.br\/wp-content\/uploads\/2024\/03\/AnyConv.com__hc-ue-ribeirao-preto.gif?fit=1200%2C900&ssl=1&resize=525%2C300 1.5x, https:\/\/i0.wp.com\/ismaelcolosi.com.br\/wp-content\/uploads\/2024\/03\/AnyConv.com__hc-ue-ribeirao-preto.gif?fit=1200%2C900&ssl=1&resize=700%2C400 2x, https:\/\/i0.wp.com\/ismaelcolosi.com.br\/wp-content\/uploads\/2024\/03\/AnyConv.com__hc-ue-ribeirao-preto.gif?fit=1200%2C900&ssl=1&resize=1050%2C600 3x"},"classes":[]}],"jetpack_sharing_enabled":true,"jetpack_shortlink":"https:\/\/wp.me\/pfMlyK-eLV","_links":{"self":[{"href":"https:\/\/ismaelcolosi.com.br\/index.php\/wp-json\/wp\/v2\/posts\/56787","targetHints":{"allow":["GET"]}}],"collection":[{"href":"https:\/\/ismaelcolosi.com.br\/index.php\/wp-json\/wp\/v2\/posts"}],"about":[{"href":"https:\/\/ismaelcolosi.com.br\/index.php\/wp-json\/wp\/v2\/types\/post"}],"author":[{"embeddable":true,"href":"https:\/\/ismaelcolosi.com.br\/index.php\/wp-json\/wp\/v2\/users\/1"}],"replies":[{"embeddable":true,"href":"https:\/\/ismaelcolosi.com.br\/index.php\/wp-json\/wp\/v2\/comments?post=56787"}],"version-history":[{"count":0,"href":"https:\/\/ismaelcolosi.com.br\/index.php\/wp-json\/wp\/v2\/posts\/56787\/revisions"}],"wp:featuredmedia":[{"embeddable":true,"href":"https:\/\/ismaelcolosi.com.br\/index.php\/wp-json\/wp\/v2\/media\/56788"}],"wp:attachment":[{"href":"https:\/\/ismaelcolosi.com.br\/index.php\/wp-json\/wp\/v2\/media?parent=56787"}],"wp:term":[{"taxonomy":"category","embeddable":true,"href":"https:\/\/ismaelcolosi.com.br\/index.php\/wp-json\/wp\/v2\/categories?post=56787"},{"taxonomy":"post_tag","embeddable":true,"href":"https:\/\/ismaelcolosi.com.br\/index.php\/wp-json\/wp\/v2\/tags?post=56787"}],"curies":[{"name":"wp","href":"https:\/\/api.w.org\/{rel}","templated":true}]}}