{"id":56785,"date":"2024-07-15T12:49:22","date_gmt":"2024-07-15T15:49:22","guid":{"rendered":"https:\/\/ismaelcolosi.com.br\/index.php\/2024\/07\/15\/hotel-brasil-no-centro-de-ribeirao-preto-vai-a-leilao-novamente-veja-quando\/"},"modified":"2024-07-15T12:49:22","modified_gmt":"2024-07-15T15:49:22","slug":"hotel-brasil-no-centro-de-ribeirao-preto-vai-a-leilao-novamente-veja-quando","status":"publish","type":"post","link":"https:\/\/ismaelcolosi.com.br\/index.php\/2024\/07\/15\/hotel-brasil-no-centro-de-ribeirao-preto-vai-a-leilao-novamente-veja-quando\/","title":{"rendered":"Hotel Brasil no Centro de Ribeir\u00e3o Preto vai a leil\u00e3o novamente; Veja quando"},"content":{"rendered":"<p> <br \/>\n<\/p>\n<div>\n<p><span style=\"background-color:#f7cc62\" class=\"td_text_highlight_marker\"><mark style=\"background-color:rgba(0, 0, 0, 0)\" class=\"has-inline-color has-black-color\">O <strong>pr\u00e9dio e o terreno do antigo Hotel Brasil<\/strong>, no <strong>Centro de Ribeir\u00e3o Preto<\/strong>, v\u00e3o a <strong>leil\u00e3o novamente<\/strong>, \u00e0s <strong>13h<\/strong>, desta <strong>ter\u00e7a-feira<\/strong> (16). O <strong>lance m\u00ednimo \u00e9 de R$ 9.461.068,37<\/strong> e deve ser feito de forma <strong>on-line<\/strong>.<\/mark><\/span><\/p>\n<p>No caso, de n\u00e3o haver lances, neste <strong>primeiro leil\u00e3o<\/strong>, ocorrer\u00e1 um <strong>segundo leil\u00e3o<\/strong>, na mesma data, \u00e0s <strong>13h30<\/strong>, onde o <strong>lance m\u00ednimo ser\u00e1 de R$ 4.730.531,18<\/strong>.<\/p>\n<p>Ao menos, <strong>por tr\u00eas vezes<\/strong> este ano, o <strong>local hist\u00f3rico da \u00e1rea Central<\/strong> e <strong>patrim\u00f4nio de Ribeir\u00e3o Preto<\/strong> foi a leil\u00e3o, <strong>sem sucesso<\/strong>.<\/p>\n<p>Segundo o site\u00a0<a href=\"https:\/\/www.sandrasantosleiloes.com.br\/lote\/1168\/imovel-situado-na-cidade-de-ribeirao-preto-sp\" target=\"_blank\" rel=\"noreferrer noopener\">Sandra Santos Leil\u00f5es<\/a>, o im\u00f3vel foi penhorado pela 3\u00aa Vara do Trabalho de Ribeir\u00e3o Preto, pela Vara da Fazenda de Ribeir\u00e3o Preto, pela Justi\u00e7a de Minas Gerais e pela Justi\u00e7a de Goi\u00e1s.<\/p>\n<h2 class=\"wp-block-heading\"><strong>Sobre o Hotel Brasil<\/strong><\/h2>\n<p>O Hotel Brasil, que fica no cruzamento da\u00a0<strong>avenida Jer\u00f4nimo Gon\u00e7alves<\/strong>\u00a0com a<strong>\u00a0rua General Os\u00f3rio<\/strong>, est\u00e1 em uma lista de <strong>im\u00f3veis tombados<\/strong>, que contam a <strong>hist\u00f3ria de Ribeir\u00e3o Preto<\/strong>. O projeto para constru\u00e7\u00e3o do pr\u00e9dio foi aprovado pela prefeitura em abril de 1921.<\/p>\n<p>Entre as d\u00e9cadas de 1930 e 1950 ficaram hospedados no hotel pol\u00edticos, membros de associa\u00e7\u00f5es internacionais, e clubes de futebol, como o<strong>\u00a0Vasco<\/strong>,\u00a0<strong>River Plate-ARG<\/strong>\u00a0e\u00a0<strong>Boca Juniors-ARG<\/strong>.<\/p>\n<p>SAIBA MAIS <\/p>\n<p>Busto de bronze de ex-prefeito de Ribeir\u00e3o Preto \u00e9 encontrado ap\u00f3s furto<\/p>\n<h4 class=\"wp-block-heading\"><strong>FIQUE ON<\/strong><\/h4>\n<p>Fique ligado em tudo que acontece em Ribeir\u00e3o Preto e regi\u00e3o. Siga os perfis do\u00a0<strong>acidade on<\/strong>\u00a0no\u00a0<a href=\"https:\/\/www.instagram.com\/acidadeonribeirao\" target=\"_blank\" rel=\"noreferrer noopener\">Instagram<\/a>\u00a0e no\u00a0<a href=\"https:\/\/www.facebook.com\/acidadeonribeirao\/\" target=\"_blank\" rel=\"noreferrer noopener\">Facebook<\/a>.<\/p>\n<p>Receba not\u00edcias do\u00a0<strong>acidade on<\/strong>\u00a0no WhatsApp.<a href=\"https:\/\/chat.whatsapp.com\/CdrZ6xrf7quD44Vw3WlPuZ\" target=\"_blank\" rel=\"noreferrer noopener\">\u00a0Para entrar no grupo, basta clicar aqui.<\/a><\/p>\n<p>Fa\u00e7a uma den\u00fancia ou sugira uma reportagem sobre Ribeir\u00e3o Preto e regi\u00e3o pelo WhatsApp: 16 99117 7802.<\/p>\n<p>VEJA TAMB\u00c9M<br \/>Interior de SP tem alerta de perigo potencial nesta segunda; Confira a previs\u00e3o do tempo<\/p>\n<p><!-- AI CONTENT END 1 -->\n<\/div>\n<p><script async src=\"\/\/www.instagram.com\/embed.js\"><\/script><br \/>\n<br \/><br \/>\n<br \/><a href=\"https:\/\/www.acidadeon.com\/ribeiraopreto\/cotidiano\/hotel-brasil-no-centro-de-ribeirao-preto-vai-a-leilao-novamente-veja-quando\/\">Source link <\/a><\/p>\n<div class='code-block code-block-4' style='margin: 8px auto 8px 0; text-align: left; display: block; clear: both;'>\n\ud83d\udce2 Aviso Legal\n\nO site ismaelcolosi.com.br atua apenas como um canal de divulga\u00e7\u00e3o de oportunidades de emprego e n\u00e3o se responsabiliza pelo processo seletivo, contrata\u00e7\u00e3o ou qualquer outra etapa relacionada \u00e0s vagas publicadas. Todas as informa\u00e7\u00f5es s\u00e3o de responsabilidade dos anunciantes.\n\n\u26a0\ufe0f Aten\u00e7\u00e3o! Nunca pague por promessas de emprego nem compre cursos que garantam contrata\u00e7\u00e3o. Desconfie de qualquer cobran\u00e7a para participar de sele\u00e7\u00f5es.\n\n\n\n<\/div>\n<!-- CONTENT END 1 -->\n","protected":false},"excerpt":{"rendered":"<p>O pr\u00e9dio e o terreno do antigo Hotel Brasil, no Centro de Ribeir\u00e3o Preto, v\u00e3o a leil\u00e3o novamente, \u00e0s 13h, desta ter\u00e7a-feira (16). O lance&#8230;<\/p>\n","protected":false},"author":1,"featured_media":56786,"comment_status":"open","ping_status":"open","sticky":false,"template":"","format":"standard","meta":{"_uag_custom_page_level_css":"","advanced_seo_description":"","jetpack_seo_html_title":"","jetpack_seo_noindex":false,"jetpack_post_was_ever_published":false,"_jetpack_newsletter_access":"","_jetpack_dont_email_post_to_subs":false,"_jetpack_newsletter_tier_id":0,"_jetpack_memberships_contains_paywalled_content":false,"_jetpack_memberships_contains_paid_content":false,"footnotes":"","jetpack_publicize_message":"","jetpack_publicize_feature_enabled":true,"jetpack_social_post_already_shared":true,"jetpack_social_options":{"image_generator_settings":{"template":"highway","default_image_id":0,"font":"","enabled":false},"version":2}},"categories":[11],"tags":[],"class_list":["post-56785","post","type-post","status-publish","format-standard","has-post-thumbnail","hentry","category-noticias-de-ribeirao-preto-sp-e-regiao-ismael-colosi"],"jetpack_publicize_connections":[],"jetpack_featured_media_url":"https:\/\/i0.wp.com\/ismaelcolosi.com.br\/wp-content\/uploads\/2024\/07\/Copia-de-Copia-de-TAMANHO-EXATO-PARA-FOTOS-NO-SISTEMA-NOVO-19_2024-07-15_15-27-28_jpg_2024-07-15_15-27-28.webp.webp?fit=1200%2C675&ssl=1","uagb_featured_image_src":{"full":["https:\/\/i0.wp.com\/ismaelcolosi.com.br\/wp-content\/uploads\/2024\/07\/Copia-de-Copia-de-TAMANHO-EXATO-PARA-FOTOS-NO-SISTEMA-NOVO-19_2024-07-15_15-27-28_jpg_2024-07-15_15-27-28.webp.webp?fit=1200%2C675&ssl=1",1200,675,false],"thumbnail":["https:\/\/i0.wp.com\/ismaelcolosi.com.br\/wp-content\/uploads\/2024\/07\/Copia-de-Copia-de-TAMANHO-EXATO-PARA-FOTOS-NO-SISTEMA-NOVO-19_2024-07-15_15-27-28_jpg_2024-07-15_15-27-28.webp.webp?resize=150%2C150&ssl=1",150,150,true],"medium":["https:\/\/i0.wp.com\/ismaelcolosi.com.br\/wp-content\/uploads\/2024\/07\/Copia-de-Copia-de-TAMANHO-EXATO-PARA-FOTOS-NO-SISTEMA-NOVO-19_2024-07-15_15-27-28_jpg_2024-07-15_15-27-28.webp.webp?fit=300%2C169&ssl=1",300,169,true],"medium_large":["https:\/\/i0.wp.com\/ismaelcolosi.com.br\/wp-content\/uploads\/2024\/07\/Copia-de-Copia-de-TAMANHO-EXATO-PARA-FOTOS-NO-SISTEMA-NOVO-19_2024-07-15_15-27-28_jpg_2024-07-15_15-27-28.webp.webp?fit=768%2C432&ssl=1",768,432,true],"large":["https:\/\/i0.wp.com\/ismaelcolosi.com.br\/wp-content\/uploads\/2024\/07\/Copia-de-Copia-de-TAMANHO-EXATO-PARA-FOTOS-NO-SISTEMA-NOVO-19_2024-07-15_15-27-28_jpg_2024-07-15_15-27-28.webp.webp?fit=1024%2C576&ssl=1",1024,576,true],"1536x1536":["https:\/\/i0.wp.com\/ismaelcolosi.com.br\/wp-content\/uploads\/2024\/07\/Copia-de-Copia-de-TAMANHO-EXATO-PARA-FOTOS-NO-SISTEMA-NOVO-19_2024-07-15_15-27-28_jpg_2024-07-15_15-27-28.webp.webp?fit=1200%2C675&ssl=1",1200,675,true],"2048x2048":["https:\/\/i0.wp.com\/ismaelcolosi.com.br\/wp-content\/uploads\/2024\/07\/Copia-de-Copia-de-TAMANHO-EXATO-PARA-FOTOS-NO-SISTEMA-NOVO-19_2024-07-15_15-27-28_jpg_2024-07-15_15-27-28.webp.webp?fit=1200%2C675&ssl=1",1200,675,true],"really-simple-thumb":["https:\/\/i0.wp.com\/ismaelcolosi.com.br\/wp-content\/uploads\/2024\/07\/Copia-de-Copia-de-TAMANHO-EXATO-PARA-FOTOS-NO-SISTEMA-NOVO-19_2024-07-15_15-27-28_jpg_2024-07-15_15-27-28.webp.webp?resize=370%2C247&ssl=1",370,247,true]},"uagb_author_info":{"display_name":"ismaelcolosi.com.br","author_link":"https:\/\/ismaelcolosi.com.br\/index.php\/author\/vidareal-online\/"},"uagb_comment_info":0,"uagb_excerpt":"O pr\u00e9dio e o terreno do antigo Hotel Brasil, no Centro de Ribeir\u00e3o Preto, v\u00e3o a leil\u00e3o novamente, \u00e0s 13h, desta ter\u00e7a-feira (16). O lance...","jetpack-related-posts":[{"id":65309,"url":"https:\/\/ismaelcolosi.com.br\/index.php\/2024\/09\/11\/depois-da-recra-clube-e-hotel-vao-a-leilao-em-ribeirao-preto\/","url_meta":{"origin":56785,"position":0},"title":"Depois da Recra: clube e hotel v\u00e3o a leil\u00e3o em Ribeir\u00e3o Preto","author":"ismaelcolosi.com.br","date":"11 de September de 2024","format":false,"excerpt":"Depois do Sesc concluir a compra da sede da Sociedade Recreativa e de Esportes de Ribeir\u00e3o Preto, a Recra, outro clube centen\u00e1rio do munic\u00edpio vai a leil\u00e3o nos pr\u00f3ximos dias, o Palestra It\u00e1lia Esporte Clube. O leil\u00e3o do im\u00f3vel localizado no bairro Campos El\u00edseos, zona Norte de Ribeir\u00e3o Preto, est\u00e1\u2026","rel":"","context":"In &quot;Not\u00edcias de Ribeir\u00e3o Preto-SP e Regi\u00e3o&quot;","block_context":{"text":"Not\u00edcias de Ribeir\u00e3o Preto-SP e Regi\u00e3o","link":"https:\/\/ismaelcolosi.com.br\/index.php\/category\/noticias-de-ribeirao-preto-sp-e-regiao-ismael-colosi\/"},"img":{"alt_text":"","src":"https:\/\/i0.wp.com\/ismaelcolosi.com.br\/wp-content\/uploads\/2024\/09\/Copia-de-Copia-de-Copia-de-TAMANHO-EXATO-PARA-FOTOS-NO-SISTEMA-NOVO-47_2024-09-11_19-51-50_png_2024-09-11_19-51-50.webp.webp?fit=1200%2C675&ssl=1&resize=350%2C200","width":350,"height":200,"srcset":"https:\/\/i0.wp.com\/ismaelcolosi.com.br\/wp-content\/uploads\/2024\/09\/Copia-de-Copia-de-Copia-de-TAMANHO-EXATO-PARA-FOTOS-NO-SISTEMA-NOVO-47_2024-09-11_19-51-50_png_2024-09-11_19-51-50.webp.webp?fit=1200%2C675&ssl=1&resize=350%2C200 1x, https:\/\/i0.wp.com\/ismaelcolosi.com.br\/wp-content\/uploads\/2024\/09\/Copia-de-Copia-de-Copia-de-TAMANHO-EXATO-PARA-FOTOS-NO-SISTEMA-NOVO-47_2024-09-11_19-51-50_png_2024-09-11_19-51-50.webp.webp?fit=1200%2C675&ssl=1&resize=525%2C300 1.5x, https:\/\/i0.wp.com\/ismaelcolosi.com.br\/wp-content\/uploads\/2024\/09\/Copia-de-Copia-de-Copia-de-TAMANHO-EXATO-PARA-FOTOS-NO-SISTEMA-NOVO-47_2024-09-11_19-51-50_png_2024-09-11_19-51-50.webp.webp?fit=1200%2C675&ssl=1&resize=700%2C400 2x, https:\/\/i0.wp.com\/ismaelcolosi.com.br\/wp-content\/uploads\/2024\/09\/Copia-de-Copia-de-Copia-de-TAMANHO-EXATO-PARA-FOTOS-NO-SISTEMA-NOVO-47_2024-09-11_19-51-50_png_2024-09-11_19-51-50.webp.webp?fit=1200%2C675&ssl=1&resize=1050%2C600 3x"},"classes":[]},{"id":32090,"url":"https:\/\/ismaelcolosi.com.br\/index.php\/2024\/01\/24\/saiba-o-resultado-do-leilao-do-hotel-brasil-em-ribeirao-preto\/","url_meta":{"origin":56785,"position":1},"title":"Saiba o resultado do leil\u00e3o do Hotel Brasil em Ribeir\u00e3o Preto","author":"ismaelcolosi.com.br","date":"24 de January de 2024","format":false,"excerpt":"Aconteceu nesta ter\u00e7a-feira (23) a terceira tentativa de venda do Hotel Brasil, no Centro de Ribeir\u00e3o Preto, por meio de leil\u00e3o. Contudo, nenhum interessado apresentou lances para arrematar o im\u00f3vel, avaliado em R$ 9.461.068,37. De acordo com a leiloeira, a pr\u00f3xima tentativa de leil\u00e3o do Hotel Brasil est\u00e1 marcada para\u2026","rel":"","context":"In &quot;Not\u00edcias de Ribeir\u00e3o Preto-SP e Regi\u00e3o&quot;","block_context":{"text":"Not\u00edcias de Ribeir\u00e3o Preto-SP e Regi\u00e3o","link":"https:\/\/ismaelcolosi.com.br\/index.php\/category\/noticias-de-ribeirao-preto-sp-e-regiao-ismael-colosi\/"},"img":{"alt_text":"","src":"https:\/\/i0.wp.com\/ismaelcolosi.com.br\/wp-content\/uploads\/2024\/01\/hotel-brasil.jpg?fit=650%2C515&ssl=1&resize=350%2C200","width":350,"height":200,"srcset":"https:\/\/i0.wp.com\/ismaelcolosi.com.br\/wp-content\/uploads\/2024\/01\/hotel-brasil.jpg?fit=650%2C515&ssl=1&resize=350%2C200 1x, https:\/\/i0.wp.com\/ismaelcolosi.com.br\/wp-content\/uploads\/2024\/01\/hotel-brasil.jpg?fit=650%2C515&ssl=1&resize=525%2C300 1.5x"},"classes":[]},{"id":4963,"url":"https:\/\/ismaelcolosi.com.br\/index.php\/2023\/11\/22\/clube-tradicional-de-ribeirao-preto-vai-a-leilao-novamente-entenda\/","url_meta":{"origin":56785,"position":2},"title":"Clube tradicional de Ribeir\u00e3o Preto vai a leil\u00e3o novamente; Entenda","author":"ismaelcolosi.com.br","date":"22 de November de 2023","format":false,"excerpt":"A sede cidade da Sociedade Recreativa e de Esportes de Ribeir\u00e3o Preto, a Recra vai novamente a leil\u00e3o, por conta de a\u00e7\u00f5es trabalhistas. O im\u00f3vel que fica na regi\u00e3o Central de Ribeir\u00e3o Preto tem lance m\u00ednimo de R$ 18.506.880. O leil\u00e3o \u00e9 realizado pelo Judhastas at\u00e9 o dia 7 de\u2026","rel":"","context":"In &quot;Not\u00edcias de Ribeir\u00e3o Preto-SP e Regi\u00e3o&quot;","block_context":{"text":"Not\u00edcias de Ribeir\u00e3o Preto-SP e Regi\u00e3o","link":"https:\/\/ismaelcolosi.com.br\/index.php\/category\/noticias-de-ribeirao-preto-sp-e-regiao-ismael-colosi\/"},"img":{"alt_text":"","src":"https:\/\/i0.wp.com\/ismaelcolosi.com.br\/wp-content\/uploads\/2023\/11\/recreativa.jpg?fit=767%2C480&ssl=1&resize=350%2C200","width":350,"height":200,"srcset":"https:\/\/i0.wp.com\/ismaelcolosi.com.br\/wp-content\/uploads\/2023\/11\/recreativa.jpg?fit=767%2C480&ssl=1&resize=350%2C200 1x, https:\/\/i0.wp.com\/ismaelcolosi.com.br\/wp-content\/uploads\/2023\/11\/recreativa.jpg?fit=767%2C480&ssl=1&resize=525%2C300 1.5x, https:\/\/i0.wp.com\/ismaelcolosi.com.br\/wp-content\/uploads\/2023\/11\/recreativa.jpg?fit=767%2C480&ssl=1&resize=700%2C400 2x"},"classes":[]},{"id":12720,"url":"https:\/\/ismaelcolosi.com.br\/index.php\/2023\/12\/08\/veja-qual-foi-o-resultado-do-leilao-de-clube-tradicional-de-ribeirao-preto\/","url_meta":{"origin":56785,"position":3},"title":"Veja qual foi o resultado do leil\u00e3o de clube tradicional de Ribeir\u00e3o Preto","author":"ismaelcolosi.com.br","date":"8 de December de 2023","format":false,"excerpt":"A sede cidade da Sociedade Recreativa e de Esportes de Ribeir\u00e3o Preto, a Recra, foi novamente a leil\u00e3o na \u00faltima quinta-feira (7) e, de acordo com o leiloeiro JudHastas, o leil\u00e3o do im\u00f3vel n\u00e3o recebeu lances e, por isso, n\u00e3o foi vendido. O clube, que fica na avenida Nove de\u2026","rel":"","context":"In &quot;Not\u00edcias de Ribeir\u00e3o Preto-SP e Regi\u00e3o&quot;","block_context":{"text":"Not\u00edcias de Ribeir\u00e3o Preto-SP e Regi\u00e3o","link":"https:\/\/ismaelcolosi.com.br\/index.php\/category\/noticias-de-ribeirao-preto-sp-e-regiao-ismael-colosi\/"},"img":{"alt_text":"","src":"https:\/\/i0.wp.com\/ismaelcolosi.com.br\/wp-content\/uploads\/2023\/12\/recreativa.jpg?fit=767%2C480&ssl=1&resize=350%2C200","width":350,"height":200,"srcset":"https:\/\/i0.wp.com\/ismaelcolosi.com.br\/wp-content\/uploads\/2023\/12\/recreativa.jpg?fit=767%2C480&ssl=1&resize=350%2C200 1x, https:\/\/i0.wp.com\/ismaelcolosi.com.br\/wp-content\/uploads\/2023\/12\/recreativa.jpg?fit=767%2C480&ssl=1&resize=525%2C300 1.5x, https:\/\/i0.wp.com\/ismaelcolosi.com.br\/wp-content\/uploads\/2023\/12\/recreativa.jpg?fit=767%2C480&ssl=1&resize=700%2C400 2x"},"classes":[]},{"id":32009,"url":"https:\/\/ismaelcolosi.com.br\/index.php\/2024\/01\/23\/leilao-do-hotel-brasil-nao-teve-lances\/","url_meta":{"origin":56785,"position":4},"title":"Leil\u00e3o do Hotel Brasil n\u00e3o teve lances","author":"ismaelcolosi.com.br","date":"23 de January de 2024","format":false,"excerpt":"O pr\u00e9dio do antigo Hotel Brasil, localizado na esquina da avenida Jer\u00f4nimo Gon\u00e7alves com a rua General Os\u00f3rio, na regi\u00e3o da Baixada, Centro Velho de Ribeir\u00e3o Preto, foi a leil\u00e3o pela terceira vez nesta ter\u00e7a-feira, 23 de janeiro. Ningu\u00e9m deu lances. Foi a terceira tentativa de leiloar o im\u00f3vel. As\u2026","rel":"","context":"In &quot;Not\u00edcias de Ribeir\u00e3o Preto-SP e Regi\u00e3o&quot;","block_context":{"text":"Not\u00edcias de Ribeir\u00e3o Preto-SP e Regi\u00e3o","link":"https:\/\/ismaelcolosi.com.br\/index.php\/category\/noticias-de-ribeirao-preto-sp-e-regiao-ismael-colosi\/"},"img":{"alt_text":"","src":"https:\/\/i0.wp.com\/ismaelcolosi.com.br\/wp-content\/uploads\/2024\/01\/hbrasil.jpg?fit=960%2C640&ssl=1&resize=350%2C200","width":350,"height":200,"srcset":"https:\/\/i0.wp.com\/ismaelcolosi.com.br\/wp-content\/uploads\/2024\/01\/hbrasil.jpg?fit=960%2C640&ssl=1&resize=350%2C200 1x, https:\/\/i0.wp.com\/ismaelcolosi.com.br\/wp-content\/uploads\/2024\/01\/hbrasil.jpg?fit=960%2C640&ssl=1&resize=525%2C300 1.5x, https:\/\/i0.wp.com\/ismaelcolosi.com.br\/wp-content\/uploads\/2024\/01\/hbrasil.jpg?fit=960%2C640&ssl=1&resize=700%2C400 2x"},"classes":[]},{"id":25340,"url":"https:\/\/ismaelcolosi.com.br\/index.php\/2024\/01\/06\/hotel-brasil-tera-novo-leilao\/","url_meta":{"origin":56785,"position":5},"title":"Hotel Brasil ter\u00e1 novo leil\u00e3o\u00a0\u00a0","author":"ismaelcolosi.com.br","date":"6 de January de 2024","format":false,"excerpt":"6 de janeiro de 2024 | 14:006 de janeiro de 2024 | 12:07 0O pr\u00e9dio do antigo Hotel Brasil, localizado na Avenida Jer\u00f4nimo Gon\u00e7alves esquina com a Rua General Os\u00f3rio, na regi\u00e3o central de Ribeir\u00e3o Preto, ir\u00e1 a leil\u00e3o pela terceira, no dia 23 de janeiro. Nas duas primeiras tentativas,\u2026","rel":"","context":"In &quot;Not\u00edcias de Ribeir\u00e3o Preto-SP e Regi\u00e3o&quot;","block_context":{"text":"Not\u00edcias de Ribeir\u00e3o Preto-SP e Regi\u00e3o","link":"https:\/\/ismaelcolosi.com.br\/index.php\/category\/noticias-de-ribeirao-preto-sp-e-regiao-ismael-colosi\/"},"img":{"alt_text":"","src":"https:\/\/i0.wp.com\/ismaelcolosi.com.br\/wp-content\/uploads\/2024\/01\/1-Hotel-Brasil.jpeg?fit=960%2C640&ssl=1&resize=350%2C200","width":350,"height":200,"srcset":"https:\/\/i0.wp.com\/ismaelcolosi.com.br\/wp-content\/uploads\/2024\/01\/1-Hotel-Brasil.jpeg?fit=960%2C640&ssl=1&resize=350%2C200 1x, https:\/\/i0.wp.com\/ismaelcolosi.com.br\/wp-content\/uploads\/2024\/01\/1-Hotel-Brasil.jpeg?fit=960%2C640&ssl=1&resize=525%2C300 1.5x, https:\/\/i0.wp.com\/ismaelcolosi.com.br\/wp-content\/uploads\/2024\/01\/1-Hotel-Brasil.jpeg?fit=960%2C640&ssl=1&resize=700%2C400 2x"},"classes":[]}],"jetpack_sharing_enabled":true,"jetpack_shortlink":"https:\/\/wp.me\/pfMlyK-eLT","_links":{"self":[{"href":"https:\/\/ismaelcolosi.com.br\/index.php\/wp-json\/wp\/v2\/posts\/56785","targetHints":{"allow":["GET"]}}],"collection":[{"href":"https:\/\/ismaelcolosi.com.br\/index.php\/wp-json\/wp\/v2\/posts"}],"about":[{"href":"https:\/\/ismaelcolosi.com.br\/index.php\/wp-json\/wp\/v2\/types\/post"}],"author":[{"embeddable":true,"href":"https:\/\/ismaelcolosi.com.br\/index.php\/wp-json\/wp\/v2\/users\/1"}],"replies":[{"embeddable":true,"href":"https:\/\/ismaelcolosi.com.br\/index.php\/wp-json\/wp\/v2\/comments?post=56785"}],"version-history":[{"count":0,"href":"https:\/\/ismaelcolosi.com.br\/index.php\/wp-json\/wp\/v2\/posts\/56785\/revisions"}],"wp:featuredmedia":[{"embeddable":true,"href":"https:\/\/ismaelcolosi.com.br\/index.php\/wp-json\/wp\/v2\/media\/56786"}],"wp:attachment":[{"href":"https:\/\/ismaelcolosi.com.br\/index.php\/wp-json\/wp\/v2\/media?parent=56785"}],"wp:term":[{"taxonomy":"category","embeddable":true,"href":"https:\/\/ismaelcolosi.com.br\/index.php\/wp-json\/wp\/v2\/categories?post=56785"},{"taxonomy":"post_tag","embeddable":true,"href":"https:\/\/ismaelcolosi.com.br\/index.php\/wp-json\/wp\/v2\/tags?post=56785"}],"curies":[{"name":"wp","href":"https:\/\/api.w.org\/{rel}","templated":true}]}}